{"id":782,"date":"2020-11-28T23:26:01","date_gmt":"2020-11-28T23:26:01","guid":{"rendered":"https:\/\/hotnewsinworld.com\/it\/recovery-fund-ipotesi-cabina-di-regia-governo-6-manager-e-task-force-300-persone\/"},"modified":"2020-11-28T23:26:02","modified_gmt":"2020-11-28T23:26:02","slug":"recovery-fund-ipotesi-cabina-di-regia-governo-6-manager-e-task-force-300-persone","status":"publish","type":"post","link":"https:\/\/hotnewsinworld.com\/it\/recovery-fund-ipotesi-cabina-di-regia-governo-6-manager-e-task-force-300-persone\/","title":{"rendered":"Recovery Fund, ipotesi cabina di regia governo\/ 6 manager e task force 300 persone"},"content":{"rendered":"<p>\t\t\t\t\t\t\t\t\t\tNuovo vertice di governo a Palazzo Chigi, stavolta per il Recovery Fund. Lo ha convocato il premier Giuseppe Conte per definire la struttura della governance che dovr\u00e0 gestire nei prossimi mesi i 209 miliardi in arrivo dall\u2019Unione europea attraverso il Piano di ripresa e resilienza che \u00e8 stato poi ribattezzato \u201cNext Generation Eu\u201d. Non mancano sullo sfondo tensioni politiche e voci di rimpasto nella formazione di governo. Alla riunione comunque sono presenti, secondo quanto riportato da Repubblica, i capi delegazione di maggioranza, quindi Alfonso Bonafede (M5S), Teresa Bellanova (IV), Roberto Speranza (Leu), Dario Franceschini (Pd). Con loro ci sono pure i ministri dell\u2019Economia Roberto Gualtieri (Pd) e degli Affari europei Enzo Amendola (Pd) con il sottosegretario alla presidenza del Consiglio Riccardo Fraccaro (M5S). L\u2019ipotesi pi\u00f9 accreditata, e anticipata dall\u2019Ansa, \u00e8 quella di una governance con struttura piramidale poggiata su due assi portanti, un organo politico e uno tecnico-esecutivo.<br \/>\nRECOVERY FUND, LA STRUTTURA DELLA GOVERNANCE<br \/>\nL\u2019organo politico dovrebbe ruotare attorno al Comitato interministeriale per gli affari europei (Ciae), che finora si \u00e8 occupato di definire i contorni del piano italiano. \u00c8 guidato dal ministro Enzo Amendola, che \u00e8 delegato ai rapporti con l\u2019Ue e dovr\u00e0 aggiornare la Commissione Ue sull\u2019andamento dei lavori, ma come figure di riferimento ci saranno anche il premier Giuseppe Conte e i ministri Roberto Gualtieri e Stefano Patuanelli. Invece l\u2019organo tecnico-esecutivo dovrebbe essere composto da 6 manager (anche se su questo numero non c\u2019\u00e8 ancora una quadra secondo il Fatto Quotidiano) responsabili degli obiettivi del Recovery Fund, con poteri sostitutivi rispetto ai soggetti attuatori e coadiuvati da una task force di 300 persone. Avranno cio\u00e8 poteri speciali anche perch\u00e9 dovranno rispondere dei tempi e della piena realizzazione dei cantieri. In questo modo, spiega il Fatto Quotidiano, si vuole evitare che la burocrazia rallenti i progetti. I manager si sostituiranno quindi ai soggetti attuatori \u2013 come enti, istituzioni e imprese \u2013 laddove necessario.<\/p>\n<p>\t\t\t\t\t\t\t\t\t\u00a9 RIPRODUZIONE RISERVATA\t<\/p>\n<p>\n<!--noindex--><br \/>\n<a href=\"https:\/\/www.ilsussidiario.net\/news\/recovery-fund-ipotesi-cabina-di-regia-governo-6-manager-e-task-force-300-persone\/2099242\/\" rel=\"nofollow\">Source link <\/a><br \/>\n<!--\/noindex--><\/p>\n","protected":false},"excerpt":{"rendered":"<p>Nuovo vertice di governo a Palazzo Chigi, stavolta per il Recovery Fund. Lo ha convocato il premier Giuseppe Conte per definire la struttura della governance che dovr\u00e0 gestire nei prossimi mesi i 209 miliardi in arrivo dall\u2019Unione europea attraverso il Piano di ripresa e resilienza che \u00e8 stato poi ribattezzato \u201cNext Generation Eu\u201d. Non mancano [&hellip;]<\/p>\n","protected":false},"author":3,"featured_media":471,"comment_status":"open","ping_status":"open","sticky":false,"template":"","format":"standard","meta":{"footnotes":""},"categories":[1],"tags":[],"class_list":["post-782","post","type-post","status-publish","format-standard","has-post-thumbnail","hentry","category-notizie-finanziarie"],"yoast_head":"<!-- This site is optimized with the Yoast SEO plugin v27.4 - https:\/\/yoast.com\/product\/yoast-seo-wordpress\/ -->\n<title>Recovery Fund, ipotesi cabina di regia governo\/ 6 manager e task force 300 persone - Hot News in World<\/title>\n<meta name=\"robots\" content=\"index, follow, max-snippet:-1, max-image-preview:large, max-video-preview:-1\" \/>\n<link rel=\"canonical\" href=\"https:\/\/hotnewsinworld.com\/it\/recovery-fund-ipotesi-cabina-di-regia-governo-6-manager-e-task-force-300-persone\/\" \/>\n<meta property=\"og:locale\" content=\"it_IT\" \/>\n<meta property=\"og:type\" content=\"article\" \/>\n<meta property=\"og:title\" content=\"Recovery Fund, ipotesi cabina di regia governo\/ 6 manager e task force 300 persone - Hot News in World\" \/>\n<meta property=\"og:description\" content=\"Nuovo vertice di governo a Palazzo Chigi, stavolta per il Recovery Fund. Lo ha convocato il premier Giuseppe Conte per definire la struttura della governance che dovr\u00e0 gestire nei prossimi mesi i 209 miliardi in arrivo dall\u2019Unione europea attraverso il Piano di ripresa e resilienza che \u00e8 stato poi ribattezzato \u201cNext Generation Eu\u201d. Non mancano [&hellip;]\" \/>\n<meta property=\"og:url\" content=\"https:\/\/hotnewsinworld.com\/it\/recovery-fund-ipotesi-cabina-di-regia-governo-6-manager-e-task-force-300-persone\/\" \/>\n<meta property=\"og:site_name\" content=\"Hot News in World\" \/>\n<meta property=\"article:published_time\" content=\"2020-11-28T23:26:01+00:00\" \/>\n<meta property=\"article:modified_time\" content=\"2020-11-28T23:26:02+00:00\" \/>\n<meta property=\"og:image\" content=\"https:\/\/hotnewsinworld.com\/it\/wp-content\/uploads\/sites\/9\/2020\/08\/RETE-UNICA-OK-GOVERNO-A-TIM-E-CDP-E-Tiscali.jpg\" \/>\n\t<meta property=\"og:image:width\" content=\"1280\" \/>\n\t<meta property=\"og:image:height\" content=\"600\" \/>\n\t<meta property=\"og:image:type\" content=\"image\/jpeg\" \/>\n<meta name=\"author\" content=\"it\" \/>\n<meta name=\"twitter:card\" content=\"summary_large_image\" \/>\n<meta name=\"twitter:label1\" content=\"Scritto da\" \/>\n\t<meta name=\"twitter:data1\" content=\"it\" \/>\n\t<meta name=\"twitter:label2\" content=\"Tempo di lettura stimato\" \/>\n\t<meta name=\"twitter:data2\" content=\"2 minuti\" \/>\n<script type=\"application\/ld+json\" class=\"yoast-schema-graph\">{\"@context\":\"https:\\\/\\\/schema.org\",\"@graph\":[{\"@type\":\"Article\",\"@id\":\"https:\\\/\\\/hotnewsinworld.com\\\/it\\\/recovery-fund-ipotesi-cabina-di-regia-governo-6-manager-e-task-force-300-persone\\\/#article\",\"isPartOf\":{\"@id\":\"https:\\\/\\\/hotnewsinworld.com\\\/it\\\/recovery-fund-ipotesi-cabina-di-regia-governo-6-manager-e-task-force-300-persone\\\/\"},\"author\":{\"name\":\"it\",\"@id\":\"https:\\\/\\\/hotnewsinworld.com\\\/it\\\/#\\\/schema\\\/person\\\/22e85bfc52fc934ba41a2446cdb5a6e2\"},\"headline\":\"Recovery Fund, ipotesi cabina di regia governo\\\/ 6 manager e task force 300 persone\",\"datePublished\":\"2020-11-28T23:26:01+00:00\",\"dateModified\":\"2020-11-28T23:26:02+00:00\",\"mainEntityOfPage\":{\"@id\":\"https:\\\/\\\/hotnewsinworld.com\\\/it\\\/recovery-fund-ipotesi-cabina-di-regia-governo-6-manager-e-task-force-300-persone\\\/\"},\"wordCount\":331,\"commentCount\":0,\"image\":{\"@id\":\"https:\\\/\\\/hotnewsinworld.com\\\/it\\\/recovery-fund-ipotesi-cabina-di-regia-governo-6-manager-e-task-force-300-persone\\\/#primaryimage\"},\"thumbnailUrl\":\"https:\\\/\\\/hotnewsinworld.com\\\/it\\\/wp-content\\\/uploads\\\/sites\\\/9\\\/2020\\\/08\\\/RETE-UNICA-OK-GOVERNO-A-TIM-E-CDP-E-Tiscali.jpg\",\"articleSection\":[\"NOTIZIE FINANZIARIE\"],\"inLanguage\":\"it-IT\",\"potentialAction\":[{\"@type\":\"CommentAction\",\"name\":\"Comment\",\"target\":[\"https:\\\/\\\/hotnewsinworld.com\\\/it\\\/recovery-fund-ipotesi-cabina-di-regia-governo-6-manager-e-task-force-300-persone\\\/#respond\"]}]},{\"@type\":\"WebPage\",\"@id\":\"https:\\\/\\\/hotnewsinworld.com\\\/it\\\/recovery-fund-ipotesi-cabina-di-regia-governo-6-manager-e-task-force-300-persone\\\/\",\"url\":\"https:\\\/\\\/hotnewsinworld.com\\\/it\\\/recovery-fund-ipotesi-cabina-di-regia-governo-6-manager-e-task-force-300-persone\\\/\",\"name\":\"Recovery Fund, ipotesi cabina di regia governo\\\/ 6 manager e task force 300 persone - Hot News in World\",\"isPartOf\":{\"@id\":\"https:\\\/\\\/hotnewsinworld.com\\\/it\\\/#website\"},\"primaryImageOfPage\":{\"@id\":\"https:\\\/\\\/hotnewsinworld.com\\\/it\\\/recovery-fund-ipotesi-cabina-di-regia-governo-6-manager-e-task-force-300-persone\\\/#primaryimage\"},\"image\":{\"@id\":\"https:\\\/\\\/hotnewsinworld.com\\\/it\\\/recovery-fund-ipotesi-cabina-di-regia-governo-6-manager-e-task-force-300-persone\\\/#primaryimage\"},\"thumbnailUrl\":\"https:\\\/\\\/hotnewsinworld.com\\\/it\\\/wp-content\\\/uploads\\\/sites\\\/9\\\/2020\\\/08\\\/RETE-UNICA-OK-GOVERNO-A-TIM-E-CDP-E-Tiscali.jpg\",\"datePublished\":\"2020-11-28T23:26:01+00:00\",\"dateModified\":\"2020-11-28T23:26:02+00:00\",\"author\":{\"@id\":\"https:\\\/\\\/hotnewsinworld.com\\\/it\\\/#\\\/schema\\\/person\\\/22e85bfc52fc934ba41a2446cdb5a6e2\"},\"breadcrumb\":{\"@id\":\"https:\\\/\\\/hotnewsinworld.com\\\/it\\\/recovery-fund-ipotesi-cabina-di-regia-governo-6-manager-e-task-force-300-persone\\\/#breadcrumb\"},\"inLanguage\":\"it-IT\",\"potentialAction\":[{\"@type\":\"ReadAction\",\"target\":[\"https:\\\/\\\/hotnewsinworld.com\\\/it\\\/recovery-fund-ipotesi-cabina-di-regia-governo-6-manager-e-task-force-300-persone\\\/\"]}]},{\"@type\":\"ImageObject\",\"inLanguage\":\"it-IT\",\"@id\":\"https:\\\/\\\/hotnewsinworld.com\\\/it\\\/recovery-fund-ipotesi-cabina-di-regia-governo-6-manager-e-task-force-300-persone\\\/#primaryimage\",\"url\":\"https:\\\/\\\/hotnewsinworld.com\\\/it\\\/wp-content\\\/uploads\\\/sites\\\/9\\\/2020\\\/08\\\/RETE-UNICA-OK-GOVERNO-A-TIM-E-CDP-E-Tiscali.jpg\",\"contentUrl\":\"https:\\\/\\\/hotnewsinworld.com\\\/it\\\/wp-content\\\/uploads\\\/sites\\\/9\\\/2020\\\/08\\\/RETE-UNICA-OK-GOVERNO-A-TIM-E-CDP-E-Tiscali.jpg\",\"width\":1280,\"height\":600,\"caption\":\"RETE UNICA, OK GOVERNO A TIM E CDP\\\/ E Tiscali firma accordo commerciale per FiberCop\"},{\"@type\":\"BreadcrumbList\",\"@id\":\"https:\\\/\\\/hotnewsinworld.com\\\/it\\\/recovery-fund-ipotesi-cabina-di-regia-governo-6-manager-e-task-force-300-persone\\\/#breadcrumb\",\"itemListElement\":[{\"@type\":\"ListItem\",\"position\":1,\"name\":\"Home\",\"item\":\"https:\\\/\\\/hotnewsinworld.com\\\/it\\\/\"},{\"@type\":\"ListItem\",\"position\":2,\"name\":\"Recovery Fund, ipotesi cabina di regia governo\\\/ 6 manager e task force 300 persone\"}]},{\"@type\":\"WebSite\",\"@id\":\"https:\\\/\\\/hotnewsinworld.com\\\/it\\\/#website\",\"url\":\"https:\\\/\\\/hotnewsinworld.com\\\/it\\\/\",\"name\":\"Hot News in World\",\"description\":\"Hot News in World from Italy\",\"potentialAction\":[{\"@type\":\"SearchAction\",\"target\":{\"@type\":\"EntryPoint\",\"urlTemplate\":\"https:\\\/\\\/hotnewsinworld.com\\\/it\\\/?s={search_term_string}\"},\"query-input\":{\"@type\":\"PropertyValueSpecification\",\"valueRequired\":true,\"valueName\":\"search_term_string\"}}],\"inLanguage\":\"it-IT\"},{\"@type\":\"Person\",\"@id\":\"https:\\\/\\\/hotnewsinworld.com\\\/it\\\/#\\\/schema\\\/person\\\/22e85bfc52fc934ba41a2446cdb5a6e2\",\"name\":\"it\",\"image\":{\"@type\":\"ImageObject\",\"inLanguage\":\"it-IT\",\"@id\":\"https:\\\/\\\/secure.gravatar.com\\\/avatar\\\/8231dc295c29b7354b98b34013cd815b15fea229e7f6a167cf90ebe12f9566e1?s=96&d=mm&r=g\",\"url\":\"https:\\\/\\\/secure.gravatar.com\\\/avatar\\\/8231dc295c29b7354b98b34013cd815b15fea229e7f6a167cf90ebe12f9566e1?s=96&d=mm&r=g\",\"contentUrl\":\"https:\\\/\\\/secure.gravatar.com\\\/avatar\\\/8231dc295c29b7354b98b34013cd815b15fea229e7f6a167cf90ebe12f9566e1?s=96&d=mm&r=g\",\"caption\":\"it\"},\"url\":\"https:\\\/\\\/hotnewsinworld.com\\\/it\\\/author\\\/it\\\/\"}]}<\/script>\n<!-- \/ Yoast SEO plugin. -->","yoast_head_json":{"title":"Recovery Fund, ipotesi cabina di regia governo\/ 6 manager e task force 300 persone - Hot News in World","robots":{"index":"index","follow":"follow","max-snippet":"max-snippet:-1","max-image-preview":"max-image-preview:large","max-video-preview":"max-video-preview:-1"},"canonical":"https:\/\/hotnewsinworld.com\/it\/recovery-fund-ipotesi-cabina-di-regia-governo-6-manager-e-task-force-300-persone\/","og_locale":"it_IT","og_type":"article","og_title":"Recovery Fund, ipotesi cabina di regia governo\/ 6 manager e task force 300 persone - Hot News in World","og_description":"Nuovo vertice di governo a Palazzo Chigi, stavolta per il Recovery Fund. Lo ha convocato il premier Giuseppe Conte per definire la struttura della governance che dovr\u00e0 gestire nei prossimi mesi i 209 miliardi in arrivo dall\u2019Unione europea attraverso il Piano di ripresa e resilienza che \u00e8 stato poi ribattezzato \u201cNext Generation Eu\u201d. Non mancano [&hellip;]","og_url":"https:\/\/hotnewsinworld.com\/it\/recovery-fund-ipotesi-cabina-di-regia-governo-6-manager-e-task-force-300-persone\/","og_site_name":"Hot News in World","article_published_time":"2020-11-28T23:26:01+00:00","article_modified_time":"2020-11-28T23:26:02+00:00","og_image":[{"width":1280,"height":600,"url":"https:\/\/hotnewsinworld.com\/it\/wp-content\/uploads\/sites\/9\/2020\/08\/RETE-UNICA-OK-GOVERNO-A-TIM-E-CDP-E-Tiscali.jpg","type":"image\/jpeg"}],"author":"it","twitter_card":"summary_large_image","twitter_misc":{"Scritto da":"it","Tempo di lettura stimato":"2 minuti"},"schema":{"@context":"https:\/\/schema.org","@graph":[{"@type":"Article","@id":"https:\/\/hotnewsinworld.com\/it\/recovery-fund-ipotesi-cabina-di-regia-governo-6-manager-e-task-force-300-persone\/#article","isPartOf":{"@id":"https:\/\/hotnewsinworld.com\/it\/recovery-fund-ipotesi-cabina-di-regia-governo-6-manager-e-task-force-300-persone\/"},"author":{"name":"it","@id":"https:\/\/hotnewsinworld.com\/it\/#\/schema\/person\/22e85bfc52fc934ba41a2446cdb5a6e2"},"headline":"Recovery Fund, ipotesi cabina di regia governo\/ 6 manager e task force 300 persone","datePublished":"2020-11-28T23:26:01+00:00","dateModified":"2020-11-28T23:26:02+00:00","mainEntityOfPage":{"@id":"https:\/\/hotnewsinworld.com\/it\/recovery-fund-ipotesi-cabina-di-regia-governo-6-manager-e-task-force-300-persone\/"},"wordCount":331,"commentCount":0,"image":{"@id":"https:\/\/hotnewsinworld.com\/it\/recovery-fund-ipotesi-cabina-di-regia-governo-6-manager-e-task-force-300-persone\/#primaryimage"},"thumbnailUrl":"https:\/\/hotnewsinworld.com\/it\/wp-content\/uploads\/sites\/9\/2020\/08\/RETE-UNICA-OK-GOVERNO-A-TIM-E-CDP-E-Tiscali.jpg","articleSection":["NOTIZIE FINANZIARIE"],"inLanguage":"it-IT","potentialAction":[{"@type":"CommentAction","name":"Comment","target":["https:\/\/hotnewsinworld.com\/it\/recovery-fund-ipotesi-cabina-di-regia-governo-6-manager-e-task-force-300-persone\/#respond"]}]},{"@type":"WebPage","@id":"https:\/\/hotnewsinworld.com\/it\/recovery-fund-ipotesi-cabina-di-regia-governo-6-manager-e-task-force-300-persone\/","url":"https:\/\/hotnewsinworld.com\/it\/recovery-fund-ipotesi-cabina-di-regia-governo-6-manager-e-task-force-300-persone\/","name":"Recovery Fund, ipotesi cabina di regia governo\/ 6 manager e task force 300 persone - Hot News in World","isPartOf":{"@id":"https:\/\/hotnewsinworld.com\/it\/#website"},"primaryImageOfPage":{"@id":"https:\/\/hotnewsinworld.com\/it\/recovery-fund-ipotesi-cabina-di-regia-governo-6-manager-e-task-force-300-persone\/#primaryimage"},"image":{"@id":"https:\/\/hotnewsinworld.com\/it\/recovery-fund-ipotesi-cabina-di-regia-governo-6-manager-e-task-force-300-persone\/#primaryimage"},"thumbnailUrl":"https:\/\/hotnewsinworld.com\/it\/wp-content\/uploads\/sites\/9\/2020\/08\/RETE-UNICA-OK-GOVERNO-A-TIM-E-CDP-E-Tiscali.jpg","datePublished":"2020-11-28T23:26:01+00:00","dateModified":"2020-11-28T23:26:02+00:00","author":{"@id":"https:\/\/hotnewsinworld.com\/it\/#\/schema\/person\/22e85bfc52fc934ba41a2446cdb5a6e2"},"breadcrumb":{"@id":"https:\/\/hotnewsinworld.com\/it\/recovery-fund-ipotesi-cabina-di-regia-governo-6-manager-e-task-force-300-persone\/#breadcrumb"},"inLanguage":"it-IT","potentialAction":[{"@type":"ReadAction","target":["https:\/\/hotnewsinworld.com\/it\/recovery-fund-ipotesi-cabina-di-regia-governo-6-manager-e-task-force-300-persone\/"]}]},{"@type":"ImageObject","inLanguage":"it-IT","@id":"https:\/\/hotnewsinworld.com\/it\/recovery-fund-ipotesi-cabina-di-regia-governo-6-manager-e-task-force-300-persone\/#primaryimage","url":"https:\/\/hotnewsinworld.com\/it\/wp-content\/uploads\/sites\/9\/2020\/08\/RETE-UNICA-OK-GOVERNO-A-TIM-E-CDP-E-Tiscali.jpg","contentUrl":"https:\/\/hotnewsinworld.com\/it\/wp-content\/uploads\/sites\/9\/2020\/08\/RETE-UNICA-OK-GOVERNO-A-TIM-E-CDP-E-Tiscali.jpg","width":1280,"height":600,"caption":"RETE UNICA, OK GOVERNO A TIM E CDP\/ E Tiscali firma accordo commerciale per FiberCop"},{"@type":"BreadcrumbList","@id":"https:\/\/hotnewsinworld.com\/it\/recovery-fund-ipotesi-cabina-di-regia-governo-6-manager-e-task-force-300-persone\/#breadcrumb","itemListElement":[{"@type":"ListItem","position":1,"name":"Home","item":"https:\/\/hotnewsinworld.com\/it\/"},{"@type":"ListItem","position":2,"name":"Recovery Fund, ipotesi cabina di regia governo\/ 6 manager e task force 300 persone"}]},{"@type":"WebSite","@id":"https:\/\/hotnewsinworld.com\/it\/#website","url":"https:\/\/hotnewsinworld.com\/it\/","name":"Hot News in World","description":"Hot News in World from Italy","potentialAction":[{"@type":"SearchAction","target":{"@type":"EntryPoint","urlTemplate":"https:\/\/hotnewsinworld.com\/it\/?s={search_term_string}"},"query-input":{"@type":"PropertyValueSpecification","valueRequired":true,"valueName":"search_term_string"}}],"inLanguage":"it-IT"},{"@type":"Person","@id":"https:\/\/hotnewsinworld.com\/it\/#\/schema\/person\/22e85bfc52fc934ba41a2446cdb5a6e2","name":"it","image":{"@type":"ImageObject","inLanguage":"it-IT","@id":"https:\/\/secure.gravatar.com\/avatar\/8231dc295c29b7354b98b34013cd815b15fea229e7f6a167cf90ebe12f9566e1?s=96&d=mm&r=g","url":"https:\/\/secure.gravatar.com\/avatar\/8231dc295c29b7354b98b34013cd815b15fea229e7f6a167cf90ebe12f9566e1?s=96&d=mm&r=g","contentUrl":"https:\/\/secure.gravatar.com\/avatar\/8231dc295c29b7354b98b34013cd815b15fea229e7f6a167cf90ebe12f9566e1?s=96&d=mm&r=g","caption":"it"},"url":"https:\/\/hotnewsinworld.com\/it\/author\/it\/"}]}},"_links":{"self":[{"href":"https:\/\/hotnewsinworld.com\/it\/wp-json\/wp\/v2\/posts\/782","targetHints":{"allow":["GET"]}}],"collection":[{"href":"https:\/\/hotnewsinworld.com\/it\/wp-json\/wp\/v2\/posts"}],"about":[{"href":"https:\/\/hotnewsinworld.com\/it\/wp-json\/wp\/v2\/types\/post"}],"author":[{"embeddable":true,"href":"https:\/\/hotnewsinworld.com\/it\/wp-json\/wp\/v2\/users\/3"}],"replies":[{"embeddable":true,"href":"https:\/\/hotnewsinworld.com\/it\/wp-json\/wp\/v2\/comments?post=782"}],"version-history":[{"count":1,"href":"https:\/\/hotnewsinworld.com\/it\/wp-json\/wp\/v2\/posts\/782\/revisions"}],"predecessor-version":[{"id":783,"href":"https:\/\/hotnewsinworld.com\/it\/wp-json\/wp\/v2\/posts\/782\/revisions\/783"}],"wp:featuredmedia":[{"embeddable":true,"href":"https:\/\/hotnewsinworld.com\/it\/wp-json\/wp\/v2\/media\/471"}],"wp:attachment":[{"href":"https:\/\/hotnewsinworld.com\/it\/wp-json\/wp\/v2\/media?parent=782"}],"wp:term":[{"taxonomy":"category","embeddable":true,"href":"https:\/\/hotnewsinworld.com\/it\/wp-json\/wp\/v2\/categories?post=782"},{"taxonomy":"post_tag","embeddable":true,"href":"https:\/\/hotnewsinworld.com\/it\/wp-json\/wp\/v2\/tags?post=782"}],"curies":[{"name":"wp","href":"https:\/\/api.w.org\/{rel}","templated":true}]}}