{"id":802,"date":"2020-12-01T01:48:23","date_gmt":"2020-12-01T01:48:23","guid":{"rendered":"https:\/\/hotnewsinworld.com\/it\/festival-dsc-la-globalizzazione-e-un-male-o-un-bene-a-seconda-del-cuore-delluomo\/"},"modified":"2020-12-01T01:48:25","modified_gmt":"2020-12-01T01:48:25","slug":"festival-dsc-la-globalizzazione-e-un-male-o-un-bene-a-seconda-del-cuore-delluomo","status":"publish","type":"post","link":"https:\/\/hotnewsinworld.com\/it\/festival-dsc-la-globalizzazione-e-un-male-o-un-bene-a-seconda-del-cuore-delluomo\/","title":{"rendered":"FESTIVAL DSC\/ &#8220;La globalizzazione \u00e8 un male o un bene a seconda del cuore dell&#8217;uomo&#8221;"},"content":{"rendered":"<p>\t\t\t\t\t\t\t\t\t\t\u201cLa globalizzazione non \u00e8 in s\u00e9 n\u00e9 un bene n\u00e9 un male: pu\u00f2 essere l\u2019uno o l\u2019altro, dipende dal cuore con cui gli uomini la concepiscono e la realizzano. La globalizzazione dei ricchi egoisti, preoccupati solo di arricchirsi a spese di altri ricchi, lasciando i poveri per ultimi certamente non rientra nello sguardo della dottrina sociale della Chiesa\u201d. Non ha rinunciato a forti richiamo d\u2019attualit\u00e0, monsignor Nunzio Galantino, presidente dell\u2019Amministrazione del Patrimonio della Santa Sede, intervenendo a Verona all\u2019ultima giornata del\u00a0Festival della Dottrina Sociale della Chiesa. N\u00e9 ha mancato, il vescovo gi\u00e0 segretario generale della Cei, di ricordare monsignor Adriano Vincenzi: ideatore e anima storica della manifestazione, cos\u00ec come Cattolica d\u2019Assicurazioni ne \u00e8 stata patrocinatrice in tutte le dieci edizioni. Anche in quella 2020 che ha vinto la sfida del lockdown rilanciandosi come evento di rete in 24 citt\u00e0 italiane. \u201cL\u2019essere Chiesa esige presenza, partecipazione, scambio di parole e gesti: quando questi non ci sono qualcosa indubbiamente manca. Con la pandemia c\u2019\u00e8 tuttavia oggi la necessit\u00e0 di privarsi di qualcosa per un bene maggiore. E poi molti, in questi mesi, sono stati stimolati a cercare modi nuovi per essere vicini\u201d.<br \/>\nIn una lunga conversazione con il direttore del Corriere del Veneto, Alessandro Russello, Galantino no ha eluso le dimensioni del confronto \u2013 talora ruvido \u2013 tra il cattolicesimo e il potere politico. \u201cLo dico amaramente, non mi pare che gli ultimi governi abbiano mostrato reale attenzione alle linee ispiratrici della dottrina sociale della Chiesa\u201d, ha osservato il vescovo, gi\u00e0 segretario generale della Cei. \u201cSe ultimi e bisognosi fossero stati davvero al centro di progetti politici, la societ\u00e0 italiana non si troverebbe in questa situazione\u201d. Se Galantino \u00e8 stato fermo sul primo impegno della Chiesa \u00e8 di essere \u201csussidiaria\u201d a chi \u00e8 pi\u00f9 fragile, \u00e8 stato tuttavia netto nell\u2019affermare che \u201cla decrescita normalmente non piace a nessuno\u201d. I cattolici devono avere lo stesso coraggio testimoniati da Papa Francesco nel battersi sempre per una pi\u00f9 equa ripartizione delle risorse e dei prodotti, con un\u2019attenzione reale per il rispetto del creato: \u201cL\u2019ambientalismo non pu\u00f2 vivere solo di eventi\u201d, ha detto. Nel campo dell\u2019economia sostenibile, la dottrina sociale della Chiesa si propone invece come stimolo fondamentale a una nuova coscienza critica; naturalmente radicata nella testimonianza della fede cristiana: \u00e8 solo quando scopro nell\u2019altro il prossimo cristiano che la motivazione alla solidariet\u00e0 diventa chiara e facile.<br \/>\n\ufeff\ufeff\ufeff<\/p>\n<p>\t\t\t\t\t\t\t\t\t\u00a9 RIPRODUZIONE RISERVATA\t<\/p>\n<p>\n<!--noindex--><br \/>\n<a href=\"https:\/\/www.ilsussidiario.net\/news\/festival-dsc-la-globalizzazione-e-un-male-o-un-bene-a-seconda-del-cuore-delluomo\/2099469\/\" rel=\"nofollow\">Source link <\/a><br \/>\n<!--\/noindex--><\/p>\n","protected":false},"excerpt":{"rendered":"<p>\u201cLa globalizzazione non \u00e8 in s\u00e9 n\u00e9 un bene n\u00e9 un male: pu\u00f2 essere l\u2019uno o l\u2019altro, dipende dal cuore con cui gli uomini la concepiscono e la realizzano. La globalizzazione dei ricchi egoisti, preoccupati solo di arricchirsi a spese di altri ricchi, lasciando i poveri per ultimi certamente non rientra nello sguardo della dottrina [&hellip;]<\/p>\n","protected":false},"author":3,"featured_media":803,"comment_status":"open","ping_status":"open","sticky":false,"template":"","format":"standard","meta":{"footnotes":""},"categories":[1],"tags":[],"class_list":["post-802","post","type-post","status-publish","format-standard","has-post-thumbnail","hentry","category-notizie-finanziarie"],"yoast_head":"<!-- This site is optimized with the Yoast SEO plugin v27.4 - https:\/\/yoast.com\/product\/yoast-seo-wordpress\/ -->\n<title>FESTIVAL DSC\/ &quot;La globalizzazione \u00e8 un male o un bene a seconda del cuore dell&#039;uomo&quot; - Hot News in World<\/title>\n<meta name=\"robots\" content=\"index, follow, max-snippet:-1, max-image-preview:large, max-video-preview:-1\" \/>\n<link rel=\"canonical\" href=\"https:\/\/hotnewsinworld.com\/it\/festival-dsc-la-globalizzazione-e-un-male-o-un-bene-a-seconda-del-cuore-delluomo\/\" \/>\n<meta property=\"og:locale\" content=\"it_IT\" \/>\n<meta property=\"og:type\" content=\"article\" \/>\n<meta property=\"og:title\" content=\"FESTIVAL DSC\/ &quot;La globalizzazione \u00e8 un male o un bene a seconda del cuore dell&#039;uomo&quot; - Hot News in World\" \/>\n<meta property=\"og:description\" content=\"\u201cLa globalizzazione non \u00e8 in s\u00e9 n\u00e9 un bene n\u00e9 un male: pu\u00f2 essere l\u2019uno o l\u2019altro, dipende dal cuore con cui gli uomini la concepiscono e la realizzano. La globalizzazione dei ricchi egoisti, preoccupati solo di arricchirsi a spese di altri ricchi, lasciando i poveri per ultimi certamente non rientra nello sguardo della dottrina [&hellip;]\" \/>\n<meta property=\"og:url\" content=\"https:\/\/hotnewsinworld.com\/it\/festival-dsc-la-globalizzazione-e-un-male-o-un-bene-a-seconda-del-cuore-delluomo\/\" \/>\n<meta property=\"og:site_name\" content=\"Hot News in World\" \/>\n<meta property=\"article:published_time\" content=\"2020-12-01T01:48:23+00:00\" \/>\n<meta property=\"article:modified_time\" content=\"2020-12-01T01:48:25+00:00\" \/>\n<meta property=\"og:image\" content=\"https:\/\/hotnewsinworld.com\/it\/wp-content\/uploads\/sites\/9\/2020\/12\/FESTIVAL-DSC-La-globalizzazione-e-un-male-o-un-bene.jpg\" \/>\n\t<meta property=\"og:image:width\" content=\"1280\" \/>\n\t<meta property=\"og:image:height\" content=\"600\" \/>\n\t<meta property=\"og:image:type\" content=\"image\/jpeg\" \/>\n<meta name=\"author\" content=\"it\" \/>\n<meta name=\"twitter:card\" content=\"summary_large_image\" \/>\n<meta name=\"twitter:label1\" content=\"Scritto da\" \/>\n\t<meta name=\"twitter:data1\" content=\"it\" \/>\n\t<meta name=\"twitter:label2\" content=\"Tempo di lettura stimato\" \/>\n\t<meta name=\"twitter:data2\" content=\"2 minuti\" \/>\n<script type=\"application\/ld+json\" class=\"yoast-schema-graph\">{\"@context\":\"https:\\\/\\\/schema.org\",\"@graph\":[{\"@type\":\"Article\",\"@id\":\"https:\\\/\\\/hotnewsinworld.com\\\/it\\\/festival-dsc-la-globalizzazione-e-un-male-o-un-bene-a-seconda-del-cuore-delluomo\\\/#article\",\"isPartOf\":{\"@id\":\"https:\\\/\\\/hotnewsinworld.com\\\/it\\\/festival-dsc-la-globalizzazione-e-un-male-o-un-bene-a-seconda-del-cuore-delluomo\\\/\"},\"author\":{\"name\":\"it\",\"@id\":\"https:\\\/\\\/hotnewsinworld.com\\\/it\\\/#\\\/schema\\\/person\\\/22e85bfc52fc934ba41a2446cdb5a6e2\"},\"headline\":\"FESTIVAL DSC\\\/ &#8220;La globalizzazione \u00e8 un male o un bene a seconda del cuore dell&#8217;uomo&#8221;\",\"datePublished\":\"2020-12-01T01:48:23+00:00\",\"dateModified\":\"2020-12-01T01:48:25+00:00\",\"mainEntityOfPage\":{\"@id\":\"https:\\\/\\\/hotnewsinworld.com\\\/it\\\/festival-dsc-la-globalizzazione-e-un-male-o-un-bene-a-seconda-del-cuore-delluomo\\\/\"},\"wordCount\":412,\"commentCount\":0,\"image\":{\"@id\":\"https:\\\/\\\/hotnewsinworld.com\\\/it\\\/festival-dsc-la-globalizzazione-e-un-male-o-un-bene-a-seconda-del-cuore-delluomo\\\/#primaryimage\"},\"thumbnailUrl\":\"https:\\\/\\\/hotnewsinworld.com\\\/it\\\/wp-content\\\/uploads\\\/sites\\\/9\\\/2020\\\/12\\\/FESTIVAL-DSC-La-globalizzazione-e-un-male-o-un-bene.jpg\",\"articleSection\":[\"NOTIZIE FINANZIARIE\"],\"inLanguage\":\"it-IT\",\"potentialAction\":[{\"@type\":\"CommentAction\",\"name\":\"Comment\",\"target\":[\"https:\\\/\\\/hotnewsinworld.com\\\/it\\\/festival-dsc-la-globalizzazione-e-un-male-o-un-bene-a-seconda-del-cuore-delluomo\\\/#respond\"]}]},{\"@type\":\"WebPage\",\"@id\":\"https:\\\/\\\/hotnewsinworld.com\\\/it\\\/festival-dsc-la-globalizzazione-e-un-male-o-un-bene-a-seconda-del-cuore-delluomo\\\/\",\"url\":\"https:\\\/\\\/hotnewsinworld.com\\\/it\\\/festival-dsc-la-globalizzazione-e-un-male-o-un-bene-a-seconda-del-cuore-delluomo\\\/\",\"name\":\"FESTIVAL DSC\\\/ \\\"La globalizzazione \u00e8 un male o un bene a seconda del cuore dell'uomo\\\" - Hot News in World\",\"isPartOf\":{\"@id\":\"https:\\\/\\\/hotnewsinworld.com\\\/it\\\/#website\"},\"primaryImageOfPage\":{\"@id\":\"https:\\\/\\\/hotnewsinworld.com\\\/it\\\/festival-dsc-la-globalizzazione-e-un-male-o-un-bene-a-seconda-del-cuore-delluomo\\\/#primaryimage\"},\"image\":{\"@id\":\"https:\\\/\\\/hotnewsinworld.com\\\/it\\\/festival-dsc-la-globalizzazione-e-un-male-o-un-bene-a-seconda-del-cuore-delluomo\\\/#primaryimage\"},\"thumbnailUrl\":\"https:\\\/\\\/hotnewsinworld.com\\\/it\\\/wp-content\\\/uploads\\\/sites\\\/9\\\/2020\\\/12\\\/FESTIVAL-DSC-La-globalizzazione-e-un-male-o-un-bene.jpg\",\"datePublished\":\"2020-12-01T01:48:23+00:00\",\"dateModified\":\"2020-12-01T01:48:25+00:00\",\"author\":{\"@id\":\"https:\\\/\\\/hotnewsinworld.com\\\/it\\\/#\\\/schema\\\/person\\\/22e85bfc52fc934ba41a2446cdb5a6e2\"},\"breadcrumb\":{\"@id\":\"https:\\\/\\\/hotnewsinworld.com\\\/it\\\/festival-dsc-la-globalizzazione-e-un-male-o-un-bene-a-seconda-del-cuore-delluomo\\\/#breadcrumb\"},\"inLanguage\":\"it-IT\",\"potentialAction\":[{\"@type\":\"ReadAction\",\"target\":[\"https:\\\/\\\/hotnewsinworld.com\\\/it\\\/festival-dsc-la-globalizzazione-e-un-male-o-un-bene-a-seconda-del-cuore-delluomo\\\/\"]}]},{\"@type\":\"ImageObject\",\"inLanguage\":\"it-IT\",\"@id\":\"https:\\\/\\\/hotnewsinworld.com\\\/it\\\/festival-dsc-la-globalizzazione-e-un-male-o-un-bene-a-seconda-del-cuore-delluomo\\\/#primaryimage\",\"url\":\"https:\\\/\\\/hotnewsinworld.com\\\/it\\\/wp-content\\\/uploads\\\/sites\\\/9\\\/2020\\\/12\\\/FESTIVAL-DSC-La-globalizzazione-e-un-male-o-un-bene.jpg\",\"contentUrl\":\"https:\\\/\\\/hotnewsinworld.com\\\/it\\\/wp-content\\\/uploads\\\/sites\\\/9\\\/2020\\\/12\\\/FESTIVAL-DSC-La-globalizzazione-e-un-male-o-un-bene.jpg\",\"width\":1280,\"height\":600,\"caption\":\"FESTIVAL DSC\\\/ \\\"La globalizzazione \u00e8 un male o un bene a seconda del cuore dell'uomo\\\"\"},{\"@type\":\"BreadcrumbList\",\"@id\":\"https:\\\/\\\/hotnewsinworld.com\\\/it\\\/festival-dsc-la-globalizzazione-e-un-male-o-un-bene-a-seconda-del-cuore-delluomo\\\/#breadcrumb\",\"itemListElement\":[{\"@type\":\"ListItem\",\"position\":1,\"name\":\"Home\",\"item\":\"https:\\\/\\\/hotnewsinworld.com\\\/it\\\/\"},{\"@type\":\"ListItem\",\"position\":2,\"name\":\"FESTIVAL DSC\\\/ &#8220;La globalizzazione \u00e8 un male o un bene a seconda del cuore dell&#8217;uomo&#8221;\"}]},{\"@type\":\"WebSite\",\"@id\":\"https:\\\/\\\/hotnewsinworld.com\\\/it\\\/#website\",\"url\":\"https:\\\/\\\/hotnewsinworld.com\\\/it\\\/\",\"name\":\"Hot News in World\",\"description\":\"Hot News in World from Italy\",\"potentialAction\":[{\"@type\":\"SearchAction\",\"target\":{\"@type\":\"EntryPoint\",\"urlTemplate\":\"https:\\\/\\\/hotnewsinworld.com\\\/it\\\/?s={search_term_string}\"},\"query-input\":{\"@type\":\"PropertyValueSpecification\",\"valueRequired\":true,\"valueName\":\"search_term_string\"}}],\"inLanguage\":\"it-IT\"},{\"@type\":\"Person\",\"@id\":\"https:\\\/\\\/hotnewsinworld.com\\\/it\\\/#\\\/schema\\\/person\\\/22e85bfc52fc934ba41a2446cdb5a6e2\",\"name\":\"it\",\"image\":{\"@type\":\"ImageObject\",\"inLanguage\":\"it-IT\",\"@id\":\"https:\\\/\\\/secure.gravatar.com\\\/avatar\\\/8231dc295c29b7354b98b34013cd815b15fea229e7f6a167cf90ebe12f9566e1?s=96&d=mm&r=g\",\"url\":\"https:\\\/\\\/secure.gravatar.com\\\/avatar\\\/8231dc295c29b7354b98b34013cd815b15fea229e7f6a167cf90ebe12f9566e1?s=96&d=mm&r=g\",\"contentUrl\":\"https:\\\/\\\/secure.gravatar.com\\\/avatar\\\/8231dc295c29b7354b98b34013cd815b15fea229e7f6a167cf90ebe12f9566e1?s=96&d=mm&r=g\",\"caption\":\"it\"},\"url\":\"https:\\\/\\\/hotnewsinworld.com\\\/it\\\/author\\\/it\\\/\"}]}<\/script>\n<!-- \/ Yoast SEO plugin. -->","yoast_head_json":{"title":"FESTIVAL DSC\/ \"La globalizzazione \u00e8 un male o un bene a seconda del cuore dell'uomo\" - Hot News in World","robots":{"index":"index","follow":"follow","max-snippet":"max-snippet:-1","max-image-preview":"max-image-preview:large","max-video-preview":"max-video-preview:-1"},"canonical":"https:\/\/hotnewsinworld.com\/it\/festival-dsc-la-globalizzazione-e-un-male-o-un-bene-a-seconda-del-cuore-delluomo\/","og_locale":"it_IT","og_type":"article","og_title":"FESTIVAL DSC\/ \"La globalizzazione \u00e8 un male o un bene a seconda del cuore dell'uomo\" - Hot News in World","og_description":"\u201cLa globalizzazione non \u00e8 in s\u00e9 n\u00e9 un bene n\u00e9 un male: pu\u00f2 essere l\u2019uno o l\u2019altro, dipende dal cuore con cui gli uomini la concepiscono e la realizzano. La globalizzazione dei ricchi egoisti, preoccupati solo di arricchirsi a spese di altri ricchi, lasciando i poveri per ultimi certamente non rientra nello sguardo della dottrina [&hellip;]","og_url":"https:\/\/hotnewsinworld.com\/it\/festival-dsc-la-globalizzazione-e-un-male-o-un-bene-a-seconda-del-cuore-delluomo\/","og_site_name":"Hot News in World","article_published_time":"2020-12-01T01:48:23+00:00","article_modified_time":"2020-12-01T01:48:25+00:00","og_image":[{"width":1280,"height":600,"url":"https:\/\/hotnewsinworld.com\/it\/wp-content\/uploads\/sites\/9\/2020\/12\/FESTIVAL-DSC-La-globalizzazione-e-un-male-o-un-bene.jpg","type":"image\/jpeg"}],"author":"it","twitter_card":"summary_large_image","twitter_misc":{"Scritto da":"it","Tempo di lettura stimato":"2 minuti"},"schema":{"@context":"https:\/\/schema.org","@graph":[{"@type":"Article","@id":"https:\/\/hotnewsinworld.com\/it\/festival-dsc-la-globalizzazione-e-un-male-o-un-bene-a-seconda-del-cuore-delluomo\/#article","isPartOf":{"@id":"https:\/\/hotnewsinworld.com\/it\/festival-dsc-la-globalizzazione-e-un-male-o-un-bene-a-seconda-del-cuore-delluomo\/"},"author":{"name":"it","@id":"https:\/\/hotnewsinworld.com\/it\/#\/schema\/person\/22e85bfc52fc934ba41a2446cdb5a6e2"},"headline":"FESTIVAL DSC\/ &#8220;La globalizzazione \u00e8 un male o un bene a seconda del cuore dell&#8217;uomo&#8221;","datePublished":"2020-12-01T01:48:23+00:00","dateModified":"2020-12-01T01:48:25+00:00","mainEntityOfPage":{"@id":"https:\/\/hotnewsinworld.com\/it\/festival-dsc-la-globalizzazione-e-un-male-o-un-bene-a-seconda-del-cuore-delluomo\/"},"wordCount":412,"commentCount":0,"image":{"@id":"https:\/\/hotnewsinworld.com\/it\/festival-dsc-la-globalizzazione-e-un-male-o-un-bene-a-seconda-del-cuore-delluomo\/#primaryimage"},"thumbnailUrl":"https:\/\/hotnewsinworld.com\/it\/wp-content\/uploads\/sites\/9\/2020\/12\/FESTIVAL-DSC-La-globalizzazione-e-un-male-o-un-bene.jpg","articleSection":["NOTIZIE FINANZIARIE"],"inLanguage":"it-IT","potentialAction":[{"@type":"CommentAction","name":"Comment","target":["https:\/\/hotnewsinworld.com\/it\/festival-dsc-la-globalizzazione-e-un-male-o-un-bene-a-seconda-del-cuore-delluomo\/#respond"]}]},{"@type":"WebPage","@id":"https:\/\/hotnewsinworld.com\/it\/festival-dsc-la-globalizzazione-e-un-male-o-un-bene-a-seconda-del-cuore-delluomo\/","url":"https:\/\/hotnewsinworld.com\/it\/festival-dsc-la-globalizzazione-e-un-male-o-un-bene-a-seconda-del-cuore-delluomo\/","name":"FESTIVAL DSC\/ \"La globalizzazione \u00e8 un male o un bene a seconda del cuore dell'uomo\" - Hot News in World","isPartOf":{"@id":"https:\/\/hotnewsinworld.com\/it\/#website"},"primaryImageOfPage":{"@id":"https:\/\/hotnewsinworld.com\/it\/festival-dsc-la-globalizzazione-e-un-male-o-un-bene-a-seconda-del-cuore-delluomo\/#primaryimage"},"image":{"@id":"https:\/\/hotnewsinworld.com\/it\/festival-dsc-la-globalizzazione-e-un-male-o-un-bene-a-seconda-del-cuore-delluomo\/#primaryimage"},"thumbnailUrl":"https:\/\/hotnewsinworld.com\/it\/wp-content\/uploads\/sites\/9\/2020\/12\/FESTIVAL-DSC-La-globalizzazione-e-un-male-o-un-bene.jpg","datePublished":"2020-12-01T01:48:23+00:00","dateModified":"2020-12-01T01:48:25+00:00","author":{"@id":"https:\/\/hotnewsinworld.com\/it\/#\/schema\/person\/22e85bfc52fc934ba41a2446cdb5a6e2"},"breadcrumb":{"@id":"https:\/\/hotnewsinworld.com\/it\/festival-dsc-la-globalizzazione-e-un-male-o-un-bene-a-seconda-del-cuore-delluomo\/#breadcrumb"},"inLanguage":"it-IT","potentialAction":[{"@type":"ReadAction","target":["https:\/\/hotnewsinworld.com\/it\/festival-dsc-la-globalizzazione-e-un-male-o-un-bene-a-seconda-del-cuore-delluomo\/"]}]},{"@type":"ImageObject","inLanguage":"it-IT","@id":"https:\/\/hotnewsinworld.com\/it\/festival-dsc-la-globalizzazione-e-un-male-o-un-bene-a-seconda-del-cuore-delluomo\/#primaryimage","url":"https:\/\/hotnewsinworld.com\/it\/wp-content\/uploads\/sites\/9\/2020\/12\/FESTIVAL-DSC-La-globalizzazione-e-un-male-o-un-bene.jpg","contentUrl":"https:\/\/hotnewsinworld.com\/it\/wp-content\/uploads\/sites\/9\/2020\/12\/FESTIVAL-DSC-La-globalizzazione-e-un-male-o-un-bene.jpg","width":1280,"height":600,"caption":"FESTIVAL DSC\/ \"La globalizzazione \u00e8 un male o un bene a seconda del cuore dell'uomo\""},{"@type":"BreadcrumbList","@id":"https:\/\/hotnewsinworld.com\/it\/festival-dsc-la-globalizzazione-e-un-male-o-un-bene-a-seconda-del-cuore-delluomo\/#breadcrumb","itemListElement":[{"@type":"ListItem","position":1,"name":"Home","item":"https:\/\/hotnewsinworld.com\/it\/"},{"@type":"ListItem","position":2,"name":"FESTIVAL DSC\/ &#8220;La globalizzazione \u00e8 un male o un bene a seconda del cuore dell&#8217;uomo&#8221;"}]},{"@type":"WebSite","@id":"https:\/\/hotnewsinworld.com\/it\/#website","url":"https:\/\/hotnewsinworld.com\/it\/","name":"Hot News in World","description":"Hot News in World from Italy","potentialAction":[{"@type":"SearchAction","target":{"@type":"EntryPoint","urlTemplate":"https:\/\/hotnewsinworld.com\/it\/?s={search_term_string}"},"query-input":{"@type":"PropertyValueSpecification","valueRequired":true,"valueName":"search_term_string"}}],"inLanguage":"it-IT"},{"@type":"Person","@id":"https:\/\/hotnewsinworld.com\/it\/#\/schema\/person\/22e85bfc52fc934ba41a2446cdb5a6e2","name":"it","image":{"@type":"ImageObject","inLanguage":"it-IT","@id":"https:\/\/secure.gravatar.com\/avatar\/8231dc295c29b7354b98b34013cd815b15fea229e7f6a167cf90ebe12f9566e1?s=96&d=mm&r=g","url":"https:\/\/secure.gravatar.com\/avatar\/8231dc295c29b7354b98b34013cd815b15fea229e7f6a167cf90ebe12f9566e1?s=96&d=mm&r=g","contentUrl":"https:\/\/secure.gravatar.com\/avatar\/8231dc295c29b7354b98b34013cd815b15fea229e7f6a167cf90ebe12f9566e1?s=96&d=mm&r=g","caption":"it"},"url":"https:\/\/hotnewsinworld.com\/it\/author\/it\/"}]}},"_links":{"self":[{"href":"https:\/\/hotnewsinworld.com\/it\/wp-json\/wp\/v2\/posts\/802","targetHints":{"allow":["GET"]}}],"collection":[{"href":"https:\/\/hotnewsinworld.com\/it\/wp-json\/wp\/v2\/posts"}],"about":[{"href":"https:\/\/hotnewsinworld.com\/it\/wp-json\/wp\/v2\/types\/post"}],"author":[{"embeddable":true,"href":"https:\/\/hotnewsinworld.com\/it\/wp-json\/wp\/v2\/users\/3"}],"replies":[{"embeddable":true,"href":"https:\/\/hotnewsinworld.com\/it\/wp-json\/wp\/v2\/comments?post=802"}],"version-history":[{"count":1,"href":"https:\/\/hotnewsinworld.com\/it\/wp-json\/wp\/v2\/posts\/802\/revisions"}],"predecessor-version":[{"id":804,"href":"https:\/\/hotnewsinworld.com\/it\/wp-json\/wp\/v2\/posts\/802\/revisions\/804"}],"wp:featuredmedia":[{"embeddable":true,"href":"https:\/\/hotnewsinworld.com\/it\/wp-json\/wp\/v2\/media\/803"}],"wp:attachment":[{"href":"https:\/\/hotnewsinworld.com\/it\/wp-json\/wp\/v2\/media?parent=802"}],"wp:term":[{"taxonomy":"category","embeddable":true,"href":"https:\/\/hotnewsinworld.com\/it\/wp-json\/wp\/v2\/categories?post=802"},{"taxonomy":"post_tag","embeddable":true,"href":"https:\/\/hotnewsinworld.com\/it\/wp-json\/wp\/v2\/tags?post=802"}],"curies":[{"name":"wp","href":"https:\/\/api.w.org\/{rel}","templated":true}]}}