{"id":878,"date":"2020-12-09T23:06:56","date_gmt":"2020-12-09T23:06:56","guid":{"rendered":"https:\/\/hotnewsinworld.com\/it\/i-pieni-poteri-di-conte-domani-recovery-e-fondi-per-il-sud-tutto-con-un-dpcm\/"},"modified":"2020-12-09T23:06:59","modified_gmt":"2020-12-09T23:06:59","slug":"i-pieni-poteri-di-conte-domani-recovery-e-fondi-per-il-sud-tutto-con-un-dpcm","status":"publish","type":"post","link":"https:\/\/hotnewsinworld.com\/it\/i-pieni-poteri-di-conte-domani-recovery-e-fondi-per-il-sud-tutto-con-un-dpcm\/","title":{"rendered":"I pieni poteri di Conte\/ \u2018Domani\u2019: \u201cRecovery e fondi per il Sud, tutto con un Dpcm\u201d"},"content":{"rendered":"<p>\t\t\t\t\t\t\t\t\t\tCon un Dpcm si pu\u00f2 governare un Paese per un anno (almeno), destinare i fondi del Recovery Plan ad una struttura \u201cparallela\u201d al Governo (sempre che il CdM stasera glielo consenta) ma si pu\u00f2 fare anche molto di pi\u00f9: \u00e8 questo il senso della \u201cdenuncia\u201d fatta oggi in prima pagina dal direttore del \u201cDomani\u201d Stefano Feltri contro il Presidente del Consiglio Giuseppe Conte. Il rinvio dei Consiglio dei Ministri ieri ha visto lo scontro fortissimo tra Renzi e Conte, con il primo che ha accusato il senso di volersi prendere \u201cpieni poteri\u201d impostando una task force al Recovery Plan che dipenda direttamente da Palazzo Chigi e che non prenda in considerazione la collaborazione con i Ministri del Governo: ecco, nella bozza del Dpcm che Conte aveva portato in Cdm emergeva un piano molto pi\u00f9 ampio del \u201csemplice\u201d Recovery Fund, come sottolinea Feltri \u00abCon l\u2019occasione del piano Next Generation Eu, il premier prova a spostare a palazzo Chigi l\u2019intera politica economica, inclusi i 50 miliardi dei fondi di coesione il cui utilizzo diventerebbe soggetto all\u2019approvazione dei supermanger\u00bb.<br \/>\nI FONDI IN MANO AL PREMIER CONTE<br \/>\nEntrando nel dettaglio del piano-Conte, al comma 12 del primo articolo del decreto sul Recovery Plan il quotidiano \u201cDomani\u201d riporta lo stralcio tecnico, \u00abla programmazione della politica di coesione europea e nazionale deve essere fatta in coerenza con le missioni del Piano Nazionale di ripresa e resilienza e gli interventi si attuano soltanto previa approvazione del Ciae\u00bb, ovvero il Comitato Interministeriale per gli Affari Europei. In sostanza, chiarisce ancora Stefano Feltri, Conte nel prossimo bilancio europeo 2021-2027 intende gestire integralmente le risorse europee sui fondi per la coesione del Sud: niente Ciae, ma sar\u00e0 il Comitato Esecutivo (il \u201cmini-Governo\u201d) di Conte a gestire ogni elemento collegato anche tangenzialmente al Recovery Fund, il tutto sempre con azioni determinate da Dpcm. Secondo Feltri, \u00abtutta la politica economica si sta spostando a Palazzo Chigi in nome del Recovery Fund ma senza usare le strutture della Presidenza del Consiglio bens\u00ec quelle del governo parallelo e personale delineato da Conte\u00bb.<\/p>\n<p>\t\t\t\t\t\t\t\t\t\u00a9 RIPRODUZIONE RISERVATA\t<\/p>\n<p>\n<!--noindex--><br \/>\n<a href=\"https:\/\/www.ilsussidiario.net\/news\/i-pieni-poteri-di-conte-domani-recovery-e-fondi-per-il-sud-tutto-con-un-dpcm\/2102913\/\" rel=\"nofollow\">Source link <\/a><br \/>\n<!--\/noindex--><\/p>\n","protected":false},"excerpt":{"rendered":"<p>Con un Dpcm si pu\u00f2 governare un Paese per un anno (almeno), destinare i fondi del Recovery Plan ad una struttura \u201cparallela\u201d al Governo (sempre che il CdM stasera glielo consenta) ma si pu\u00f2 fare anche molto di pi\u00f9: \u00e8 questo il senso della \u201cdenuncia\u201d fatta oggi in prima pagina dal direttore del \u201cDomani\u201d Stefano [&hellip;]<\/p>\n","protected":false},"author":3,"featured_media":703,"comment_status":"open","ping_status":"open","sticky":false,"template":"","format":"standard","meta":{"footnotes":""},"categories":[1],"tags":[],"class_list":["post-878","post","type-post","status-publish","format-standard","has-post-thumbnail","hentry","category-notizie-finanziarie"],"yoast_head":"<!-- This site is optimized with the Yoast SEO plugin v27.4 - https:\/\/yoast.com\/product\/yoast-seo-wordpress\/ -->\n<title>I pieni poteri di Conte\/ \u2018Domani\u2019: \u201cRecovery e fondi per il Sud, tutto con un Dpcm\u201d - Hot News in World<\/title>\n<meta name=\"robots\" content=\"index, follow, max-snippet:-1, max-image-preview:large, max-video-preview:-1\" \/>\n<link rel=\"canonical\" href=\"https:\/\/hotnewsinworld.com\/it\/i-pieni-poteri-di-conte-domani-recovery-e-fondi-per-il-sud-tutto-con-un-dpcm\/\" \/>\n<meta property=\"og:locale\" content=\"it_IT\" \/>\n<meta property=\"og:type\" content=\"article\" \/>\n<meta property=\"og:title\" content=\"I pieni poteri di Conte\/ \u2018Domani\u2019: \u201cRecovery e fondi per il Sud, tutto con un Dpcm\u201d - Hot News in World\" \/>\n<meta property=\"og:description\" content=\"Con un Dpcm si pu\u00f2 governare un Paese per un anno (almeno), destinare i fondi del Recovery Plan ad una struttura \u201cparallela\u201d al Governo (sempre che il CdM stasera glielo consenta) ma si pu\u00f2 fare anche molto di pi\u00f9: \u00e8 questo il senso della \u201cdenuncia\u201d fatta oggi in prima pagina dal direttore del \u201cDomani\u201d Stefano [&hellip;]\" \/>\n<meta property=\"og:url\" content=\"https:\/\/hotnewsinworld.com\/it\/i-pieni-poteri-di-conte-domani-recovery-e-fondi-per-il-sud-tutto-con-un-dpcm\/\" \/>\n<meta property=\"og:site_name\" content=\"Hot News in World\" \/>\n<meta property=\"article:published_time\" content=\"2020-12-09T23:06:56+00:00\" \/>\n<meta property=\"article:modified_time\" content=\"2020-12-09T23:06:59+00:00\" \/>\n<meta property=\"og:image\" content=\"https:\/\/hotnewsinworld.com\/it\/wp-content\/uploads\/sites\/9\/2020\/11\/Ue-Ok-manovra-Italia-ma-mancano-coperture-Gentiloni-No-giudizio.jpg\" \/>\n\t<meta property=\"og:image:width\" content=\"1280\" \/>\n\t<meta property=\"og:image:height\" content=\"600\" \/>\n\t<meta property=\"og:image:type\" content=\"image\/jpeg\" \/>\n<meta name=\"author\" content=\"it\" \/>\n<meta name=\"twitter:card\" content=\"summary_large_image\" \/>\n<meta name=\"twitter:label1\" content=\"Scritto da\" \/>\n\t<meta name=\"twitter:data1\" content=\"it\" \/>\n\t<meta name=\"twitter:label2\" content=\"Tempo di lettura stimato\" \/>\n\t<meta name=\"twitter:data2\" content=\"2 minuti\" \/>\n<script type=\"application\/ld+json\" class=\"yoast-schema-graph\">{\"@context\":\"https:\\\/\\\/schema.org\",\"@graph\":[{\"@type\":\"Article\",\"@id\":\"https:\\\/\\\/hotnewsinworld.com\\\/it\\\/i-pieni-poteri-di-conte-domani-recovery-e-fondi-per-il-sud-tutto-con-un-dpcm\\\/#article\",\"isPartOf\":{\"@id\":\"https:\\\/\\\/hotnewsinworld.com\\\/it\\\/i-pieni-poteri-di-conte-domani-recovery-e-fondi-per-il-sud-tutto-con-un-dpcm\\\/\"},\"author\":{\"name\":\"it\",\"@id\":\"https:\\\/\\\/hotnewsinworld.com\\\/it\\\/#\\\/schema\\\/person\\\/22e85bfc52fc934ba41a2446cdb5a6e2\"},\"headline\":\"I pieni poteri di Conte\\\/ \u2018Domani\u2019: \u201cRecovery e fondi per il Sud, tutto con un Dpcm\u201d\",\"datePublished\":\"2020-12-09T23:06:56+00:00\",\"dateModified\":\"2020-12-09T23:06:59+00:00\",\"mainEntityOfPage\":{\"@id\":\"https:\\\/\\\/hotnewsinworld.com\\\/it\\\/i-pieni-poteri-di-conte-domani-recovery-e-fondi-per-il-sud-tutto-con-un-dpcm\\\/\"},\"wordCount\":358,\"commentCount\":0,\"image\":{\"@id\":\"https:\\\/\\\/hotnewsinworld.com\\\/it\\\/i-pieni-poteri-di-conte-domani-recovery-e-fondi-per-il-sud-tutto-con-un-dpcm\\\/#primaryimage\"},\"thumbnailUrl\":\"https:\\\/\\\/hotnewsinworld.com\\\/it\\\/wp-content\\\/uploads\\\/sites\\\/9\\\/2020\\\/11\\\/Ue-Ok-manovra-Italia-ma-mancano-coperture-Gentiloni-No-giudizio.jpg\",\"articleSection\":[\"NOTIZIE FINANZIARIE\"],\"inLanguage\":\"it-IT\",\"potentialAction\":[{\"@type\":\"CommentAction\",\"name\":\"Comment\",\"target\":[\"https:\\\/\\\/hotnewsinworld.com\\\/it\\\/i-pieni-poteri-di-conte-domani-recovery-e-fondi-per-il-sud-tutto-con-un-dpcm\\\/#respond\"]}]},{\"@type\":\"WebPage\",\"@id\":\"https:\\\/\\\/hotnewsinworld.com\\\/it\\\/i-pieni-poteri-di-conte-domani-recovery-e-fondi-per-il-sud-tutto-con-un-dpcm\\\/\",\"url\":\"https:\\\/\\\/hotnewsinworld.com\\\/it\\\/i-pieni-poteri-di-conte-domani-recovery-e-fondi-per-il-sud-tutto-con-un-dpcm\\\/\",\"name\":\"I pieni poteri di Conte\\\/ \u2018Domani\u2019: \u201cRecovery e fondi per il Sud, tutto con un Dpcm\u201d - Hot News in World\",\"isPartOf\":{\"@id\":\"https:\\\/\\\/hotnewsinworld.com\\\/it\\\/#website\"},\"primaryImageOfPage\":{\"@id\":\"https:\\\/\\\/hotnewsinworld.com\\\/it\\\/i-pieni-poteri-di-conte-domani-recovery-e-fondi-per-il-sud-tutto-con-un-dpcm\\\/#primaryimage\"},\"image\":{\"@id\":\"https:\\\/\\\/hotnewsinworld.com\\\/it\\\/i-pieni-poteri-di-conte-domani-recovery-e-fondi-per-il-sud-tutto-con-un-dpcm\\\/#primaryimage\"},\"thumbnailUrl\":\"https:\\\/\\\/hotnewsinworld.com\\\/it\\\/wp-content\\\/uploads\\\/sites\\\/9\\\/2020\\\/11\\\/Ue-Ok-manovra-Italia-ma-mancano-coperture-Gentiloni-No-giudizio.jpg\",\"datePublished\":\"2020-12-09T23:06:56+00:00\",\"dateModified\":\"2020-12-09T23:06:59+00:00\",\"author\":{\"@id\":\"https:\\\/\\\/hotnewsinworld.com\\\/it\\\/#\\\/schema\\\/person\\\/22e85bfc52fc934ba41a2446cdb5a6e2\"},\"breadcrumb\":{\"@id\":\"https:\\\/\\\/hotnewsinworld.com\\\/it\\\/i-pieni-poteri-di-conte-domani-recovery-e-fondi-per-il-sud-tutto-con-un-dpcm\\\/#breadcrumb\"},\"inLanguage\":\"it-IT\",\"potentialAction\":[{\"@type\":\"ReadAction\",\"target\":[\"https:\\\/\\\/hotnewsinworld.com\\\/it\\\/i-pieni-poteri-di-conte-domani-recovery-e-fondi-per-il-sud-tutto-con-un-dpcm\\\/\"]}]},{\"@type\":\"ImageObject\",\"inLanguage\":\"it-IT\",\"@id\":\"https:\\\/\\\/hotnewsinworld.com\\\/it\\\/i-pieni-poteri-di-conte-domani-recovery-e-fondi-per-il-sud-tutto-con-un-dpcm\\\/#primaryimage\",\"url\":\"https:\\\/\\\/hotnewsinworld.com\\\/it\\\/wp-content\\\/uploads\\\/sites\\\/9\\\/2020\\\/11\\\/Ue-Ok-manovra-Italia-ma-mancano-coperture-Gentiloni-No-giudizio.jpg\",\"contentUrl\":\"https:\\\/\\\/hotnewsinworld.com\\\/it\\\/wp-content\\\/uploads\\\/sites\\\/9\\\/2020\\\/11\\\/Ue-Ok-manovra-Italia-ma-mancano-coperture-Gentiloni-No-giudizio.jpg\",\"width\":1280,\"height\":600,\"caption\":\"Ue: \\\"Ok manovra Italia ma mancano coperture\\\"\\\/ Gentiloni: \\\"No giudizio negativo\\\"\"},{\"@type\":\"BreadcrumbList\",\"@id\":\"https:\\\/\\\/hotnewsinworld.com\\\/it\\\/i-pieni-poteri-di-conte-domani-recovery-e-fondi-per-il-sud-tutto-con-un-dpcm\\\/#breadcrumb\",\"itemListElement\":[{\"@type\":\"ListItem\",\"position\":1,\"name\":\"Home\",\"item\":\"https:\\\/\\\/hotnewsinworld.com\\\/it\\\/\"},{\"@type\":\"ListItem\",\"position\":2,\"name\":\"I pieni poteri di Conte\\\/ \u2018Domani\u2019: \u201cRecovery e fondi per il Sud, tutto con un Dpcm\u201d\"}]},{\"@type\":\"WebSite\",\"@id\":\"https:\\\/\\\/hotnewsinworld.com\\\/it\\\/#website\",\"url\":\"https:\\\/\\\/hotnewsinworld.com\\\/it\\\/\",\"name\":\"Hot News in World\",\"description\":\"Hot News in World from Italy\",\"potentialAction\":[{\"@type\":\"SearchAction\",\"target\":{\"@type\":\"EntryPoint\",\"urlTemplate\":\"https:\\\/\\\/hotnewsinworld.com\\\/it\\\/?s={search_term_string}\"},\"query-input\":{\"@type\":\"PropertyValueSpecification\",\"valueRequired\":true,\"valueName\":\"search_term_string\"}}],\"inLanguage\":\"it-IT\"},{\"@type\":\"Person\",\"@id\":\"https:\\\/\\\/hotnewsinworld.com\\\/it\\\/#\\\/schema\\\/person\\\/22e85bfc52fc934ba41a2446cdb5a6e2\",\"name\":\"it\",\"image\":{\"@type\":\"ImageObject\",\"inLanguage\":\"it-IT\",\"@id\":\"https:\\\/\\\/secure.gravatar.com\\\/avatar\\\/8231dc295c29b7354b98b34013cd815b15fea229e7f6a167cf90ebe12f9566e1?s=96&d=mm&r=g\",\"url\":\"https:\\\/\\\/secure.gravatar.com\\\/avatar\\\/8231dc295c29b7354b98b34013cd815b15fea229e7f6a167cf90ebe12f9566e1?s=96&d=mm&r=g\",\"contentUrl\":\"https:\\\/\\\/secure.gravatar.com\\\/avatar\\\/8231dc295c29b7354b98b34013cd815b15fea229e7f6a167cf90ebe12f9566e1?s=96&d=mm&r=g\",\"caption\":\"it\"},\"url\":\"https:\\\/\\\/hotnewsinworld.com\\\/it\\\/author\\\/it\\\/\"}]}<\/script>\n<!-- \/ Yoast SEO plugin. -->","yoast_head_json":{"title":"I pieni poteri di Conte\/ \u2018Domani\u2019: \u201cRecovery e fondi per il Sud, tutto con un Dpcm\u201d - Hot News in World","robots":{"index":"index","follow":"follow","max-snippet":"max-snippet:-1","max-image-preview":"max-image-preview:large","max-video-preview":"max-video-preview:-1"},"canonical":"https:\/\/hotnewsinworld.com\/it\/i-pieni-poteri-di-conte-domani-recovery-e-fondi-per-il-sud-tutto-con-un-dpcm\/","og_locale":"it_IT","og_type":"article","og_title":"I pieni poteri di Conte\/ \u2018Domani\u2019: \u201cRecovery e fondi per il Sud, tutto con un Dpcm\u201d - Hot News in World","og_description":"Con un Dpcm si pu\u00f2 governare un Paese per un anno (almeno), destinare i fondi del Recovery Plan ad una struttura \u201cparallela\u201d al Governo (sempre che il CdM stasera glielo consenta) ma si pu\u00f2 fare anche molto di pi\u00f9: \u00e8 questo il senso della \u201cdenuncia\u201d fatta oggi in prima pagina dal direttore del \u201cDomani\u201d Stefano [&hellip;]","og_url":"https:\/\/hotnewsinworld.com\/it\/i-pieni-poteri-di-conte-domani-recovery-e-fondi-per-il-sud-tutto-con-un-dpcm\/","og_site_name":"Hot News in World","article_published_time":"2020-12-09T23:06:56+00:00","article_modified_time":"2020-12-09T23:06:59+00:00","og_image":[{"width":1280,"height":600,"url":"https:\/\/hotnewsinworld.com\/it\/wp-content\/uploads\/sites\/9\/2020\/11\/Ue-Ok-manovra-Italia-ma-mancano-coperture-Gentiloni-No-giudizio.jpg","type":"image\/jpeg"}],"author":"it","twitter_card":"summary_large_image","twitter_misc":{"Scritto da":"it","Tempo di lettura stimato":"2 minuti"},"schema":{"@context":"https:\/\/schema.org","@graph":[{"@type":"Article","@id":"https:\/\/hotnewsinworld.com\/it\/i-pieni-poteri-di-conte-domani-recovery-e-fondi-per-il-sud-tutto-con-un-dpcm\/#article","isPartOf":{"@id":"https:\/\/hotnewsinworld.com\/it\/i-pieni-poteri-di-conte-domani-recovery-e-fondi-per-il-sud-tutto-con-un-dpcm\/"},"author":{"name":"it","@id":"https:\/\/hotnewsinworld.com\/it\/#\/schema\/person\/22e85bfc52fc934ba41a2446cdb5a6e2"},"headline":"I pieni poteri di Conte\/ \u2018Domani\u2019: \u201cRecovery e fondi per il Sud, tutto con un Dpcm\u201d","datePublished":"2020-12-09T23:06:56+00:00","dateModified":"2020-12-09T23:06:59+00:00","mainEntityOfPage":{"@id":"https:\/\/hotnewsinworld.com\/it\/i-pieni-poteri-di-conte-domani-recovery-e-fondi-per-il-sud-tutto-con-un-dpcm\/"},"wordCount":358,"commentCount":0,"image":{"@id":"https:\/\/hotnewsinworld.com\/it\/i-pieni-poteri-di-conte-domani-recovery-e-fondi-per-il-sud-tutto-con-un-dpcm\/#primaryimage"},"thumbnailUrl":"https:\/\/hotnewsinworld.com\/it\/wp-content\/uploads\/sites\/9\/2020\/11\/Ue-Ok-manovra-Italia-ma-mancano-coperture-Gentiloni-No-giudizio.jpg","articleSection":["NOTIZIE FINANZIARIE"],"inLanguage":"it-IT","potentialAction":[{"@type":"CommentAction","name":"Comment","target":["https:\/\/hotnewsinworld.com\/it\/i-pieni-poteri-di-conte-domani-recovery-e-fondi-per-il-sud-tutto-con-un-dpcm\/#respond"]}]},{"@type":"WebPage","@id":"https:\/\/hotnewsinworld.com\/it\/i-pieni-poteri-di-conte-domani-recovery-e-fondi-per-il-sud-tutto-con-un-dpcm\/","url":"https:\/\/hotnewsinworld.com\/it\/i-pieni-poteri-di-conte-domani-recovery-e-fondi-per-il-sud-tutto-con-un-dpcm\/","name":"I pieni poteri di Conte\/ \u2018Domani\u2019: \u201cRecovery e fondi per il Sud, tutto con un Dpcm\u201d - Hot News in World","isPartOf":{"@id":"https:\/\/hotnewsinworld.com\/it\/#website"},"primaryImageOfPage":{"@id":"https:\/\/hotnewsinworld.com\/it\/i-pieni-poteri-di-conte-domani-recovery-e-fondi-per-il-sud-tutto-con-un-dpcm\/#primaryimage"},"image":{"@id":"https:\/\/hotnewsinworld.com\/it\/i-pieni-poteri-di-conte-domani-recovery-e-fondi-per-il-sud-tutto-con-un-dpcm\/#primaryimage"},"thumbnailUrl":"https:\/\/hotnewsinworld.com\/it\/wp-content\/uploads\/sites\/9\/2020\/11\/Ue-Ok-manovra-Italia-ma-mancano-coperture-Gentiloni-No-giudizio.jpg","datePublished":"2020-12-09T23:06:56+00:00","dateModified":"2020-12-09T23:06:59+00:00","author":{"@id":"https:\/\/hotnewsinworld.com\/it\/#\/schema\/person\/22e85bfc52fc934ba41a2446cdb5a6e2"},"breadcrumb":{"@id":"https:\/\/hotnewsinworld.com\/it\/i-pieni-poteri-di-conte-domani-recovery-e-fondi-per-il-sud-tutto-con-un-dpcm\/#breadcrumb"},"inLanguage":"it-IT","potentialAction":[{"@type":"ReadAction","target":["https:\/\/hotnewsinworld.com\/it\/i-pieni-poteri-di-conte-domani-recovery-e-fondi-per-il-sud-tutto-con-un-dpcm\/"]}]},{"@type":"ImageObject","inLanguage":"it-IT","@id":"https:\/\/hotnewsinworld.com\/it\/i-pieni-poteri-di-conte-domani-recovery-e-fondi-per-il-sud-tutto-con-un-dpcm\/#primaryimage","url":"https:\/\/hotnewsinworld.com\/it\/wp-content\/uploads\/sites\/9\/2020\/11\/Ue-Ok-manovra-Italia-ma-mancano-coperture-Gentiloni-No-giudizio.jpg","contentUrl":"https:\/\/hotnewsinworld.com\/it\/wp-content\/uploads\/sites\/9\/2020\/11\/Ue-Ok-manovra-Italia-ma-mancano-coperture-Gentiloni-No-giudizio.jpg","width":1280,"height":600,"caption":"Ue: \"Ok manovra Italia ma mancano coperture\"\/ Gentiloni: \"No giudizio negativo\""},{"@type":"BreadcrumbList","@id":"https:\/\/hotnewsinworld.com\/it\/i-pieni-poteri-di-conte-domani-recovery-e-fondi-per-il-sud-tutto-con-un-dpcm\/#breadcrumb","itemListElement":[{"@type":"ListItem","position":1,"name":"Home","item":"https:\/\/hotnewsinworld.com\/it\/"},{"@type":"ListItem","position":2,"name":"I pieni poteri di Conte\/ \u2018Domani\u2019: \u201cRecovery e fondi per il Sud, tutto con un Dpcm\u201d"}]},{"@type":"WebSite","@id":"https:\/\/hotnewsinworld.com\/it\/#website","url":"https:\/\/hotnewsinworld.com\/it\/","name":"Hot News in World","description":"Hot News in World from Italy","potentialAction":[{"@type":"SearchAction","target":{"@type":"EntryPoint","urlTemplate":"https:\/\/hotnewsinworld.com\/it\/?s={search_term_string}"},"query-input":{"@type":"PropertyValueSpecification","valueRequired":true,"valueName":"search_term_string"}}],"inLanguage":"it-IT"},{"@type":"Person","@id":"https:\/\/hotnewsinworld.com\/it\/#\/schema\/person\/22e85bfc52fc934ba41a2446cdb5a6e2","name":"it","image":{"@type":"ImageObject","inLanguage":"it-IT","@id":"https:\/\/secure.gravatar.com\/avatar\/8231dc295c29b7354b98b34013cd815b15fea229e7f6a167cf90ebe12f9566e1?s=96&d=mm&r=g","url":"https:\/\/secure.gravatar.com\/avatar\/8231dc295c29b7354b98b34013cd815b15fea229e7f6a167cf90ebe12f9566e1?s=96&d=mm&r=g","contentUrl":"https:\/\/secure.gravatar.com\/avatar\/8231dc295c29b7354b98b34013cd815b15fea229e7f6a167cf90ebe12f9566e1?s=96&d=mm&r=g","caption":"it"},"url":"https:\/\/hotnewsinworld.com\/it\/author\/it\/"}]}},"_links":{"self":[{"href":"https:\/\/hotnewsinworld.com\/it\/wp-json\/wp\/v2\/posts\/878","targetHints":{"allow":["GET"]}}],"collection":[{"href":"https:\/\/hotnewsinworld.com\/it\/wp-json\/wp\/v2\/posts"}],"about":[{"href":"https:\/\/hotnewsinworld.com\/it\/wp-json\/wp\/v2\/types\/post"}],"author":[{"embeddable":true,"href":"https:\/\/hotnewsinworld.com\/it\/wp-json\/wp\/v2\/users\/3"}],"replies":[{"embeddable":true,"href":"https:\/\/hotnewsinworld.com\/it\/wp-json\/wp\/v2\/comments?post=878"}],"version-history":[{"count":1,"href":"https:\/\/hotnewsinworld.com\/it\/wp-json\/wp\/v2\/posts\/878\/revisions"}],"predecessor-version":[{"id":879,"href":"https:\/\/hotnewsinworld.com\/it\/wp-json\/wp\/v2\/posts\/878\/revisions\/879"}],"wp:featuredmedia":[{"embeddable":true,"href":"https:\/\/hotnewsinworld.com\/it\/wp-json\/wp\/v2\/media\/703"}],"wp:attachment":[{"href":"https:\/\/hotnewsinworld.com\/it\/wp-json\/wp\/v2\/media?parent=878"}],"wp:term":[{"taxonomy":"category","embeddable":true,"href":"https:\/\/hotnewsinworld.com\/it\/wp-json\/wp\/v2\/categories?post=878"},{"taxonomy":"post_tag","embeddable":true,"href":"https:\/\/hotnewsinworld.com\/it\/wp-json\/wp\/v2\/tags?post=878"}],"curies":[{"name":"wp","href":"https:\/\/api.w.org\/{rel}","templated":true}]}}