{"id":902,"date":"2020-12-16T02:12:22","date_gmt":"2020-12-16T02:12:22","guid":{"rendered":"https:\/\/hotnewsinworld.com\/it\/beppe-sala-fondi-al-sud-solo-se-li-sanno-spendere-ok-gare-pubbliche-ma\/"},"modified":"2020-12-21T18:10:21","modified_gmt":"2020-12-21T18:10:21","slug":"beppe-sala-fondi-al-sud-solo-se-li-sanno-spendere-ok-gare-pubbliche-ma","status":"publish","type":"post","link":"https:\/\/hotnewsinworld.com\/it\/beppe-sala-fondi-al-sud-solo-se-li-sanno-spendere-ok-gare-pubbliche-ma\/","title":{"rendered":"Beppe Sala: \u201cfondi al Sud? Solo se li sanno spendere\u201d\/ \u201cOk gare pubbliche ma&#8230;\u201d"},"content":{"rendered":"<p>\u00abOk dare fondi al Sud, ma solo se li sanno spendere\u00bb: \u00e8 netto e schietto il messaggio lanciato da Giuseppe Sala, sindaco di Milano, nel video dibattito online \u201cLe risorse per lo sviluppo e la coesione dell\u2019Italia\u201d organizzato oggi dal Partito Democratico. Il sindaco, gi\u00e0 candidato al secondo mandato per le Comunali 2021, ha provato a spiegare la sua visione sul delicato tema delle risorse da destinare per il Recovery Fund: \u00abNon ho nulla in contrario che vengano date pi\u00f9 risorse al Mezzogiorno, ma \u00e8 imprescindibile che ci sia preventivamente una dimostrazione del fatto che poi ci sono strutture atte al buon uso di queste risorse\u00bb. Fare delle gare pubbliche, secondo la visione del sindaco gi\u00e0 manager di Expo, significa anche \u00absapere come gestirle. Altrimenti ci ritroveremo ancora allo stesso punto. La nuova stagione (dei fondi europei, ndr) deve essere di visione politica ma anche\u00a0di rapido riadattamento delle strutture\u00bb.<br \/>\nSALA E LA \u201cSFIDA\u201d AL SUD<br \/>\nIl senso delle parole di Sala riguarda sia un nodo politico \u2013 \u2018stilettata\u2019 al Governo Conte nei giorni dell\u2019impasse sul Recovery Plan \u2013 sia un discorso di particolare importanza per lo sviluppo del Mezzogiorno: \u00abDobbiamo stare attenti a una cosa \u2013 ha spiegato Sala -, se abbiamo strutture, e penso per esempio alle strutture tecniche dei Ministeri, a cui per anni abbiamo detto che la regola era risparmiare e tagliare, \u00e8 chiaro che abbiamo avuto un depauperamento di professionalit\u00e0\u00bb. Concludendo l\u2019intervento al dibattito online dl pd, Sala annuncia di aver chiesto alla Presidente della Commissione Ue Von der Leyen, all\u2019Europarlamento e al Consiglio Europeo \u00abdestinare il 10% dei fondi alle citt\u00e0 metropolitane, ma non \u00e8 un fatto di appropriazione (\u2026). Le citt\u00e0 non hanno mai perso la capacit\u00e0 di investire in progetti (attraverso gare pubbliche, ndr). Ovvio che le citt\u00e0 devono comunque rispettare le scelte alte fatte nel nostro Paese\u00bb. La sfida-polemica sollevata da Beppe Sala fa il paio con il tema delle \u201cgabbie salariali\u201d in merito agli stipendi nella Pubblica Amministrazione, discusso lo scorso 12 luglio: \u00ab\u00e8\u00a0chiaro che se un dipendente pubblico, a parit\u00e0 di ruolo,\u00a0guadagna gli stessi soldi a Milano e a Reggio Calabria, \u00e8 intrinsecamente sbagliato, perch\u00e9 il costo della vita in quelle due realt\u00e0 \u00e8 diverso\u00bb, spiegava il sindaco milanese durante una diretta social della pagina \u201cInOltre-Alternativa\u201d. In quell\u2019occasione era stato per\u00f2 il suo stesso compagno di partito, il Ministro Enzo Amendola a prendere le distanze \u00abgabbie salariali? Discussione arcaica, non serve a nulla\u00bb.<\/p>\n<p>Ora live l\u2019appuntamento \u201cLe risorse per lo sviluppo e la coesione dell\u2019Italia. La nuova Programmazione europea per i 2021\/2027\u201d @pdnetwork. Per seguirle l\u2019iniziativa in diretta: https:\/\/t.co\/HVQTMHk1s8<br \/>\n\u2014 Beppe Sala (@BeppeSala) December 15, 2020<br \/>\n\u00a9 RIPRODUZIONE RISERVATA<br \/>\n<script async src=\"https:\/\/platform.twitter.com\/widgets.js\" charset=\"utf-8\"><\/script><\/p>\n<p><!--noindex--><br \/>\n<a href=\"https:\/\/www.ilsussidiario.net\/news\/beppe-sala-fondi-al-sud-solo-se-li-sanno-spendere-ok-gare-pubbliche-ma\/2105451\/\" rel=\"nofollow\">Source link <\/a><br \/>\n<!--\/noindex--><\/p>\n","protected":false},"excerpt":{"rendered":"<p>\u00abOk dare fondi al Sud, ma solo se li sanno spendere\u00bb: \u00e8 netto e schietto il messaggio lanciato da Giuseppe Sala, sindaco di Milano, nel video dibattito online \u201cLe risorse per lo sviluppo e la coesione dell\u2019Italia\u201d organizzato oggi dal Partito Democratico. Il sindaco, gi\u00e0 candidato al secondo mandato per le Comunali 2021, ha provato [&hellip;]<\/p>\n","protected":false},"author":3,"featured_media":903,"comment_status":"open","ping_status":"open","sticky":false,"template":"","format":"standard","meta":{"footnotes":""},"categories":[1],"tags":[],"class_list":["post-902","post","type-post","status-publish","format-standard","has-post-thumbnail","hentry","category-notizie-finanziarie"],"yoast_head":"<!-- This site is optimized with the Yoast SEO plugin v27.4 - https:\/\/yoast.com\/product\/yoast-seo-wordpress\/ -->\n<title>Beppe Sala: \u201cfondi al Sud? Solo se li sanno spendere\u201d\/ \u201cOk gare pubbliche ma...\u201d - Hot News in World<\/title>\n<meta name=\"robots\" content=\"index, follow, max-snippet:-1, max-image-preview:large, max-video-preview:-1\" \/>\n<link rel=\"canonical\" href=\"https:\/\/hotnewsinworld.com\/it\/beppe-sala-fondi-al-sud-solo-se-li-sanno-spendere-ok-gare-pubbliche-ma\/\" \/>\n<meta property=\"og:locale\" content=\"it_IT\" \/>\n<meta property=\"og:type\" content=\"article\" \/>\n<meta property=\"og:title\" content=\"Beppe Sala: \u201cfondi al Sud? Solo se li sanno spendere\u201d\/ \u201cOk gare pubbliche ma...\u201d - Hot News in World\" \/>\n<meta property=\"og:description\" content=\"\u00abOk dare fondi al Sud, ma solo se li sanno spendere\u00bb: \u00e8 netto e schietto il messaggio lanciato da Giuseppe Sala, sindaco di Milano, nel video dibattito online \u201cLe risorse per lo sviluppo e la coesione dell\u2019Italia\u201d organizzato oggi dal Partito Democratico. Il sindaco, gi\u00e0 candidato al secondo mandato per le Comunali 2021, ha provato [&hellip;]\" \/>\n<meta property=\"og:url\" content=\"https:\/\/hotnewsinworld.com\/it\/beppe-sala-fondi-al-sud-solo-se-li-sanno-spendere-ok-gare-pubbliche-ma\/\" \/>\n<meta property=\"og:site_name\" content=\"Hot News in World\" \/>\n<meta property=\"article:published_time\" content=\"2020-12-16T02:12:22+00:00\" \/>\n<meta property=\"article:modified_time\" content=\"2020-12-21T18:10:21+00:00\" \/>\n<meta property=\"og:image\" content=\"https:\/\/hotnewsinworld.com\/it\/wp-content\/uploads\/sites\/9\/2020\/12\/Beppe-Sala-fondi-al-Sud-Solo-se-li-sanno-spendere.jpg\" \/>\n\t<meta property=\"og:image:width\" content=\"1280\" \/>\n\t<meta property=\"og:image:height\" content=\"600\" \/>\n\t<meta property=\"og:image:type\" content=\"image\/jpeg\" \/>\n<meta name=\"author\" content=\"it\" \/>\n<meta name=\"twitter:card\" content=\"summary_large_image\" \/>\n<meta name=\"twitter:label1\" content=\"Scritto da\" \/>\n\t<meta name=\"twitter:data1\" content=\"it\" \/>\n\t<meta name=\"twitter:label2\" content=\"Tempo di lettura stimato\" \/>\n\t<meta name=\"twitter:data2\" content=\"2 minuti\" \/>\n<script type=\"application\/ld+json\" class=\"yoast-schema-graph\">{\"@context\":\"https:\\\/\\\/schema.org\",\"@graph\":[{\"@type\":\"Article\",\"@id\":\"https:\\\/\\\/hotnewsinworld.com\\\/it\\\/beppe-sala-fondi-al-sud-solo-se-li-sanno-spendere-ok-gare-pubbliche-ma\\\/#article\",\"isPartOf\":{\"@id\":\"https:\\\/\\\/hotnewsinworld.com\\\/it\\\/beppe-sala-fondi-al-sud-solo-se-li-sanno-spendere-ok-gare-pubbliche-ma\\\/\"},\"author\":{\"name\":\"it\",\"@id\":\"https:\\\/\\\/hotnewsinworld.com\\\/it\\\/#\\\/schema\\\/person\\\/22e85bfc52fc934ba41a2446cdb5a6e2\"},\"headline\":\"Beppe Sala: \u201cfondi al Sud? Solo se li sanno spendere\u201d\\\/ \u201cOk gare pubbliche ma&#8230;\u201d\",\"datePublished\":\"2020-12-16T02:12:22+00:00\",\"dateModified\":\"2020-12-21T18:10:21+00:00\",\"mainEntityOfPage\":{\"@id\":\"https:\\\/\\\/hotnewsinworld.com\\\/it\\\/beppe-sala-fondi-al-sud-solo-se-li-sanno-spendere-ok-gare-pubbliche-ma\\\/\"},\"wordCount\":451,\"commentCount\":0,\"image\":{\"@id\":\"https:\\\/\\\/hotnewsinworld.com\\\/it\\\/beppe-sala-fondi-al-sud-solo-se-li-sanno-spendere-ok-gare-pubbliche-ma\\\/#primaryimage\"},\"thumbnailUrl\":\"https:\\\/\\\/hotnewsinworld.com\\\/it\\\/wp-content\\\/uploads\\\/sites\\\/9\\\/2020\\\/12\\\/Beppe-Sala-fondi-al-Sud-Solo-se-li-sanno-spendere.jpg\",\"articleSection\":[\"NOTIZIE FINANZIARIE\"],\"inLanguage\":\"it-IT\",\"potentialAction\":[{\"@type\":\"CommentAction\",\"name\":\"Comment\",\"target\":[\"https:\\\/\\\/hotnewsinworld.com\\\/it\\\/beppe-sala-fondi-al-sud-solo-se-li-sanno-spendere-ok-gare-pubbliche-ma\\\/#respond\"]}]},{\"@type\":\"WebPage\",\"@id\":\"https:\\\/\\\/hotnewsinworld.com\\\/it\\\/beppe-sala-fondi-al-sud-solo-se-li-sanno-spendere-ok-gare-pubbliche-ma\\\/\",\"url\":\"https:\\\/\\\/hotnewsinworld.com\\\/it\\\/beppe-sala-fondi-al-sud-solo-se-li-sanno-spendere-ok-gare-pubbliche-ma\\\/\",\"name\":\"Beppe Sala: \u201cfondi al Sud? Solo se li sanno spendere\u201d\\\/ \u201cOk gare pubbliche ma...\u201d - Hot News in World\",\"isPartOf\":{\"@id\":\"https:\\\/\\\/hotnewsinworld.com\\\/it\\\/#website\"},\"primaryImageOfPage\":{\"@id\":\"https:\\\/\\\/hotnewsinworld.com\\\/it\\\/beppe-sala-fondi-al-sud-solo-se-li-sanno-spendere-ok-gare-pubbliche-ma\\\/#primaryimage\"},\"image\":{\"@id\":\"https:\\\/\\\/hotnewsinworld.com\\\/it\\\/beppe-sala-fondi-al-sud-solo-se-li-sanno-spendere-ok-gare-pubbliche-ma\\\/#primaryimage\"},\"thumbnailUrl\":\"https:\\\/\\\/hotnewsinworld.com\\\/it\\\/wp-content\\\/uploads\\\/sites\\\/9\\\/2020\\\/12\\\/Beppe-Sala-fondi-al-Sud-Solo-se-li-sanno-spendere.jpg\",\"datePublished\":\"2020-12-16T02:12:22+00:00\",\"dateModified\":\"2020-12-21T18:10:21+00:00\",\"author\":{\"@id\":\"https:\\\/\\\/hotnewsinworld.com\\\/it\\\/#\\\/schema\\\/person\\\/22e85bfc52fc934ba41a2446cdb5a6e2\"},\"breadcrumb\":{\"@id\":\"https:\\\/\\\/hotnewsinworld.com\\\/it\\\/beppe-sala-fondi-al-sud-solo-se-li-sanno-spendere-ok-gare-pubbliche-ma\\\/#breadcrumb\"},\"inLanguage\":\"it-IT\",\"potentialAction\":[{\"@type\":\"ReadAction\",\"target\":[\"https:\\\/\\\/hotnewsinworld.com\\\/it\\\/beppe-sala-fondi-al-sud-solo-se-li-sanno-spendere-ok-gare-pubbliche-ma\\\/\"]}]},{\"@type\":\"ImageObject\",\"inLanguage\":\"it-IT\",\"@id\":\"https:\\\/\\\/hotnewsinworld.com\\\/it\\\/beppe-sala-fondi-al-sud-solo-se-li-sanno-spendere-ok-gare-pubbliche-ma\\\/#primaryimage\",\"url\":\"https:\\\/\\\/hotnewsinworld.com\\\/it\\\/wp-content\\\/uploads\\\/sites\\\/9\\\/2020\\\/12\\\/Beppe-Sala-fondi-al-Sud-Solo-se-li-sanno-spendere.jpg\",\"contentUrl\":\"https:\\\/\\\/hotnewsinworld.com\\\/it\\\/wp-content\\\/uploads\\\/sites\\\/9\\\/2020\\\/12\\\/Beppe-Sala-fondi-al-Sud-Solo-se-li-sanno-spendere.jpg\",\"width\":1280,\"height\":600,\"caption\":\"Beppe Sala: \u201cfondi al Sud? Solo se li sanno spendere\u201d\\\/ \u201cOk gare pubbliche ma...\u201d\"},{\"@type\":\"BreadcrumbList\",\"@id\":\"https:\\\/\\\/hotnewsinworld.com\\\/it\\\/beppe-sala-fondi-al-sud-solo-se-li-sanno-spendere-ok-gare-pubbliche-ma\\\/#breadcrumb\",\"itemListElement\":[{\"@type\":\"ListItem\",\"position\":1,\"name\":\"Home\",\"item\":\"https:\\\/\\\/hotnewsinworld.com\\\/it\\\/\"},{\"@type\":\"ListItem\",\"position\":2,\"name\":\"Beppe Sala: \u201cfondi al Sud? Solo se li sanno spendere\u201d\\\/ \u201cOk gare pubbliche ma&#8230;\u201d\"}]},{\"@type\":\"WebSite\",\"@id\":\"https:\\\/\\\/hotnewsinworld.com\\\/it\\\/#website\",\"url\":\"https:\\\/\\\/hotnewsinworld.com\\\/it\\\/\",\"name\":\"Hot News in World\",\"description\":\"Hot News in World from Italy\",\"potentialAction\":[{\"@type\":\"SearchAction\",\"target\":{\"@type\":\"EntryPoint\",\"urlTemplate\":\"https:\\\/\\\/hotnewsinworld.com\\\/it\\\/?s={search_term_string}\"},\"query-input\":{\"@type\":\"PropertyValueSpecification\",\"valueRequired\":true,\"valueName\":\"search_term_string\"}}],\"inLanguage\":\"it-IT\"},{\"@type\":\"Person\",\"@id\":\"https:\\\/\\\/hotnewsinworld.com\\\/it\\\/#\\\/schema\\\/person\\\/22e85bfc52fc934ba41a2446cdb5a6e2\",\"name\":\"it\",\"image\":{\"@type\":\"ImageObject\",\"inLanguage\":\"it-IT\",\"@id\":\"https:\\\/\\\/secure.gravatar.com\\\/avatar\\\/8231dc295c29b7354b98b34013cd815b15fea229e7f6a167cf90ebe12f9566e1?s=96&d=mm&r=g\",\"url\":\"https:\\\/\\\/secure.gravatar.com\\\/avatar\\\/8231dc295c29b7354b98b34013cd815b15fea229e7f6a167cf90ebe12f9566e1?s=96&d=mm&r=g\",\"contentUrl\":\"https:\\\/\\\/secure.gravatar.com\\\/avatar\\\/8231dc295c29b7354b98b34013cd815b15fea229e7f6a167cf90ebe12f9566e1?s=96&d=mm&r=g\",\"caption\":\"it\"},\"url\":\"https:\\\/\\\/hotnewsinworld.com\\\/it\\\/author\\\/it\\\/\"}]}<\/script>\n<!-- \/ Yoast SEO plugin. -->","yoast_head_json":{"title":"Beppe Sala: \u201cfondi al Sud? Solo se li sanno spendere\u201d\/ \u201cOk gare pubbliche ma...\u201d - Hot News in World","robots":{"index":"index","follow":"follow","max-snippet":"max-snippet:-1","max-image-preview":"max-image-preview:large","max-video-preview":"max-video-preview:-1"},"canonical":"https:\/\/hotnewsinworld.com\/it\/beppe-sala-fondi-al-sud-solo-se-li-sanno-spendere-ok-gare-pubbliche-ma\/","og_locale":"it_IT","og_type":"article","og_title":"Beppe Sala: \u201cfondi al Sud? Solo se li sanno spendere\u201d\/ \u201cOk gare pubbliche ma...\u201d - Hot News in World","og_description":"\u00abOk dare fondi al Sud, ma solo se li sanno spendere\u00bb: \u00e8 netto e schietto il messaggio lanciato da Giuseppe Sala, sindaco di Milano, nel video dibattito online \u201cLe risorse per lo sviluppo e la coesione dell\u2019Italia\u201d organizzato oggi dal Partito Democratico. Il sindaco, gi\u00e0 candidato al secondo mandato per le Comunali 2021, ha provato [&hellip;]","og_url":"https:\/\/hotnewsinworld.com\/it\/beppe-sala-fondi-al-sud-solo-se-li-sanno-spendere-ok-gare-pubbliche-ma\/","og_site_name":"Hot News in World","article_published_time":"2020-12-16T02:12:22+00:00","article_modified_time":"2020-12-21T18:10:21+00:00","og_image":[{"width":1280,"height":600,"url":"https:\/\/hotnewsinworld.com\/it\/wp-content\/uploads\/sites\/9\/2020\/12\/Beppe-Sala-fondi-al-Sud-Solo-se-li-sanno-spendere.jpg","type":"image\/jpeg"}],"author":"it","twitter_card":"summary_large_image","twitter_misc":{"Scritto da":"it","Tempo di lettura stimato":"2 minuti"},"schema":{"@context":"https:\/\/schema.org","@graph":[{"@type":"Article","@id":"https:\/\/hotnewsinworld.com\/it\/beppe-sala-fondi-al-sud-solo-se-li-sanno-spendere-ok-gare-pubbliche-ma\/#article","isPartOf":{"@id":"https:\/\/hotnewsinworld.com\/it\/beppe-sala-fondi-al-sud-solo-se-li-sanno-spendere-ok-gare-pubbliche-ma\/"},"author":{"name":"it","@id":"https:\/\/hotnewsinworld.com\/it\/#\/schema\/person\/22e85bfc52fc934ba41a2446cdb5a6e2"},"headline":"Beppe Sala: \u201cfondi al Sud? Solo se li sanno spendere\u201d\/ \u201cOk gare pubbliche ma&#8230;\u201d","datePublished":"2020-12-16T02:12:22+00:00","dateModified":"2020-12-21T18:10:21+00:00","mainEntityOfPage":{"@id":"https:\/\/hotnewsinworld.com\/it\/beppe-sala-fondi-al-sud-solo-se-li-sanno-spendere-ok-gare-pubbliche-ma\/"},"wordCount":451,"commentCount":0,"image":{"@id":"https:\/\/hotnewsinworld.com\/it\/beppe-sala-fondi-al-sud-solo-se-li-sanno-spendere-ok-gare-pubbliche-ma\/#primaryimage"},"thumbnailUrl":"https:\/\/hotnewsinworld.com\/it\/wp-content\/uploads\/sites\/9\/2020\/12\/Beppe-Sala-fondi-al-Sud-Solo-se-li-sanno-spendere.jpg","articleSection":["NOTIZIE FINANZIARIE"],"inLanguage":"it-IT","potentialAction":[{"@type":"CommentAction","name":"Comment","target":["https:\/\/hotnewsinworld.com\/it\/beppe-sala-fondi-al-sud-solo-se-li-sanno-spendere-ok-gare-pubbliche-ma\/#respond"]}]},{"@type":"WebPage","@id":"https:\/\/hotnewsinworld.com\/it\/beppe-sala-fondi-al-sud-solo-se-li-sanno-spendere-ok-gare-pubbliche-ma\/","url":"https:\/\/hotnewsinworld.com\/it\/beppe-sala-fondi-al-sud-solo-se-li-sanno-spendere-ok-gare-pubbliche-ma\/","name":"Beppe Sala: \u201cfondi al Sud? Solo se li sanno spendere\u201d\/ \u201cOk gare pubbliche ma...\u201d - Hot News in World","isPartOf":{"@id":"https:\/\/hotnewsinworld.com\/it\/#website"},"primaryImageOfPage":{"@id":"https:\/\/hotnewsinworld.com\/it\/beppe-sala-fondi-al-sud-solo-se-li-sanno-spendere-ok-gare-pubbliche-ma\/#primaryimage"},"image":{"@id":"https:\/\/hotnewsinworld.com\/it\/beppe-sala-fondi-al-sud-solo-se-li-sanno-spendere-ok-gare-pubbliche-ma\/#primaryimage"},"thumbnailUrl":"https:\/\/hotnewsinworld.com\/it\/wp-content\/uploads\/sites\/9\/2020\/12\/Beppe-Sala-fondi-al-Sud-Solo-se-li-sanno-spendere.jpg","datePublished":"2020-12-16T02:12:22+00:00","dateModified":"2020-12-21T18:10:21+00:00","author":{"@id":"https:\/\/hotnewsinworld.com\/it\/#\/schema\/person\/22e85bfc52fc934ba41a2446cdb5a6e2"},"breadcrumb":{"@id":"https:\/\/hotnewsinworld.com\/it\/beppe-sala-fondi-al-sud-solo-se-li-sanno-spendere-ok-gare-pubbliche-ma\/#breadcrumb"},"inLanguage":"it-IT","potentialAction":[{"@type":"ReadAction","target":["https:\/\/hotnewsinworld.com\/it\/beppe-sala-fondi-al-sud-solo-se-li-sanno-spendere-ok-gare-pubbliche-ma\/"]}]},{"@type":"ImageObject","inLanguage":"it-IT","@id":"https:\/\/hotnewsinworld.com\/it\/beppe-sala-fondi-al-sud-solo-se-li-sanno-spendere-ok-gare-pubbliche-ma\/#primaryimage","url":"https:\/\/hotnewsinworld.com\/it\/wp-content\/uploads\/sites\/9\/2020\/12\/Beppe-Sala-fondi-al-Sud-Solo-se-li-sanno-spendere.jpg","contentUrl":"https:\/\/hotnewsinworld.com\/it\/wp-content\/uploads\/sites\/9\/2020\/12\/Beppe-Sala-fondi-al-Sud-Solo-se-li-sanno-spendere.jpg","width":1280,"height":600,"caption":"Beppe Sala: \u201cfondi al Sud? Solo se li sanno spendere\u201d\/ \u201cOk gare pubbliche ma...\u201d"},{"@type":"BreadcrumbList","@id":"https:\/\/hotnewsinworld.com\/it\/beppe-sala-fondi-al-sud-solo-se-li-sanno-spendere-ok-gare-pubbliche-ma\/#breadcrumb","itemListElement":[{"@type":"ListItem","position":1,"name":"Home","item":"https:\/\/hotnewsinworld.com\/it\/"},{"@type":"ListItem","position":2,"name":"Beppe Sala: \u201cfondi al Sud? Solo se li sanno spendere\u201d\/ \u201cOk gare pubbliche ma&#8230;\u201d"}]},{"@type":"WebSite","@id":"https:\/\/hotnewsinworld.com\/it\/#website","url":"https:\/\/hotnewsinworld.com\/it\/","name":"Hot News in World","description":"Hot News in World from Italy","potentialAction":[{"@type":"SearchAction","target":{"@type":"EntryPoint","urlTemplate":"https:\/\/hotnewsinworld.com\/it\/?s={search_term_string}"},"query-input":{"@type":"PropertyValueSpecification","valueRequired":true,"valueName":"search_term_string"}}],"inLanguage":"it-IT"},{"@type":"Person","@id":"https:\/\/hotnewsinworld.com\/it\/#\/schema\/person\/22e85bfc52fc934ba41a2446cdb5a6e2","name":"it","image":{"@type":"ImageObject","inLanguage":"it-IT","@id":"https:\/\/secure.gravatar.com\/avatar\/8231dc295c29b7354b98b34013cd815b15fea229e7f6a167cf90ebe12f9566e1?s=96&d=mm&r=g","url":"https:\/\/secure.gravatar.com\/avatar\/8231dc295c29b7354b98b34013cd815b15fea229e7f6a167cf90ebe12f9566e1?s=96&d=mm&r=g","contentUrl":"https:\/\/secure.gravatar.com\/avatar\/8231dc295c29b7354b98b34013cd815b15fea229e7f6a167cf90ebe12f9566e1?s=96&d=mm&r=g","caption":"it"},"url":"https:\/\/hotnewsinworld.com\/it\/author\/it\/"}]}},"_links":{"self":[{"href":"https:\/\/hotnewsinworld.com\/it\/wp-json\/wp\/v2\/posts\/902","targetHints":{"allow":["GET"]}}],"collection":[{"href":"https:\/\/hotnewsinworld.com\/it\/wp-json\/wp\/v2\/posts"}],"about":[{"href":"https:\/\/hotnewsinworld.com\/it\/wp-json\/wp\/v2\/types\/post"}],"author":[{"embeddable":true,"href":"https:\/\/hotnewsinworld.com\/it\/wp-json\/wp\/v2\/users\/3"}],"replies":[{"embeddable":true,"href":"https:\/\/hotnewsinworld.com\/it\/wp-json\/wp\/v2\/comments?post=902"}],"version-history":[{"count":2,"href":"https:\/\/hotnewsinworld.com\/it\/wp-json\/wp\/v2\/posts\/902\/revisions"}],"predecessor-version":[{"id":930,"href":"https:\/\/hotnewsinworld.com\/it\/wp-json\/wp\/v2\/posts\/902\/revisions\/930"}],"wp:featuredmedia":[{"embeddable":true,"href":"https:\/\/hotnewsinworld.com\/it\/wp-json\/wp\/v2\/media\/903"}],"wp:attachment":[{"href":"https:\/\/hotnewsinworld.com\/it\/wp-json\/wp\/v2\/media?parent=902"}],"wp:term":[{"taxonomy":"category","embeddable":true,"href":"https:\/\/hotnewsinworld.com\/it\/wp-json\/wp\/v2\/categories?post=902"},{"taxonomy":"post_tag","embeddable":true,"href":"https:\/\/hotnewsinworld.com\/it\/wp-json\/wp\/v2\/tags?post=902"}],"curies":[{"name":"wp","href":"https:\/\/api.w.org\/{rel}","templated":true}]}}