{"id":1088,"date":"2019-08-06T10:29:01","date_gmt":"2019-08-06T07:29:01","guid":{"rendered":"https:\/\/hotnewsinworld.com\/pl\/na-torach-jed%c2%b1-starocie-90-proc-wagonow-pkp-intercity-ma-ponad-26-lat\/"},"modified":"2020-03-06T13:17:04","modified_gmt":"2020-03-06T10:17:04","slug":"na-torach-jed%c2%b1-starocie-90-proc-wagonow-pkp-intercity-ma-ponad-26-lat","status":"publish","type":"post","link":"https:\/\/hotnewsinworld.com\/pl\/na-torach-jed%c2%b1-starocie-90-proc-wagonow-pkp-intercity-ma-ponad-26-lat\/","title":{"rendered":"Na torach je\u00bfd\u00bf\u00b1 starocie. 90 proc. wagon\u00f3w PKP Intercity ma ponad 26 lat"},"content":{"rendered":"<p>PKP Intercity ma 2,1 tys. wagon\u00f3w. Najbardziej liczn\u0105 grup\u0105 s\u0105 maj\u0105ce ponad 30 lat. Jest ich a\u017c 799.<\/p>\n<p>Drug\u0105 pod wzgl\u0119dem liczebno\u015bci s\u0105 wagony 26-30-letnie, kt\u00f3rych jest 440. Niemal wszystkie z ponad 130 wagon\u00f3w sypialnych tak\u017ce doci\u0105gaj\u0105 ju\u017c do kolejowej emerytury,  podobnie jak 61 wagon\u00f3w z kuszetkami. Ani jednej nowej nie przyby\u0142o od 26 lat &#8211; to dane ze sprawozdania dzia\u0142alno\u015bci firmy za 2018 rok.<\/p>\n<h2>60 proc. najstarszych<\/h2>\n<p>Rok wcze\u015bniej \u015bredni wiek poci\u0105g\u00f3w by\u0142 niewiele ni\u017cszy, ale wtedy m\u0142odsze wagony stanowi\u0142y jeszcze wi\u0119kszo\u015b\u0107: 26-30-letnich (tylko 2. klasa) by\u0142o 656, a starszych &#8211; 613.<\/p>\n<p><\/p>\n<p><a href=\"http:\/\/wyborcza.pl\/7,155287,25045009,na-torach-jezdza-starocie-90-proc-wagonow-pkp-intercity-ma.html\">Source link<\/a><\/p>\n","protected":false},"excerpt":{"rendered":"<p>PKP Intercity ma 2,1 tys. wagon\u00f3w. Najbardziej liczn\u0105 grup\u0105 s\u0105 maj\u0105ce ponad 30 lat. Jest ich a\u017c 799. Drug\u0105 pod wzgl\u0119dem liczebno\u015bci s\u0105 wagony 26-30-letnie, kt\u00f3rych jest 440. Niemal wszystkie z ponad 130 wagon\u00f3w sypialnych tak\u017ce doci\u0105gaj\u0105 ju\u017c do kolejowej emerytury, podobnie jak 61 wagon\u00f3w z kuszetkami. Ani jednej nowej nie przyby\u0142o od 26 lat [&hellip;]<\/p>\n","protected":false},"author":2,"featured_media":1089,"comment_status":"open","ping_status":"open","sticky":false,"template":"","format":"standard","meta":{"footnotes":""},"categories":[1],"tags":[],"class_list":["post-1088","post","type-post","status-publish","format-standard","has-post-thumbnail","hentry","category-najnowsze-wiadomosci-finansowe"],"yoast_head":"<!-- This site is optimized with the Yoast SEO plugin v27.4 - https:\/\/yoast.com\/product\/yoast-seo-wordpress\/ -->\n<title>Na torach je\u00bfd\u00bf\u00b1 starocie. 90 proc. wagon\u00f3w PKP Intercity ma ponad 26 lat - Hot News in World<\/title>\n<meta name=\"robots\" content=\"index, follow, max-snippet:-1, max-image-preview:large, max-video-preview:-1\" \/>\n<link rel=\"canonical\" href=\"https:\/\/hotnewsinworld.com\/pl\/na-torach-jed\u00b1-starocie-90-proc-wagonow-pkp-intercity-ma-ponad-26-lat\/\" \/>\n<meta property=\"og:locale\" content=\"pl_PL\" \/>\n<meta property=\"og:type\" content=\"article\" \/>\n<meta property=\"og:title\" content=\"Na torach je\u00bfd\u00bf\u00b1 starocie. 90 proc. wagon\u00f3w PKP Intercity ma ponad 26 lat - Hot News in World\" \/>\n<meta property=\"og:description\" content=\"PKP Intercity ma 2,1 tys. wagon\u00f3w. Najbardziej liczn\u0105 grup\u0105 s\u0105 maj\u0105ce ponad 30 lat. Jest ich a\u017c 799. Drug\u0105 pod wzgl\u0119dem liczebno\u015bci s\u0105 wagony 26-30-letnie, kt\u00f3rych jest 440. Niemal wszystkie z ponad 130 wagon\u00f3w sypialnych tak\u017ce doci\u0105gaj\u0105 ju\u017c do kolejowej emerytury, podobnie jak 61 wagon\u00f3w z kuszetkami. Ani jednej nowej nie przyby\u0142o od 26 lat [&hellip;]\" \/>\n<meta property=\"og:url\" content=\"https:\/\/hotnewsinworld.com\/pl\/na-torach-jed\u00b1-starocie-90-proc-wagonow-pkp-intercity-ma-ponad-26-lat\/\" \/>\n<meta property=\"og:site_name\" content=\"Hot News in World\" \/>\n<meta property=\"article:published_time\" content=\"2019-08-06T07:29:01+00:00\" \/>\n<meta property=\"article:modified_time\" content=\"2020-03-06T10:17:04+00:00\" \/>\n<meta property=\"og:image\" content=\"https:\/\/hotnewsinworld.com\/pl\/wp-content\/uploads\/sites\/6\/2019\/08\/Na-torach-je\u00bfd\u00bf\u00b1-starocie.-90-proc.-wagon\u00f3w-PKP-Intercity-ma.jpg\" \/>\n\t<meta property=\"og:image:width\" content=\"300\" \/>\n\t<meta property=\"og:image:height\" content=\"200\" \/>\n\t<meta property=\"og:image:type\" content=\"image\/jpeg\" \/>\n<meta name=\"author\" content=\"hotnewsinworld\" \/>\n<meta name=\"twitter:card\" content=\"summary_large_image\" \/>\n<meta name=\"twitter:label1\" content=\"Napisane przez\" \/>\n\t<meta name=\"twitter:data1\" content=\"hotnewsinworld\" \/>\n\t<meta name=\"twitter:label2\" content=\"Szacowany czas czytania\" \/>\n\t<meta name=\"twitter:data2\" content=\"1 minuta\" \/>\n<script type=\"application\/ld+json\" class=\"yoast-schema-graph\">{\"@context\":\"https:\\\/\\\/schema.org\",\"@graph\":[{\"@type\":\"Article\",\"@id\":\"https:\\\/\\\/hotnewsinworld.com\\\/pl\\\/na-torach-jed%c2%b1-starocie-90-proc-wagonow-pkp-intercity-ma-ponad-26-lat\\\/#article\",\"isPartOf\":{\"@id\":\"https:\\\/\\\/hotnewsinworld.com\\\/pl\\\/na-torach-jed%c2%b1-starocie-90-proc-wagonow-pkp-intercity-ma-ponad-26-lat\\\/\"},\"author\":{\"name\":\"hotnewsinworld\",\"@id\":\"https:\\\/\\\/hotnewsinworld.com\\\/pl\\\/#\\\/schema\\\/person\\\/fe61448b21c0d59086e75fcc1f9d8f6b\"},\"headline\":\"Na torach je\u00bfd\u00bf\u00b1 starocie. 90 proc. wagon\u00f3w PKP Intercity ma ponad 26 lat\",\"datePublished\":\"2019-08-06T07:29:01+00:00\",\"dateModified\":\"2020-03-06T10:17:04+00:00\",\"mainEntityOfPage\":{\"@id\":\"https:\\\/\\\/hotnewsinworld.com\\\/pl\\\/na-torach-jed%c2%b1-starocie-90-proc-wagonow-pkp-intercity-ma-ponad-26-lat\\\/\"},\"wordCount\":118,\"commentCount\":0,\"image\":{\"@id\":\"https:\\\/\\\/hotnewsinworld.com\\\/pl\\\/na-torach-jed%c2%b1-starocie-90-proc-wagonow-pkp-intercity-ma-ponad-26-lat\\\/#primaryimage\"},\"thumbnailUrl\":\"https:\\\/\\\/hotnewsinworld.com\\\/pl\\\/wp-content\\\/uploads\\\/sites\\\/6\\\/2019\\\/08\\\/Na-torach-je\u00bfd\u00bf\u00b1-starocie.-90-proc.-wagon\u00f3w-PKP-Intercity-ma.jpg\",\"articleSection\":[\"NAJNOWSZE WIADOMO\u015aCI FINANSOWE\"],\"inLanguage\":\"pl-PL\",\"potentialAction\":[{\"@type\":\"CommentAction\",\"name\":\"Comment\",\"target\":[\"https:\\\/\\\/hotnewsinworld.com\\\/pl\\\/na-torach-jed%c2%b1-starocie-90-proc-wagonow-pkp-intercity-ma-ponad-26-lat\\\/#respond\"]}]},{\"@type\":\"WebPage\",\"@id\":\"https:\\\/\\\/hotnewsinworld.com\\\/pl\\\/na-torach-jed%c2%b1-starocie-90-proc-wagonow-pkp-intercity-ma-ponad-26-lat\\\/\",\"url\":\"https:\\\/\\\/hotnewsinworld.com\\\/pl\\\/na-torach-jed%c2%b1-starocie-90-proc-wagonow-pkp-intercity-ma-ponad-26-lat\\\/\",\"name\":\"Na torach je\u00bfd\u00bf\u00b1 starocie. 90 proc. wagon\u00f3w PKP Intercity ma ponad 26 lat - Hot News in World\",\"isPartOf\":{\"@id\":\"https:\\\/\\\/hotnewsinworld.com\\\/pl\\\/#website\"},\"primaryImageOfPage\":{\"@id\":\"https:\\\/\\\/hotnewsinworld.com\\\/pl\\\/na-torach-jed%c2%b1-starocie-90-proc-wagonow-pkp-intercity-ma-ponad-26-lat\\\/#primaryimage\"},\"image\":{\"@id\":\"https:\\\/\\\/hotnewsinworld.com\\\/pl\\\/na-torach-jed%c2%b1-starocie-90-proc-wagonow-pkp-intercity-ma-ponad-26-lat\\\/#primaryimage\"},\"thumbnailUrl\":\"https:\\\/\\\/hotnewsinworld.com\\\/pl\\\/wp-content\\\/uploads\\\/sites\\\/6\\\/2019\\\/08\\\/Na-torach-je\u00bfd\u00bf\u00b1-starocie.-90-proc.-wagon\u00f3w-PKP-Intercity-ma.jpg\",\"datePublished\":\"2019-08-06T07:29:01+00:00\",\"dateModified\":\"2020-03-06T10:17:04+00:00\",\"author\":{\"@id\":\"https:\\\/\\\/hotnewsinworld.com\\\/pl\\\/#\\\/schema\\\/person\\\/fe61448b21c0d59086e75fcc1f9d8f6b\"},\"breadcrumb\":{\"@id\":\"https:\\\/\\\/hotnewsinworld.com\\\/pl\\\/na-torach-jed%c2%b1-starocie-90-proc-wagonow-pkp-intercity-ma-ponad-26-lat\\\/#breadcrumb\"},\"inLanguage\":\"pl-PL\",\"potentialAction\":[{\"@type\":\"ReadAction\",\"target\":[\"https:\\\/\\\/hotnewsinworld.com\\\/pl\\\/na-torach-jed%c2%b1-starocie-90-proc-wagonow-pkp-intercity-ma-ponad-26-lat\\\/\"]}]},{\"@type\":\"ImageObject\",\"inLanguage\":\"pl-PL\",\"@id\":\"https:\\\/\\\/hotnewsinworld.com\\\/pl\\\/na-torach-jed%c2%b1-starocie-90-proc-wagonow-pkp-intercity-ma-ponad-26-lat\\\/#primaryimage\",\"url\":\"https:\\\/\\\/hotnewsinworld.com\\\/pl\\\/wp-content\\\/uploads\\\/sites\\\/6\\\/2019\\\/08\\\/Na-torach-je\u00bfd\u00bf\u00b1-starocie.-90-proc.-wagon\u00f3w-PKP-Intercity-ma.jpg\",\"contentUrl\":\"https:\\\/\\\/hotnewsinworld.com\\\/pl\\\/wp-content\\\/uploads\\\/sites\\\/6\\\/2019\\\/08\\\/Na-torach-je\u00bfd\u00bf\u00b1-starocie.-90-proc.-wagon\u00f3w-PKP-Intercity-ma.jpg\",\"width\":300,\"height\":200,\"caption\":\"Na torach je\u00bfd\u00bf\u00b1 starocie. 90 proc. wagon\u00f3w PKP Intercity ma ponad 26 lat\"},{\"@type\":\"BreadcrumbList\",\"@id\":\"https:\\\/\\\/hotnewsinworld.com\\\/pl\\\/na-torach-jed%c2%b1-starocie-90-proc-wagonow-pkp-intercity-ma-ponad-26-lat\\\/#breadcrumb\",\"itemListElement\":[{\"@type\":\"ListItem\",\"position\":1,\"name\":\"\u0413\u043b\u0430\u0432\u043d\u0430\u044f \u0441\u0442\u0440\u0430\u043d\u0438\u0446\u0430\",\"item\":\"https:\\\/\\\/hotnewsinworld.com\\\/pl\\\/\"},{\"@type\":\"ListItem\",\"position\":2,\"name\":\"Na torach je\u00bfd\u00bf\u00b1 starocie. 90 proc. wagon\u00f3w PKP Intercity ma ponad 26 lat\"}]},{\"@type\":\"WebSite\",\"@id\":\"https:\\\/\\\/hotnewsinworld.com\\\/pl\\\/#website\",\"url\":\"https:\\\/\\\/hotnewsinworld.com\\\/pl\\\/\",\"name\":\"Hot News in World\",\"description\":\"Hot News in World Polska\",\"potentialAction\":[{\"@type\":\"SearchAction\",\"target\":{\"@type\":\"EntryPoint\",\"urlTemplate\":\"https:\\\/\\\/hotnewsinworld.com\\\/pl\\\/?s={search_term_string}\"},\"query-input\":{\"@type\":\"PropertyValueSpecification\",\"valueRequired\":true,\"valueName\":\"search_term_string\"}}],\"inLanguage\":\"pl-PL\"},{\"@type\":\"Person\",\"@id\":\"https:\\\/\\\/hotnewsinworld.com\\\/pl\\\/#\\\/schema\\\/person\\\/fe61448b21c0d59086e75fcc1f9d8f6b\",\"name\":\"hotnewsinworld\",\"image\":{\"@type\":\"ImageObject\",\"inLanguage\":\"pl-PL\",\"@id\":\"https:\\\/\\\/secure.gravatar.com\\\/avatar\\\/8a09ac165600ce2e1c38fe593c63928eb1e6e7ba5c5a907d67787c41b3d00c14?s=96&d=mm&r=g\",\"url\":\"https:\\\/\\\/secure.gravatar.com\\\/avatar\\\/8a09ac165600ce2e1c38fe593c63928eb1e6e7ba5c5a907d67787c41b3d00c14?s=96&d=mm&r=g\",\"contentUrl\":\"https:\\\/\\\/secure.gravatar.com\\\/avatar\\\/8a09ac165600ce2e1c38fe593c63928eb1e6e7ba5c5a907d67787c41b3d00c14?s=96&d=mm&r=g\",\"caption\":\"hotnewsinworld\"},\"url\":\"https:\\\/\\\/hotnewsinworld.com\\\/pl\\\/author\\\/pt\\\/\"}]}<\/script>\n<!-- \/ Yoast SEO plugin. -->","yoast_head_json":{"title":"Na torach je\u00bfd\u00bf\u00b1 starocie. 90 proc. wagon\u00f3w PKP Intercity ma ponad 26 lat - Hot News in World","robots":{"index":"index","follow":"follow","max-snippet":"max-snippet:-1","max-image-preview":"max-image-preview:large","max-video-preview":"max-video-preview:-1"},"canonical":"https:\/\/hotnewsinworld.com\/pl\/na-torach-jed\u00b1-starocie-90-proc-wagonow-pkp-intercity-ma-ponad-26-lat\/","og_locale":"pl_PL","og_type":"article","og_title":"Na torach je\u00bfd\u00bf\u00b1 starocie. 90 proc. wagon\u00f3w PKP Intercity ma ponad 26 lat - Hot News in World","og_description":"PKP Intercity ma 2,1 tys. wagon\u00f3w. Najbardziej liczn\u0105 grup\u0105 s\u0105 maj\u0105ce ponad 30 lat. Jest ich a\u017c 799. Drug\u0105 pod wzgl\u0119dem liczebno\u015bci s\u0105 wagony 26-30-letnie, kt\u00f3rych jest 440. Niemal wszystkie z ponad 130 wagon\u00f3w sypialnych tak\u017ce doci\u0105gaj\u0105 ju\u017c do kolejowej emerytury, podobnie jak 61 wagon\u00f3w z kuszetkami. Ani jednej nowej nie przyby\u0142o od 26 lat [&hellip;]","og_url":"https:\/\/hotnewsinworld.com\/pl\/na-torach-jed\u00b1-starocie-90-proc-wagonow-pkp-intercity-ma-ponad-26-lat\/","og_site_name":"Hot News in World","article_published_time":"2019-08-06T07:29:01+00:00","article_modified_time":"2020-03-06T10:17:04+00:00","og_image":[{"width":300,"height":200,"url":"https:\/\/hotnewsinworld.com\/pl\/wp-content\/uploads\/sites\/6\/2019\/08\/Na-torach-je\u00bfd\u00bf\u00b1-starocie.-90-proc.-wagon\u00f3w-PKP-Intercity-ma.jpg","type":"image\/jpeg"}],"author":"hotnewsinworld","twitter_card":"summary_large_image","twitter_misc":{"Napisane przez":"hotnewsinworld","Szacowany czas czytania":"1 minuta"},"schema":{"@context":"https:\/\/schema.org","@graph":[{"@type":"Article","@id":"https:\/\/hotnewsinworld.com\/pl\/na-torach-jed%c2%b1-starocie-90-proc-wagonow-pkp-intercity-ma-ponad-26-lat\/#article","isPartOf":{"@id":"https:\/\/hotnewsinworld.com\/pl\/na-torach-jed%c2%b1-starocie-90-proc-wagonow-pkp-intercity-ma-ponad-26-lat\/"},"author":{"name":"hotnewsinworld","@id":"https:\/\/hotnewsinworld.com\/pl\/#\/schema\/person\/fe61448b21c0d59086e75fcc1f9d8f6b"},"headline":"Na torach je\u00bfd\u00bf\u00b1 starocie. 90 proc. wagon\u00f3w PKP Intercity ma ponad 26 lat","datePublished":"2019-08-06T07:29:01+00:00","dateModified":"2020-03-06T10:17:04+00:00","mainEntityOfPage":{"@id":"https:\/\/hotnewsinworld.com\/pl\/na-torach-jed%c2%b1-starocie-90-proc-wagonow-pkp-intercity-ma-ponad-26-lat\/"},"wordCount":118,"commentCount":0,"image":{"@id":"https:\/\/hotnewsinworld.com\/pl\/na-torach-jed%c2%b1-starocie-90-proc-wagonow-pkp-intercity-ma-ponad-26-lat\/#primaryimage"},"thumbnailUrl":"https:\/\/hotnewsinworld.com\/pl\/wp-content\/uploads\/sites\/6\/2019\/08\/Na-torach-je\u00bfd\u00bf\u00b1-starocie.-90-proc.-wagon\u00f3w-PKP-Intercity-ma.jpg","articleSection":["NAJNOWSZE WIADOMO\u015aCI FINANSOWE"],"inLanguage":"pl-PL","potentialAction":[{"@type":"CommentAction","name":"Comment","target":["https:\/\/hotnewsinworld.com\/pl\/na-torach-jed%c2%b1-starocie-90-proc-wagonow-pkp-intercity-ma-ponad-26-lat\/#respond"]}]},{"@type":"WebPage","@id":"https:\/\/hotnewsinworld.com\/pl\/na-torach-jed%c2%b1-starocie-90-proc-wagonow-pkp-intercity-ma-ponad-26-lat\/","url":"https:\/\/hotnewsinworld.com\/pl\/na-torach-jed%c2%b1-starocie-90-proc-wagonow-pkp-intercity-ma-ponad-26-lat\/","name":"Na torach je\u00bfd\u00bf\u00b1 starocie. 90 proc. wagon\u00f3w PKP Intercity ma ponad 26 lat - Hot News in World","isPartOf":{"@id":"https:\/\/hotnewsinworld.com\/pl\/#website"},"primaryImageOfPage":{"@id":"https:\/\/hotnewsinworld.com\/pl\/na-torach-jed%c2%b1-starocie-90-proc-wagonow-pkp-intercity-ma-ponad-26-lat\/#primaryimage"},"image":{"@id":"https:\/\/hotnewsinworld.com\/pl\/na-torach-jed%c2%b1-starocie-90-proc-wagonow-pkp-intercity-ma-ponad-26-lat\/#primaryimage"},"thumbnailUrl":"https:\/\/hotnewsinworld.com\/pl\/wp-content\/uploads\/sites\/6\/2019\/08\/Na-torach-je\u00bfd\u00bf\u00b1-starocie.-90-proc.-wagon\u00f3w-PKP-Intercity-ma.jpg","datePublished":"2019-08-06T07:29:01+00:00","dateModified":"2020-03-06T10:17:04+00:00","author":{"@id":"https:\/\/hotnewsinworld.com\/pl\/#\/schema\/person\/fe61448b21c0d59086e75fcc1f9d8f6b"},"breadcrumb":{"@id":"https:\/\/hotnewsinworld.com\/pl\/na-torach-jed%c2%b1-starocie-90-proc-wagonow-pkp-intercity-ma-ponad-26-lat\/#breadcrumb"},"inLanguage":"pl-PL","potentialAction":[{"@type":"ReadAction","target":["https:\/\/hotnewsinworld.com\/pl\/na-torach-jed%c2%b1-starocie-90-proc-wagonow-pkp-intercity-ma-ponad-26-lat\/"]}]},{"@type":"ImageObject","inLanguage":"pl-PL","@id":"https:\/\/hotnewsinworld.com\/pl\/na-torach-jed%c2%b1-starocie-90-proc-wagonow-pkp-intercity-ma-ponad-26-lat\/#primaryimage","url":"https:\/\/hotnewsinworld.com\/pl\/wp-content\/uploads\/sites\/6\/2019\/08\/Na-torach-je\u00bfd\u00bf\u00b1-starocie.-90-proc.-wagon\u00f3w-PKP-Intercity-ma.jpg","contentUrl":"https:\/\/hotnewsinworld.com\/pl\/wp-content\/uploads\/sites\/6\/2019\/08\/Na-torach-je\u00bfd\u00bf\u00b1-starocie.-90-proc.-wagon\u00f3w-PKP-Intercity-ma.jpg","width":300,"height":200,"caption":"Na torach je\u00bfd\u00bf\u00b1 starocie. 90 proc. wagon\u00f3w PKP Intercity ma ponad 26 lat"},{"@type":"BreadcrumbList","@id":"https:\/\/hotnewsinworld.com\/pl\/na-torach-jed%c2%b1-starocie-90-proc-wagonow-pkp-intercity-ma-ponad-26-lat\/#breadcrumb","itemListElement":[{"@type":"ListItem","position":1,"name":"\u0413\u043b\u0430\u0432\u043d\u0430\u044f \u0441\u0442\u0440\u0430\u043d\u0438\u0446\u0430","item":"https:\/\/hotnewsinworld.com\/pl\/"},{"@type":"ListItem","position":2,"name":"Na torach je\u00bfd\u00bf\u00b1 starocie. 90 proc. wagon\u00f3w PKP Intercity ma ponad 26 lat"}]},{"@type":"WebSite","@id":"https:\/\/hotnewsinworld.com\/pl\/#website","url":"https:\/\/hotnewsinworld.com\/pl\/","name":"Hot News in World","description":"Hot News in World Polska","potentialAction":[{"@type":"SearchAction","target":{"@type":"EntryPoint","urlTemplate":"https:\/\/hotnewsinworld.com\/pl\/?s={search_term_string}"},"query-input":{"@type":"PropertyValueSpecification","valueRequired":true,"valueName":"search_term_string"}}],"inLanguage":"pl-PL"},{"@type":"Person","@id":"https:\/\/hotnewsinworld.com\/pl\/#\/schema\/person\/fe61448b21c0d59086e75fcc1f9d8f6b","name":"hotnewsinworld","image":{"@type":"ImageObject","inLanguage":"pl-PL","@id":"https:\/\/secure.gravatar.com\/avatar\/8a09ac165600ce2e1c38fe593c63928eb1e6e7ba5c5a907d67787c41b3d00c14?s=96&d=mm&r=g","url":"https:\/\/secure.gravatar.com\/avatar\/8a09ac165600ce2e1c38fe593c63928eb1e6e7ba5c5a907d67787c41b3d00c14?s=96&d=mm&r=g","contentUrl":"https:\/\/secure.gravatar.com\/avatar\/8a09ac165600ce2e1c38fe593c63928eb1e6e7ba5c5a907d67787c41b3d00c14?s=96&d=mm&r=g","caption":"hotnewsinworld"},"url":"https:\/\/hotnewsinworld.com\/pl\/author\/pt\/"}]}},"_links":{"self":[{"href":"https:\/\/hotnewsinworld.com\/pl\/wp-json\/wp\/v2\/posts\/1088","targetHints":{"allow":["GET"]}}],"collection":[{"href":"https:\/\/hotnewsinworld.com\/pl\/wp-json\/wp\/v2\/posts"}],"about":[{"href":"https:\/\/hotnewsinworld.com\/pl\/wp-json\/wp\/v2\/types\/post"}],"author":[{"embeddable":true,"href":"https:\/\/hotnewsinworld.com\/pl\/wp-json\/wp\/v2\/users\/2"}],"replies":[{"embeddable":true,"href":"https:\/\/hotnewsinworld.com\/pl\/wp-json\/wp\/v2\/comments?post=1088"}],"version-history":[{"count":2,"href":"https:\/\/hotnewsinworld.com\/pl\/wp-json\/wp\/v2\/posts\/1088\/revisions"}],"predecessor-version":[{"id":3306,"href":"https:\/\/hotnewsinworld.com\/pl\/wp-json\/wp\/v2\/posts\/1088\/revisions\/3306"}],"wp:featuredmedia":[{"embeddable":true,"href":"https:\/\/hotnewsinworld.com\/pl\/wp-json\/wp\/v2\/media\/1089"}],"wp:attachment":[{"href":"https:\/\/hotnewsinworld.com\/pl\/wp-json\/wp\/v2\/media?parent=1088"}],"wp:term":[{"taxonomy":"category","embeddable":true,"href":"https:\/\/hotnewsinworld.com\/pl\/wp-json\/wp\/v2\/categories?post=1088"},{"taxonomy":"post_tag","embeddable":true,"href":"https:\/\/hotnewsinworld.com\/pl\/wp-json\/wp\/v2\/tags?post=1088"}],"curies":[{"name":"wp","href":"https:\/\/api.w.org\/{rel}","templated":true}]}}