{"id":1143,"date":"2019-08-07T18:55:32","date_gmt":"2019-08-07T15:55:32","guid":{"rendered":"https:\/\/hotnewsinworld.com\/pl\/lukasz-nowicki-w-kampanii-spolecznej-stop-suszy\/"},"modified":"2019-08-07T18:55:33","modified_gmt":"2019-08-07T15:55:33","slug":"lukasz-nowicki-w-kampanii-spolecznej-stop-suszy","status":"publish","type":"post","link":"https:\/\/hotnewsinworld.com\/pl\/lukasz-nowicki-w-kampanii-spolecznej-stop-suszy\/","title":{"rendered":"\u0141ukasz Nowicki w kampanii spo\u0142ecznej &#8222;Stop suszy!&#8221;"},"content":{"rendered":"<p> [ad_1]<br \/>\n<\/p>\n<div id=\"\">\n<p>W ramach akcji powsta\u0142 film, w kt\u00f3rym pokazane s\u0105 potencjalne, d\u0142ugotrwa\u0142e skutki okres\u00f3w suszy.<\/p>\n<p>&#13;<br \/>\n&#13;<\/p>\n<p>Produkcja jest dost\u0119pna na stronie: wody gov.pl, na Facebooku i YouTube W\u00f3d Polskich.<\/p>\n<p>&#13;<br \/>\n&#13;<\/p>\n<p><iframe loading=\"lazy\" allow=\"accelerometer; autoplay; encrypted-media; gyroscope; picture-in-picture\" allowfullscreen=\"\" frameborder=\"0\" height=\"315\" src=\"https:\/\/www.youtube.com\/embed\/8D5f12dfbZQ\" width=\"560\"><\/iframe><\/p>\n<p>&#13;<br \/>\n&#13;<\/p>\n<p>Tw\u00f3rcy kampanii zach\u0119caj\u0105 do oszcz\u0119dzania wody, nie tylko przez zakr\u0119canie kran\u00f3w. Warto np. zbiera\u0107 deszcz\u00f3wk\u0119 do podlewania ogr\u00f3dka, odtwarza\u0107 tereny zielone w miastach, robi\u0107 oczka wodne i gromadzi\u0107 wod\u0119 w swoim otoczeniu.<\/p>\n<p>&#13;<br \/>\n                            &#13;<br \/>\n&#13;<br \/>\n                            &#13;<br \/>\n&#13;<br \/>\n&#13;<br \/>\n&#13;<br \/>\n&#13;<br \/>\n&#13;<br \/>\n                            &#13;<br \/>\n                                                            &#13;<br \/>\n&#13;<br \/>\n                            &#13;\n                        <\/p><\/div>\n<p><script>(function (d, s, id) {\n        var js, fjs = d.getElementsByTagName(s)[0];\n        if (d.getElementById(id)) return;\n        js = d.createElement(s);\n        js.id = id;\n        js.src = \"http:\/\/connect.facebook.net\/pl_PL\/sdk.js#xfbml=1&version=v2.6&appId=297996717062470\";\n        fjs.parentNode.insertBefore(js, fjs);\n    }(document, 'script', 'facebook-jssdk'));<\/script><br \/>\n<br \/>[ad_2]<br \/>\n<br \/><a href=\"https:\/\/www.wirtualnemedia.pl\/artykul\/lukasz-nowicki-w-kampanii-spolecznej-stop-suszy\">Source link <\/a><\/p>\n","protected":false},"excerpt":{"rendered":"<p>[ad_1] W ramach akcji powsta\u0142 film, w kt\u00f3rym pokazane s\u0105 potencjalne, d\u0142ugotrwa\u0142e skutki okres\u00f3w suszy. &#13; &#13; Produkcja jest dost\u0119pna na stronie: wody gov.pl, na Facebooku i YouTube W\u00f3d Polskich. &#13; &#13; &#13; &#13; Tw\u00f3rcy kampanii zach\u0119caj\u0105 do oszcz\u0119dzania wody, nie tylko przez zakr\u0119canie kran\u00f3w. Warto np. zbiera\u0107 deszcz\u00f3wk\u0119 do podlewania ogr\u00f3dka, odtwarza\u0107 tereny zielone [&hellip;]<\/p>\n","protected":false},"author":2,"featured_media":1144,"comment_status":"open","ping_status":"open","sticky":false,"template":"","format":"standard","meta":{"footnotes":""},"categories":[3],"tags":[],"class_list":["post-1143","post","type-post","status-publish","format-standard","has-post-thumbnail","hentry","category-wiadomosci-medialne-spoleczne"],"yoast_head":"<!-- This site is optimized with the Yoast SEO plugin v27.4 - https:\/\/yoast.com\/product\/yoast-seo-wordpress\/ -->\n<title>\u0141ukasz Nowicki w kampanii spo\u0142ecznej &quot;Stop suszy!&quot; - Hot News in World<\/title>\n<meta name=\"robots\" content=\"index, follow, max-snippet:-1, max-image-preview:large, max-video-preview:-1\" \/>\n<link rel=\"canonical\" href=\"https:\/\/hotnewsinworld.com\/pl\/lukasz-nowicki-w-kampanii-spolecznej-stop-suszy\/\" \/>\n<meta property=\"og:locale\" content=\"pl_PL\" \/>\n<meta property=\"og:type\" content=\"article\" \/>\n<meta property=\"og:title\" content=\"\u0141ukasz Nowicki w kampanii spo\u0142ecznej &quot;Stop suszy!&quot; - Hot News in World\" \/>\n<meta property=\"og:description\" content=\"[ad_1] W ramach akcji powsta\u0142 film, w kt\u00f3rym pokazane s\u0105 potencjalne, d\u0142ugotrwa\u0142e skutki okres\u00f3w suszy. &#013; &#013; Produkcja jest dost\u0119pna na stronie: wody gov.pl, na Facebooku i YouTube W\u00f3d Polskich. &#013; &#013; &#013; &#013; Tw\u00f3rcy kampanii zach\u0119caj\u0105 do oszcz\u0119dzania wody, nie tylko przez zakr\u0119canie kran\u00f3w. Warto np. zbiera\u0107 deszcz\u00f3wk\u0119 do podlewania ogr\u00f3dka, odtwarza\u0107 tereny zielone [&hellip;]\" \/>\n<meta property=\"og:url\" content=\"https:\/\/hotnewsinworld.com\/pl\/lukasz-nowicki-w-kampanii-spolecznej-stop-suszy\/\" \/>\n<meta property=\"og:site_name\" content=\"Hot News in World\" \/>\n<meta property=\"article:published_time\" content=\"2019-08-07T15:55:32+00:00\" \/>\n<meta property=\"article:modified_time\" content=\"2019-08-07T15:55:33+00:00\" \/>\n<meta property=\"og:image\" content=\"https:\/\/hotnewsinworld.com\/pl\/wp-content\/uploads\/sites\/6\/2019\/08\/\u0141ukasz-Nowicki-w-kampanii-spo\u0142ecznej-Stop-suszy.png\" \/>\n\t<meta property=\"og:image:width\" content=\"655\" \/>\n\t<meta property=\"og:image:height\" content=\"285\" \/>\n\t<meta property=\"og:image:type\" content=\"image\/png\" \/>\n<meta name=\"author\" content=\"hotnewsinworld\" \/>\n<meta name=\"twitter:card\" content=\"summary_large_image\" \/>\n<meta name=\"twitter:label1\" content=\"Napisane przez\" \/>\n\t<meta name=\"twitter:data1\" content=\"hotnewsinworld\" \/>\n<script type=\"application\/ld+json\" class=\"yoast-schema-graph\">{\"@context\":\"https:\\\/\\\/schema.org\",\"@graph\":[{\"@type\":\"Article\",\"@id\":\"https:\\\/\\\/hotnewsinworld.com\\\/pl\\\/lukasz-nowicki-w-kampanii-spolecznej-stop-suszy\\\/#article\",\"isPartOf\":{\"@id\":\"https:\\\/\\\/hotnewsinworld.com\\\/pl\\\/lukasz-nowicki-w-kampanii-spolecznej-stop-suszy\\\/\"},\"author\":{\"name\":\"hotnewsinworld\",\"@id\":\"https:\\\/\\\/hotnewsinworld.com\\\/pl\\\/#\\\/schema\\\/person\\\/fe61448b21c0d59086e75fcc1f9d8f6b\"},\"headline\":\"\u0141ukasz Nowicki w kampanii spo\u0142ecznej &#8222;Stop suszy!&#8221;\",\"datePublished\":\"2019-08-07T15:55:32+00:00\",\"dateModified\":\"2019-08-07T15:55:33+00:00\",\"mainEntityOfPage\":{\"@id\":\"https:\\\/\\\/hotnewsinworld.com\\\/pl\\\/lukasz-nowicki-w-kampanii-spolecznej-stop-suszy\\\/\"},\"wordCount\":85,\"commentCount\":0,\"image\":{\"@id\":\"https:\\\/\\\/hotnewsinworld.com\\\/pl\\\/lukasz-nowicki-w-kampanii-spolecznej-stop-suszy\\\/#primaryimage\"},\"thumbnailUrl\":\"https:\\\/\\\/hotnewsinworld.com\\\/pl\\\/wp-content\\\/uploads\\\/sites\\\/6\\\/2019\\\/08\\\/\u0141ukasz-Nowicki-w-kampanii-spo\u0142ecznej-Stop-suszy.png\",\"articleSection\":[\"WIADOMO\u015aCI MEDIALNE SPO\u0141ECZNE\"],\"inLanguage\":\"pl-PL\",\"potentialAction\":[{\"@type\":\"CommentAction\",\"name\":\"Comment\",\"target\":[\"https:\\\/\\\/hotnewsinworld.com\\\/pl\\\/lukasz-nowicki-w-kampanii-spolecznej-stop-suszy\\\/#respond\"]}]},{\"@type\":\"WebPage\",\"@id\":\"https:\\\/\\\/hotnewsinworld.com\\\/pl\\\/lukasz-nowicki-w-kampanii-spolecznej-stop-suszy\\\/\",\"url\":\"https:\\\/\\\/hotnewsinworld.com\\\/pl\\\/lukasz-nowicki-w-kampanii-spolecznej-stop-suszy\\\/\",\"name\":\"\u0141ukasz Nowicki w kampanii spo\u0142ecznej \\\"Stop suszy!\\\" - Hot News in World\",\"isPartOf\":{\"@id\":\"https:\\\/\\\/hotnewsinworld.com\\\/pl\\\/#website\"},\"primaryImageOfPage\":{\"@id\":\"https:\\\/\\\/hotnewsinworld.com\\\/pl\\\/lukasz-nowicki-w-kampanii-spolecznej-stop-suszy\\\/#primaryimage\"},\"image\":{\"@id\":\"https:\\\/\\\/hotnewsinworld.com\\\/pl\\\/lukasz-nowicki-w-kampanii-spolecznej-stop-suszy\\\/#primaryimage\"},\"thumbnailUrl\":\"https:\\\/\\\/hotnewsinworld.com\\\/pl\\\/wp-content\\\/uploads\\\/sites\\\/6\\\/2019\\\/08\\\/\u0141ukasz-Nowicki-w-kampanii-spo\u0142ecznej-Stop-suszy.png\",\"datePublished\":\"2019-08-07T15:55:32+00:00\",\"dateModified\":\"2019-08-07T15:55:33+00:00\",\"author\":{\"@id\":\"https:\\\/\\\/hotnewsinworld.com\\\/pl\\\/#\\\/schema\\\/person\\\/fe61448b21c0d59086e75fcc1f9d8f6b\"},\"breadcrumb\":{\"@id\":\"https:\\\/\\\/hotnewsinworld.com\\\/pl\\\/lukasz-nowicki-w-kampanii-spolecznej-stop-suszy\\\/#breadcrumb\"},\"inLanguage\":\"pl-PL\",\"potentialAction\":[{\"@type\":\"ReadAction\",\"target\":[\"https:\\\/\\\/hotnewsinworld.com\\\/pl\\\/lukasz-nowicki-w-kampanii-spolecznej-stop-suszy\\\/\"]}]},{\"@type\":\"ImageObject\",\"inLanguage\":\"pl-PL\",\"@id\":\"https:\\\/\\\/hotnewsinworld.com\\\/pl\\\/lukasz-nowicki-w-kampanii-spolecznej-stop-suszy\\\/#primaryimage\",\"url\":\"https:\\\/\\\/hotnewsinworld.com\\\/pl\\\/wp-content\\\/uploads\\\/sites\\\/6\\\/2019\\\/08\\\/\u0141ukasz-Nowicki-w-kampanii-spo\u0142ecznej-Stop-suszy.png\",\"contentUrl\":\"https:\\\/\\\/hotnewsinworld.com\\\/pl\\\/wp-content\\\/uploads\\\/sites\\\/6\\\/2019\\\/08\\\/\u0141ukasz-Nowicki-w-kampanii-spo\u0142ecznej-Stop-suszy.png\",\"width\":655,\"height\":285,\"caption\":\"Article\"},{\"@type\":\"BreadcrumbList\",\"@id\":\"https:\\\/\\\/hotnewsinworld.com\\\/pl\\\/lukasz-nowicki-w-kampanii-spolecznej-stop-suszy\\\/#breadcrumb\",\"itemListElement\":[{\"@type\":\"ListItem\",\"position\":1,\"name\":\"\u0413\u043b\u0430\u0432\u043d\u0430\u044f \u0441\u0442\u0440\u0430\u043d\u0438\u0446\u0430\",\"item\":\"https:\\\/\\\/hotnewsinworld.com\\\/pl\\\/\"},{\"@type\":\"ListItem\",\"position\":2,\"name\":\"\u0141ukasz Nowicki w kampanii spo\u0142ecznej &#8222;Stop suszy!&#8221;\"}]},{\"@type\":\"WebSite\",\"@id\":\"https:\\\/\\\/hotnewsinworld.com\\\/pl\\\/#website\",\"url\":\"https:\\\/\\\/hotnewsinworld.com\\\/pl\\\/\",\"name\":\"Hot News in World\",\"description\":\"Hot News in World Polska\",\"potentialAction\":[{\"@type\":\"SearchAction\",\"target\":{\"@type\":\"EntryPoint\",\"urlTemplate\":\"https:\\\/\\\/hotnewsinworld.com\\\/pl\\\/?s={search_term_string}\"},\"query-input\":{\"@type\":\"PropertyValueSpecification\",\"valueRequired\":true,\"valueName\":\"search_term_string\"}}],\"inLanguage\":\"pl-PL\"},{\"@type\":\"Person\",\"@id\":\"https:\\\/\\\/hotnewsinworld.com\\\/pl\\\/#\\\/schema\\\/person\\\/fe61448b21c0d59086e75fcc1f9d8f6b\",\"name\":\"hotnewsinworld\",\"image\":{\"@type\":\"ImageObject\",\"inLanguage\":\"pl-PL\",\"@id\":\"https:\\\/\\\/secure.gravatar.com\\\/avatar\\\/8a09ac165600ce2e1c38fe593c63928eb1e6e7ba5c5a907d67787c41b3d00c14?s=96&d=mm&r=g\",\"url\":\"https:\\\/\\\/secure.gravatar.com\\\/avatar\\\/8a09ac165600ce2e1c38fe593c63928eb1e6e7ba5c5a907d67787c41b3d00c14?s=96&d=mm&r=g\",\"contentUrl\":\"https:\\\/\\\/secure.gravatar.com\\\/avatar\\\/8a09ac165600ce2e1c38fe593c63928eb1e6e7ba5c5a907d67787c41b3d00c14?s=96&d=mm&r=g\",\"caption\":\"hotnewsinworld\"},\"url\":\"https:\\\/\\\/hotnewsinworld.com\\\/pl\\\/author\\\/pt\\\/\"}]}<\/script>\n<!-- \/ Yoast SEO plugin. -->","yoast_head_json":{"title":"\u0141ukasz Nowicki w kampanii spo\u0142ecznej \"Stop suszy!\" - Hot News in World","robots":{"index":"index","follow":"follow","max-snippet":"max-snippet:-1","max-image-preview":"max-image-preview:large","max-video-preview":"max-video-preview:-1"},"canonical":"https:\/\/hotnewsinworld.com\/pl\/lukasz-nowicki-w-kampanii-spolecznej-stop-suszy\/","og_locale":"pl_PL","og_type":"article","og_title":"\u0141ukasz Nowicki w kampanii spo\u0142ecznej \"Stop suszy!\" - Hot News in World","og_description":"[ad_1] W ramach akcji powsta\u0142 film, w kt\u00f3rym pokazane s\u0105 potencjalne, d\u0142ugotrwa\u0142e skutki okres\u00f3w suszy. &#13; &#13; Produkcja jest dost\u0119pna na stronie: wody gov.pl, na Facebooku i YouTube W\u00f3d Polskich. &#13; &#13; &#13; &#13; Tw\u00f3rcy kampanii zach\u0119caj\u0105 do oszcz\u0119dzania wody, nie tylko przez zakr\u0119canie kran\u00f3w. Warto np. zbiera\u0107 deszcz\u00f3wk\u0119 do podlewania ogr\u00f3dka, odtwarza\u0107 tereny zielone [&hellip;]","og_url":"https:\/\/hotnewsinworld.com\/pl\/lukasz-nowicki-w-kampanii-spolecznej-stop-suszy\/","og_site_name":"Hot News in World","article_published_time":"2019-08-07T15:55:32+00:00","article_modified_time":"2019-08-07T15:55:33+00:00","og_image":[{"width":655,"height":285,"url":"https:\/\/hotnewsinworld.com\/pl\/wp-content\/uploads\/sites\/6\/2019\/08\/\u0141ukasz-Nowicki-w-kampanii-spo\u0142ecznej-Stop-suszy.png","type":"image\/png"}],"author":"hotnewsinworld","twitter_card":"summary_large_image","twitter_misc":{"Napisane przez":"hotnewsinworld"},"schema":{"@context":"https:\/\/schema.org","@graph":[{"@type":"Article","@id":"https:\/\/hotnewsinworld.com\/pl\/lukasz-nowicki-w-kampanii-spolecznej-stop-suszy\/#article","isPartOf":{"@id":"https:\/\/hotnewsinworld.com\/pl\/lukasz-nowicki-w-kampanii-spolecznej-stop-suszy\/"},"author":{"name":"hotnewsinworld","@id":"https:\/\/hotnewsinworld.com\/pl\/#\/schema\/person\/fe61448b21c0d59086e75fcc1f9d8f6b"},"headline":"\u0141ukasz Nowicki w kampanii spo\u0142ecznej &#8222;Stop suszy!&#8221;","datePublished":"2019-08-07T15:55:32+00:00","dateModified":"2019-08-07T15:55:33+00:00","mainEntityOfPage":{"@id":"https:\/\/hotnewsinworld.com\/pl\/lukasz-nowicki-w-kampanii-spolecznej-stop-suszy\/"},"wordCount":85,"commentCount":0,"image":{"@id":"https:\/\/hotnewsinworld.com\/pl\/lukasz-nowicki-w-kampanii-spolecznej-stop-suszy\/#primaryimage"},"thumbnailUrl":"https:\/\/hotnewsinworld.com\/pl\/wp-content\/uploads\/sites\/6\/2019\/08\/\u0141ukasz-Nowicki-w-kampanii-spo\u0142ecznej-Stop-suszy.png","articleSection":["WIADOMO\u015aCI MEDIALNE SPO\u0141ECZNE"],"inLanguage":"pl-PL","potentialAction":[{"@type":"CommentAction","name":"Comment","target":["https:\/\/hotnewsinworld.com\/pl\/lukasz-nowicki-w-kampanii-spolecznej-stop-suszy\/#respond"]}]},{"@type":"WebPage","@id":"https:\/\/hotnewsinworld.com\/pl\/lukasz-nowicki-w-kampanii-spolecznej-stop-suszy\/","url":"https:\/\/hotnewsinworld.com\/pl\/lukasz-nowicki-w-kampanii-spolecznej-stop-suszy\/","name":"\u0141ukasz Nowicki w kampanii spo\u0142ecznej \"Stop suszy!\" - Hot News in World","isPartOf":{"@id":"https:\/\/hotnewsinworld.com\/pl\/#website"},"primaryImageOfPage":{"@id":"https:\/\/hotnewsinworld.com\/pl\/lukasz-nowicki-w-kampanii-spolecznej-stop-suszy\/#primaryimage"},"image":{"@id":"https:\/\/hotnewsinworld.com\/pl\/lukasz-nowicki-w-kampanii-spolecznej-stop-suszy\/#primaryimage"},"thumbnailUrl":"https:\/\/hotnewsinworld.com\/pl\/wp-content\/uploads\/sites\/6\/2019\/08\/\u0141ukasz-Nowicki-w-kampanii-spo\u0142ecznej-Stop-suszy.png","datePublished":"2019-08-07T15:55:32+00:00","dateModified":"2019-08-07T15:55:33+00:00","author":{"@id":"https:\/\/hotnewsinworld.com\/pl\/#\/schema\/person\/fe61448b21c0d59086e75fcc1f9d8f6b"},"breadcrumb":{"@id":"https:\/\/hotnewsinworld.com\/pl\/lukasz-nowicki-w-kampanii-spolecznej-stop-suszy\/#breadcrumb"},"inLanguage":"pl-PL","potentialAction":[{"@type":"ReadAction","target":["https:\/\/hotnewsinworld.com\/pl\/lukasz-nowicki-w-kampanii-spolecznej-stop-suszy\/"]}]},{"@type":"ImageObject","inLanguage":"pl-PL","@id":"https:\/\/hotnewsinworld.com\/pl\/lukasz-nowicki-w-kampanii-spolecznej-stop-suszy\/#primaryimage","url":"https:\/\/hotnewsinworld.com\/pl\/wp-content\/uploads\/sites\/6\/2019\/08\/\u0141ukasz-Nowicki-w-kampanii-spo\u0142ecznej-Stop-suszy.png","contentUrl":"https:\/\/hotnewsinworld.com\/pl\/wp-content\/uploads\/sites\/6\/2019\/08\/\u0141ukasz-Nowicki-w-kampanii-spo\u0142ecznej-Stop-suszy.png","width":655,"height":285,"caption":"Article"},{"@type":"BreadcrumbList","@id":"https:\/\/hotnewsinworld.com\/pl\/lukasz-nowicki-w-kampanii-spolecznej-stop-suszy\/#breadcrumb","itemListElement":[{"@type":"ListItem","position":1,"name":"\u0413\u043b\u0430\u0432\u043d\u0430\u044f \u0441\u0442\u0440\u0430\u043d\u0438\u0446\u0430","item":"https:\/\/hotnewsinworld.com\/pl\/"},{"@type":"ListItem","position":2,"name":"\u0141ukasz Nowicki w kampanii spo\u0142ecznej &#8222;Stop suszy!&#8221;"}]},{"@type":"WebSite","@id":"https:\/\/hotnewsinworld.com\/pl\/#website","url":"https:\/\/hotnewsinworld.com\/pl\/","name":"Hot News in World","description":"Hot News in World Polska","potentialAction":[{"@type":"SearchAction","target":{"@type":"EntryPoint","urlTemplate":"https:\/\/hotnewsinworld.com\/pl\/?s={search_term_string}"},"query-input":{"@type":"PropertyValueSpecification","valueRequired":true,"valueName":"search_term_string"}}],"inLanguage":"pl-PL"},{"@type":"Person","@id":"https:\/\/hotnewsinworld.com\/pl\/#\/schema\/person\/fe61448b21c0d59086e75fcc1f9d8f6b","name":"hotnewsinworld","image":{"@type":"ImageObject","inLanguage":"pl-PL","@id":"https:\/\/secure.gravatar.com\/avatar\/8a09ac165600ce2e1c38fe593c63928eb1e6e7ba5c5a907d67787c41b3d00c14?s=96&d=mm&r=g","url":"https:\/\/secure.gravatar.com\/avatar\/8a09ac165600ce2e1c38fe593c63928eb1e6e7ba5c5a907d67787c41b3d00c14?s=96&d=mm&r=g","contentUrl":"https:\/\/secure.gravatar.com\/avatar\/8a09ac165600ce2e1c38fe593c63928eb1e6e7ba5c5a907d67787c41b3d00c14?s=96&d=mm&r=g","caption":"hotnewsinworld"},"url":"https:\/\/hotnewsinworld.com\/pl\/author\/pt\/"}]}},"_links":{"self":[{"href":"https:\/\/hotnewsinworld.com\/pl\/wp-json\/wp\/v2\/posts\/1143","targetHints":{"allow":["GET"]}}],"collection":[{"href":"https:\/\/hotnewsinworld.com\/pl\/wp-json\/wp\/v2\/posts"}],"about":[{"href":"https:\/\/hotnewsinworld.com\/pl\/wp-json\/wp\/v2\/types\/post"}],"author":[{"embeddable":true,"href":"https:\/\/hotnewsinworld.com\/pl\/wp-json\/wp\/v2\/users\/2"}],"replies":[{"embeddable":true,"href":"https:\/\/hotnewsinworld.com\/pl\/wp-json\/wp\/v2\/comments?post=1143"}],"version-history":[{"count":1,"href":"https:\/\/hotnewsinworld.com\/pl\/wp-json\/wp\/v2\/posts\/1143\/revisions"}],"predecessor-version":[{"id":1145,"href":"https:\/\/hotnewsinworld.com\/pl\/wp-json\/wp\/v2\/posts\/1143\/revisions\/1145"}],"wp:featuredmedia":[{"embeddable":true,"href":"https:\/\/hotnewsinworld.com\/pl\/wp-json\/wp\/v2\/media\/1144"}],"wp:attachment":[{"href":"https:\/\/hotnewsinworld.com\/pl\/wp-json\/wp\/v2\/media?parent=1143"}],"wp:term":[{"taxonomy":"category","embeddable":true,"href":"https:\/\/hotnewsinworld.com\/pl\/wp-json\/wp\/v2\/categories?post=1143"},{"taxonomy":"post_tag","embeddable":true,"href":"https:\/\/hotnewsinworld.com\/pl\/wp-json\/wp\/v2\/tags?post=1143"}],"curies":[{"name":"wp","href":"https:\/\/api.w.org\/{rel}","templated":true}]}}