{"id":1161,"date":"2019-08-08T05:28:55","date_gmt":"2019-08-08T02:28:55","guid":{"rendered":"https:\/\/hotnewsinworld.com\/pl\/provident-angazuje-swoich-pracownikow-do-kampanii-ekipaprovidenta\/"},"modified":"2019-08-08T05:28:56","modified_gmt":"2019-08-08T02:28:56","slug":"provident-angazuje-swoich-pracownikow-do-kampanii-ekipaprovidenta","status":"publish","type":"post","link":"https:\/\/hotnewsinworld.com\/pl\/provident-angazuje-swoich-pracownikow-do-kampanii-ekipaprovidenta\/","title":{"rendered":"Provident anga\u017cuje swoich pracownik\u00f3w do kampanii #EkipaProvidenta"},"content":{"rendered":"<p> [ad_1]<br \/>\n<\/p>\n<div id=\"\">\n<p>Kampania #EkipaProvidenta ma charakter wizerunkowo-rekrutacyjny. W jej ramach przygotowane zosta\u0142y trzy 30-sekundowe materia\u0142y wdeo w konwencji human story. Bohaterami materia\u0142\u00f3w s\u0105 doradcy klienta Providenta, kt\u00f3rzy opowiadaj\u0105 nie tylko o wsp\u00f3\u0142pracy z firm\u0105, ale przede wszystkim o swoich pasjach.<\/p>\n<p>&#13;<br \/>\n&#13;<\/p>\n<p>W pierwszym materiale poznajemy histori\u0119 Pana Konrada z U\u015bcia Gorlickiego, kt\u00f3ry na co dzie\u0144 spo\u0142ecznie udziela si\u0119 w lokalnym m\u0142odzie\u017cowym klubie sportowym, a w ramach programu wolontariackiego Providenta pozyskuje granty na realizacj\u0119 swoich projekt\u00f3w.<\/p>\n<p>&#13;<br \/>\n&#13;<\/p>\n<p><iframe loading=\"lazy\" allow=\"accelerometer; autoplay; encrypted-media; gyroscope; picture-in-picture\" allowfullscreen=\"\" frameborder=\"0\" height=\"315\" src=\"https:\/\/www.youtube.com\/embed\/666DUixPq0g\" width=\"560\"><\/iframe><\/p>\n<p>&#13;<br \/>\n&#13;<\/p>\n<p>Do udzia\u0142u w dw\u00f3ch kolejnych filmach zaprosili\u015bmy Pani\u0105 Magd\u0119 \u2013 doradczyni\u0119 z Warszawy, kt\u00f3rej pasj\u0105 s\u0105 podr\u00f3\u017ce oraz Pani\u0105\u00a0 El\u0119, dla kt\u00f3rej w \u017cyciu najwa\u017cniejszy jest czas sp\u0119dzany z rodzin\u0105.<\/p>\n<p>&#13;<br \/>\n&#13;<\/p>\n<p>Kampania wystartowa\u0142a 5 sierpnia. Kolejne materia\u0142y b\u0119d\u0105 publikowane w 12 i 19 sierpnia. Materia\u0142y b\u0119d\u0105 promowane w portalach internetowych i mediach spo\u0142eczno\u015bciowych. Mo\u017cna je ogl\u0105da\u0107 na kanale YouTube marki.<\/p>\n<p>&#13;<br \/>\n&#13;<\/p>\n<p>Za kreacj\u0119 i produkcj\u0119 spot\u00f3w odpowiada ZPR.<\/p>\n<p>&#13;<br \/>\n                            &#13;<br \/>\n&#13;<br \/>\n                            &#13;<br \/>\n&#13;<br \/>\n&#13;<br \/>\n&#13;<br \/>\n&#13;<br \/>\n&#13;<br \/>\n                            &#13;<br \/>\n                                                            &#13;<br \/>\n&#13;<br \/>\n                            &#13;\n                        <\/p><\/div>\n<p><script>(function (d, s, id) {\n        var js, fjs = d.getElementsByTagName(s)[0];\n        if (d.getElementById(id)) return;\n        js = d.createElement(s);\n        js.id = id;\n        js.src = \"http:\/\/connect.facebook.net\/pl_PL\/sdk.js#xfbml=1&version=v2.6&appId=297996717062470\";\n        fjs.parentNode.insertBefore(js, fjs);\n    }(document, 'script', 'facebook-jssdk'));<\/script><br \/>\n<br \/>[ad_2]<br \/>\n<br \/><a href=\"https:\/\/www.wirtualnemedia.pl\/artykul\/provident-angazuje-swoich-pracownikow-do-kampanii-ekipaprovidenta\">Source link <\/a><\/p>\n","protected":false},"excerpt":{"rendered":"<p>[ad_1] Kampania #EkipaProvidenta ma charakter wizerunkowo-rekrutacyjny. W jej ramach przygotowane zosta\u0142y trzy 30-sekundowe materia\u0142y wdeo w konwencji human story. Bohaterami materia\u0142\u00f3w s\u0105 doradcy klienta Providenta, kt\u00f3rzy opowiadaj\u0105 nie tylko o wsp\u00f3\u0142pracy z firm\u0105, ale przede wszystkim o swoich pasjach. &#13; &#13; W pierwszym materiale poznajemy histori\u0119 Pana Konrada z U\u015bcia Gorlickiego, kt\u00f3ry na co dzie\u0144 [&hellip;]<\/p>\n","protected":false},"author":2,"featured_media":1162,"comment_status":"open","ping_status":"open","sticky":false,"template":"","format":"standard","meta":{"footnotes":""},"categories":[3],"tags":[],"class_list":["post-1161","post","type-post","status-publish","format-standard","has-post-thumbnail","hentry","category-wiadomosci-medialne-spoleczne"],"yoast_head":"<!-- This site is optimized with the Yoast SEO plugin v27.4 - https:\/\/yoast.com\/product\/yoast-seo-wordpress\/ -->\n<title>Provident anga\u017cuje swoich pracownik\u00f3w do kampanii #EkipaProvidenta - Hot News in World<\/title>\n<meta name=\"robots\" content=\"index, follow, max-snippet:-1, max-image-preview:large, max-video-preview:-1\" \/>\n<link rel=\"canonical\" href=\"https:\/\/hotnewsinworld.com\/pl\/provident-angazuje-swoich-pracownikow-do-kampanii-ekipaprovidenta\/\" \/>\n<meta property=\"og:locale\" content=\"pl_PL\" \/>\n<meta property=\"og:type\" content=\"article\" \/>\n<meta property=\"og:title\" content=\"Provident anga\u017cuje swoich pracownik\u00f3w do kampanii #EkipaProvidenta - Hot News in World\" \/>\n<meta property=\"og:description\" content=\"[ad_1] Kampania #EkipaProvidenta ma charakter wizerunkowo-rekrutacyjny. W jej ramach przygotowane zosta\u0142y trzy 30-sekundowe materia\u0142y wdeo w konwencji human story. Bohaterami materia\u0142\u00f3w s\u0105 doradcy klienta Providenta, kt\u00f3rzy opowiadaj\u0105 nie tylko o wsp\u00f3\u0142pracy z firm\u0105, ale przede wszystkim o swoich pasjach. &#013; &#013; W pierwszym materiale poznajemy histori\u0119 Pana Konrada z U\u015bcia Gorlickiego, kt\u00f3ry na co dzie\u0144 [&hellip;]\" \/>\n<meta property=\"og:url\" content=\"https:\/\/hotnewsinworld.com\/pl\/provident-angazuje-swoich-pracownikow-do-kampanii-ekipaprovidenta\/\" \/>\n<meta property=\"og:site_name\" content=\"Hot News in World\" \/>\n<meta property=\"article:published_time\" content=\"2019-08-08T02:28:55+00:00\" \/>\n<meta property=\"article:modified_time\" content=\"2019-08-08T02:28:56+00:00\" \/>\n<meta property=\"og:image\" content=\"https:\/\/hotnewsinworld.com\/pl\/wp-content\/uploads\/sites\/6\/2019\/08\/Provident-anga\u017cuje-swoich-pracownik\u00f3w-do-kampanii-EkipaProvidenta.png\" \/>\n\t<meta property=\"og:image:width\" content=\"655\" \/>\n\t<meta property=\"og:image:height\" content=\"338\" \/>\n\t<meta property=\"og:image:type\" content=\"image\/png\" \/>\n<meta name=\"author\" content=\"hotnewsinworld\" \/>\n<meta name=\"twitter:card\" content=\"summary_large_image\" \/>\n<meta name=\"twitter:label1\" content=\"Napisane przez\" \/>\n\t<meta name=\"twitter:data1\" content=\"hotnewsinworld\" \/>\n\t<meta name=\"twitter:label2\" content=\"Szacowany czas czytania\" \/>\n\t<meta name=\"twitter:data2\" content=\"1 minuta\" \/>\n<script type=\"application\/ld+json\" class=\"yoast-schema-graph\">{\"@context\":\"https:\\\/\\\/schema.org\",\"@graph\":[{\"@type\":\"Article\",\"@id\":\"https:\\\/\\\/hotnewsinworld.com\\\/pl\\\/provident-angazuje-swoich-pracownikow-do-kampanii-ekipaprovidenta\\\/#article\",\"isPartOf\":{\"@id\":\"https:\\\/\\\/hotnewsinworld.com\\\/pl\\\/provident-angazuje-swoich-pracownikow-do-kampanii-ekipaprovidenta\\\/\"},\"author\":{\"name\":\"hotnewsinworld\",\"@id\":\"https:\\\/\\\/hotnewsinworld.com\\\/pl\\\/#\\\/schema\\\/person\\\/fe61448b21c0d59086e75fcc1f9d8f6b\"},\"headline\":\"Provident anga\u017cuje swoich pracownik\u00f3w do kampanii #EkipaProvidenta\",\"datePublished\":\"2019-08-08T02:28:55+00:00\",\"dateModified\":\"2019-08-08T02:28:56+00:00\",\"mainEntityOfPage\":{\"@id\":\"https:\\\/\\\/hotnewsinworld.com\\\/pl\\\/provident-angazuje-swoich-pracownikow-do-kampanii-ekipaprovidenta\\\/\"},\"wordCount\":176,\"commentCount\":0,\"image\":{\"@id\":\"https:\\\/\\\/hotnewsinworld.com\\\/pl\\\/provident-angazuje-swoich-pracownikow-do-kampanii-ekipaprovidenta\\\/#primaryimage\"},\"thumbnailUrl\":\"https:\\\/\\\/hotnewsinworld.com\\\/pl\\\/wp-content\\\/uploads\\\/sites\\\/6\\\/2019\\\/08\\\/Provident-anga\u017cuje-swoich-pracownik\u00f3w-do-kampanii-EkipaProvidenta.png\",\"articleSection\":[\"WIADOMO\u015aCI MEDIALNE SPO\u0141ECZNE\"],\"inLanguage\":\"pl-PL\",\"potentialAction\":[{\"@type\":\"CommentAction\",\"name\":\"Comment\",\"target\":[\"https:\\\/\\\/hotnewsinworld.com\\\/pl\\\/provident-angazuje-swoich-pracownikow-do-kampanii-ekipaprovidenta\\\/#respond\"]}]},{\"@type\":\"WebPage\",\"@id\":\"https:\\\/\\\/hotnewsinworld.com\\\/pl\\\/provident-angazuje-swoich-pracownikow-do-kampanii-ekipaprovidenta\\\/\",\"url\":\"https:\\\/\\\/hotnewsinworld.com\\\/pl\\\/provident-angazuje-swoich-pracownikow-do-kampanii-ekipaprovidenta\\\/\",\"name\":\"Provident anga\u017cuje swoich pracownik\u00f3w do kampanii #EkipaProvidenta - Hot News in World\",\"isPartOf\":{\"@id\":\"https:\\\/\\\/hotnewsinworld.com\\\/pl\\\/#website\"},\"primaryImageOfPage\":{\"@id\":\"https:\\\/\\\/hotnewsinworld.com\\\/pl\\\/provident-angazuje-swoich-pracownikow-do-kampanii-ekipaprovidenta\\\/#primaryimage\"},\"image\":{\"@id\":\"https:\\\/\\\/hotnewsinworld.com\\\/pl\\\/provident-angazuje-swoich-pracownikow-do-kampanii-ekipaprovidenta\\\/#primaryimage\"},\"thumbnailUrl\":\"https:\\\/\\\/hotnewsinworld.com\\\/pl\\\/wp-content\\\/uploads\\\/sites\\\/6\\\/2019\\\/08\\\/Provident-anga\u017cuje-swoich-pracownik\u00f3w-do-kampanii-EkipaProvidenta.png\",\"datePublished\":\"2019-08-08T02:28:55+00:00\",\"dateModified\":\"2019-08-08T02:28:56+00:00\",\"author\":{\"@id\":\"https:\\\/\\\/hotnewsinworld.com\\\/pl\\\/#\\\/schema\\\/person\\\/fe61448b21c0d59086e75fcc1f9d8f6b\"},\"breadcrumb\":{\"@id\":\"https:\\\/\\\/hotnewsinworld.com\\\/pl\\\/provident-angazuje-swoich-pracownikow-do-kampanii-ekipaprovidenta\\\/#breadcrumb\"},\"inLanguage\":\"pl-PL\",\"potentialAction\":[{\"@type\":\"ReadAction\",\"target\":[\"https:\\\/\\\/hotnewsinworld.com\\\/pl\\\/provident-angazuje-swoich-pracownikow-do-kampanii-ekipaprovidenta\\\/\"]}]},{\"@type\":\"ImageObject\",\"inLanguage\":\"pl-PL\",\"@id\":\"https:\\\/\\\/hotnewsinworld.com\\\/pl\\\/provident-angazuje-swoich-pracownikow-do-kampanii-ekipaprovidenta\\\/#primaryimage\",\"url\":\"https:\\\/\\\/hotnewsinworld.com\\\/pl\\\/wp-content\\\/uploads\\\/sites\\\/6\\\/2019\\\/08\\\/Provident-anga\u017cuje-swoich-pracownik\u00f3w-do-kampanii-EkipaProvidenta.png\",\"contentUrl\":\"https:\\\/\\\/hotnewsinworld.com\\\/pl\\\/wp-content\\\/uploads\\\/sites\\\/6\\\/2019\\\/08\\\/Provident-anga\u017cuje-swoich-pracownik\u00f3w-do-kampanii-EkipaProvidenta.png\",\"width\":655,\"height\":338,\"caption\":\"Article\"},{\"@type\":\"BreadcrumbList\",\"@id\":\"https:\\\/\\\/hotnewsinworld.com\\\/pl\\\/provident-angazuje-swoich-pracownikow-do-kampanii-ekipaprovidenta\\\/#breadcrumb\",\"itemListElement\":[{\"@type\":\"ListItem\",\"position\":1,\"name\":\"\u0413\u043b\u0430\u0432\u043d\u0430\u044f \u0441\u0442\u0440\u0430\u043d\u0438\u0446\u0430\",\"item\":\"https:\\\/\\\/hotnewsinworld.com\\\/pl\\\/\"},{\"@type\":\"ListItem\",\"position\":2,\"name\":\"Provident anga\u017cuje swoich pracownik\u00f3w do kampanii #EkipaProvidenta\"}]},{\"@type\":\"WebSite\",\"@id\":\"https:\\\/\\\/hotnewsinworld.com\\\/pl\\\/#website\",\"url\":\"https:\\\/\\\/hotnewsinworld.com\\\/pl\\\/\",\"name\":\"Hot News in World\",\"description\":\"Hot News in World Polska\",\"potentialAction\":[{\"@type\":\"SearchAction\",\"target\":{\"@type\":\"EntryPoint\",\"urlTemplate\":\"https:\\\/\\\/hotnewsinworld.com\\\/pl\\\/?s={search_term_string}\"},\"query-input\":{\"@type\":\"PropertyValueSpecification\",\"valueRequired\":true,\"valueName\":\"search_term_string\"}}],\"inLanguage\":\"pl-PL\"},{\"@type\":\"Person\",\"@id\":\"https:\\\/\\\/hotnewsinworld.com\\\/pl\\\/#\\\/schema\\\/person\\\/fe61448b21c0d59086e75fcc1f9d8f6b\",\"name\":\"hotnewsinworld\",\"image\":{\"@type\":\"ImageObject\",\"inLanguage\":\"pl-PL\",\"@id\":\"https:\\\/\\\/secure.gravatar.com\\\/avatar\\\/8a09ac165600ce2e1c38fe593c63928eb1e6e7ba5c5a907d67787c41b3d00c14?s=96&d=mm&r=g\",\"url\":\"https:\\\/\\\/secure.gravatar.com\\\/avatar\\\/8a09ac165600ce2e1c38fe593c63928eb1e6e7ba5c5a907d67787c41b3d00c14?s=96&d=mm&r=g\",\"contentUrl\":\"https:\\\/\\\/secure.gravatar.com\\\/avatar\\\/8a09ac165600ce2e1c38fe593c63928eb1e6e7ba5c5a907d67787c41b3d00c14?s=96&d=mm&r=g\",\"caption\":\"hotnewsinworld\"},\"url\":\"https:\\\/\\\/hotnewsinworld.com\\\/pl\\\/author\\\/pt\\\/\"}]}<\/script>\n<!-- \/ Yoast SEO plugin. -->","yoast_head_json":{"title":"Provident anga\u017cuje swoich pracownik\u00f3w do kampanii #EkipaProvidenta - Hot News in World","robots":{"index":"index","follow":"follow","max-snippet":"max-snippet:-1","max-image-preview":"max-image-preview:large","max-video-preview":"max-video-preview:-1"},"canonical":"https:\/\/hotnewsinworld.com\/pl\/provident-angazuje-swoich-pracownikow-do-kampanii-ekipaprovidenta\/","og_locale":"pl_PL","og_type":"article","og_title":"Provident anga\u017cuje swoich pracownik\u00f3w do kampanii #EkipaProvidenta - Hot News in World","og_description":"[ad_1] Kampania #EkipaProvidenta ma charakter wizerunkowo-rekrutacyjny. W jej ramach przygotowane zosta\u0142y trzy 30-sekundowe materia\u0142y wdeo w konwencji human story. Bohaterami materia\u0142\u00f3w s\u0105 doradcy klienta Providenta, kt\u00f3rzy opowiadaj\u0105 nie tylko o wsp\u00f3\u0142pracy z firm\u0105, ale przede wszystkim o swoich pasjach. &#13; &#13; W pierwszym materiale poznajemy histori\u0119 Pana Konrada z U\u015bcia Gorlickiego, kt\u00f3ry na co dzie\u0144 [&hellip;]","og_url":"https:\/\/hotnewsinworld.com\/pl\/provident-angazuje-swoich-pracownikow-do-kampanii-ekipaprovidenta\/","og_site_name":"Hot News in World","article_published_time":"2019-08-08T02:28:55+00:00","article_modified_time":"2019-08-08T02:28:56+00:00","og_image":[{"width":655,"height":338,"url":"https:\/\/hotnewsinworld.com\/pl\/wp-content\/uploads\/sites\/6\/2019\/08\/Provident-anga\u017cuje-swoich-pracownik\u00f3w-do-kampanii-EkipaProvidenta.png","type":"image\/png"}],"author":"hotnewsinworld","twitter_card":"summary_large_image","twitter_misc":{"Napisane przez":"hotnewsinworld","Szacowany czas czytania":"1 minuta"},"schema":{"@context":"https:\/\/schema.org","@graph":[{"@type":"Article","@id":"https:\/\/hotnewsinworld.com\/pl\/provident-angazuje-swoich-pracownikow-do-kampanii-ekipaprovidenta\/#article","isPartOf":{"@id":"https:\/\/hotnewsinworld.com\/pl\/provident-angazuje-swoich-pracownikow-do-kampanii-ekipaprovidenta\/"},"author":{"name":"hotnewsinworld","@id":"https:\/\/hotnewsinworld.com\/pl\/#\/schema\/person\/fe61448b21c0d59086e75fcc1f9d8f6b"},"headline":"Provident anga\u017cuje swoich pracownik\u00f3w do kampanii #EkipaProvidenta","datePublished":"2019-08-08T02:28:55+00:00","dateModified":"2019-08-08T02:28:56+00:00","mainEntityOfPage":{"@id":"https:\/\/hotnewsinworld.com\/pl\/provident-angazuje-swoich-pracownikow-do-kampanii-ekipaprovidenta\/"},"wordCount":176,"commentCount":0,"image":{"@id":"https:\/\/hotnewsinworld.com\/pl\/provident-angazuje-swoich-pracownikow-do-kampanii-ekipaprovidenta\/#primaryimage"},"thumbnailUrl":"https:\/\/hotnewsinworld.com\/pl\/wp-content\/uploads\/sites\/6\/2019\/08\/Provident-anga\u017cuje-swoich-pracownik\u00f3w-do-kampanii-EkipaProvidenta.png","articleSection":["WIADOMO\u015aCI MEDIALNE SPO\u0141ECZNE"],"inLanguage":"pl-PL","potentialAction":[{"@type":"CommentAction","name":"Comment","target":["https:\/\/hotnewsinworld.com\/pl\/provident-angazuje-swoich-pracownikow-do-kampanii-ekipaprovidenta\/#respond"]}]},{"@type":"WebPage","@id":"https:\/\/hotnewsinworld.com\/pl\/provident-angazuje-swoich-pracownikow-do-kampanii-ekipaprovidenta\/","url":"https:\/\/hotnewsinworld.com\/pl\/provident-angazuje-swoich-pracownikow-do-kampanii-ekipaprovidenta\/","name":"Provident anga\u017cuje swoich pracownik\u00f3w do kampanii #EkipaProvidenta - Hot News in World","isPartOf":{"@id":"https:\/\/hotnewsinworld.com\/pl\/#website"},"primaryImageOfPage":{"@id":"https:\/\/hotnewsinworld.com\/pl\/provident-angazuje-swoich-pracownikow-do-kampanii-ekipaprovidenta\/#primaryimage"},"image":{"@id":"https:\/\/hotnewsinworld.com\/pl\/provident-angazuje-swoich-pracownikow-do-kampanii-ekipaprovidenta\/#primaryimage"},"thumbnailUrl":"https:\/\/hotnewsinworld.com\/pl\/wp-content\/uploads\/sites\/6\/2019\/08\/Provident-anga\u017cuje-swoich-pracownik\u00f3w-do-kampanii-EkipaProvidenta.png","datePublished":"2019-08-08T02:28:55+00:00","dateModified":"2019-08-08T02:28:56+00:00","author":{"@id":"https:\/\/hotnewsinworld.com\/pl\/#\/schema\/person\/fe61448b21c0d59086e75fcc1f9d8f6b"},"breadcrumb":{"@id":"https:\/\/hotnewsinworld.com\/pl\/provident-angazuje-swoich-pracownikow-do-kampanii-ekipaprovidenta\/#breadcrumb"},"inLanguage":"pl-PL","potentialAction":[{"@type":"ReadAction","target":["https:\/\/hotnewsinworld.com\/pl\/provident-angazuje-swoich-pracownikow-do-kampanii-ekipaprovidenta\/"]}]},{"@type":"ImageObject","inLanguage":"pl-PL","@id":"https:\/\/hotnewsinworld.com\/pl\/provident-angazuje-swoich-pracownikow-do-kampanii-ekipaprovidenta\/#primaryimage","url":"https:\/\/hotnewsinworld.com\/pl\/wp-content\/uploads\/sites\/6\/2019\/08\/Provident-anga\u017cuje-swoich-pracownik\u00f3w-do-kampanii-EkipaProvidenta.png","contentUrl":"https:\/\/hotnewsinworld.com\/pl\/wp-content\/uploads\/sites\/6\/2019\/08\/Provident-anga\u017cuje-swoich-pracownik\u00f3w-do-kampanii-EkipaProvidenta.png","width":655,"height":338,"caption":"Article"},{"@type":"BreadcrumbList","@id":"https:\/\/hotnewsinworld.com\/pl\/provident-angazuje-swoich-pracownikow-do-kampanii-ekipaprovidenta\/#breadcrumb","itemListElement":[{"@type":"ListItem","position":1,"name":"\u0413\u043b\u0430\u0432\u043d\u0430\u044f \u0441\u0442\u0440\u0430\u043d\u0438\u0446\u0430","item":"https:\/\/hotnewsinworld.com\/pl\/"},{"@type":"ListItem","position":2,"name":"Provident anga\u017cuje swoich pracownik\u00f3w do kampanii #EkipaProvidenta"}]},{"@type":"WebSite","@id":"https:\/\/hotnewsinworld.com\/pl\/#website","url":"https:\/\/hotnewsinworld.com\/pl\/","name":"Hot News in World","description":"Hot News in World Polska","potentialAction":[{"@type":"SearchAction","target":{"@type":"EntryPoint","urlTemplate":"https:\/\/hotnewsinworld.com\/pl\/?s={search_term_string}"},"query-input":{"@type":"PropertyValueSpecification","valueRequired":true,"valueName":"search_term_string"}}],"inLanguage":"pl-PL"},{"@type":"Person","@id":"https:\/\/hotnewsinworld.com\/pl\/#\/schema\/person\/fe61448b21c0d59086e75fcc1f9d8f6b","name":"hotnewsinworld","image":{"@type":"ImageObject","inLanguage":"pl-PL","@id":"https:\/\/secure.gravatar.com\/avatar\/8a09ac165600ce2e1c38fe593c63928eb1e6e7ba5c5a907d67787c41b3d00c14?s=96&d=mm&r=g","url":"https:\/\/secure.gravatar.com\/avatar\/8a09ac165600ce2e1c38fe593c63928eb1e6e7ba5c5a907d67787c41b3d00c14?s=96&d=mm&r=g","contentUrl":"https:\/\/secure.gravatar.com\/avatar\/8a09ac165600ce2e1c38fe593c63928eb1e6e7ba5c5a907d67787c41b3d00c14?s=96&d=mm&r=g","caption":"hotnewsinworld"},"url":"https:\/\/hotnewsinworld.com\/pl\/author\/pt\/"}]}},"_links":{"self":[{"href":"https:\/\/hotnewsinworld.com\/pl\/wp-json\/wp\/v2\/posts\/1161","targetHints":{"allow":["GET"]}}],"collection":[{"href":"https:\/\/hotnewsinworld.com\/pl\/wp-json\/wp\/v2\/posts"}],"about":[{"href":"https:\/\/hotnewsinworld.com\/pl\/wp-json\/wp\/v2\/types\/post"}],"author":[{"embeddable":true,"href":"https:\/\/hotnewsinworld.com\/pl\/wp-json\/wp\/v2\/users\/2"}],"replies":[{"embeddable":true,"href":"https:\/\/hotnewsinworld.com\/pl\/wp-json\/wp\/v2\/comments?post=1161"}],"version-history":[{"count":1,"href":"https:\/\/hotnewsinworld.com\/pl\/wp-json\/wp\/v2\/posts\/1161\/revisions"}],"predecessor-version":[{"id":1163,"href":"https:\/\/hotnewsinworld.com\/pl\/wp-json\/wp\/v2\/posts\/1161\/revisions\/1163"}],"wp:featuredmedia":[{"embeddable":true,"href":"https:\/\/hotnewsinworld.com\/pl\/wp-json\/wp\/v2\/media\/1162"}],"wp:attachment":[{"href":"https:\/\/hotnewsinworld.com\/pl\/wp-json\/wp\/v2\/media?parent=1161"}],"wp:term":[{"taxonomy":"category","embeddable":true,"href":"https:\/\/hotnewsinworld.com\/pl\/wp-json\/wp\/v2\/categories?post=1161"},{"taxonomy":"post_tag","embeddable":true,"href":"https:\/\/hotnewsinworld.com\/pl\/wp-json\/wp\/v2\/tags?post=1161"}],"curies":[{"name":"wp","href":"https:\/\/api.w.org\/{rel}","templated":true}]}}