{"id":1191,"date":"2019-08-08T22:56:42","date_gmt":"2019-08-08T19:56:42","guid":{"rendered":"https:\/\/hotnewsinworld.com\/pl\/niebiesko-srebrny-kolor-red-bulla-nie-moze-byc-znakiem-towarowym-orzekl-tsue\/"},"modified":"2020-03-05T16:48:17","modified_gmt":"2020-03-05T13:48:17","slug":"niebiesko-srebrny-kolor-red-bulla-nie-moze-byc-znakiem-towarowym-orzekl-tsue","status":"publish","type":"post","link":"https:\/\/hotnewsinworld.com\/pl\/niebiesko-srebrny-kolor-red-bulla-nie-moze-byc-znakiem-towarowym-orzekl-tsue\/","title":{"rendered":"Niebiesko-srebrny kolor Red Bulla nie mo\u017ce by\u0107 znakiem towarowym \u2013 orzek\u0142 TSUE"},"content":{"rendered":"<p>TSUE zajmowa\u0142 si\u0119 spraw\u0105 zastrze\u017cenia dw\u00f3ch znak\u00f3w towar\u00f3w dla napoj\u00f3w energetyzuj\u0105cych dla marki Red Bull. W pierwszym przypadku chodzi\u0142o o zarejestrowany w 2005 roku znak opisany jako \u201estosunek w przybli\u017ceniu 50proc.\u201d mi\u0119dzy kolorami b\u0142\u0119kitnym i srebrnym, drugi (zarejestrowany 2 2011 roku) \u2013 b\u0119d\u0105cy zestawieniem kolor\u00f3w srebrnego i niebieskiego wraz z ich stosowaniem \u201ew r\u00f3wnych proporcjach\u201d.<\/p>\n<p>8 lat temu polska sp\u00f3\u0142ka Optimum Mark z\u0142o\u017cy\u0142a do EUIPO najpierw o uniewa\u017cnienie znaku niebiesko-srebrnego, a zaraz potem tak\u017ce o uniewa\u017cnienie znaku b\u0142\u0119kitno-srebrnego. Uzasadnia\u0142a w\u00f3wczas, \u017ce znak zawiera nieprecyzyjny opis uk\u0142adu kolor\u00f3w.<\/p>\n<p>W 2013 roku EUIPO  uniewa\u017cni\u0142 oba znaki towarowe Red Bulla. Cztery lata p\u00f3\u017aniej s\u0105d UE podtrzyma\u0142 t\u0119 decyzj\u0119.<\/p>\n<p>Red Bull odwo\u0142a\u0142 si\u0119 od tych decyzji do Trybuna\u0142u Sprawiedliwo\u015bci UE. Ten wyda\u0142 podobn\u0105 do poprzednich instytucji decyzj\u0119 &#8211; orzek\u0142, \u017ce og\u00f3lny opis obu znak\u00f3w towarowych Red Bulla mo\u017ce prowadzi\u0107 do licznych kombinacji i podtrzyma\u0142 decyzj\u0119 EUIPO i s\u0105du UE.<\/p>\n<p>Oznacza to, \u017ce Red Bull nie ma wy\u0142\u0105cznego prawa do stosowania kombinacji kolor\u00f3w niebieskiego ze srebrnym i b\u0142\u0119kitnego ze srebrnym w swoich produktach. Podobne do Red Bulla opakowania energetyk\u00f3w po tym wyroku TSUE mog\u0105 teraz stosowa\u0107 te\u017c inni producenci tych napoj\u00f3w.<\/p>\n<p><\/p>\n<p><a href=\"https:\/\/www.wirtualnemedia.pl\/artykul\/niebiesko-srebrny-kolor-red-bulla-nie-moze-byc-znakiem-towarowym-orzekl-tsue\">Source link <\/a><\/p>\n","protected":false},"excerpt":{"rendered":"<p>TSUE zajmowa\u0142 si\u0119 spraw\u0105 zastrze\u017cenia dw\u00f3ch znak\u00f3w towar\u00f3w dla napoj\u00f3w energetyzuj\u0105cych dla marki Red Bull. W pierwszym przypadku chodzi\u0142o o zarejestrowany w 2005 roku znak opisany jako \u201estosunek w przybli\u017ceniu 50proc.\u201d mi\u0119dzy kolorami b\u0142\u0119kitnym i srebrnym, drugi (zarejestrowany 2 2011 roku) \u2013 b\u0119d\u0105cy zestawieniem kolor\u00f3w srebrnego i niebieskiego wraz z ich stosowaniem \u201ew r\u00f3wnych proporcjach\u201d. [&hellip;]<\/p>\n","protected":false},"author":2,"featured_media":1192,"comment_status":"open","ping_status":"open","sticky":false,"template":"","format":"standard","meta":{"footnotes":""},"categories":[3],"tags":[],"class_list":["post-1191","post","type-post","status-publish","format-standard","has-post-thumbnail","hentry","category-wiadomosci-medialne-spoleczne"],"yoast_head":"<!-- This site is optimized with the Yoast SEO plugin v27.4 - https:\/\/yoast.com\/product\/yoast-seo-wordpress\/ -->\n<title>Niebiesko-srebrny kolor Red Bulla nie mo\u017ce by\u0107 znakiem towarowym \u2013 orzek\u0142 TSUE - Hot News in World<\/title>\n<meta name=\"robots\" content=\"index, follow, max-snippet:-1, max-image-preview:large, max-video-preview:-1\" \/>\n<link rel=\"canonical\" href=\"https:\/\/hotnewsinworld.com\/pl\/niebiesko-srebrny-kolor-red-bulla-nie-moze-byc-znakiem-towarowym-orzekl-tsue\/\" \/>\n<meta property=\"og:locale\" content=\"pl_PL\" \/>\n<meta property=\"og:type\" content=\"article\" \/>\n<meta property=\"og:title\" content=\"Niebiesko-srebrny kolor Red Bulla nie mo\u017ce by\u0107 znakiem towarowym \u2013 orzek\u0142 TSUE - Hot News in World\" \/>\n<meta property=\"og:description\" content=\"TSUE zajmowa\u0142 si\u0119 spraw\u0105 zastrze\u017cenia dw\u00f3ch znak\u00f3w towar\u00f3w dla napoj\u00f3w energetyzuj\u0105cych dla marki Red Bull. W pierwszym przypadku chodzi\u0142o o zarejestrowany w 2005 roku znak opisany jako \u201estosunek w przybli\u017ceniu 50proc.\u201d mi\u0119dzy kolorami b\u0142\u0119kitnym i srebrnym, drugi (zarejestrowany 2 2011 roku) \u2013 b\u0119d\u0105cy zestawieniem kolor\u00f3w srebrnego i niebieskiego wraz z ich stosowaniem \u201ew r\u00f3wnych proporcjach\u201d. [&hellip;]\" \/>\n<meta property=\"og:url\" content=\"https:\/\/hotnewsinworld.com\/pl\/niebiesko-srebrny-kolor-red-bulla-nie-moze-byc-znakiem-towarowym-orzekl-tsue\/\" \/>\n<meta property=\"og:site_name\" content=\"Hot News in World\" \/>\n<meta property=\"article:published_time\" content=\"2019-08-08T19:56:42+00:00\" \/>\n<meta property=\"article:modified_time\" content=\"2020-03-05T13:48:17+00:00\" \/>\n<meta property=\"og:image\" content=\"https:\/\/hotnewsinworld.com\/pl\/wp-content\/uploads\/sites\/6\/2019\/08\/Niebiesko-srebrny-kolor-Red-Bulla-nie-mo\u017ce-by\u0107-znakiem-towarowym-\u2013.png\" \/>\n\t<meta property=\"og:image:width\" content=\"655\" \/>\n\t<meta property=\"og:image:height\" content=\"508\" \/>\n\t<meta property=\"og:image:type\" content=\"image\/png\" \/>\n<meta name=\"author\" content=\"hotnewsinworld\" \/>\n<meta name=\"twitter:card\" content=\"summary_large_image\" \/>\n<meta name=\"twitter:label1\" content=\"Napisane przez\" \/>\n\t<meta name=\"twitter:data1\" content=\"hotnewsinworld\" \/>\n\t<meta name=\"twitter:label2\" content=\"Szacowany czas czytania\" \/>\n\t<meta name=\"twitter:data2\" content=\"1 minuta\" \/>\n<script type=\"application\/ld+json\" class=\"yoast-schema-graph\">{\"@context\":\"https:\\\/\\\/schema.org\",\"@graph\":[{\"@type\":\"Article\",\"@id\":\"https:\\\/\\\/hotnewsinworld.com\\\/pl\\\/niebiesko-srebrny-kolor-red-bulla-nie-moze-byc-znakiem-towarowym-orzekl-tsue\\\/#article\",\"isPartOf\":{\"@id\":\"https:\\\/\\\/hotnewsinworld.com\\\/pl\\\/niebiesko-srebrny-kolor-red-bulla-nie-moze-byc-znakiem-towarowym-orzekl-tsue\\\/\"},\"author\":{\"name\":\"hotnewsinworld\",\"@id\":\"https:\\\/\\\/hotnewsinworld.com\\\/pl\\\/#\\\/schema\\\/person\\\/fe61448b21c0d59086e75fcc1f9d8f6b\"},\"headline\":\"Niebiesko-srebrny kolor Red Bulla nie mo\u017ce by\u0107 znakiem towarowym \u2013 orzek\u0142 TSUE\",\"datePublished\":\"2019-08-08T19:56:42+00:00\",\"dateModified\":\"2020-03-05T13:48:17+00:00\",\"mainEntityOfPage\":{\"@id\":\"https:\\\/\\\/hotnewsinworld.com\\\/pl\\\/niebiesko-srebrny-kolor-red-bulla-nie-moze-byc-znakiem-towarowym-orzekl-tsue\\\/\"},\"wordCount\":235,\"commentCount\":0,\"image\":{\"@id\":\"https:\\\/\\\/hotnewsinworld.com\\\/pl\\\/niebiesko-srebrny-kolor-red-bulla-nie-moze-byc-znakiem-towarowym-orzekl-tsue\\\/#primaryimage\"},\"thumbnailUrl\":\"https:\\\/\\\/hotnewsinworld.com\\\/pl\\\/wp-content\\\/uploads\\\/sites\\\/6\\\/2019\\\/08\\\/Niebiesko-srebrny-kolor-Red-Bulla-nie-mo\u017ce-by\u0107-znakiem-towarowym-\u2013.png\",\"articleSection\":[\"WIADOMO\u015aCI MEDIALNE SPO\u0141ECZNE\"],\"inLanguage\":\"pl-PL\",\"potentialAction\":[{\"@type\":\"CommentAction\",\"name\":\"Comment\",\"target\":[\"https:\\\/\\\/hotnewsinworld.com\\\/pl\\\/niebiesko-srebrny-kolor-red-bulla-nie-moze-byc-znakiem-towarowym-orzekl-tsue\\\/#respond\"]}]},{\"@type\":\"WebPage\",\"@id\":\"https:\\\/\\\/hotnewsinworld.com\\\/pl\\\/niebiesko-srebrny-kolor-red-bulla-nie-moze-byc-znakiem-towarowym-orzekl-tsue\\\/\",\"url\":\"https:\\\/\\\/hotnewsinworld.com\\\/pl\\\/niebiesko-srebrny-kolor-red-bulla-nie-moze-byc-znakiem-towarowym-orzekl-tsue\\\/\",\"name\":\"Niebiesko-srebrny kolor Red Bulla nie mo\u017ce by\u0107 znakiem towarowym \u2013 orzek\u0142 TSUE - Hot News in World\",\"isPartOf\":{\"@id\":\"https:\\\/\\\/hotnewsinworld.com\\\/pl\\\/#website\"},\"primaryImageOfPage\":{\"@id\":\"https:\\\/\\\/hotnewsinworld.com\\\/pl\\\/niebiesko-srebrny-kolor-red-bulla-nie-moze-byc-znakiem-towarowym-orzekl-tsue\\\/#primaryimage\"},\"image\":{\"@id\":\"https:\\\/\\\/hotnewsinworld.com\\\/pl\\\/niebiesko-srebrny-kolor-red-bulla-nie-moze-byc-znakiem-towarowym-orzekl-tsue\\\/#primaryimage\"},\"thumbnailUrl\":\"https:\\\/\\\/hotnewsinworld.com\\\/pl\\\/wp-content\\\/uploads\\\/sites\\\/6\\\/2019\\\/08\\\/Niebiesko-srebrny-kolor-Red-Bulla-nie-mo\u017ce-by\u0107-znakiem-towarowym-\u2013.png\",\"datePublished\":\"2019-08-08T19:56:42+00:00\",\"dateModified\":\"2020-03-05T13:48:17+00:00\",\"author\":{\"@id\":\"https:\\\/\\\/hotnewsinworld.com\\\/pl\\\/#\\\/schema\\\/person\\\/fe61448b21c0d59086e75fcc1f9d8f6b\"},\"breadcrumb\":{\"@id\":\"https:\\\/\\\/hotnewsinworld.com\\\/pl\\\/niebiesko-srebrny-kolor-red-bulla-nie-moze-byc-znakiem-towarowym-orzekl-tsue\\\/#breadcrumb\"},\"inLanguage\":\"pl-PL\",\"potentialAction\":[{\"@type\":\"ReadAction\",\"target\":[\"https:\\\/\\\/hotnewsinworld.com\\\/pl\\\/niebiesko-srebrny-kolor-red-bulla-nie-moze-byc-znakiem-towarowym-orzekl-tsue\\\/\"]}]},{\"@type\":\"ImageObject\",\"inLanguage\":\"pl-PL\",\"@id\":\"https:\\\/\\\/hotnewsinworld.com\\\/pl\\\/niebiesko-srebrny-kolor-red-bulla-nie-moze-byc-znakiem-towarowym-orzekl-tsue\\\/#primaryimage\",\"url\":\"https:\\\/\\\/hotnewsinworld.com\\\/pl\\\/wp-content\\\/uploads\\\/sites\\\/6\\\/2019\\\/08\\\/Niebiesko-srebrny-kolor-Red-Bulla-nie-mo\u017ce-by\u0107-znakiem-towarowym-\u2013.png\",\"contentUrl\":\"https:\\\/\\\/hotnewsinworld.com\\\/pl\\\/wp-content\\\/uploads\\\/sites\\\/6\\\/2019\\\/08\\\/Niebiesko-srebrny-kolor-Red-Bulla-nie-mo\u017ce-by\u0107-znakiem-towarowym-\u2013.png\",\"width\":655,\"height\":508,\"caption\":\"Article\"},{\"@type\":\"BreadcrumbList\",\"@id\":\"https:\\\/\\\/hotnewsinworld.com\\\/pl\\\/niebiesko-srebrny-kolor-red-bulla-nie-moze-byc-znakiem-towarowym-orzekl-tsue\\\/#breadcrumb\",\"itemListElement\":[{\"@type\":\"ListItem\",\"position\":1,\"name\":\"\u0413\u043b\u0430\u0432\u043d\u0430\u044f \u0441\u0442\u0440\u0430\u043d\u0438\u0446\u0430\",\"item\":\"https:\\\/\\\/hotnewsinworld.com\\\/pl\\\/\"},{\"@type\":\"ListItem\",\"position\":2,\"name\":\"Niebiesko-srebrny kolor Red Bulla nie mo\u017ce by\u0107 znakiem towarowym \u2013 orzek\u0142 TSUE\"}]},{\"@type\":\"WebSite\",\"@id\":\"https:\\\/\\\/hotnewsinworld.com\\\/pl\\\/#website\",\"url\":\"https:\\\/\\\/hotnewsinworld.com\\\/pl\\\/\",\"name\":\"Hot News in World\",\"description\":\"Hot News in World Polska\",\"potentialAction\":[{\"@type\":\"SearchAction\",\"target\":{\"@type\":\"EntryPoint\",\"urlTemplate\":\"https:\\\/\\\/hotnewsinworld.com\\\/pl\\\/?s={search_term_string}\"},\"query-input\":{\"@type\":\"PropertyValueSpecification\",\"valueRequired\":true,\"valueName\":\"search_term_string\"}}],\"inLanguage\":\"pl-PL\"},{\"@type\":\"Person\",\"@id\":\"https:\\\/\\\/hotnewsinworld.com\\\/pl\\\/#\\\/schema\\\/person\\\/fe61448b21c0d59086e75fcc1f9d8f6b\",\"name\":\"hotnewsinworld\",\"image\":{\"@type\":\"ImageObject\",\"inLanguage\":\"pl-PL\",\"@id\":\"https:\\\/\\\/secure.gravatar.com\\\/avatar\\\/8a09ac165600ce2e1c38fe593c63928eb1e6e7ba5c5a907d67787c41b3d00c14?s=96&d=mm&r=g\",\"url\":\"https:\\\/\\\/secure.gravatar.com\\\/avatar\\\/8a09ac165600ce2e1c38fe593c63928eb1e6e7ba5c5a907d67787c41b3d00c14?s=96&d=mm&r=g\",\"contentUrl\":\"https:\\\/\\\/secure.gravatar.com\\\/avatar\\\/8a09ac165600ce2e1c38fe593c63928eb1e6e7ba5c5a907d67787c41b3d00c14?s=96&d=mm&r=g\",\"caption\":\"hotnewsinworld\"},\"url\":\"https:\\\/\\\/hotnewsinworld.com\\\/pl\\\/author\\\/pt\\\/\"}]}<\/script>\n<!-- \/ Yoast SEO plugin. -->","yoast_head_json":{"title":"Niebiesko-srebrny kolor Red Bulla nie mo\u017ce by\u0107 znakiem towarowym \u2013 orzek\u0142 TSUE - Hot News in World","robots":{"index":"index","follow":"follow","max-snippet":"max-snippet:-1","max-image-preview":"max-image-preview:large","max-video-preview":"max-video-preview:-1"},"canonical":"https:\/\/hotnewsinworld.com\/pl\/niebiesko-srebrny-kolor-red-bulla-nie-moze-byc-znakiem-towarowym-orzekl-tsue\/","og_locale":"pl_PL","og_type":"article","og_title":"Niebiesko-srebrny kolor Red Bulla nie mo\u017ce by\u0107 znakiem towarowym \u2013 orzek\u0142 TSUE - Hot News in World","og_description":"TSUE zajmowa\u0142 si\u0119 spraw\u0105 zastrze\u017cenia dw\u00f3ch znak\u00f3w towar\u00f3w dla napoj\u00f3w energetyzuj\u0105cych dla marki Red Bull. W pierwszym przypadku chodzi\u0142o o zarejestrowany w 2005 roku znak opisany jako \u201estosunek w przybli\u017ceniu 50proc.\u201d mi\u0119dzy kolorami b\u0142\u0119kitnym i srebrnym, drugi (zarejestrowany 2 2011 roku) \u2013 b\u0119d\u0105cy zestawieniem kolor\u00f3w srebrnego i niebieskiego wraz z ich stosowaniem \u201ew r\u00f3wnych proporcjach\u201d. [&hellip;]","og_url":"https:\/\/hotnewsinworld.com\/pl\/niebiesko-srebrny-kolor-red-bulla-nie-moze-byc-znakiem-towarowym-orzekl-tsue\/","og_site_name":"Hot News in World","article_published_time":"2019-08-08T19:56:42+00:00","article_modified_time":"2020-03-05T13:48:17+00:00","og_image":[{"width":655,"height":508,"url":"https:\/\/hotnewsinworld.com\/pl\/wp-content\/uploads\/sites\/6\/2019\/08\/Niebiesko-srebrny-kolor-Red-Bulla-nie-mo\u017ce-by\u0107-znakiem-towarowym-\u2013.png","type":"image\/png"}],"author":"hotnewsinworld","twitter_card":"summary_large_image","twitter_misc":{"Napisane przez":"hotnewsinworld","Szacowany czas czytania":"1 minuta"},"schema":{"@context":"https:\/\/schema.org","@graph":[{"@type":"Article","@id":"https:\/\/hotnewsinworld.com\/pl\/niebiesko-srebrny-kolor-red-bulla-nie-moze-byc-znakiem-towarowym-orzekl-tsue\/#article","isPartOf":{"@id":"https:\/\/hotnewsinworld.com\/pl\/niebiesko-srebrny-kolor-red-bulla-nie-moze-byc-znakiem-towarowym-orzekl-tsue\/"},"author":{"name":"hotnewsinworld","@id":"https:\/\/hotnewsinworld.com\/pl\/#\/schema\/person\/fe61448b21c0d59086e75fcc1f9d8f6b"},"headline":"Niebiesko-srebrny kolor Red Bulla nie mo\u017ce by\u0107 znakiem towarowym \u2013 orzek\u0142 TSUE","datePublished":"2019-08-08T19:56:42+00:00","dateModified":"2020-03-05T13:48:17+00:00","mainEntityOfPage":{"@id":"https:\/\/hotnewsinworld.com\/pl\/niebiesko-srebrny-kolor-red-bulla-nie-moze-byc-znakiem-towarowym-orzekl-tsue\/"},"wordCount":235,"commentCount":0,"image":{"@id":"https:\/\/hotnewsinworld.com\/pl\/niebiesko-srebrny-kolor-red-bulla-nie-moze-byc-znakiem-towarowym-orzekl-tsue\/#primaryimage"},"thumbnailUrl":"https:\/\/hotnewsinworld.com\/pl\/wp-content\/uploads\/sites\/6\/2019\/08\/Niebiesko-srebrny-kolor-Red-Bulla-nie-mo\u017ce-by\u0107-znakiem-towarowym-\u2013.png","articleSection":["WIADOMO\u015aCI MEDIALNE SPO\u0141ECZNE"],"inLanguage":"pl-PL","potentialAction":[{"@type":"CommentAction","name":"Comment","target":["https:\/\/hotnewsinworld.com\/pl\/niebiesko-srebrny-kolor-red-bulla-nie-moze-byc-znakiem-towarowym-orzekl-tsue\/#respond"]}]},{"@type":"WebPage","@id":"https:\/\/hotnewsinworld.com\/pl\/niebiesko-srebrny-kolor-red-bulla-nie-moze-byc-znakiem-towarowym-orzekl-tsue\/","url":"https:\/\/hotnewsinworld.com\/pl\/niebiesko-srebrny-kolor-red-bulla-nie-moze-byc-znakiem-towarowym-orzekl-tsue\/","name":"Niebiesko-srebrny kolor Red Bulla nie mo\u017ce by\u0107 znakiem towarowym \u2013 orzek\u0142 TSUE - Hot News in World","isPartOf":{"@id":"https:\/\/hotnewsinworld.com\/pl\/#website"},"primaryImageOfPage":{"@id":"https:\/\/hotnewsinworld.com\/pl\/niebiesko-srebrny-kolor-red-bulla-nie-moze-byc-znakiem-towarowym-orzekl-tsue\/#primaryimage"},"image":{"@id":"https:\/\/hotnewsinworld.com\/pl\/niebiesko-srebrny-kolor-red-bulla-nie-moze-byc-znakiem-towarowym-orzekl-tsue\/#primaryimage"},"thumbnailUrl":"https:\/\/hotnewsinworld.com\/pl\/wp-content\/uploads\/sites\/6\/2019\/08\/Niebiesko-srebrny-kolor-Red-Bulla-nie-mo\u017ce-by\u0107-znakiem-towarowym-\u2013.png","datePublished":"2019-08-08T19:56:42+00:00","dateModified":"2020-03-05T13:48:17+00:00","author":{"@id":"https:\/\/hotnewsinworld.com\/pl\/#\/schema\/person\/fe61448b21c0d59086e75fcc1f9d8f6b"},"breadcrumb":{"@id":"https:\/\/hotnewsinworld.com\/pl\/niebiesko-srebrny-kolor-red-bulla-nie-moze-byc-znakiem-towarowym-orzekl-tsue\/#breadcrumb"},"inLanguage":"pl-PL","potentialAction":[{"@type":"ReadAction","target":["https:\/\/hotnewsinworld.com\/pl\/niebiesko-srebrny-kolor-red-bulla-nie-moze-byc-znakiem-towarowym-orzekl-tsue\/"]}]},{"@type":"ImageObject","inLanguage":"pl-PL","@id":"https:\/\/hotnewsinworld.com\/pl\/niebiesko-srebrny-kolor-red-bulla-nie-moze-byc-znakiem-towarowym-orzekl-tsue\/#primaryimage","url":"https:\/\/hotnewsinworld.com\/pl\/wp-content\/uploads\/sites\/6\/2019\/08\/Niebiesko-srebrny-kolor-Red-Bulla-nie-mo\u017ce-by\u0107-znakiem-towarowym-\u2013.png","contentUrl":"https:\/\/hotnewsinworld.com\/pl\/wp-content\/uploads\/sites\/6\/2019\/08\/Niebiesko-srebrny-kolor-Red-Bulla-nie-mo\u017ce-by\u0107-znakiem-towarowym-\u2013.png","width":655,"height":508,"caption":"Article"},{"@type":"BreadcrumbList","@id":"https:\/\/hotnewsinworld.com\/pl\/niebiesko-srebrny-kolor-red-bulla-nie-moze-byc-znakiem-towarowym-orzekl-tsue\/#breadcrumb","itemListElement":[{"@type":"ListItem","position":1,"name":"\u0413\u043b\u0430\u0432\u043d\u0430\u044f \u0441\u0442\u0440\u0430\u043d\u0438\u0446\u0430","item":"https:\/\/hotnewsinworld.com\/pl\/"},{"@type":"ListItem","position":2,"name":"Niebiesko-srebrny kolor Red Bulla nie mo\u017ce by\u0107 znakiem towarowym \u2013 orzek\u0142 TSUE"}]},{"@type":"WebSite","@id":"https:\/\/hotnewsinworld.com\/pl\/#website","url":"https:\/\/hotnewsinworld.com\/pl\/","name":"Hot News in World","description":"Hot News in World Polska","potentialAction":[{"@type":"SearchAction","target":{"@type":"EntryPoint","urlTemplate":"https:\/\/hotnewsinworld.com\/pl\/?s={search_term_string}"},"query-input":{"@type":"PropertyValueSpecification","valueRequired":true,"valueName":"search_term_string"}}],"inLanguage":"pl-PL"},{"@type":"Person","@id":"https:\/\/hotnewsinworld.com\/pl\/#\/schema\/person\/fe61448b21c0d59086e75fcc1f9d8f6b","name":"hotnewsinworld","image":{"@type":"ImageObject","inLanguage":"pl-PL","@id":"https:\/\/secure.gravatar.com\/avatar\/8a09ac165600ce2e1c38fe593c63928eb1e6e7ba5c5a907d67787c41b3d00c14?s=96&d=mm&r=g","url":"https:\/\/secure.gravatar.com\/avatar\/8a09ac165600ce2e1c38fe593c63928eb1e6e7ba5c5a907d67787c41b3d00c14?s=96&d=mm&r=g","contentUrl":"https:\/\/secure.gravatar.com\/avatar\/8a09ac165600ce2e1c38fe593c63928eb1e6e7ba5c5a907d67787c41b3d00c14?s=96&d=mm&r=g","caption":"hotnewsinworld"},"url":"https:\/\/hotnewsinworld.com\/pl\/author\/pt\/"}]}},"_links":{"self":[{"href":"https:\/\/hotnewsinworld.com\/pl\/wp-json\/wp\/v2\/posts\/1191","targetHints":{"allow":["GET"]}}],"collection":[{"href":"https:\/\/hotnewsinworld.com\/pl\/wp-json\/wp\/v2\/posts"}],"about":[{"href":"https:\/\/hotnewsinworld.com\/pl\/wp-json\/wp\/v2\/types\/post"}],"author":[{"embeddable":true,"href":"https:\/\/hotnewsinworld.com\/pl\/wp-json\/wp\/v2\/users\/2"}],"replies":[{"embeddable":true,"href":"https:\/\/hotnewsinworld.com\/pl\/wp-json\/wp\/v2\/comments?post=1191"}],"version-history":[{"count":2,"href":"https:\/\/hotnewsinworld.com\/pl\/wp-json\/wp\/v2\/posts\/1191\/revisions"}],"predecessor-version":[{"id":3197,"href":"https:\/\/hotnewsinworld.com\/pl\/wp-json\/wp\/v2\/posts\/1191\/revisions\/3197"}],"wp:featuredmedia":[{"embeddable":true,"href":"https:\/\/hotnewsinworld.com\/pl\/wp-json\/wp\/v2\/media\/1192"}],"wp:attachment":[{"href":"https:\/\/hotnewsinworld.com\/pl\/wp-json\/wp\/v2\/media?parent=1191"}],"wp:term":[{"taxonomy":"category","embeddable":true,"href":"https:\/\/hotnewsinworld.com\/pl\/wp-json\/wp\/v2\/categories?post=1191"},{"taxonomy":"post_tag","embeddable":true,"href":"https:\/\/hotnewsinworld.com\/pl\/wp-json\/wp\/v2\/tags?post=1191"}],"curies":[{"name":"wp","href":"https:\/\/api.w.org\/{rel}","templated":true}]}}