{"id":134,"date":"2019-05-20T12:37:31","date_gmt":"2019-05-20T09:37:31","guid":{"rendered":"https:\/\/hotnewsinworld.com\/pl\/po-siedmiu-latach-wreszcie-wyrok-przypominamy-o-co-chodzi-w-aferze-amber-gold\/"},"modified":"2020-03-06T15:02:49","modified_gmt":"2020-03-06T12:02:49","slug":"po-siedmiu-latach-wreszcie-wyrok-przypominamy-o-co-chodzi-w-aferze-amber-gold","status":"publish","type":"post","link":"https:\/\/hotnewsinworld.com\/pl\/po-siedmiu-latach-wreszcie-wyrok-przypominamy-o-co-chodzi-w-aferze-amber-gold\/","title":{"rendered":"Po siedmiu latach wreszcie wyrok. Przypominamy, o co chodzi w aferze Amber Gold"},"content":{"rendered":"<p>Po siedmiu latach od wykrycia afery Amber Gold w poniedzia\u0142ek, 20 maja przed S\u0105dem Okr\u0119gowym w Gda\u0144sku zapad\u0142 wyrok. Tw\u00f3rca Amber Gold Marcin P. i by\u0142a \u017cona Katarzyna P. zostali uznani winnymi oszustwa, wprowadzenia w b\u0142\u0105d klient\u00f3w, prowadzenia dzia\u0142alno\u015bci parabankowej bez pozwolenia. Trwa odczytywanie wyroku. Prokuratura domaga\u0142a si\u0119 kar 25 lat wi\u0119zienia dla Katarzyny i Marcina P.<\/p>\n<p><\/p>\n<p><a href=\"http:\/\/wyborcza.pl\/7,155287,24804502,po-siedmiu-latach-wreszcie-wyrok-przypominamy-o-co-chodzi.html\">Source link <\/a><\/p>\n","protected":false},"excerpt":{"rendered":"<p>Po siedmiu latach od wykrycia afery Amber Gold w poniedzia\u0142ek, 20 maja przed S\u0105dem Okr\u0119gowym w Gda\u0144sku zapad\u0142 wyrok. Tw\u00f3rca Amber Gold Marcin P. i by\u0142a \u017cona Katarzyna P. zostali uznani winnymi oszustwa, wprowadzenia w b\u0142\u0105d klient\u00f3w, prowadzenia dzia\u0142alno\u015bci parabankowej bez pozwolenia. Trwa odczytywanie wyroku. Prokuratura domaga\u0142a si\u0119 kar 25 lat wi\u0119zienia dla Katarzyny i [&hellip;]<\/p>\n","protected":false},"author":2,"featured_media":135,"comment_status":"open","ping_status":"open","sticky":false,"template":"","format":"standard","meta":{"footnotes":""},"categories":[1],"tags":[],"class_list":["post-134","post","type-post","status-publish","format-standard","has-post-thumbnail","hentry","category-najnowsze-wiadomosci-finansowe"],"yoast_head":"<!-- This site is optimized with the Yoast SEO plugin v27.4 - https:\/\/yoast.com\/product\/yoast-seo-wordpress\/ -->\n<title>Po siedmiu latach wreszcie wyrok. Przypominamy, o co chodzi w aferze Amber Gold - Hot News in World<\/title>\n<meta name=\"robots\" content=\"index, follow, max-snippet:-1, max-image-preview:large, max-video-preview:-1\" \/>\n<link rel=\"canonical\" href=\"https:\/\/hotnewsinworld.com\/pl\/po-siedmiu-latach-wreszcie-wyrok-przypominamy-o-co-chodzi-w-aferze-amber-gold\/\" \/>\n<meta property=\"og:locale\" content=\"pl_PL\" \/>\n<meta property=\"og:type\" content=\"article\" \/>\n<meta property=\"og:title\" content=\"Po siedmiu latach wreszcie wyrok. Przypominamy, o co chodzi w aferze Amber Gold - Hot News in World\" \/>\n<meta property=\"og:description\" content=\"Po siedmiu latach od wykrycia afery Amber Gold w poniedzia\u0142ek, 20 maja przed S\u0105dem Okr\u0119gowym w Gda\u0144sku zapad\u0142 wyrok. Tw\u00f3rca Amber Gold Marcin P. i by\u0142a \u017cona Katarzyna P. zostali uznani winnymi oszustwa, wprowadzenia w b\u0142\u0105d klient\u00f3w, prowadzenia dzia\u0142alno\u015bci parabankowej bez pozwolenia. Trwa odczytywanie wyroku. Prokuratura domaga\u0142a si\u0119 kar 25 lat wi\u0119zienia dla Katarzyny i [&hellip;]\" \/>\n<meta property=\"og:url\" content=\"https:\/\/hotnewsinworld.com\/pl\/po-siedmiu-latach-wreszcie-wyrok-przypominamy-o-co-chodzi-w-aferze-amber-gold\/\" \/>\n<meta property=\"og:site_name\" content=\"Hot News in World\" \/>\n<meta property=\"article:published_time\" content=\"2019-05-20T09:37:31+00:00\" \/>\n<meta property=\"article:modified_time\" content=\"2020-03-06T12:02:49+00:00\" \/>\n<meta property=\"og:image\" content=\"https:\/\/hotnewsinworld.com\/pl\/wp-content\/uploads\/sites\/6\/2019\/05\/Po-siedmiu-latach-wreszcie-wyrok.-Przypominamy-o-co-chodzi-w.jpg\" \/>\n\t<meta property=\"og:image:width\" content=\"300\" \/>\n\t<meta property=\"og:image:height\" content=\"200\" \/>\n\t<meta property=\"og:image:type\" content=\"image\/jpeg\" \/>\n<meta name=\"author\" content=\"hotnewsinworld\" \/>\n<meta name=\"twitter:card\" content=\"summary_large_image\" \/>\n<meta name=\"twitter:label1\" content=\"Napisane przez\" \/>\n\t<meta name=\"twitter:data1\" content=\"hotnewsinworld\" \/>\n<script type=\"application\/ld+json\" class=\"yoast-schema-graph\">{\"@context\":\"https:\\\/\\\/schema.org\",\"@graph\":[{\"@type\":\"Article\",\"@id\":\"https:\\\/\\\/hotnewsinworld.com\\\/pl\\\/po-siedmiu-latach-wreszcie-wyrok-przypominamy-o-co-chodzi-w-aferze-amber-gold\\\/#article\",\"isPartOf\":{\"@id\":\"https:\\\/\\\/hotnewsinworld.com\\\/pl\\\/po-siedmiu-latach-wreszcie-wyrok-przypominamy-o-co-chodzi-w-aferze-amber-gold\\\/\"},\"author\":{\"name\":\"hotnewsinworld\",\"@id\":\"https:\\\/\\\/hotnewsinworld.com\\\/pl\\\/#\\\/schema\\\/person\\\/fe61448b21c0d59086e75fcc1f9d8f6b\"},\"headline\":\"Po siedmiu latach wreszcie wyrok. Przypominamy, o co chodzi w aferze Amber Gold\",\"datePublished\":\"2019-05-20T09:37:31+00:00\",\"dateModified\":\"2020-03-06T12:02:49+00:00\",\"mainEntityOfPage\":{\"@id\":\"https:\\\/\\\/hotnewsinworld.com\\\/pl\\\/po-siedmiu-latach-wreszcie-wyrok-przypominamy-o-co-chodzi-w-aferze-amber-gold\\\/\"},\"wordCount\":82,\"commentCount\":0,\"image\":{\"@id\":\"https:\\\/\\\/hotnewsinworld.com\\\/pl\\\/po-siedmiu-latach-wreszcie-wyrok-przypominamy-o-co-chodzi-w-aferze-amber-gold\\\/#primaryimage\"},\"thumbnailUrl\":\"https:\\\/\\\/hotnewsinworld.com\\\/pl\\\/wp-content\\\/uploads\\\/sites\\\/6\\\/2019\\\/05\\\/Po-siedmiu-latach-wreszcie-wyrok.-Przypominamy-o-co-chodzi-w.jpg\",\"articleSection\":[\"NAJNOWSZE WIADOMO\u015aCI FINANSOWE\"],\"inLanguage\":\"pl-PL\",\"potentialAction\":[{\"@type\":\"CommentAction\",\"name\":\"Comment\",\"target\":[\"https:\\\/\\\/hotnewsinworld.com\\\/pl\\\/po-siedmiu-latach-wreszcie-wyrok-przypominamy-o-co-chodzi-w-aferze-amber-gold\\\/#respond\"]}]},{\"@type\":\"WebPage\",\"@id\":\"https:\\\/\\\/hotnewsinworld.com\\\/pl\\\/po-siedmiu-latach-wreszcie-wyrok-przypominamy-o-co-chodzi-w-aferze-amber-gold\\\/\",\"url\":\"https:\\\/\\\/hotnewsinworld.com\\\/pl\\\/po-siedmiu-latach-wreszcie-wyrok-przypominamy-o-co-chodzi-w-aferze-amber-gold\\\/\",\"name\":\"Po siedmiu latach wreszcie wyrok. Przypominamy, o co chodzi w aferze Amber Gold - Hot News in World\",\"isPartOf\":{\"@id\":\"https:\\\/\\\/hotnewsinworld.com\\\/pl\\\/#website\"},\"primaryImageOfPage\":{\"@id\":\"https:\\\/\\\/hotnewsinworld.com\\\/pl\\\/po-siedmiu-latach-wreszcie-wyrok-przypominamy-o-co-chodzi-w-aferze-amber-gold\\\/#primaryimage\"},\"image\":{\"@id\":\"https:\\\/\\\/hotnewsinworld.com\\\/pl\\\/po-siedmiu-latach-wreszcie-wyrok-przypominamy-o-co-chodzi-w-aferze-amber-gold\\\/#primaryimage\"},\"thumbnailUrl\":\"https:\\\/\\\/hotnewsinworld.com\\\/pl\\\/wp-content\\\/uploads\\\/sites\\\/6\\\/2019\\\/05\\\/Po-siedmiu-latach-wreszcie-wyrok.-Przypominamy-o-co-chodzi-w.jpg\",\"datePublished\":\"2019-05-20T09:37:31+00:00\",\"dateModified\":\"2020-03-06T12:02:49+00:00\",\"author\":{\"@id\":\"https:\\\/\\\/hotnewsinworld.com\\\/pl\\\/#\\\/schema\\\/person\\\/fe61448b21c0d59086e75fcc1f9d8f6b\"},\"breadcrumb\":{\"@id\":\"https:\\\/\\\/hotnewsinworld.com\\\/pl\\\/po-siedmiu-latach-wreszcie-wyrok-przypominamy-o-co-chodzi-w-aferze-amber-gold\\\/#breadcrumb\"},\"inLanguage\":\"pl-PL\",\"potentialAction\":[{\"@type\":\"ReadAction\",\"target\":[\"https:\\\/\\\/hotnewsinworld.com\\\/pl\\\/po-siedmiu-latach-wreszcie-wyrok-przypominamy-o-co-chodzi-w-aferze-amber-gold\\\/\"]}]},{\"@type\":\"ImageObject\",\"inLanguage\":\"pl-PL\",\"@id\":\"https:\\\/\\\/hotnewsinworld.com\\\/pl\\\/po-siedmiu-latach-wreszcie-wyrok-przypominamy-o-co-chodzi-w-aferze-amber-gold\\\/#primaryimage\",\"url\":\"https:\\\/\\\/hotnewsinworld.com\\\/pl\\\/wp-content\\\/uploads\\\/sites\\\/6\\\/2019\\\/05\\\/Po-siedmiu-latach-wreszcie-wyrok.-Przypominamy-o-co-chodzi-w.jpg\",\"contentUrl\":\"https:\\\/\\\/hotnewsinworld.com\\\/pl\\\/wp-content\\\/uploads\\\/sites\\\/6\\\/2019\\\/05\\\/Po-siedmiu-latach-wreszcie-wyrok.-Przypominamy-o-co-chodzi-w.jpg\",\"width\":300,\"height\":200,\"caption\":\"Po siedmiu latach wreszcie wyrok. Przypominamy, o co chodzi w aferze Amber Gold\"},{\"@type\":\"BreadcrumbList\",\"@id\":\"https:\\\/\\\/hotnewsinworld.com\\\/pl\\\/po-siedmiu-latach-wreszcie-wyrok-przypominamy-o-co-chodzi-w-aferze-amber-gold\\\/#breadcrumb\",\"itemListElement\":[{\"@type\":\"ListItem\",\"position\":1,\"name\":\"\u0413\u043b\u0430\u0432\u043d\u0430\u044f \u0441\u0442\u0440\u0430\u043d\u0438\u0446\u0430\",\"item\":\"https:\\\/\\\/hotnewsinworld.com\\\/pl\\\/\"},{\"@type\":\"ListItem\",\"position\":2,\"name\":\"Po siedmiu latach wreszcie wyrok. Przypominamy, o co chodzi w aferze Amber Gold\"}]},{\"@type\":\"WebSite\",\"@id\":\"https:\\\/\\\/hotnewsinworld.com\\\/pl\\\/#website\",\"url\":\"https:\\\/\\\/hotnewsinworld.com\\\/pl\\\/\",\"name\":\"Hot News in World\",\"description\":\"Hot News in World Polska\",\"potentialAction\":[{\"@type\":\"SearchAction\",\"target\":{\"@type\":\"EntryPoint\",\"urlTemplate\":\"https:\\\/\\\/hotnewsinworld.com\\\/pl\\\/?s={search_term_string}\"},\"query-input\":{\"@type\":\"PropertyValueSpecification\",\"valueRequired\":true,\"valueName\":\"search_term_string\"}}],\"inLanguage\":\"pl-PL\"},{\"@type\":\"Person\",\"@id\":\"https:\\\/\\\/hotnewsinworld.com\\\/pl\\\/#\\\/schema\\\/person\\\/fe61448b21c0d59086e75fcc1f9d8f6b\",\"name\":\"hotnewsinworld\",\"image\":{\"@type\":\"ImageObject\",\"inLanguage\":\"pl-PL\",\"@id\":\"https:\\\/\\\/secure.gravatar.com\\\/avatar\\\/8a09ac165600ce2e1c38fe593c63928eb1e6e7ba5c5a907d67787c41b3d00c14?s=96&d=mm&r=g\",\"url\":\"https:\\\/\\\/secure.gravatar.com\\\/avatar\\\/8a09ac165600ce2e1c38fe593c63928eb1e6e7ba5c5a907d67787c41b3d00c14?s=96&d=mm&r=g\",\"contentUrl\":\"https:\\\/\\\/secure.gravatar.com\\\/avatar\\\/8a09ac165600ce2e1c38fe593c63928eb1e6e7ba5c5a907d67787c41b3d00c14?s=96&d=mm&r=g\",\"caption\":\"hotnewsinworld\"},\"url\":\"https:\\\/\\\/hotnewsinworld.com\\\/pl\\\/author\\\/pt\\\/\"}]}<\/script>\n<!-- \/ Yoast SEO plugin. -->","yoast_head_json":{"title":"Po siedmiu latach wreszcie wyrok. Przypominamy, o co chodzi w aferze Amber Gold - Hot News in World","robots":{"index":"index","follow":"follow","max-snippet":"max-snippet:-1","max-image-preview":"max-image-preview:large","max-video-preview":"max-video-preview:-1"},"canonical":"https:\/\/hotnewsinworld.com\/pl\/po-siedmiu-latach-wreszcie-wyrok-przypominamy-o-co-chodzi-w-aferze-amber-gold\/","og_locale":"pl_PL","og_type":"article","og_title":"Po siedmiu latach wreszcie wyrok. Przypominamy, o co chodzi w aferze Amber Gold - Hot News in World","og_description":"Po siedmiu latach od wykrycia afery Amber Gold w poniedzia\u0142ek, 20 maja przed S\u0105dem Okr\u0119gowym w Gda\u0144sku zapad\u0142 wyrok. Tw\u00f3rca Amber Gold Marcin P. i by\u0142a \u017cona Katarzyna P. zostali uznani winnymi oszustwa, wprowadzenia w b\u0142\u0105d klient\u00f3w, prowadzenia dzia\u0142alno\u015bci parabankowej bez pozwolenia. Trwa odczytywanie wyroku. Prokuratura domaga\u0142a si\u0119 kar 25 lat wi\u0119zienia dla Katarzyny i [&hellip;]","og_url":"https:\/\/hotnewsinworld.com\/pl\/po-siedmiu-latach-wreszcie-wyrok-przypominamy-o-co-chodzi-w-aferze-amber-gold\/","og_site_name":"Hot News in World","article_published_time":"2019-05-20T09:37:31+00:00","article_modified_time":"2020-03-06T12:02:49+00:00","og_image":[{"width":300,"height":200,"url":"https:\/\/hotnewsinworld.com\/pl\/wp-content\/uploads\/sites\/6\/2019\/05\/Po-siedmiu-latach-wreszcie-wyrok.-Przypominamy-o-co-chodzi-w.jpg","type":"image\/jpeg"}],"author":"hotnewsinworld","twitter_card":"summary_large_image","twitter_misc":{"Napisane przez":"hotnewsinworld"},"schema":{"@context":"https:\/\/schema.org","@graph":[{"@type":"Article","@id":"https:\/\/hotnewsinworld.com\/pl\/po-siedmiu-latach-wreszcie-wyrok-przypominamy-o-co-chodzi-w-aferze-amber-gold\/#article","isPartOf":{"@id":"https:\/\/hotnewsinworld.com\/pl\/po-siedmiu-latach-wreszcie-wyrok-przypominamy-o-co-chodzi-w-aferze-amber-gold\/"},"author":{"name":"hotnewsinworld","@id":"https:\/\/hotnewsinworld.com\/pl\/#\/schema\/person\/fe61448b21c0d59086e75fcc1f9d8f6b"},"headline":"Po siedmiu latach wreszcie wyrok. Przypominamy, o co chodzi w aferze Amber Gold","datePublished":"2019-05-20T09:37:31+00:00","dateModified":"2020-03-06T12:02:49+00:00","mainEntityOfPage":{"@id":"https:\/\/hotnewsinworld.com\/pl\/po-siedmiu-latach-wreszcie-wyrok-przypominamy-o-co-chodzi-w-aferze-amber-gold\/"},"wordCount":82,"commentCount":0,"image":{"@id":"https:\/\/hotnewsinworld.com\/pl\/po-siedmiu-latach-wreszcie-wyrok-przypominamy-o-co-chodzi-w-aferze-amber-gold\/#primaryimage"},"thumbnailUrl":"https:\/\/hotnewsinworld.com\/pl\/wp-content\/uploads\/sites\/6\/2019\/05\/Po-siedmiu-latach-wreszcie-wyrok.-Przypominamy-o-co-chodzi-w.jpg","articleSection":["NAJNOWSZE WIADOMO\u015aCI FINANSOWE"],"inLanguage":"pl-PL","potentialAction":[{"@type":"CommentAction","name":"Comment","target":["https:\/\/hotnewsinworld.com\/pl\/po-siedmiu-latach-wreszcie-wyrok-przypominamy-o-co-chodzi-w-aferze-amber-gold\/#respond"]}]},{"@type":"WebPage","@id":"https:\/\/hotnewsinworld.com\/pl\/po-siedmiu-latach-wreszcie-wyrok-przypominamy-o-co-chodzi-w-aferze-amber-gold\/","url":"https:\/\/hotnewsinworld.com\/pl\/po-siedmiu-latach-wreszcie-wyrok-przypominamy-o-co-chodzi-w-aferze-amber-gold\/","name":"Po siedmiu latach wreszcie wyrok. Przypominamy, o co chodzi w aferze Amber Gold - Hot News in World","isPartOf":{"@id":"https:\/\/hotnewsinworld.com\/pl\/#website"},"primaryImageOfPage":{"@id":"https:\/\/hotnewsinworld.com\/pl\/po-siedmiu-latach-wreszcie-wyrok-przypominamy-o-co-chodzi-w-aferze-amber-gold\/#primaryimage"},"image":{"@id":"https:\/\/hotnewsinworld.com\/pl\/po-siedmiu-latach-wreszcie-wyrok-przypominamy-o-co-chodzi-w-aferze-amber-gold\/#primaryimage"},"thumbnailUrl":"https:\/\/hotnewsinworld.com\/pl\/wp-content\/uploads\/sites\/6\/2019\/05\/Po-siedmiu-latach-wreszcie-wyrok.-Przypominamy-o-co-chodzi-w.jpg","datePublished":"2019-05-20T09:37:31+00:00","dateModified":"2020-03-06T12:02:49+00:00","author":{"@id":"https:\/\/hotnewsinworld.com\/pl\/#\/schema\/person\/fe61448b21c0d59086e75fcc1f9d8f6b"},"breadcrumb":{"@id":"https:\/\/hotnewsinworld.com\/pl\/po-siedmiu-latach-wreszcie-wyrok-przypominamy-o-co-chodzi-w-aferze-amber-gold\/#breadcrumb"},"inLanguage":"pl-PL","potentialAction":[{"@type":"ReadAction","target":["https:\/\/hotnewsinworld.com\/pl\/po-siedmiu-latach-wreszcie-wyrok-przypominamy-o-co-chodzi-w-aferze-amber-gold\/"]}]},{"@type":"ImageObject","inLanguage":"pl-PL","@id":"https:\/\/hotnewsinworld.com\/pl\/po-siedmiu-latach-wreszcie-wyrok-przypominamy-o-co-chodzi-w-aferze-amber-gold\/#primaryimage","url":"https:\/\/hotnewsinworld.com\/pl\/wp-content\/uploads\/sites\/6\/2019\/05\/Po-siedmiu-latach-wreszcie-wyrok.-Przypominamy-o-co-chodzi-w.jpg","contentUrl":"https:\/\/hotnewsinworld.com\/pl\/wp-content\/uploads\/sites\/6\/2019\/05\/Po-siedmiu-latach-wreszcie-wyrok.-Przypominamy-o-co-chodzi-w.jpg","width":300,"height":200,"caption":"Po siedmiu latach wreszcie wyrok. Przypominamy, o co chodzi w aferze Amber Gold"},{"@type":"BreadcrumbList","@id":"https:\/\/hotnewsinworld.com\/pl\/po-siedmiu-latach-wreszcie-wyrok-przypominamy-o-co-chodzi-w-aferze-amber-gold\/#breadcrumb","itemListElement":[{"@type":"ListItem","position":1,"name":"\u0413\u043b\u0430\u0432\u043d\u0430\u044f \u0441\u0442\u0440\u0430\u043d\u0438\u0446\u0430","item":"https:\/\/hotnewsinworld.com\/pl\/"},{"@type":"ListItem","position":2,"name":"Po siedmiu latach wreszcie wyrok. Przypominamy, o co chodzi w aferze Amber Gold"}]},{"@type":"WebSite","@id":"https:\/\/hotnewsinworld.com\/pl\/#website","url":"https:\/\/hotnewsinworld.com\/pl\/","name":"Hot News in World","description":"Hot News in World Polska","potentialAction":[{"@type":"SearchAction","target":{"@type":"EntryPoint","urlTemplate":"https:\/\/hotnewsinworld.com\/pl\/?s={search_term_string}"},"query-input":{"@type":"PropertyValueSpecification","valueRequired":true,"valueName":"search_term_string"}}],"inLanguage":"pl-PL"},{"@type":"Person","@id":"https:\/\/hotnewsinworld.com\/pl\/#\/schema\/person\/fe61448b21c0d59086e75fcc1f9d8f6b","name":"hotnewsinworld","image":{"@type":"ImageObject","inLanguage":"pl-PL","@id":"https:\/\/secure.gravatar.com\/avatar\/8a09ac165600ce2e1c38fe593c63928eb1e6e7ba5c5a907d67787c41b3d00c14?s=96&d=mm&r=g","url":"https:\/\/secure.gravatar.com\/avatar\/8a09ac165600ce2e1c38fe593c63928eb1e6e7ba5c5a907d67787c41b3d00c14?s=96&d=mm&r=g","contentUrl":"https:\/\/secure.gravatar.com\/avatar\/8a09ac165600ce2e1c38fe593c63928eb1e6e7ba5c5a907d67787c41b3d00c14?s=96&d=mm&r=g","caption":"hotnewsinworld"},"url":"https:\/\/hotnewsinworld.com\/pl\/author\/pt\/"}]}},"_links":{"self":[{"href":"https:\/\/hotnewsinworld.com\/pl\/wp-json\/wp\/v2\/posts\/134","targetHints":{"allow":["GET"]}}],"collection":[{"href":"https:\/\/hotnewsinworld.com\/pl\/wp-json\/wp\/v2\/posts"}],"about":[{"href":"https:\/\/hotnewsinworld.com\/pl\/wp-json\/wp\/v2\/types\/post"}],"author":[{"embeddable":true,"href":"https:\/\/hotnewsinworld.com\/pl\/wp-json\/wp\/v2\/users\/2"}],"replies":[{"embeddable":true,"href":"https:\/\/hotnewsinworld.com\/pl\/wp-json\/wp\/v2\/comments?post=134"}],"version-history":[{"count":2,"href":"https:\/\/hotnewsinworld.com\/pl\/wp-json\/wp\/v2\/posts\/134\/revisions"}],"predecessor-version":[{"id":3350,"href":"https:\/\/hotnewsinworld.com\/pl\/wp-json\/wp\/v2\/posts\/134\/revisions\/3350"}],"wp:featuredmedia":[{"embeddable":true,"href":"https:\/\/hotnewsinworld.com\/pl\/wp-json\/wp\/v2\/media\/135"}],"wp:attachment":[{"href":"https:\/\/hotnewsinworld.com\/pl\/wp-json\/wp\/v2\/media?parent=134"}],"wp:term":[{"taxonomy":"category","embeddable":true,"href":"https:\/\/hotnewsinworld.com\/pl\/wp-json\/wp\/v2\/categories?post=134"},{"taxonomy":"post_tag","embeddable":true,"href":"https:\/\/hotnewsinworld.com\/pl\/wp-json\/wp\/v2\/tags?post=134"}],"curies":[{"name":"wp","href":"https:\/\/api.w.org\/{rel}","templated":true}]}}