{"id":1548,"date":"2019-08-21T22:34:44","date_gmt":"2019-08-21T19:34:44","guid":{"rendered":"https:\/\/hotnewsinworld.com\/pl\/dzieci-i-mlodziez-zespol-downa-bohaterami-wystawy-nie-jestem-z-innej-bajki\/"},"modified":"2020-03-05T19:28:22","modified_gmt":"2020-03-05T16:28:22","slug":"dzieci-i-mlodziez-zespol-downa-bohaterami-wystawy-nie-jestem-z-innej-bajki","status":"publish","type":"post","link":"https:\/\/hotnewsinworld.com\/pl\/dzieci-i-mlodziez-zespol-downa-bohaterami-wystawy-nie-jestem-z-innej-bajki\/","title":{"rendered":"Dzieci i m\u0142odzie\u017c zesp\u00f3\u0142 Downa bohaterami wystawy &#8222;Nie jestem z innej bajki&#8221;"},"content":{"rendered":"<p>Wystaw\u0119 mo\u017cna ogl\u0105da\u0107 do 15 wrze\u015bnia tego roku. Organizuje j\u0105 Fundacja Strefa Integracji, a wszystkie zdj\u0119cia wykona\u0142y Piegowate Kadry. <strong>Dzieci wcielaj\u0105 si\u0119 na zdj\u0119ciach w postaci znane z bajek &#8211; Ma\u0142ego Ksi\u0119cia, \u015api\u0105cej Kr\u00f3lewny, Pinokia, Ksi\u0119\u017cniczk\u0119 na Ziarnku Grochu czy Czerwonego Kapturka.<\/strong><\/p>\n<p><img decoding=\"async\" alt=\"\" src=\"https:\/\/hotnewsinworld.com\/pl\/wp-content\/uploads\/sites\/6\/2019\/08\/1566416083_422_Dzieci-i-mlodziez-zespol-Downa-bohaterami-wystawy-Nie-jestem-z.jpg\" style=\"width: 500px; height: 332px;\"\/><\/p>\n<p><img decoding=\"async\" alt=\"\" src=\"https:\/\/hotnewsinworld.com\/pl\/wp-content\/uploads\/sites\/6\/2019\/08\/1566416083_792_Dzieci-i-mlodziez-zespol-Downa-bohaterami-wystawy-Nie-jestem-z.jpg\" style=\"width: 500px; height: 334px;\"\/><\/p>\n<p><img decoding=\"async\" alt=\"\" src=\"https:\/\/hotnewsinworld.com\/pl\/wp-content\/uploads\/sites\/6\/2019\/08\/1566416084_498_Dzieci-i-mlodziez-zespol-Downa-bohaterami-wystawy-Nie-jestem-z.jpg\" style=\"width: 500px; height: 334px;\"\/><img decoding=\"async\" alt=\"\" src=\"https:\/\/hotnewsinworld.com\/pl\/wp-content\/uploads\/sites\/6\/2019\/08\/1566416084_498_Dzieci-i-mlodziez-zespol-Downa-bohaterami-wystawy-Nie-jestem-z.jpg\" style=\"width: 500px; height: 334px;\"\/><\/p>\n<p>&#8211; Jako spo\u0142ecze\u0144stwo mamy rosn\u0105cy problem z akceptacj\u0105 inno\u015bci. Wolimy o niej nie wiedzie\u0107, udawa\u0107, \u017ce jej nie ma. Tymczasem, gdy zbli\u017cymy si\u0119 do inno\u015bci, otworzymy si\u0119 na ni\u0105 i pozwolimy sobie j\u0105 pozna\u0107, oka\u017ce si\u0119, \u017ce nie jest ona ani straszna, ani a\u017c tak bardzo inna. Bo w gruncie rzeczy wszyscy jeste\u015bmy #bardziejpodobnini\u017cr\u00f3\u017cni.  I o tym w\u0142a\u015bnie jest projekt #NieJestemZinnejBajki. Chcemy nim pokaza\u0107, \u017ce osoby z zespo\u0142em Downa s\u0105 i chc\u0105 by\u0107 w\u015br\u00f3d nas. \u017be nale\u017c\u0105 do naszego \u015bwiata. \u017be wierzymy w r\u00f3\u017cnorodne, szcz\u0119\u015bliwe spo\u0142ecze\u0144stwo, w kt\u00f3rym ka\u017cdy mo\u017ce odnale\u017a\u0107 swoje miejsce &#8211; informuj\u0105 tw\u00f3rcy wystawy.<\/p>\n<p><img decoding=\"async\" alt=\"\" src=\"https:\/\/hotnewsinworld.com\/pl\/wp-content\/uploads\/sites\/6\/2019\/08\/1566416084_190_Dzieci-i-mlodziez-zespol-Downa-bohaterami-wystawy-Nie-jestem-z.jpg\" style=\"width: 500px; height: 334px;\"\/><\/p>\n<p><img decoding=\"async\" alt=\"\" src=\"https:\/\/hotnewsinworld.com\/pl\/wp-content\/uploads\/sites\/6\/2019\/08\/1566416084_288_Dzieci-i-mlodziez-zespol-Downa-bohaterami-wystawy-Nie-jestem-z.jpg\" style=\"width: 500px; height: 333px;\"\/><\/p>\n<p><img decoding=\"async\" alt=\"\" src=\"https:\/\/hotnewsinworld.com\/pl\/wp-content\/uploads\/sites\/6\/2019\/08\/1566416084_268_Dzieci-i-mlodziez-zespol-Downa-bohaterami-wystawy-Nie-jestem-z.jpg\" style=\"width: 500px; height: 333px;\"\/><\/p>\n<p>Projekt zosta\u0142 zrealizowany ze \u015brodk\u00f3w finansowych miasta Poznania pozyskanych w konkursie &#8222;Centrum Warte Poznania&#8221;.<\/p>\n<p><\/p>\n<p><a href=\"https:\/\/www.wirtualnemedia.pl\/artykul\/dzieci-i-mlodziez-zespol-downa-bohaterami-wystawy-nie-jestem-z-innej-bajki\">Source link<\/a><\/p>\n","protected":false},"excerpt":{"rendered":"<p>Wystaw\u0119 mo\u017cna ogl\u0105da\u0107 do 15 wrze\u015bnia tego roku. Organizuje j\u0105 Fundacja Strefa Integracji, a wszystkie zdj\u0119cia wykona\u0142y Piegowate Kadry. Dzieci wcielaj\u0105 si\u0119 na zdj\u0119ciach w postaci znane z bajek &#8211; Ma\u0142ego Ksi\u0119cia, \u015api\u0105cej Kr\u00f3lewny, Pinokia, Ksi\u0119\u017cniczk\u0119 na Ziarnku Grochu czy Czerwonego Kapturka. &#8211; Jako spo\u0142ecze\u0144stwo mamy rosn\u0105cy problem z akceptacj\u0105 inno\u015bci. Wolimy o niej nie [&hellip;]<\/p>\n","protected":false},"author":2,"featured_media":1549,"comment_status":"open","ping_status":"open","sticky":false,"template":"","format":"standard","meta":{"footnotes":""},"categories":[3],"tags":[],"class_list":["post-1548","post","type-post","status-publish","format-standard","has-post-thumbnail","hentry","category-wiadomosci-medialne-spoleczne"],"yoast_head":"<!-- This site is optimized with the Yoast SEO plugin v27.4 - https:\/\/yoast.com\/product\/yoast-seo-wordpress\/ -->\n<title>Dzieci i m\u0142odzie\u017c zesp\u00f3\u0142 Downa bohaterami wystawy &quot;Nie jestem z innej bajki&quot; - Hot News in World<\/title>\n<meta name=\"robots\" content=\"index, follow, max-snippet:-1, max-image-preview:large, max-video-preview:-1\" \/>\n<link rel=\"canonical\" href=\"https:\/\/hotnewsinworld.com\/pl\/dzieci-i-mlodziez-zespol-downa-bohaterami-wystawy-nie-jestem-z-innej-bajki\/\" \/>\n<meta property=\"og:locale\" content=\"pl_PL\" \/>\n<meta property=\"og:type\" content=\"article\" \/>\n<meta property=\"og:title\" content=\"Dzieci i m\u0142odzie\u017c zesp\u00f3\u0142 Downa bohaterami wystawy &quot;Nie jestem z innej bajki&quot; - Hot News in World\" \/>\n<meta property=\"og:description\" content=\"Wystaw\u0119 mo\u017cna ogl\u0105da\u0107 do 15 wrze\u015bnia tego roku. Organizuje j\u0105 Fundacja Strefa Integracji, a wszystkie zdj\u0119cia wykona\u0142y Piegowate Kadry. Dzieci wcielaj\u0105 si\u0119 na zdj\u0119ciach w postaci znane z bajek &#8211; Ma\u0142ego Ksi\u0119cia, \u015api\u0105cej Kr\u00f3lewny, Pinokia, Ksi\u0119\u017cniczk\u0119 na Ziarnku Grochu czy Czerwonego Kapturka. &#8211; Jako spo\u0142ecze\u0144stwo mamy rosn\u0105cy problem z akceptacj\u0105 inno\u015bci. Wolimy o niej nie [&hellip;]\" \/>\n<meta property=\"og:url\" content=\"https:\/\/hotnewsinworld.com\/pl\/dzieci-i-mlodziez-zespol-downa-bohaterami-wystawy-nie-jestem-z-innej-bajki\/\" \/>\n<meta property=\"og:site_name\" content=\"Hot News in World\" \/>\n<meta property=\"article:published_time\" content=\"2019-08-21T19:34:44+00:00\" \/>\n<meta property=\"article:modified_time\" content=\"2020-03-05T16:28:22+00:00\" \/>\n<meta property=\"og:image\" content=\"https:\/\/hotnewsinworld.com\/pl\/wp-content\/uploads\/sites\/6\/2019\/08\/Dzieci-i-m\u0142odzie\u017c-zesp\u00f3\u0142-Downa-bohaterami-wystawy-Nie-jestem-z-1024x684.jpg\" \/>\n\t<meta property=\"og:image:width\" content=\"1024\" \/>\n\t<meta property=\"og:image:height\" content=\"684\" \/>\n\t<meta property=\"og:image:type\" content=\"image\/jpeg\" \/>\n<meta name=\"author\" content=\"hotnewsinworld\" \/>\n<meta name=\"twitter:card\" content=\"summary_large_image\" \/>\n<meta name=\"twitter:label1\" content=\"Napisane przez\" \/>\n\t<meta name=\"twitter:data1\" content=\"hotnewsinworld\" \/>\n\t<meta name=\"twitter:label2\" content=\"Szacowany czas czytania\" \/>\n\t<meta name=\"twitter:data2\" content=\"1 minuta\" \/>\n<script type=\"application\/ld+json\" class=\"yoast-schema-graph\">{\"@context\":\"https:\\\/\\\/schema.org\",\"@graph\":[{\"@type\":\"Article\",\"@id\":\"https:\\\/\\\/hotnewsinworld.com\\\/pl\\\/dzieci-i-mlodziez-zespol-downa-bohaterami-wystawy-nie-jestem-z-innej-bajki\\\/#article\",\"isPartOf\":{\"@id\":\"https:\\\/\\\/hotnewsinworld.com\\\/pl\\\/dzieci-i-mlodziez-zespol-downa-bohaterami-wystawy-nie-jestem-z-innej-bajki\\\/\"},\"author\":{\"name\":\"hotnewsinworld\",\"@id\":\"https:\\\/\\\/hotnewsinworld.com\\\/pl\\\/#\\\/schema\\\/person\\\/fe61448b21c0d59086e75fcc1f9d8f6b\"},\"headline\":\"Dzieci i m\u0142odzie\u017c zesp\u00f3\u0142 Downa bohaterami wystawy &#8222;Nie jestem z innej bajki&#8221;\",\"datePublished\":\"2019-08-21T19:34:44+00:00\",\"dateModified\":\"2020-03-05T16:28:22+00:00\",\"mainEntityOfPage\":{\"@id\":\"https:\\\/\\\/hotnewsinworld.com\\\/pl\\\/dzieci-i-mlodziez-zespol-downa-bohaterami-wystawy-nie-jestem-z-innej-bajki\\\/\"},\"wordCount\":202,\"commentCount\":0,\"image\":{\"@id\":\"https:\\\/\\\/hotnewsinworld.com\\\/pl\\\/dzieci-i-mlodziez-zespol-downa-bohaterami-wystawy-nie-jestem-z-innej-bajki\\\/#primaryimage\"},\"thumbnailUrl\":\"https:\\\/\\\/hotnewsinworld.com\\\/pl\\\/wp-content\\\/uploads\\\/sites\\\/6\\\/2019\\\/08\\\/Dzieci-i-m\u0142odzie\u017c-zesp\u00f3\u0142-Downa-bohaterami-wystawy-Nie-jestem-z.jpg\",\"articleSection\":[\"WIADOMO\u015aCI MEDIALNE SPO\u0141ECZNE\"],\"inLanguage\":\"pl-PL\",\"potentialAction\":[{\"@type\":\"CommentAction\",\"name\":\"Comment\",\"target\":[\"https:\\\/\\\/hotnewsinworld.com\\\/pl\\\/dzieci-i-mlodziez-zespol-downa-bohaterami-wystawy-nie-jestem-z-innej-bajki\\\/#respond\"]}]},{\"@type\":\"WebPage\",\"@id\":\"https:\\\/\\\/hotnewsinworld.com\\\/pl\\\/dzieci-i-mlodziez-zespol-downa-bohaterami-wystawy-nie-jestem-z-innej-bajki\\\/\",\"url\":\"https:\\\/\\\/hotnewsinworld.com\\\/pl\\\/dzieci-i-mlodziez-zespol-downa-bohaterami-wystawy-nie-jestem-z-innej-bajki\\\/\",\"name\":\"Dzieci i m\u0142odzie\u017c zesp\u00f3\u0142 Downa bohaterami wystawy \\\"Nie jestem z innej bajki\\\" - Hot News in World\",\"isPartOf\":{\"@id\":\"https:\\\/\\\/hotnewsinworld.com\\\/pl\\\/#website\"},\"primaryImageOfPage\":{\"@id\":\"https:\\\/\\\/hotnewsinworld.com\\\/pl\\\/dzieci-i-mlodziez-zespol-downa-bohaterami-wystawy-nie-jestem-z-innej-bajki\\\/#primaryimage\"},\"image\":{\"@id\":\"https:\\\/\\\/hotnewsinworld.com\\\/pl\\\/dzieci-i-mlodziez-zespol-downa-bohaterami-wystawy-nie-jestem-z-innej-bajki\\\/#primaryimage\"},\"thumbnailUrl\":\"https:\\\/\\\/hotnewsinworld.com\\\/pl\\\/wp-content\\\/uploads\\\/sites\\\/6\\\/2019\\\/08\\\/Dzieci-i-m\u0142odzie\u017c-zesp\u00f3\u0142-Downa-bohaterami-wystawy-Nie-jestem-z.jpg\",\"datePublished\":\"2019-08-21T19:34:44+00:00\",\"dateModified\":\"2020-03-05T16:28:22+00:00\",\"author\":{\"@id\":\"https:\\\/\\\/hotnewsinworld.com\\\/pl\\\/#\\\/schema\\\/person\\\/fe61448b21c0d59086e75fcc1f9d8f6b\"},\"breadcrumb\":{\"@id\":\"https:\\\/\\\/hotnewsinworld.com\\\/pl\\\/dzieci-i-mlodziez-zespol-downa-bohaterami-wystawy-nie-jestem-z-innej-bajki\\\/#breadcrumb\"},\"inLanguage\":\"pl-PL\",\"potentialAction\":[{\"@type\":\"ReadAction\",\"target\":[\"https:\\\/\\\/hotnewsinworld.com\\\/pl\\\/dzieci-i-mlodziez-zespol-downa-bohaterami-wystawy-nie-jestem-z-innej-bajki\\\/\"]}]},{\"@type\":\"ImageObject\",\"inLanguage\":\"pl-PL\",\"@id\":\"https:\\\/\\\/hotnewsinworld.com\\\/pl\\\/dzieci-i-mlodziez-zespol-downa-bohaterami-wystawy-nie-jestem-z-innej-bajki\\\/#primaryimage\",\"url\":\"https:\\\/\\\/hotnewsinworld.com\\\/pl\\\/wp-content\\\/uploads\\\/sites\\\/6\\\/2019\\\/08\\\/Dzieci-i-m\u0142odzie\u017c-zesp\u00f3\u0142-Downa-bohaterami-wystawy-Nie-jestem-z.jpg\",\"contentUrl\":\"https:\\\/\\\/hotnewsinworld.com\\\/pl\\\/wp-content\\\/uploads\\\/sites\\\/6\\\/2019\\\/08\\\/Dzieci-i-m\u0142odzie\u017c-zesp\u00f3\u0142-Downa-bohaterami-wystawy-Nie-jestem-z.jpg\",\"width\":6016,\"height\":4016,\"caption\":\"Dzieci i m\u0142odzie\u017c zesp\u00f3\u0142 Downa bohaterami wystawy \\\"Nie jestem z innej bajki\\\"\"},{\"@type\":\"BreadcrumbList\",\"@id\":\"https:\\\/\\\/hotnewsinworld.com\\\/pl\\\/dzieci-i-mlodziez-zespol-downa-bohaterami-wystawy-nie-jestem-z-innej-bajki\\\/#breadcrumb\",\"itemListElement\":[{\"@type\":\"ListItem\",\"position\":1,\"name\":\"\u0413\u043b\u0430\u0432\u043d\u0430\u044f \u0441\u0442\u0440\u0430\u043d\u0438\u0446\u0430\",\"item\":\"https:\\\/\\\/hotnewsinworld.com\\\/pl\\\/\"},{\"@type\":\"ListItem\",\"position\":2,\"name\":\"Dzieci i m\u0142odzie\u017c zesp\u00f3\u0142 Downa bohaterami wystawy &#8222;Nie jestem z innej bajki&#8221;\"}]},{\"@type\":\"WebSite\",\"@id\":\"https:\\\/\\\/hotnewsinworld.com\\\/pl\\\/#website\",\"url\":\"https:\\\/\\\/hotnewsinworld.com\\\/pl\\\/\",\"name\":\"Hot News in World\",\"description\":\"Hot News in World Polska\",\"potentialAction\":[{\"@type\":\"SearchAction\",\"target\":{\"@type\":\"EntryPoint\",\"urlTemplate\":\"https:\\\/\\\/hotnewsinworld.com\\\/pl\\\/?s={search_term_string}\"},\"query-input\":{\"@type\":\"PropertyValueSpecification\",\"valueRequired\":true,\"valueName\":\"search_term_string\"}}],\"inLanguage\":\"pl-PL\"},{\"@type\":\"Person\",\"@id\":\"https:\\\/\\\/hotnewsinworld.com\\\/pl\\\/#\\\/schema\\\/person\\\/fe61448b21c0d59086e75fcc1f9d8f6b\",\"name\":\"hotnewsinworld\",\"image\":{\"@type\":\"ImageObject\",\"inLanguage\":\"pl-PL\",\"@id\":\"https:\\\/\\\/secure.gravatar.com\\\/avatar\\\/8a09ac165600ce2e1c38fe593c63928eb1e6e7ba5c5a907d67787c41b3d00c14?s=96&d=mm&r=g\",\"url\":\"https:\\\/\\\/secure.gravatar.com\\\/avatar\\\/8a09ac165600ce2e1c38fe593c63928eb1e6e7ba5c5a907d67787c41b3d00c14?s=96&d=mm&r=g\",\"contentUrl\":\"https:\\\/\\\/secure.gravatar.com\\\/avatar\\\/8a09ac165600ce2e1c38fe593c63928eb1e6e7ba5c5a907d67787c41b3d00c14?s=96&d=mm&r=g\",\"caption\":\"hotnewsinworld\"},\"url\":\"https:\\\/\\\/hotnewsinworld.com\\\/pl\\\/author\\\/pt\\\/\"}]}<\/script>\n<!-- \/ Yoast SEO plugin. -->","yoast_head_json":{"title":"Dzieci i m\u0142odzie\u017c zesp\u00f3\u0142 Downa bohaterami wystawy \"Nie jestem z innej bajki\" - Hot News in World","robots":{"index":"index","follow":"follow","max-snippet":"max-snippet:-1","max-image-preview":"max-image-preview:large","max-video-preview":"max-video-preview:-1"},"canonical":"https:\/\/hotnewsinworld.com\/pl\/dzieci-i-mlodziez-zespol-downa-bohaterami-wystawy-nie-jestem-z-innej-bajki\/","og_locale":"pl_PL","og_type":"article","og_title":"Dzieci i m\u0142odzie\u017c zesp\u00f3\u0142 Downa bohaterami wystawy \"Nie jestem z innej bajki\" - Hot News in World","og_description":"Wystaw\u0119 mo\u017cna ogl\u0105da\u0107 do 15 wrze\u015bnia tego roku. Organizuje j\u0105 Fundacja Strefa Integracji, a wszystkie zdj\u0119cia wykona\u0142y Piegowate Kadry. Dzieci wcielaj\u0105 si\u0119 na zdj\u0119ciach w postaci znane z bajek &#8211; Ma\u0142ego Ksi\u0119cia, \u015api\u0105cej Kr\u00f3lewny, Pinokia, Ksi\u0119\u017cniczk\u0119 na Ziarnku Grochu czy Czerwonego Kapturka. &#8211; Jako spo\u0142ecze\u0144stwo mamy rosn\u0105cy problem z akceptacj\u0105 inno\u015bci. Wolimy o niej nie [&hellip;]","og_url":"https:\/\/hotnewsinworld.com\/pl\/dzieci-i-mlodziez-zespol-downa-bohaterami-wystawy-nie-jestem-z-innej-bajki\/","og_site_name":"Hot News in World","article_published_time":"2019-08-21T19:34:44+00:00","article_modified_time":"2020-03-05T16:28:22+00:00","og_image":[{"width":1024,"height":684,"url":"https:\/\/hotnewsinworld.com\/pl\/wp-content\/uploads\/sites\/6\/2019\/08\/Dzieci-i-m\u0142odzie\u017c-zesp\u00f3\u0142-Downa-bohaterami-wystawy-Nie-jestem-z-1024x684.jpg","type":"image\/jpeg"}],"author":"hotnewsinworld","twitter_card":"summary_large_image","twitter_misc":{"Napisane przez":"hotnewsinworld","Szacowany czas czytania":"1 minuta"},"schema":{"@context":"https:\/\/schema.org","@graph":[{"@type":"Article","@id":"https:\/\/hotnewsinworld.com\/pl\/dzieci-i-mlodziez-zespol-downa-bohaterami-wystawy-nie-jestem-z-innej-bajki\/#article","isPartOf":{"@id":"https:\/\/hotnewsinworld.com\/pl\/dzieci-i-mlodziez-zespol-downa-bohaterami-wystawy-nie-jestem-z-innej-bajki\/"},"author":{"name":"hotnewsinworld","@id":"https:\/\/hotnewsinworld.com\/pl\/#\/schema\/person\/fe61448b21c0d59086e75fcc1f9d8f6b"},"headline":"Dzieci i m\u0142odzie\u017c zesp\u00f3\u0142 Downa bohaterami wystawy &#8222;Nie jestem z innej bajki&#8221;","datePublished":"2019-08-21T19:34:44+00:00","dateModified":"2020-03-05T16:28:22+00:00","mainEntityOfPage":{"@id":"https:\/\/hotnewsinworld.com\/pl\/dzieci-i-mlodziez-zespol-downa-bohaterami-wystawy-nie-jestem-z-innej-bajki\/"},"wordCount":202,"commentCount":0,"image":{"@id":"https:\/\/hotnewsinworld.com\/pl\/dzieci-i-mlodziez-zespol-downa-bohaterami-wystawy-nie-jestem-z-innej-bajki\/#primaryimage"},"thumbnailUrl":"https:\/\/hotnewsinworld.com\/pl\/wp-content\/uploads\/sites\/6\/2019\/08\/Dzieci-i-m\u0142odzie\u017c-zesp\u00f3\u0142-Downa-bohaterami-wystawy-Nie-jestem-z.jpg","articleSection":["WIADOMO\u015aCI MEDIALNE SPO\u0141ECZNE"],"inLanguage":"pl-PL","potentialAction":[{"@type":"CommentAction","name":"Comment","target":["https:\/\/hotnewsinworld.com\/pl\/dzieci-i-mlodziez-zespol-downa-bohaterami-wystawy-nie-jestem-z-innej-bajki\/#respond"]}]},{"@type":"WebPage","@id":"https:\/\/hotnewsinworld.com\/pl\/dzieci-i-mlodziez-zespol-downa-bohaterami-wystawy-nie-jestem-z-innej-bajki\/","url":"https:\/\/hotnewsinworld.com\/pl\/dzieci-i-mlodziez-zespol-downa-bohaterami-wystawy-nie-jestem-z-innej-bajki\/","name":"Dzieci i m\u0142odzie\u017c zesp\u00f3\u0142 Downa bohaterami wystawy \"Nie jestem z innej bajki\" - Hot News in World","isPartOf":{"@id":"https:\/\/hotnewsinworld.com\/pl\/#website"},"primaryImageOfPage":{"@id":"https:\/\/hotnewsinworld.com\/pl\/dzieci-i-mlodziez-zespol-downa-bohaterami-wystawy-nie-jestem-z-innej-bajki\/#primaryimage"},"image":{"@id":"https:\/\/hotnewsinworld.com\/pl\/dzieci-i-mlodziez-zespol-downa-bohaterami-wystawy-nie-jestem-z-innej-bajki\/#primaryimage"},"thumbnailUrl":"https:\/\/hotnewsinworld.com\/pl\/wp-content\/uploads\/sites\/6\/2019\/08\/Dzieci-i-m\u0142odzie\u017c-zesp\u00f3\u0142-Downa-bohaterami-wystawy-Nie-jestem-z.jpg","datePublished":"2019-08-21T19:34:44+00:00","dateModified":"2020-03-05T16:28:22+00:00","author":{"@id":"https:\/\/hotnewsinworld.com\/pl\/#\/schema\/person\/fe61448b21c0d59086e75fcc1f9d8f6b"},"breadcrumb":{"@id":"https:\/\/hotnewsinworld.com\/pl\/dzieci-i-mlodziez-zespol-downa-bohaterami-wystawy-nie-jestem-z-innej-bajki\/#breadcrumb"},"inLanguage":"pl-PL","potentialAction":[{"@type":"ReadAction","target":["https:\/\/hotnewsinworld.com\/pl\/dzieci-i-mlodziez-zespol-downa-bohaterami-wystawy-nie-jestem-z-innej-bajki\/"]}]},{"@type":"ImageObject","inLanguage":"pl-PL","@id":"https:\/\/hotnewsinworld.com\/pl\/dzieci-i-mlodziez-zespol-downa-bohaterami-wystawy-nie-jestem-z-innej-bajki\/#primaryimage","url":"https:\/\/hotnewsinworld.com\/pl\/wp-content\/uploads\/sites\/6\/2019\/08\/Dzieci-i-m\u0142odzie\u017c-zesp\u00f3\u0142-Downa-bohaterami-wystawy-Nie-jestem-z.jpg","contentUrl":"https:\/\/hotnewsinworld.com\/pl\/wp-content\/uploads\/sites\/6\/2019\/08\/Dzieci-i-m\u0142odzie\u017c-zesp\u00f3\u0142-Downa-bohaterami-wystawy-Nie-jestem-z.jpg","width":6016,"height":4016,"caption":"Dzieci i m\u0142odzie\u017c zesp\u00f3\u0142 Downa bohaterami wystawy \"Nie jestem z innej bajki\""},{"@type":"BreadcrumbList","@id":"https:\/\/hotnewsinworld.com\/pl\/dzieci-i-mlodziez-zespol-downa-bohaterami-wystawy-nie-jestem-z-innej-bajki\/#breadcrumb","itemListElement":[{"@type":"ListItem","position":1,"name":"\u0413\u043b\u0430\u0432\u043d\u0430\u044f \u0441\u0442\u0440\u0430\u043d\u0438\u0446\u0430","item":"https:\/\/hotnewsinworld.com\/pl\/"},{"@type":"ListItem","position":2,"name":"Dzieci i m\u0142odzie\u017c zesp\u00f3\u0142 Downa bohaterami wystawy &#8222;Nie jestem z innej bajki&#8221;"}]},{"@type":"WebSite","@id":"https:\/\/hotnewsinworld.com\/pl\/#website","url":"https:\/\/hotnewsinworld.com\/pl\/","name":"Hot News in World","description":"Hot News in World Polska","potentialAction":[{"@type":"SearchAction","target":{"@type":"EntryPoint","urlTemplate":"https:\/\/hotnewsinworld.com\/pl\/?s={search_term_string}"},"query-input":{"@type":"PropertyValueSpecification","valueRequired":true,"valueName":"search_term_string"}}],"inLanguage":"pl-PL"},{"@type":"Person","@id":"https:\/\/hotnewsinworld.com\/pl\/#\/schema\/person\/fe61448b21c0d59086e75fcc1f9d8f6b","name":"hotnewsinworld","image":{"@type":"ImageObject","inLanguage":"pl-PL","@id":"https:\/\/secure.gravatar.com\/avatar\/8a09ac165600ce2e1c38fe593c63928eb1e6e7ba5c5a907d67787c41b3d00c14?s=96&d=mm&r=g","url":"https:\/\/secure.gravatar.com\/avatar\/8a09ac165600ce2e1c38fe593c63928eb1e6e7ba5c5a907d67787c41b3d00c14?s=96&d=mm&r=g","contentUrl":"https:\/\/secure.gravatar.com\/avatar\/8a09ac165600ce2e1c38fe593c63928eb1e6e7ba5c5a907d67787c41b3d00c14?s=96&d=mm&r=g","caption":"hotnewsinworld"},"url":"https:\/\/hotnewsinworld.com\/pl\/author\/pt\/"}]}},"_links":{"self":[{"href":"https:\/\/hotnewsinworld.com\/pl\/wp-json\/wp\/v2\/posts\/1548","targetHints":{"allow":["GET"]}}],"collection":[{"href":"https:\/\/hotnewsinworld.com\/pl\/wp-json\/wp\/v2\/posts"}],"about":[{"href":"https:\/\/hotnewsinworld.com\/pl\/wp-json\/wp\/v2\/types\/post"}],"author":[{"embeddable":true,"href":"https:\/\/hotnewsinworld.com\/pl\/wp-json\/wp\/v2\/users\/2"}],"replies":[{"embeddable":true,"href":"https:\/\/hotnewsinworld.com\/pl\/wp-json\/wp\/v2\/comments?post=1548"}],"version-history":[{"count":2,"href":"https:\/\/hotnewsinworld.com\/pl\/wp-json\/wp\/v2\/posts\/1548\/revisions"}],"predecessor-version":[{"id":3265,"href":"https:\/\/hotnewsinworld.com\/pl\/wp-json\/wp\/v2\/posts\/1548\/revisions\/3265"}],"wp:featuredmedia":[{"embeddable":true,"href":"https:\/\/hotnewsinworld.com\/pl\/wp-json\/wp\/v2\/media\/1549"}],"wp:attachment":[{"href":"https:\/\/hotnewsinworld.com\/pl\/wp-json\/wp\/v2\/media?parent=1548"}],"wp:term":[{"taxonomy":"category","embeddable":true,"href":"https:\/\/hotnewsinworld.com\/pl\/wp-json\/wp\/v2\/categories?post=1548"},{"taxonomy":"post_tag","embeddable":true,"href":"https:\/\/hotnewsinworld.com\/pl\/wp-json\/wp\/v2\/tags?post=1548"}],"curies":[{"name":"wp","href":"https:\/\/api.w.org\/{rel}","templated":true}]}}