{"id":1586,"date":"2019-08-22T18:28:32","date_gmt":"2019-08-22T15:28:32","guid":{"rendered":"https:\/\/hotnewsinworld.com\/pl\/kuba-wojewodzki-edyta-gorniak-i-magda-gessler-w-rezydencji-i-ogrodzie\/"},"modified":"2019-08-22T18:28:33","modified_gmt":"2019-08-22T15:28:33","slug":"kuba-wojewodzki-edyta-gorniak-i-magda-gessler-w-rezydencji-i-ogrodzie","status":"publish","type":"post","link":"https:\/\/hotnewsinworld.com\/pl\/kuba-wojewodzki-edyta-gorniak-i-magda-gessler-w-rezydencji-i-ogrodzie\/","title":{"rendered":"Kuba Wojew\u00f3dzki, Edyta G\u00f3rniak i Magda Gessler w rezydencji i ogrodzie"},"content":{"rendered":"<p> [ad_1]<br \/>\n<\/p>\n<div id=\"\">\n<p>W reklamie bohaterowie najwa\u017cniejszych produkcji TVN s\u0105 pokazywani w r\u00f3\u017cnych salach i ogrodzie utrzymanych w stylu klasycznej architektury. Widzimy ich m.in. w komnatach z kolumnami i lustrami, na schodach, w bibliotece i za sto\u0142em na dziedzi\u0144cu.<\/p>\n<p>&#13;<br \/>\n&#13;<\/p>\n<p>W spocie wyst\u0119puj\u0105 gospodarze i jurorzy program\u00f3w od wielu lat emitowanych w stacji: Magda Gessler z \u201eKuchennych rewolucji\u201d, Kuba Wojew\u00f3dzki, Joanna Krupa, Kasia Soko\u0142owska, Marcin Tyszka i Dawid Woli\u0144ski z \u201eTop Model\u201d, Micha\u0142 Pir\u00f3g, Agnieszka Chyli\u0144ska, Ma\u0142gorzata Foremniak i Agustin Egurrola z \u201eMam talent\u201d, Kinga Rusin i Piotr Kra\u015bko z \u201eDzie\u0144 dobry TVN\u201d oraz Hubert Urba\u0144ski z \u201eMilioner\u00f3w\u201d.<\/p>\n<p>&#13;<br \/>\n&#13;<\/p>\n<p>&#13;<br \/>\n&#13;<\/p>\n<p>S\u0105 te\u017c aktorzy z seriali: Agata Kulesza i Leszek Lichota z \u201ePu\u0142apki\u201d (jej drugi sezon b\u0119dzie emitowany w TVN od po\u0142owy wrze\u015bnia), Magdalena Boczarska i Bart\u0142omiej Topa z \u201ePod powierzchni\u0105\u201d (druga seria zostanie pokazana po zako\u0144czeniu \u201ePu\u0142apki\u201d), a tak\u017ce Tomasz Karolak z \u201e39 i p\u00f3\u0142 tygodnia\u201d. Pojawia si\u0119 r\u00f3wnie\u017c Edyta G\u00f3rniak, kt\u00f3ra jest bohaterk\u0105 nowego reality-show \u201eMy Way\u201d.<\/p>\n<p>&#13;<br \/>\n&#13;<\/p>\n<p>&#8211; W tym sezonie jeste\u015bmy w po\u0142owie drogi mi\u0119dzy spotem \u201eWi\u0119cej\u201d z ubieg\u0142ej jesieni, a pastiszem w stylu disco z wiosny tego roku. Z jednej strony pokazujemy gwiazdy w mocnych, eleganckich stylizacjach, ale z drugiej natychmiast dodajemy do tego pozornego pr\u0119\u017cenia musku\u0142\u00f3w humor &#8211; komentuje portalowi Wirtualnemedia.pl Robert Przyszlak odpowiedzialny za kreacj\u0119 spotu. &#8211; Liczymy na to, \u017ce nasz widz poczuje si\u0119 ciep\u0142o i mi\u0142o ogl\u0105daj\u0105c ten spot. Bo chyba nie spos\u00f3b nie parskn\u0105\u0107 \u015bmiechem widz\u0105c kr\u00f3low\u0105 TVN opieraj\u0105c\u0105 g\u0142ow\u0119 na ramieniu kr\u00f3la TVN &#8211; dodaje.<\/p>\n<p>&#13;<br \/>\n&#13;<\/p>\n<p><iframe loading=\"lazy\" allowfullscreen=\"\" frameborder=\"0\" height=\"360\" src=\"https:\/\/tv.wirtualnemedia.pl\/embed\/gwiazdy-w-rezydencji-i-ogrodzie-spot-ramowki-tvn-na-jesien-2019?width=640&amp;height=360\" width=\"640\"><\/iframe>\u00a0<\/p>\n<p>&#13;<br \/>\n&#13;<\/p>\n<p>Spot zosta\u0142 przygotowany przez dzia\u0142 autopromocji TVN. Za scenariusz odpowiadali Robert Krawczyk i Olga Rutkowiak, za zdj\u0119cia &#8211; Mateusz Skalski, za re\u017cyseri\u0119 i monra\u017c &#8211; Robert Krawczyk, a za produkcj\u0119 &#8211; Magdalena Pazio.<\/p>\n<p>&#13;<br \/>\n&#13;<\/p>\n<p>T\u0142em muzycznym reklamy jest piosenka \u201ePowerful\u201d Major Lazer (z udzia\u0142em Ellie Goulding &amp; Tarrus Riley).<\/p>\n<p>&#13;<br \/>\n&#13;<\/p>\n<p>&#13;<br \/>\n&#13;<\/p>\n<p>Wed\u0142ug danych Nielsen Audience Measurement w pierwszej po\u0142owie br. \u015brednia widownia minutowa TVN wynosi\u0142a 558 494 os\u00f3b, a udzia\u0142 stacji w rynku ogl\u0105dalno\u015bci &#8211; 8,56 proc., wobec 9,33 proc. rok wcze\u015bniej.<\/p>\n<p>&#13;<br \/>\n&#13;<\/p>\n<p><span style=\"font-size:20px;\"><strong>Wcze\u015bniej w spotach TVN disco, selfie, &#8222;Wi\u0119cej&#8221; i zwykli ludzie<\/strong><\/span><\/p>\n<p>&#13;<br \/>\n&#13;<\/p>\n<p>TVN od ponad 10 lat przygotowuje co p\u00f3\u0142 roku spoty ram\u00f3wkowe. W klipie z wiosny br. gwiazdy \u015bpiewa\u0142y i ta\u0144czy\u0142y do muzyki disco, spot sprzed roku obrazowa\u0142 has\u0142o \u201eWi\u0119cej\u201d, a z wiosny ub.r. nawi\u0105zywa\u0142 do programu \u201eHipnoza\u201d.<\/p>\n<p>&#13;<br \/>\n&#13;<\/p>\n<p>Reklama z jesieni 2017 roku podkre\u015bla\u0142a 20-lecie TVN, w tej sprzed roku gwiazdy stacji robi\u0142y selfie, a spot z jesieni 2015 roku pokazywa\u0142 je w\u015br\u00f3d zwyk\u0142ych ludzi.<\/p>\n<p>&#13;<br \/>\n&#13;<\/p>\n<p>&#13;<br \/>\n                            &#13;<br \/>\n&#13;<br \/>\n                            &#13;<br \/>\n&#13;<br \/>\n&#13;<br \/>\n&#13;<br \/>\n&#13;<br \/>\n&#13;<br \/>\n                            &#13;<br \/>\n                                                            &#13;<br \/>\n&#13;<br \/>\n                            &#13;\n                        <\/p><\/div>\n<p><script>(function (d, s, id) {\n        var js, fjs = d.getElementsByTagName(s)[0];\n        if (d.getElementById(id)) return;\n        js = d.createElement(s);\n        js.id = id;\n        js.src = \"http:\/\/connect.facebook.net\/pl_PL\/sdk.js#xfbml=1&version=v2.6&appId=297996717062470\";\n        fjs.parentNode.insertBefore(js, fjs);\n    }(document, 'script', 'facebook-jssdk'));<\/script><br \/>\n<br \/>[ad_2]<br \/>\n<br \/><a href=\"https:\/\/www.wirtualnemedia.pl\/artykul\/tvn-spot-ramowka-jesien-2019-kuba-wojewodzki-edyta-gorniak-i-magda-gessler-w-rezydencji-i-ogrodzie\">Source link <\/a><\/p>\n","protected":false},"excerpt":{"rendered":"<p>[ad_1] W reklamie bohaterowie najwa\u017cniejszych produkcji TVN s\u0105 pokazywani w r\u00f3\u017cnych salach i ogrodzie utrzymanych w stylu klasycznej architektury. Widzimy ich m.in. w komnatach z kolumnami i lustrami, na schodach, w bibliotece i za sto\u0142em na dziedzi\u0144cu. &#13; &#13; W spocie wyst\u0119puj\u0105 gospodarze i jurorzy program\u00f3w od wielu lat emitowanych w stacji: Magda Gessler z [&hellip;]<\/p>\n","protected":false},"author":2,"featured_media":1587,"comment_status":"open","ping_status":"open","sticky":false,"template":"","format":"standard","meta":{"footnotes":""},"categories":[3],"tags":[],"class_list":["post-1586","post","type-post","status-publish","format-standard","has-post-thumbnail","hentry","category-wiadomosci-medialne-spoleczne"],"yoast_head":"<!-- This site is optimized with the Yoast SEO plugin v27.4 - https:\/\/yoast.com\/product\/yoast-seo-wordpress\/ -->\n<title>Kuba Wojew\u00f3dzki, Edyta G\u00f3rniak i Magda Gessler w rezydencji i ogrodzie - Hot News in World<\/title>\n<meta name=\"robots\" content=\"index, follow, max-snippet:-1, max-image-preview:large, max-video-preview:-1\" \/>\n<link rel=\"canonical\" href=\"https:\/\/hotnewsinworld.com\/pl\/kuba-wojewodzki-edyta-gorniak-i-magda-gessler-w-rezydencji-i-ogrodzie\/\" \/>\n<meta property=\"og:locale\" content=\"pl_PL\" \/>\n<meta property=\"og:type\" content=\"article\" \/>\n<meta property=\"og:title\" content=\"Kuba Wojew\u00f3dzki, Edyta G\u00f3rniak i Magda Gessler w rezydencji i ogrodzie - Hot News in World\" \/>\n<meta property=\"og:description\" content=\"[ad_1] W reklamie bohaterowie najwa\u017cniejszych produkcji TVN s\u0105 pokazywani w r\u00f3\u017cnych salach i ogrodzie utrzymanych w stylu klasycznej architektury. Widzimy ich m.in. w komnatach z kolumnami i lustrami, na schodach, w bibliotece i za sto\u0142em na dziedzi\u0144cu. &#013; &#013; W spocie wyst\u0119puj\u0105 gospodarze i jurorzy program\u00f3w od wielu lat emitowanych w stacji: Magda Gessler z [&hellip;]\" \/>\n<meta property=\"og:url\" content=\"https:\/\/hotnewsinworld.com\/pl\/kuba-wojewodzki-edyta-gorniak-i-magda-gessler-w-rezydencji-i-ogrodzie\/\" \/>\n<meta property=\"og:site_name\" content=\"Hot News in World\" \/>\n<meta property=\"article:published_time\" content=\"2019-08-22T15:28:32+00:00\" \/>\n<meta property=\"article:modified_time\" content=\"2019-08-22T15:28:33+00:00\" \/>\n<meta property=\"og:image\" content=\"https:\/\/hotnewsinworld.com\/pl\/wp-content\/uploads\/sites\/6\/2019\/08\/Kuba-Wojew\u00f3dzki-Edyta-G\u00f3rniak-i-Magda-Gessler-w-rezydencji-i.png\" \/>\n\t<meta property=\"og:image:width\" content=\"655\" \/>\n\t<meta property=\"og:image:height\" content=\"510\" \/>\n\t<meta property=\"og:image:type\" content=\"image\/png\" \/>\n<meta name=\"author\" content=\"hotnewsinworld\" \/>\n<meta name=\"twitter:card\" content=\"summary_large_image\" \/>\n<meta name=\"twitter:label1\" content=\"Napisane przez\" \/>\n\t<meta name=\"twitter:data1\" content=\"hotnewsinworld\" \/>\n\t<meta name=\"twitter:label2\" content=\"Szacowany czas czytania\" \/>\n\t<meta name=\"twitter:data2\" content=\"2 minuty\" \/>\n<script type=\"application\/ld+json\" class=\"yoast-schema-graph\">{\"@context\":\"https:\\\/\\\/schema.org\",\"@graph\":[{\"@type\":\"Article\",\"@id\":\"https:\\\/\\\/hotnewsinworld.com\\\/pl\\\/kuba-wojewodzki-edyta-gorniak-i-magda-gessler-w-rezydencji-i-ogrodzie\\\/#article\",\"isPartOf\":{\"@id\":\"https:\\\/\\\/hotnewsinworld.com\\\/pl\\\/kuba-wojewodzki-edyta-gorniak-i-magda-gessler-w-rezydencji-i-ogrodzie\\\/\"},\"author\":{\"name\":\"hotnewsinworld\",\"@id\":\"https:\\\/\\\/hotnewsinworld.com\\\/pl\\\/#\\\/schema\\\/person\\\/fe61448b21c0d59086e75fcc1f9d8f6b\"},\"headline\":\"Kuba Wojew\u00f3dzki, Edyta G\u00f3rniak i Magda Gessler w rezydencji i ogrodzie\",\"datePublished\":\"2019-08-22T15:28:32+00:00\",\"dateModified\":\"2019-08-22T15:28:33+00:00\",\"mainEntityOfPage\":{\"@id\":\"https:\\\/\\\/hotnewsinworld.com\\\/pl\\\/kuba-wojewodzki-edyta-gorniak-i-magda-gessler-w-rezydencji-i-ogrodzie\\\/\"},\"wordCount\":472,\"commentCount\":0,\"image\":{\"@id\":\"https:\\\/\\\/hotnewsinworld.com\\\/pl\\\/kuba-wojewodzki-edyta-gorniak-i-magda-gessler-w-rezydencji-i-ogrodzie\\\/#primaryimage\"},\"thumbnailUrl\":\"https:\\\/\\\/hotnewsinworld.com\\\/pl\\\/wp-content\\\/uploads\\\/sites\\\/6\\\/2019\\\/08\\\/Kuba-Wojew\u00f3dzki-Edyta-G\u00f3rniak-i-Magda-Gessler-w-rezydencji-i.png\",\"articleSection\":[\"WIADOMO\u015aCI MEDIALNE SPO\u0141ECZNE\"],\"inLanguage\":\"pl-PL\",\"potentialAction\":[{\"@type\":\"CommentAction\",\"name\":\"Comment\",\"target\":[\"https:\\\/\\\/hotnewsinworld.com\\\/pl\\\/kuba-wojewodzki-edyta-gorniak-i-magda-gessler-w-rezydencji-i-ogrodzie\\\/#respond\"]}]},{\"@type\":\"WebPage\",\"@id\":\"https:\\\/\\\/hotnewsinworld.com\\\/pl\\\/kuba-wojewodzki-edyta-gorniak-i-magda-gessler-w-rezydencji-i-ogrodzie\\\/\",\"url\":\"https:\\\/\\\/hotnewsinworld.com\\\/pl\\\/kuba-wojewodzki-edyta-gorniak-i-magda-gessler-w-rezydencji-i-ogrodzie\\\/\",\"name\":\"Kuba Wojew\u00f3dzki, Edyta G\u00f3rniak i Magda Gessler w rezydencji i ogrodzie - Hot News in World\",\"isPartOf\":{\"@id\":\"https:\\\/\\\/hotnewsinworld.com\\\/pl\\\/#website\"},\"primaryImageOfPage\":{\"@id\":\"https:\\\/\\\/hotnewsinworld.com\\\/pl\\\/kuba-wojewodzki-edyta-gorniak-i-magda-gessler-w-rezydencji-i-ogrodzie\\\/#primaryimage\"},\"image\":{\"@id\":\"https:\\\/\\\/hotnewsinworld.com\\\/pl\\\/kuba-wojewodzki-edyta-gorniak-i-magda-gessler-w-rezydencji-i-ogrodzie\\\/#primaryimage\"},\"thumbnailUrl\":\"https:\\\/\\\/hotnewsinworld.com\\\/pl\\\/wp-content\\\/uploads\\\/sites\\\/6\\\/2019\\\/08\\\/Kuba-Wojew\u00f3dzki-Edyta-G\u00f3rniak-i-Magda-Gessler-w-rezydencji-i.png\",\"datePublished\":\"2019-08-22T15:28:32+00:00\",\"dateModified\":\"2019-08-22T15:28:33+00:00\",\"author\":{\"@id\":\"https:\\\/\\\/hotnewsinworld.com\\\/pl\\\/#\\\/schema\\\/person\\\/fe61448b21c0d59086e75fcc1f9d8f6b\"},\"breadcrumb\":{\"@id\":\"https:\\\/\\\/hotnewsinworld.com\\\/pl\\\/kuba-wojewodzki-edyta-gorniak-i-magda-gessler-w-rezydencji-i-ogrodzie\\\/#breadcrumb\"},\"inLanguage\":\"pl-PL\",\"potentialAction\":[{\"@type\":\"ReadAction\",\"target\":[\"https:\\\/\\\/hotnewsinworld.com\\\/pl\\\/kuba-wojewodzki-edyta-gorniak-i-magda-gessler-w-rezydencji-i-ogrodzie\\\/\"]}]},{\"@type\":\"ImageObject\",\"inLanguage\":\"pl-PL\",\"@id\":\"https:\\\/\\\/hotnewsinworld.com\\\/pl\\\/kuba-wojewodzki-edyta-gorniak-i-magda-gessler-w-rezydencji-i-ogrodzie\\\/#primaryimage\",\"url\":\"https:\\\/\\\/hotnewsinworld.com\\\/pl\\\/wp-content\\\/uploads\\\/sites\\\/6\\\/2019\\\/08\\\/Kuba-Wojew\u00f3dzki-Edyta-G\u00f3rniak-i-Magda-Gessler-w-rezydencji-i.png\",\"contentUrl\":\"https:\\\/\\\/hotnewsinworld.com\\\/pl\\\/wp-content\\\/uploads\\\/sites\\\/6\\\/2019\\\/08\\\/Kuba-Wojew\u00f3dzki-Edyta-G\u00f3rniak-i-Magda-Gessler-w-rezydencji-i.png\",\"width\":655,\"height\":510,\"caption\":\"Article\"},{\"@type\":\"BreadcrumbList\",\"@id\":\"https:\\\/\\\/hotnewsinworld.com\\\/pl\\\/kuba-wojewodzki-edyta-gorniak-i-magda-gessler-w-rezydencji-i-ogrodzie\\\/#breadcrumb\",\"itemListElement\":[{\"@type\":\"ListItem\",\"position\":1,\"name\":\"\u0413\u043b\u0430\u0432\u043d\u0430\u044f \u0441\u0442\u0440\u0430\u043d\u0438\u0446\u0430\",\"item\":\"https:\\\/\\\/hotnewsinworld.com\\\/pl\\\/\"},{\"@type\":\"ListItem\",\"position\":2,\"name\":\"Kuba Wojew\u00f3dzki, Edyta G\u00f3rniak i Magda Gessler w rezydencji i ogrodzie\"}]},{\"@type\":\"WebSite\",\"@id\":\"https:\\\/\\\/hotnewsinworld.com\\\/pl\\\/#website\",\"url\":\"https:\\\/\\\/hotnewsinworld.com\\\/pl\\\/\",\"name\":\"Hot News in World\",\"description\":\"Hot News in World Polska\",\"potentialAction\":[{\"@type\":\"SearchAction\",\"target\":{\"@type\":\"EntryPoint\",\"urlTemplate\":\"https:\\\/\\\/hotnewsinworld.com\\\/pl\\\/?s={search_term_string}\"},\"query-input\":{\"@type\":\"PropertyValueSpecification\",\"valueRequired\":true,\"valueName\":\"search_term_string\"}}],\"inLanguage\":\"pl-PL\"},{\"@type\":\"Person\",\"@id\":\"https:\\\/\\\/hotnewsinworld.com\\\/pl\\\/#\\\/schema\\\/person\\\/fe61448b21c0d59086e75fcc1f9d8f6b\",\"name\":\"hotnewsinworld\",\"image\":{\"@type\":\"ImageObject\",\"inLanguage\":\"pl-PL\",\"@id\":\"https:\\\/\\\/secure.gravatar.com\\\/avatar\\\/8a09ac165600ce2e1c38fe593c63928eb1e6e7ba5c5a907d67787c41b3d00c14?s=96&d=mm&r=g\",\"url\":\"https:\\\/\\\/secure.gravatar.com\\\/avatar\\\/8a09ac165600ce2e1c38fe593c63928eb1e6e7ba5c5a907d67787c41b3d00c14?s=96&d=mm&r=g\",\"contentUrl\":\"https:\\\/\\\/secure.gravatar.com\\\/avatar\\\/8a09ac165600ce2e1c38fe593c63928eb1e6e7ba5c5a907d67787c41b3d00c14?s=96&d=mm&r=g\",\"caption\":\"hotnewsinworld\"},\"url\":\"https:\\\/\\\/hotnewsinworld.com\\\/pl\\\/author\\\/pt\\\/\"}]}<\/script>\n<!-- \/ Yoast SEO plugin. -->","yoast_head_json":{"title":"Kuba Wojew\u00f3dzki, Edyta G\u00f3rniak i Magda Gessler w rezydencji i ogrodzie - Hot News in World","robots":{"index":"index","follow":"follow","max-snippet":"max-snippet:-1","max-image-preview":"max-image-preview:large","max-video-preview":"max-video-preview:-1"},"canonical":"https:\/\/hotnewsinworld.com\/pl\/kuba-wojewodzki-edyta-gorniak-i-magda-gessler-w-rezydencji-i-ogrodzie\/","og_locale":"pl_PL","og_type":"article","og_title":"Kuba Wojew\u00f3dzki, Edyta G\u00f3rniak i Magda Gessler w rezydencji i ogrodzie - Hot News in World","og_description":"[ad_1] W reklamie bohaterowie najwa\u017cniejszych produkcji TVN s\u0105 pokazywani w r\u00f3\u017cnych salach i ogrodzie utrzymanych w stylu klasycznej architektury. Widzimy ich m.in. w komnatach z kolumnami i lustrami, na schodach, w bibliotece i za sto\u0142em na dziedzi\u0144cu. &#13; &#13; W spocie wyst\u0119puj\u0105 gospodarze i jurorzy program\u00f3w od wielu lat emitowanych w stacji: Magda Gessler z [&hellip;]","og_url":"https:\/\/hotnewsinworld.com\/pl\/kuba-wojewodzki-edyta-gorniak-i-magda-gessler-w-rezydencji-i-ogrodzie\/","og_site_name":"Hot News in World","article_published_time":"2019-08-22T15:28:32+00:00","article_modified_time":"2019-08-22T15:28:33+00:00","og_image":[{"width":655,"height":510,"url":"https:\/\/hotnewsinworld.com\/pl\/wp-content\/uploads\/sites\/6\/2019\/08\/Kuba-Wojew\u00f3dzki-Edyta-G\u00f3rniak-i-Magda-Gessler-w-rezydencji-i.png","type":"image\/png"}],"author":"hotnewsinworld","twitter_card":"summary_large_image","twitter_misc":{"Napisane przez":"hotnewsinworld","Szacowany czas czytania":"2 minuty"},"schema":{"@context":"https:\/\/schema.org","@graph":[{"@type":"Article","@id":"https:\/\/hotnewsinworld.com\/pl\/kuba-wojewodzki-edyta-gorniak-i-magda-gessler-w-rezydencji-i-ogrodzie\/#article","isPartOf":{"@id":"https:\/\/hotnewsinworld.com\/pl\/kuba-wojewodzki-edyta-gorniak-i-magda-gessler-w-rezydencji-i-ogrodzie\/"},"author":{"name":"hotnewsinworld","@id":"https:\/\/hotnewsinworld.com\/pl\/#\/schema\/person\/fe61448b21c0d59086e75fcc1f9d8f6b"},"headline":"Kuba Wojew\u00f3dzki, Edyta G\u00f3rniak i Magda Gessler w rezydencji i ogrodzie","datePublished":"2019-08-22T15:28:32+00:00","dateModified":"2019-08-22T15:28:33+00:00","mainEntityOfPage":{"@id":"https:\/\/hotnewsinworld.com\/pl\/kuba-wojewodzki-edyta-gorniak-i-magda-gessler-w-rezydencji-i-ogrodzie\/"},"wordCount":472,"commentCount":0,"image":{"@id":"https:\/\/hotnewsinworld.com\/pl\/kuba-wojewodzki-edyta-gorniak-i-magda-gessler-w-rezydencji-i-ogrodzie\/#primaryimage"},"thumbnailUrl":"https:\/\/hotnewsinworld.com\/pl\/wp-content\/uploads\/sites\/6\/2019\/08\/Kuba-Wojew\u00f3dzki-Edyta-G\u00f3rniak-i-Magda-Gessler-w-rezydencji-i.png","articleSection":["WIADOMO\u015aCI MEDIALNE SPO\u0141ECZNE"],"inLanguage":"pl-PL","potentialAction":[{"@type":"CommentAction","name":"Comment","target":["https:\/\/hotnewsinworld.com\/pl\/kuba-wojewodzki-edyta-gorniak-i-magda-gessler-w-rezydencji-i-ogrodzie\/#respond"]}]},{"@type":"WebPage","@id":"https:\/\/hotnewsinworld.com\/pl\/kuba-wojewodzki-edyta-gorniak-i-magda-gessler-w-rezydencji-i-ogrodzie\/","url":"https:\/\/hotnewsinworld.com\/pl\/kuba-wojewodzki-edyta-gorniak-i-magda-gessler-w-rezydencji-i-ogrodzie\/","name":"Kuba Wojew\u00f3dzki, Edyta G\u00f3rniak i Magda Gessler w rezydencji i ogrodzie - Hot News in World","isPartOf":{"@id":"https:\/\/hotnewsinworld.com\/pl\/#website"},"primaryImageOfPage":{"@id":"https:\/\/hotnewsinworld.com\/pl\/kuba-wojewodzki-edyta-gorniak-i-magda-gessler-w-rezydencji-i-ogrodzie\/#primaryimage"},"image":{"@id":"https:\/\/hotnewsinworld.com\/pl\/kuba-wojewodzki-edyta-gorniak-i-magda-gessler-w-rezydencji-i-ogrodzie\/#primaryimage"},"thumbnailUrl":"https:\/\/hotnewsinworld.com\/pl\/wp-content\/uploads\/sites\/6\/2019\/08\/Kuba-Wojew\u00f3dzki-Edyta-G\u00f3rniak-i-Magda-Gessler-w-rezydencji-i.png","datePublished":"2019-08-22T15:28:32+00:00","dateModified":"2019-08-22T15:28:33+00:00","author":{"@id":"https:\/\/hotnewsinworld.com\/pl\/#\/schema\/person\/fe61448b21c0d59086e75fcc1f9d8f6b"},"breadcrumb":{"@id":"https:\/\/hotnewsinworld.com\/pl\/kuba-wojewodzki-edyta-gorniak-i-magda-gessler-w-rezydencji-i-ogrodzie\/#breadcrumb"},"inLanguage":"pl-PL","potentialAction":[{"@type":"ReadAction","target":["https:\/\/hotnewsinworld.com\/pl\/kuba-wojewodzki-edyta-gorniak-i-magda-gessler-w-rezydencji-i-ogrodzie\/"]}]},{"@type":"ImageObject","inLanguage":"pl-PL","@id":"https:\/\/hotnewsinworld.com\/pl\/kuba-wojewodzki-edyta-gorniak-i-magda-gessler-w-rezydencji-i-ogrodzie\/#primaryimage","url":"https:\/\/hotnewsinworld.com\/pl\/wp-content\/uploads\/sites\/6\/2019\/08\/Kuba-Wojew\u00f3dzki-Edyta-G\u00f3rniak-i-Magda-Gessler-w-rezydencji-i.png","contentUrl":"https:\/\/hotnewsinworld.com\/pl\/wp-content\/uploads\/sites\/6\/2019\/08\/Kuba-Wojew\u00f3dzki-Edyta-G\u00f3rniak-i-Magda-Gessler-w-rezydencji-i.png","width":655,"height":510,"caption":"Article"},{"@type":"BreadcrumbList","@id":"https:\/\/hotnewsinworld.com\/pl\/kuba-wojewodzki-edyta-gorniak-i-magda-gessler-w-rezydencji-i-ogrodzie\/#breadcrumb","itemListElement":[{"@type":"ListItem","position":1,"name":"\u0413\u043b\u0430\u0432\u043d\u0430\u044f \u0441\u0442\u0440\u0430\u043d\u0438\u0446\u0430","item":"https:\/\/hotnewsinworld.com\/pl\/"},{"@type":"ListItem","position":2,"name":"Kuba Wojew\u00f3dzki, Edyta G\u00f3rniak i Magda Gessler w rezydencji i ogrodzie"}]},{"@type":"WebSite","@id":"https:\/\/hotnewsinworld.com\/pl\/#website","url":"https:\/\/hotnewsinworld.com\/pl\/","name":"Hot News in World","description":"Hot News in World Polska","potentialAction":[{"@type":"SearchAction","target":{"@type":"EntryPoint","urlTemplate":"https:\/\/hotnewsinworld.com\/pl\/?s={search_term_string}"},"query-input":{"@type":"PropertyValueSpecification","valueRequired":true,"valueName":"search_term_string"}}],"inLanguage":"pl-PL"},{"@type":"Person","@id":"https:\/\/hotnewsinworld.com\/pl\/#\/schema\/person\/fe61448b21c0d59086e75fcc1f9d8f6b","name":"hotnewsinworld","image":{"@type":"ImageObject","inLanguage":"pl-PL","@id":"https:\/\/secure.gravatar.com\/avatar\/8a09ac165600ce2e1c38fe593c63928eb1e6e7ba5c5a907d67787c41b3d00c14?s=96&d=mm&r=g","url":"https:\/\/secure.gravatar.com\/avatar\/8a09ac165600ce2e1c38fe593c63928eb1e6e7ba5c5a907d67787c41b3d00c14?s=96&d=mm&r=g","contentUrl":"https:\/\/secure.gravatar.com\/avatar\/8a09ac165600ce2e1c38fe593c63928eb1e6e7ba5c5a907d67787c41b3d00c14?s=96&d=mm&r=g","caption":"hotnewsinworld"},"url":"https:\/\/hotnewsinworld.com\/pl\/author\/pt\/"}]}},"_links":{"self":[{"href":"https:\/\/hotnewsinworld.com\/pl\/wp-json\/wp\/v2\/posts\/1586","targetHints":{"allow":["GET"]}}],"collection":[{"href":"https:\/\/hotnewsinworld.com\/pl\/wp-json\/wp\/v2\/posts"}],"about":[{"href":"https:\/\/hotnewsinworld.com\/pl\/wp-json\/wp\/v2\/types\/post"}],"author":[{"embeddable":true,"href":"https:\/\/hotnewsinworld.com\/pl\/wp-json\/wp\/v2\/users\/2"}],"replies":[{"embeddable":true,"href":"https:\/\/hotnewsinworld.com\/pl\/wp-json\/wp\/v2\/comments?post=1586"}],"version-history":[{"count":1,"href":"https:\/\/hotnewsinworld.com\/pl\/wp-json\/wp\/v2\/posts\/1586\/revisions"}],"predecessor-version":[{"id":1588,"href":"https:\/\/hotnewsinworld.com\/pl\/wp-json\/wp\/v2\/posts\/1586\/revisions\/1588"}],"wp:featuredmedia":[{"embeddable":true,"href":"https:\/\/hotnewsinworld.com\/pl\/wp-json\/wp\/v2\/media\/1587"}],"wp:attachment":[{"href":"https:\/\/hotnewsinworld.com\/pl\/wp-json\/wp\/v2\/media?parent=1586"}],"wp:term":[{"taxonomy":"category","embeddable":true,"href":"https:\/\/hotnewsinworld.com\/pl\/wp-json\/wp\/v2\/categories?post=1586"},{"taxonomy":"post_tag","embeddable":true,"href":"https:\/\/hotnewsinworld.com\/pl\/wp-json\/wp\/v2\/tags?post=1586"}],"curies":[{"name":"wp","href":"https:\/\/api.w.org\/{rel}","templated":true}]}}