{"id":1589,"date":"2019-08-22T20:14:50","date_gmt":"2019-08-22T17:14:50","guid":{"rendered":"https:\/\/hotnewsinworld.com\/pl\/od-1-wrzesnia-wszystkie-torby-foliowe-beda-platne-dlaczego\/"},"modified":"2020-03-04T15:30:52","modified_gmt":"2020-03-04T12:30:52","slug":"od-1-wrzesnia-wszystkie-torby-foliowe-beda-platne-dlaczego","status":"publish","type":"post","link":"https:\/\/hotnewsinworld.com\/pl\/od-1-wrzesnia-wszystkie-torby-foliowe-beda-platne-dlaczego\/","title":{"rendered":"Od 1 wrze\u015bnia wszystkie torby foliowe b\u0119d\u0105 p\u0142atne dlaczego"},"content":{"rendered":"<p>W \u015brod\u0119 na antenie &#8222;Sygna\u0142\u00f3w Dnia&#8221; Henryk Kowalczyk m\u00f3wi\u0142 m.in. o egzekucji przepis\u00f3w tzw. ustawy foli\u00f3wkowej, kt\u00f3ra obowi\u0105zuje od 1 stycznia 2018 roku. Szef resortu \u015brodowiska przyzna\u0142, \u017ce przedsi\u0119biorcy obchodz\u0105 przepisy nakazuj\u0105ce pobieranie od klient\u00f3w op\u0142at recyklingowych za torby foliowe o grubo\u015bci mniejszej ni\u017c 50 mikrometr\u00f3w. Sprzedawcy wydawali bez op\u0142at torby grubsze, przez co skarb pa\u0144stwa mia\u0142 traci\u0107 miliony z\u0142otych.<\/p>\n<p>Henryk Kowalczyk <strong>przyzna\u0142, \u017ce ustawa \u015bmieciowa w obecnym kszta\u0142cie nie spe\u0142ni\u0142a swojej roli  je\u015bli chodzi o przewidywane wp\u0142ywy do bud\u017cetu pa\u0144stwa. &#8211; Nie osi\u0105gn\u0119li\u015bmy te\u017c efekt\u00f3w ekologicznych, st\u0105d decyzja o obj\u0119ciu wszystkich foli\u00f3wek powy\u017cej 15 mikrometr\u00f3w op\u0142atami &#8211; m\u00f3wi\u0142 minister.<\/strong><\/p>\n<p>Od pocz\u0105tku wrze\u015bnia ka\u017cda torba foliowa wydawana w sklepie b\u0119dzie podlega\u0142a op\u0142acie 20 groszy plus VAT. Wy\u0142\u0105czone b\u0119d\u0105 z niej tylko najcie\u0144sze torebki i folia do owijania produkt\u00f3w (np. pieczywa, warzyw).<\/p>\n<p>&#8211; Szacuje si\u0119, \u017ce wp\u0142ywy z op\u0142aty recyklingowej by\u0142y znikome, bo ustalenie g\u00f3rnej granicy grubo\u015bci dawa\u0142o mo\u017cliwo\u015b\u0107 sprzeda\u017cy komercyjnej reklam\u00f3wek grubszych ni\u017c 50 mikrometr\u00f3w. <strong>Dlatego nie dziwi nas ch\u0119\u0107 wprowadzenia zmian. Nie s\u0105dzimy, aby zmieni\u0142o to w znacz\u0105cy spos\u00f3b kwestie rentowno\u015bci sklep\u00f3w. By\u0107 mo\u017ce sklepy, kt\u00f3re sprzedawa\u0142y grubsze reklam\u00f3wki i mia\u0142y ten zysk dla siebie w nieznacznym stopniu odczuj\u0105 t\u0119 zmian\u0119<\/strong> &#8211; komentuje dla portalu Wirtualnemedia.pl Maciej Ptaszy\u0144ski, dyrektor Polskiej Izby Handlu.<\/p>\n<p><span style=\"font-size:20px;\"><strong>Nowela tzw. ustawy \u015bmieciowej<\/strong><\/span><\/p>\n<p>Z pocz\u0105tkiem wrze\u015bnia ma wej\u015b\u0107 w \u017cycie nowelizacja ustawy o utrzymaniu czysto\u015bci i porz\u0105dku w gminach oraz niekt\u00f3rych innych ustaw (nazywana ustaw\u0105 \u015bmieciow\u0105). Nowela czeka na podpis prezydenta. Wed\u0142ug szacunk\u00f3w resortu finans\u00f3w, wp\u0142ywy z op\u0142aty recyklingowej maj\u0105 tylko w tym roku wynie\u015b\u0107 63 mln z\u0142otych, a w przysz\u0142ym 1,4 mld. W 2018 roku wp\u0142ywy do bud\u017cetu z tytu\u0142u op\u0142aty za foli\u00f3wki wynios\u0142y tylko 64 mln z\u0142 zamiast 1,15 mld z\u0142.<\/p>\n<p><\/p>\n<p><a href=\"https:\/\/www.wirtualnemedia.pl\/artykul\/od-1-wrzesnia-wszystkie-torby-foliowe-beda-platne-dlaczego\">Source link <\/a><\/p>\n","protected":false},"excerpt":{"rendered":"<p>W \u015brod\u0119 na antenie &#8222;Sygna\u0142\u00f3w Dnia&#8221; Henryk Kowalczyk m\u00f3wi\u0142 m.in. o egzekucji przepis\u00f3w tzw. ustawy foli\u00f3wkowej, kt\u00f3ra obowi\u0105zuje od 1 stycznia 2018 roku. Szef resortu \u015brodowiska przyzna\u0142, \u017ce przedsi\u0119biorcy obchodz\u0105 przepisy nakazuj\u0105ce pobieranie od klient\u00f3w op\u0142at recyklingowych za torby foliowe o grubo\u015bci mniejszej ni\u017c 50 mikrometr\u00f3w. Sprzedawcy wydawali bez op\u0142at torby grubsze, przez co skarb [&hellip;]<\/p>\n","protected":false},"author":2,"featured_media":1590,"comment_status":"open","ping_status":"open","sticky":false,"template":"","format":"standard","meta":{"footnotes":""},"categories":[3],"tags":[],"class_list":["post-1589","post","type-post","status-publish","format-standard","has-post-thumbnail","hentry","category-wiadomosci-medialne-spoleczne"],"yoast_head":"<!-- This site is optimized with the Yoast SEO plugin v27.4 - https:\/\/yoast.com\/product\/yoast-seo-wordpress\/ -->\n<title>Od 1 wrze\u015bnia wszystkie torby foliowe b\u0119d\u0105 p\u0142atne dlaczego - Hot News in World<\/title>\n<meta name=\"robots\" content=\"index, follow, max-snippet:-1, max-image-preview:large, max-video-preview:-1\" \/>\n<link rel=\"canonical\" href=\"https:\/\/hotnewsinworld.com\/pl\/od-1-wrzesnia-wszystkie-torby-foliowe-beda-platne-dlaczego\/\" \/>\n<meta property=\"og:locale\" content=\"pl_PL\" \/>\n<meta property=\"og:type\" content=\"article\" \/>\n<meta property=\"og:title\" content=\"Od 1 wrze\u015bnia wszystkie torby foliowe b\u0119d\u0105 p\u0142atne dlaczego - Hot News in World\" \/>\n<meta property=\"og:description\" content=\"W \u015brod\u0119 na antenie &#8222;Sygna\u0142\u00f3w Dnia&#8221; Henryk Kowalczyk m\u00f3wi\u0142 m.in. o egzekucji przepis\u00f3w tzw. ustawy foli\u00f3wkowej, kt\u00f3ra obowi\u0105zuje od 1 stycznia 2018 roku. Szef resortu \u015brodowiska przyzna\u0142, \u017ce przedsi\u0119biorcy obchodz\u0105 przepisy nakazuj\u0105ce pobieranie od klient\u00f3w op\u0142at recyklingowych za torby foliowe o grubo\u015bci mniejszej ni\u017c 50 mikrometr\u00f3w. Sprzedawcy wydawali bez op\u0142at torby grubsze, przez co skarb [&hellip;]\" \/>\n<meta property=\"og:url\" content=\"https:\/\/hotnewsinworld.com\/pl\/od-1-wrzesnia-wszystkie-torby-foliowe-beda-platne-dlaczego\/\" \/>\n<meta property=\"og:site_name\" content=\"Hot News in World\" \/>\n<meta property=\"article:published_time\" content=\"2019-08-22T17:14:50+00:00\" \/>\n<meta property=\"article:modified_time\" content=\"2020-03-04T12:30:52+00:00\" \/>\n<meta property=\"og:image\" content=\"https:\/\/hotnewsinworld.com\/pl\/wp-content\/uploads\/sites\/6\/2019\/08\/Od-1-wrze\u015bnia-wszystkie-torby-foliowe-b\u0119d\u0105-p\u0142atne-dlaczego.jpg\" \/>\n\t<meta property=\"og:image:width\" content=\"655\" \/>\n\t<meta property=\"og:image:height\" content=\"436\" \/>\n\t<meta property=\"og:image:type\" content=\"image\/jpeg\" \/>\n<meta name=\"author\" content=\"hotnewsinworld\" \/>\n<meta name=\"twitter:card\" content=\"summary_large_image\" \/>\n<meta name=\"twitter:label1\" content=\"Napisane przez\" \/>\n\t<meta name=\"twitter:data1\" content=\"hotnewsinworld\" \/>\n\t<meta name=\"twitter:label2\" content=\"Szacowany czas czytania\" \/>\n\t<meta name=\"twitter:data2\" content=\"2 minuty\" \/>\n<script type=\"application\/ld+json\" class=\"yoast-schema-graph\">{\"@context\":\"https:\\\/\\\/schema.org\",\"@graph\":[{\"@type\":\"Article\",\"@id\":\"https:\\\/\\\/hotnewsinworld.com\\\/pl\\\/od-1-wrzesnia-wszystkie-torby-foliowe-beda-platne-dlaczego\\\/#article\",\"isPartOf\":{\"@id\":\"https:\\\/\\\/hotnewsinworld.com\\\/pl\\\/od-1-wrzesnia-wszystkie-torby-foliowe-beda-platne-dlaczego\\\/\"},\"author\":{\"name\":\"hotnewsinworld\",\"@id\":\"https:\\\/\\\/hotnewsinworld.com\\\/pl\\\/#\\\/schema\\\/person\\\/fe61448b21c0d59086e75fcc1f9d8f6b\"},\"headline\":\"Od 1 wrze\u015bnia wszystkie torby foliowe b\u0119d\u0105 p\u0142atne dlaczego\",\"datePublished\":\"2019-08-22T17:14:50+00:00\",\"dateModified\":\"2020-03-04T12:30:52+00:00\",\"mainEntityOfPage\":{\"@id\":\"https:\\\/\\\/hotnewsinworld.com\\\/pl\\\/od-1-wrzesnia-wszystkie-torby-foliowe-beda-platne-dlaczego\\\/\"},\"wordCount\":364,\"commentCount\":0,\"image\":{\"@id\":\"https:\\\/\\\/hotnewsinworld.com\\\/pl\\\/od-1-wrzesnia-wszystkie-torby-foliowe-beda-platne-dlaczego\\\/#primaryimage\"},\"thumbnailUrl\":\"https:\\\/\\\/hotnewsinworld.com\\\/pl\\\/wp-content\\\/uploads\\\/sites\\\/6\\\/2019\\\/08\\\/Od-1-wrze\u015bnia-wszystkie-torby-foliowe-b\u0119d\u0105-p\u0142atne-dlaczego.jpg\",\"articleSection\":[\"WIADOMO\u015aCI MEDIALNE SPO\u0141ECZNE\"],\"inLanguage\":\"pl-PL\",\"potentialAction\":[{\"@type\":\"CommentAction\",\"name\":\"Comment\",\"target\":[\"https:\\\/\\\/hotnewsinworld.com\\\/pl\\\/od-1-wrzesnia-wszystkie-torby-foliowe-beda-platne-dlaczego\\\/#respond\"]}]},{\"@type\":\"WebPage\",\"@id\":\"https:\\\/\\\/hotnewsinworld.com\\\/pl\\\/od-1-wrzesnia-wszystkie-torby-foliowe-beda-platne-dlaczego\\\/\",\"url\":\"https:\\\/\\\/hotnewsinworld.com\\\/pl\\\/od-1-wrzesnia-wszystkie-torby-foliowe-beda-platne-dlaczego\\\/\",\"name\":\"Od 1 wrze\u015bnia wszystkie torby foliowe b\u0119d\u0105 p\u0142atne dlaczego - Hot News in World\",\"isPartOf\":{\"@id\":\"https:\\\/\\\/hotnewsinworld.com\\\/pl\\\/#website\"},\"primaryImageOfPage\":{\"@id\":\"https:\\\/\\\/hotnewsinworld.com\\\/pl\\\/od-1-wrzesnia-wszystkie-torby-foliowe-beda-platne-dlaczego\\\/#primaryimage\"},\"image\":{\"@id\":\"https:\\\/\\\/hotnewsinworld.com\\\/pl\\\/od-1-wrzesnia-wszystkie-torby-foliowe-beda-platne-dlaczego\\\/#primaryimage\"},\"thumbnailUrl\":\"https:\\\/\\\/hotnewsinworld.com\\\/pl\\\/wp-content\\\/uploads\\\/sites\\\/6\\\/2019\\\/08\\\/Od-1-wrze\u015bnia-wszystkie-torby-foliowe-b\u0119d\u0105-p\u0142atne-dlaczego.jpg\",\"datePublished\":\"2019-08-22T17:14:50+00:00\",\"dateModified\":\"2020-03-04T12:30:52+00:00\",\"author\":{\"@id\":\"https:\\\/\\\/hotnewsinworld.com\\\/pl\\\/#\\\/schema\\\/person\\\/fe61448b21c0d59086e75fcc1f9d8f6b\"},\"breadcrumb\":{\"@id\":\"https:\\\/\\\/hotnewsinworld.com\\\/pl\\\/od-1-wrzesnia-wszystkie-torby-foliowe-beda-platne-dlaczego\\\/#breadcrumb\"},\"inLanguage\":\"pl-PL\",\"potentialAction\":[{\"@type\":\"ReadAction\",\"target\":[\"https:\\\/\\\/hotnewsinworld.com\\\/pl\\\/od-1-wrzesnia-wszystkie-torby-foliowe-beda-platne-dlaczego\\\/\"]}]},{\"@type\":\"ImageObject\",\"inLanguage\":\"pl-PL\",\"@id\":\"https:\\\/\\\/hotnewsinworld.com\\\/pl\\\/od-1-wrzesnia-wszystkie-torby-foliowe-beda-platne-dlaczego\\\/#primaryimage\",\"url\":\"https:\\\/\\\/hotnewsinworld.com\\\/pl\\\/wp-content\\\/uploads\\\/sites\\\/6\\\/2019\\\/08\\\/Od-1-wrze\u015bnia-wszystkie-torby-foliowe-b\u0119d\u0105-p\u0142atne-dlaczego.jpg\",\"contentUrl\":\"https:\\\/\\\/hotnewsinworld.com\\\/pl\\\/wp-content\\\/uploads\\\/sites\\\/6\\\/2019\\\/08\\\/Od-1-wrze\u015bnia-wszystkie-torby-foliowe-b\u0119d\u0105-p\u0142atne-dlaczego.jpg\",\"width\":655,\"height\":436,\"caption\":\"Article\"},{\"@type\":\"BreadcrumbList\",\"@id\":\"https:\\\/\\\/hotnewsinworld.com\\\/pl\\\/od-1-wrzesnia-wszystkie-torby-foliowe-beda-platne-dlaczego\\\/#breadcrumb\",\"itemListElement\":[{\"@type\":\"ListItem\",\"position\":1,\"name\":\"\u0413\u043b\u0430\u0432\u043d\u0430\u044f \u0441\u0442\u0440\u0430\u043d\u0438\u0446\u0430\",\"item\":\"https:\\\/\\\/hotnewsinworld.com\\\/pl\\\/\"},{\"@type\":\"ListItem\",\"position\":2,\"name\":\"Od 1 wrze\u015bnia wszystkie torby foliowe b\u0119d\u0105 p\u0142atne dlaczego\"}]},{\"@type\":\"WebSite\",\"@id\":\"https:\\\/\\\/hotnewsinworld.com\\\/pl\\\/#website\",\"url\":\"https:\\\/\\\/hotnewsinworld.com\\\/pl\\\/\",\"name\":\"Hot News in World\",\"description\":\"Hot News in World Polska\",\"potentialAction\":[{\"@type\":\"SearchAction\",\"target\":{\"@type\":\"EntryPoint\",\"urlTemplate\":\"https:\\\/\\\/hotnewsinworld.com\\\/pl\\\/?s={search_term_string}\"},\"query-input\":{\"@type\":\"PropertyValueSpecification\",\"valueRequired\":true,\"valueName\":\"search_term_string\"}}],\"inLanguage\":\"pl-PL\"},{\"@type\":\"Person\",\"@id\":\"https:\\\/\\\/hotnewsinworld.com\\\/pl\\\/#\\\/schema\\\/person\\\/fe61448b21c0d59086e75fcc1f9d8f6b\",\"name\":\"hotnewsinworld\",\"image\":{\"@type\":\"ImageObject\",\"inLanguage\":\"pl-PL\",\"@id\":\"https:\\\/\\\/secure.gravatar.com\\\/avatar\\\/8a09ac165600ce2e1c38fe593c63928eb1e6e7ba5c5a907d67787c41b3d00c14?s=96&d=mm&r=g\",\"url\":\"https:\\\/\\\/secure.gravatar.com\\\/avatar\\\/8a09ac165600ce2e1c38fe593c63928eb1e6e7ba5c5a907d67787c41b3d00c14?s=96&d=mm&r=g\",\"contentUrl\":\"https:\\\/\\\/secure.gravatar.com\\\/avatar\\\/8a09ac165600ce2e1c38fe593c63928eb1e6e7ba5c5a907d67787c41b3d00c14?s=96&d=mm&r=g\",\"caption\":\"hotnewsinworld\"},\"url\":\"https:\\\/\\\/hotnewsinworld.com\\\/pl\\\/author\\\/pt\\\/\"}]}<\/script>\n<!-- \/ Yoast SEO plugin. -->","yoast_head_json":{"title":"Od 1 wrze\u015bnia wszystkie torby foliowe b\u0119d\u0105 p\u0142atne dlaczego - Hot News in World","robots":{"index":"index","follow":"follow","max-snippet":"max-snippet:-1","max-image-preview":"max-image-preview:large","max-video-preview":"max-video-preview:-1"},"canonical":"https:\/\/hotnewsinworld.com\/pl\/od-1-wrzesnia-wszystkie-torby-foliowe-beda-platne-dlaczego\/","og_locale":"pl_PL","og_type":"article","og_title":"Od 1 wrze\u015bnia wszystkie torby foliowe b\u0119d\u0105 p\u0142atne dlaczego - Hot News in World","og_description":"W \u015brod\u0119 na antenie &#8222;Sygna\u0142\u00f3w Dnia&#8221; Henryk Kowalczyk m\u00f3wi\u0142 m.in. o egzekucji przepis\u00f3w tzw. ustawy foli\u00f3wkowej, kt\u00f3ra obowi\u0105zuje od 1 stycznia 2018 roku. Szef resortu \u015brodowiska przyzna\u0142, \u017ce przedsi\u0119biorcy obchodz\u0105 przepisy nakazuj\u0105ce pobieranie od klient\u00f3w op\u0142at recyklingowych za torby foliowe o grubo\u015bci mniejszej ni\u017c 50 mikrometr\u00f3w. Sprzedawcy wydawali bez op\u0142at torby grubsze, przez co skarb [&hellip;]","og_url":"https:\/\/hotnewsinworld.com\/pl\/od-1-wrzesnia-wszystkie-torby-foliowe-beda-platne-dlaczego\/","og_site_name":"Hot News in World","article_published_time":"2019-08-22T17:14:50+00:00","article_modified_time":"2020-03-04T12:30:52+00:00","og_image":[{"width":655,"height":436,"url":"https:\/\/hotnewsinworld.com\/pl\/wp-content\/uploads\/sites\/6\/2019\/08\/Od-1-wrze\u015bnia-wszystkie-torby-foliowe-b\u0119d\u0105-p\u0142atne-dlaczego.jpg","type":"image\/jpeg"}],"author":"hotnewsinworld","twitter_card":"summary_large_image","twitter_misc":{"Napisane przez":"hotnewsinworld","Szacowany czas czytania":"2 minuty"},"schema":{"@context":"https:\/\/schema.org","@graph":[{"@type":"Article","@id":"https:\/\/hotnewsinworld.com\/pl\/od-1-wrzesnia-wszystkie-torby-foliowe-beda-platne-dlaczego\/#article","isPartOf":{"@id":"https:\/\/hotnewsinworld.com\/pl\/od-1-wrzesnia-wszystkie-torby-foliowe-beda-platne-dlaczego\/"},"author":{"name":"hotnewsinworld","@id":"https:\/\/hotnewsinworld.com\/pl\/#\/schema\/person\/fe61448b21c0d59086e75fcc1f9d8f6b"},"headline":"Od 1 wrze\u015bnia wszystkie torby foliowe b\u0119d\u0105 p\u0142atne dlaczego","datePublished":"2019-08-22T17:14:50+00:00","dateModified":"2020-03-04T12:30:52+00:00","mainEntityOfPage":{"@id":"https:\/\/hotnewsinworld.com\/pl\/od-1-wrzesnia-wszystkie-torby-foliowe-beda-platne-dlaczego\/"},"wordCount":364,"commentCount":0,"image":{"@id":"https:\/\/hotnewsinworld.com\/pl\/od-1-wrzesnia-wszystkie-torby-foliowe-beda-platne-dlaczego\/#primaryimage"},"thumbnailUrl":"https:\/\/hotnewsinworld.com\/pl\/wp-content\/uploads\/sites\/6\/2019\/08\/Od-1-wrze\u015bnia-wszystkie-torby-foliowe-b\u0119d\u0105-p\u0142atne-dlaczego.jpg","articleSection":["WIADOMO\u015aCI MEDIALNE SPO\u0141ECZNE"],"inLanguage":"pl-PL","potentialAction":[{"@type":"CommentAction","name":"Comment","target":["https:\/\/hotnewsinworld.com\/pl\/od-1-wrzesnia-wszystkie-torby-foliowe-beda-platne-dlaczego\/#respond"]}]},{"@type":"WebPage","@id":"https:\/\/hotnewsinworld.com\/pl\/od-1-wrzesnia-wszystkie-torby-foliowe-beda-platne-dlaczego\/","url":"https:\/\/hotnewsinworld.com\/pl\/od-1-wrzesnia-wszystkie-torby-foliowe-beda-platne-dlaczego\/","name":"Od 1 wrze\u015bnia wszystkie torby foliowe b\u0119d\u0105 p\u0142atne dlaczego - Hot News in World","isPartOf":{"@id":"https:\/\/hotnewsinworld.com\/pl\/#website"},"primaryImageOfPage":{"@id":"https:\/\/hotnewsinworld.com\/pl\/od-1-wrzesnia-wszystkie-torby-foliowe-beda-platne-dlaczego\/#primaryimage"},"image":{"@id":"https:\/\/hotnewsinworld.com\/pl\/od-1-wrzesnia-wszystkie-torby-foliowe-beda-platne-dlaczego\/#primaryimage"},"thumbnailUrl":"https:\/\/hotnewsinworld.com\/pl\/wp-content\/uploads\/sites\/6\/2019\/08\/Od-1-wrze\u015bnia-wszystkie-torby-foliowe-b\u0119d\u0105-p\u0142atne-dlaczego.jpg","datePublished":"2019-08-22T17:14:50+00:00","dateModified":"2020-03-04T12:30:52+00:00","author":{"@id":"https:\/\/hotnewsinworld.com\/pl\/#\/schema\/person\/fe61448b21c0d59086e75fcc1f9d8f6b"},"breadcrumb":{"@id":"https:\/\/hotnewsinworld.com\/pl\/od-1-wrzesnia-wszystkie-torby-foliowe-beda-platne-dlaczego\/#breadcrumb"},"inLanguage":"pl-PL","potentialAction":[{"@type":"ReadAction","target":["https:\/\/hotnewsinworld.com\/pl\/od-1-wrzesnia-wszystkie-torby-foliowe-beda-platne-dlaczego\/"]}]},{"@type":"ImageObject","inLanguage":"pl-PL","@id":"https:\/\/hotnewsinworld.com\/pl\/od-1-wrzesnia-wszystkie-torby-foliowe-beda-platne-dlaczego\/#primaryimage","url":"https:\/\/hotnewsinworld.com\/pl\/wp-content\/uploads\/sites\/6\/2019\/08\/Od-1-wrze\u015bnia-wszystkie-torby-foliowe-b\u0119d\u0105-p\u0142atne-dlaczego.jpg","contentUrl":"https:\/\/hotnewsinworld.com\/pl\/wp-content\/uploads\/sites\/6\/2019\/08\/Od-1-wrze\u015bnia-wszystkie-torby-foliowe-b\u0119d\u0105-p\u0142atne-dlaczego.jpg","width":655,"height":436,"caption":"Article"},{"@type":"BreadcrumbList","@id":"https:\/\/hotnewsinworld.com\/pl\/od-1-wrzesnia-wszystkie-torby-foliowe-beda-platne-dlaczego\/#breadcrumb","itemListElement":[{"@type":"ListItem","position":1,"name":"\u0413\u043b\u0430\u0432\u043d\u0430\u044f \u0441\u0442\u0440\u0430\u043d\u0438\u0446\u0430","item":"https:\/\/hotnewsinworld.com\/pl\/"},{"@type":"ListItem","position":2,"name":"Od 1 wrze\u015bnia wszystkie torby foliowe b\u0119d\u0105 p\u0142atne dlaczego"}]},{"@type":"WebSite","@id":"https:\/\/hotnewsinworld.com\/pl\/#website","url":"https:\/\/hotnewsinworld.com\/pl\/","name":"Hot News in World","description":"Hot News in World Polska","potentialAction":[{"@type":"SearchAction","target":{"@type":"EntryPoint","urlTemplate":"https:\/\/hotnewsinworld.com\/pl\/?s={search_term_string}"},"query-input":{"@type":"PropertyValueSpecification","valueRequired":true,"valueName":"search_term_string"}}],"inLanguage":"pl-PL"},{"@type":"Person","@id":"https:\/\/hotnewsinworld.com\/pl\/#\/schema\/person\/fe61448b21c0d59086e75fcc1f9d8f6b","name":"hotnewsinworld","image":{"@type":"ImageObject","inLanguage":"pl-PL","@id":"https:\/\/secure.gravatar.com\/avatar\/8a09ac165600ce2e1c38fe593c63928eb1e6e7ba5c5a907d67787c41b3d00c14?s=96&d=mm&r=g","url":"https:\/\/secure.gravatar.com\/avatar\/8a09ac165600ce2e1c38fe593c63928eb1e6e7ba5c5a907d67787c41b3d00c14?s=96&d=mm&r=g","contentUrl":"https:\/\/secure.gravatar.com\/avatar\/8a09ac165600ce2e1c38fe593c63928eb1e6e7ba5c5a907d67787c41b3d00c14?s=96&d=mm&r=g","caption":"hotnewsinworld"},"url":"https:\/\/hotnewsinworld.com\/pl\/author\/pt\/"}]}},"_links":{"self":[{"href":"https:\/\/hotnewsinworld.com\/pl\/wp-json\/wp\/v2\/posts\/1589","targetHints":{"allow":["GET"]}}],"collection":[{"href":"https:\/\/hotnewsinworld.com\/pl\/wp-json\/wp\/v2\/posts"}],"about":[{"href":"https:\/\/hotnewsinworld.com\/pl\/wp-json\/wp\/v2\/types\/post"}],"author":[{"embeddable":true,"href":"https:\/\/hotnewsinworld.com\/pl\/wp-json\/wp\/v2\/users\/2"}],"replies":[{"embeddable":true,"href":"https:\/\/hotnewsinworld.com\/pl\/wp-json\/wp\/v2\/comments?post=1589"}],"version-history":[{"count":2,"href":"https:\/\/hotnewsinworld.com\/pl\/wp-json\/wp\/v2\/posts\/1589\/revisions"}],"predecessor-version":[{"id":2988,"href":"https:\/\/hotnewsinworld.com\/pl\/wp-json\/wp\/v2\/posts\/1589\/revisions\/2988"}],"wp:featuredmedia":[{"embeddable":true,"href":"https:\/\/hotnewsinworld.com\/pl\/wp-json\/wp\/v2\/media\/1590"}],"wp:attachment":[{"href":"https:\/\/hotnewsinworld.com\/pl\/wp-json\/wp\/v2\/media?parent=1589"}],"wp:term":[{"taxonomy":"category","embeddable":true,"href":"https:\/\/hotnewsinworld.com\/pl\/wp-json\/wp\/v2\/categories?post=1589"},{"taxonomy":"post_tag","embeddable":true,"href":"https:\/\/hotnewsinworld.com\/pl\/wp-json\/wp\/v2\/tags?post=1589"}],"curies":[{"name":"wp","href":"https:\/\/api.w.org\/{rel}","templated":true}]}}