{"id":1601,"date":"2019-08-23T02:40:09","date_gmt":"2019-08-22T23:40:09","guid":{"rendered":"https:\/\/hotnewsinworld.com\/pl\/tomasz-waligorski-prezesem-txm\/"},"modified":"2019-08-23T02:40:10","modified_gmt":"2019-08-22T23:40:10","slug":"tomasz-waligorski-prezesem-txm","status":"publish","type":"post","link":"https:\/\/hotnewsinworld.com\/pl\/tomasz-waligorski-prezesem-txm\/","title":{"rendered":"Tomasz Walig\u00f3rski prezesem TXM"},"content":{"rendered":"<p> [ad_1]<br \/>\n<\/p>\n<div id=\"\">\n<p>Powo\u0142anie Walig\u00f3rskiego to &#8222;etap prowadzonej restrukturyzacji, kt\u00f3ra ma na celu osi\u0105gni\u0119cie przez TXM stabilizacji finansowej, a w d\u0142u\u017cszym terminie rentowno\u015bci&#8221; &#8211; czytamy w komunikacie TXM.<\/p>\n<p>&#13;<br \/>\n&#13;<\/p>\n<p>Obecnie sk\u0142ad zarz\u0105du TXM w restrukturyzacji jest czteroosobowy. Funkcje wiceprezesa pe\u0142ni\u0105 Agnieszka Smarzy\u0144ska, Krzysztof Bajbus oraz Marcin \u0141u\u017cniak.<\/p>\n<p>&#13;<br \/>\n&#13;<\/p>\n<p>\u2013 Jeste\u015bmy bardzo zadowoleni z nawi\u0105zania wsp\u00f3\u0142pracy z Tomaszem Walig\u00f3rskim. Dla nas oznacza to osi\u0105gni\u0119cie kolejnego wa\u017cnego etapu w prowadzonej restrukturyzacji przedsi\u0119biorstwa &#8211; m\u00f3wi powiedzia\u0142 Bogusz Kruszy\u0144ski, wiceprzewodnicz\u0105cy rady nadzorczej TXM w restrukturyzacji. \u2013 <strong>Jeste\u015bmy przekonani, \u017ce nowy Zarz\u0105d doprowadzi w kr\u00f3tkim terminie do pe\u0142nej stabilizacji finansowej sp\u00f3\u0142ki, a nast\u0119pnie do odbudowania jej rentowno\u015bci \u2013<\/strong> dodaje.<\/p>\n<p>&#13;<br \/>\n&#13;<\/p>\n<p>W po\u0142owie pa\u017adziernika ubieg\u0142ego roku z funkcji prezesa TXM zrezygnowa\u0142 Marcin Gregorowicz. Rada nadzorcza powierzy\u0142a pe\u0142nienie obowi\u0105zk\u00f3w prezesa \u00f3wczesnemu cz\u0142onkowi rady nadzorczej Boguszowi Kruszy\u0144skiemu.<\/p>\n<p>&#13;<br \/>\n&#13;<\/p>\n<p><span style=\"font-size:20px;\"><strong>Tomasz Walig\u00f3rski ma wieloletnie do\u015bwiadczenie w handlu<\/strong><\/span><\/p>\n<p>&#13;<br \/>\n&#13;<\/p>\n<p>Tomasz Walig\u00f3rski przez ostatnie lata pracowa\u0142 w Eurocash, odpowiadaj\u0105c m.in. za zakupy oraz rozw\u00f3j handlu detalicznego. Wcze\u015bniej zarz\u0105dza\u0142 sp\u00f3\u0142k\u0105 Polomarket rozwijaj\u0105c\u0105 sie\u0107 ponad 400 supermarket\u00f3w. Do\u015bwiadczenie zdobywa\u0142 r\u00f3wnie\u017c w ameryka\u0144skiej firmie konsultingowej Daymon Worldwide specjalizuj\u0105cej si\u0119 w doradztwie i zarz\u0105dzaniu markami w\u0142asnymi.<\/p>\n<p>&#13;<br \/>\n&#13;<\/p>\n<p>Walig\u00f3rski przez wiele lat zwi\u0105zany by\u0142 r\u00f3wnie\u017c z Jeronimo Martins Polska, w\u0142a\u015bcicielem sieci Biedronka, pe\u0142ni\u0105c m.in. funkcje dyrektora handlowego i cz\u0142onka zarz\u0105du. Pracowa\u0142 r\u00f3wnie\u017c dla portugalskiej sieci spo\u017cywczej Pingo Doce. \u00a0<\/p>\n<p>&#13;<br \/>\n&#13;<\/p>\n<p>Tomasz Walig\u00f3rski uzyska\u0142 tytu\u0142 Executive MBA na Universidade Cat\u00f3lica Portugesa oraz uko\u0144czy\u0142 Advanced Management Program (Insead, Fontainebleau), studiowa\u0142 na Uniwersytecie im. A. Mickiewicza w Poznaniu.<\/p>\n<p>&#13;<br \/>\n&#13;<\/p>\n<p>Grupa TXM jest w\u0142a\u015bcicielem sieci TXM textilmarket &#8211; drugiej najwi\u0119kszej na polskimrynku sieci odzie\u017cowych sklep\u00f3w dyskontowych. Jego wi\u0119kszo\u015bciowym akcjonariuszem jest Redan. Sp\u00f3\u0142ka jest notowana na GPW od grudnia 2016 r.<\/p>\n<p>&#13;<br \/>\n                            &#13;<br \/>\n&#13;<br \/>\n                            &#13;<br \/>\n&#13;<br \/>\n&#13;<br \/>\n&#13;<br \/>\n&#13;<br \/>\n&#13;<br \/>\n                            &#13;<br \/>\n                                                            &#13;<br \/>\n&#13;<br \/>\n                            &#13;\n                        <\/p><\/div>\n<p><script>(function (d, s, id) {\n        var js, fjs = d.getElementsByTagName(s)[0];\n        if (d.getElementById(id)) return;\n        js = d.createElement(s);\n        js.id = id;\n        js.src = \"http:\/\/connect.facebook.net\/pl_PL\/sdk.js#xfbml=1&version=v2.6&appId=297996717062470\";\n        fjs.parentNode.insertBefore(js, fjs);\n    }(document, 'script', 'facebook-jssdk'));<\/script><br \/>\n<br \/>[ad_2]<br \/>\n<br \/><a href=\"https:\/\/www.wirtualnemedia.pl\/artykul\/tomasz-waligorski-prezesem-txm\">Source link <\/a><\/p>\n","protected":false},"excerpt":{"rendered":"<p>[ad_1] Powo\u0142anie Walig\u00f3rskiego to &#8222;etap prowadzonej restrukturyzacji, kt\u00f3ra ma na celu osi\u0105gni\u0119cie przez TXM stabilizacji finansowej, a w d\u0142u\u017cszym terminie rentowno\u015bci&#8221; &#8211; czytamy w komunikacie TXM. &#13; &#13; Obecnie sk\u0142ad zarz\u0105du TXM w restrukturyzacji jest czteroosobowy. Funkcje wiceprezesa pe\u0142ni\u0105 Agnieszka Smarzy\u0144ska, Krzysztof Bajbus oraz Marcin \u0141u\u017cniak. &#13; &#13; \u2013 Jeste\u015bmy bardzo zadowoleni z nawi\u0105zania wsp\u00f3\u0142pracy [&hellip;]<\/p>\n","protected":false},"author":2,"featured_media":1602,"comment_status":"open","ping_status":"open","sticky":false,"template":"","format":"standard","meta":{"footnotes":""},"categories":[3],"tags":[],"class_list":["post-1601","post","type-post","status-publish","format-standard","has-post-thumbnail","hentry","category-wiadomosci-medialne-spoleczne"],"yoast_head":"<!-- This site is optimized with the Yoast SEO plugin v27.4 - https:\/\/yoast.com\/product\/yoast-seo-wordpress\/ -->\n<title>Tomasz Walig\u00f3rski prezesem TXM - Hot News in World<\/title>\n<meta name=\"robots\" content=\"index, follow, max-snippet:-1, max-image-preview:large, max-video-preview:-1\" \/>\n<link rel=\"canonical\" href=\"https:\/\/hotnewsinworld.com\/pl\/tomasz-waligorski-prezesem-txm\/\" \/>\n<meta property=\"og:locale\" content=\"pl_PL\" \/>\n<meta property=\"og:type\" content=\"article\" \/>\n<meta property=\"og:title\" content=\"Tomasz Walig\u00f3rski prezesem TXM - Hot News in World\" \/>\n<meta property=\"og:description\" content=\"[ad_1] Powo\u0142anie Walig\u00f3rskiego to &#8222;etap prowadzonej restrukturyzacji, kt\u00f3ra ma na celu osi\u0105gni\u0119cie przez TXM stabilizacji finansowej, a w d\u0142u\u017cszym terminie rentowno\u015bci&#8221; &#8211; czytamy w komunikacie TXM. &#013; &#013; Obecnie sk\u0142ad zarz\u0105du TXM w restrukturyzacji jest czteroosobowy. Funkcje wiceprezesa pe\u0142ni\u0105 Agnieszka Smarzy\u0144ska, Krzysztof Bajbus oraz Marcin \u0141u\u017cniak. &#013; &#013; \u2013 Jeste\u015bmy bardzo zadowoleni z nawi\u0105zania wsp\u00f3\u0142pracy [&hellip;]\" \/>\n<meta property=\"og:url\" content=\"https:\/\/hotnewsinworld.com\/pl\/tomasz-waligorski-prezesem-txm\/\" \/>\n<meta property=\"og:site_name\" content=\"Hot News in World\" \/>\n<meta property=\"article:published_time\" content=\"2019-08-22T23:40:09+00:00\" \/>\n<meta property=\"article:modified_time\" content=\"2019-08-22T23:40:10+00:00\" \/>\n<meta property=\"og:image\" content=\"https:\/\/hotnewsinworld.com\/pl\/wp-content\/uploads\/sites\/6\/2019\/08\/Tomasz-Walig\u00f3rski-prezesem-TXM.jpg\" \/>\n\t<meta property=\"og:image:width\" content=\"655\" \/>\n\t<meta property=\"og:image:height\" content=\"692\" \/>\n\t<meta property=\"og:image:type\" content=\"image\/jpeg\" \/>\n<meta name=\"author\" content=\"hotnewsinworld\" \/>\n<meta name=\"twitter:card\" content=\"summary_large_image\" \/>\n<meta name=\"twitter:label1\" content=\"Napisane przez\" \/>\n\t<meta name=\"twitter:data1\" content=\"hotnewsinworld\" \/>\n\t<meta name=\"twitter:label2\" content=\"Szacowany czas czytania\" \/>\n\t<meta name=\"twitter:data2\" content=\"2 minuty\" \/>\n<script type=\"application\/ld+json\" class=\"yoast-schema-graph\">{\"@context\":\"https:\\\/\\\/schema.org\",\"@graph\":[{\"@type\":\"Article\",\"@id\":\"https:\\\/\\\/hotnewsinworld.com\\\/pl\\\/tomasz-waligorski-prezesem-txm\\\/#article\",\"isPartOf\":{\"@id\":\"https:\\\/\\\/hotnewsinworld.com\\\/pl\\\/tomasz-waligorski-prezesem-txm\\\/\"},\"author\":{\"name\":\"hotnewsinworld\",\"@id\":\"https:\\\/\\\/hotnewsinworld.com\\\/pl\\\/#\\\/schema\\\/person\\\/fe61448b21c0d59086e75fcc1f9d8f6b\"},\"headline\":\"Tomasz Walig\u00f3rski prezesem TXM\",\"datePublished\":\"2019-08-22T23:40:09+00:00\",\"dateModified\":\"2019-08-22T23:40:10+00:00\",\"mainEntityOfPage\":{\"@id\":\"https:\\\/\\\/hotnewsinworld.com\\\/pl\\\/tomasz-waligorski-prezesem-txm\\\/\"},\"wordCount\":341,\"commentCount\":0,\"image\":{\"@id\":\"https:\\\/\\\/hotnewsinworld.com\\\/pl\\\/tomasz-waligorski-prezesem-txm\\\/#primaryimage\"},\"thumbnailUrl\":\"https:\\\/\\\/hotnewsinworld.com\\\/pl\\\/wp-content\\\/uploads\\\/sites\\\/6\\\/2019\\\/08\\\/Tomasz-Walig\u00f3rski-prezesem-TXM.jpg\",\"articleSection\":[\"WIADOMO\u015aCI MEDIALNE SPO\u0141ECZNE\"],\"inLanguage\":\"pl-PL\",\"potentialAction\":[{\"@type\":\"CommentAction\",\"name\":\"Comment\",\"target\":[\"https:\\\/\\\/hotnewsinworld.com\\\/pl\\\/tomasz-waligorski-prezesem-txm\\\/#respond\"]}]},{\"@type\":\"WebPage\",\"@id\":\"https:\\\/\\\/hotnewsinworld.com\\\/pl\\\/tomasz-waligorski-prezesem-txm\\\/\",\"url\":\"https:\\\/\\\/hotnewsinworld.com\\\/pl\\\/tomasz-waligorski-prezesem-txm\\\/\",\"name\":\"Tomasz Walig\u00f3rski prezesem TXM - Hot News in World\",\"isPartOf\":{\"@id\":\"https:\\\/\\\/hotnewsinworld.com\\\/pl\\\/#website\"},\"primaryImageOfPage\":{\"@id\":\"https:\\\/\\\/hotnewsinworld.com\\\/pl\\\/tomasz-waligorski-prezesem-txm\\\/#primaryimage\"},\"image\":{\"@id\":\"https:\\\/\\\/hotnewsinworld.com\\\/pl\\\/tomasz-waligorski-prezesem-txm\\\/#primaryimage\"},\"thumbnailUrl\":\"https:\\\/\\\/hotnewsinworld.com\\\/pl\\\/wp-content\\\/uploads\\\/sites\\\/6\\\/2019\\\/08\\\/Tomasz-Walig\u00f3rski-prezesem-TXM.jpg\",\"datePublished\":\"2019-08-22T23:40:09+00:00\",\"dateModified\":\"2019-08-22T23:40:10+00:00\",\"author\":{\"@id\":\"https:\\\/\\\/hotnewsinworld.com\\\/pl\\\/#\\\/schema\\\/person\\\/fe61448b21c0d59086e75fcc1f9d8f6b\"},\"breadcrumb\":{\"@id\":\"https:\\\/\\\/hotnewsinworld.com\\\/pl\\\/tomasz-waligorski-prezesem-txm\\\/#breadcrumb\"},\"inLanguage\":\"pl-PL\",\"potentialAction\":[{\"@type\":\"ReadAction\",\"target\":[\"https:\\\/\\\/hotnewsinworld.com\\\/pl\\\/tomasz-waligorski-prezesem-txm\\\/\"]}]},{\"@type\":\"ImageObject\",\"inLanguage\":\"pl-PL\",\"@id\":\"https:\\\/\\\/hotnewsinworld.com\\\/pl\\\/tomasz-waligorski-prezesem-txm\\\/#primaryimage\",\"url\":\"https:\\\/\\\/hotnewsinworld.com\\\/pl\\\/wp-content\\\/uploads\\\/sites\\\/6\\\/2019\\\/08\\\/Tomasz-Walig\u00f3rski-prezesem-TXM.jpg\",\"contentUrl\":\"https:\\\/\\\/hotnewsinworld.com\\\/pl\\\/wp-content\\\/uploads\\\/sites\\\/6\\\/2019\\\/08\\\/Tomasz-Walig\u00f3rski-prezesem-TXM.jpg\",\"width\":655,\"height\":692,\"caption\":\"Article\"},{\"@type\":\"BreadcrumbList\",\"@id\":\"https:\\\/\\\/hotnewsinworld.com\\\/pl\\\/tomasz-waligorski-prezesem-txm\\\/#breadcrumb\",\"itemListElement\":[{\"@type\":\"ListItem\",\"position\":1,\"name\":\"\u0413\u043b\u0430\u0432\u043d\u0430\u044f \u0441\u0442\u0440\u0430\u043d\u0438\u0446\u0430\",\"item\":\"https:\\\/\\\/hotnewsinworld.com\\\/pl\\\/\"},{\"@type\":\"ListItem\",\"position\":2,\"name\":\"Tomasz Walig\u00f3rski prezesem TXM\"}]},{\"@type\":\"WebSite\",\"@id\":\"https:\\\/\\\/hotnewsinworld.com\\\/pl\\\/#website\",\"url\":\"https:\\\/\\\/hotnewsinworld.com\\\/pl\\\/\",\"name\":\"Hot News in World\",\"description\":\"Hot News in World Polska\",\"potentialAction\":[{\"@type\":\"SearchAction\",\"target\":{\"@type\":\"EntryPoint\",\"urlTemplate\":\"https:\\\/\\\/hotnewsinworld.com\\\/pl\\\/?s={search_term_string}\"},\"query-input\":{\"@type\":\"PropertyValueSpecification\",\"valueRequired\":true,\"valueName\":\"search_term_string\"}}],\"inLanguage\":\"pl-PL\"},{\"@type\":\"Person\",\"@id\":\"https:\\\/\\\/hotnewsinworld.com\\\/pl\\\/#\\\/schema\\\/person\\\/fe61448b21c0d59086e75fcc1f9d8f6b\",\"name\":\"hotnewsinworld\",\"image\":{\"@type\":\"ImageObject\",\"inLanguage\":\"pl-PL\",\"@id\":\"https:\\\/\\\/secure.gravatar.com\\\/avatar\\\/8a09ac165600ce2e1c38fe593c63928eb1e6e7ba5c5a907d67787c41b3d00c14?s=96&d=mm&r=g\",\"url\":\"https:\\\/\\\/secure.gravatar.com\\\/avatar\\\/8a09ac165600ce2e1c38fe593c63928eb1e6e7ba5c5a907d67787c41b3d00c14?s=96&d=mm&r=g\",\"contentUrl\":\"https:\\\/\\\/secure.gravatar.com\\\/avatar\\\/8a09ac165600ce2e1c38fe593c63928eb1e6e7ba5c5a907d67787c41b3d00c14?s=96&d=mm&r=g\",\"caption\":\"hotnewsinworld\"},\"url\":\"https:\\\/\\\/hotnewsinworld.com\\\/pl\\\/author\\\/pt\\\/\"}]}<\/script>\n<!-- \/ Yoast SEO plugin. -->","yoast_head_json":{"title":"Tomasz Walig\u00f3rski prezesem TXM - Hot News in World","robots":{"index":"index","follow":"follow","max-snippet":"max-snippet:-1","max-image-preview":"max-image-preview:large","max-video-preview":"max-video-preview:-1"},"canonical":"https:\/\/hotnewsinworld.com\/pl\/tomasz-waligorski-prezesem-txm\/","og_locale":"pl_PL","og_type":"article","og_title":"Tomasz Walig\u00f3rski prezesem TXM - Hot News in World","og_description":"[ad_1] Powo\u0142anie Walig\u00f3rskiego to &#8222;etap prowadzonej restrukturyzacji, kt\u00f3ra ma na celu osi\u0105gni\u0119cie przez TXM stabilizacji finansowej, a w d\u0142u\u017cszym terminie rentowno\u015bci&#8221; &#8211; czytamy w komunikacie TXM. &#13; &#13; Obecnie sk\u0142ad zarz\u0105du TXM w restrukturyzacji jest czteroosobowy. Funkcje wiceprezesa pe\u0142ni\u0105 Agnieszka Smarzy\u0144ska, Krzysztof Bajbus oraz Marcin \u0141u\u017cniak. &#13; &#13; \u2013 Jeste\u015bmy bardzo zadowoleni z nawi\u0105zania wsp\u00f3\u0142pracy [&hellip;]","og_url":"https:\/\/hotnewsinworld.com\/pl\/tomasz-waligorski-prezesem-txm\/","og_site_name":"Hot News in World","article_published_time":"2019-08-22T23:40:09+00:00","article_modified_time":"2019-08-22T23:40:10+00:00","og_image":[{"width":655,"height":692,"url":"https:\/\/hotnewsinworld.com\/pl\/wp-content\/uploads\/sites\/6\/2019\/08\/Tomasz-Walig\u00f3rski-prezesem-TXM.jpg","type":"image\/jpeg"}],"author":"hotnewsinworld","twitter_card":"summary_large_image","twitter_misc":{"Napisane przez":"hotnewsinworld","Szacowany czas czytania":"2 minuty"},"schema":{"@context":"https:\/\/schema.org","@graph":[{"@type":"Article","@id":"https:\/\/hotnewsinworld.com\/pl\/tomasz-waligorski-prezesem-txm\/#article","isPartOf":{"@id":"https:\/\/hotnewsinworld.com\/pl\/tomasz-waligorski-prezesem-txm\/"},"author":{"name":"hotnewsinworld","@id":"https:\/\/hotnewsinworld.com\/pl\/#\/schema\/person\/fe61448b21c0d59086e75fcc1f9d8f6b"},"headline":"Tomasz Walig\u00f3rski prezesem TXM","datePublished":"2019-08-22T23:40:09+00:00","dateModified":"2019-08-22T23:40:10+00:00","mainEntityOfPage":{"@id":"https:\/\/hotnewsinworld.com\/pl\/tomasz-waligorski-prezesem-txm\/"},"wordCount":341,"commentCount":0,"image":{"@id":"https:\/\/hotnewsinworld.com\/pl\/tomasz-waligorski-prezesem-txm\/#primaryimage"},"thumbnailUrl":"https:\/\/hotnewsinworld.com\/pl\/wp-content\/uploads\/sites\/6\/2019\/08\/Tomasz-Walig\u00f3rski-prezesem-TXM.jpg","articleSection":["WIADOMO\u015aCI MEDIALNE SPO\u0141ECZNE"],"inLanguage":"pl-PL","potentialAction":[{"@type":"CommentAction","name":"Comment","target":["https:\/\/hotnewsinworld.com\/pl\/tomasz-waligorski-prezesem-txm\/#respond"]}]},{"@type":"WebPage","@id":"https:\/\/hotnewsinworld.com\/pl\/tomasz-waligorski-prezesem-txm\/","url":"https:\/\/hotnewsinworld.com\/pl\/tomasz-waligorski-prezesem-txm\/","name":"Tomasz Walig\u00f3rski prezesem TXM - Hot News in World","isPartOf":{"@id":"https:\/\/hotnewsinworld.com\/pl\/#website"},"primaryImageOfPage":{"@id":"https:\/\/hotnewsinworld.com\/pl\/tomasz-waligorski-prezesem-txm\/#primaryimage"},"image":{"@id":"https:\/\/hotnewsinworld.com\/pl\/tomasz-waligorski-prezesem-txm\/#primaryimage"},"thumbnailUrl":"https:\/\/hotnewsinworld.com\/pl\/wp-content\/uploads\/sites\/6\/2019\/08\/Tomasz-Walig\u00f3rski-prezesem-TXM.jpg","datePublished":"2019-08-22T23:40:09+00:00","dateModified":"2019-08-22T23:40:10+00:00","author":{"@id":"https:\/\/hotnewsinworld.com\/pl\/#\/schema\/person\/fe61448b21c0d59086e75fcc1f9d8f6b"},"breadcrumb":{"@id":"https:\/\/hotnewsinworld.com\/pl\/tomasz-waligorski-prezesem-txm\/#breadcrumb"},"inLanguage":"pl-PL","potentialAction":[{"@type":"ReadAction","target":["https:\/\/hotnewsinworld.com\/pl\/tomasz-waligorski-prezesem-txm\/"]}]},{"@type":"ImageObject","inLanguage":"pl-PL","@id":"https:\/\/hotnewsinworld.com\/pl\/tomasz-waligorski-prezesem-txm\/#primaryimage","url":"https:\/\/hotnewsinworld.com\/pl\/wp-content\/uploads\/sites\/6\/2019\/08\/Tomasz-Walig\u00f3rski-prezesem-TXM.jpg","contentUrl":"https:\/\/hotnewsinworld.com\/pl\/wp-content\/uploads\/sites\/6\/2019\/08\/Tomasz-Walig\u00f3rski-prezesem-TXM.jpg","width":655,"height":692,"caption":"Article"},{"@type":"BreadcrumbList","@id":"https:\/\/hotnewsinworld.com\/pl\/tomasz-waligorski-prezesem-txm\/#breadcrumb","itemListElement":[{"@type":"ListItem","position":1,"name":"\u0413\u043b\u0430\u0432\u043d\u0430\u044f \u0441\u0442\u0440\u0430\u043d\u0438\u0446\u0430","item":"https:\/\/hotnewsinworld.com\/pl\/"},{"@type":"ListItem","position":2,"name":"Tomasz Walig\u00f3rski prezesem TXM"}]},{"@type":"WebSite","@id":"https:\/\/hotnewsinworld.com\/pl\/#website","url":"https:\/\/hotnewsinworld.com\/pl\/","name":"Hot News in World","description":"Hot News in World Polska","potentialAction":[{"@type":"SearchAction","target":{"@type":"EntryPoint","urlTemplate":"https:\/\/hotnewsinworld.com\/pl\/?s={search_term_string}"},"query-input":{"@type":"PropertyValueSpecification","valueRequired":true,"valueName":"search_term_string"}}],"inLanguage":"pl-PL"},{"@type":"Person","@id":"https:\/\/hotnewsinworld.com\/pl\/#\/schema\/person\/fe61448b21c0d59086e75fcc1f9d8f6b","name":"hotnewsinworld","image":{"@type":"ImageObject","inLanguage":"pl-PL","@id":"https:\/\/secure.gravatar.com\/avatar\/8a09ac165600ce2e1c38fe593c63928eb1e6e7ba5c5a907d67787c41b3d00c14?s=96&d=mm&r=g","url":"https:\/\/secure.gravatar.com\/avatar\/8a09ac165600ce2e1c38fe593c63928eb1e6e7ba5c5a907d67787c41b3d00c14?s=96&d=mm&r=g","contentUrl":"https:\/\/secure.gravatar.com\/avatar\/8a09ac165600ce2e1c38fe593c63928eb1e6e7ba5c5a907d67787c41b3d00c14?s=96&d=mm&r=g","caption":"hotnewsinworld"},"url":"https:\/\/hotnewsinworld.com\/pl\/author\/pt\/"}]}},"_links":{"self":[{"href":"https:\/\/hotnewsinworld.com\/pl\/wp-json\/wp\/v2\/posts\/1601","targetHints":{"allow":["GET"]}}],"collection":[{"href":"https:\/\/hotnewsinworld.com\/pl\/wp-json\/wp\/v2\/posts"}],"about":[{"href":"https:\/\/hotnewsinworld.com\/pl\/wp-json\/wp\/v2\/types\/post"}],"author":[{"embeddable":true,"href":"https:\/\/hotnewsinworld.com\/pl\/wp-json\/wp\/v2\/users\/2"}],"replies":[{"embeddable":true,"href":"https:\/\/hotnewsinworld.com\/pl\/wp-json\/wp\/v2\/comments?post=1601"}],"version-history":[{"count":1,"href":"https:\/\/hotnewsinworld.com\/pl\/wp-json\/wp\/v2\/posts\/1601\/revisions"}],"predecessor-version":[{"id":1603,"href":"https:\/\/hotnewsinworld.com\/pl\/wp-json\/wp\/v2\/posts\/1601\/revisions\/1603"}],"wp:featuredmedia":[{"embeddable":true,"href":"https:\/\/hotnewsinworld.com\/pl\/wp-json\/wp\/v2\/media\/1602"}],"wp:attachment":[{"href":"https:\/\/hotnewsinworld.com\/pl\/wp-json\/wp\/v2\/media?parent=1601"}],"wp:term":[{"taxonomy":"category","embeddable":true,"href":"https:\/\/hotnewsinworld.com\/pl\/wp-json\/wp\/v2\/categories?post=1601"},{"taxonomy":"post_tag","embeddable":true,"href":"https:\/\/hotnewsinworld.com\/pl\/wp-json\/wp\/v2\/tags?post=1601"}],"curies":[{"name":"wp","href":"https:\/\/api.w.org\/{rel}","templated":true}]}}