{"id":1613,"date":"2019-08-23T09:08:05","date_gmt":"2019-08-23T06:08:05","guid":{"rendered":"https:\/\/hotnewsinworld.com\/pl\/trwa-przetarg-na-obsluge-medialna-funduszu-sprawiedliwosci\/"},"modified":"2019-08-23T09:08:06","modified_gmt":"2019-08-23T06:08:06","slug":"trwa-przetarg-na-obsluge-medialna-funduszu-sprawiedliwosci","status":"publish","type":"post","link":"https:\/\/hotnewsinworld.com\/pl\/trwa-przetarg-na-obsluge-medialna-funduszu-sprawiedliwosci\/","title":{"rendered":"Trwa przetarg na obs\u0142ug\u0119 medialn\u0105 Funduszu Sprawiedliwo\u015bci"},"content":{"rendered":"<p> [ad_1]<br \/>\n<\/p>\n<div id=\"\">\n<p>Fundusz Pomocy Pokrzywdzonym oraz Pomocy Postpenitencjarnej zwany dalej Funduszem Sprawiedliwo\u015bci jest funduszem celowym ukierunkowanym na pomoc pokrzywdzonym i \u015bwiadkom, przeciwdzia\u0142anie przest\u0119pczo\u015bci oraz pomoc postpenitencjarn\u0105.<\/p>\n<p>&#13;<br \/>\n&#13;<\/p>\n<p>Wybrana firma (lub kilka firm \u2013 resort przewiduje wyb\u00f3r maksymalnie 5) b\u0119dzie odpowiada\u0107 za kompleksow\u0105 obs\u0142ug\u0119 kampanii informacyjno-edukacyjnych, dzia\u0142a\u0144 promocyjno-marketingowych, dzia\u0142a\u0144 medialnych i dzia\u0142a\u0144 z zakresu PR Funduszu Sprawiedliwo\u015bci.<\/p>\n<p>&#13;<br \/>\n&#13;<\/p>\n<p>Zajmie si\u0119 opracowaniem strategii, koncepcji i kreacji kampanii, planowaniem i zakupem medi\u00f3w. Dzia\u0142ania reklamowe maj\u0105 by\u0107 prowadzone w stacjach tv, radiowych, prasie, internecie, social mediach, na no\u015bnikach reklamy zewn\u0119trznej.<\/p>\n<p>&#13;<br \/>\n&#13;<\/p>\n<p><strong>Warunkiem udzia\u0142u w przetargu jest wp\u0142ata 50 tys. wadium. W ocenie ofert zostan\u0105 zastosowane nast\u0119puj\u0105ce kryteria: cena (waga 50 proc.), koncepcja kreatywna (20 proc.), koncepcja strategii mediowej (20 proc.), do\u015bwiadczenie kadry (10 proc).<\/strong><\/p>\n<p>&#13;<br \/>\n&#13;<\/p>\n<p>Zaplanowane przez Ministerstwo Sprawiedliwo\u015bci dzia\u0142ania promocyjne, informacyjne i edukacyjne maj\u0105 stanowi\u0107 dalszy etap kampanii rozpocz\u0119tej w styczniu 2019 roku realizowanych z udzia\u0142em g\u0142\u00f3wnych medi\u00f3w (reklama telewizyjna, radiowa, prasowa, online i OOH) i zako\u0144czonej w kwietniu (I etap) oraz kontynuowanej w maju, czerwcu i lipcu 2019 roku w mediach elektronicznych (II etap).<\/p>\n<p>&#13;<br \/>\n&#13;<\/p>\n<p>Celem kampanii by\u0142 wzrost \u015bwiadomo\u015bci dzia\u0142alno\u015bci Funduszu Sprawiedliwo\u015bci w\u015br\u00f3d os\u00f3b z grupy celowej osoby w wieku 18-69. Resort zdradza, \u017ce kampania charakteryzowa\u0142a si\u0119 ponad przeci\u0119tn\u0105 efektywno\u015bci\u0105 w dotarciu do grupy celowej. Kontakt z kt\u00f3rymkolwiek formatem kampanii zadeklarowa\u0142o ponad 80 os\u00f3b z badanej populacji.\u00a0 25 800 000 widzia\u0142o materia\u0142y reklamowe w telewizji,\u00a0 grupa celowa zetkn\u0119\u0142a si\u0119 1,790 miliard razy z reklam\u0105 w telewizji, \u015brednio ponad 69,3 razy osoby z grupy celowej spotka\u0142y si\u0119 z przekazem reklamowym. A\u017c 81 ty\u015b os\u00f3b korzysta\u0142o z wyszukiwarki punkt\u00f3w pomocy, Co stanowi 40 proc. os\u00f3b pokrzywdzonych w skali roku w Polsce.<\/p>\n<p>&#13;<br \/>\n&#13;<\/p>\n<p>W kampanii zosta\u0142a stworzona baza danych o\u015brodk\u00f3w bezp\u0142atne pomocy prawnej i obywatelskiej, policji.<\/p>\n<p>&#13;<br \/>\n&#13;<\/p>\n<p>W kolejnych kampaniach chodzi o poinformowanie o skuteczno\u015bci i kompetencjach o\u015brodk\u00f3w nios\u0105cych pomoc, a b\u0119d\u0105cych w sieci Funduszu Sprawiedliwo\u015bci, powszechnej dost\u0119pno\u015bci narz\u0119dzi u\u0142atwiaj\u0105cych kontakt z o\u015brodkami nios\u0105cymi pomoc, szerokiej palecie oferowanych rodzaj\u00f3w pomocy realizowanych przez o\u015brodki, skutkach dzia\u0142alno\u015bci Funduszu Sprawiedliwo\u015bci i efektach wydatkowanych przez niego \u015brodk\u00f3w, podniesieniu \u015bwiadomo\u015bci istnienia i cel\u00f3w o\u015brodk\u00f3w Funduszu Sprawiedliwo\u015bci w lokalnych mediach, zrealizowanie dzia\u0142a\u0144 content marketingowych przedstawiaj\u0105cych portfolio skutecznych dzia\u0142a\u0144 Funduszu Sprawiedliwo\u015bci, dalsze poszerzanie \u015bwiadomo\u015bci istnienia i cel\u00f3w Funduszu Sprawiedliwo\u015bci poprzez dzia\u0142ania maj\u0105ce charakter materia\u0142\u00f3w informacyjnych, marketingowych, edukacyjnych i\u00a0 o charakterze PR w kana\u0142ach offline i online ( reklama telewizyjna, radiowa, prasowa, online i OOH).\u00a0\u00a0 \u00a0<\/p>\n<p>&#13;<br \/>\n                            &#13;<br \/>\n&#13;<br \/>\n                            &#13;<br \/>\n&#13;<br \/>\n&#13;<br \/>\n&#13;<br \/>\n&#13;<br \/>\n&#13;<br \/>\n                            &#13;<br \/>\n                                                            &#13;<br \/>\n&#13;<br \/>\n                            &#13;\n                        <\/p><\/div>\n<p><script>(function (d, s, id) {\n        var js, fjs = d.getElementsByTagName(s)[0];\n        if (d.getElementById(id)) return;\n        js = d.createElement(s);\n        js.id = id;\n        js.src = \"http:\/\/connect.facebook.net\/pl_PL\/sdk.js#xfbml=1&version=v2.6&appId=297996717062470\";\n        fjs.parentNode.insertBefore(js, fjs);\n    }(document, 'script', 'facebook-jssdk'));<\/script><br \/>\n<br \/>[ad_2]<br \/>\n<br \/><a href=\"https:\/\/www.wirtualnemedia.pl\/artykul\/trwa-przetarg-na-obsluge-medialna-funduszu-sprawiedliwosci\">Source link <\/a><\/p>\n","protected":false},"excerpt":{"rendered":"<p>[ad_1] Fundusz Pomocy Pokrzywdzonym oraz Pomocy Postpenitencjarnej zwany dalej Funduszem Sprawiedliwo\u015bci jest funduszem celowym ukierunkowanym na pomoc pokrzywdzonym i \u015bwiadkom, przeciwdzia\u0142anie przest\u0119pczo\u015bci oraz pomoc postpenitencjarn\u0105. &#13; &#13; Wybrana firma (lub kilka firm \u2013 resort przewiduje wyb\u00f3r maksymalnie 5) b\u0119dzie odpowiada\u0107 za kompleksow\u0105 obs\u0142ug\u0119 kampanii informacyjno-edukacyjnych, dzia\u0142a\u0144 promocyjno-marketingowych, dzia\u0142a\u0144 medialnych i dzia\u0142a\u0144 z zakresu PR Funduszu [&hellip;]<\/p>\n","protected":false},"author":2,"featured_media":1614,"comment_status":"open","ping_status":"open","sticky":false,"template":"","format":"standard","meta":{"footnotes":""},"categories":[3],"tags":[],"class_list":["post-1613","post","type-post","status-publish","format-standard","has-post-thumbnail","hentry","category-wiadomosci-medialne-spoleczne"],"yoast_head":"<!-- This site is optimized with the Yoast SEO plugin v27.4 - https:\/\/yoast.com\/product\/yoast-seo-wordpress\/ -->\n<title>Trwa przetarg na obs\u0142ug\u0119 medialn\u0105 Funduszu Sprawiedliwo\u015bci - Hot News in World<\/title>\n<meta name=\"robots\" content=\"index, follow, max-snippet:-1, max-image-preview:large, max-video-preview:-1\" \/>\n<link rel=\"canonical\" href=\"https:\/\/hotnewsinworld.com\/pl\/trwa-przetarg-na-obsluge-medialna-funduszu-sprawiedliwosci\/\" \/>\n<meta property=\"og:locale\" content=\"pl_PL\" \/>\n<meta property=\"og:type\" content=\"article\" \/>\n<meta property=\"og:title\" content=\"Trwa przetarg na obs\u0142ug\u0119 medialn\u0105 Funduszu Sprawiedliwo\u015bci - Hot News in World\" \/>\n<meta property=\"og:description\" content=\"[ad_1] Fundusz Pomocy Pokrzywdzonym oraz Pomocy Postpenitencjarnej zwany dalej Funduszem Sprawiedliwo\u015bci jest funduszem celowym ukierunkowanym na pomoc pokrzywdzonym i \u015bwiadkom, przeciwdzia\u0142anie przest\u0119pczo\u015bci oraz pomoc postpenitencjarn\u0105. &#013; &#013; Wybrana firma (lub kilka firm \u2013 resort przewiduje wyb\u00f3r maksymalnie 5) b\u0119dzie odpowiada\u0107 za kompleksow\u0105 obs\u0142ug\u0119 kampanii informacyjno-edukacyjnych, dzia\u0142a\u0144 promocyjno-marketingowych, dzia\u0142a\u0144 medialnych i dzia\u0142a\u0144 z zakresu PR Funduszu [&hellip;]\" \/>\n<meta property=\"og:url\" content=\"https:\/\/hotnewsinworld.com\/pl\/trwa-przetarg-na-obsluge-medialna-funduszu-sprawiedliwosci\/\" \/>\n<meta property=\"og:site_name\" content=\"Hot News in World\" \/>\n<meta property=\"article:published_time\" content=\"2019-08-23T06:08:05+00:00\" \/>\n<meta property=\"article:modified_time\" content=\"2019-08-23T06:08:06+00:00\" \/>\n<meta property=\"og:image\" content=\"https:\/\/hotnewsinworld.com\/pl\/wp-content\/uploads\/sites\/6\/2019\/08\/Trwa-przetarg-na-obs\u0142ug\u0119-medialn\u0105-Funduszu-Sprawiedliwo\u015bci.png\" \/>\n\t<meta property=\"og:image:width\" content=\"655\" \/>\n\t<meta property=\"og:image:height\" content=\"281\" \/>\n\t<meta property=\"og:image:type\" content=\"image\/png\" \/>\n<meta name=\"author\" content=\"hotnewsinworld\" \/>\n<meta name=\"twitter:card\" content=\"summary_large_image\" \/>\n<meta name=\"twitter:label1\" content=\"Napisane przez\" \/>\n\t<meta name=\"twitter:data1\" content=\"hotnewsinworld\" \/>\n\t<meta name=\"twitter:label2\" content=\"Szacowany czas czytania\" \/>\n\t<meta name=\"twitter:data2\" content=\"2 minuty\" \/>\n<script type=\"application\/ld+json\" class=\"yoast-schema-graph\">{\"@context\":\"https:\\\/\\\/schema.org\",\"@graph\":[{\"@type\":\"Article\",\"@id\":\"https:\\\/\\\/hotnewsinworld.com\\\/pl\\\/trwa-przetarg-na-obsluge-medialna-funduszu-sprawiedliwosci\\\/#article\",\"isPartOf\":{\"@id\":\"https:\\\/\\\/hotnewsinworld.com\\\/pl\\\/trwa-przetarg-na-obsluge-medialna-funduszu-sprawiedliwosci\\\/\"},\"author\":{\"name\":\"hotnewsinworld\",\"@id\":\"https:\\\/\\\/hotnewsinworld.com\\\/pl\\\/#\\\/schema\\\/person\\\/fe61448b21c0d59086e75fcc1f9d8f6b\"},\"headline\":\"Trwa przetarg na obs\u0142ug\u0119 medialn\u0105 Funduszu Sprawiedliwo\u015bci\",\"datePublished\":\"2019-08-23T06:08:05+00:00\",\"dateModified\":\"2019-08-23T06:08:06+00:00\",\"mainEntityOfPage\":{\"@id\":\"https:\\\/\\\/hotnewsinworld.com\\\/pl\\\/trwa-przetarg-na-obsluge-medialna-funduszu-sprawiedliwosci\\\/\"},\"wordCount\":457,\"commentCount\":0,\"image\":{\"@id\":\"https:\\\/\\\/hotnewsinworld.com\\\/pl\\\/trwa-przetarg-na-obsluge-medialna-funduszu-sprawiedliwosci\\\/#primaryimage\"},\"thumbnailUrl\":\"https:\\\/\\\/hotnewsinworld.com\\\/pl\\\/wp-content\\\/uploads\\\/sites\\\/6\\\/2019\\\/08\\\/Trwa-przetarg-na-obs\u0142ug\u0119-medialn\u0105-Funduszu-Sprawiedliwo\u015bci.png\",\"articleSection\":[\"WIADOMO\u015aCI MEDIALNE SPO\u0141ECZNE\"],\"inLanguage\":\"pl-PL\",\"potentialAction\":[{\"@type\":\"CommentAction\",\"name\":\"Comment\",\"target\":[\"https:\\\/\\\/hotnewsinworld.com\\\/pl\\\/trwa-przetarg-na-obsluge-medialna-funduszu-sprawiedliwosci\\\/#respond\"]}]},{\"@type\":\"WebPage\",\"@id\":\"https:\\\/\\\/hotnewsinworld.com\\\/pl\\\/trwa-przetarg-na-obsluge-medialna-funduszu-sprawiedliwosci\\\/\",\"url\":\"https:\\\/\\\/hotnewsinworld.com\\\/pl\\\/trwa-przetarg-na-obsluge-medialna-funduszu-sprawiedliwosci\\\/\",\"name\":\"Trwa przetarg na obs\u0142ug\u0119 medialn\u0105 Funduszu Sprawiedliwo\u015bci - Hot News in World\",\"isPartOf\":{\"@id\":\"https:\\\/\\\/hotnewsinworld.com\\\/pl\\\/#website\"},\"primaryImageOfPage\":{\"@id\":\"https:\\\/\\\/hotnewsinworld.com\\\/pl\\\/trwa-przetarg-na-obsluge-medialna-funduszu-sprawiedliwosci\\\/#primaryimage\"},\"image\":{\"@id\":\"https:\\\/\\\/hotnewsinworld.com\\\/pl\\\/trwa-przetarg-na-obsluge-medialna-funduszu-sprawiedliwosci\\\/#primaryimage\"},\"thumbnailUrl\":\"https:\\\/\\\/hotnewsinworld.com\\\/pl\\\/wp-content\\\/uploads\\\/sites\\\/6\\\/2019\\\/08\\\/Trwa-przetarg-na-obs\u0142ug\u0119-medialn\u0105-Funduszu-Sprawiedliwo\u015bci.png\",\"datePublished\":\"2019-08-23T06:08:05+00:00\",\"dateModified\":\"2019-08-23T06:08:06+00:00\",\"author\":{\"@id\":\"https:\\\/\\\/hotnewsinworld.com\\\/pl\\\/#\\\/schema\\\/person\\\/fe61448b21c0d59086e75fcc1f9d8f6b\"},\"breadcrumb\":{\"@id\":\"https:\\\/\\\/hotnewsinworld.com\\\/pl\\\/trwa-przetarg-na-obsluge-medialna-funduszu-sprawiedliwosci\\\/#breadcrumb\"},\"inLanguage\":\"pl-PL\",\"potentialAction\":[{\"@type\":\"ReadAction\",\"target\":[\"https:\\\/\\\/hotnewsinworld.com\\\/pl\\\/trwa-przetarg-na-obsluge-medialna-funduszu-sprawiedliwosci\\\/\"]}]},{\"@type\":\"ImageObject\",\"inLanguage\":\"pl-PL\",\"@id\":\"https:\\\/\\\/hotnewsinworld.com\\\/pl\\\/trwa-przetarg-na-obsluge-medialna-funduszu-sprawiedliwosci\\\/#primaryimage\",\"url\":\"https:\\\/\\\/hotnewsinworld.com\\\/pl\\\/wp-content\\\/uploads\\\/sites\\\/6\\\/2019\\\/08\\\/Trwa-przetarg-na-obs\u0142ug\u0119-medialn\u0105-Funduszu-Sprawiedliwo\u015bci.png\",\"contentUrl\":\"https:\\\/\\\/hotnewsinworld.com\\\/pl\\\/wp-content\\\/uploads\\\/sites\\\/6\\\/2019\\\/08\\\/Trwa-przetarg-na-obs\u0142ug\u0119-medialn\u0105-Funduszu-Sprawiedliwo\u015bci.png\",\"width\":655,\"height\":281,\"caption\":\"Article\"},{\"@type\":\"BreadcrumbList\",\"@id\":\"https:\\\/\\\/hotnewsinworld.com\\\/pl\\\/trwa-przetarg-na-obsluge-medialna-funduszu-sprawiedliwosci\\\/#breadcrumb\",\"itemListElement\":[{\"@type\":\"ListItem\",\"position\":1,\"name\":\"\u0413\u043b\u0430\u0432\u043d\u0430\u044f \u0441\u0442\u0440\u0430\u043d\u0438\u0446\u0430\",\"item\":\"https:\\\/\\\/hotnewsinworld.com\\\/pl\\\/\"},{\"@type\":\"ListItem\",\"position\":2,\"name\":\"Trwa przetarg na obs\u0142ug\u0119 medialn\u0105 Funduszu Sprawiedliwo\u015bci\"}]},{\"@type\":\"WebSite\",\"@id\":\"https:\\\/\\\/hotnewsinworld.com\\\/pl\\\/#website\",\"url\":\"https:\\\/\\\/hotnewsinworld.com\\\/pl\\\/\",\"name\":\"Hot News in World\",\"description\":\"Hot News in World Polska\",\"potentialAction\":[{\"@type\":\"SearchAction\",\"target\":{\"@type\":\"EntryPoint\",\"urlTemplate\":\"https:\\\/\\\/hotnewsinworld.com\\\/pl\\\/?s={search_term_string}\"},\"query-input\":{\"@type\":\"PropertyValueSpecification\",\"valueRequired\":true,\"valueName\":\"search_term_string\"}}],\"inLanguage\":\"pl-PL\"},{\"@type\":\"Person\",\"@id\":\"https:\\\/\\\/hotnewsinworld.com\\\/pl\\\/#\\\/schema\\\/person\\\/fe61448b21c0d59086e75fcc1f9d8f6b\",\"name\":\"hotnewsinworld\",\"image\":{\"@type\":\"ImageObject\",\"inLanguage\":\"pl-PL\",\"@id\":\"https:\\\/\\\/secure.gravatar.com\\\/avatar\\\/8a09ac165600ce2e1c38fe593c63928eb1e6e7ba5c5a907d67787c41b3d00c14?s=96&d=mm&r=g\",\"url\":\"https:\\\/\\\/secure.gravatar.com\\\/avatar\\\/8a09ac165600ce2e1c38fe593c63928eb1e6e7ba5c5a907d67787c41b3d00c14?s=96&d=mm&r=g\",\"contentUrl\":\"https:\\\/\\\/secure.gravatar.com\\\/avatar\\\/8a09ac165600ce2e1c38fe593c63928eb1e6e7ba5c5a907d67787c41b3d00c14?s=96&d=mm&r=g\",\"caption\":\"hotnewsinworld\"},\"url\":\"https:\\\/\\\/hotnewsinworld.com\\\/pl\\\/author\\\/pt\\\/\"}]}<\/script>\n<!-- \/ Yoast SEO plugin. -->","yoast_head_json":{"title":"Trwa przetarg na obs\u0142ug\u0119 medialn\u0105 Funduszu Sprawiedliwo\u015bci - Hot News in World","robots":{"index":"index","follow":"follow","max-snippet":"max-snippet:-1","max-image-preview":"max-image-preview:large","max-video-preview":"max-video-preview:-1"},"canonical":"https:\/\/hotnewsinworld.com\/pl\/trwa-przetarg-na-obsluge-medialna-funduszu-sprawiedliwosci\/","og_locale":"pl_PL","og_type":"article","og_title":"Trwa przetarg na obs\u0142ug\u0119 medialn\u0105 Funduszu Sprawiedliwo\u015bci - Hot News in World","og_description":"[ad_1] Fundusz Pomocy Pokrzywdzonym oraz Pomocy Postpenitencjarnej zwany dalej Funduszem Sprawiedliwo\u015bci jest funduszem celowym ukierunkowanym na pomoc pokrzywdzonym i \u015bwiadkom, przeciwdzia\u0142anie przest\u0119pczo\u015bci oraz pomoc postpenitencjarn\u0105. &#13; &#13; Wybrana firma (lub kilka firm \u2013 resort przewiduje wyb\u00f3r maksymalnie 5) b\u0119dzie odpowiada\u0107 za kompleksow\u0105 obs\u0142ug\u0119 kampanii informacyjno-edukacyjnych, dzia\u0142a\u0144 promocyjno-marketingowych, dzia\u0142a\u0144 medialnych i dzia\u0142a\u0144 z zakresu PR Funduszu [&hellip;]","og_url":"https:\/\/hotnewsinworld.com\/pl\/trwa-przetarg-na-obsluge-medialna-funduszu-sprawiedliwosci\/","og_site_name":"Hot News in World","article_published_time":"2019-08-23T06:08:05+00:00","article_modified_time":"2019-08-23T06:08:06+00:00","og_image":[{"width":655,"height":281,"url":"https:\/\/hotnewsinworld.com\/pl\/wp-content\/uploads\/sites\/6\/2019\/08\/Trwa-przetarg-na-obs\u0142ug\u0119-medialn\u0105-Funduszu-Sprawiedliwo\u015bci.png","type":"image\/png"}],"author":"hotnewsinworld","twitter_card":"summary_large_image","twitter_misc":{"Napisane przez":"hotnewsinworld","Szacowany czas czytania":"2 minuty"},"schema":{"@context":"https:\/\/schema.org","@graph":[{"@type":"Article","@id":"https:\/\/hotnewsinworld.com\/pl\/trwa-przetarg-na-obsluge-medialna-funduszu-sprawiedliwosci\/#article","isPartOf":{"@id":"https:\/\/hotnewsinworld.com\/pl\/trwa-przetarg-na-obsluge-medialna-funduszu-sprawiedliwosci\/"},"author":{"name":"hotnewsinworld","@id":"https:\/\/hotnewsinworld.com\/pl\/#\/schema\/person\/fe61448b21c0d59086e75fcc1f9d8f6b"},"headline":"Trwa przetarg na obs\u0142ug\u0119 medialn\u0105 Funduszu Sprawiedliwo\u015bci","datePublished":"2019-08-23T06:08:05+00:00","dateModified":"2019-08-23T06:08:06+00:00","mainEntityOfPage":{"@id":"https:\/\/hotnewsinworld.com\/pl\/trwa-przetarg-na-obsluge-medialna-funduszu-sprawiedliwosci\/"},"wordCount":457,"commentCount":0,"image":{"@id":"https:\/\/hotnewsinworld.com\/pl\/trwa-przetarg-na-obsluge-medialna-funduszu-sprawiedliwosci\/#primaryimage"},"thumbnailUrl":"https:\/\/hotnewsinworld.com\/pl\/wp-content\/uploads\/sites\/6\/2019\/08\/Trwa-przetarg-na-obs\u0142ug\u0119-medialn\u0105-Funduszu-Sprawiedliwo\u015bci.png","articleSection":["WIADOMO\u015aCI MEDIALNE SPO\u0141ECZNE"],"inLanguage":"pl-PL","potentialAction":[{"@type":"CommentAction","name":"Comment","target":["https:\/\/hotnewsinworld.com\/pl\/trwa-przetarg-na-obsluge-medialna-funduszu-sprawiedliwosci\/#respond"]}]},{"@type":"WebPage","@id":"https:\/\/hotnewsinworld.com\/pl\/trwa-przetarg-na-obsluge-medialna-funduszu-sprawiedliwosci\/","url":"https:\/\/hotnewsinworld.com\/pl\/trwa-przetarg-na-obsluge-medialna-funduszu-sprawiedliwosci\/","name":"Trwa przetarg na obs\u0142ug\u0119 medialn\u0105 Funduszu Sprawiedliwo\u015bci - Hot News in World","isPartOf":{"@id":"https:\/\/hotnewsinworld.com\/pl\/#website"},"primaryImageOfPage":{"@id":"https:\/\/hotnewsinworld.com\/pl\/trwa-przetarg-na-obsluge-medialna-funduszu-sprawiedliwosci\/#primaryimage"},"image":{"@id":"https:\/\/hotnewsinworld.com\/pl\/trwa-przetarg-na-obsluge-medialna-funduszu-sprawiedliwosci\/#primaryimage"},"thumbnailUrl":"https:\/\/hotnewsinworld.com\/pl\/wp-content\/uploads\/sites\/6\/2019\/08\/Trwa-przetarg-na-obs\u0142ug\u0119-medialn\u0105-Funduszu-Sprawiedliwo\u015bci.png","datePublished":"2019-08-23T06:08:05+00:00","dateModified":"2019-08-23T06:08:06+00:00","author":{"@id":"https:\/\/hotnewsinworld.com\/pl\/#\/schema\/person\/fe61448b21c0d59086e75fcc1f9d8f6b"},"breadcrumb":{"@id":"https:\/\/hotnewsinworld.com\/pl\/trwa-przetarg-na-obsluge-medialna-funduszu-sprawiedliwosci\/#breadcrumb"},"inLanguage":"pl-PL","potentialAction":[{"@type":"ReadAction","target":["https:\/\/hotnewsinworld.com\/pl\/trwa-przetarg-na-obsluge-medialna-funduszu-sprawiedliwosci\/"]}]},{"@type":"ImageObject","inLanguage":"pl-PL","@id":"https:\/\/hotnewsinworld.com\/pl\/trwa-przetarg-na-obsluge-medialna-funduszu-sprawiedliwosci\/#primaryimage","url":"https:\/\/hotnewsinworld.com\/pl\/wp-content\/uploads\/sites\/6\/2019\/08\/Trwa-przetarg-na-obs\u0142ug\u0119-medialn\u0105-Funduszu-Sprawiedliwo\u015bci.png","contentUrl":"https:\/\/hotnewsinworld.com\/pl\/wp-content\/uploads\/sites\/6\/2019\/08\/Trwa-przetarg-na-obs\u0142ug\u0119-medialn\u0105-Funduszu-Sprawiedliwo\u015bci.png","width":655,"height":281,"caption":"Article"},{"@type":"BreadcrumbList","@id":"https:\/\/hotnewsinworld.com\/pl\/trwa-przetarg-na-obsluge-medialna-funduszu-sprawiedliwosci\/#breadcrumb","itemListElement":[{"@type":"ListItem","position":1,"name":"\u0413\u043b\u0430\u0432\u043d\u0430\u044f \u0441\u0442\u0440\u0430\u043d\u0438\u0446\u0430","item":"https:\/\/hotnewsinworld.com\/pl\/"},{"@type":"ListItem","position":2,"name":"Trwa przetarg na obs\u0142ug\u0119 medialn\u0105 Funduszu Sprawiedliwo\u015bci"}]},{"@type":"WebSite","@id":"https:\/\/hotnewsinworld.com\/pl\/#website","url":"https:\/\/hotnewsinworld.com\/pl\/","name":"Hot News in World","description":"Hot News in World Polska","potentialAction":[{"@type":"SearchAction","target":{"@type":"EntryPoint","urlTemplate":"https:\/\/hotnewsinworld.com\/pl\/?s={search_term_string}"},"query-input":{"@type":"PropertyValueSpecification","valueRequired":true,"valueName":"search_term_string"}}],"inLanguage":"pl-PL"},{"@type":"Person","@id":"https:\/\/hotnewsinworld.com\/pl\/#\/schema\/person\/fe61448b21c0d59086e75fcc1f9d8f6b","name":"hotnewsinworld","image":{"@type":"ImageObject","inLanguage":"pl-PL","@id":"https:\/\/secure.gravatar.com\/avatar\/8a09ac165600ce2e1c38fe593c63928eb1e6e7ba5c5a907d67787c41b3d00c14?s=96&d=mm&r=g","url":"https:\/\/secure.gravatar.com\/avatar\/8a09ac165600ce2e1c38fe593c63928eb1e6e7ba5c5a907d67787c41b3d00c14?s=96&d=mm&r=g","contentUrl":"https:\/\/secure.gravatar.com\/avatar\/8a09ac165600ce2e1c38fe593c63928eb1e6e7ba5c5a907d67787c41b3d00c14?s=96&d=mm&r=g","caption":"hotnewsinworld"},"url":"https:\/\/hotnewsinworld.com\/pl\/author\/pt\/"}]}},"_links":{"self":[{"href":"https:\/\/hotnewsinworld.com\/pl\/wp-json\/wp\/v2\/posts\/1613","targetHints":{"allow":["GET"]}}],"collection":[{"href":"https:\/\/hotnewsinworld.com\/pl\/wp-json\/wp\/v2\/posts"}],"about":[{"href":"https:\/\/hotnewsinworld.com\/pl\/wp-json\/wp\/v2\/types\/post"}],"author":[{"embeddable":true,"href":"https:\/\/hotnewsinworld.com\/pl\/wp-json\/wp\/v2\/users\/2"}],"replies":[{"embeddable":true,"href":"https:\/\/hotnewsinworld.com\/pl\/wp-json\/wp\/v2\/comments?post=1613"}],"version-history":[{"count":1,"href":"https:\/\/hotnewsinworld.com\/pl\/wp-json\/wp\/v2\/posts\/1613\/revisions"}],"predecessor-version":[{"id":1615,"href":"https:\/\/hotnewsinworld.com\/pl\/wp-json\/wp\/v2\/posts\/1613\/revisions\/1615"}],"wp:featuredmedia":[{"embeddable":true,"href":"https:\/\/hotnewsinworld.com\/pl\/wp-json\/wp\/v2\/media\/1614"}],"wp:attachment":[{"href":"https:\/\/hotnewsinworld.com\/pl\/wp-json\/wp\/v2\/media?parent=1613"}],"wp:term":[{"taxonomy":"category","embeddable":true,"href":"https:\/\/hotnewsinworld.com\/pl\/wp-json\/wp\/v2\/categories?post=1613"},{"taxonomy":"post_tag","embeddable":true,"href":"https:\/\/hotnewsinworld.com\/pl\/wp-json\/wp\/v2\/tags?post=1613"}],"curies":[{"name":"wp","href":"https:\/\/api.w.org\/{rel}","templated":true}]}}