{"id":1628,"date":"2019-08-23T17:19:40","date_gmt":"2019-08-23T14:19:40","guid":{"rendered":"https:\/\/hotnewsinworld.com\/pl\/tomasz-tomczyk-odchodzi-z-funkcji-prezesa-k2\/"},"modified":"2020-03-04T15:33:10","modified_gmt":"2020-03-04T12:33:10","slug":"tomasz-tomczyk-odchodzi-z-funkcji-prezesa-k2","status":"publish","type":"post","link":"https:\/\/hotnewsinworld.com\/pl\/tomasz-tomczyk-odchodzi-z-funkcji-prezesa-k2\/","title":{"rendered":"Tomasz Tomczyk odchodzi z funkcji prezesa K2"},"content":{"rendered":"<p>W komunikacie gie\u0142dowym K2 poinformowano, \u017ce Tomasz Tomczyk <strong>zrezygnowa\u0142 z funkcji prezesa sp\u00f3\u0142ki z powod\u00f3w osobistych. Ze stanowiska odejdzie 30 sierpnia.<\/strong><\/p>\n<p>K2 zaznaczy\u0142o, \u017ce <strong>w zwi\u0105zku z rezygnacj\u0105 Tomczyka nie nast\u0105pi\u0105 \u017cadne inne zmiany w zarz\u0105dzie firmy ani w strategii jej rozwoju.<\/strong><\/p>\n<p><strong>Do pe\u0142nienia obowi\u0105zk\u00f3w prezesa na trzy miesi\u0105ce zosta\u0142 oddelegowany Janusz Przemys\u0142aw \u017bebrowski, <\/strong>wiceprzewodnicz\u0105cy rady nadzorczej i jeden z g\u0142\u00f3wnych akcjonariuszy K2. \u017bebrowski to za\u0142o\u017cyciel firmy, w latach 2000-2003 by\u0142 jej wiceprezesem, a potem przez 10 lat prezesem. Obecnie jest te\u017c zaanga\u017cowany w inne projekty biznesowe: producenta lekkich rower\u00f3w miejskich Antymateria i warszawsk\u0105 przestrze\u0144 co-workingow\u0105 Werksztat, jest prezesem sp\u00f3\u0142ki Moko Idea.<\/p>\n<p>W zarz\u0105dzie K2 jako wiceprezesi s\u0105 \u0141ukasz Lewandowski i Rafa\u0142 Ciszewski, obaj pe\u0142ni\u0105 te funkcje od pocz\u0105tku 2013 roku.<\/p>\n<p><span style=\"font-size:20px;\"><strong>Tomczyk prezesem K2 przez 6 lat<\/strong><\/span><\/p>\n<p>Tomczyk Tomczyk by\u0142 zwi\u0105zany z K2 od startu firmy dwie dekady temu. Pe\u0142ni\u0142 w niej r\u00f3\u017cne funkcje zarz\u0105dcze, m.in. dyrektora agencji K2. Prezesem zosta\u0142 w listopadzie 2013 roku.<\/p>\n<p>&#8211; Tomek rozwija\u0142 biznes agencyjny od skali mikro a\u017c do poziomu najwi\u0119kszej niezale\u017cnej agencji interaktywnej w Polsce. Przez ostatnich niespe\u0142na 6 lat dba\u0142 tak\u017ce o pozosta\u0142e nasze sp\u00f3\u0142ki. Jeste\u015bmy mu bardzo wdzi\u0119czni za wszystkie te lata ci\u0119\u017ckiej pracy i na pewno nie b\u0119dzie nam \u0142atwo znale\u017a\u0107 kogo\u015b podobnego na jego zast\u0119pstwo &#8211; podkre\u015bla Janusz Przemys\u0142aw \u017bebrowski.<\/p>\n<p>Do grupy kapita\u0142owej K2 opr\u00f3cz agencji K2 nale\u017c\u0105 sp\u00f3\u0142ki K2 Precise, Oktawave i Fabrity. Firma w pierwszym kwartale br. zanotowa\u0142a 27,7 mln z\u0142 przychod\u00f3w sprzeda\u017cowych (10,4 proc. wi\u0119cej ni\u017c rok wcze\u015bniej) i 257 tys. z\u0142 straty netto (wobec 105 tys. z\u0142 zysku netto przed rokiem).<\/p>\n<p>W lipcu br. wyp\u0142aci\u0142a z zesz\u0142orocznego zysku 2,14 mln z\u0142 dywidendy, po 50 groszy na akcj\u0119. Jednocze\u015bnie do rady nadzorczej sp\u00f3\u0142ki powo\u0142ano Macieja Klepackiego, cz\u0142onka zarz\u0105du Edipresse Polska.<\/p>\n<p>Na warszawskiej gie\u0142dzie K2 jest notowana od kwietnia 2008 roku. G\u0142\u00f3wnymi akcjonariuszami firmy s\u0105 AGS A\/S (ma akcje stanowi\u0105ce 16,84 proc. kapita\u0142u) i jej Janusz Przemys\u0142aw \u017bebrowski (16,47 proc.).<\/p>\n<p>W czwartek na koniec sesji gie\u0142dowej za akcj\u0119 K2 p\u0142acono 8,75 z\u0142. Przy taki kursie kapitalizacja firmy to 21,74 mln z\u0142.<\/p>\n<p><\/p>\n<p><a href=\"https:\/\/www.wirtualnemedia.pl\/artykul\/tomasz-tomczyk-odchodzi-z-funkcji-prezesa-k2\">Source link <\/a><\/p>\n","protected":false},"excerpt":{"rendered":"<p>W komunikacie gie\u0142dowym K2 poinformowano, \u017ce Tomasz Tomczyk zrezygnowa\u0142 z funkcji prezesa sp\u00f3\u0142ki z powod\u00f3w osobistych. Ze stanowiska odejdzie 30 sierpnia. K2 zaznaczy\u0142o, \u017ce w zwi\u0105zku z rezygnacj\u0105 Tomczyka nie nast\u0105pi\u0105 \u017cadne inne zmiany w zarz\u0105dzie firmy ani w strategii jej rozwoju. Do pe\u0142nienia obowi\u0105zk\u00f3w prezesa na trzy miesi\u0105ce zosta\u0142 oddelegowany Janusz Przemys\u0142aw \u017bebrowski, wiceprzewodnicz\u0105cy [&hellip;]<\/p>\n","protected":false},"author":2,"featured_media":1629,"comment_status":"open","ping_status":"open","sticky":false,"template":"","format":"standard","meta":{"footnotes":""},"categories":[3],"tags":[],"class_list":["post-1628","post","type-post","status-publish","format-standard","has-post-thumbnail","hentry","category-wiadomosci-medialne-spoleczne"],"yoast_head":"<!-- This site is optimized with the Yoast SEO plugin v27.4 - https:\/\/yoast.com\/product\/yoast-seo-wordpress\/ -->\n<title>Tomasz Tomczyk odchodzi z funkcji prezesa K2 - Hot News in World<\/title>\n<meta name=\"robots\" content=\"index, follow, max-snippet:-1, max-image-preview:large, max-video-preview:-1\" \/>\n<link rel=\"canonical\" href=\"https:\/\/hotnewsinworld.com\/pl\/tomasz-tomczyk-odchodzi-z-funkcji-prezesa-k2\/\" \/>\n<meta property=\"og:locale\" content=\"pl_PL\" \/>\n<meta property=\"og:type\" content=\"article\" \/>\n<meta property=\"og:title\" content=\"Tomasz Tomczyk odchodzi z funkcji prezesa K2 - Hot News in World\" \/>\n<meta property=\"og:description\" content=\"W komunikacie gie\u0142dowym K2 poinformowano, \u017ce Tomasz Tomczyk zrezygnowa\u0142 z funkcji prezesa sp\u00f3\u0142ki z powod\u00f3w osobistych. Ze stanowiska odejdzie 30 sierpnia. K2 zaznaczy\u0142o, \u017ce w zwi\u0105zku z rezygnacj\u0105 Tomczyka nie nast\u0105pi\u0105 \u017cadne inne zmiany w zarz\u0105dzie firmy ani w strategii jej rozwoju. Do pe\u0142nienia obowi\u0105zk\u00f3w prezesa na trzy miesi\u0105ce zosta\u0142 oddelegowany Janusz Przemys\u0142aw \u017bebrowski, wiceprzewodnicz\u0105cy [&hellip;]\" \/>\n<meta property=\"og:url\" content=\"https:\/\/hotnewsinworld.com\/pl\/tomasz-tomczyk-odchodzi-z-funkcji-prezesa-k2\/\" \/>\n<meta property=\"og:site_name\" content=\"Hot News in World\" \/>\n<meta property=\"article:published_time\" content=\"2019-08-23T14:19:40+00:00\" \/>\n<meta property=\"article:modified_time\" content=\"2020-03-04T12:33:10+00:00\" \/>\n<meta property=\"og:image\" content=\"https:\/\/hotnewsinworld.com\/pl\/wp-content\/uploads\/sites\/6\/2019\/08\/Tomasz-Tomczyk-odchodzi-z-funkcji-prezesa-K2.png\" \/>\n\t<meta property=\"og:image:width\" content=\"960\" \/>\n\t<meta property=\"og:image:height\" content=\"297\" \/>\n\t<meta property=\"og:image:type\" content=\"image\/png\" \/>\n<meta name=\"author\" content=\"hotnewsinworld\" \/>\n<meta name=\"twitter:card\" content=\"summary_large_image\" \/>\n<meta name=\"twitter:label1\" content=\"Napisane przez\" \/>\n\t<meta name=\"twitter:data1\" content=\"hotnewsinworld\" \/>\n\t<meta name=\"twitter:label2\" content=\"Szacowany czas czytania\" \/>\n\t<meta name=\"twitter:data2\" content=\"2 minuty\" \/>\n<script type=\"application\/ld+json\" class=\"yoast-schema-graph\">{\"@context\":\"https:\\\/\\\/schema.org\",\"@graph\":[{\"@type\":\"Article\",\"@id\":\"https:\\\/\\\/hotnewsinworld.com\\\/pl\\\/tomasz-tomczyk-odchodzi-z-funkcji-prezesa-k2\\\/#article\",\"isPartOf\":{\"@id\":\"https:\\\/\\\/hotnewsinworld.com\\\/pl\\\/tomasz-tomczyk-odchodzi-z-funkcji-prezesa-k2\\\/\"},\"author\":{\"name\":\"hotnewsinworld\",\"@id\":\"https:\\\/\\\/hotnewsinworld.com\\\/pl\\\/#\\\/schema\\\/person\\\/fe61448b21c0d59086e75fcc1f9d8f6b\"},\"headline\":\"Tomasz Tomczyk odchodzi z funkcji prezesa K2\",\"datePublished\":\"2019-08-23T14:19:40+00:00\",\"dateModified\":\"2020-03-04T12:33:10+00:00\",\"mainEntityOfPage\":{\"@id\":\"https:\\\/\\\/hotnewsinworld.com\\\/pl\\\/tomasz-tomczyk-odchodzi-z-funkcji-prezesa-k2\\\/\"},\"wordCount\":390,\"commentCount\":0,\"image\":{\"@id\":\"https:\\\/\\\/hotnewsinworld.com\\\/pl\\\/tomasz-tomczyk-odchodzi-z-funkcji-prezesa-k2\\\/#primaryimage\"},\"thumbnailUrl\":\"https:\\\/\\\/hotnewsinworld.com\\\/pl\\\/wp-content\\\/uploads\\\/sites\\\/6\\\/2019\\\/08\\\/Tomasz-Tomczyk-odchodzi-z-funkcji-prezesa-K2.png\",\"articleSection\":[\"WIADOMO\u015aCI MEDIALNE SPO\u0141ECZNE\"],\"inLanguage\":\"pl-PL\",\"potentialAction\":[{\"@type\":\"CommentAction\",\"name\":\"Comment\",\"target\":[\"https:\\\/\\\/hotnewsinworld.com\\\/pl\\\/tomasz-tomczyk-odchodzi-z-funkcji-prezesa-k2\\\/#respond\"]}]},{\"@type\":\"WebPage\",\"@id\":\"https:\\\/\\\/hotnewsinworld.com\\\/pl\\\/tomasz-tomczyk-odchodzi-z-funkcji-prezesa-k2\\\/\",\"url\":\"https:\\\/\\\/hotnewsinworld.com\\\/pl\\\/tomasz-tomczyk-odchodzi-z-funkcji-prezesa-k2\\\/\",\"name\":\"Tomasz Tomczyk odchodzi z funkcji prezesa K2 - Hot News in World\",\"isPartOf\":{\"@id\":\"https:\\\/\\\/hotnewsinworld.com\\\/pl\\\/#website\"},\"primaryImageOfPage\":{\"@id\":\"https:\\\/\\\/hotnewsinworld.com\\\/pl\\\/tomasz-tomczyk-odchodzi-z-funkcji-prezesa-k2\\\/#primaryimage\"},\"image\":{\"@id\":\"https:\\\/\\\/hotnewsinworld.com\\\/pl\\\/tomasz-tomczyk-odchodzi-z-funkcji-prezesa-k2\\\/#primaryimage\"},\"thumbnailUrl\":\"https:\\\/\\\/hotnewsinworld.com\\\/pl\\\/wp-content\\\/uploads\\\/sites\\\/6\\\/2019\\\/08\\\/Tomasz-Tomczyk-odchodzi-z-funkcji-prezesa-K2.png\",\"datePublished\":\"2019-08-23T14:19:40+00:00\",\"dateModified\":\"2020-03-04T12:33:10+00:00\",\"author\":{\"@id\":\"https:\\\/\\\/hotnewsinworld.com\\\/pl\\\/#\\\/schema\\\/person\\\/fe61448b21c0d59086e75fcc1f9d8f6b\"},\"breadcrumb\":{\"@id\":\"https:\\\/\\\/hotnewsinworld.com\\\/pl\\\/tomasz-tomczyk-odchodzi-z-funkcji-prezesa-k2\\\/#breadcrumb\"},\"inLanguage\":\"pl-PL\",\"potentialAction\":[{\"@type\":\"ReadAction\",\"target\":[\"https:\\\/\\\/hotnewsinworld.com\\\/pl\\\/tomasz-tomczyk-odchodzi-z-funkcji-prezesa-k2\\\/\"]}]},{\"@type\":\"ImageObject\",\"inLanguage\":\"pl-PL\",\"@id\":\"https:\\\/\\\/hotnewsinworld.com\\\/pl\\\/tomasz-tomczyk-odchodzi-z-funkcji-prezesa-k2\\\/#primaryimage\",\"url\":\"https:\\\/\\\/hotnewsinworld.com\\\/pl\\\/wp-content\\\/uploads\\\/sites\\\/6\\\/2019\\\/08\\\/Tomasz-Tomczyk-odchodzi-z-funkcji-prezesa-K2.png\",\"contentUrl\":\"https:\\\/\\\/hotnewsinworld.com\\\/pl\\\/wp-content\\\/uploads\\\/sites\\\/6\\\/2019\\\/08\\\/Tomasz-Tomczyk-odchodzi-z-funkcji-prezesa-K2.png\",\"width\":960,\"height\":297,\"caption\":\"Tomasz Tomczyk odchodzi z funkcji prezesa K2\"},{\"@type\":\"BreadcrumbList\",\"@id\":\"https:\\\/\\\/hotnewsinworld.com\\\/pl\\\/tomasz-tomczyk-odchodzi-z-funkcji-prezesa-k2\\\/#breadcrumb\",\"itemListElement\":[{\"@type\":\"ListItem\",\"position\":1,\"name\":\"\u0413\u043b\u0430\u0432\u043d\u0430\u044f \u0441\u0442\u0440\u0430\u043d\u0438\u0446\u0430\",\"item\":\"https:\\\/\\\/hotnewsinworld.com\\\/pl\\\/\"},{\"@type\":\"ListItem\",\"position\":2,\"name\":\"Tomasz Tomczyk odchodzi z funkcji prezesa K2\"}]},{\"@type\":\"WebSite\",\"@id\":\"https:\\\/\\\/hotnewsinworld.com\\\/pl\\\/#website\",\"url\":\"https:\\\/\\\/hotnewsinworld.com\\\/pl\\\/\",\"name\":\"Hot News in World\",\"description\":\"Hot News in World Polska\",\"potentialAction\":[{\"@type\":\"SearchAction\",\"target\":{\"@type\":\"EntryPoint\",\"urlTemplate\":\"https:\\\/\\\/hotnewsinworld.com\\\/pl\\\/?s={search_term_string}\"},\"query-input\":{\"@type\":\"PropertyValueSpecification\",\"valueRequired\":true,\"valueName\":\"search_term_string\"}}],\"inLanguage\":\"pl-PL\"},{\"@type\":\"Person\",\"@id\":\"https:\\\/\\\/hotnewsinworld.com\\\/pl\\\/#\\\/schema\\\/person\\\/fe61448b21c0d59086e75fcc1f9d8f6b\",\"name\":\"hotnewsinworld\",\"image\":{\"@type\":\"ImageObject\",\"inLanguage\":\"pl-PL\",\"@id\":\"https:\\\/\\\/secure.gravatar.com\\\/avatar\\\/8a09ac165600ce2e1c38fe593c63928eb1e6e7ba5c5a907d67787c41b3d00c14?s=96&d=mm&r=g\",\"url\":\"https:\\\/\\\/secure.gravatar.com\\\/avatar\\\/8a09ac165600ce2e1c38fe593c63928eb1e6e7ba5c5a907d67787c41b3d00c14?s=96&d=mm&r=g\",\"contentUrl\":\"https:\\\/\\\/secure.gravatar.com\\\/avatar\\\/8a09ac165600ce2e1c38fe593c63928eb1e6e7ba5c5a907d67787c41b3d00c14?s=96&d=mm&r=g\",\"caption\":\"hotnewsinworld\"},\"url\":\"https:\\\/\\\/hotnewsinworld.com\\\/pl\\\/author\\\/pt\\\/\"}]}<\/script>\n<!-- \/ Yoast SEO plugin. -->","yoast_head_json":{"title":"Tomasz Tomczyk odchodzi z funkcji prezesa K2 - Hot News in World","robots":{"index":"index","follow":"follow","max-snippet":"max-snippet:-1","max-image-preview":"max-image-preview:large","max-video-preview":"max-video-preview:-1"},"canonical":"https:\/\/hotnewsinworld.com\/pl\/tomasz-tomczyk-odchodzi-z-funkcji-prezesa-k2\/","og_locale":"pl_PL","og_type":"article","og_title":"Tomasz Tomczyk odchodzi z funkcji prezesa K2 - Hot News in World","og_description":"W komunikacie gie\u0142dowym K2 poinformowano, \u017ce Tomasz Tomczyk zrezygnowa\u0142 z funkcji prezesa sp\u00f3\u0142ki z powod\u00f3w osobistych. Ze stanowiska odejdzie 30 sierpnia. K2 zaznaczy\u0142o, \u017ce w zwi\u0105zku z rezygnacj\u0105 Tomczyka nie nast\u0105pi\u0105 \u017cadne inne zmiany w zarz\u0105dzie firmy ani w strategii jej rozwoju. Do pe\u0142nienia obowi\u0105zk\u00f3w prezesa na trzy miesi\u0105ce zosta\u0142 oddelegowany Janusz Przemys\u0142aw \u017bebrowski, wiceprzewodnicz\u0105cy [&hellip;]","og_url":"https:\/\/hotnewsinworld.com\/pl\/tomasz-tomczyk-odchodzi-z-funkcji-prezesa-k2\/","og_site_name":"Hot News in World","article_published_time":"2019-08-23T14:19:40+00:00","article_modified_time":"2020-03-04T12:33:10+00:00","og_image":[{"width":960,"height":297,"url":"https:\/\/hotnewsinworld.com\/pl\/wp-content\/uploads\/sites\/6\/2019\/08\/Tomasz-Tomczyk-odchodzi-z-funkcji-prezesa-K2.png","type":"image\/png"}],"author":"hotnewsinworld","twitter_card":"summary_large_image","twitter_misc":{"Napisane przez":"hotnewsinworld","Szacowany czas czytania":"2 minuty"},"schema":{"@context":"https:\/\/schema.org","@graph":[{"@type":"Article","@id":"https:\/\/hotnewsinworld.com\/pl\/tomasz-tomczyk-odchodzi-z-funkcji-prezesa-k2\/#article","isPartOf":{"@id":"https:\/\/hotnewsinworld.com\/pl\/tomasz-tomczyk-odchodzi-z-funkcji-prezesa-k2\/"},"author":{"name":"hotnewsinworld","@id":"https:\/\/hotnewsinworld.com\/pl\/#\/schema\/person\/fe61448b21c0d59086e75fcc1f9d8f6b"},"headline":"Tomasz Tomczyk odchodzi z funkcji prezesa K2","datePublished":"2019-08-23T14:19:40+00:00","dateModified":"2020-03-04T12:33:10+00:00","mainEntityOfPage":{"@id":"https:\/\/hotnewsinworld.com\/pl\/tomasz-tomczyk-odchodzi-z-funkcji-prezesa-k2\/"},"wordCount":390,"commentCount":0,"image":{"@id":"https:\/\/hotnewsinworld.com\/pl\/tomasz-tomczyk-odchodzi-z-funkcji-prezesa-k2\/#primaryimage"},"thumbnailUrl":"https:\/\/hotnewsinworld.com\/pl\/wp-content\/uploads\/sites\/6\/2019\/08\/Tomasz-Tomczyk-odchodzi-z-funkcji-prezesa-K2.png","articleSection":["WIADOMO\u015aCI MEDIALNE SPO\u0141ECZNE"],"inLanguage":"pl-PL","potentialAction":[{"@type":"CommentAction","name":"Comment","target":["https:\/\/hotnewsinworld.com\/pl\/tomasz-tomczyk-odchodzi-z-funkcji-prezesa-k2\/#respond"]}]},{"@type":"WebPage","@id":"https:\/\/hotnewsinworld.com\/pl\/tomasz-tomczyk-odchodzi-z-funkcji-prezesa-k2\/","url":"https:\/\/hotnewsinworld.com\/pl\/tomasz-tomczyk-odchodzi-z-funkcji-prezesa-k2\/","name":"Tomasz Tomczyk odchodzi z funkcji prezesa K2 - Hot News in World","isPartOf":{"@id":"https:\/\/hotnewsinworld.com\/pl\/#website"},"primaryImageOfPage":{"@id":"https:\/\/hotnewsinworld.com\/pl\/tomasz-tomczyk-odchodzi-z-funkcji-prezesa-k2\/#primaryimage"},"image":{"@id":"https:\/\/hotnewsinworld.com\/pl\/tomasz-tomczyk-odchodzi-z-funkcji-prezesa-k2\/#primaryimage"},"thumbnailUrl":"https:\/\/hotnewsinworld.com\/pl\/wp-content\/uploads\/sites\/6\/2019\/08\/Tomasz-Tomczyk-odchodzi-z-funkcji-prezesa-K2.png","datePublished":"2019-08-23T14:19:40+00:00","dateModified":"2020-03-04T12:33:10+00:00","author":{"@id":"https:\/\/hotnewsinworld.com\/pl\/#\/schema\/person\/fe61448b21c0d59086e75fcc1f9d8f6b"},"breadcrumb":{"@id":"https:\/\/hotnewsinworld.com\/pl\/tomasz-tomczyk-odchodzi-z-funkcji-prezesa-k2\/#breadcrumb"},"inLanguage":"pl-PL","potentialAction":[{"@type":"ReadAction","target":["https:\/\/hotnewsinworld.com\/pl\/tomasz-tomczyk-odchodzi-z-funkcji-prezesa-k2\/"]}]},{"@type":"ImageObject","inLanguage":"pl-PL","@id":"https:\/\/hotnewsinworld.com\/pl\/tomasz-tomczyk-odchodzi-z-funkcji-prezesa-k2\/#primaryimage","url":"https:\/\/hotnewsinworld.com\/pl\/wp-content\/uploads\/sites\/6\/2019\/08\/Tomasz-Tomczyk-odchodzi-z-funkcji-prezesa-K2.png","contentUrl":"https:\/\/hotnewsinworld.com\/pl\/wp-content\/uploads\/sites\/6\/2019\/08\/Tomasz-Tomczyk-odchodzi-z-funkcji-prezesa-K2.png","width":960,"height":297,"caption":"Tomasz Tomczyk odchodzi z funkcji prezesa K2"},{"@type":"BreadcrumbList","@id":"https:\/\/hotnewsinworld.com\/pl\/tomasz-tomczyk-odchodzi-z-funkcji-prezesa-k2\/#breadcrumb","itemListElement":[{"@type":"ListItem","position":1,"name":"\u0413\u043b\u0430\u0432\u043d\u0430\u044f \u0441\u0442\u0440\u0430\u043d\u0438\u0446\u0430","item":"https:\/\/hotnewsinworld.com\/pl\/"},{"@type":"ListItem","position":2,"name":"Tomasz Tomczyk odchodzi z funkcji prezesa K2"}]},{"@type":"WebSite","@id":"https:\/\/hotnewsinworld.com\/pl\/#website","url":"https:\/\/hotnewsinworld.com\/pl\/","name":"Hot News in World","description":"Hot News in World Polska","potentialAction":[{"@type":"SearchAction","target":{"@type":"EntryPoint","urlTemplate":"https:\/\/hotnewsinworld.com\/pl\/?s={search_term_string}"},"query-input":{"@type":"PropertyValueSpecification","valueRequired":true,"valueName":"search_term_string"}}],"inLanguage":"pl-PL"},{"@type":"Person","@id":"https:\/\/hotnewsinworld.com\/pl\/#\/schema\/person\/fe61448b21c0d59086e75fcc1f9d8f6b","name":"hotnewsinworld","image":{"@type":"ImageObject","inLanguage":"pl-PL","@id":"https:\/\/secure.gravatar.com\/avatar\/8a09ac165600ce2e1c38fe593c63928eb1e6e7ba5c5a907d67787c41b3d00c14?s=96&d=mm&r=g","url":"https:\/\/secure.gravatar.com\/avatar\/8a09ac165600ce2e1c38fe593c63928eb1e6e7ba5c5a907d67787c41b3d00c14?s=96&d=mm&r=g","contentUrl":"https:\/\/secure.gravatar.com\/avatar\/8a09ac165600ce2e1c38fe593c63928eb1e6e7ba5c5a907d67787c41b3d00c14?s=96&d=mm&r=g","caption":"hotnewsinworld"},"url":"https:\/\/hotnewsinworld.com\/pl\/author\/pt\/"}]}},"_links":{"self":[{"href":"https:\/\/hotnewsinworld.com\/pl\/wp-json\/wp\/v2\/posts\/1628","targetHints":{"allow":["GET"]}}],"collection":[{"href":"https:\/\/hotnewsinworld.com\/pl\/wp-json\/wp\/v2\/posts"}],"about":[{"href":"https:\/\/hotnewsinworld.com\/pl\/wp-json\/wp\/v2\/types\/post"}],"author":[{"embeddable":true,"href":"https:\/\/hotnewsinworld.com\/pl\/wp-json\/wp\/v2\/users\/2"}],"replies":[{"embeddable":true,"href":"https:\/\/hotnewsinworld.com\/pl\/wp-json\/wp\/v2\/comments?post=1628"}],"version-history":[{"count":2,"href":"https:\/\/hotnewsinworld.com\/pl\/wp-json\/wp\/v2\/posts\/1628\/revisions"}],"predecessor-version":[{"id":2990,"href":"https:\/\/hotnewsinworld.com\/pl\/wp-json\/wp\/v2\/posts\/1628\/revisions\/2990"}],"wp:featuredmedia":[{"embeddable":true,"href":"https:\/\/hotnewsinworld.com\/pl\/wp-json\/wp\/v2\/media\/1629"}],"wp:attachment":[{"href":"https:\/\/hotnewsinworld.com\/pl\/wp-json\/wp\/v2\/media?parent=1628"}],"wp:term":[{"taxonomy":"category","embeddable":true,"href":"https:\/\/hotnewsinworld.com\/pl\/wp-json\/wp\/v2\/categories?post=1628"},{"taxonomy":"post_tag","embeddable":true,"href":"https:\/\/hotnewsinworld.com\/pl\/wp-json\/wp\/v2\/tags?post=1628"}],"curies":[{"name":"wp","href":"https:\/\/api.w.org\/{rel}","templated":true}]}}