{"id":3697,"date":"2020-11-12T01:12:45","date_gmt":"2020-11-11T22:12:45","guid":{"rendered":"https:\/\/hotnewsinworld.com\/pl\/europejska-placa-minimalna-w-jaki-sposob-wplynie-na-rynek-pracownika\/"},"modified":"2020-11-12T01:12:49","modified_gmt":"2020-11-11T22:12:49","slug":"europejska-placa-minimalna-w-jaki-sposob-wplynie-na-rynek-pracownika","status":"publish","type":"post","link":"https:\/\/hotnewsinworld.com\/pl\/europejska-placa-minimalna-w-jaki-sposob-wplynie-na-rynek-pracownika\/","title":{"rendered":"Europejska p\u0142aca minimalna.W jaki spos\u00f3b wp\u0142ynie na rynek pracownika?"},"content":{"rendered":"<p>Europejska p\u0142aca minimalna. Prace w KE trwaj\u0105Europejska p\u0142aca minimalna to wg KE ma wprowadzi\u0107 sprawiedliwe wynagradzanie pracownik\u00f3w w UE, kt\u00f3re umo\u017cliwi godne \u017cycie wszystkim jej mieszka\u0144com niezale\u017cnie od miejsca zatrudnienia &#8211; tak o projekcie Komisji Europejskiej m\u00f3wi\u0142a jej przewodnicz\u0105ca Ursula von der Leyen.Nawet 10 tys. z\u0142 za jeden dzie\u0144 pracy. Tyle zarabiaj\u0105 najlepsi \u015blubni fotografowieEuropejska p\u0142aca minimalna budzi jednak kontrowersje w\u015br\u00f3d polskich przedsi\u0119biorc\u00f3w, kt\u00f3rzy sprzeciwiaj\u0105 si\u0119 proponowanemu rozwi\u0105zaniu. Brak zgody mi\u0119dzy Uni\u0105 Europejsk\u0105 a polskimi przedsi\u0119biorcami co do europejskiej p\u0142acy minimalnej dotyczy kwestii m.in. wykorzystania do regulowania p\u0142acy minimalnej na poziomie UE instrumentu prawnego, jakim jest dyrektywa, wi\u0105\u017c\u0105ca pa\u0144stwa cz\u0142onkowskie.Wed\u0142ug danych Eurostatu Polska z pensj\u0105 minimaln\u0105 na poziomie 611 euro znajduje si\u0119 w \u015brodku europejskiej stawki. Dla por\u00f3wnania, w Czechach wynosi ona 575 euro, a na W\u0119grzech 487 euro.Europejska p\u0142aca minimalna ma wg UE zapewni\u0107 jednolite standardy ustalania p\u0142acy minimalnej w unijnych krajach budzi wiele w\u0105tpliwo\u015bci &#8211; uwa\u017ca Konfederacja Lewiatan.Polscy pracodawcy s\u0105 zdania, \u017ce ew. ingerencja ustawodawcy unijnego w rozwi\u0105zania przyjmowane w poszczeg\u00f3lnych krajach ograniczy autonomi\u0119 partner\u00f3w spo\u0142ecznych ws. gospodarki.<br \/>\n<br \/>\n<!--noindex--><br \/>\n<a href=\"https:\/\/finanse.wp.pl\/europejska-placa-minimalna-w-jaki-sposob-wplynie-na-rynek-pracownika-6574163686935424a\" rel=\"nofollow\">Source link <\/a><br \/>\n<!--\/noindex--><\/p>\n","protected":false},"excerpt":{"rendered":"<p>Europejska p\u0142aca minimalna. Prace w KE trwaj\u0105Europejska p\u0142aca minimalna to wg KE ma wprowadzi\u0107 sprawiedliwe wynagradzanie pracownik\u00f3w w UE, kt\u00f3re umo\u017cliwi godne \u017cycie wszystkim jej mieszka\u0144com niezale\u017cnie od miejsca zatrudnienia &#8211; tak o projekcie Komisji Europejskiej m\u00f3wi\u0142a jej przewodnicz\u0105ca Ursula von der Leyen.Nawet 10 tys. z\u0142 za jeden dzie\u0144 pracy. Tyle zarabiaj\u0105 najlepsi \u015blubni fotografowieEuropejska [&hellip;]<\/p>\n","protected":false},"author":2,"featured_media":3698,"comment_status":"open","ping_status":"open","sticky":false,"template":"","format":"standard","meta":{"footnotes":""},"categories":[1],"tags":[],"class_list":["post-3697","post","type-post","status-publish","format-standard","has-post-thumbnail","hentry","category-najnowsze-wiadomosci-finansowe"],"yoast_head":"<!-- This site is optimized with the Yoast SEO plugin v27.4 - https:\/\/yoast.com\/product\/yoast-seo-wordpress\/ -->\n<title>Europejska p\u0142aca minimalna.W jaki spos\u00f3b wp\u0142ynie na rynek pracownika? - Hot News in World<\/title>\n<meta name=\"robots\" content=\"index, follow, max-snippet:-1, max-image-preview:large, max-video-preview:-1\" \/>\n<link rel=\"canonical\" href=\"https:\/\/hotnewsinworld.com\/pl\/europejska-placa-minimalna-w-jaki-sposob-wplynie-na-rynek-pracownika\/\" \/>\n<meta property=\"og:locale\" content=\"pl_PL\" \/>\n<meta property=\"og:type\" content=\"article\" \/>\n<meta property=\"og:title\" content=\"Europejska p\u0142aca minimalna.W jaki spos\u00f3b wp\u0142ynie na rynek pracownika? - Hot News in World\" \/>\n<meta property=\"og:description\" content=\"Europejska p\u0142aca minimalna. Prace w KE trwaj\u0105Europejska p\u0142aca minimalna to wg KE ma wprowadzi\u0107 sprawiedliwe wynagradzanie pracownik\u00f3w w UE, kt\u00f3re umo\u017cliwi godne \u017cycie wszystkim jej mieszka\u0144com niezale\u017cnie od miejsca zatrudnienia &#8211; tak o projekcie Komisji Europejskiej m\u00f3wi\u0142a jej przewodnicz\u0105ca Ursula von der Leyen.Nawet 10 tys. z\u0142 za jeden dzie\u0144 pracy. Tyle zarabiaj\u0105 najlepsi \u015blubni fotografowieEuropejska [&hellip;]\" \/>\n<meta property=\"og:url\" content=\"https:\/\/hotnewsinworld.com\/pl\/europejska-placa-minimalna-w-jaki-sposob-wplynie-na-rynek-pracownika\/\" \/>\n<meta property=\"og:site_name\" content=\"Hot News in World\" \/>\n<meta property=\"article:published_time\" content=\"2020-11-11T22:12:45+00:00\" \/>\n<meta property=\"article:modified_time\" content=\"2020-11-11T22:12:49+00:00\" \/>\n<meta property=\"og:image\" content=\"https:\/\/hotnewsinworld.com\/pl\/wp-content\/uploads\/sites\/6\/2020\/11\/Europejska-placa-minimalnaW-jaki-sposob-wplynie-na-rynek-pracownika.jpeg\" \/>\n\t<meta property=\"og:image:width\" content=\"1620\" \/>\n\t<meta property=\"og:image:height\" content=\"1080\" \/>\n\t<meta property=\"og:image:type\" content=\"image\/jpeg\" \/>\n<meta name=\"author\" content=\"hotnewsinworld\" \/>\n<meta name=\"twitter:card\" content=\"summary_large_image\" \/>\n<meta name=\"twitter:label1\" content=\"Napisane przez\" \/>\n\t<meta name=\"twitter:data1\" content=\"hotnewsinworld\" \/>\n\t<meta name=\"twitter:label2\" content=\"Szacowany czas czytania\" \/>\n\t<meta name=\"twitter:data2\" content=\"1 minuta\" \/>\n<script type=\"application\/ld+json\" class=\"yoast-schema-graph\">{\"@context\":\"https:\\\/\\\/schema.org\",\"@graph\":[{\"@type\":\"Article\",\"@id\":\"https:\\\/\\\/hotnewsinworld.com\\\/pl\\\/europejska-placa-minimalna-w-jaki-sposob-wplynie-na-rynek-pracownika\\\/#article\",\"isPartOf\":{\"@id\":\"https:\\\/\\\/hotnewsinworld.com\\\/pl\\\/europejska-placa-minimalna-w-jaki-sposob-wplynie-na-rynek-pracownika\\\/\"},\"author\":{\"name\":\"hotnewsinworld\",\"@id\":\"https:\\\/\\\/hotnewsinworld.com\\\/pl\\\/#\\\/schema\\\/person\\\/fe61448b21c0d59086e75fcc1f9d8f6b\"},\"headline\":\"Europejska p\u0142aca minimalna.W jaki spos\u00f3b wp\u0142ynie na rynek pracownika?\",\"datePublished\":\"2020-11-11T22:12:45+00:00\",\"dateModified\":\"2020-11-11T22:12:49+00:00\",\"mainEntityOfPage\":{\"@id\":\"https:\\\/\\\/hotnewsinworld.com\\\/pl\\\/europejska-placa-minimalna-w-jaki-sposob-wplynie-na-rynek-pracownika\\\/\"},\"wordCount\":223,\"commentCount\":0,\"image\":{\"@id\":\"https:\\\/\\\/hotnewsinworld.com\\\/pl\\\/europejska-placa-minimalna-w-jaki-sposob-wplynie-na-rynek-pracownika\\\/#primaryimage\"},\"thumbnailUrl\":\"https:\\\/\\\/hotnewsinworld.com\\\/pl\\\/wp-content\\\/uploads\\\/sites\\\/6\\\/2020\\\/11\\\/Europejska-placa-minimalnaW-jaki-sposob-wplynie-na-rynek-pracownika.jpeg\",\"articleSection\":[\"NAJNOWSZE WIADOMO\u015aCI FINANSOWE\"],\"inLanguage\":\"pl-PL\",\"potentialAction\":[{\"@type\":\"CommentAction\",\"name\":\"Comment\",\"target\":[\"https:\\\/\\\/hotnewsinworld.com\\\/pl\\\/europejska-placa-minimalna-w-jaki-sposob-wplynie-na-rynek-pracownika\\\/#respond\"]}]},{\"@type\":\"WebPage\",\"@id\":\"https:\\\/\\\/hotnewsinworld.com\\\/pl\\\/europejska-placa-minimalna-w-jaki-sposob-wplynie-na-rynek-pracownika\\\/\",\"url\":\"https:\\\/\\\/hotnewsinworld.com\\\/pl\\\/europejska-placa-minimalna-w-jaki-sposob-wplynie-na-rynek-pracownika\\\/\",\"name\":\"Europejska p\u0142aca minimalna.W jaki spos\u00f3b wp\u0142ynie na rynek pracownika? - Hot News in World\",\"isPartOf\":{\"@id\":\"https:\\\/\\\/hotnewsinworld.com\\\/pl\\\/#website\"},\"primaryImageOfPage\":{\"@id\":\"https:\\\/\\\/hotnewsinworld.com\\\/pl\\\/europejska-placa-minimalna-w-jaki-sposob-wplynie-na-rynek-pracownika\\\/#primaryimage\"},\"image\":{\"@id\":\"https:\\\/\\\/hotnewsinworld.com\\\/pl\\\/europejska-placa-minimalna-w-jaki-sposob-wplynie-na-rynek-pracownika\\\/#primaryimage\"},\"thumbnailUrl\":\"https:\\\/\\\/hotnewsinworld.com\\\/pl\\\/wp-content\\\/uploads\\\/sites\\\/6\\\/2020\\\/11\\\/Europejska-placa-minimalnaW-jaki-sposob-wplynie-na-rynek-pracownika.jpeg\",\"datePublished\":\"2020-11-11T22:12:45+00:00\",\"dateModified\":\"2020-11-11T22:12:49+00:00\",\"author\":{\"@id\":\"https:\\\/\\\/hotnewsinworld.com\\\/pl\\\/#\\\/schema\\\/person\\\/fe61448b21c0d59086e75fcc1f9d8f6b\"},\"breadcrumb\":{\"@id\":\"https:\\\/\\\/hotnewsinworld.com\\\/pl\\\/europejska-placa-minimalna-w-jaki-sposob-wplynie-na-rynek-pracownika\\\/#breadcrumb\"},\"inLanguage\":\"pl-PL\",\"potentialAction\":[{\"@type\":\"ReadAction\",\"target\":[\"https:\\\/\\\/hotnewsinworld.com\\\/pl\\\/europejska-placa-minimalna-w-jaki-sposob-wplynie-na-rynek-pracownika\\\/\"]}]},{\"@type\":\"ImageObject\",\"inLanguage\":\"pl-PL\",\"@id\":\"https:\\\/\\\/hotnewsinworld.com\\\/pl\\\/europejska-placa-minimalna-w-jaki-sposob-wplynie-na-rynek-pracownika\\\/#primaryimage\",\"url\":\"https:\\\/\\\/hotnewsinworld.com\\\/pl\\\/wp-content\\\/uploads\\\/sites\\\/6\\\/2020\\\/11\\\/Europejska-placa-minimalnaW-jaki-sposob-wplynie-na-rynek-pracownika.jpeg\",\"contentUrl\":\"https:\\\/\\\/hotnewsinworld.com\\\/pl\\\/wp-content\\\/uploads\\\/sites\\\/6\\\/2020\\\/11\\\/Europejska-placa-minimalnaW-jaki-sposob-wplynie-na-rynek-pracownika.jpeg\",\"width\":1620,\"height\":1080,\"caption\":\"Europejska p\u0142aca minimalna.W jaki spos\u00f3b wp\u0142ynie na rynek pracownika?\"},{\"@type\":\"BreadcrumbList\",\"@id\":\"https:\\\/\\\/hotnewsinworld.com\\\/pl\\\/europejska-placa-minimalna-w-jaki-sposob-wplynie-na-rynek-pracownika\\\/#breadcrumb\",\"itemListElement\":[{\"@type\":\"ListItem\",\"position\":1,\"name\":\"\u0413\u043b\u0430\u0432\u043d\u0430\u044f \u0441\u0442\u0440\u0430\u043d\u0438\u0446\u0430\",\"item\":\"https:\\\/\\\/hotnewsinworld.com\\\/pl\\\/\"},{\"@type\":\"ListItem\",\"position\":2,\"name\":\"Europejska p\u0142aca minimalna.W jaki spos\u00f3b wp\u0142ynie na rynek pracownika?\"}]},{\"@type\":\"WebSite\",\"@id\":\"https:\\\/\\\/hotnewsinworld.com\\\/pl\\\/#website\",\"url\":\"https:\\\/\\\/hotnewsinworld.com\\\/pl\\\/\",\"name\":\"Hot News in World\",\"description\":\"Hot News in World Polska\",\"potentialAction\":[{\"@type\":\"SearchAction\",\"target\":{\"@type\":\"EntryPoint\",\"urlTemplate\":\"https:\\\/\\\/hotnewsinworld.com\\\/pl\\\/?s={search_term_string}\"},\"query-input\":{\"@type\":\"PropertyValueSpecification\",\"valueRequired\":true,\"valueName\":\"search_term_string\"}}],\"inLanguage\":\"pl-PL\"},{\"@type\":\"Person\",\"@id\":\"https:\\\/\\\/hotnewsinworld.com\\\/pl\\\/#\\\/schema\\\/person\\\/fe61448b21c0d59086e75fcc1f9d8f6b\",\"name\":\"hotnewsinworld\",\"image\":{\"@type\":\"ImageObject\",\"inLanguage\":\"pl-PL\",\"@id\":\"https:\\\/\\\/secure.gravatar.com\\\/avatar\\\/8a09ac165600ce2e1c38fe593c63928eb1e6e7ba5c5a907d67787c41b3d00c14?s=96&d=mm&r=g\",\"url\":\"https:\\\/\\\/secure.gravatar.com\\\/avatar\\\/8a09ac165600ce2e1c38fe593c63928eb1e6e7ba5c5a907d67787c41b3d00c14?s=96&d=mm&r=g\",\"contentUrl\":\"https:\\\/\\\/secure.gravatar.com\\\/avatar\\\/8a09ac165600ce2e1c38fe593c63928eb1e6e7ba5c5a907d67787c41b3d00c14?s=96&d=mm&r=g\",\"caption\":\"hotnewsinworld\"},\"url\":\"https:\\\/\\\/hotnewsinworld.com\\\/pl\\\/author\\\/pt\\\/\"}]}<\/script>\n<!-- \/ Yoast SEO plugin. -->","yoast_head_json":{"title":"Europejska p\u0142aca minimalna.W jaki spos\u00f3b wp\u0142ynie na rynek pracownika? - Hot News in World","robots":{"index":"index","follow":"follow","max-snippet":"max-snippet:-1","max-image-preview":"max-image-preview:large","max-video-preview":"max-video-preview:-1"},"canonical":"https:\/\/hotnewsinworld.com\/pl\/europejska-placa-minimalna-w-jaki-sposob-wplynie-na-rynek-pracownika\/","og_locale":"pl_PL","og_type":"article","og_title":"Europejska p\u0142aca minimalna.W jaki spos\u00f3b wp\u0142ynie na rynek pracownika? - Hot News in World","og_description":"Europejska p\u0142aca minimalna. Prace w KE trwaj\u0105Europejska p\u0142aca minimalna to wg KE ma wprowadzi\u0107 sprawiedliwe wynagradzanie pracownik\u00f3w w UE, kt\u00f3re umo\u017cliwi godne \u017cycie wszystkim jej mieszka\u0144com niezale\u017cnie od miejsca zatrudnienia &#8211; tak o projekcie Komisji Europejskiej m\u00f3wi\u0142a jej przewodnicz\u0105ca Ursula von der Leyen.Nawet 10 tys. z\u0142 za jeden dzie\u0144 pracy. Tyle zarabiaj\u0105 najlepsi \u015blubni fotografowieEuropejska [&hellip;]","og_url":"https:\/\/hotnewsinworld.com\/pl\/europejska-placa-minimalna-w-jaki-sposob-wplynie-na-rynek-pracownika\/","og_site_name":"Hot News in World","article_published_time":"2020-11-11T22:12:45+00:00","article_modified_time":"2020-11-11T22:12:49+00:00","og_image":[{"width":1620,"height":1080,"url":"https:\/\/hotnewsinworld.com\/pl\/wp-content\/uploads\/sites\/6\/2020\/11\/Europejska-placa-minimalnaW-jaki-sposob-wplynie-na-rynek-pracownika.jpeg","type":"image\/jpeg"}],"author":"hotnewsinworld","twitter_card":"summary_large_image","twitter_misc":{"Napisane przez":"hotnewsinworld","Szacowany czas czytania":"1 minuta"},"schema":{"@context":"https:\/\/schema.org","@graph":[{"@type":"Article","@id":"https:\/\/hotnewsinworld.com\/pl\/europejska-placa-minimalna-w-jaki-sposob-wplynie-na-rynek-pracownika\/#article","isPartOf":{"@id":"https:\/\/hotnewsinworld.com\/pl\/europejska-placa-minimalna-w-jaki-sposob-wplynie-na-rynek-pracownika\/"},"author":{"name":"hotnewsinworld","@id":"https:\/\/hotnewsinworld.com\/pl\/#\/schema\/person\/fe61448b21c0d59086e75fcc1f9d8f6b"},"headline":"Europejska p\u0142aca minimalna.W jaki spos\u00f3b wp\u0142ynie na rynek pracownika?","datePublished":"2020-11-11T22:12:45+00:00","dateModified":"2020-11-11T22:12:49+00:00","mainEntityOfPage":{"@id":"https:\/\/hotnewsinworld.com\/pl\/europejska-placa-minimalna-w-jaki-sposob-wplynie-na-rynek-pracownika\/"},"wordCount":223,"commentCount":0,"image":{"@id":"https:\/\/hotnewsinworld.com\/pl\/europejska-placa-minimalna-w-jaki-sposob-wplynie-na-rynek-pracownika\/#primaryimage"},"thumbnailUrl":"https:\/\/hotnewsinworld.com\/pl\/wp-content\/uploads\/sites\/6\/2020\/11\/Europejska-placa-minimalnaW-jaki-sposob-wplynie-na-rynek-pracownika.jpeg","articleSection":["NAJNOWSZE WIADOMO\u015aCI FINANSOWE"],"inLanguage":"pl-PL","potentialAction":[{"@type":"CommentAction","name":"Comment","target":["https:\/\/hotnewsinworld.com\/pl\/europejska-placa-minimalna-w-jaki-sposob-wplynie-na-rynek-pracownika\/#respond"]}]},{"@type":"WebPage","@id":"https:\/\/hotnewsinworld.com\/pl\/europejska-placa-minimalna-w-jaki-sposob-wplynie-na-rynek-pracownika\/","url":"https:\/\/hotnewsinworld.com\/pl\/europejska-placa-minimalna-w-jaki-sposob-wplynie-na-rynek-pracownika\/","name":"Europejska p\u0142aca minimalna.W jaki spos\u00f3b wp\u0142ynie na rynek pracownika? - Hot News in World","isPartOf":{"@id":"https:\/\/hotnewsinworld.com\/pl\/#website"},"primaryImageOfPage":{"@id":"https:\/\/hotnewsinworld.com\/pl\/europejska-placa-minimalna-w-jaki-sposob-wplynie-na-rynek-pracownika\/#primaryimage"},"image":{"@id":"https:\/\/hotnewsinworld.com\/pl\/europejska-placa-minimalna-w-jaki-sposob-wplynie-na-rynek-pracownika\/#primaryimage"},"thumbnailUrl":"https:\/\/hotnewsinworld.com\/pl\/wp-content\/uploads\/sites\/6\/2020\/11\/Europejska-placa-minimalnaW-jaki-sposob-wplynie-na-rynek-pracownika.jpeg","datePublished":"2020-11-11T22:12:45+00:00","dateModified":"2020-11-11T22:12:49+00:00","author":{"@id":"https:\/\/hotnewsinworld.com\/pl\/#\/schema\/person\/fe61448b21c0d59086e75fcc1f9d8f6b"},"breadcrumb":{"@id":"https:\/\/hotnewsinworld.com\/pl\/europejska-placa-minimalna-w-jaki-sposob-wplynie-na-rynek-pracownika\/#breadcrumb"},"inLanguage":"pl-PL","potentialAction":[{"@type":"ReadAction","target":["https:\/\/hotnewsinworld.com\/pl\/europejska-placa-minimalna-w-jaki-sposob-wplynie-na-rynek-pracownika\/"]}]},{"@type":"ImageObject","inLanguage":"pl-PL","@id":"https:\/\/hotnewsinworld.com\/pl\/europejska-placa-minimalna-w-jaki-sposob-wplynie-na-rynek-pracownika\/#primaryimage","url":"https:\/\/hotnewsinworld.com\/pl\/wp-content\/uploads\/sites\/6\/2020\/11\/Europejska-placa-minimalnaW-jaki-sposob-wplynie-na-rynek-pracownika.jpeg","contentUrl":"https:\/\/hotnewsinworld.com\/pl\/wp-content\/uploads\/sites\/6\/2020\/11\/Europejska-placa-minimalnaW-jaki-sposob-wplynie-na-rynek-pracownika.jpeg","width":1620,"height":1080,"caption":"Europejska p\u0142aca minimalna.W jaki spos\u00f3b wp\u0142ynie na rynek pracownika?"},{"@type":"BreadcrumbList","@id":"https:\/\/hotnewsinworld.com\/pl\/europejska-placa-minimalna-w-jaki-sposob-wplynie-na-rynek-pracownika\/#breadcrumb","itemListElement":[{"@type":"ListItem","position":1,"name":"\u0413\u043b\u0430\u0432\u043d\u0430\u044f \u0441\u0442\u0440\u0430\u043d\u0438\u0446\u0430","item":"https:\/\/hotnewsinworld.com\/pl\/"},{"@type":"ListItem","position":2,"name":"Europejska p\u0142aca minimalna.W jaki spos\u00f3b wp\u0142ynie na rynek pracownika?"}]},{"@type":"WebSite","@id":"https:\/\/hotnewsinworld.com\/pl\/#website","url":"https:\/\/hotnewsinworld.com\/pl\/","name":"Hot News in World","description":"Hot News in World Polska","potentialAction":[{"@type":"SearchAction","target":{"@type":"EntryPoint","urlTemplate":"https:\/\/hotnewsinworld.com\/pl\/?s={search_term_string}"},"query-input":{"@type":"PropertyValueSpecification","valueRequired":true,"valueName":"search_term_string"}}],"inLanguage":"pl-PL"},{"@type":"Person","@id":"https:\/\/hotnewsinworld.com\/pl\/#\/schema\/person\/fe61448b21c0d59086e75fcc1f9d8f6b","name":"hotnewsinworld","image":{"@type":"ImageObject","inLanguage":"pl-PL","@id":"https:\/\/secure.gravatar.com\/avatar\/8a09ac165600ce2e1c38fe593c63928eb1e6e7ba5c5a907d67787c41b3d00c14?s=96&d=mm&r=g","url":"https:\/\/secure.gravatar.com\/avatar\/8a09ac165600ce2e1c38fe593c63928eb1e6e7ba5c5a907d67787c41b3d00c14?s=96&d=mm&r=g","contentUrl":"https:\/\/secure.gravatar.com\/avatar\/8a09ac165600ce2e1c38fe593c63928eb1e6e7ba5c5a907d67787c41b3d00c14?s=96&d=mm&r=g","caption":"hotnewsinworld"},"url":"https:\/\/hotnewsinworld.com\/pl\/author\/pt\/"}]}},"_links":{"self":[{"href":"https:\/\/hotnewsinworld.com\/pl\/wp-json\/wp\/v2\/posts\/3697","targetHints":{"allow":["GET"]}}],"collection":[{"href":"https:\/\/hotnewsinworld.com\/pl\/wp-json\/wp\/v2\/posts"}],"about":[{"href":"https:\/\/hotnewsinworld.com\/pl\/wp-json\/wp\/v2\/types\/post"}],"author":[{"embeddable":true,"href":"https:\/\/hotnewsinworld.com\/pl\/wp-json\/wp\/v2\/users\/2"}],"replies":[{"embeddable":true,"href":"https:\/\/hotnewsinworld.com\/pl\/wp-json\/wp\/v2\/comments?post=3697"}],"version-history":[{"count":1,"href":"https:\/\/hotnewsinworld.com\/pl\/wp-json\/wp\/v2\/posts\/3697\/revisions"}],"predecessor-version":[{"id":3699,"href":"https:\/\/hotnewsinworld.com\/pl\/wp-json\/wp\/v2\/posts\/3697\/revisions\/3699"}],"wp:featuredmedia":[{"embeddable":true,"href":"https:\/\/hotnewsinworld.com\/pl\/wp-json\/wp\/v2\/media\/3698"}],"wp:attachment":[{"href":"https:\/\/hotnewsinworld.com\/pl\/wp-json\/wp\/v2\/media?parent=3697"}],"wp:term":[{"taxonomy":"category","embeddable":true,"href":"https:\/\/hotnewsinworld.com\/pl\/wp-json\/wp\/v2\/categories?post=3697"},{"taxonomy":"post_tag","embeddable":true,"href":"https:\/\/hotnewsinworld.com\/pl\/wp-json\/wp\/v2\/tags?post=3697"}],"curies":[{"name":"wp","href":"https:\/\/api.w.org\/{rel}","templated":true}]}}