{"id":3837,"date":"2020-11-23T15:15:09","date_gmt":"2020-11-23T12:15:09","guid":{"rendered":"https:\/\/hotnewsinworld.com\/pl\/galerie-handlowe-premier-podal-date-ponownego-otwarcia\/"},"modified":"2020-11-23T15:15:12","modified_gmt":"2020-11-23T12:15:12","slug":"galerie-handlowe-premier-podal-date-ponownego-otwarcia","status":"publish","type":"post","link":"https:\/\/hotnewsinworld.com\/pl\/galerie-handlowe-premier-podal-date-ponownego-otwarcia\/","title":{"rendered":"Galerie handlowe. Premier poda\u0142 dat\u0119 ponownego otwarcia"},"content":{"rendered":"<p>Galerie handlowe. Polacy wygl\u0105daj\u0105 ponownego otwarcia- Zdecydowali\u015bmy, \u017ce od najbli\u017cszej soboty plac\u00f3wki handlowe b\u0119d\u0105 mog\u0142y dzia\u0142a\u0107 w najwy\u017cszym re\u017cimie sanitarnym &#8211; oznajmi\u0142 premier Mateusz Morawiecki podczas sobotniej konferencji prasowej. Jak zaznaczy\u0142, w sklepach i galeriach handlowych b\u0119dzie obowi\u0105zywa\u0142 limit os\u00f3b &#8211; maksymalnie 1 os. na 15 m2.Morawiecki wskaza\u0142 jednocze\u015bnie, \u017ce warunkiem utrzymania re\u017cimu jest dyscyplina ka\u017cdego sklepu, galerii, sklepu meblowego. &#8222;Je\u015bli b\u0119dzie inaczej, te sklepy b\u0119d\u0105 zamykane. Te decyzje mog\u0105 uratowa\u0107 setki tysi\u0119cy miejsc pracy, dlatego je podejmujemy&#8221; &#8211; doda\u0142.Galerie handlowe. Jaka czeka je przysz\u0142o\u015b\u0107? &#8222;Mniejsze nadal b\u0119d\u0105 budowane&#8221;Ponadto do 27 grudnia zamkni\u0119te b\u0119d\u0105 nadal si\u0142ownie i bran\u017ca gastronomiczna. Do tego czasu niedost\u0119pne dla klient\u00f3w pozostan\u0105 tak\u017ce kina i inne instytucje kultury &#8211; doda\u0142.Galerie handlowe to wyj\u0105tek. Sytuacja pandemiczna w krajuPrzypomnijmy, \u017ce ju\u017c wcze\u015bniej minister zdrowia Adam Niedzielski zapowiedzia\u0142, \u017ce bran\u017ca hotelarska b\u0119dzie zamkni\u0119ta do po\u0142owy stycznia. &#8211; Chcemy \u017ceby w ferie wszyscy zostali w domu &#8211; m\u00f3wi\u0142 minister.Minister zdrowia odpowiedzia\u0142, \u017ce rz\u0105d przeanalizowa\u0142 wszystkie mo\u017cliwe scenariusze i orzek\u0142, \u017ce liczba dziennych zaka\u017ce\u0144 si\u0119 stabilizuje. Doda\u0142 tak\u017ce, \u017ce zdecydowano o zniesieniu tylko jednego obostrzenia, a wszystkie pozosta\u0142e pozostaj\u0105 w mocy.<br \/>\n<br \/>\n<!--noindex--><br \/>\n<a href=\"https:\/\/finanse.wp.pl\/galerie-handlowe-premier-podal-date-ponownego-otwarcia-6578663515777888a\" rel=\"nofollow\">Source link <\/a><br \/>\n<!--\/noindex--><\/p>\n","protected":false},"excerpt":{"rendered":"<p>Galerie handlowe. Polacy wygl\u0105daj\u0105 ponownego otwarcia- Zdecydowali\u015bmy, \u017ce od najbli\u017cszej soboty plac\u00f3wki handlowe b\u0119d\u0105 mog\u0142y dzia\u0142a\u0107 w najwy\u017cszym re\u017cimie sanitarnym &#8211; oznajmi\u0142 premier Mateusz Morawiecki podczas sobotniej konferencji prasowej. Jak zaznaczy\u0142, w sklepach i galeriach handlowych b\u0119dzie obowi\u0105zywa\u0142 limit os\u00f3b &#8211; maksymalnie 1 os. na 15 m2.Morawiecki wskaza\u0142 jednocze\u015bnie, \u017ce warunkiem utrzymania re\u017cimu jest dyscyplina [&hellip;]<\/p>\n","protected":false},"author":2,"featured_media":3838,"comment_status":"open","ping_status":"open","sticky":false,"template":"","format":"standard","meta":{"footnotes":""},"categories":[1],"tags":[],"class_list":["post-3837","post","type-post","status-publish","format-standard","has-post-thumbnail","hentry","category-najnowsze-wiadomosci-finansowe"],"yoast_head":"<!-- This site is optimized with the Yoast SEO plugin v27.4 - https:\/\/yoast.com\/product\/yoast-seo-wordpress\/ -->\n<title>Galerie handlowe. Premier poda\u0142 dat\u0119 ponownego otwarcia - Hot News in World<\/title>\n<meta name=\"robots\" content=\"index, follow, max-snippet:-1, max-image-preview:large, max-video-preview:-1\" \/>\n<link rel=\"canonical\" href=\"https:\/\/hotnewsinworld.com\/pl\/galerie-handlowe-premier-podal-date-ponownego-otwarcia\/\" \/>\n<meta property=\"og:locale\" content=\"pl_PL\" \/>\n<meta property=\"og:type\" content=\"article\" \/>\n<meta property=\"og:title\" content=\"Galerie handlowe. Premier poda\u0142 dat\u0119 ponownego otwarcia - Hot News in World\" \/>\n<meta property=\"og:description\" content=\"Galerie handlowe. Polacy wygl\u0105daj\u0105 ponownego otwarcia- Zdecydowali\u015bmy, \u017ce od najbli\u017cszej soboty plac\u00f3wki handlowe b\u0119d\u0105 mog\u0142y dzia\u0142a\u0107 w najwy\u017cszym re\u017cimie sanitarnym &#8211; oznajmi\u0142 premier Mateusz Morawiecki podczas sobotniej konferencji prasowej. Jak zaznaczy\u0142, w sklepach i galeriach handlowych b\u0119dzie obowi\u0105zywa\u0142 limit os\u00f3b &#8211; maksymalnie 1 os. na 15 m2.Morawiecki wskaza\u0142 jednocze\u015bnie, \u017ce warunkiem utrzymania re\u017cimu jest dyscyplina [&hellip;]\" \/>\n<meta property=\"og:url\" content=\"https:\/\/hotnewsinworld.com\/pl\/galerie-handlowe-premier-podal-date-ponownego-otwarcia\/\" \/>\n<meta property=\"og:site_name\" content=\"Hot News in World\" \/>\n<meta property=\"article:published_time\" content=\"2020-11-23T12:15:09+00:00\" \/>\n<meta property=\"article:modified_time\" content=\"2020-11-23T12:15:12+00:00\" \/>\n<meta property=\"og:image\" content=\"https:\/\/hotnewsinworld.com\/pl\/wp-content\/uploads\/sites\/6\/2020\/11\/Galerie-handlowe-Premier-podal-date-ponownego-otwarcia.jpeg\" \/>\n\t<meta property=\"og:image:width\" content=\"1180\" \/>\n\t<meta property=\"og:image:height\" content=\"631\" \/>\n\t<meta property=\"og:image:type\" content=\"image\/jpeg\" \/>\n<meta name=\"author\" content=\"hotnewsinworld\" \/>\n<meta name=\"twitter:card\" content=\"summary_large_image\" \/>\n<meta name=\"twitter:label1\" content=\"Napisane przez\" \/>\n\t<meta name=\"twitter:data1\" content=\"hotnewsinworld\" \/>\n\t<meta name=\"twitter:label2\" content=\"Szacowany czas czytania\" \/>\n\t<meta name=\"twitter:data2\" content=\"1 minuta\" \/>\n<script type=\"application\/ld+json\" class=\"yoast-schema-graph\">{\"@context\":\"https:\\\/\\\/schema.org\",\"@graph\":[{\"@type\":\"Article\",\"@id\":\"https:\\\/\\\/hotnewsinworld.com\\\/pl\\\/galerie-handlowe-premier-podal-date-ponownego-otwarcia\\\/#article\",\"isPartOf\":{\"@id\":\"https:\\\/\\\/hotnewsinworld.com\\\/pl\\\/galerie-handlowe-premier-podal-date-ponownego-otwarcia\\\/\"},\"author\":{\"name\":\"hotnewsinworld\",\"@id\":\"https:\\\/\\\/hotnewsinworld.com\\\/pl\\\/#\\\/schema\\\/person\\\/fe61448b21c0d59086e75fcc1f9d8f6b\"},\"headline\":\"Galerie handlowe. Premier poda\u0142 dat\u0119 ponownego otwarcia\",\"datePublished\":\"2020-11-23T12:15:09+00:00\",\"dateModified\":\"2020-11-23T12:15:12+00:00\",\"mainEntityOfPage\":{\"@id\":\"https:\\\/\\\/hotnewsinworld.com\\\/pl\\\/galerie-handlowe-premier-podal-date-ponownego-otwarcia\\\/\"},\"wordCount\":231,\"commentCount\":0,\"image\":{\"@id\":\"https:\\\/\\\/hotnewsinworld.com\\\/pl\\\/galerie-handlowe-premier-podal-date-ponownego-otwarcia\\\/#primaryimage\"},\"thumbnailUrl\":\"https:\\\/\\\/hotnewsinworld.com\\\/pl\\\/wp-content\\\/uploads\\\/sites\\\/6\\\/2020\\\/11\\\/Galerie-handlowe-Premier-podal-date-ponownego-otwarcia.jpeg\",\"articleSection\":[\"NAJNOWSZE WIADOMO\u015aCI FINANSOWE\"],\"inLanguage\":\"pl-PL\",\"potentialAction\":[{\"@type\":\"CommentAction\",\"name\":\"Comment\",\"target\":[\"https:\\\/\\\/hotnewsinworld.com\\\/pl\\\/galerie-handlowe-premier-podal-date-ponownego-otwarcia\\\/#respond\"]}]},{\"@type\":\"WebPage\",\"@id\":\"https:\\\/\\\/hotnewsinworld.com\\\/pl\\\/galerie-handlowe-premier-podal-date-ponownego-otwarcia\\\/\",\"url\":\"https:\\\/\\\/hotnewsinworld.com\\\/pl\\\/galerie-handlowe-premier-podal-date-ponownego-otwarcia\\\/\",\"name\":\"Galerie handlowe. Premier poda\u0142 dat\u0119 ponownego otwarcia - Hot News in World\",\"isPartOf\":{\"@id\":\"https:\\\/\\\/hotnewsinworld.com\\\/pl\\\/#website\"},\"primaryImageOfPage\":{\"@id\":\"https:\\\/\\\/hotnewsinworld.com\\\/pl\\\/galerie-handlowe-premier-podal-date-ponownego-otwarcia\\\/#primaryimage\"},\"image\":{\"@id\":\"https:\\\/\\\/hotnewsinworld.com\\\/pl\\\/galerie-handlowe-premier-podal-date-ponownego-otwarcia\\\/#primaryimage\"},\"thumbnailUrl\":\"https:\\\/\\\/hotnewsinworld.com\\\/pl\\\/wp-content\\\/uploads\\\/sites\\\/6\\\/2020\\\/11\\\/Galerie-handlowe-Premier-podal-date-ponownego-otwarcia.jpeg\",\"datePublished\":\"2020-11-23T12:15:09+00:00\",\"dateModified\":\"2020-11-23T12:15:12+00:00\",\"author\":{\"@id\":\"https:\\\/\\\/hotnewsinworld.com\\\/pl\\\/#\\\/schema\\\/person\\\/fe61448b21c0d59086e75fcc1f9d8f6b\"},\"breadcrumb\":{\"@id\":\"https:\\\/\\\/hotnewsinworld.com\\\/pl\\\/galerie-handlowe-premier-podal-date-ponownego-otwarcia\\\/#breadcrumb\"},\"inLanguage\":\"pl-PL\",\"potentialAction\":[{\"@type\":\"ReadAction\",\"target\":[\"https:\\\/\\\/hotnewsinworld.com\\\/pl\\\/galerie-handlowe-premier-podal-date-ponownego-otwarcia\\\/\"]}]},{\"@type\":\"ImageObject\",\"inLanguage\":\"pl-PL\",\"@id\":\"https:\\\/\\\/hotnewsinworld.com\\\/pl\\\/galerie-handlowe-premier-podal-date-ponownego-otwarcia\\\/#primaryimage\",\"url\":\"https:\\\/\\\/hotnewsinworld.com\\\/pl\\\/wp-content\\\/uploads\\\/sites\\\/6\\\/2020\\\/11\\\/Galerie-handlowe-Premier-podal-date-ponownego-otwarcia.jpeg\",\"contentUrl\":\"https:\\\/\\\/hotnewsinworld.com\\\/pl\\\/wp-content\\\/uploads\\\/sites\\\/6\\\/2020\\\/11\\\/Galerie-handlowe-Premier-podal-date-ponownego-otwarcia.jpeg\",\"width\":1180,\"height\":631,\"caption\":\"Galerie handlowe. Premier poda\u0142 dat\u0119 ponownego otwarcia\"},{\"@type\":\"BreadcrumbList\",\"@id\":\"https:\\\/\\\/hotnewsinworld.com\\\/pl\\\/galerie-handlowe-premier-podal-date-ponownego-otwarcia\\\/#breadcrumb\",\"itemListElement\":[{\"@type\":\"ListItem\",\"position\":1,\"name\":\"\u0413\u043b\u0430\u0432\u043d\u0430\u044f \u0441\u0442\u0440\u0430\u043d\u0438\u0446\u0430\",\"item\":\"https:\\\/\\\/hotnewsinworld.com\\\/pl\\\/\"},{\"@type\":\"ListItem\",\"position\":2,\"name\":\"Galerie handlowe. Premier poda\u0142 dat\u0119 ponownego otwarcia\"}]},{\"@type\":\"WebSite\",\"@id\":\"https:\\\/\\\/hotnewsinworld.com\\\/pl\\\/#website\",\"url\":\"https:\\\/\\\/hotnewsinworld.com\\\/pl\\\/\",\"name\":\"Hot News in World\",\"description\":\"Hot News in World Polska\",\"potentialAction\":[{\"@type\":\"SearchAction\",\"target\":{\"@type\":\"EntryPoint\",\"urlTemplate\":\"https:\\\/\\\/hotnewsinworld.com\\\/pl\\\/?s={search_term_string}\"},\"query-input\":{\"@type\":\"PropertyValueSpecification\",\"valueRequired\":true,\"valueName\":\"search_term_string\"}}],\"inLanguage\":\"pl-PL\"},{\"@type\":\"Person\",\"@id\":\"https:\\\/\\\/hotnewsinworld.com\\\/pl\\\/#\\\/schema\\\/person\\\/fe61448b21c0d59086e75fcc1f9d8f6b\",\"name\":\"hotnewsinworld\",\"image\":{\"@type\":\"ImageObject\",\"inLanguage\":\"pl-PL\",\"@id\":\"https:\\\/\\\/secure.gravatar.com\\\/avatar\\\/8a09ac165600ce2e1c38fe593c63928eb1e6e7ba5c5a907d67787c41b3d00c14?s=96&d=mm&r=g\",\"url\":\"https:\\\/\\\/secure.gravatar.com\\\/avatar\\\/8a09ac165600ce2e1c38fe593c63928eb1e6e7ba5c5a907d67787c41b3d00c14?s=96&d=mm&r=g\",\"contentUrl\":\"https:\\\/\\\/secure.gravatar.com\\\/avatar\\\/8a09ac165600ce2e1c38fe593c63928eb1e6e7ba5c5a907d67787c41b3d00c14?s=96&d=mm&r=g\",\"caption\":\"hotnewsinworld\"},\"url\":\"https:\\\/\\\/hotnewsinworld.com\\\/pl\\\/author\\\/pt\\\/\"}]}<\/script>\n<!-- \/ Yoast SEO plugin. -->","yoast_head_json":{"title":"Galerie handlowe. Premier poda\u0142 dat\u0119 ponownego otwarcia - Hot News in World","robots":{"index":"index","follow":"follow","max-snippet":"max-snippet:-1","max-image-preview":"max-image-preview:large","max-video-preview":"max-video-preview:-1"},"canonical":"https:\/\/hotnewsinworld.com\/pl\/galerie-handlowe-premier-podal-date-ponownego-otwarcia\/","og_locale":"pl_PL","og_type":"article","og_title":"Galerie handlowe. Premier poda\u0142 dat\u0119 ponownego otwarcia - Hot News in World","og_description":"Galerie handlowe. Polacy wygl\u0105daj\u0105 ponownego otwarcia- Zdecydowali\u015bmy, \u017ce od najbli\u017cszej soboty plac\u00f3wki handlowe b\u0119d\u0105 mog\u0142y dzia\u0142a\u0107 w najwy\u017cszym re\u017cimie sanitarnym &#8211; oznajmi\u0142 premier Mateusz Morawiecki podczas sobotniej konferencji prasowej. Jak zaznaczy\u0142, w sklepach i galeriach handlowych b\u0119dzie obowi\u0105zywa\u0142 limit os\u00f3b &#8211; maksymalnie 1 os. na 15 m2.Morawiecki wskaza\u0142 jednocze\u015bnie, \u017ce warunkiem utrzymania re\u017cimu jest dyscyplina [&hellip;]","og_url":"https:\/\/hotnewsinworld.com\/pl\/galerie-handlowe-premier-podal-date-ponownego-otwarcia\/","og_site_name":"Hot News in World","article_published_time":"2020-11-23T12:15:09+00:00","article_modified_time":"2020-11-23T12:15:12+00:00","og_image":[{"width":1180,"height":631,"url":"https:\/\/hotnewsinworld.com\/pl\/wp-content\/uploads\/sites\/6\/2020\/11\/Galerie-handlowe-Premier-podal-date-ponownego-otwarcia.jpeg","type":"image\/jpeg"}],"author":"hotnewsinworld","twitter_card":"summary_large_image","twitter_misc":{"Napisane przez":"hotnewsinworld","Szacowany czas czytania":"1 minuta"},"schema":{"@context":"https:\/\/schema.org","@graph":[{"@type":"Article","@id":"https:\/\/hotnewsinworld.com\/pl\/galerie-handlowe-premier-podal-date-ponownego-otwarcia\/#article","isPartOf":{"@id":"https:\/\/hotnewsinworld.com\/pl\/galerie-handlowe-premier-podal-date-ponownego-otwarcia\/"},"author":{"name":"hotnewsinworld","@id":"https:\/\/hotnewsinworld.com\/pl\/#\/schema\/person\/fe61448b21c0d59086e75fcc1f9d8f6b"},"headline":"Galerie handlowe. Premier poda\u0142 dat\u0119 ponownego otwarcia","datePublished":"2020-11-23T12:15:09+00:00","dateModified":"2020-11-23T12:15:12+00:00","mainEntityOfPage":{"@id":"https:\/\/hotnewsinworld.com\/pl\/galerie-handlowe-premier-podal-date-ponownego-otwarcia\/"},"wordCount":231,"commentCount":0,"image":{"@id":"https:\/\/hotnewsinworld.com\/pl\/galerie-handlowe-premier-podal-date-ponownego-otwarcia\/#primaryimage"},"thumbnailUrl":"https:\/\/hotnewsinworld.com\/pl\/wp-content\/uploads\/sites\/6\/2020\/11\/Galerie-handlowe-Premier-podal-date-ponownego-otwarcia.jpeg","articleSection":["NAJNOWSZE WIADOMO\u015aCI FINANSOWE"],"inLanguage":"pl-PL","potentialAction":[{"@type":"CommentAction","name":"Comment","target":["https:\/\/hotnewsinworld.com\/pl\/galerie-handlowe-premier-podal-date-ponownego-otwarcia\/#respond"]}]},{"@type":"WebPage","@id":"https:\/\/hotnewsinworld.com\/pl\/galerie-handlowe-premier-podal-date-ponownego-otwarcia\/","url":"https:\/\/hotnewsinworld.com\/pl\/galerie-handlowe-premier-podal-date-ponownego-otwarcia\/","name":"Galerie handlowe. Premier poda\u0142 dat\u0119 ponownego otwarcia - Hot News in World","isPartOf":{"@id":"https:\/\/hotnewsinworld.com\/pl\/#website"},"primaryImageOfPage":{"@id":"https:\/\/hotnewsinworld.com\/pl\/galerie-handlowe-premier-podal-date-ponownego-otwarcia\/#primaryimage"},"image":{"@id":"https:\/\/hotnewsinworld.com\/pl\/galerie-handlowe-premier-podal-date-ponownego-otwarcia\/#primaryimage"},"thumbnailUrl":"https:\/\/hotnewsinworld.com\/pl\/wp-content\/uploads\/sites\/6\/2020\/11\/Galerie-handlowe-Premier-podal-date-ponownego-otwarcia.jpeg","datePublished":"2020-11-23T12:15:09+00:00","dateModified":"2020-11-23T12:15:12+00:00","author":{"@id":"https:\/\/hotnewsinworld.com\/pl\/#\/schema\/person\/fe61448b21c0d59086e75fcc1f9d8f6b"},"breadcrumb":{"@id":"https:\/\/hotnewsinworld.com\/pl\/galerie-handlowe-premier-podal-date-ponownego-otwarcia\/#breadcrumb"},"inLanguage":"pl-PL","potentialAction":[{"@type":"ReadAction","target":["https:\/\/hotnewsinworld.com\/pl\/galerie-handlowe-premier-podal-date-ponownego-otwarcia\/"]}]},{"@type":"ImageObject","inLanguage":"pl-PL","@id":"https:\/\/hotnewsinworld.com\/pl\/galerie-handlowe-premier-podal-date-ponownego-otwarcia\/#primaryimage","url":"https:\/\/hotnewsinworld.com\/pl\/wp-content\/uploads\/sites\/6\/2020\/11\/Galerie-handlowe-Premier-podal-date-ponownego-otwarcia.jpeg","contentUrl":"https:\/\/hotnewsinworld.com\/pl\/wp-content\/uploads\/sites\/6\/2020\/11\/Galerie-handlowe-Premier-podal-date-ponownego-otwarcia.jpeg","width":1180,"height":631,"caption":"Galerie handlowe. Premier poda\u0142 dat\u0119 ponownego otwarcia"},{"@type":"BreadcrumbList","@id":"https:\/\/hotnewsinworld.com\/pl\/galerie-handlowe-premier-podal-date-ponownego-otwarcia\/#breadcrumb","itemListElement":[{"@type":"ListItem","position":1,"name":"\u0413\u043b\u0430\u0432\u043d\u0430\u044f \u0441\u0442\u0440\u0430\u043d\u0438\u0446\u0430","item":"https:\/\/hotnewsinworld.com\/pl\/"},{"@type":"ListItem","position":2,"name":"Galerie handlowe. Premier poda\u0142 dat\u0119 ponownego otwarcia"}]},{"@type":"WebSite","@id":"https:\/\/hotnewsinworld.com\/pl\/#website","url":"https:\/\/hotnewsinworld.com\/pl\/","name":"Hot News in World","description":"Hot News in World Polska","potentialAction":[{"@type":"SearchAction","target":{"@type":"EntryPoint","urlTemplate":"https:\/\/hotnewsinworld.com\/pl\/?s={search_term_string}"},"query-input":{"@type":"PropertyValueSpecification","valueRequired":true,"valueName":"search_term_string"}}],"inLanguage":"pl-PL"},{"@type":"Person","@id":"https:\/\/hotnewsinworld.com\/pl\/#\/schema\/person\/fe61448b21c0d59086e75fcc1f9d8f6b","name":"hotnewsinworld","image":{"@type":"ImageObject","inLanguage":"pl-PL","@id":"https:\/\/secure.gravatar.com\/avatar\/8a09ac165600ce2e1c38fe593c63928eb1e6e7ba5c5a907d67787c41b3d00c14?s=96&d=mm&r=g","url":"https:\/\/secure.gravatar.com\/avatar\/8a09ac165600ce2e1c38fe593c63928eb1e6e7ba5c5a907d67787c41b3d00c14?s=96&d=mm&r=g","contentUrl":"https:\/\/secure.gravatar.com\/avatar\/8a09ac165600ce2e1c38fe593c63928eb1e6e7ba5c5a907d67787c41b3d00c14?s=96&d=mm&r=g","caption":"hotnewsinworld"},"url":"https:\/\/hotnewsinworld.com\/pl\/author\/pt\/"}]}},"_links":{"self":[{"href":"https:\/\/hotnewsinworld.com\/pl\/wp-json\/wp\/v2\/posts\/3837","targetHints":{"allow":["GET"]}}],"collection":[{"href":"https:\/\/hotnewsinworld.com\/pl\/wp-json\/wp\/v2\/posts"}],"about":[{"href":"https:\/\/hotnewsinworld.com\/pl\/wp-json\/wp\/v2\/types\/post"}],"author":[{"embeddable":true,"href":"https:\/\/hotnewsinworld.com\/pl\/wp-json\/wp\/v2\/users\/2"}],"replies":[{"embeddable":true,"href":"https:\/\/hotnewsinworld.com\/pl\/wp-json\/wp\/v2\/comments?post=3837"}],"version-history":[{"count":1,"href":"https:\/\/hotnewsinworld.com\/pl\/wp-json\/wp\/v2\/posts\/3837\/revisions"}],"predecessor-version":[{"id":3839,"href":"https:\/\/hotnewsinworld.com\/pl\/wp-json\/wp\/v2\/posts\/3837\/revisions\/3839"}],"wp:featuredmedia":[{"embeddable":true,"href":"https:\/\/hotnewsinworld.com\/pl\/wp-json\/wp\/v2\/media\/3838"}],"wp:attachment":[{"href":"https:\/\/hotnewsinworld.com\/pl\/wp-json\/wp\/v2\/media?parent=3837"}],"wp:term":[{"taxonomy":"category","embeddable":true,"href":"https:\/\/hotnewsinworld.com\/pl\/wp-json\/wp\/v2\/categories?post=3837"},{"taxonomy":"post_tag","embeddable":true,"href":"https:\/\/hotnewsinworld.com\/pl\/wp-json\/wp\/v2\/tags?post=3837"}],"curies":[{"name":"wp","href":"https:\/\/api.w.org\/{rel}","templated":true}]}}