{"id":4952,"date":"2021-05-19T18:05:09","date_gmt":"2021-05-19T15:05:09","guid":{"rendered":"https:\/\/hotnewsinworld.com\/pl\/tvn-grupa-discovery-we-wspolpracy-z-e-wedel-produkuje-cotygodniowy-serial-premiera-jesienia-w-tvn\/"},"modified":"2021-05-19T18:05:12","modified_gmt":"2021-05-19T15:05:12","slug":"tvn-grupa-discovery-we-wspolpracy-z-e-wedel-produkuje-cotygodniowy-serial-premiera-jesienia-w-tvn","status":"publish","type":"post","link":"https:\/\/hotnewsinworld.com\/pl\/tvn-grupa-discovery-we-wspolpracy-z-e-wedel-produkuje-cotygodniowy-serial-premiera-jesienia-w-tvn\/","title":{"rendered":"TVN Grupa Discovery we wsp\u00f3\u0142pracy z E.Wedel produkuje cotygodniowy serial, premiera jesieni\u0105 w TVN"},"content":{"rendered":"<p>Wsp\u00f3lny projekt TVN Grupy Discovery i E.Wedel ma by\u0107 uhonorowaniem 170-lecia marki s\u0142odyczy. Serial b\u0119dzie liczy\u0142 kilka godzinnych odcink\u00f3w. B\u0119dzie emitowany w TVN w jesiennej ram\u00f3wce 2021 roku w \u015bcis\u0142ym prime-time stacji. Na chwil\u0119 obecn\u0105 nadawca nie zdradza tytu\u0142u, fabu\u0142y oraz obsady produkcji.&#13;<br \/>\n&#13;<br \/>\n&#8211; W tym roku obchodzimy jubileusz 170-lecia istnienia marki E.Wedel. Z tej okazji, szukali\u015bmy sposobu na to, aby w niekonwencjonalny spos\u00f3b opowiedzie\u0107 nasz\u0105 histori\u0119. Serial fabularny \u0142\u0105cz\u0105cy rozrywk\u0119 z w\u0105tkami historycznymi jest idealnym sposobem na przybli\u017cenie postaci Jana Wedla, kt\u00f3ry odegra\u0142 olbrzymi\u0105 rol\u0119 w historii naszej firmy. Ostatni z rodu Wedl\u00f3w uchodzi\u0142 za filantropa i wizjonera wyprzedzaj\u0105cego czasy, w kt\u00f3rych \u017cy\u0142. Opr\u00f3cz tego, \u015bledz\u0105c losy naszych bohater\u00f3w, zapoznamy si\u0119 z nieznanymi dot\u0105d szerokiej publiczno\u015bci faktami z bogatej przesz\u0142o\u015bci E.Wedel &#8211; informuje Dominika Igieli\u0144ska, branded content manager z E.Wedel.&#13;<br \/>\n&#13;<br \/>\n&gt;&gt;&gt; Praca.Wirtualnemedia.pl &#8211; tysi\u0105ce og\u0142osze\u0144 o prac\u0119&#13;<br \/>\n&#13;<br \/>\nE.Wedel nale\u017cy do grona \u015bcis\u0142ych partner\u00f3w biznesowych TVN Grupa Discovery od wielu lat. Lokowania produkt\u00f3w tej marki mo\u017cna by\u0142o zobaczy\u0107 w wielu produkcjach stacji, np. \u201eChy\u0142ce &#8211; Kasacji\u201d czy \u201eUsta Usta\u201d.&#13;<br \/>\n&#13;<br \/>\nKolejny projekt content marketingowy TVN&#13;<br \/>\n&#13;<br \/>\n&#13;<br \/>\n\t\t\tWsp\u00f3lny serial TVN Grupy Discovery i E.Wedel to kolejny projekt telewizyjnego nadawcy w obszarze branded content marketingu. &#8211; Wsp\u00f3\u0142praca w obszarze branded content to sta\u0142y element naszej oferty sprzeda\u017cy specjalnej, a nadchodz\u0105cy projekt z Wedlem pokazuje, \u017ce dzia\u0142ania tego typu ciesz\u0105 si\u0119 coraz wi\u0119kszym zainteresowaniem w\u015br\u00f3d klient\u00f3w &#8211; wyja\u015bnia Jacek Szymczyk, dyrektor ds. sprzeda\u017cy specjalnej TVN Media.&#13;<br \/>\n&#13;<br \/>\n&#8211; Obserwujemy wyj\u0105tkowo siln\u0105 synergi\u0119 mi\u0119dzy potrzebami widz\u00f3w, a wyzwaniami komercyjnymi rynku. Content marketing w okoliczno\u015bciach pandemii szczeg\u00f3lnie zyska\u0142 na sile. W du\u017cej mierze jest to spowodowane tym, \u017ce pozwala na po\u0142\u0105czenie jako\u015bci tre\u015bci i magii storytellingu. Rozwi\u0105zanie to daje markom przestrze\u0144 na opowiedzenie swoich historii w oparciu o kontent szyty na miar\u0119 i odpowiadaj\u0105cy potrzebom widz\u00f3w &#8211; dodaje.&#13;<br \/>\n&#13;<br \/>\n&#13;<br \/>\n&#13;<br \/>\n&#13;<br \/>\nTVN Grupa Discovery dotychczas wyprodukowa\u0142a ju\u017c 12 projekt\u00f3w, realizowanych w wsp\u00f3\u0142pracy z partnerami komercyjnymi &#8211; 8 z nich to propozycje rozrywkowe, a 4 to formaty oparte o ide\u0119 chmur kontentowych.&#13;<br \/>\n&#13;<br \/>\n&#8211; Nasze projekty content marketingowe oparte s\u0105 przede wszystkim na jako\u015bci tre\u015bci przez co s\u0105 nie tylko efektowne, a te\u017c efektywne &#8211; przek\u0142adaj\u0105 si\u0119 bezpo\u015brednio na wyniki sprzeda\u017cy naszych klient\u00f3w i na zaanga\u017cowanie widz\u00f3w. Do tej pory w ramach produkt\u00f3w branded content marketingu z wysokiej p\u00f3\u0142ki zrealizowali\u015bmy m.in. \u201eMy Way\u201d, \u201eLEGO Masters\u201d czy \u201eTotalne remonty Szel\u0105gowskiej\u201d. Ka\u017cdy z tych tytu\u0142\u00f3w zosta\u0142 entuzjastycznie przyj\u0119ty przez widz\u00f3w, cieszy\u0142 si\u0119 du\u017c\u0105 popularno\u015bci\u0105 w swoich pasmach. Teraz idziemy o krok dalej i przecieramy nowy szlak &#8211; serialowy. Wierz\u0119, \u017ce wraz z E. Wedlem uda nam si\u0119 zrobi\u0107 ambitn\u0105 produkcj\u0119 telewizyjn\u0105, kt\u00f3ra podbije serca ludzi i b\u0119dzie kolejnym dowodem na to, jak ogromny potencja\u0142 tkwi w dzia\u0142aniach opartych o branded contetnt &#8211; informuje Jacek Szymczyk.&#13;<br \/>\n&#13;<br \/>\n&#13;<br \/>\n&#13;<br \/>\n&#13;<br \/>\nUdzia\u0142 TVN w rynku telewizyjnym w\u015br\u00f3d wszystkich widz\u00f3w w 2020 roku wyni\u00f3s\u0142 7,49 proc.&#13;<br \/>\n                                                        &#13;<br \/>\n                            &#13;<br \/>\n                            &#13;<br \/>\n                                                            &#13;<br \/>\n&#13;<br \/>\n                            &#13;<\/p>\n<p>\n<!--noindex--><br \/>\n<a href=\"https:\/\/www.wirtualnemedia.pl\/artykul\/tvn-serial-e-wedel-historia-powstania-170-lat-kto-zalozycielem\" rel=\"nofollow\">Source link <\/a><br \/>\n<!--\/noindex--><\/p>\n","protected":false},"excerpt":{"rendered":"<p>Wsp\u00f3lny projekt TVN Grupy Discovery i E.Wedel ma by\u0107 uhonorowaniem 170-lecia marki s\u0142odyczy. Serial b\u0119dzie liczy\u0142 kilka godzinnych odcink\u00f3w. B\u0119dzie emitowany w TVN w jesiennej ram\u00f3wce 2021 roku w \u015bcis\u0142ym prime-time stacji. Na chwil\u0119 obecn\u0105 nadawca nie zdradza tytu\u0142u, fabu\u0142y oraz obsady produkcji.&#13; &#13; &#8211; W tym roku obchodzimy jubileusz 170-lecia istnienia marki E.Wedel. Z [&hellip;]<\/p>\n","protected":false},"author":2,"featured_media":4953,"comment_status":"open","ping_status":"open","sticky":false,"template":"","format":"standard","meta":{"footnotes":""},"categories":[3],"tags":[],"class_list":["post-4952","post","type-post","status-publish","format-standard","has-post-thumbnail","hentry","category-wiadomosci-medialne-spoleczne"],"yoast_head":"<!-- This site is optimized with the Yoast SEO plugin v27.4 - https:\/\/yoast.com\/product\/yoast-seo-wordpress\/ -->\n<title>TVN Grupa Discovery we wsp\u00f3\u0142pracy z E.Wedel produkuje cotygodniowy serial, premiera jesieni\u0105 w TVN - Hot News in World<\/title>\n<meta name=\"robots\" content=\"index, follow, max-snippet:-1, max-image-preview:large, max-video-preview:-1\" \/>\n<link rel=\"canonical\" href=\"https:\/\/hotnewsinworld.com\/pl\/tvn-grupa-discovery-we-wspolpracy-z-e-wedel-produkuje-cotygodniowy-serial-premiera-jesienia-w-tvn\/\" \/>\n<meta property=\"og:locale\" content=\"pl_PL\" \/>\n<meta property=\"og:type\" content=\"article\" \/>\n<meta property=\"og:title\" content=\"TVN Grupa Discovery we wsp\u00f3\u0142pracy z E.Wedel produkuje cotygodniowy serial, premiera jesieni\u0105 w TVN - Hot News in World\" \/>\n<meta property=\"og:description\" content=\"Wsp\u00f3lny projekt TVN Grupy Discovery i E.Wedel ma by\u0107 uhonorowaniem 170-lecia marki s\u0142odyczy. Serial b\u0119dzie liczy\u0142 kilka godzinnych odcink\u00f3w. B\u0119dzie emitowany w TVN w jesiennej ram\u00f3wce 2021 roku w \u015bcis\u0142ym prime-time stacji. Na chwil\u0119 obecn\u0105 nadawca nie zdradza tytu\u0142u, fabu\u0142y oraz obsady produkcji.&#013; &#013; &#8211; W tym roku obchodzimy jubileusz 170-lecia istnienia marki E.Wedel. Z [&hellip;]\" \/>\n<meta property=\"og:url\" content=\"https:\/\/hotnewsinworld.com\/pl\/tvn-grupa-discovery-we-wspolpracy-z-e-wedel-produkuje-cotygodniowy-serial-premiera-jesienia-w-tvn\/\" \/>\n<meta property=\"og:site_name\" content=\"Hot News in World\" \/>\n<meta property=\"article:published_time\" content=\"2021-05-19T15:05:09+00:00\" \/>\n<meta property=\"article:modified_time\" content=\"2021-05-19T15:05:12+00:00\" \/>\n<meta property=\"og:image\" content=\"https:\/\/hotnewsinworld.com\/pl\/wp-content\/uploads\/sites\/6\/2021\/05\/TVN-Grupa-Discovery-we-wspolpracy-z-EWedel-produkuje-cotygodniowy-serial.png\" \/>\n\t<meta property=\"og:image:width\" content=\"655\" \/>\n\t<meta property=\"og:image:height\" content=\"433\" \/>\n\t<meta property=\"og:image:type\" content=\"image\/png\" \/>\n<meta name=\"author\" content=\"hotnewsinworld\" \/>\n<meta name=\"twitter:card\" content=\"summary_large_image\" \/>\n<meta name=\"twitter:label1\" content=\"Napisane przez\" \/>\n\t<meta name=\"twitter:data1\" content=\"hotnewsinworld\" \/>\n\t<meta name=\"twitter:label2\" content=\"Szacowany czas czytania\" \/>\n\t<meta name=\"twitter:data2\" content=\"3 minuty\" \/>\n<script type=\"application\/ld+json\" class=\"yoast-schema-graph\">{\"@context\":\"https:\\\/\\\/schema.org\",\"@graph\":[{\"@type\":\"Article\",\"@id\":\"https:\\\/\\\/hotnewsinworld.com\\\/pl\\\/tvn-grupa-discovery-we-wspolpracy-z-e-wedel-produkuje-cotygodniowy-serial-premiera-jesienia-w-tvn\\\/#article\",\"isPartOf\":{\"@id\":\"https:\\\/\\\/hotnewsinworld.com\\\/pl\\\/tvn-grupa-discovery-we-wspolpracy-z-e-wedel-produkuje-cotygodniowy-serial-premiera-jesienia-w-tvn\\\/\"},\"author\":{\"name\":\"hotnewsinworld\",\"@id\":\"https:\\\/\\\/hotnewsinworld.com\\\/pl\\\/#\\\/schema\\\/person\\\/fe61448b21c0d59086e75fcc1f9d8f6b\"},\"headline\":\"TVN Grupa Discovery we wsp\u00f3\u0142pracy z E.Wedel produkuje cotygodniowy serial, premiera jesieni\u0105 w TVN\",\"datePublished\":\"2021-05-19T15:05:09+00:00\",\"dateModified\":\"2021-05-19T15:05:12+00:00\",\"mainEntityOfPage\":{\"@id\":\"https:\\\/\\\/hotnewsinworld.com\\\/pl\\\/tvn-grupa-discovery-we-wspolpracy-z-e-wedel-produkuje-cotygodniowy-serial-premiera-jesienia-w-tvn\\\/\"},\"wordCount\":563,\"commentCount\":0,\"image\":{\"@id\":\"https:\\\/\\\/hotnewsinworld.com\\\/pl\\\/tvn-grupa-discovery-we-wspolpracy-z-e-wedel-produkuje-cotygodniowy-serial-premiera-jesienia-w-tvn\\\/#primaryimage\"},\"thumbnailUrl\":\"https:\\\/\\\/hotnewsinworld.com\\\/pl\\\/wp-content\\\/uploads\\\/sites\\\/6\\\/2021\\\/05\\\/TVN-Grupa-Discovery-we-wspolpracy-z-EWedel-produkuje-cotygodniowy-serial.png\",\"articleSection\":[\"WIADOMO\u015aCI MEDIALNE SPO\u0141ECZNE\"],\"inLanguage\":\"pl-PL\",\"potentialAction\":[{\"@type\":\"CommentAction\",\"name\":\"Comment\",\"target\":[\"https:\\\/\\\/hotnewsinworld.com\\\/pl\\\/tvn-grupa-discovery-we-wspolpracy-z-e-wedel-produkuje-cotygodniowy-serial-premiera-jesienia-w-tvn\\\/#respond\"]}]},{\"@type\":\"WebPage\",\"@id\":\"https:\\\/\\\/hotnewsinworld.com\\\/pl\\\/tvn-grupa-discovery-we-wspolpracy-z-e-wedel-produkuje-cotygodniowy-serial-premiera-jesienia-w-tvn\\\/\",\"url\":\"https:\\\/\\\/hotnewsinworld.com\\\/pl\\\/tvn-grupa-discovery-we-wspolpracy-z-e-wedel-produkuje-cotygodniowy-serial-premiera-jesienia-w-tvn\\\/\",\"name\":\"TVN Grupa Discovery we wsp\u00f3\u0142pracy z E.Wedel produkuje cotygodniowy serial, premiera jesieni\u0105 w TVN - Hot News in World\",\"isPartOf\":{\"@id\":\"https:\\\/\\\/hotnewsinworld.com\\\/pl\\\/#website\"},\"primaryImageOfPage\":{\"@id\":\"https:\\\/\\\/hotnewsinworld.com\\\/pl\\\/tvn-grupa-discovery-we-wspolpracy-z-e-wedel-produkuje-cotygodniowy-serial-premiera-jesienia-w-tvn\\\/#primaryimage\"},\"image\":{\"@id\":\"https:\\\/\\\/hotnewsinworld.com\\\/pl\\\/tvn-grupa-discovery-we-wspolpracy-z-e-wedel-produkuje-cotygodniowy-serial-premiera-jesienia-w-tvn\\\/#primaryimage\"},\"thumbnailUrl\":\"https:\\\/\\\/hotnewsinworld.com\\\/pl\\\/wp-content\\\/uploads\\\/sites\\\/6\\\/2021\\\/05\\\/TVN-Grupa-Discovery-we-wspolpracy-z-EWedel-produkuje-cotygodniowy-serial.png\",\"datePublished\":\"2021-05-19T15:05:09+00:00\",\"dateModified\":\"2021-05-19T15:05:12+00:00\",\"author\":{\"@id\":\"https:\\\/\\\/hotnewsinworld.com\\\/pl\\\/#\\\/schema\\\/person\\\/fe61448b21c0d59086e75fcc1f9d8f6b\"},\"breadcrumb\":{\"@id\":\"https:\\\/\\\/hotnewsinworld.com\\\/pl\\\/tvn-grupa-discovery-we-wspolpracy-z-e-wedel-produkuje-cotygodniowy-serial-premiera-jesienia-w-tvn\\\/#breadcrumb\"},\"inLanguage\":\"pl-PL\",\"potentialAction\":[{\"@type\":\"ReadAction\",\"target\":[\"https:\\\/\\\/hotnewsinworld.com\\\/pl\\\/tvn-grupa-discovery-we-wspolpracy-z-e-wedel-produkuje-cotygodniowy-serial-premiera-jesienia-w-tvn\\\/\"]}]},{\"@type\":\"ImageObject\",\"inLanguage\":\"pl-PL\",\"@id\":\"https:\\\/\\\/hotnewsinworld.com\\\/pl\\\/tvn-grupa-discovery-we-wspolpracy-z-e-wedel-produkuje-cotygodniowy-serial-premiera-jesienia-w-tvn\\\/#primaryimage\",\"url\":\"https:\\\/\\\/hotnewsinworld.com\\\/pl\\\/wp-content\\\/uploads\\\/sites\\\/6\\\/2021\\\/05\\\/TVN-Grupa-Discovery-we-wspolpracy-z-EWedel-produkuje-cotygodniowy-serial.png\",\"contentUrl\":\"https:\\\/\\\/hotnewsinworld.com\\\/pl\\\/wp-content\\\/uploads\\\/sites\\\/6\\\/2021\\\/05\\\/TVN-Grupa-Discovery-we-wspolpracy-z-EWedel-produkuje-cotygodniowy-serial.png\",\"width\":655,\"height\":433,\"caption\":\"Article\"},{\"@type\":\"BreadcrumbList\",\"@id\":\"https:\\\/\\\/hotnewsinworld.com\\\/pl\\\/tvn-grupa-discovery-we-wspolpracy-z-e-wedel-produkuje-cotygodniowy-serial-premiera-jesienia-w-tvn\\\/#breadcrumb\",\"itemListElement\":[{\"@type\":\"ListItem\",\"position\":1,\"name\":\"\u0413\u043b\u0430\u0432\u043d\u0430\u044f \u0441\u0442\u0440\u0430\u043d\u0438\u0446\u0430\",\"item\":\"https:\\\/\\\/hotnewsinworld.com\\\/pl\\\/\"},{\"@type\":\"ListItem\",\"position\":2,\"name\":\"TVN Grupa Discovery we wsp\u00f3\u0142pracy z E.Wedel produkuje cotygodniowy serial, premiera jesieni\u0105 w TVN\"}]},{\"@type\":\"WebSite\",\"@id\":\"https:\\\/\\\/hotnewsinworld.com\\\/pl\\\/#website\",\"url\":\"https:\\\/\\\/hotnewsinworld.com\\\/pl\\\/\",\"name\":\"Hot News in World\",\"description\":\"Hot News in World Polska\",\"potentialAction\":[{\"@type\":\"SearchAction\",\"target\":{\"@type\":\"EntryPoint\",\"urlTemplate\":\"https:\\\/\\\/hotnewsinworld.com\\\/pl\\\/?s={search_term_string}\"},\"query-input\":{\"@type\":\"PropertyValueSpecification\",\"valueRequired\":true,\"valueName\":\"search_term_string\"}}],\"inLanguage\":\"pl-PL\"},{\"@type\":\"Person\",\"@id\":\"https:\\\/\\\/hotnewsinworld.com\\\/pl\\\/#\\\/schema\\\/person\\\/fe61448b21c0d59086e75fcc1f9d8f6b\",\"name\":\"hotnewsinworld\",\"image\":{\"@type\":\"ImageObject\",\"inLanguage\":\"pl-PL\",\"@id\":\"https:\\\/\\\/secure.gravatar.com\\\/avatar\\\/8a09ac165600ce2e1c38fe593c63928eb1e6e7ba5c5a907d67787c41b3d00c14?s=96&d=mm&r=g\",\"url\":\"https:\\\/\\\/secure.gravatar.com\\\/avatar\\\/8a09ac165600ce2e1c38fe593c63928eb1e6e7ba5c5a907d67787c41b3d00c14?s=96&d=mm&r=g\",\"contentUrl\":\"https:\\\/\\\/secure.gravatar.com\\\/avatar\\\/8a09ac165600ce2e1c38fe593c63928eb1e6e7ba5c5a907d67787c41b3d00c14?s=96&d=mm&r=g\",\"caption\":\"hotnewsinworld\"},\"url\":\"https:\\\/\\\/hotnewsinworld.com\\\/pl\\\/author\\\/pt\\\/\"}]}<\/script>\n<!-- \/ Yoast SEO plugin. -->","yoast_head_json":{"title":"TVN Grupa Discovery we wsp\u00f3\u0142pracy z E.Wedel produkuje cotygodniowy serial, premiera jesieni\u0105 w TVN - Hot News in World","robots":{"index":"index","follow":"follow","max-snippet":"max-snippet:-1","max-image-preview":"max-image-preview:large","max-video-preview":"max-video-preview:-1"},"canonical":"https:\/\/hotnewsinworld.com\/pl\/tvn-grupa-discovery-we-wspolpracy-z-e-wedel-produkuje-cotygodniowy-serial-premiera-jesienia-w-tvn\/","og_locale":"pl_PL","og_type":"article","og_title":"TVN Grupa Discovery we wsp\u00f3\u0142pracy z E.Wedel produkuje cotygodniowy serial, premiera jesieni\u0105 w TVN - Hot News in World","og_description":"Wsp\u00f3lny projekt TVN Grupy Discovery i E.Wedel ma by\u0107 uhonorowaniem 170-lecia marki s\u0142odyczy. Serial b\u0119dzie liczy\u0142 kilka godzinnych odcink\u00f3w. B\u0119dzie emitowany w TVN w jesiennej ram\u00f3wce 2021 roku w \u015bcis\u0142ym prime-time stacji. Na chwil\u0119 obecn\u0105 nadawca nie zdradza tytu\u0142u, fabu\u0142y oraz obsady produkcji.&#13; &#13; &#8211; W tym roku obchodzimy jubileusz 170-lecia istnienia marki E.Wedel. Z [&hellip;]","og_url":"https:\/\/hotnewsinworld.com\/pl\/tvn-grupa-discovery-we-wspolpracy-z-e-wedel-produkuje-cotygodniowy-serial-premiera-jesienia-w-tvn\/","og_site_name":"Hot News in World","article_published_time":"2021-05-19T15:05:09+00:00","article_modified_time":"2021-05-19T15:05:12+00:00","og_image":[{"width":655,"height":433,"url":"https:\/\/hotnewsinworld.com\/pl\/wp-content\/uploads\/sites\/6\/2021\/05\/TVN-Grupa-Discovery-we-wspolpracy-z-EWedel-produkuje-cotygodniowy-serial.png","type":"image\/png"}],"author":"hotnewsinworld","twitter_card":"summary_large_image","twitter_misc":{"Napisane przez":"hotnewsinworld","Szacowany czas czytania":"3 minuty"},"schema":{"@context":"https:\/\/schema.org","@graph":[{"@type":"Article","@id":"https:\/\/hotnewsinworld.com\/pl\/tvn-grupa-discovery-we-wspolpracy-z-e-wedel-produkuje-cotygodniowy-serial-premiera-jesienia-w-tvn\/#article","isPartOf":{"@id":"https:\/\/hotnewsinworld.com\/pl\/tvn-grupa-discovery-we-wspolpracy-z-e-wedel-produkuje-cotygodniowy-serial-premiera-jesienia-w-tvn\/"},"author":{"name":"hotnewsinworld","@id":"https:\/\/hotnewsinworld.com\/pl\/#\/schema\/person\/fe61448b21c0d59086e75fcc1f9d8f6b"},"headline":"TVN Grupa Discovery we wsp\u00f3\u0142pracy z E.Wedel produkuje cotygodniowy serial, premiera jesieni\u0105 w TVN","datePublished":"2021-05-19T15:05:09+00:00","dateModified":"2021-05-19T15:05:12+00:00","mainEntityOfPage":{"@id":"https:\/\/hotnewsinworld.com\/pl\/tvn-grupa-discovery-we-wspolpracy-z-e-wedel-produkuje-cotygodniowy-serial-premiera-jesienia-w-tvn\/"},"wordCount":563,"commentCount":0,"image":{"@id":"https:\/\/hotnewsinworld.com\/pl\/tvn-grupa-discovery-we-wspolpracy-z-e-wedel-produkuje-cotygodniowy-serial-premiera-jesienia-w-tvn\/#primaryimage"},"thumbnailUrl":"https:\/\/hotnewsinworld.com\/pl\/wp-content\/uploads\/sites\/6\/2021\/05\/TVN-Grupa-Discovery-we-wspolpracy-z-EWedel-produkuje-cotygodniowy-serial.png","articleSection":["WIADOMO\u015aCI MEDIALNE SPO\u0141ECZNE"],"inLanguage":"pl-PL","potentialAction":[{"@type":"CommentAction","name":"Comment","target":["https:\/\/hotnewsinworld.com\/pl\/tvn-grupa-discovery-we-wspolpracy-z-e-wedel-produkuje-cotygodniowy-serial-premiera-jesienia-w-tvn\/#respond"]}]},{"@type":"WebPage","@id":"https:\/\/hotnewsinworld.com\/pl\/tvn-grupa-discovery-we-wspolpracy-z-e-wedel-produkuje-cotygodniowy-serial-premiera-jesienia-w-tvn\/","url":"https:\/\/hotnewsinworld.com\/pl\/tvn-grupa-discovery-we-wspolpracy-z-e-wedel-produkuje-cotygodniowy-serial-premiera-jesienia-w-tvn\/","name":"TVN Grupa Discovery we wsp\u00f3\u0142pracy z E.Wedel produkuje cotygodniowy serial, premiera jesieni\u0105 w TVN - Hot News in World","isPartOf":{"@id":"https:\/\/hotnewsinworld.com\/pl\/#website"},"primaryImageOfPage":{"@id":"https:\/\/hotnewsinworld.com\/pl\/tvn-grupa-discovery-we-wspolpracy-z-e-wedel-produkuje-cotygodniowy-serial-premiera-jesienia-w-tvn\/#primaryimage"},"image":{"@id":"https:\/\/hotnewsinworld.com\/pl\/tvn-grupa-discovery-we-wspolpracy-z-e-wedel-produkuje-cotygodniowy-serial-premiera-jesienia-w-tvn\/#primaryimage"},"thumbnailUrl":"https:\/\/hotnewsinworld.com\/pl\/wp-content\/uploads\/sites\/6\/2021\/05\/TVN-Grupa-Discovery-we-wspolpracy-z-EWedel-produkuje-cotygodniowy-serial.png","datePublished":"2021-05-19T15:05:09+00:00","dateModified":"2021-05-19T15:05:12+00:00","author":{"@id":"https:\/\/hotnewsinworld.com\/pl\/#\/schema\/person\/fe61448b21c0d59086e75fcc1f9d8f6b"},"breadcrumb":{"@id":"https:\/\/hotnewsinworld.com\/pl\/tvn-grupa-discovery-we-wspolpracy-z-e-wedel-produkuje-cotygodniowy-serial-premiera-jesienia-w-tvn\/#breadcrumb"},"inLanguage":"pl-PL","potentialAction":[{"@type":"ReadAction","target":["https:\/\/hotnewsinworld.com\/pl\/tvn-grupa-discovery-we-wspolpracy-z-e-wedel-produkuje-cotygodniowy-serial-premiera-jesienia-w-tvn\/"]}]},{"@type":"ImageObject","inLanguage":"pl-PL","@id":"https:\/\/hotnewsinworld.com\/pl\/tvn-grupa-discovery-we-wspolpracy-z-e-wedel-produkuje-cotygodniowy-serial-premiera-jesienia-w-tvn\/#primaryimage","url":"https:\/\/hotnewsinworld.com\/pl\/wp-content\/uploads\/sites\/6\/2021\/05\/TVN-Grupa-Discovery-we-wspolpracy-z-EWedel-produkuje-cotygodniowy-serial.png","contentUrl":"https:\/\/hotnewsinworld.com\/pl\/wp-content\/uploads\/sites\/6\/2021\/05\/TVN-Grupa-Discovery-we-wspolpracy-z-EWedel-produkuje-cotygodniowy-serial.png","width":655,"height":433,"caption":"Article"},{"@type":"BreadcrumbList","@id":"https:\/\/hotnewsinworld.com\/pl\/tvn-grupa-discovery-we-wspolpracy-z-e-wedel-produkuje-cotygodniowy-serial-premiera-jesienia-w-tvn\/#breadcrumb","itemListElement":[{"@type":"ListItem","position":1,"name":"\u0413\u043b\u0430\u0432\u043d\u0430\u044f \u0441\u0442\u0440\u0430\u043d\u0438\u0446\u0430","item":"https:\/\/hotnewsinworld.com\/pl\/"},{"@type":"ListItem","position":2,"name":"TVN Grupa Discovery we wsp\u00f3\u0142pracy z E.Wedel produkuje cotygodniowy serial, premiera jesieni\u0105 w TVN"}]},{"@type":"WebSite","@id":"https:\/\/hotnewsinworld.com\/pl\/#website","url":"https:\/\/hotnewsinworld.com\/pl\/","name":"Hot News in World","description":"Hot News in World Polska","potentialAction":[{"@type":"SearchAction","target":{"@type":"EntryPoint","urlTemplate":"https:\/\/hotnewsinworld.com\/pl\/?s={search_term_string}"},"query-input":{"@type":"PropertyValueSpecification","valueRequired":true,"valueName":"search_term_string"}}],"inLanguage":"pl-PL"},{"@type":"Person","@id":"https:\/\/hotnewsinworld.com\/pl\/#\/schema\/person\/fe61448b21c0d59086e75fcc1f9d8f6b","name":"hotnewsinworld","image":{"@type":"ImageObject","inLanguage":"pl-PL","@id":"https:\/\/secure.gravatar.com\/avatar\/8a09ac165600ce2e1c38fe593c63928eb1e6e7ba5c5a907d67787c41b3d00c14?s=96&d=mm&r=g","url":"https:\/\/secure.gravatar.com\/avatar\/8a09ac165600ce2e1c38fe593c63928eb1e6e7ba5c5a907d67787c41b3d00c14?s=96&d=mm&r=g","contentUrl":"https:\/\/secure.gravatar.com\/avatar\/8a09ac165600ce2e1c38fe593c63928eb1e6e7ba5c5a907d67787c41b3d00c14?s=96&d=mm&r=g","caption":"hotnewsinworld"},"url":"https:\/\/hotnewsinworld.com\/pl\/author\/pt\/"}]}},"_links":{"self":[{"href":"https:\/\/hotnewsinworld.com\/pl\/wp-json\/wp\/v2\/posts\/4952","targetHints":{"allow":["GET"]}}],"collection":[{"href":"https:\/\/hotnewsinworld.com\/pl\/wp-json\/wp\/v2\/posts"}],"about":[{"href":"https:\/\/hotnewsinworld.com\/pl\/wp-json\/wp\/v2\/types\/post"}],"author":[{"embeddable":true,"href":"https:\/\/hotnewsinworld.com\/pl\/wp-json\/wp\/v2\/users\/2"}],"replies":[{"embeddable":true,"href":"https:\/\/hotnewsinworld.com\/pl\/wp-json\/wp\/v2\/comments?post=4952"}],"version-history":[{"count":1,"href":"https:\/\/hotnewsinworld.com\/pl\/wp-json\/wp\/v2\/posts\/4952\/revisions"}],"predecessor-version":[{"id":4954,"href":"https:\/\/hotnewsinworld.com\/pl\/wp-json\/wp\/v2\/posts\/4952\/revisions\/4954"}],"wp:featuredmedia":[{"embeddable":true,"href":"https:\/\/hotnewsinworld.com\/pl\/wp-json\/wp\/v2\/media\/4953"}],"wp:attachment":[{"href":"https:\/\/hotnewsinworld.com\/pl\/wp-json\/wp\/v2\/media?parent=4952"}],"wp:term":[{"taxonomy":"category","embeddable":true,"href":"https:\/\/hotnewsinworld.com\/pl\/wp-json\/wp\/v2\/categories?post=4952"},{"taxonomy":"post_tag","embeddable":true,"href":"https:\/\/hotnewsinworld.com\/pl\/wp-json\/wp\/v2\/tags?post=4952"}],"curies":[{"name":"wp","href":"https:\/\/api.w.org\/{rel}","templated":true}]}}