{"id":641,"date":"2019-07-24T22:26:34","date_gmt":"2019-07-24T19:26:34","guid":{"rendered":"https:\/\/hotnewsinworld.com\/pl\/polska-izba-ubezpieczen-z-kampania-niezaklinaj\/"},"modified":"2019-07-24T22:26:35","modified_gmt":"2019-07-24T19:26:35","slug":"polska-izba-ubezpieczen-z-kampania-niezaklinaj","status":"publish","type":"post","link":"https:\/\/hotnewsinworld.com\/pl\/polska-izba-ubezpieczen-z-kampania-niezaklinaj\/","title":{"rendered":"Polska Izba Ubezpiecze\u0144 z kampani\u0105 #niezaklinaj"},"content":{"rendered":"<p> [ad_1]<br \/>\n<\/p>\n<div id=\"\">\n<p>Pierwszym elementem kampanii #niezaklinaj jest badanie \u015bwiadomo\u015bci zagro\u017ce\u0144 pogodowych oraz \u015bwiadomo\u015bci ubezpieczeniowej w wojew\u00f3dztwach zagro\u017conych gwa\u0142townymi zjawiskami pogodowymi (burze, wichury, powodzie), m.in. ma\u0142opolskim i podkarpackim.<\/p>\n<p>&#13;<br \/>\n&#13;<\/p>\n<p>Celem badania jest sprawdzenie, na ile Polacy s\u0105 \u015bwiadomi ryzyka pogodowego, z jakich \u017ar\u00f3de\u0142 czerpi\u0105 informacje o zagro\u017ceniach, jakie dzia\u0142ania prewencyjne podejmuj\u0105 oraz co zrobiliby po szkodzie. Ankieta obejmuje te\u017c badanie podej\u015bcia do ubezpiecze\u0144, zw\u0142aszcza dom\u00f3w i mieszka\u0144.<\/p>\n<p>&#13;<br \/>\n&#13;<\/p>\n<p>Polska Izba Ubezpiecze\u0144 przygotowa\u0142a r\u00f3wnie\u017c filmy edukacyjne oraz materia\u0142y graficzne, kt\u00f3re poka\u017c\u0105, jak najlepiej przygotowa\u0107 si\u0119 na wichury, burze, gradobicia oraz powodzie, co robi\u0107 w przypadku szkody oraz jak zg\u0142osi\u0107 j\u0105 ubezpieczycielowi.<\/p>\n<p>&#13;<br \/>\n&#13;<\/p>\n<p>Filmy pojawi\u0105 si\u0119 na blogu eksperckim PIU, blogu Na wypadek gdy, w mailingu do urz\u0119d\u00f3w gmin oraz na kana\u0142ach social media izby: Facebooku, Twitterze i YouTube.<\/p>\n<p>&#13;<br \/>\n&#13;<\/p>\n<p><iframe loading=\"lazy\" allowfullscreen=\"\" frameborder=\"0\" height=\"480\" src=\"https:\/\/tv.wirtualnemedia.pl\/embed\/nie-zaklinaj-pogody-powodz?width=640&amp;height=480\" width=\"640\"><\/iframe><\/p>\n<p>&#13;<br \/>\n&#13;<\/p>\n<p><iframe loading=\"lazy\" allowfullscreen=\"\" frameborder=\"0\" height=\"480\" src=\"https:\/\/tv.wirtualnemedia.pl\/embed\/nie-zaklinaj-pogody-tornado?width=640&amp;height=480\" width=\"640\"><\/iframe><\/p>\n<p>&#13;<br \/>\n&#13;<\/p>\n<p><iframe loading=\"lazy\" allowfullscreen=\"\" frameborder=\"0\" height=\"480\" src=\"https:\/\/tv.wirtualnemedia.pl\/embed\/nie-zaklinaj-pogody-piorun?width=640&amp;height=480\" width=\"640\"><\/iframe><\/p>\n<p>&#13;<br \/>\n&#13;<\/p>\n<p><iframe loading=\"lazy\" allowfullscreen=\"\" frameborder=\"0\" height=\"480\" src=\"https:\/\/tv.wirtualnemedia.pl\/embed\/nie-zaklinaj-pogody-grad?width=640&amp;height=480\" width=\"640\"><\/iframe><\/p>\n<p>&#13;<br \/>\n&#13;<\/p>\n<p>Organizacja przygotowa\u0142a tak\u017ce materia\u0142y edukacyjne, kt\u00f3re przeka\u017ce urz\u0119dom gmin oraz agentom ubezpieczeniowym w ca\u0142ej Polsce.<\/p>\n<p>&#13;<br \/>\n&#13;<\/p>\n<p>Cz\u0119\u015b\u0107 materia\u0142\u00f3w edukacyjnych powstanie przy wsp\u00f3\u0142pracy ze znanymi inflencerami \u2013 Janin\u0105 Daily, Jaros\u0142awem Tura\u0142\u0105 oraz Aleksandr\u0105 i Piotrem Stanis\u0142awskimi, autorami popularnego bloga Crazy Nauka. B\u0119d\u0105 oni przybli\u017ca\u0107 czytelnikom wybrane zjawiska pogodowe \u2013 jakie s\u0105 ich przyczyny, jakie nios\u0105 zagro\u017cenia i jak si\u0119 przed nimi chroni\u0107.<\/p>\n<p>&#13;<br \/>\n&#13;<\/p>\n<p>Za kreacj\u0119 i produkcj\u0119 film\u00f3w odpowiada hi Agencja. Za koncepcj\u0119 akcji i wsp\u00f3\u0142prac\u0119 z influencerami odpowiada PIU we wsp\u00f3\u0142pracy z hi Agencj\u0105 i OneMulti.<\/p>\n<p>&#13;<br \/>\n                            &#13;<br \/>\n&#13;<br \/>\n                            &#13;<br \/>\n&#13;<br \/>\n&#13;<br \/>\n&#13;<br \/>\n&#13;<br \/>\n&#13;<br \/>\n                            &#13;<br \/>\n                                                            &#13;<br \/>\n&#13;<br \/>\n                            &#13;\n                        <\/p><\/div>\n<p><script>(function (d, s, id) {\n        var js, fjs = d.getElementsByTagName(s)[0];\n        if (d.getElementById(id)) return;\n        js = d.createElement(s);\n        js.id = id;\n        js.src = \"http:\/\/connect.facebook.net\/pl_PL\/sdk.js#xfbml=1&version=v2.6&appId=297996717062470\";\n        fjs.parentNode.insertBefore(js, fjs);\n    }(document, 'script', 'facebook-jssdk'));<\/script><br \/>\n<br \/>[ad_2]<br \/>\n<br \/><a href=\"https:\/\/www.wirtualnemedia.pl\/artykul\/polska-izba-ubezpieczen-z-kampania-niezaklinaj\">Source link <\/a><\/p>\n","protected":false},"excerpt":{"rendered":"<p>[ad_1] Pierwszym elementem kampanii #niezaklinaj jest badanie \u015bwiadomo\u015bci zagro\u017ce\u0144 pogodowych oraz \u015bwiadomo\u015bci ubezpieczeniowej w wojew\u00f3dztwach zagro\u017conych gwa\u0142townymi zjawiskami pogodowymi (burze, wichury, powodzie), m.in. ma\u0142opolskim i podkarpackim. &#13; &#13; Celem badania jest sprawdzenie, na ile Polacy s\u0105 \u015bwiadomi ryzyka pogodowego, z jakich \u017ar\u00f3de\u0142 czerpi\u0105 informacje o zagro\u017ceniach, jakie dzia\u0142ania prewencyjne podejmuj\u0105 oraz co zrobiliby po szkodzie. [&hellip;]<\/p>\n","protected":false},"author":2,"featured_media":642,"comment_status":"open","ping_status":"open","sticky":false,"template":"","format":"standard","meta":{"footnotes":""},"categories":[3],"tags":[],"class_list":["post-641","post","type-post","status-publish","format-standard","has-post-thumbnail","hentry","category-wiadomosci-medialne-spoleczne"],"yoast_head":"<!-- This site is optimized with the Yoast SEO plugin v27.4 - https:\/\/yoast.com\/product\/yoast-seo-wordpress\/ -->\n<title>Polska Izba Ubezpiecze\u0144 z kampani\u0105 #niezaklinaj - Hot News in World<\/title>\n<meta name=\"robots\" content=\"index, follow, max-snippet:-1, max-image-preview:large, max-video-preview:-1\" \/>\n<link rel=\"canonical\" href=\"https:\/\/hotnewsinworld.com\/pl\/polska-izba-ubezpieczen-z-kampania-niezaklinaj\/\" \/>\n<meta property=\"og:locale\" content=\"pl_PL\" \/>\n<meta property=\"og:type\" content=\"article\" \/>\n<meta property=\"og:title\" content=\"Polska Izba Ubezpiecze\u0144 z kampani\u0105 #niezaklinaj - Hot News in World\" \/>\n<meta property=\"og:description\" content=\"[ad_1] Pierwszym elementem kampanii #niezaklinaj jest badanie \u015bwiadomo\u015bci zagro\u017ce\u0144 pogodowych oraz \u015bwiadomo\u015bci ubezpieczeniowej w wojew\u00f3dztwach zagro\u017conych gwa\u0142townymi zjawiskami pogodowymi (burze, wichury, powodzie), m.in. ma\u0142opolskim i podkarpackim. &#013; &#013; Celem badania jest sprawdzenie, na ile Polacy s\u0105 \u015bwiadomi ryzyka pogodowego, z jakich \u017ar\u00f3de\u0142 czerpi\u0105 informacje o zagro\u017ceniach, jakie dzia\u0142ania prewencyjne podejmuj\u0105 oraz co zrobiliby po szkodzie. [&hellip;]\" \/>\n<meta property=\"og:url\" content=\"https:\/\/hotnewsinworld.com\/pl\/polska-izba-ubezpieczen-z-kampania-niezaklinaj\/\" \/>\n<meta property=\"og:site_name\" content=\"Hot News in World\" \/>\n<meta property=\"article:published_time\" content=\"2019-07-24T19:26:34+00:00\" \/>\n<meta property=\"article:modified_time\" content=\"2019-07-24T19:26:35+00:00\" \/>\n<meta property=\"og:image\" content=\"https:\/\/hotnewsinworld.com\/pl\/wp-content\/uploads\/sites\/6\/2019\/07\/Polska-Izba-Ubezpiecze\u0144-z-kampani\u0105-niezaklinaj.png\" \/>\n\t<meta property=\"og:image:width\" content=\"655\" \/>\n\t<meta property=\"og:image:height\" content=\"655\" \/>\n\t<meta property=\"og:image:type\" content=\"image\/png\" \/>\n<meta name=\"author\" content=\"hotnewsinworld\" \/>\n<meta name=\"twitter:card\" content=\"summary_large_image\" \/>\n<meta name=\"twitter:label1\" content=\"Napisane przez\" \/>\n\t<meta name=\"twitter:data1\" content=\"hotnewsinworld\" \/>\n\t<meta name=\"twitter:label2\" content=\"Szacowany czas czytania\" \/>\n\t<meta name=\"twitter:data2\" content=\"1 minuta\" \/>\n<script type=\"application\/ld+json\" class=\"yoast-schema-graph\">{\"@context\":\"https:\\\/\\\/schema.org\",\"@graph\":[{\"@type\":\"Article\",\"@id\":\"https:\\\/\\\/hotnewsinworld.com\\\/pl\\\/polska-izba-ubezpieczen-z-kampania-niezaklinaj\\\/#article\",\"isPartOf\":{\"@id\":\"https:\\\/\\\/hotnewsinworld.com\\\/pl\\\/polska-izba-ubezpieczen-z-kampania-niezaklinaj\\\/\"},\"author\":{\"name\":\"hotnewsinworld\",\"@id\":\"https:\\\/\\\/hotnewsinworld.com\\\/pl\\\/#\\\/schema\\\/person\\\/fe61448b21c0d59086e75fcc1f9d8f6b\"},\"headline\":\"Polska Izba Ubezpiecze\u0144 z kampani\u0105 #niezaklinaj\",\"datePublished\":\"2019-07-24T19:26:34+00:00\",\"dateModified\":\"2019-07-24T19:26:35+00:00\",\"mainEntityOfPage\":{\"@id\":\"https:\\\/\\\/hotnewsinworld.com\\\/pl\\\/polska-izba-ubezpieczen-z-kampania-niezaklinaj\\\/\"},\"wordCount\":252,\"commentCount\":0,\"image\":{\"@id\":\"https:\\\/\\\/hotnewsinworld.com\\\/pl\\\/polska-izba-ubezpieczen-z-kampania-niezaklinaj\\\/#primaryimage\"},\"thumbnailUrl\":\"https:\\\/\\\/hotnewsinworld.com\\\/pl\\\/wp-content\\\/uploads\\\/sites\\\/6\\\/2019\\\/07\\\/Polska-Izba-Ubezpiecze\u0144-z-kampani\u0105-niezaklinaj.png\",\"articleSection\":[\"WIADOMO\u015aCI MEDIALNE SPO\u0141ECZNE\"],\"inLanguage\":\"pl-PL\",\"potentialAction\":[{\"@type\":\"CommentAction\",\"name\":\"Comment\",\"target\":[\"https:\\\/\\\/hotnewsinworld.com\\\/pl\\\/polska-izba-ubezpieczen-z-kampania-niezaklinaj\\\/#respond\"]}]},{\"@type\":\"WebPage\",\"@id\":\"https:\\\/\\\/hotnewsinworld.com\\\/pl\\\/polska-izba-ubezpieczen-z-kampania-niezaklinaj\\\/\",\"url\":\"https:\\\/\\\/hotnewsinworld.com\\\/pl\\\/polska-izba-ubezpieczen-z-kampania-niezaklinaj\\\/\",\"name\":\"Polska Izba Ubezpiecze\u0144 z kampani\u0105 #niezaklinaj - Hot News in World\",\"isPartOf\":{\"@id\":\"https:\\\/\\\/hotnewsinworld.com\\\/pl\\\/#website\"},\"primaryImageOfPage\":{\"@id\":\"https:\\\/\\\/hotnewsinworld.com\\\/pl\\\/polska-izba-ubezpieczen-z-kampania-niezaklinaj\\\/#primaryimage\"},\"image\":{\"@id\":\"https:\\\/\\\/hotnewsinworld.com\\\/pl\\\/polska-izba-ubezpieczen-z-kampania-niezaklinaj\\\/#primaryimage\"},\"thumbnailUrl\":\"https:\\\/\\\/hotnewsinworld.com\\\/pl\\\/wp-content\\\/uploads\\\/sites\\\/6\\\/2019\\\/07\\\/Polska-Izba-Ubezpiecze\u0144-z-kampani\u0105-niezaklinaj.png\",\"datePublished\":\"2019-07-24T19:26:34+00:00\",\"dateModified\":\"2019-07-24T19:26:35+00:00\",\"author\":{\"@id\":\"https:\\\/\\\/hotnewsinworld.com\\\/pl\\\/#\\\/schema\\\/person\\\/fe61448b21c0d59086e75fcc1f9d8f6b\"},\"breadcrumb\":{\"@id\":\"https:\\\/\\\/hotnewsinworld.com\\\/pl\\\/polska-izba-ubezpieczen-z-kampania-niezaklinaj\\\/#breadcrumb\"},\"inLanguage\":\"pl-PL\",\"potentialAction\":[{\"@type\":\"ReadAction\",\"target\":[\"https:\\\/\\\/hotnewsinworld.com\\\/pl\\\/polska-izba-ubezpieczen-z-kampania-niezaklinaj\\\/\"]}]},{\"@type\":\"ImageObject\",\"inLanguage\":\"pl-PL\",\"@id\":\"https:\\\/\\\/hotnewsinworld.com\\\/pl\\\/polska-izba-ubezpieczen-z-kampania-niezaklinaj\\\/#primaryimage\",\"url\":\"https:\\\/\\\/hotnewsinworld.com\\\/pl\\\/wp-content\\\/uploads\\\/sites\\\/6\\\/2019\\\/07\\\/Polska-Izba-Ubezpiecze\u0144-z-kampani\u0105-niezaklinaj.png\",\"contentUrl\":\"https:\\\/\\\/hotnewsinworld.com\\\/pl\\\/wp-content\\\/uploads\\\/sites\\\/6\\\/2019\\\/07\\\/Polska-Izba-Ubezpiecze\u0144-z-kampani\u0105-niezaklinaj.png\",\"width\":655,\"height\":655,\"caption\":\"Article\"},{\"@type\":\"BreadcrumbList\",\"@id\":\"https:\\\/\\\/hotnewsinworld.com\\\/pl\\\/polska-izba-ubezpieczen-z-kampania-niezaklinaj\\\/#breadcrumb\",\"itemListElement\":[{\"@type\":\"ListItem\",\"position\":1,\"name\":\"\u0413\u043b\u0430\u0432\u043d\u0430\u044f \u0441\u0442\u0440\u0430\u043d\u0438\u0446\u0430\",\"item\":\"https:\\\/\\\/hotnewsinworld.com\\\/pl\\\/\"},{\"@type\":\"ListItem\",\"position\":2,\"name\":\"Polska Izba Ubezpiecze\u0144 z kampani\u0105 #niezaklinaj\"}]},{\"@type\":\"WebSite\",\"@id\":\"https:\\\/\\\/hotnewsinworld.com\\\/pl\\\/#website\",\"url\":\"https:\\\/\\\/hotnewsinworld.com\\\/pl\\\/\",\"name\":\"Hot News in World\",\"description\":\"Hot News in World Polska\",\"potentialAction\":[{\"@type\":\"SearchAction\",\"target\":{\"@type\":\"EntryPoint\",\"urlTemplate\":\"https:\\\/\\\/hotnewsinworld.com\\\/pl\\\/?s={search_term_string}\"},\"query-input\":{\"@type\":\"PropertyValueSpecification\",\"valueRequired\":true,\"valueName\":\"search_term_string\"}}],\"inLanguage\":\"pl-PL\"},{\"@type\":\"Person\",\"@id\":\"https:\\\/\\\/hotnewsinworld.com\\\/pl\\\/#\\\/schema\\\/person\\\/fe61448b21c0d59086e75fcc1f9d8f6b\",\"name\":\"hotnewsinworld\",\"image\":{\"@type\":\"ImageObject\",\"inLanguage\":\"pl-PL\",\"@id\":\"https:\\\/\\\/secure.gravatar.com\\\/avatar\\\/8a09ac165600ce2e1c38fe593c63928eb1e6e7ba5c5a907d67787c41b3d00c14?s=96&d=mm&r=g\",\"url\":\"https:\\\/\\\/secure.gravatar.com\\\/avatar\\\/8a09ac165600ce2e1c38fe593c63928eb1e6e7ba5c5a907d67787c41b3d00c14?s=96&d=mm&r=g\",\"contentUrl\":\"https:\\\/\\\/secure.gravatar.com\\\/avatar\\\/8a09ac165600ce2e1c38fe593c63928eb1e6e7ba5c5a907d67787c41b3d00c14?s=96&d=mm&r=g\",\"caption\":\"hotnewsinworld\"},\"url\":\"https:\\\/\\\/hotnewsinworld.com\\\/pl\\\/author\\\/pt\\\/\"}]}<\/script>\n<!-- \/ Yoast SEO plugin. -->","yoast_head_json":{"title":"Polska Izba Ubezpiecze\u0144 z kampani\u0105 #niezaklinaj - Hot News in World","robots":{"index":"index","follow":"follow","max-snippet":"max-snippet:-1","max-image-preview":"max-image-preview:large","max-video-preview":"max-video-preview:-1"},"canonical":"https:\/\/hotnewsinworld.com\/pl\/polska-izba-ubezpieczen-z-kampania-niezaklinaj\/","og_locale":"pl_PL","og_type":"article","og_title":"Polska Izba Ubezpiecze\u0144 z kampani\u0105 #niezaklinaj - Hot News in World","og_description":"[ad_1] Pierwszym elementem kampanii #niezaklinaj jest badanie \u015bwiadomo\u015bci zagro\u017ce\u0144 pogodowych oraz \u015bwiadomo\u015bci ubezpieczeniowej w wojew\u00f3dztwach zagro\u017conych gwa\u0142townymi zjawiskami pogodowymi (burze, wichury, powodzie), m.in. ma\u0142opolskim i podkarpackim. &#13; &#13; Celem badania jest sprawdzenie, na ile Polacy s\u0105 \u015bwiadomi ryzyka pogodowego, z jakich \u017ar\u00f3de\u0142 czerpi\u0105 informacje o zagro\u017ceniach, jakie dzia\u0142ania prewencyjne podejmuj\u0105 oraz co zrobiliby po szkodzie. [&hellip;]","og_url":"https:\/\/hotnewsinworld.com\/pl\/polska-izba-ubezpieczen-z-kampania-niezaklinaj\/","og_site_name":"Hot News in World","article_published_time":"2019-07-24T19:26:34+00:00","article_modified_time":"2019-07-24T19:26:35+00:00","og_image":[{"width":655,"height":655,"url":"https:\/\/hotnewsinworld.com\/pl\/wp-content\/uploads\/sites\/6\/2019\/07\/Polska-Izba-Ubezpiecze\u0144-z-kampani\u0105-niezaklinaj.png","type":"image\/png"}],"author":"hotnewsinworld","twitter_card":"summary_large_image","twitter_misc":{"Napisane przez":"hotnewsinworld","Szacowany czas czytania":"1 minuta"},"schema":{"@context":"https:\/\/schema.org","@graph":[{"@type":"Article","@id":"https:\/\/hotnewsinworld.com\/pl\/polska-izba-ubezpieczen-z-kampania-niezaklinaj\/#article","isPartOf":{"@id":"https:\/\/hotnewsinworld.com\/pl\/polska-izba-ubezpieczen-z-kampania-niezaklinaj\/"},"author":{"name":"hotnewsinworld","@id":"https:\/\/hotnewsinworld.com\/pl\/#\/schema\/person\/fe61448b21c0d59086e75fcc1f9d8f6b"},"headline":"Polska Izba Ubezpiecze\u0144 z kampani\u0105 #niezaklinaj","datePublished":"2019-07-24T19:26:34+00:00","dateModified":"2019-07-24T19:26:35+00:00","mainEntityOfPage":{"@id":"https:\/\/hotnewsinworld.com\/pl\/polska-izba-ubezpieczen-z-kampania-niezaklinaj\/"},"wordCount":252,"commentCount":0,"image":{"@id":"https:\/\/hotnewsinworld.com\/pl\/polska-izba-ubezpieczen-z-kampania-niezaklinaj\/#primaryimage"},"thumbnailUrl":"https:\/\/hotnewsinworld.com\/pl\/wp-content\/uploads\/sites\/6\/2019\/07\/Polska-Izba-Ubezpiecze\u0144-z-kampani\u0105-niezaklinaj.png","articleSection":["WIADOMO\u015aCI MEDIALNE SPO\u0141ECZNE"],"inLanguage":"pl-PL","potentialAction":[{"@type":"CommentAction","name":"Comment","target":["https:\/\/hotnewsinworld.com\/pl\/polska-izba-ubezpieczen-z-kampania-niezaklinaj\/#respond"]}]},{"@type":"WebPage","@id":"https:\/\/hotnewsinworld.com\/pl\/polska-izba-ubezpieczen-z-kampania-niezaklinaj\/","url":"https:\/\/hotnewsinworld.com\/pl\/polska-izba-ubezpieczen-z-kampania-niezaklinaj\/","name":"Polska Izba Ubezpiecze\u0144 z kampani\u0105 #niezaklinaj - Hot News in World","isPartOf":{"@id":"https:\/\/hotnewsinworld.com\/pl\/#website"},"primaryImageOfPage":{"@id":"https:\/\/hotnewsinworld.com\/pl\/polska-izba-ubezpieczen-z-kampania-niezaklinaj\/#primaryimage"},"image":{"@id":"https:\/\/hotnewsinworld.com\/pl\/polska-izba-ubezpieczen-z-kampania-niezaklinaj\/#primaryimage"},"thumbnailUrl":"https:\/\/hotnewsinworld.com\/pl\/wp-content\/uploads\/sites\/6\/2019\/07\/Polska-Izba-Ubezpiecze\u0144-z-kampani\u0105-niezaklinaj.png","datePublished":"2019-07-24T19:26:34+00:00","dateModified":"2019-07-24T19:26:35+00:00","author":{"@id":"https:\/\/hotnewsinworld.com\/pl\/#\/schema\/person\/fe61448b21c0d59086e75fcc1f9d8f6b"},"breadcrumb":{"@id":"https:\/\/hotnewsinworld.com\/pl\/polska-izba-ubezpieczen-z-kampania-niezaklinaj\/#breadcrumb"},"inLanguage":"pl-PL","potentialAction":[{"@type":"ReadAction","target":["https:\/\/hotnewsinworld.com\/pl\/polska-izba-ubezpieczen-z-kampania-niezaklinaj\/"]}]},{"@type":"ImageObject","inLanguage":"pl-PL","@id":"https:\/\/hotnewsinworld.com\/pl\/polska-izba-ubezpieczen-z-kampania-niezaklinaj\/#primaryimage","url":"https:\/\/hotnewsinworld.com\/pl\/wp-content\/uploads\/sites\/6\/2019\/07\/Polska-Izba-Ubezpiecze\u0144-z-kampani\u0105-niezaklinaj.png","contentUrl":"https:\/\/hotnewsinworld.com\/pl\/wp-content\/uploads\/sites\/6\/2019\/07\/Polska-Izba-Ubezpiecze\u0144-z-kampani\u0105-niezaklinaj.png","width":655,"height":655,"caption":"Article"},{"@type":"BreadcrumbList","@id":"https:\/\/hotnewsinworld.com\/pl\/polska-izba-ubezpieczen-z-kampania-niezaklinaj\/#breadcrumb","itemListElement":[{"@type":"ListItem","position":1,"name":"\u0413\u043b\u0430\u0432\u043d\u0430\u044f \u0441\u0442\u0440\u0430\u043d\u0438\u0446\u0430","item":"https:\/\/hotnewsinworld.com\/pl\/"},{"@type":"ListItem","position":2,"name":"Polska Izba Ubezpiecze\u0144 z kampani\u0105 #niezaklinaj"}]},{"@type":"WebSite","@id":"https:\/\/hotnewsinworld.com\/pl\/#website","url":"https:\/\/hotnewsinworld.com\/pl\/","name":"Hot News in World","description":"Hot News in World Polska","potentialAction":[{"@type":"SearchAction","target":{"@type":"EntryPoint","urlTemplate":"https:\/\/hotnewsinworld.com\/pl\/?s={search_term_string}"},"query-input":{"@type":"PropertyValueSpecification","valueRequired":true,"valueName":"search_term_string"}}],"inLanguage":"pl-PL"},{"@type":"Person","@id":"https:\/\/hotnewsinworld.com\/pl\/#\/schema\/person\/fe61448b21c0d59086e75fcc1f9d8f6b","name":"hotnewsinworld","image":{"@type":"ImageObject","inLanguage":"pl-PL","@id":"https:\/\/secure.gravatar.com\/avatar\/8a09ac165600ce2e1c38fe593c63928eb1e6e7ba5c5a907d67787c41b3d00c14?s=96&d=mm&r=g","url":"https:\/\/secure.gravatar.com\/avatar\/8a09ac165600ce2e1c38fe593c63928eb1e6e7ba5c5a907d67787c41b3d00c14?s=96&d=mm&r=g","contentUrl":"https:\/\/secure.gravatar.com\/avatar\/8a09ac165600ce2e1c38fe593c63928eb1e6e7ba5c5a907d67787c41b3d00c14?s=96&d=mm&r=g","caption":"hotnewsinworld"},"url":"https:\/\/hotnewsinworld.com\/pl\/author\/pt\/"}]}},"_links":{"self":[{"href":"https:\/\/hotnewsinworld.com\/pl\/wp-json\/wp\/v2\/posts\/641","targetHints":{"allow":["GET"]}}],"collection":[{"href":"https:\/\/hotnewsinworld.com\/pl\/wp-json\/wp\/v2\/posts"}],"about":[{"href":"https:\/\/hotnewsinworld.com\/pl\/wp-json\/wp\/v2\/types\/post"}],"author":[{"embeddable":true,"href":"https:\/\/hotnewsinworld.com\/pl\/wp-json\/wp\/v2\/users\/2"}],"replies":[{"embeddable":true,"href":"https:\/\/hotnewsinworld.com\/pl\/wp-json\/wp\/v2\/comments?post=641"}],"version-history":[{"count":1,"href":"https:\/\/hotnewsinworld.com\/pl\/wp-json\/wp\/v2\/posts\/641\/revisions"}],"predecessor-version":[{"id":643,"href":"https:\/\/hotnewsinworld.com\/pl\/wp-json\/wp\/v2\/posts\/641\/revisions\/643"}],"wp:featuredmedia":[{"embeddable":true,"href":"https:\/\/hotnewsinworld.com\/pl\/wp-json\/wp\/v2\/media\/642"}],"wp:attachment":[{"href":"https:\/\/hotnewsinworld.com\/pl\/wp-json\/wp\/v2\/media?parent=641"}],"wp:term":[{"taxonomy":"category","embeddable":true,"href":"https:\/\/hotnewsinworld.com\/pl\/wp-json\/wp\/v2\/categories?post=641"},{"taxonomy":"post_tag","embeddable":true,"href":"https:\/\/hotnewsinworld.com\/pl\/wp-json\/wp\/v2\/tags?post=641"}],"curies":[{"name":"wp","href":"https:\/\/api.w.org\/{rel}","templated":true}]}}