{"id":670,"date":"2019-07-25T16:18:56","date_gmt":"2019-07-25T13:18:56","guid":{"rendered":"https:\/\/hotnewsinworld.com\/pl\/w-lotosie-przybywa-ludzi-prezesa-orlenu\/"},"modified":"2019-07-25T16:18:56","modified_gmt":"2019-07-25T13:18:56","slug":"w-lotosie-przybywa-ludzi-prezesa-orlenu","status":"publish","type":"post","link":"https:\/\/hotnewsinworld.com\/pl\/w-lotosie-przybywa-ludzi-prezesa-orlenu\/","title":{"rendered":"W Lotosie przybywa ludzi prezesa Orlenu"},"content":{"rendered":"<p> [ad_1]<\/p>\n<div id=\"\">\n<p class=\"art_paragraph\">W b\u0142yskawicznym tempie nadzorowany przez premiera Mateusza Morawieckiego koncern Lotos wymieni\u0142 dw\u00f3ch wiceprezes\u00f3w. W \u015brod\u0119 wieczorem gda\u0144ska sp\u00f3\u0142ka og\u0142osi\u0142a, \u017ce jej rada nadzorcza powo\u0142a\u0142a nowych wiceprezes\u00f3w ds. finansowych oraz inwestycji i innowacji na miejsce Roberta Sobk\u00f3w i Patryka Demskiego, kt\u00f3rych po roku urz\u0119dowania odwo\u0142ano z tych stanowisk dwa tygodnie temu.<\/p>\n<h2 class=\"art_sub_title\">Kadrowe zasoby Obajtka<\/h2>\n<p class=\"art_paragraph\">Od czwartku za finanse Lotosu odpowiada wiceprezes Zofia Pary\u0142a, kt\u00f3ra do 2017 r. przez 20 lat pracowa\u0142a &#8211; m.in. jako g\u0142\u00f3wna ksi\u0119gowa &#8211; w krakowskiej firmie Elektroplast, produkuj\u0105cej sprz\u0119t elektryczny (np. gniazda). Potem przesz\u0142a do koncernu energetycznego Energa i przez ostatnie dwa lata by\u0142a wiceprezesem sp\u00f3\u0142ki Energa Centrum Us\u0142ug Wsp\u00f3lnych.<\/p>\n<p class=\"art_paragraph\">Pary\u0142a podj\u0119\u0142a prac\u0119 w Enerdze w tym czasie, kiedy szefem tego koncernu by\u0142 Daniel Obajtek &#8211; obecny prezes Orlenu. Za rz\u0105d\u00f3w Obajtka Orlen zacz\u0105\u0142 si\u0119 szykowa\u0107 do przej\u0119cia Lotosu.<\/p>\n<\/div>\n<p><script>\n\t!function(f, b, e, v, n, t, s) {\n\t\tif (f.fbq)\n\t\t\treturn;\n\t\tn = f.fbq = function() {\n\t\t\tn.callMethod ? n.callMethod.apply(n, arguments) : n.queue.push(arguments)\n\t\t};\n\t\tif (!f._fbq)\n\t\t\tf._fbq = n;\n\t\tn.push = n;\n\t\tn.loaded = !0;\n\t\tn.version = '2.0';\n\t\tn.queue = [];\n\t\tt = b.createElement(e);\n\t\tt.async = !0;\n\t\tt.src = v;\n\t\ts = b.getElementsByTagName(e)[0];\n\t\ts.parentNode.insertBefore(t, s)\n\t} (window, document, 'script', 'https:\/\/connect.facebook.net\/en_US\/fbevents.js');\n\tfbq('init', '534530363346991'); \/\/ Insert your pixel ID here.\n\tfbq('track', 'PageView');\n<\/script><script>\n\t\twindow.gazeta_pl = window.gazeta_pl || {};\n\t\twindow.gazeta_pl.functionQueue = window.gazeta_pl.functionQueue || [];\n\t\twindow.gazeta_pl.functionQueue.push(function(){\n\t\t\tsetTimeout(function() {\n                (function(d){\n                   var js, id = 'facebook-jssdk'; if (d.getElementById(id)) {return;}\n                   js = d.createElement('script'); js.id = id; js.async = true;\n                   js.src = \"http:\/\/connect.facebook.net\/pl_PL\/all.js\";\n                   d.getElementsByTagName('head')[0].appendChild(js);\n                 }(document));\n\t\t\t}, 2000);\n\t\t\tfunction facebookReady(){\n\t\t\t\tFB.init({\n\t\t\t      appId  : 199770596725532,\n\t\t\t      status : true,\n\t\t\t      cookie : true,\n\t\t\t      xfbml  : true,\n\t\t\t      oauth  : true,\n\t\t\t      version: 'v2.2'\n\t\t\t    });\n\t\t\t}\n\t\t\tif(window.FB) {\n\t\t\t\tfacebookReady();\n\t\t\t} else {\n\t\t\t\twindow.fbAsyncInit = facebookReady;\n\t\t\t}\n\t\t});\n\t\t<\/script><br \/>\n<br \/>[ad_2]<br \/>\n<br \/><a href=\"http:\/\/wyborcza.pl\/7,155287,25027583,w-lotosie-przybywa-menedzerow-z-energii-jest-tez-byly-prezes.html\">Source link <\/a><\/p>\n","protected":false},"excerpt":{"rendered":"<p>[ad_1] W b\u0142yskawicznym tempie nadzorowany przez premiera Mateusza Morawieckiego koncern Lotos wymieni\u0142 dw\u00f3ch wiceprezes\u00f3w. W \u015brod\u0119 wieczorem gda\u0144ska sp\u00f3\u0142ka og\u0142osi\u0142a, \u017ce jej rada nadzorcza powo\u0142a\u0142a nowych wiceprezes\u00f3w ds. finansowych oraz inwestycji i innowacji na miejsce Roberta Sobk\u00f3w i Patryka Demskiego, kt\u00f3rych po roku urz\u0119dowania odwo\u0142ano z tych stanowisk dwa tygodnie temu. Kadrowe zasoby Obajtka Od [&hellip;]<\/p>\n","protected":false},"author":2,"featured_media":671,"comment_status":"open","ping_status":"open","sticky":false,"template":"","format":"standard","meta":{"footnotes":""},"categories":[1],"tags":[],"class_list":["post-670","post","type-post","status-publish","format-standard","has-post-thumbnail","hentry","category-najnowsze-wiadomosci-finansowe"],"yoast_head":"<!-- This site is optimized with the Yoast SEO plugin v27.4 - https:\/\/yoast.com\/product\/yoast-seo-wordpress\/ -->\n<title>W Lotosie przybywa ludzi prezesa Orlenu - Hot News in World<\/title>\n<meta name=\"robots\" content=\"index, follow, max-snippet:-1, max-image-preview:large, max-video-preview:-1\" \/>\n<link rel=\"canonical\" href=\"https:\/\/hotnewsinworld.com\/pl\/w-lotosie-przybywa-ludzi-prezesa-orlenu\/\" \/>\n<meta property=\"og:locale\" content=\"pl_PL\" \/>\n<meta property=\"og:type\" content=\"article\" \/>\n<meta property=\"og:title\" content=\"W Lotosie przybywa ludzi prezesa Orlenu - Hot News in World\" \/>\n<meta property=\"og:description\" content=\"[ad_1] W b\u0142yskawicznym tempie nadzorowany przez premiera Mateusza Morawieckiego koncern Lotos wymieni\u0142 dw\u00f3ch wiceprezes\u00f3w. W \u015brod\u0119 wieczorem gda\u0144ska sp\u00f3\u0142ka og\u0142osi\u0142a, \u017ce jej rada nadzorcza powo\u0142a\u0142a nowych wiceprezes\u00f3w ds. finansowych oraz inwestycji i innowacji na miejsce Roberta Sobk\u00f3w i Patryka Demskiego, kt\u00f3rych po roku urz\u0119dowania odwo\u0142ano z tych stanowisk dwa tygodnie temu. Kadrowe zasoby Obajtka Od [&hellip;]\" \/>\n<meta property=\"og:url\" content=\"https:\/\/hotnewsinworld.com\/pl\/w-lotosie-przybywa-ludzi-prezesa-orlenu\/\" \/>\n<meta property=\"og:site_name\" content=\"Hot News in World\" \/>\n<meta property=\"article:published_time\" content=\"2019-07-25T13:18:56+00:00\" \/>\n<meta property=\"og:image\" content=\"https:\/\/hotnewsinworld.com\/pl\/wp-content\/uploads\/sites\/6\/2019\/07\/W-Lotosie-przybywa-ludzi-prezesa-Orlenu.jpg\" \/>\n\t<meta property=\"og:image:width\" content=\"300\" \/>\n\t<meta property=\"og:image:height\" content=\"200\" \/>\n\t<meta property=\"og:image:type\" content=\"image\/jpeg\" \/>\n<meta name=\"author\" content=\"hotnewsinworld\" \/>\n<meta name=\"twitter:card\" content=\"summary_large_image\" \/>\n<meta name=\"twitter:label1\" content=\"Napisane przez\" \/>\n\t<meta name=\"twitter:data1\" content=\"hotnewsinworld\" \/>\n\t<meta name=\"twitter:label2\" content=\"Szacowany czas czytania\" \/>\n\t<meta name=\"twitter:data2\" content=\"1 minuta\" \/>\n<script type=\"application\/ld+json\" class=\"yoast-schema-graph\">{\"@context\":\"https:\\\/\\\/schema.org\",\"@graph\":[{\"@type\":\"Article\",\"@id\":\"https:\\\/\\\/hotnewsinworld.com\\\/pl\\\/w-lotosie-przybywa-ludzi-prezesa-orlenu\\\/#article\",\"isPartOf\":{\"@id\":\"https:\\\/\\\/hotnewsinworld.com\\\/pl\\\/w-lotosie-przybywa-ludzi-prezesa-orlenu\\\/\"},\"author\":{\"name\":\"hotnewsinworld\",\"@id\":\"https:\\\/\\\/hotnewsinworld.com\\\/pl\\\/#\\\/schema\\\/person\\\/fe61448b21c0d59086e75fcc1f9d8f6b\"},\"headline\":\"W Lotosie przybywa ludzi prezesa Orlenu\",\"datePublished\":\"2019-07-25T13:18:56+00:00\",\"mainEntityOfPage\":{\"@id\":\"https:\\\/\\\/hotnewsinworld.com\\\/pl\\\/w-lotosie-przybywa-ludzi-prezesa-orlenu\\\/\"},\"wordCount\":172,\"commentCount\":0,\"image\":{\"@id\":\"https:\\\/\\\/hotnewsinworld.com\\\/pl\\\/w-lotosie-przybywa-ludzi-prezesa-orlenu\\\/#primaryimage\"},\"thumbnailUrl\":\"https:\\\/\\\/hotnewsinworld.com\\\/pl\\\/wp-content\\\/uploads\\\/sites\\\/6\\\/2019\\\/07\\\/W-Lotosie-przybywa-ludzi-prezesa-Orlenu.jpg\",\"articleSection\":[\"NAJNOWSZE WIADOMO\u015aCI FINANSOWE\"],\"inLanguage\":\"pl-PL\",\"potentialAction\":[{\"@type\":\"CommentAction\",\"name\":\"Comment\",\"target\":[\"https:\\\/\\\/hotnewsinworld.com\\\/pl\\\/w-lotosie-przybywa-ludzi-prezesa-orlenu\\\/#respond\"]}]},{\"@type\":\"WebPage\",\"@id\":\"https:\\\/\\\/hotnewsinworld.com\\\/pl\\\/w-lotosie-przybywa-ludzi-prezesa-orlenu\\\/\",\"url\":\"https:\\\/\\\/hotnewsinworld.com\\\/pl\\\/w-lotosie-przybywa-ludzi-prezesa-orlenu\\\/\",\"name\":\"W Lotosie przybywa ludzi prezesa Orlenu - Hot News in World\",\"isPartOf\":{\"@id\":\"https:\\\/\\\/hotnewsinworld.com\\\/pl\\\/#website\"},\"primaryImageOfPage\":{\"@id\":\"https:\\\/\\\/hotnewsinworld.com\\\/pl\\\/w-lotosie-przybywa-ludzi-prezesa-orlenu\\\/#primaryimage\"},\"image\":{\"@id\":\"https:\\\/\\\/hotnewsinworld.com\\\/pl\\\/w-lotosie-przybywa-ludzi-prezesa-orlenu\\\/#primaryimage\"},\"thumbnailUrl\":\"https:\\\/\\\/hotnewsinworld.com\\\/pl\\\/wp-content\\\/uploads\\\/sites\\\/6\\\/2019\\\/07\\\/W-Lotosie-przybywa-ludzi-prezesa-Orlenu.jpg\",\"datePublished\":\"2019-07-25T13:18:56+00:00\",\"author\":{\"@id\":\"https:\\\/\\\/hotnewsinworld.com\\\/pl\\\/#\\\/schema\\\/person\\\/fe61448b21c0d59086e75fcc1f9d8f6b\"},\"breadcrumb\":{\"@id\":\"https:\\\/\\\/hotnewsinworld.com\\\/pl\\\/w-lotosie-przybywa-ludzi-prezesa-orlenu\\\/#breadcrumb\"},\"inLanguage\":\"pl-PL\",\"potentialAction\":[{\"@type\":\"ReadAction\",\"target\":[\"https:\\\/\\\/hotnewsinworld.com\\\/pl\\\/w-lotosie-przybywa-ludzi-prezesa-orlenu\\\/\"]}]},{\"@type\":\"ImageObject\",\"inLanguage\":\"pl-PL\",\"@id\":\"https:\\\/\\\/hotnewsinworld.com\\\/pl\\\/w-lotosie-przybywa-ludzi-prezesa-orlenu\\\/#primaryimage\",\"url\":\"https:\\\/\\\/hotnewsinworld.com\\\/pl\\\/wp-content\\\/uploads\\\/sites\\\/6\\\/2019\\\/07\\\/W-Lotosie-przybywa-ludzi-prezesa-Orlenu.jpg\",\"contentUrl\":\"https:\\\/\\\/hotnewsinworld.com\\\/pl\\\/wp-content\\\/uploads\\\/sites\\\/6\\\/2019\\\/07\\\/W-Lotosie-przybywa-ludzi-prezesa-Orlenu.jpg\",\"width\":300,\"height\":200,\"caption\":\"W Lotosie przybywa ludzi prezesa Orlenu\"},{\"@type\":\"BreadcrumbList\",\"@id\":\"https:\\\/\\\/hotnewsinworld.com\\\/pl\\\/w-lotosie-przybywa-ludzi-prezesa-orlenu\\\/#breadcrumb\",\"itemListElement\":[{\"@type\":\"ListItem\",\"position\":1,\"name\":\"\u0413\u043b\u0430\u0432\u043d\u0430\u044f \u0441\u0442\u0440\u0430\u043d\u0438\u0446\u0430\",\"item\":\"https:\\\/\\\/hotnewsinworld.com\\\/pl\\\/\"},{\"@type\":\"ListItem\",\"position\":2,\"name\":\"W Lotosie przybywa ludzi prezesa Orlenu\"}]},{\"@type\":\"WebSite\",\"@id\":\"https:\\\/\\\/hotnewsinworld.com\\\/pl\\\/#website\",\"url\":\"https:\\\/\\\/hotnewsinworld.com\\\/pl\\\/\",\"name\":\"Hot News in World\",\"description\":\"Hot News in World Polska\",\"potentialAction\":[{\"@type\":\"SearchAction\",\"target\":{\"@type\":\"EntryPoint\",\"urlTemplate\":\"https:\\\/\\\/hotnewsinworld.com\\\/pl\\\/?s={search_term_string}\"},\"query-input\":{\"@type\":\"PropertyValueSpecification\",\"valueRequired\":true,\"valueName\":\"search_term_string\"}}],\"inLanguage\":\"pl-PL\"},{\"@type\":\"Person\",\"@id\":\"https:\\\/\\\/hotnewsinworld.com\\\/pl\\\/#\\\/schema\\\/person\\\/fe61448b21c0d59086e75fcc1f9d8f6b\",\"name\":\"hotnewsinworld\",\"image\":{\"@type\":\"ImageObject\",\"inLanguage\":\"pl-PL\",\"@id\":\"https:\\\/\\\/secure.gravatar.com\\\/avatar\\\/8a09ac165600ce2e1c38fe593c63928eb1e6e7ba5c5a907d67787c41b3d00c14?s=96&d=mm&r=g\",\"url\":\"https:\\\/\\\/secure.gravatar.com\\\/avatar\\\/8a09ac165600ce2e1c38fe593c63928eb1e6e7ba5c5a907d67787c41b3d00c14?s=96&d=mm&r=g\",\"contentUrl\":\"https:\\\/\\\/secure.gravatar.com\\\/avatar\\\/8a09ac165600ce2e1c38fe593c63928eb1e6e7ba5c5a907d67787c41b3d00c14?s=96&d=mm&r=g\",\"caption\":\"hotnewsinworld\"},\"url\":\"https:\\\/\\\/hotnewsinworld.com\\\/pl\\\/author\\\/pt\\\/\"}]}<\/script>\n<!-- \/ Yoast SEO plugin. -->","yoast_head_json":{"title":"W Lotosie przybywa ludzi prezesa Orlenu - Hot News in World","robots":{"index":"index","follow":"follow","max-snippet":"max-snippet:-1","max-image-preview":"max-image-preview:large","max-video-preview":"max-video-preview:-1"},"canonical":"https:\/\/hotnewsinworld.com\/pl\/w-lotosie-przybywa-ludzi-prezesa-orlenu\/","og_locale":"pl_PL","og_type":"article","og_title":"W Lotosie przybywa ludzi prezesa Orlenu - Hot News in World","og_description":"[ad_1] W b\u0142yskawicznym tempie nadzorowany przez premiera Mateusza Morawieckiego koncern Lotos wymieni\u0142 dw\u00f3ch wiceprezes\u00f3w. W \u015brod\u0119 wieczorem gda\u0144ska sp\u00f3\u0142ka og\u0142osi\u0142a, \u017ce jej rada nadzorcza powo\u0142a\u0142a nowych wiceprezes\u00f3w ds. finansowych oraz inwestycji i innowacji na miejsce Roberta Sobk\u00f3w i Patryka Demskiego, kt\u00f3rych po roku urz\u0119dowania odwo\u0142ano z tych stanowisk dwa tygodnie temu. Kadrowe zasoby Obajtka Od [&hellip;]","og_url":"https:\/\/hotnewsinworld.com\/pl\/w-lotosie-przybywa-ludzi-prezesa-orlenu\/","og_site_name":"Hot News in World","article_published_time":"2019-07-25T13:18:56+00:00","og_image":[{"width":300,"height":200,"url":"https:\/\/hotnewsinworld.com\/pl\/wp-content\/uploads\/sites\/6\/2019\/07\/W-Lotosie-przybywa-ludzi-prezesa-Orlenu.jpg","type":"image\/jpeg"}],"author":"hotnewsinworld","twitter_card":"summary_large_image","twitter_misc":{"Napisane przez":"hotnewsinworld","Szacowany czas czytania":"1 minuta"},"schema":{"@context":"https:\/\/schema.org","@graph":[{"@type":"Article","@id":"https:\/\/hotnewsinworld.com\/pl\/w-lotosie-przybywa-ludzi-prezesa-orlenu\/#article","isPartOf":{"@id":"https:\/\/hotnewsinworld.com\/pl\/w-lotosie-przybywa-ludzi-prezesa-orlenu\/"},"author":{"name":"hotnewsinworld","@id":"https:\/\/hotnewsinworld.com\/pl\/#\/schema\/person\/fe61448b21c0d59086e75fcc1f9d8f6b"},"headline":"W Lotosie przybywa ludzi prezesa Orlenu","datePublished":"2019-07-25T13:18:56+00:00","mainEntityOfPage":{"@id":"https:\/\/hotnewsinworld.com\/pl\/w-lotosie-przybywa-ludzi-prezesa-orlenu\/"},"wordCount":172,"commentCount":0,"image":{"@id":"https:\/\/hotnewsinworld.com\/pl\/w-lotosie-przybywa-ludzi-prezesa-orlenu\/#primaryimage"},"thumbnailUrl":"https:\/\/hotnewsinworld.com\/pl\/wp-content\/uploads\/sites\/6\/2019\/07\/W-Lotosie-przybywa-ludzi-prezesa-Orlenu.jpg","articleSection":["NAJNOWSZE WIADOMO\u015aCI FINANSOWE"],"inLanguage":"pl-PL","potentialAction":[{"@type":"CommentAction","name":"Comment","target":["https:\/\/hotnewsinworld.com\/pl\/w-lotosie-przybywa-ludzi-prezesa-orlenu\/#respond"]}]},{"@type":"WebPage","@id":"https:\/\/hotnewsinworld.com\/pl\/w-lotosie-przybywa-ludzi-prezesa-orlenu\/","url":"https:\/\/hotnewsinworld.com\/pl\/w-lotosie-przybywa-ludzi-prezesa-orlenu\/","name":"W Lotosie przybywa ludzi prezesa Orlenu - Hot News in World","isPartOf":{"@id":"https:\/\/hotnewsinworld.com\/pl\/#website"},"primaryImageOfPage":{"@id":"https:\/\/hotnewsinworld.com\/pl\/w-lotosie-przybywa-ludzi-prezesa-orlenu\/#primaryimage"},"image":{"@id":"https:\/\/hotnewsinworld.com\/pl\/w-lotosie-przybywa-ludzi-prezesa-orlenu\/#primaryimage"},"thumbnailUrl":"https:\/\/hotnewsinworld.com\/pl\/wp-content\/uploads\/sites\/6\/2019\/07\/W-Lotosie-przybywa-ludzi-prezesa-Orlenu.jpg","datePublished":"2019-07-25T13:18:56+00:00","author":{"@id":"https:\/\/hotnewsinworld.com\/pl\/#\/schema\/person\/fe61448b21c0d59086e75fcc1f9d8f6b"},"breadcrumb":{"@id":"https:\/\/hotnewsinworld.com\/pl\/w-lotosie-przybywa-ludzi-prezesa-orlenu\/#breadcrumb"},"inLanguage":"pl-PL","potentialAction":[{"@type":"ReadAction","target":["https:\/\/hotnewsinworld.com\/pl\/w-lotosie-przybywa-ludzi-prezesa-orlenu\/"]}]},{"@type":"ImageObject","inLanguage":"pl-PL","@id":"https:\/\/hotnewsinworld.com\/pl\/w-lotosie-przybywa-ludzi-prezesa-orlenu\/#primaryimage","url":"https:\/\/hotnewsinworld.com\/pl\/wp-content\/uploads\/sites\/6\/2019\/07\/W-Lotosie-przybywa-ludzi-prezesa-Orlenu.jpg","contentUrl":"https:\/\/hotnewsinworld.com\/pl\/wp-content\/uploads\/sites\/6\/2019\/07\/W-Lotosie-przybywa-ludzi-prezesa-Orlenu.jpg","width":300,"height":200,"caption":"W Lotosie przybywa ludzi prezesa Orlenu"},{"@type":"BreadcrumbList","@id":"https:\/\/hotnewsinworld.com\/pl\/w-lotosie-przybywa-ludzi-prezesa-orlenu\/#breadcrumb","itemListElement":[{"@type":"ListItem","position":1,"name":"\u0413\u043b\u0430\u0432\u043d\u0430\u044f \u0441\u0442\u0440\u0430\u043d\u0438\u0446\u0430","item":"https:\/\/hotnewsinworld.com\/pl\/"},{"@type":"ListItem","position":2,"name":"W Lotosie przybywa ludzi prezesa Orlenu"}]},{"@type":"WebSite","@id":"https:\/\/hotnewsinworld.com\/pl\/#website","url":"https:\/\/hotnewsinworld.com\/pl\/","name":"Hot News in World","description":"Hot News in World Polska","potentialAction":[{"@type":"SearchAction","target":{"@type":"EntryPoint","urlTemplate":"https:\/\/hotnewsinworld.com\/pl\/?s={search_term_string}"},"query-input":{"@type":"PropertyValueSpecification","valueRequired":true,"valueName":"search_term_string"}}],"inLanguage":"pl-PL"},{"@type":"Person","@id":"https:\/\/hotnewsinworld.com\/pl\/#\/schema\/person\/fe61448b21c0d59086e75fcc1f9d8f6b","name":"hotnewsinworld","image":{"@type":"ImageObject","inLanguage":"pl-PL","@id":"https:\/\/secure.gravatar.com\/avatar\/8a09ac165600ce2e1c38fe593c63928eb1e6e7ba5c5a907d67787c41b3d00c14?s=96&d=mm&r=g","url":"https:\/\/secure.gravatar.com\/avatar\/8a09ac165600ce2e1c38fe593c63928eb1e6e7ba5c5a907d67787c41b3d00c14?s=96&d=mm&r=g","contentUrl":"https:\/\/secure.gravatar.com\/avatar\/8a09ac165600ce2e1c38fe593c63928eb1e6e7ba5c5a907d67787c41b3d00c14?s=96&d=mm&r=g","caption":"hotnewsinworld"},"url":"https:\/\/hotnewsinworld.com\/pl\/author\/pt\/"}]}},"_links":{"self":[{"href":"https:\/\/hotnewsinworld.com\/pl\/wp-json\/wp\/v2\/posts\/670","targetHints":{"allow":["GET"]}}],"collection":[{"href":"https:\/\/hotnewsinworld.com\/pl\/wp-json\/wp\/v2\/posts"}],"about":[{"href":"https:\/\/hotnewsinworld.com\/pl\/wp-json\/wp\/v2\/types\/post"}],"author":[{"embeddable":true,"href":"https:\/\/hotnewsinworld.com\/pl\/wp-json\/wp\/v2\/users\/2"}],"replies":[{"embeddable":true,"href":"https:\/\/hotnewsinworld.com\/pl\/wp-json\/wp\/v2\/comments?post=670"}],"version-history":[{"count":1,"href":"https:\/\/hotnewsinworld.com\/pl\/wp-json\/wp\/v2\/posts\/670\/revisions"}],"predecessor-version":[{"id":672,"href":"https:\/\/hotnewsinworld.com\/pl\/wp-json\/wp\/v2\/posts\/670\/revisions\/672"}],"wp:featuredmedia":[{"embeddable":true,"href":"https:\/\/hotnewsinworld.com\/pl\/wp-json\/wp\/v2\/media\/671"}],"wp:attachment":[{"href":"https:\/\/hotnewsinworld.com\/pl\/wp-json\/wp\/v2\/media?parent=670"}],"wp:term":[{"taxonomy":"category","embeddable":true,"href":"https:\/\/hotnewsinworld.com\/pl\/wp-json\/wp\/v2\/categories?post=670"},{"taxonomy":"post_tag","embeddable":true,"href":"https:\/\/hotnewsinworld.com\/pl\/wp-json\/wp\/v2\/tags?post=670"}],"curies":[{"name":"wp","href":"https:\/\/api.w.org\/{rel}","templated":true}]}}