{"id":712,"date":"2019-07-26T11:21:37","date_gmt":"2019-07-26T08:21:37","guid":{"rendered":"https:\/\/hotnewsinworld.com\/pl\/sar-dolacza-do-koalicji-marketerzy-dla-lepszych-badan-dot-prac-nad-jednozrodlowym-badaniem-mediow\/"},"modified":"2019-07-26T11:21:38","modified_gmt":"2019-07-26T08:21:38","slug":"sar-dolacza-do-koalicji-marketerzy-dla-lepszych-badan-dot-prac-nad-jednozrodlowym-badaniem-mediow","status":"publish","type":"post","link":"https:\/\/hotnewsinworld.com\/pl\/sar-dolacza-do-koalicji-marketerzy-dla-lepszych-badan-dot-prac-nad-jednozrodlowym-badaniem-mediow\/","title":{"rendered":"SAR do\u0142\u0105cza do koalicji &#8222;Marketerzy dla Lepszych Bada\u0144&#8221; dot. prac nad jedno\u017ar\u00f3d\u0142owym badaniem medi\u00f3w"},"content":{"rendered":"<p> [ad_1]<br \/>\n<\/p>\n<div id=\"\">\n<p>W po\u0142owie czerwca br. marketerzy ustanowili koalicj\u0119 &#8222;Marketerzy dla lepszych bada\u0144&#8221;, aby zadba\u0107 o reklamodawc\u00f3w i ich interesy w procesie tworzenia jedno\u017ar\u00f3d\u0142owego badania medi\u00f3w nad kt\u00f3rym pracuje KRRiT oraz Telemetria Polska w porozumieniu z rynkiem.<\/p>\n<p>&#13;<br \/>\n&#13;<\/p>\n<p>Utworzona przez marketer\u00f3w koalicja &#8222;Marketerzy dla lepszych bada\u0144&#8221; ma zintegrowa\u0107 wszystkich przedstawicieli tego rynku, kt\u00f3rzy s\u0105 zaanga\u017cowani w prace nad nowym badaniem medi\u00f3w, nadzorowanymi przez KRRiT i Telemetri\u0119 Polsk\u0105. Rozmowy w tej sprawie tocz\u0105 si\u0119 od kwietnia 2018 roku.<\/p>\n<p>&#13;<br \/>\n&#13;<\/p>\n<p>Teraz Klub Agencji Mediowych SAR w odpowiedzi na zaproszenie Inicjatywy \u201eMarketerzy dla Lepszych Bada\u0144\u201d powo\u0142a\u0142 MAC (Media Agency Committee), kt\u00f3ry wsp\u00f3lnie z marketerami b\u0119dzie opiniowa\u0142 koncepcje badania jedno\u017ar\u00f3d\u0142owego.<\/p>\n<p>&#13;<br \/>\n&#13;<\/p>\n<p>Dodatkowo, agencje mediowe, obecne w czasie zebrania cz\u0142onk\u00f3w Klubu, zadeklarowa\u0142y zach\u0119canie swoich klient\u00f3w (reklamodawc\u00f3w) do przy\u0142\u0105czenia si\u0119, do inicjatywy.<\/p>\n<p>&#13;<br \/>\n&#13;<\/p>\n<p><strong>Liderami projektu po stronie Klubu Mediowego SAR b\u0119d\u0105: Jakub Bierzy\u0144ski (OMD), Adrian Kawecki (Mindshare Poland), Piotr Pi\u0119tka (Publicis Media).<\/strong><\/p>\n<p>&#13;<br \/>\n&#13;<\/p>\n<p>Z naszych informacji wynika, \u017ce w Koalicji &#8222;Marketerzy dla Lepszych Bada\u0144&#8221; zrzeszonych jest ju\u017c kilkana\u015bcie firm takich jak: Grupa Maspex, MARS, Grupa Lotos, Bank Millenium, Decathlon Polska, Eurobank, FCA Group, Henkel Poland, Jeronimo Martins (w\u0142a\u015bciciel m.in. Biedronki), Mastercard, Media Saturn, Mitsubishi Motors, Philips Polska, mBank, Play, USP Zdrowie, Volkswagen Group, Wedel czy BNP Paribas Bank Polska.<\/p>\n<p>&#13;<br \/>\n&#13;<\/p>\n<p><span style=\"font-size:20px;\"><strong>Prace nad stworzeniem Joint Industry Comittee<\/strong><\/span><\/p>\n<p>&#13;<br \/>\n&#13;<\/p>\n<p>Pod koniec ubieg\u0142ego roku Stowarzyszenie Komunikacji Marketingowej SAR, Krajowa Rada Radiofonii i Telewizji oraz IAA Polska Mi\u0119dzynarodowe Stowarzyszenie Reklamy podpisa\u0142y list intencyjny w sprawie powo\u0142ania JIC (Joint Industry Committee) &#8211; standardowo tworz\u0105 go media, reklamodawcy, domy mediowe i agencje badawcze. Podobne rozwi\u0105zania funkcjonuj\u0105 ju\u017c w wielu krajach Europy Zachodniej. W Polsce JIC mia\u0142by w pierwszej kolejno\u015bci zaj\u0105\u0107 si\u0119 stworzeniem jednolitego dla ca\u0142ego rynku badania pomiaru telewizji i radia, internetu.\u00a0 \u00a0<\/p>\n<p>&#13;<br \/>\n&#13;<\/p>\n<p>Pod koniec maja br. przedstawiciele medi\u00f3w, reklamodawc\u00f3w, agencji mediowych i\u00a0 firm badawczych\u00a0 spotkali si\u0119 aby om\u00f3wi\u0107 bie\u017c\u0105cy status dzia\u0142a\u0144 w sprawie powo\u0142ania JIC (Joint Industry Committee) oraz stan prac nad metodologi\u0105 badania jedno\u017ar\u00f3d\u0142owego. W trakcie spotkania przedstawiciele nadawc\u00f3w telewizyjnych, internetowych i radiowych zadeklarowani kontynuacje prac nad badaniem jedno\u017ar\u00f3d\u0142owym w ramach MOC (Media Organisation Committee).\u00a0 Po spotkaniu marketerzy, powo\u0142ali do \u017cycia w\u0142a\u015bnie Koalicj\u0119 &#8222;Marketerzy dla Lepszych Bada\u0144&#8221;.<\/p>\n<p>&#13;<br \/>\n&#13;<\/p>\n<p>Inicjatywa &#8222;Marketerzy dla Lepszych Bada\u0144&#8221; ma na celu usprawnienie proces\u00f3w zwi\u0105zanych z projektowaniem badania jedno\u017ar\u00f3d\u0142owego, mi\u0119dzy innymi przez d\u0105\u017cenie do porozumienia z mediami i \u015brodowiskami agencji mediowych, ustalenie realnego harmonogramu prac oraz doprowadzenie do konsensusu w sprawie modelu finansowania badania.<\/p>\n<p>&#13;<br \/>\n&#13;<\/p>\n<p>Stowarzyszenie Komunikacji Marketingowej SAR zosta\u0142o za\u0142o\u017cone w 1997 r. Organizacja zrzesza firmy, kt\u00f3re tworz\u0105 komunikacj\u0119 marketingow\u0105, jest to obecnie 125 podmiot\u00f3w: agencje full service, domy mediowe, agencje brand design, interaktywne, eventowe, ambientowe, domy produkcyjne i agencje AdTech.<\/p>\n<p>&#13;<br \/>\n&#13;<\/p>\n<p><span style=\"font-size: 20px;\"><strong>Kr\u00f3tszy czas ogl\u0105dania telewizji w 2018 roku<\/strong><\/span><\/p>\n<p>&#13;<br \/>\n&#13;<\/p>\n<p>W 2018 roku liderem ogl\u0105dalno\u015bci w\u015br\u00f3d wszystkich widz\u00f3w by\u0142 Polsat, a w grupie komercyjnej TVN. W\u015br\u00f3d g\u0142\u00f3wnych stacji wzrosty odnotowa\u0142y TVP1 i TVP2, ale najwi\u0119cej zyska\u0142y TVP Sport, Super Polsat i TTV. Skr\u00f3ci\u0142 si\u0119 \u015bredni czas ogl\u0105dania telewizji, cho\u0107 zwi\u0119kszy\u0142y si\u0119 wydatki reklamowe.<\/p>\n<p>&#13;<br \/>\n&#13;<\/p>\n<p>&#13;<br \/>\n&#13;<\/p>\n<p>W 2018 roku \u015bredni dzienny zasi\u0119g radia wyni\u00f3s\u0142 72,4 proc., a tygodniowy &#8211; 91,9 proc. Z kolei \u015bredni dobowy czas s\u0142uchania wyni\u00f3s\u0142 272 minuty. <strong>Najch\u0119tniej s\u0142uchan\u0105 stacj\u0105 niezmiennie by\u0142o RMF FM, a sie\u0107 Eska wyprzedzi\u0142a Jedynk\u0119.<\/strong><\/p>\n<p>&#13;<br \/>\n&#13;<\/p>\n<p><span style=\"font-size:20px;\"><strong>Wyniki medi\u00f3w publicznych w 2018 roku<\/strong><\/span><\/p>\n<p>&#13;<br \/>\n&#13;<\/p>\n<p>W ub.r. Telewizja Polska zanotowa\u0142a wzrost przychod\u00f3w o 24 proc. do 2,2 mld z\u0142, g\u0142\u00f3wnie dzi\u0119ki 359 mln z\u0142 wi\u0119cej z abonamentu rtv. Wzros\u0142y te\u017c wp\u0142ywy nadawcy z reklam, sponsoringu, sprzeda\u017cy program\u00f3w i licencji. W ub.r. zatrudnienie w firmie wynosi\u0142o prawie 2,7 tys. etat\u00f3w.<\/p>\n<p>&#13;<br \/>\n&#13;<\/p>\n<p>W 2018 r. Polskie Radio osi\u0105gn\u0119\u0142o wzrost wp\u0142yw\u00f3w sprzeda\u017cowych o 12,96 proc. do 336,53 mln z\u0142 oraz 15,3 mln z\u0142 zysku netto (wobec 2,79 mln z\u0142 rok wcze\u015bniej). 69 proc. przychod\u00f3w sp\u00f3\u0142ki pochodzi\u0142o z abonamentu i zwi\u0105zanej z nim rekompensaty, na koniec ub.r. nadawca zatrudnia\u0142 1 285 pracownik\u00f3w etatowych, o 30 wi\u0119cej ni\u017c przed rokiem. W br. planuje 62,05 mln z\u0142 straty.<\/p>\n<p>&#13;<br \/>\n&#13;<\/p>\n<p>W ub.r. Polska Agencja Prasowa zanotowa\u0142a wzrost skonsolidowanych przychod\u00f3w sprzeda\u017cowych o 4 proc. do 52,56 mln z\u0142 oraz 3,65 mln z\u0142 straty netto (wobec 2,04 mln z\u0142 straty rok wcze\u015bniej). Zmala\u0142y przychody ze sprzeda\u017cy serwis\u00f3w og\u00f3lnoinformacyjnych i ekonomicznych oraz Centrum Prasowego, a wzros\u0142y z PAP Foto, obs\u0142ugi medialnej i wynajmu. Na koniec ub.r. firma zatrudnia\u0142a 401 os\u00f3b.<\/p>\n<p>&#13;<br \/>\n&#13;<\/p>\n<p><span style=\"font-size:20px;\"><strong>Wyniki g\u0142\u00f3wnych medi\u00f3w komercyjnych w 2018 roku<\/strong><\/span><\/p>\n<p>&#13;<br \/>\n&#13;<\/p>\n<p>W ub.r. grupa kapita\u0142owa Cyfrowy Polsat zanotowa\u0142a 10,69 mld z\u0142 przychod\u00f3w sprzeda\u017cowych i 816,1 mln z\u0142 zysku netto. Liczba abonent\u00f3w firmy zmala\u0142a o 1,2 proc., natomiast liczba sprzedanych im us\u0142ug jednostkowych wzros\u0142a o 2,3 proc.<\/p>\n<p>&#13;<br \/>\n&#13;<\/p>\n<p>W ub.r. TVN osi\u0105gn\u0105\u0142 wzrost wp\u0142yw\u00f3w sprzeda\u017cowych o 8,6 proc. do 1,97 mld z\u0142, a przychody z emisji reklam zwi\u0119kszy\u0142y si\u0119 o 9,7 proc. do 1,42 mld z\u0142. Nadawca zanotowa\u0142 157,5 mln z\u0142 straty netto, g\u0142\u00f3wnie wskutek 394,7 mln z\u0142 odpisu dot. warto\u015bci udzia\u0142\u00f3w w platformie nc+. Na koniec roku zatrudnia\u0142 1 514 pracownik\u00f3w.<\/p>\n<p>&#13;<br \/>\n&#13;<\/p>\n<p>W ub.r. Grupa RMF zanotowa\u0142a wzrost skonsolidowanych przychod\u00f3w sprzeda\u017cowych o 7,8 proc. do 288,22 mln z\u0142 oraz 147,16 mln z\u0142 zysku netto (wobec 133,29 mln z\u0142 rok wcze\u015bniej). Firma zatrudnia\u0142a 292 pracownik\u00f3w.<\/p>\n<p>&#13;<br \/>\n&#13;<\/p>\n<p>W ub.r. grupa kapita\u0142owa Eurozet (nale\u017c\u0105 do niej m.in. rozg\u0142o\u015bnie Radio ZET, Radio ZET Chilli, Meloradio, Radio Plus i Antyradio) zanotowa\u0142a wzrost wp\u0142yw\u00f3w sprzeda\u017cowych o 3,5 proc. do 197,47 mln z\u0142 oraz 26,8 mln z\u0142 zysku netto. W przypadku samej sp\u00f3\u0142ki Eurozet wp\u0142ywy i zysk nieco zmala\u0142y.<\/p>\n<p>&#13;<br \/>\n&#13;<\/p>\n<p>Sp\u00f3\u0142ka Radio Eska, kt\u00f3ra jest nadawc\u0105 42 rozg\u0142o\u015bni radiowych pod t\u0105 nazw\u0105 zamkn\u0119\u0142a 2018 rok przychodami netto w kwocie 32,33 mln z\u0142 i zyskiem netto w wysoko\u015bci 8,51 mln z\u0142. Spad\u0142y wp\u0142ywy ze sprzeda\u017cy reklam, ale uda\u0142o si\u0119 to zrekompensowa\u0107 wp\u0142ywami ze sprzeda\u017cy praw autorskich.<\/p>\n<p>&#13;<br \/>\n                            &#13;<br \/>\n&#13;<br \/>\n                            &#13;<br \/>\n&#13;<br \/>\n&#13;<br \/>\n&#13;<br \/>\n&#13;<br \/>\n&#13;<br \/>\n                            &#13;<br \/>\n                                                            &#13;<br \/>\n&#13;<br \/>\n                            &#13;\n                        <\/p><\/div>\n<p><script>(function (d, s, id) {\n        var js, fjs = d.getElementsByTagName(s)[0];\n        if (d.getElementById(id)) return;\n        js = d.createElement(s);\n        js.id = id;\n        js.src = \"http:\/\/connect.facebook.net\/pl_PL\/sdk.js#xfbml=1&version=v2.6&appId=297996717062470\";\n        fjs.parentNode.insertBefore(js, fjs);\n    }(document, 'script', 'facebook-jssdk'));<\/script><br \/>\n<br \/>[ad_2]<br \/>\n<br \/><a href=\"https:\/\/www.wirtualnemedia.pl\/artykul\/sar-dolacza-do-koalicji-marketerzy-dla-lepszych-badan-dot-prac-nad-jednozrodlowym-badaniem-mediow\">Source link <\/a><\/p>\n","protected":false},"excerpt":{"rendered":"<p>[ad_1] W po\u0142owie czerwca br. marketerzy ustanowili koalicj\u0119 &#8222;Marketerzy dla lepszych bada\u0144&#8221;, aby zadba\u0107 o reklamodawc\u00f3w i ich interesy w procesie tworzenia jedno\u017ar\u00f3d\u0142owego badania medi\u00f3w nad kt\u00f3rym pracuje KRRiT oraz Telemetria Polska w porozumieniu z rynkiem. &#13; &#13; Utworzona przez marketer\u00f3w koalicja &#8222;Marketerzy dla lepszych bada\u0144&#8221; ma zintegrowa\u0107 wszystkich przedstawicieli tego rynku, kt\u00f3rzy s\u0105 zaanga\u017cowani [&hellip;]<\/p>\n","protected":false},"author":2,"featured_media":713,"comment_status":"open","ping_status":"open","sticky":false,"template":"","format":"standard","meta":{"footnotes":""},"categories":[3],"tags":[],"class_list":["post-712","post","type-post","status-publish","format-standard","has-post-thumbnail","hentry","category-wiadomosci-medialne-spoleczne"],"yoast_head":"<!-- This site is optimized with the Yoast SEO plugin v27.4 - https:\/\/yoast.com\/product\/yoast-seo-wordpress\/ -->\n<title>SAR do\u0142\u0105cza do koalicji &quot;Marketerzy dla Lepszych Bada\u0144&quot; dot. prac nad jedno\u017ar\u00f3d\u0142owym badaniem medi\u00f3w - Hot News in World<\/title>\n<meta name=\"robots\" content=\"index, follow, max-snippet:-1, max-image-preview:large, max-video-preview:-1\" \/>\n<link rel=\"canonical\" href=\"https:\/\/hotnewsinworld.com\/pl\/sar-dolacza-do-koalicji-marketerzy-dla-lepszych-badan-dot-prac-nad-jednozrodlowym-badaniem-mediow\/\" \/>\n<meta property=\"og:locale\" content=\"pl_PL\" \/>\n<meta property=\"og:type\" content=\"article\" \/>\n<meta property=\"og:title\" content=\"SAR do\u0142\u0105cza do koalicji &quot;Marketerzy dla Lepszych Bada\u0144&quot; dot. prac nad jedno\u017ar\u00f3d\u0142owym badaniem medi\u00f3w - Hot News in World\" \/>\n<meta property=\"og:description\" content=\"[ad_1] W po\u0142owie czerwca br. marketerzy ustanowili koalicj\u0119 &#8222;Marketerzy dla lepszych bada\u0144&#8221;, aby zadba\u0107 o reklamodawc\u00f3w i ich interesy w procesie tworzenia jedno\u017ar\u00f3d\u0142owego badania medi\u00f3w nad kt\u00f3rym pracuje KRRiT oraz Telemetria Polska w porozumieniu z rynkiem. &#013; &#013; Utworzona przez marketer\u00f3w koalicja &#8222;Marketerzy dla lepszych bada\u0144&#8221; ma zintegrowa\u0107 wszystkich przedstawicieli tego rynku, kt\u00f3rzy s\u0105 zaanga\u017cowani [&hellip;]\" \/>\n<meta property=\"og:url\" content=\"https:\/\/hotnewsinworld.com\/pl\/sar-dolacza-do-koalicji-marketerzy-dla-lepszych-badan-dot-prac-nad-jednozrodlowym-badaniem-mediow\/\" \/>\n<meta property=\"og:site_name\" content=\"Hot News in World\" \/>\n<meta property=\"article:published_time\" content=\"2019-07-26T08:21:37+00:00\" \/>\n<meta property=\"article:modified_time\" content=\"2019-07-26T08:21:38+00:00\" \/>\n<meta property=\"og:image\" content=\"https:\/\/hotnewsinworld.com\/pl\/wp-content\/uploads\/sites\/6\/2019\/07\/SAR-do\u0142\u0105cza-do-koalicji-Marketerzy-dla-Lepszych-Bada\u0144-dot.-prac.jpg\" \/>\n\t<meta property=\"og:image:width\" content=\"655\" \/>\n\t<meta property=\"og:image:height\" content=\"430\" \/>\n\t<meta property=\"og:image:type\" content=\"image\/jpeg\" \/>\n<meta name=\"author\" content=\"hotnewsinworld\" \/>\n<meta name=\"twitter:card\" content=\"summary_large_image\" \/>\n<meta name=\"twitter:label1\" content=\"Napisane przez\" \/>\n\t<meta name=\"twitter:data1\" content=\"hotnewsinworld\" \/>\n\t<meta name=\"twitter:label2\" content=\"Szacowany czas czytania\" \/>\n\t<meta name=\"twitter:data2\" content=\"5 minut\" \/>\n<script type=\"application\/ld+json\" class=\"yoast-schema-graph\">{\"@context\":\"https:\\\/\\\/schema.org\",\"@graph\":[{\"@type\":\"Article\",\"@id\":\"https:\\\/\\\/hotnewsinworld.com\\\/pl\\\/sar-dolacza-do-koalicji-marketerzy-dla-lepszych-badan-dot-prac-nad-jednozrodlowym-badaniem-mediow\\\/#article\",\"isPartOf\":{\"@id\":\"https:\\\/\\\/hotnewsinworld.com\\\/pl\\\/sar-dolacza-do-koalicji-marketerzy-dla-lepszych-badan-dot-prac-nad-jednozrodlowym-badaniem-mediow\\\/\"},\"author\":{\"name\":\"hotnewsinworld\",\"@id\":\"https:\\\/\\\/hotnewsinworld.com\\\/pl\\\/#\\\/schema\\\/person\\\/fe61448b21c0d59086e75fcc1f9d8f6b\"},\"headline\":\"SAR do\u0142\u0105cza do koalicji &#8222;Marketerzy dla Lepszych Bada\u0144&#8221; dot. prac nad jedno\u017ar\u00f3d\u0142owym badaniem medi\u00f3w\",\"datePublished\":\"2019-07-26T08:21:37+00:00\",\"dateModified\":\"2019-07-26T08:21:38+00:00\",\"mainEntityOfPage\":{\"@id\":\"https:\\\/\\\/hotnewsinworld.com\\\/pl\\\/sar-dolacza-do-koalicji-marketerzy-dla-lepszych-badan-dot-prac-nad-jednozrodlowym-badaniem-mediow\\\/\"},\"wordCount\":1045,\"commentCount\":0,\"image\":{\"@id\":\"https:\\\/\\\/hotnewsinworld.com\\\/pl\\\/sar-dolacza-do-koalicji-marketerzy-dla-lepszych-badan-dot-prac-nad-jednozrodlowym-badaniem-mediow\\\/#primaryimage\"},\"thumbnailUrl\":\"https:\\\/\\\/hotnewsinworld.com\\\/pl\\\/wp-content\\\/uploads\\\/sites\\\/6\\\/2019\\\/07\\\/SAR-do\u0142\u0105cza-do-koalicji-Marketerzy-dla-Lepszych-Bada\u0144-dot.-prac.jpg\",\"articleSection\":[\"WIADOMO\u015aCI MEDIALNE SPO\u0141ECZNE\"],\"inLanguage\":\"pl-PL\",\"potentialAction\":[{\"@type\":\"CommentAction\",\"name\":\"Comment\",\"target\":[\"https:\\\/\\\/hotnewsinworld.com\\\/pl\\\/sar-dolacza-do-koalicji-marketerzy-dla-lepszych-badan-dot-prac-nad-jednozrodlowym-badaniem-mediow\\\/#respond\"]}]},{\"@type\":\"WebPage\",\"@id\":\"https:\\\/\\\/hotnewsinworld.com\\\/pl\\\/sar-dolacza-do-koalicji-marketerzy-dla-lepszych-badan-dot-prac-nad-jednozrodlowym-badaniem-mediow\\\/\",\"url\":\"https:\\\/\\\/hotnewsinworld.com\\\/pl\\\/sar-dolacza-do-koalicji-marketerzy-dla-lepszych-badan-dot-prac-nad-jednozrodlowym-badaniem-mediow\\\/\",\"name\":\"SAR do\u0142\u0105cza do koalicji \\\"Marketerzy dla Lepszych Bada\u0144\\\" dot. prac nad jedno\u017ar\u00f3d\u0142owym badaniem medi\u00f3w - Hot News in World\",\"isPartOf\":{\"@id\":\"https:\\\/\\\/hotnewsinworld.com\\\/pl\\\/#website\"},\"primaryImageOfPage\":{\"@id\":\"https:\\\/\\\/hotnewsinworld.com\\\/pl\\\/sar-dolacza-do-koalicji-marketerzy-dla-lepszych-badan-dot-prac-nad-jednozrodlowym-badaniem-mediow\\\/#primaryimage\"},\"image\":{\"@id\":\"https:\\\/\\\/hotnewsinworld.com\\\/pl\\\/sar-dolacza-do-koalicji-marketerzy-dla-lepszych-badan-dot-prac-nad-jednozrodlowym-badaniem-mediow\\\/#primaryimage\"},\"thumbnailUrl\":\"https:\\\/\\\/hotnewsinworld.com\\\/pl\\\/wp-content\\\/uploads\\\/sites\\\/6\\\/2019\\\/07\\\/SAR-do\u0142\u0105cza-do-koalicji-Marketerzy-dla-Lepszych-Bada\u0144-dot.-prac.jpg\",\"datePublished\":\"2019-07-26T08:21:37+00:00\",\"dateModified\":\"2019-07-26T08:21:38+00:00\",\"author\":{\"@id\":\"https:\\\/\\\/hotnewsinworld.com\\\/pl\\\/#\\\/schema\\\/person\\\/fe61448b21c0d59086e75fcc1f9d8f6b\"},\"breadcrumb\":{\"@id\":\"https:\\\/\\\/hotnewsinworld.com\\\/pl\\\/sar-dolacza-do-koalicji-marketerzy-dla-lepszych-badan-dot-prac-nad-jednozrodlowym-badaniem-mediow\\\/#breadcrumb\"},\"inLanguage\":\"pl-PL\",\"potentialAction\":[{\"@type\":\"ReadAction\",\"target\":[\"https:\\\/\\\/hotnewsinworld.com\\\/pl\\\/sar-dolacza-do-koalicji-marketerzy-dla-lepszych-badan-dot-prac-nad-jednozrodlowym-badaniem-mediow\\\/\"]}]},{\"@type\":\"ImageObject\",\"inLanguage\":\"pl-PL\",\"@id\":\"https:\\\/\\\/hotnewsinworld.com\\\/pl\\\/sar-dolacza-do-koalicji-marketerzy-dla-lepszych-badan-dot-prac-nad-jednozrodlowym-badaniem-mediow\\\/#primaryimage\",\"url\":\"https:\\\/\\\/hotnewsinworld.com\\\/pl\\\/wp-content\\\/uploads\\\/sites\\\/6\\\/2019\\\/07\\\/SAR-do\u0142\u0105cza-do-koalicji-Marketerzy-dla-Lepszych-Bada\u0144-dot.-prac.jpg\",\"contentUrl\":\"https:\\\/\\\/hotnewsinworld.com\\\/pl\\\/wp-content\\\/uploads\\\/sites\\\/6\\\/2019\\\/07\\\/SAR-do\u0142\u0105cza-do-koalicji-Marketerzy-dla-Lepszych-Bada\u0144-dot.-prac.jpg\",\"width\":655,\"height\":430,\"caption\":\"Article\"},{\"@type\":\"BreadcrumbList\",\"@id\":\"https:\\\/\\\/hotnewsinworld.com\\\/pl\\\/sar-dolacza-do-koalicji-marketerzy-dla-lepszych-badan-dot-prac-nad-jednozrodlowym-badaniem-mediow\\\/#breadcrumb\",\"itemListElement\":[{\"@type\":\"ListItem\",\"position\":1,\"name\":\"\u0413\u043b\u0430\u0432\u043d\u0430\u044f \u0441\u0442\u0440\u0430\u043d\u0438\u0446\u0430\",\"item\":\"https:\\\/\\\/hotnewsinworld.com\\\/pl\\\/\"},{\"@type\":\"ListItem\",\"position\":2,\"name\":\"SAR do\u0142\u0105cza do koalicji &#8222;Marketerzy dla Lepszych Bada\u0144&#8221; dot. prac nad jedno\u017ar\u00f3d\u0142owym badaniem medi\u00f3w\"}]},{\"@type\":\"WebSite\",\"@id\":\"https:\\\/\\\/hotnewsinworld.com\\\/pl\\\/#website\",\"url\":\"https:\\\/\\\/hotnewsinworld.com\\\/pl\\\/\",\"name\":\"Hot News in World\",\"description\":\"Hot News in World Polska\",\"potentialAction\":[{\"@type\":\"SearchAction\",\"target\":{\"@type\":\"EntryPoint\",\"urlTemplate\":\"https:\\\/\\\/hotnewsinworld.com\\\/pl\\\/?s={search_term_string}\"},\"query-input\":{\"@type\":\"PropertyValueSpecification\",\"valueRequired\":true,\"valueName\":\"search_term_string\"}}],\"inLanguage\":\"pl-PL\"},{\"@type\":\"Person\",\"@id\":\"https:\\\/\\\/hotnewsinworld.com\\\/pl\\\/#\\\/schema\\\/person\\\/fe61448b21c0d59086e75fcc1f9d8f6b\",\"name\":\"hotnewsinworld\",\"image\":{\"@type\":\"ImageObject\",\"inLanguage\":\"pl-PL\",\"@id\":\"https:\\\/\\\/secure.gravatar.com\\\/avatar\\\/8a09ac165600ce2e1c38fe593c63928eb1e6e7ba5c5a907d67787c41b3d00c14?s=96&d=mm&r=g\",\"url\":\"https:\\\/\\\/secure.gravatar.com\\\/avatar\\\/8a09ac165600ce2e1c38fe593c63928eb1e6e7ba5c5a907d67787c41b3d00c14?s=96&d=mm&r=g\",\"contentUrl\":\"https:\\\/\\\/secure.gravatar.com\\\/avatar\\\/8a09ac165600ce2e1c38fe593c63928eb1e6e7ba5c5a907d67787c41b3d00c14?s=96&d=mm&r=g\",\"caption\":\"hotnewsinworld\"},\"url\":\"https:\\\/\\\/hotnewsinworld.com\\\/pl\\\/author\\\/pt\\\/\"}]}<\/script>\n<!-- \/ Yoast SEO plugin. -->","yoast_head_json":{"title":"SAR do\u0142\u0105cza do koalicji \"Marketerzy dla Lepszych Bada\u0144\" dot. prac nad jedno\u017ar\u00f3d\u0142owym badaniem medi\u00f3w - Hot News in World","robots":{"index":"index","follow":"follow","max-snippet":"max-snippet:-1","max-image-preview":"max-image-preview:large","max-video-preview":"max-video-preview:-1"},"canonical":"https:\/\/hotnewsinworld.com\/pl\/sar-dolacza-do-koalicji-marketerzy-dla-lepszych-badan-dot-prac-nad-jednozrodlowym-badaniem-mediow\/","og_locale":"pl_PL","og_type":"article","og_title":"SAR do\u0142\u0105cza do koalicji \"Marketerzy dla Lepszych Bada\u0144\" dot. prac nad jedno\u017ar\u00f3d\u0142owym badaniem medi\u00f3w - Hot News in World","og_description":"[ad_1] W po\u0142owie czerwca br. marketerzy ustanowili koalicj\u0119 &#8222;Marketerzy dla lepszych bada\u0144&#8221;, aby zadba\u0107 o reklamodawc\u00f3w i ich interesy w procesie tworzenia jedno\u017ar\u00f3d\u0142owego badania medi\u00f3w nad kt\u00f3rym pracuje KRRiT oraz Telemetria Polska w porozumieniu z rynkiem. &#13; &#13; Utworzona przez marketer\u00f3w koalicja &#8222;Marketerzy dla lepszych bada\u0144&#8221; ma zintegrowa\u0107 wszystkich przedstawicieli tego rynku, kt\u00f3rzy s\u0105 zaanga\u017cowani [&hellip;]","og_url":"https:\/\/hotnewsinworld.com\/pl\/sar-dolacza-do-koalicji-marketerzy-dla-lepszych-badan-dot-prac-nad-jednozrodlowym-badaniem-mediow\/","og_site_name":"Hot News in World","article_published_time":"2019-07-26T08:21:37+00:00","article_modified_time":"2019-07-26T08:21:38+00:00","og_image":[{"width":655,"height":430,"url":"https:\/\/hotnewsinworld.com\/pl\/wp-content\/uploads\/sites\/6\/2019\/07\/SAR-do\u0142\u0105cza-do-koalicji-Marketerzy-dla-Lepszych-Bada\u0144-dot.-prac.jpg","type":"image\/jpeg"}],"author":"hotnewsinworld","twitter_card":"summary_large_image","twitter_misc":{"Napisane przez":"hotnewsinworld","Szacowany czas czytania":"5 minut"},"schema":{"@context":"https:\/\/schema.org","@graph":[{"@type":"Article","@id":"https:\/\/hotnewsinworld.com\/pl\/sar-dolacza-do-koalicji-marketerzy-dla-lepszych-badan-dot-prac-nad-jednozrodlowym-badaniem-mediow\/#article","isPartOf":{"@id":"https:\/\/hotnewsinworld.com\/pl\/sar-dolacza-do-koalicji-marketerzy-dla-lepszych-badan-dot-prac-nad-jednozrodlowym-badaniem-mediow\/"},"author":{"name":"hotnewsinworld","@id":"https:\/\/hotnewsinworld.com\/pl\/#\/schema\/person\/fe61448b21c0d59086e75fcc1f9d8f6b"},"headline":"SAR do\u0142\u0105cza do koalicji &#8222;Marketerzy dla Lepszych Bada\u0144&#8221; dot. prac nad jedno\u017ar\u00f3d\u0142owym badaniem medi\u00f3w","datePublished":"2019-07-26T08:21:37+00:00","dateModified":"2019-07-26T08:21:38+00:00","mainEntityOfPage":{"@id":"https:\/\/hotnewsinworld.com\/pl\/sar-dolacza-do-koalicji-marketerzy-dla-lepszych-badan-dot-prac-nad-jednozrodlowym-badaniem-mediow\/"},"wordCount":1045,"commentCount":0,"image":{"@id":"https:\/\/hotnewsinworld.com\/pl\/sar-dolacza-do-koalicji-marketerzy-dla-lepszych-badan-dot-prac-nad-jednozrodlowym-badaniem-mediow\/#primaryimage"},"thumbnailUrl":"https:\/\/hotnewsinworld.com\/pl\/wp-content\/uploads\/sites\/6\/2019\/07\/SAR-do\u0142\u0105cza-do-koalicji-Marketerzy-dla-Lepszych-Bada\u0144-dot.-prac.jpg","articleSection":["WIADOMO\u015aCI MEDIALNE SPO\u0141ECZNE"],"inLanguage":"pl-PL","potentialAction":[{"@type":"CommentAction","name":"Comment","target":["https:\/\/hotnewsinworld.com\/pl\/sar-dolacza-do-koalicji-marketerzy-dla-lepszych-badan-dot-prac-nad-jednozrodlowym-badaniem-mediow\/#respond"]}]},{"@type":"WebPage","@id":"https:\/\/hotnewsinworld.com\/pl\/sar-dolacza-do-koalicji-marketerzy-dla-lepszych-badan-dot-prac-nad-jednozrodlowym-badaniem-mediow\/","url":"https:\/\/hotnewsinworld.com\/pl\/sar-dolacza-do-koalicji-marketerzy-dla-lepszych-badan-dot-prac-nad-jednozrodlowym-badaniem-mediow\/","name":"SAR do\u0142\u0105cza do koalicji \"Marketerzy dla Lepszych Bada\u0144\" dot. prac nad jedno\u017ar\u00f3d\u0142owym badaniem medi\u00f3w - Hot News in World","isPartOf":{"@id":"https:\/\/hotnewsinworld.com\/pl\/#website"},"primaryImageOfPage":{"@id":"https:\/\/hotnewsinworld.com\/pl\/sar-dolacza-do-koalicji-marketerzy-dla-lepszych-badan-dot-prac-nad-jednozrodlowym-badaniem-mediow\/#primaryimage"},"image":{"@id":"https:\/\/hotnewsinworld.com\/pl\/sar-dolacza-do-koalicji-marketerzy-dla-lepszych-badan-dot-prac-nad-jednozrodlowym-badaniem-mediow\/#primaryimage"},"thumbnailUrl":"https:\/\/hotnewsinworld.com\/pl\/wp-content\/uploads\/sites\/6\/2019\/07\/SAR-do\u0142\u0105cza-do-koalicji-Marketerzy-dla-Lepszych-Bada\u0144-dot.-prac.jpg","datePublished":"2019-07-26T08:21:37+00:00","dateModified":"2019-07-26T08:21:38+00:00","author":{"@id":"https:\/\/hotnewsinworld.com\/pl\/#\/schema\/person\/fe61448b21c0d59086e75fcc1f9d8f6b"},"breadcrumb":{"@id":"https:\/\/hotnewsinworld.com\/pl\/sar-dolacza-do-koalicji-marketerzy-dla-lepszych-badan-dot-prac-nad-jednozrodlowym-badaniem-mediow\/#breadcrumb"},"inLanguage":"pl-PL","potentialAction":[{"@type":"ReadAction","target":["https:\/\/hotnewsinworld.com\/pl\/sar-dolacza-do-koalicji-marketerzy-dla-lepszych-badan-dot-prac-nad-jednozrodlowym-badaniem-mediow\/"]}]},{"@type":"ImageObject","inLanguage":"pl-PL","@id":"https:\/\/hotnewsinworld.com\/pl\/sar-dolacza-do-koalicji-marketerzy-dla-lepszych-badan-dot-prac-nad-jednozrodlowym-badaniem-mediow\/#primaryimage","url":"https:\/\/hotnewsinworld.com\/pl\/wp-content\/uploads\/sites\/6\/2019\/07\/SAR-do\u0142\u0105cza-do-koalicji-Marketerzy-dla-Lepszych-Bada\u0144-dot.-prac.jpg","contentUrl":"https:\/\/hotnewsinworld.com\/pl\/wp-content\/uploads\/sites\/6\/2019\/07\/SAR-do\u0142\u0105cza-do-koalicji-Marketerzy-dla-Lepszych-Bada\u0144-dot.-prac.jpg","width":655,"height":430,"caption":"Article"},{"@type":"BreadcrumbList","@id":"https:\/\/hotnewsinworld.com\/pl\/sar-dolacza-do-koalicji-marketerzy-dla-lepszych-badan-dot-prac-nad-jednozrodlowym-badaniem-mediow\/#breadcrumb","itemListElement":[{"@type":"ListItem","position":1,"name":"\u0413\u043b\u0430\u0432\u043d\u0430\u044f \u0441\u0442\u0440\u0430\u043d\u0438\u0446\u0430","item":"https:\/\/hotnewsinworld.com\/pl\/"},{"@type":"ListItem","position":2,"name":"SAR do\u0142\u0105cza do koalicji &#8222;Marketerzy dla Lepszych Bada\u0144&#8221; dot. prac nad jedno\u017ar\u00f3d\u0142owym badaniem medi\u00f3w"}]},{"@type":"WebSite","@id":"https:\/\/hotnewsinworld.com\/pl\/#website","url":"https:\/\/hotnewsinworld.com\/pl\/","name":"Hot News in World","description":"Hot News in World Polska","potentialAction":[{"@type":"SearchAction","target":{"@type":"EntryPoint","urlTemplate":"https:\/\/hotnewsinworld.com\/pl\/?s={search_term_string}"},"query-input":{"@type":"PropertyValueSpecification","valueRequired":true,"valueName":"search_term_string"}}],"inLanguage":"pl-PL"},{"@type":"Person","@id":"https:\/\/hotnewsinworld.com\/pl\/#\/schema\/person\/fe61448b21c0d59086e75fcc1f9d8f6b","name":"hotnewsinworld","image":{"@type":"ImageObject","inLanguage":"pl-PL","@id":"https:\/\/secure.gravatar.com\/avatar\/8a09ac165600ce2e1c38fe593c63928eb1e6e7ba5c5a907d67787c41b3d00c14?s=96&d=mm&r=g","url":"https:\/\/secure.gravatar.com\/avatar\/8a09ac165600ce2e1c38fe593c63928eb1e6e7ba5c5a907d67787c41b3d00c14?s=96&d=mm&r=g","contentUrl":"https:\/\/secure.gravatar.com\/avatar\/8a09ac165600ce2e1c38fe593c63928eb1e6e7ba5c5a907d67787c41b3d00c14?s=96&d=mm&r=g","caption":"hotnewsinworld"},"url":"https:\/\/hotnewsinworld.com\/pl\/author\/pt\/"}]}},"_links":{"self":[{"href":"https:\/\/hotnewsinworld.com\/pl\/wp-json\/wp\/v2\/posts\/712","targetHints":{"allow":["GET"]}}],"collection":[{"href":"https:\/\/hotnewsinworld.com\/pl\/wp-json\/wp\/v2\/posts"}],"about":[{"href":"https:\/\/hotnewsinworld.com\/pl\/wp-json\/wp\/v2\/types\/post"}],"author":[{"embeddable":true,"href":"https:\/\/hotnewsinworld.com\/pl\/wp-json\/wp\/v2\/users\/2"}],"replies":[{"embeddable":true,"href":"https:\/\/hotnewsinworld.com\/pl\/wp-json\/wp\/v2\/comments?post=712"}],"version-history":[{"count":1,"href":"https:\/\/hotnewsinworld.com\/pl\/wp-json\/wp\/v2\/posts\/712\/revisions"}],"predecessor-version":[{"id":714,"href":"https:\/\/hotnewsinworld.com\/pl\/wp-json\/wp\/v2\/posts\/712\/revisions\/714"}],"wp:featuredmedia":[{"embeddable":true,"href":"https:\/\/hotnewsinworld.com\/pl\/wp-json\/wp\/v2\/media\/713"}],"wp:attachment":[{"href":"https:\/\/hotnewsinworld.com\/pl\/wp-json\/wp\/v2\/media?parent=712"}],"wp:term":[{"taxonomy":"category","embeddable":true,"href":"https:\/\/hotnewsinworld.com\/pl\/wp-json\/wp\/v2\/categories?post=712"},{"taxonomy":"post_tag","embeddable":true,"href":"https:\/\/hotnewsinworld.com\/pl\/wp-json\/wp\/v2\/tags?post=712"}],"curies":[{"name":"wp","href":"https:\/\/api.w.org\/{rel}","templated":true}]}}