{"id":715,"date":"2019-07-26T12:54:58","date_gmt":"2019-07-26T09:54:58","guid":{"rendered":"https:\/\/hotnewsinworld.com\/pl\/primark-pierwszy-sklep-w-polsce-galeria-mlociny-zatrudni-250-osob\/"},"modified":"2020-03-05T16:58:31","modified_gmt":"2020-03-05T13:58:31","slug":"primark-pierwszy-sklep-w-polsce-galeria-mlociny-zatrudni-250-osob","status":"publish","type":"post","link":"https:\/\/hotnewsinworld.com\/pl\/primark-pierwszy-sklep-w-polsce-galeria-mlociny-zatrudni-250-osob\/","title":{"rendered":"Primark pierwszy sklep w Polsce Galeria M\u0142ociny, zatrudni 250 os\u00f3b"},"content":{"rendered":"<p>Primark podpisa\u0142 umow\u0119 najmu w Galerii M\u0142ociny na warszawskich Bielanach, kt\u00f3rej w\u0142a\u015bcicielami s\u0105 EPP (70 proc. udzia\u0142\u00f3w) oraz Echo Investment (30 proc.). EPP zarz\u0105dza t\u0105 inwestycj\u0105, a Echo Investment by\u0142a odpowiedzialna za budow\u0119 i wynajem powierzchni.<\/p>\n<p>Sklep Primark b\u0119dzie zajmowa\u0107 3 660 mkw. powierzchni handlowej na dw\u00f3ch pi\u0119trach. Dost\u0119pna w nim b\u0119dzie  i odzie\u017c damska, <strong>m\u0119ska, dzieci\u0119ca, obuwie, bielizna, akcesoria i wyposa\u017cenie domu. <\/strong>Dok\u0142adnej daty otwarcia Primark jeszcze nie podaje. Wcze\u015bniej chce dostosowa\u0107 wynajmowan\u0105 przestrze\u0144 do swoich potrzeb.<\/p>\n<p>W zwi\u0105zku z planowanym otwarciem sklepu w Warszawie firma z pocz\u0105tkiem wrze\u015bnia planuje rozpocz\u0105\u0107 rekrutacj\u0119 pracownik\u00f3w na stanowiskach sprzedawc\u00f3w, kierownik\u00f3w sali sprzeda\u017cy, magazynu, biura rozlicze\u0144 got\u00f3wkowych, dyrektor\u00f3w oraz specjalist\u00f3w od merchandisingu wizualnego.<strong>Docelowo chce zatrudni\u0107 250 os\u00f3b.<\/strong><\/p>\n<p>W czerwcu Primark otworzy\u0142 sklep w s\u0142owe\u0144skiej Lublanie. To pierwsza plac\u00f3wka tej marki w Europie \u015arodkowo-Wschodniej. Planowane jest r\u00f3wnie\u017c otwarcie sklepu w Czechach. Firma og\u0142osi\u0142a tak\u017ce plany otwarcia sklepu w Czechach.<\/p>\n<p>Primark to mi\u0119dzynarodowa marka odzie\u017cowa, kt\u00f3ra oferuje najnowsz\u0105 mod\u0119, kosmetyki i wyposa\u017cenie domu o najlepszym stosunku jako\u015bci do ceny, zgodnie z has\u0142em: \u201eniesamowita moda w niesamowitych cenach\u201d (\u2018Amazing Fashion at Amazing Prices\u2019). Istnieje od 1969 roku i obecnie ma ponad 370 sklep\u00f3w w 12 krajach: Irlandii, Wielkiej Brytanii, Hiszpanii, Portugalii, Niemczech, Holandii, Belgii, Austrii, Francji, Stanach Zjednoczonych, W\u0142oszech i S\u0142owenii.<\/p>\n<p>Galeria M\u0142ociny zosta\u0142a otwarta w maju, ma 85 tys. mkw. powierzchni najmu, w tym 5 tys. mkw. powierzchni biurowej i ponad 6 tys. mkw. powierzchni restauracyjnej i rozrywkowej. To w\u0142a\u015bnie w tej galerii sie\u0107 RTV Euro AGD otworzy\u0142a sklep w nowej aran\u017cacji. Za komunikacj\u0119 tego obiektu odpowiada agencja magnifiCo marketing&amp;PR consultant.<\/p>\n<p><\/p>\n<p><a href=\"https:\/\/www.wirtualnemedia.pl\/artykul\/primark-pierwszy-sklep-w-polsce-galeria-mlociny-zatrudni-250-osob\">Source link <\/a><\/p>\n","protected":false},"excerpt":{"rendered":"<p>Primark podpisa\u0142 umow\u0119 najmu w Galerii M\u0142ociny na warszawskich Bielanach, kt\u00f3rej w\u0142a\u015bcicielami s\u0105 EPP (70 proc. udzia\u0142\u00f3w) oraz Echo Investment (30 proc.). EPP zarz\u0105dza t\u0105 inwestycj\u0105, a Echo Investment by\u0142a odpowiedzialna za budow\u0119 i wynajem powierzchni. Sklep Primark b\u0119dzie zajmowa\u0107 3 660 mkw. powierzchni handlowej na dw\u00f3ch pi\u0119trach. Dost\u0119pna w nim b\u0119dzie i odzie\u017c damska, [&hellip;]<\/p>\n","protected":false},"author":2,"featured_media":716,"comment_status":"open","ping_status":"open","sticky":false,"template":"","format":"standard","meta":{"footnotes":""},"categories":[3],"tags":[],"class_list":["post-715","post","type-post","status-publish","format-standard","has-post-thumbnail","hentry","category-wiadomosci-medialne-spoleczne"],"yoast_head":"<!-- This site is optimized with the Yoast SEO plugin v27.4 - https:\/\/yoast.com\/product\/yoast-seo-wordpress\/ -->\n<title>Primark pierwszy sklep w Polsce Galeria M\u0142ociny, zatrudni 250 os\u00f3b - Hot News in World<\/title>\n<meta name=\"robots\" content=\"index, follow, max-snippet:-1, max-image-preview:large, max-video-preview:-1\" \/>\n<link rel=\"canonical\" href=\"https:\/\/hotnewsinworld.com\/pl\/primark-pierwszy-sklep-w-polsce-galeria-mlociny-zatrudni-250-osob\/\" \/>\n<meta property=\"og:locale\" content=\"pl_PL\" \/>\n<meta property=\"og:type\" content=\"article\" \/>\n<meta property=\"og:title\" content=\"Primark pierwszy sklep w Polsce Galeria M\u0142ociny, zatrudni 250 os\u00f3b - Hot News in World\" \/>\n<meta property=\"og:description\" content=\"Primark podpisa\u0142 umow\u0119 najmu w Galerii M\u0142ociny na warszawskich Bielanach, kt\u00f3rej w\u0142a\u015bcicielami s\u0105 EPP (70 proc. udzia\u0142\u00f3w) oraz Echo Investment (30 proc.). EPP zarz\u0105dza t\u0105 inwestycj\u0105, a Echo Investment by\u0142a odpowiedzialna za budow\u0119 i wynajem powierzchni. Sklep Primark b\u0119dzie zajmowa\u0107 3 660 mkw. powierzchni handlowej na dw\u00f3ch pi\u0119trach. Dost\u0119pna w nim b\u0119dzie i odzie\u017c damska, [&hellip;]\" \/>\n<meta property=\"og:url\" content=\"https:\/\/hotnewsinworld.com\/pl\/primark-pierwszy-sklep-w-polsce-galeria-mlociny-zatrudni-250-osob\/\" \/>\n<meta property=\"og:site_name\" content=\"Hot News in World\" \/>\n<meta property=\"article:published_time\" content=\"2019-07-26T09:54:58+00:00\" \/>\n<meta property=\"article:modified_time\" content=\"2020-03-05T13:58:31+00:00\" \/>\n<meta property=\"og:image\" content=\"https:\/\/hotnewsinworld.com\/pl\/wp-content\/uploads\/sites\/6\/2019\/07\/Primark-pierwszy-sklep-w-Polsce-Galeria-M\u0142ociny-zatrudni-250-os\u00f3b.jpg\" \/>\n\t<meta property=\"og:image:width\" content=\"655\" \/>\n\t<meta property=\"og:image:height\" content=\"367\" \/>\n\t<meta property=\"og:image:type\" content=\"image\/jpeg\" \/>\n<meta name=\"author\" content=\"hotnewsinworld\" \/>\n<meta name=\"twitter:card\" content=\"summary_large_image\" \/>\n<meta name=\"twitter:label1\" content=\"Napisane przez\" \/>\n\t<meta name=\"twitter:data1\" content=\"hotnewsinworld\" \/>\n\t<meta name=\"twitter:label2\" content=\"Szacowany czas czytania\" \/>\n\t<meta name=\"twitter:data2\" content=\"2 minuty\" \/>\n<script type=\"application\/ld+json\" class=\"yoast-schema-graph\">{\"@context\":\"https:\\\/\\\/schema.org\",\"@graph\":[{\"@type\":\"Article\",\"@id\":\"https:\\\/\\\/hotnewsinworld.com\\\/pl\\\/primark-pierwszy-sklep-w-polsce-galeria-mlociny-zatrudni-250-osob\\\/#article\",\"isPartOf\":{\"@id\":\"https:\\\/\\\/hotnewsinworld.com\\\/pl\\\/primark-pierwszy-sklep-w-polsce-galeria-mlociny-zatrudni-250-osob\\\/\"},\"author\":{\"name\":\"hotnewsinworld\",\"@id\":\"https:\\\/\\\/hotnewsinworld.com\\\/pl\\\/#\\\/schema\\\/person\\\/fe61448b21c0d59086e75fcc1f9d8f6b\"},\"headline\":\"Primark pierwszy sklep w Polsce Galeria M\u0142ociny, zatrudni 250 os\u00f3b\",\"datePublished\":\"2019-07-26T09:54:58+00:00\",\"dateModified\":\"2020-03-05T13:58:31+00:00\",\"mainEntityOfPage\":{\"@id\":\"https:\\\/\\\/hotnewsinworld.com\\\/pl\\\/primark-pierwszy-sklep-w-polsce-galeria-mlociny-zatrudni-250-osob\\\/\"},\"wordCount\":311,\"commentCount\":0,\"image\":{\"@id\":\"https:\\\/\\\/hotnewsinworld.com\\\/pl\\\/primark-pierwszy-sklep-w-polsce-galeria-mlociny-zatrudni-250-osob\\\/#primaryimage\"},\"thumbnailUrl\":\"https:\\\/\\\/hotnewsinworld.com\\\/pl\\\/wp-content\\\/uploads\\\/sites\\\/6\\\/2019\\\/07\\\/Primark-pierwszy-sklep-w-Polsce-Galeria-M\u0142ociny-zatrudni-250-os\u00f3b.jpg\",\"articleSection\":[\"WIADOMO\u015aCI MEDIALNE SPO\u0141ECZNE\"],\"inLanguage\":\"pl-PL\",\"potentialAction\":[{\"@type\":\"CommentAction\",\"name\":\"Comment\",\"target\":[\"https:\\\/\\\/hotnewsinworld.com\\\/pl\\\/primark-pierwszy-sklep-w-polsce-galeria-mlociny-zatrudni-250-osob\\\/#respond\"]}]},{\"@type\":\"WebPage\",\"@id\":\"https:\\\/\\\/hotnewsinworld.com\\\/pl\\\/primark-pierwszy-sklep-w-polsce-galeria-mlociny-zatrudni-250-osob\\\/\",\"url\":\"https:\\\/\\\/hotnewsinworld.com\\\/pl\\\/primark-pierwszy-sklep-w-polsce-galeria-mlociny-zatrudni-250-osob\\\/\",\"name\":\"Primark pierwszy sklep w Polsce Galeria M\u0142ociny, zatrudni 250 os\u00f3b - Hot News in World\",\"isPartOf\":{\"@id\":\"https:\\\/\\\/hotnewsinworld.com\\\/pl\\\/#website\"},\"primaryImageOfPage\":{\"@id\":\"https:\\\/\\\/hotnewsinworld.com\\\/pl\\\/primark-pierwszy-sklep-w-polsce-galeria-mlociny-zatrudni-250-osob\\\/#primaryimage\"},\"image\":{\"@id\":\"https:\\\/\\\/hotnewsinworld.com\\\/pl\\\/primark-pierwszy-sklep-w-polsce-galeria-mlociny-zatrudni-250-osob\\\/#primaryimage\"},\"thumbnailUrl\":\"https:\\\/\\\/hotnewsinworld.com\\\/pl\\\/wp-content\\\/uploads\\\/sites\\\/6\\\/2019\\\/07\\\/Primark-pierwszy-sklep-w-Polsce-Galeria-M\u0142ociny-zatrudni-250-os\u00f3b.jpg\",\"datePublished\":\"2019-07-26T09:54:58+00:00\",\"dateModified\":\"2020-03-05T13:58:31+00:00\",\"author\":{\"@id\":\"https:\\\/\\\/hotnewsinworld.com\\\/pl\\\/#\\\/schema\\\/person\\\/fe61448b21c0d59086e75fcc1f9d8f6b\"},\"breadcrumb\":{\"@id\":\"https:\\\/\\\/hotnewsinworld.com\\\/pl\\\/primark-pierwszy-sklep-w-polsce-galeria-mlociny-zatrudni-250-osob\\\/#breadcrumb\"},\"inLanguage\":\"pl-PL\",\"potentialAction\":[{\"@type\":\"ReadAction\",\"target\":[\"https:\\\/\\\/hotnewsinworld.com\\\/pl\\\/primark-pierwszy-sklep-w-polsce-galeria-mlociny-zatrudni-250-osob\\\/\"]}]},{\"@type\":\"ImageObject\",\"inLanguage\":\"pl-PL\",\"@id\":\"https:\\\/\\\/hotnewsinworld.com\\\/pl\\\/primark-pierwszy-sklep-w-polsce-galeria-mlociny-zatrudni-250-osob\\\/#primaryimage\",\"url\":\"https:\\\/\\\/hotnewsinworld.com\\\/pl\\\/wp-content\\\/uploads\\\/sites\\\/6\\\/2019\\\/07\\\/Primark-pierwszy-sklep-w-Polsce-Galeria-M\u0142ociny-zatrudni-250-os\u00f3b.jpg\",\"contentUrl\":\"https:\\\/\\\/hotnewsinworld.com\\\/pl\\\/wp-content\\\/uploads\\\/sites\\\/6\\\/2019\\\/07\\\/Primark-pierwszy-sklep-w-Polsce-Galeria-M\u0142ociny-zatrudni-250-os\u00f3b.jpg\",\"width\":655,\"height\":367,\"caption\":\"Primark pierwszy sklep w Polsce Galeria M\u0142ociny, zatrudni 250 os\u00f3b\"},{\"@type\":\"BreadcrumbList\",\"@id\":\"https:\\\/\\\/hotnewsinworld.com\\\/pl\\\/primark-pierwszy-sklep-w-polsce-galeria-mlociny-zatrudni-250-osob\\\/#breadcrumb\",\"itemListElement\":[{\"@type\":\"ListItem\",\"position\":1,\"name\":\"\u0413\u043b\u0430\u0432\u043d\u0430\u044f \u0441\u0442\u0440\u0430\u043d\u0438\u0446\u0430\",\"item\":\"https:\\\/\\\/hotnewsinworld.com\\\/pl\\\/\"},{\"@type\":\"ListItem\",\"position\":2,\"name\":\"Primark pierwszy sklep w Polsce Galeria M\u0142ociny, zatrudni 250 os\u00f3b\"}]},{\"@type\":\"WebSite\",\"@id\":\"https:\\\/\\\/hotnewsinworld.com\\\/pl\\\/#website\",\"url\":\"https:\\\/\\\/hotnewsinworld.com\\\/pl\\\/\",\"name\":\"Hot News in World\",\"description\":\"Hot News in World Polska\",\"potentialAction\":[{\"@type\":\"SearchAction\",\"target\":{\"@type\":\"EntryPoint\",\"urlTemplate\":\"https:\\\/\\\/hotnewsinworld.com\\\/pl\\\/?s={search_term_string}\"},\"query-input\":{\"@type\":\"PropertyValueSpecification\",\"valueRequired\":true,\"valueName\":\"search_term_string\"}}],\"inLanguage\":\"pl-PL\"},{\"@type\":\"Person\",\"@id\":\"https:\\\/\\\/hotnewsinworld.com\\\/pl\\\/#\\\/schema\\\/person\\\/fe61448b21c0d59086e75fcc1f9d8f6b\",\"name\":\"hotnewsinworld\",\"image\":{\"@type\":\"ImageObject\",\"inLanguage\":\"pl-PL\",\"@id\":\"https:\\\/\\\/secure.gravatar.com\\\/avatar\\\/8a09ac165600ce2e1c38fe593c63928eb1e6e7ba5c5a907d67787c41b3d00c14?s=96&d=mm&r=g\",\"url\":\"https:\\\/\\\/secure.gravatar.com\\\/avatar\\\/8a09ac165600ce2e1c38fe593c63928eb1e6e7ba5c5a907d67787c41b3d00c14?s=96&d=mm&r=g\",\"contentUrl\":\"https:\\\/\\\/secure.gravatar.com\\\/avatar\\\/8a09ac165600ce2e1c38fe593c63928eb1e6e7ba5c5a907d67787c41b3d00c14?s=96&d=mm&r=g\",\"caption\":\"hotnewsinworld\"},\"url\":\"https:\\\/\\\/hotnewsinworld.com\\\/pl\\\/author\\\/pt\\\/\"}]}<\/script>\n<!-- \/ Yoast SEO plugin. -->","yoast_head_json":{"title":"Primark pierwszy sklep w Polsce Galeria M\u0142ociny, zatrudni 250 os\u00f3b - Hot News in World","robots":{"index":"index","follow":"follow","max-snippet":"max-snippet:-1","max-image-preview":"max-image-preview:large","max-video-preview":"max-video-preview:-1"},"canonical":"https:\/\/hotnewsinworld.com\/pl\/primark-pierwszy-sklep-w-polsce-galeria-mlociny-zatrudni-250-osob\/","og_locale":"pl_PL","og_type":"article","og_title":"Primark pierwszy sklep w Polsce Galeria M\u0142ociny, zatrudni 250 os\u00f3b - Hot News in World","og_description":"Primark podpisa\u0142 umow\u0119 najmu w Galerii M\u0142ociny na warszawskich Bielanach, kt\u00f3rej w\u0142a\u015bcicielami s\u0105 EPP (70 proc. udzia\u0142\u00f3w) oraz Echo Investment (30 proc.). EPP zarz\u0105dza t\u0105 inwestycj\u0105, a Echo Investment by\u0142a odpowiedzialna za budow\u0119 i wynajem powierzchni. Sklep Primark b\u0119dzie zajmowa\u0107 3 660 mkw. powierzchni handlowej na dw\u00f3ch pi\u0119trach. Dost\u0119pna w nim b\u0119dzie i odzie\u017c damska, [&hellip;]","og_url":"https:\/\/hotnewsinworld.com\/pl\/primark-pierwszy-sklep-w-polsce-galeria-mlociny-zatrudni-250-osob\/","og_site_name":"Hot News in World","article_published_time":"2019-07-26T09:54:58+00:00","article_modified_time":"2020-03-05T13:58:31+00:00","og_image":[{"width":655,"height":367,"url":"https:\/\/hotnewsinworld.com\/pl\/wp-content\/uploads\/sites\/6\/2019\/07\/Primark-pierwszy-sklep-w-Polsce-Galeria-M\u0142ociny-zatrudni-250-os\u00f3b.jpg","type":"image\/jpeg"}],"author":"hotnewsinworld","twitter_card":"summary_large_image","twitter_misc":{"Napisane przez":"hotnewsinworld","Szacowany czas czytania":"2 minuty"},"schema":{"@context":"https:\/\/schema.org","@graph":[{"@type":"Article","@id":"https:\/\/hotnewsinworld.com\/pl\/primark-pierwszy-sklep-w-polsce-galeria-mlociny-zatrudni-250-osob\/#article","isPartOf":{"@id":"https:\/\/hotnewsinworld.com\/pl\/primark-pierwszy-sklep-w-polsce-galeria-mlociny-zatrudni-250-osob\/"},"author":{"name":"hotnewsinworld","@id":"https:\/\/hotnewsinworld.com\/pl\/#\/schema\/person\/fe61448b21c0d59086e75fcc1f9d8f6b"},"headline":"Primark pierwszy sklep w Polsce Galeria M\u0142ociny, zatrudni 250 os\u00f3b","datePublished":"2019-07-26T09:54:58+00:00","dateModified":"2020-03-05T13:58:31+00:00","mainEntityOfPage":{"@id":"https:\/\/hotnewsinworld.com\/pl\/primark-pierwszy-sklep-w-polsce-galeria-mlociny-zatrudni-250-osob\/"},"wordCount":311,"commentCount":0,"image":{"@id":"https:\/\/hotnewsinworld.com\/pl\/primark-pierwszy-sklep-w-polsce-galeria-mlociny-zatrudni-250-osob\/#primaryimage"},"thumbnailUrl":"https:\/\/hotnewsinworld.com\/pl\/wp-content\/uploads\/sites\/6\/2019\/07\/Primark-pierwszy-sklep-w-Polsce-Galeria-M\u0142ociny-zatrudni-250-os\u00f3b.jpg","articleSection":["WIADOMO\u015aCI MEDIALNE SPO\u0141ECZNE"],"inLanguage":"pl-PL","potentialAction":[{"@type":"CommentAction","name":"Comment","target":["https:\/\/hotnewsinworld.com\/pl\/primark-pierwszy-sklep-w-polsce-galeria-mlociny-zatrudni-250-osob\/#respond"]}]},{"@type":"WebPage","@id":"https:\/\/hotnewsinworld.com\/pl\/primark-pierwszy-sklep-w-polsce-galeria-mlociny-zatrudni-250-osob\/","url":"https:\/\/hotnewsinworld.com\/pl\/primark-pierwszy-sklep-w-polsce-galeria-mlociny-zatrudni-250-osob\/","name":"Primark pierwszy sklep w Polsce Galeria M\u0142ociny, zatrudni 250 os\u00f3b - Hot News in World","isPartOf":{"@id":"https:\/\/hotnewsinworld.com\/pl\/#website"},"primaryImageOfPage":{"@id":"https:\/\/hotnewsinworld.com\/pl\/primark-pierwszy-sklep-w-polsce-galeria-mlociny-zatrudni-250-osob\/#primaryimage"},"image":{"@id":"https:\/\/hotnewsinworld.com\/pl\/primark-pierwszy-sklep-w-polsce-galeria-mlociny-zatrudni-250-osob\/#primaryimage"},"thumbnailUrl":"https:\/\/hotnewsinworld.com\/pl\/wp-content\/uploads\/sites\/6\/2019\/07\/Primark-pierwszy-sklep-w-Polsce-Galeria-M\u0142ociny-zatrudni-250-os\u00f3b.jpg","datePublished":"2019-07-26T09:54:58+00:00","dateModified":"2020-03-05T13:58:31+00:00","author":{"@id":"https:\/\/hotnewsinworld.com\/pl\/#\/schema\/person\/fe61448b21c0d59086e75fcc1f9d8f6b"},"breadcrumb":{"@id":"https:\/\/hotnewsinworld.com\/pl\/primark-pierwszy-sklep-w-polsce-galeria-mlociny-zatrudni-250-osob\/#breadcrumb"},"inLanguage":"pl-PL","potentialAction":[{"@type":"ReadAction","target":["https:\/\/hotnewsinworld.com\/pl\/primark-pierwszy-sklep-w-polsce-galeria-mlociny-zatrudni-250-osob\/"]}]},{"@type":"ImageObject","inLanguage":"pl-PL","@id":"https:\/\/hotnewsinworld.com\/pl\/primark-pierwszy-sklep-w-polsce-galeria-mlociny-zatrudni-250-osob\/#primaryimage","url":"https:\/\/hotnewsinworld.com\/pl\/wp-content\/uploads\/sites\/6\/2019\/07\/Primark-pierwszy-sklep-w-Polsce-Galeria-M\u0142ociny-zatrudni-250-os\u00f3b.jpg","contentUrl":"https:\/\/hotnewsinworld.com\/pl\/wp-content\/uploads\/sites\/6\/2019\/07\/Primark-pierwszy-sklep-w-Polsce-Galeria-M\u0142ociny-zatrudni-250-os\u00f3b.jpg","width":655,"height":367,"caption":"Primark pierwszy sklep w Polsce Galeria M\u0142ociny, zatrudni 250 os\u00f3b"},{"@type":"BreadcrumbList","@id":"https:\/\/hotnewsinworld.com\/pl\/primark-pierwszy-sklep-w-polsce-galeria-mlociny-zatrudni-250-osob\/#breadcrumb","itemListElement":[{"@type":"ListItem","position":1,"name":"\u0413\u043b\u0430\u0432\u043d\u0430\u044f \u0441\u0442\u0440\u0430\u043d\u0438\u0446\u0430","item":"https:\/\/hotnewsinworld.com\/pl\/"},{"@type":"ListItem","position":2,"name":"Primark pierwszy sklep w Polsce Galeria M\u0142ociny, zatrudni 250 os\u00f3b"}]},{"@type":"WebSite","@id":"https:\/\/hotnewsinworld.com\/pl\/#website","url":"https:\/\/hotnewsinworld.com\/pl\/","name":"Hot News in World","description":"Hot News in World Polska","potentialAction":[{"@type":"SearchAction","target":{"@type":"EntryPoint","urlTemplate":"https:\/\/hotnewsinworld.com\/pl\/?s={search_term_string}"},"query-input":{"@type":"PropertyValueSpecification","valueRequired":true,"valueName":"search_term_string"}}],"inLanguage":"pl-PL"},{"@type":"Person","@id":"https:\/\/hotnewsinworld.com\/pl\/#\/schema\/person\/fe61448b21c0d59086e75fcc1f9d8f6b","name":"hotnewsinworld","image":{"@type":"ImageObject","inLanguage":"pl-PL","@id":"https:\/\/secure.gravatar.com\/avatar\/8a09ac165600ce2e1c38fe593c63928eb1e6e7ba5c5a907d67787c41b3d00c14?s=96&d=mm&r=g","url":"https:\/\/secure.gravatar.com\/avatar\/8a09ac165600ce2e1c38fe593c63928eb1e6e7ba5c5a907d67787c41b3d00c14?s=96&d=mm&r=g","contentUrl":"https:\/\/secure.gravatar.com\/avatar\/8a09ac165600ce2e1c38fe593c63928eb1e6e7ba5c5a907d67787c41b3d00c14?s=96&d=mm&r=g","caption":"hotnewsinworld"},"url":"https:\/\/hotnewsinworld.com\/pl\/author\/pt\/"}]}},"_links":{"self":[{"href":"https:\/\/hotnewsinworld.com\/pl\/wp-json\/wp\/v2\/posts\/715","targetHints":{"allow":["GET"]}}],"collection":[{"href":"https:\/\/hotnewsinworld.com\/pl\/wp-json\/wp\/v2\/posts"}],"about":[{"href":"https:\/\/hotnewsinworld.com\/pl\/wp-json\/wp\/v2\/types\/post"}],"author":[{"embeddable":true,"href":"https:\/\/hotnewsinworld.com\/pl\/wp-json\/wp\/v2\/users\/2"}],"replies":[{"embeddable":true,"href":"https:\/\/hotnewsinworld.com\/pl\/wp-json\/wp\/v2\/comments?post=715"}],"version-history":[{"count":2,"href":"https:\/\/hotnewsinworld.com\/pl\/wp-json\/wp\/v2\/posts\/715\/revisions"}],"predecessor-version":[{"id":3204,"href":"https:\/\/hotnewsinworld.com\/pl\/wp-json\/wp\/v2\/posts\/715\/revisions\/3204"}],"wp:featuredmedia":[{"embeddable":true,"href":"https:\/\/hotnewsinworld.com\/pl\/wp-json\/wp\/v2\/media\/716"}],"wp:attachment":[{"href":"https:\/\/hotnewsinworld.com\/pl\/wp-json\/wp\/v2\/media?parent=715"}],"wp:term":[{"taxonomy":"category","embeddable":true,"href":"https:\/\/hotnewsinworld.com\/pl\/wp-json\/wp\/v2\/categories?post=715"},{"taxonomy":"post_tag","embeddable":true,"href":"https:\/\/hotnewsinworld.com\/pl\/wp-json\/wp\/v2\/tags?post=715"}],"curies":[{"name":"wp","href":"https:\/\/api.w.org\/{rel}","templated":true}]}}