{"id":727,"date":"2019-07-26T16:37:25","date_gmt":"2019-07-26T13:37:25","guid":{"rendered":"https:\/\/hotnewsinworld.com\/pl\/polska-za-wolno-walczy-ze-smogiem-unijne-kary-coraz-bliej\/"},"modified":"2019-07-26T16:37:26","modified_gmt":"2019-07-26T13:37:26","slug":"polska-za-wolno-walczy-ze-smogiem-unijne-kary-coraz-bliej","status":"publish","type":"post","link":"https:\/\/hotnewsinworld.com\/pl\/polska-za-wolno-walczy-ze-smogiem-unijne-kary-coraz-bliej\/","title":{"rendered":"Polska za wolno walczy ze smogiem. Unijne kary coraz bli\u00bfej"},"content":{"rendered":"<p> [ad_1]<\/p>\n<div id=\"\">\n<p class=\"art_paragraph\">P\u00f3\u0142tora roku po orzeczeniu przez Trybuna\u0142 Sprawiedliwo\u015bci Unii Europejskiej, \u017ce zasmogowana Polska narusza unijne prawo w dziedzinie jako\u015bci powietrza, Komisja Europejska ostrzega, \u017ce wci\u0105\u017c zbyt wolno walczymy ze smogiem, i grozi finansowymi karami.<\/p>\n<p class=\"art_paragraph\">\u201eKomisja jest nadal zaniepokojona wolnym tempem zmian i brakiem skoordynowanego podej\u015bcia na szczeblu krajowym i lokalnym, zw\u0142aszcza w odniesieniu do likwidacji przestarza\u0142ych kot\u0142\u00f3w na paliwa sta\u0142e wykorzystywanych do ogrzewania dom\u00f3w oraz w odniesieniu do dzia\u0142a\u0144 w sektorze transportu\u201d &#8211; pisze KE i wzywa do wype\u0142nienia wyroku TSUE. <\/p>\n<p>Orzeczenie wydane w lutym 2018 r. przez Trybuna\u0142 Sprawiedliwo\u015bci w Luksemburgu zobowi\u0105za\u0142o Polsk\u0119 do natychmiastowego wdro\u017cenia dzia\u0142a\u0144, kt\u00f3re realnie poprawi\u0105 jako\u015b\u0107 powietrza w Polsce i widocznie obni\u017c\u0105 poziomy szkodliwych py\u0142\u00f3w.<\/p>\n<\/div>\n<p><script>\n\t!function(f, b, e, v, n, t, s) {\n\t\tif (f.fbq)\n\t\t\treturn;\n\t\tn = f.fbq = function() {\n\t\t\tn.callMethod ? n.callMethod.apply(n, arguments) : n.queue.push(arguments)\n\t\t};\n\t\tif (!f._fbq)\n\t\t\tf._fbq = n;\n\t\tn.push = n;\n\t\tn.loaded = !0;\n\t\tn.version = '2.0';\n\t\tn.queue = [];\n\t\tt = b.createElement(e);\n\t\tt.async = !0;\n\t\tt.src = v;\n\t\ts = b.getElementsByTagName(e)[0];\n\t\ts.parentNode.insertBefore(t, s)\n\t} (window, document, 'script', 'https:\/\/connect.facebook.net\/en_US\/fbevents.js');\n\tfbq('init', '534530363346991'); \/\/ Insert your pixel ID here.\n\tfbq('track', 'PageView');\n<\/script><script>\n\t\twindow.gazeta_pl = window.gazeta_pl || {};\n\t\twindow.gazeta_pl.functionQueue = window.gazeta_pl.functionQueue || [];\n\t\twindow.gazeta_pl.functionQueue.push(function(){\n\t\t\tsetTimeout(function() {\n                (function(d){\n                   var js, id = 'facebook-jssdk'; if (d.getElementById(id)) {return;}\n                   js = d.createElement('script'); js.id = id; js.async = true;\n                   js.src = \"http:\/\/connect.facebook.net\/pl_PL\/all.js\";\n                   d.getElementsByTagName('head')[0].appendChild(js);\n                 }(document));\n\t\t\t}, 2000);\n\t\t\tfunction facebookReady(){\n\t\t\t\tFB.init({\n\t\t\t      appId  : 199770596725532,\n\t\t\t      status : true,\n\t\t\t      cookie : true,\n\t\t\t      xfbml  : true,\n\t\t\t      oauth  : true,\n\t\t\t      version: 'v2.2'\n\t\t\t    });\n\t\t\t}\n\t\t\tif(window.FB) {\n\t\t\t\tfacebookReady();\n\t\t\t} else {\n\t\t\t\twindow.fbAsyncInit = facebookReady;\n\t\t\t}\n\t\t});\n\t\t<\/script><br \/>\n<br \/>[ad_2]<br \/>\n<br \/><a href=\"http:\/\/wyborcza.pl\/7,155287,25031281,polska-za-wolno-walczy-ze-smogiem-unijne-kary-coraz-blizej.html\">Source link <\/a><\/p>\n","protected":false},"excerpt":{"rendered":"<p>[ad_1] P\u00f3\u0142tora roku po orzeczeniu przez Trybuna\u0142 Sprawiedliwo\u015bci Unii Europejskiej, \u017ce zasmogowana Polska narusza unijne prawo w dziedzinie jako\u015bci powietrza, Komisja Europejska ostrzega, \u017ce wci\u0105\u017c zbyt wolno walczymy ze smogiem, i grozi finansowymi karami. \u201eKomisja jest nadal zaniepokojona wolnym tempem zmian i brakiem skoordynowanego podej\u015bcia na szczeblu krajowym i lokalnym, zw\u0142aszcza w odniesieniu do likwidacji [&hellip;]<\/p>\n","protected":false},"author":2,"featured_media":728,"comment_status":"open","ping_status":"open","sticky":false,"template":"","format":"standard","meta":{"footnotes":""},"categories":[1],"tags":[],"class_list":["post-727","post","type-post","status-publish","format-standard","has-post-thumbnail","hentry","category-najnowsze-wiadomosci-finansowe"],"yoast_head":"<!-- This site is optimized with the Yoast SEO plugin v27.4 - https:\/\/yoast.com\/product\/yoast-seo-wordpress\/ -->\n<title>Polska za wolno walczy ze smogiem. Unijne kary coraz bli\u00bfej - Hot News in World<\/title>\n<meta name=\"robots\" content=\"index, follow, max-snippet:-1, max-image-preview:large, max-video-preview:-1\" \/>\n<link rel=\"canonical\" href=\"https:\/\/hotnewsinworld.com\/pl\/polska-za-wolno-walczy-ze-smogiem-unijne-kary-coraz-bliej\/\" \/>\n<meta property=\"og:locale\" content=\"pl_PL\" \/>\n<meta property=\"og:type\" content=\"article\" \/>\n<meta property=\"og:title\" content=\"Polska za wolno walczy ze smogiem. Unijne kary coraz bli\u00bfej - Hot News in World\" \/>\n<meta property=\"og:description\" content=\"[ad_1] P\u00f3\u0142tora roku po orzeczeniu przez Trybuna\u0142 Sprawiedliwo\u015bci Unii Europejskiej, \u017ce zasmogowana Polska narusza unijne prawo w dziedzinie jako\u015bci powietrza, Komisja Europejska ostrzega, \u017ce wci\u0105\u017c zbyt wolno walczymy ze smogiem, i grozi finansowymi karami. \u201eKomisja jest nadal zaniepokojona wolnym tempem zmian i brakiem skoordynowanego podej\u015bcia na szczeblu krajowym i lokalnym, zw\u0142aszcza w odniesieniu do likwidacji [&hellip;]\" \/>\n<meta property=\"og:url\" content=\"https:\/\/hotnewsinworld.com\/pl\/polska-za-wolno-walczy-ze-smogiem-unijne-kary-coraz-bliej\/\" \/>\n<meta property=\"og:site_name\" content=\"Hot News in World\" \/>\n<meta property=\"article:published_time\" content=\"2019-07-26T13:37:25+00:00\" \/>\n<meta property=\"article:modified_time\" content=\"2019-07-26T13:37:26+00:00\" \/>\n<meta property=\"og:image\" content=\"https:\/\/hotnewsinworld.com\/pl\/wp-content\/uploads\/sites\/6\/2019\/07\/Polska-za-wolno-walczy-ze-smogiem.-Unijne-kary-coraz-bli\u00bfej.jpg\" \/>\n\t<meta property=\"og:image:width\" content=\"300\" \/>\n\t<meta property=\"og:image:height\" content=\"200\" \/>\n\t<meta property=\"og:image:type\" content=\"image\/jpeg\" \/>\n<meta name=\"author\" content=\"hotnewsinworld\" \/>\n<meta name=\"twitter:card\" content=\"summary_large_image\" \/>\n<meta name=\"twitter:label1\" content=\"Napisane przez\" \/>\n\t<meta name=\"twitter:data1\" content=\"hotnewsinworld\" \/>\n\t<meta name=\"twitter:label2\" content=\"Szacowany czas czytania\" \/>\n\t<meta name=\"twitter:data2\" content=\"1 minuta\" \/>\n<script type=\"application\/ld+json\" class=\"yoast-schema-graph\">{\"@context\":\"https:\\\/\\\/schema.org\",\"@graph\":[{\"@type\":\"Article\",\"@id\":\"https:\\\/\\\/hotnewsinworld.com\\\/pl\\\/polska-za-wolno-walczy-ze-smogiem-unijne-kary-coraz-bliej\\\/#article\",\"isPartOf\":{\"@id\":\"https:\\\/\\\/hotnewsinworld.com\\\/pl\\\/polska-za-wolno-walczy-ze-smogiem-unijne-kary-coraz-bliej\\\/\"},\"author\":{\"name\":\"hotnewsinworld\",\"@id\":\"https:\\\/\\\/hotnewsinworld.com\\\/pl\\\/#\\\/schema\\\/person\\\/fe61448b21c0d59086e75fcc1f9d8f6b\"},\"headline\":\"Polska za wolno walczy ze smogiem. Unijne kary coraz bli\u00bfej\",\"datePublished\":\"2019-07-26T13:37:25+00:00\",\"dateModified\":\"2019-07-26T13:37:26+00:00\",\"mainEntityOfPage\":{\"@id\":\"https:\\\/\\\/hotnewsinworld.com\\\/pl\\\/polska-za-wolno-walczy-ze-smogiem-unijne-kary-coraz-bliej\\\/\"},\"wordCount\":142,\"commentCount\":0,\"image\":{\"@id\":\"https:\\\/\\\/hotnewsinworld.com\\\/pl\\\/polska-za-wolno-walczy-ze-smogiem-unijne-kary-coraz-bliej\\\/#primaryimage\"},\"thumbnailUrl\":\"https:\\\/\\\/hotnewsinworld.com\\\/pl\\\/wp-content\\\/uploads\\\/sites\\\/6\\\/2019\\\/07\\\/Polska-za-wolno-walczy-ze-smogiem.-Unijne-kary-coraz-bli\u00bfej.jpg\",\"articleSection\":[\"NAJNOWSZE WIADOMO\u015aCI FINANSOWE\"],\"inLanguage\":\"pl-PL\",\"potentialAction\":[{\"@type\":\"CommentAction\",\"name\":\"Comment\",\"target\":[\"https:\\\/\\\/hotnewsinworld.com\\\/pl\\\/polska-za-wolno-walczy-ze-smogiem-unijne-kary-coraz-bliej\\\/#respond\"]}]},{\"@type\":\"WebPage\",\"@id\":\"https:\\\/\\\/hotnewsinworld.com\\\/pl\\\/polska-za-wolno-walczy-ze-smogiem-unijne-kary-coraz-bliej\\\/\",\"url\":\"https:\\\/\\\/hotnewsinworld.com\\\/pl\\\/polska-za-wolno-walczy-ze-smogiem-unijne-kary-coraz-bliej\\\/\",\"name\":\"Polska za wolno walczy ze smogiem. Unijne kary coraz bli\u00bfej - Hot News in World\",\"isPartOf\":{\"@id\":\"https:\\\/\\\/hotnewsinworld.com\\\/pl\\\/#website\"},\"primaryImageOfPage\":{\"@id\":\"https:\\\/\\\/hotnewsinworld.com\\\/pl\\\/polska-za-wolno-walczy-ze-smogiem-unijne-kary-coraz-bliej\\\/#primaryimage\"},\"image\":{\"@id\":\"https:\\\/\\\/hotnewsinworld.com\\\/pl\\\/polska-za-wolno-walczy-ze-smogiem-unijne-kary-coraz-bliej\\\/#primaryimage\"},\"thumbnailUrl\":\"https:\\\/\\\/hotnewsinworld.com\\\/pl\\\/wp-content\\\/uploads\\\/sites\\\/6\\\/2019\\\/07\\\/Polska-za-wolno-walczy-ze-smogiem.-Unijne-kary-coraz-bli\u00bfej.jpg\",\"datePublished\":\"2019-07-26T13:37:25+00:00\",\"dateModified\":\"2019-07-26T13:37:26+00:00\",\"author\":{\"@id\":\"https:\\\/\\\/hotnewsinworld.com\\\/pl\\\/#\\\/schema\\\/person\\\/fe61448b21c0d59086e75fcc1f9d8f6b\"},\"breadcrumb\":{\"@id\":\"https:\\\/\\\/hotnewsinworld.com\\\/pl\\\/polska-za-wolno-walczy-ze-smogiem-unijne-kary-coraz-bliej\\\/#breadcrumb\"},\"inLanguage\":\"pl-PL\",\"potentialAction\":[{\"@type\":\"ReadAction\",\"target\":[\"https:\\\/\\\/hotnewsinworld.com\\\/pl\\\/polska-za-wolno-walczy-ze-smogiem-unijne-kary-coraz-bliej\\\/\"]}]},{\"@type\":\"ImageObject\",\"inLanguage\":\"pl-PL\",\"@id\":\"https:\\\/\\\/hotnewsinworld.com\\\/pl\\\/polska-za-wolno-walczy-ze-smogiem-unijne-kary-coraz-bliej\\\/#primaryimage\",\"url\":\"https:\\\/\\\/hotnewsinworld.com\\\/pl\\\/wp-content\\\/uploads\\\/sites\\\/6\\\/2019\\\/07\\\/Polska-za-wolno-walczy-ze-smogiem.-Unijne-kary-coraz-bli\u00bfej.jpg\",\"contentUrl\":\"https:\\\/\\\/hotnewsinworld.com\\\/pl\\\/wp-content\\\/uploads\\\/sites\\\/6\\\/2019\\\/07\\\/Polska-za-wolno-walczy-ze-smogiem.-Unijne-kary-coraz-bli\u00bfej.jpg\",\"width\":300,\"height\":200,\"caption\":\"Polska za wolno walczy ze smogiem. Unijne kary coraz bli\u00bfej\"},{\"@type\":\"BreadcrumbList\",\"@id\":\"https:\\\/\\\/hotnewsinworld.com\\\/pl\\\/polska-za-wolno-walczy-ze-smogiem-unijne-kary-coraz-bliej\\\/#breadcrumb\",\"itemListElement\":[{\"@type\":\"ListItem\",\"position\":1,\"name\":\"\u0413\u043b\u0430\u0432\u043d\u0430\u044f \u0441\u0442\u0440\u0430\u043d\u0438\u0446\u0430\",\"item\":\"https:\\\/\\\/hotnewsinworld.com\\\/pl\\\/\"},{\"@type\":\"ListItem\",\"position\":2,\"name\":\"Polska za wolno walczy ze smogiem. Unijne kary coraz bli\u00bfej\"}]},{\"@type\":\"WebSite\",\"@id\":\"https:\\\/\\\/hotnewsinworld.com\\\/pl\\\/#website\",\"url\":\"https:\\\/\\\/hotnewsinworld.com\\\/pl\\\/\",\"name\":\"Hot News in World\",\"description\":\"Hot News in World Polska\",\"potentialAction\":[{\"@type\":\"SearchAction\",\"target\":{\"@type\":\"EntryPoint\",\"urlTemplate\":\"https:\\\/\\\/hotnewsinworld.com\\\/pl\\\/?s={search_term_string}\"},\"query-input\":{\"@type\":\"PropertyValueSpecification\",\"valueRequired\":true,\"valueName\":\"search_term_string\"}}],\"inLanguage\":\"pl-PL\"},{\"@type\":\"Person\",\"@id\":\"https:\\\/\\\/hotnewsinworld.com\\\/pl\\\/#\\\/schema\\\/person\\\/fe61448b21c0d59086e75fcc1f9d8f6b\",\"name\":\"hotnewsinworld\",\"image\":{\"@type\":\"ImageObject\",\"inLanguage\":\"pl-PL\",\"@id\":\"https:\\\/\\\/secure.gravatar.com\\\/avatar\\\/8a09ac165600ce2e1c38fe593c63928eb1e6e7ba5c5a907d67787c41b3d00c14?s=96&d=mm&r=g\",\"url\":\"https:\\\/\\\/secure.gravatar.com\\\/avatar\\\/8a09ac165600ce2e1c38fe593c63928eb1e6e7ba5c5a907d67787c41b3d00c14?s=96&d=mm&r=g\",\"contentUrl\":\"https:\\\/\\\/secure.gravatar.com\\\/avatar\\\/8a09ac165600ce2e1c38fe593c63928eb1e6e7ba5c5a907d67787c41b3d00c14?s=96&d=mm&r=g\",\"caption\":\"hotnewsinworld\"},\"url\":\"https:\\\/\\\/hotnewsinworld.com\\\/pl\\\/author\\\/pt\\\/\"}]}<\/script>\n<!-- \/ Yoast SEO plugin. -->","yoast_head_json":{"title":"Polska za wolno walczy ze smogiem. Unijne kary coraz bli\u00bfej - Hot News in World","robots":{"index":"index","follow":"follow","max-snippet":"max-snippet:-1","max-image-preview":"max-image-preview:large","max-video-preview":"max-video-preview:-1"},"canonical":"https:\/\/hotnewsinworld.com\/pl\/polska-za-wolno-walczy-ze-smogiem-unijne-kary-coraz-bliej\/","og_locale":"pl_PL","og_type":"article","og_title":"Polska za wolno walczy ze smogiem. Unijne kary coraz bli\u00bfej - Hot News in World","og_description":"[ad_1] P\u00f3\u0142tora roku po orzeczeniu przez Trybuna\u0142 Sprawiedliwo\u015bci Unii Europejskiej, \u017ce zasmogowana Polska narusza unijne prawo w dziedzinie jako\u015bci powietrza, Komisja Europejska ostrzega, \u017ce wci\u0105\u017c zbyt wolno walczymy ze smogiem, i grozi finansowymi karami. \u201eKomisja jest nadal zaniepokojona wolnym tempem zmian i brakiem skoordynowanego podej\u015bcia na szczeblu krajowym i lokalnym, zw\u0142aszcza w odniesieniu do likwidacji [&hellip;]","og_url":"https:\/\/hotnewsinworld.com\/pl\/polska-za-wolno-walczy-ze-smogiem-unijne-kary-coraz-bliej\/","og_site_name":"Hot News in World","article_published_time":"2019-07-26T13:37:25+00:00","article_modified_time":"2019-07-26T13:37:26+00:00","og_image":[{"width":300,"height":200,"url":"https:\/\/hotnewsinworld.com\/pl\/wp-content\/uploads\/sites\/6\/2019\/07\/Polska-za-wolno-walczy-ze-smogiem.-Unijne-kary-coraz-bli\u00bfej.jpg","type":"image\/jpeg"}],"author":"hotnewsinworld","twitter_card":"summary_large_image","twitter_misc":{"Napisane przez":"hotnewsinworld","Szacowany czas czytania":"1 minuta"},"schema":{"@context":"https:\/\/schema.org","@graph":[{"@type":"Article","@id":"https:\/\/hotnewsinworld.com\/pl\/polska-za-wolno-walczy-ze-smogiem-unijne-kary-coraz-bliej\/#article","isPartOf":{"@id":"https:\/\/hotnewsinworld.com\/pl\/polska-za-wolno-walczy-ze-smogiem-unijne-kary-coraz-bliej\/"},"author":{"name":"hotnewsinworld","@id":"https:\/\/hotnewsinworld.com\/pl\/#\/schema\/person\/fe61448b21c0d59086e75fcc1f9d8f6b"},"headline":"Polska za wolno walczy ze smogiem. Unijne kary coraz bli\u00bfej","datePublished":"2019-07-26T13:37:25+00:00","dateModified":"2019-07-26T13:37:26+00:00","mainEntityOfPage":{"@id":"https:\/\/hotnewsinworld.com\/pl\/polska-za-wolno-walczy-ze-smogiem-unijne-kary-coraz-bliej\/"},"wordCount":142,"commentCount":0,"image":{"@id":"https:\/\/hotnewsinworld.com\/pl\/polska-za-wolno-walczy-ze-smogiem-unijne-kary-coraz-bliej\/#primaryimage"},"thumbnailUrl":"https:\/\/hotnewsinworld.com\/pl\/wp-content\/uploads\/sites\/6\/2019\/07\/Polska-za-wolno-walczy-ze-smogiem.-Unijne-kary-coraz-bli\u00bfej.jpg","articleSection":["NAJNOWSZE WIADOMO\u015aCI FINANSOWE"],"inLanguage":"pl-PL","potentialAction":[{"@type":"CommentAction","name":"Comment","target":["https:\/\/hotnewsinworld.com\/pl\/polska-za-wolno-walczy-ze-smogiem-unijne-kary-coraz-bliej\/#respond"]}]},{"@type":"WebPage","@id":"https:\/\/hotnewsinworld.com\/pl\/polska-za-wolno-walczy-ze-smogiem-unijne-kary-coraz-bliej\/","url":"https:\/\/hotnewsinworld.com\/pl\/polska-za-wolno-walczy-ze-smogiem-unijne-kary-coraz-bliej\/","name":"Polska za wolno walczy ze smogiem. Unijne kary coraz bli\u00bfej - Hot News in World","isPartOf":{"@id":"https:\/\/hotnewsinworld.com\/pl\/#website"},"primaryImageOfPage":{"@id":"https:\/\/hotnewsinworld.com\/pl\/polska-za-wolno-walczy-ze-smogiem-unijne-kary-coraz-bliej\/#primaryimage"},"image":{"@id":"https:\/\/hotnewsinworld.com\/pl\/polska-za-wolno-walczy-ze-smogiem-unijne-kary-coraz-bliej\/#primaryimage"},"thumbnailUrl":"https:\/\/hotnewsinworld.com\/pl\/wp-content\/uploads\/sites\/6\/2019\/07\/Polska-za-wolno-walczy-ze-smogiem.-Unijne-kary-coraz-bli\u00bfej.jpg","datePublished":"2019-07-26T13:37:25+00:00","dateModified":"2019-07-26T13:37:26+00:00","author":{"@id":"https:\/\/hotnewsinworld.com\/pl\/#\/schema\/person\/fe61448b21c0d59086e75fcc1f9d8f6b"},"breadcrumb":{"@id":"https:\/\/hotnewsinworld.com\/pl\/polska-za-wolno-walczy-ze-smogiem-unijne-kary-coraz-bliej\/#breadcrumb"},"inLanguage":"pl-PL","potentialAction":[{"@type":"ReadAction","target":["https:\/\/hotnewsinworld.com\/pl\/polska-za-wolno-walczy-ze-smogiem-unijne-kary-coraz-bliej\/"]}]},{"@type":"ImageObject","inLanguage":"pl-PL","@id":"https:\/\/hotnewsinworld.com\/pl\/polska-za-wolno-walczy-ze-smogiem-unijne-kary-coraz-bliej\/#primaryimage","url":"https:\/\/hotnewsinworld.com\/pl\/wp-content\/uploads\/sites\/6\/2019\/07\/Polska-za-wolno-walczy-ze-smogiem.-Unijne-kary-coraz-bli\u00bfej.jpg","contentUrl":"https:\/\/hotnewsinworld.com\/pl\/wp-content\/uploads\/sites\/6\/2019\/07\/Polska-za-wolno-walczy-ze-smogiem.-Unijne-kary-coraz-bli\u00bfej.jpg","width":300,"height":200,"caption":"Polska za wolno walczy ze smogiem. Unijne kary coraz bli\u00bfej"},{"@type":"BreadcrumbList","@id":"https:\/\/hotnewsinworld.com\/pl\/polska-za-wolno-walczy-ze-smogiem-unijne-kary-coraz-bliej\/#breadcrumb","itemListElement":[{"@type":"ListItem","position":1,"name":"\u0413\u043b\u0430\u0432\u043d\u0430\u044f \u0441\u0442\u0440\u0430\u043d\u0438\u0446\u0430","item":"https:\/\/hotnewsinworld.com\/pl\/"},{"@type":"ListItem","position":2,"name":"Polska za wolno walczy ze smogiem. Unijne kary coraz bli\u00bfej"}]},{"@type":"WebSite","@id":"https:\/\/hotnewsinworld.com\/pl\/#website","url":"https:\/\/hotnewsinworld.com\/pl\/","name":"Hot News in World","description":"Hot News in World Polska","potentialAction":[{"@type":"SearchAction","target":{"@type":"EntryPoint","urlTemplate":"https:\/\/hotnewsinworld.com\/pl\/?s={search_term_string}"},"query-input":{"@type":"PropertyValueSpecification","valueRequired":true,"valueName":"search_term_string"}}],"inLanguage":"pl-PL"},{"@type":"Person","@id":"https:\/\/hotnewsinworld.com\/pl\/#\/schema\/person\/fe61448b21c0d59086e75fcc1f9d8f6b","name":"hotnewsinworld","image":{"@type":"ImageObject","inLanguage":"pl-PL","@id":"https:\/\/secure.gravatar.com\/avatar\/8a09ac165600ce2e1c38fe593c63928eb1e6e7ba5c5a907d67787c41b3d00c14?s=96&d=mm&r=g","url":"https:\/\/secure.gravatar.com\/avatar\/8a09ac165600ce2e1c38fe593c63928eb1e6e7ba5c5a907d67787c41b3d00c14?s=96&d=mm&r=g","contentUrl":"https:\/\/secure.gravatar.com\/avatar\/8a09ac165600ce2e1c38fe593c63928eb1e6e7ba5c5a907d67787c41b3d00c14?s=96&d=mm&r=g","caption":"hotnewsinworld"},"url":"https:\/\/hotnewsinworld.com\/pl\/author\/pt\/"}]}},"_links":{"self":[{"href":"https:\/\/hotnewsinworld.com\/pl\/wp-json\/wp\/v2\/posts\/727","targetHints":{"allow":["GET"]}}],"collection":[{"href":"https:\/\/hotnewsinworld.com\/pl\/wp-json\/wp\/v2\/posts"}],"about":[{"href":"https:\/\/hotnewsinworld.com\/pl\/wp-json\/wp\/v2\/types\/post"}],"author":[{"embeddable":true,"href":"https:\/\/hotnewsinworld.com\/pl\/wp-json\/wp\/v2\/users\/2"}],"replies":[{"embeddable":true,"href":"https:\/\/hotnewsinworld.com\/pl\/wp-json\/wp\/v2\/comments?post=727"}],"version-history":[{"count":1,"href":"https:\/\/hotnewsinworld.com\/pl\/wp-json\/wp\/v2\/posts\/727\/revisions"}],"predecessor-version":[{"id":729,"href":"https:\/\/hotnewsinworld.com\/pl\/wp-json\/wp\/v2\/posts\/727\/revisions\/729"}],"wp:featuredmedia":[{"embeddable":true,"href":"https:\/\/hotnewsinworld.com\/pl\/wp-json\/wp\/v2\/media\/728"}],"wp:attachment":[{"href":"https:\/\/hotnewsinworld.com\/pl\/wp-json\/wp\/v2\/media?parent=727"}],"wp:term":[{"taxonomy":"category","embeddable":true,"href":"https:\/\/hotnewsinworld.com\/pl\/wp-json\/wp\/v2\/categories?post=727"},{"taxonomy":"post_tag","embeddable":true,"href":"https:\/\/hotnewsinworld.com\/pl\/wp-json\/wp\/v2\/tags?post=727"}],"curies":[{"name":"wp","href":"https:\/\/api.w.org\/{rel}","templated":true}]}}