{"id":793,"date":"2019-07-29T14:45:55","date_gmt":"2019-07-29T11:45:55","guid":{"rendered":"https:\/\/hotnewsinworld.com\/pl\/dulux-laczy-marki-handlowe-i-konsumenckie-w-nowej-kampanii-stawia-bardziej-na-emocje-niz-produkty-wideo\/"},"modified":"2019-07-29T14:45:56","modified_gmt":"2019-07-29T11:45:56","slug":"dulux-laczy-marki-handlowe-i-konsumenckie-w-nowej-kampanii-stawia-bardziej-na-emocje-niz-produkty-wideo","status":"publish","type":"post","link":"https:\/\/hotnewsinworld.com\/pl\/dulux-laczy-marki-handlowe-i-konsumenckie-w-nowej-kampanii-stawia-bardziej-na-emocje-niz-produkty-wideo\/","title":{"rendered":"Dulux \u0142\u0105czy marki handlowe i konsumenckie, w nowej kampanii stawia bardziej na emocje ni\u017c produkty (wideo)"},"content":{"rendered":"<p> [ad_1]<br \/>\n<\/p>\n<div id=\"\">\n<p><strong>W ramach wprowadzanych zmian dzia\u0142aj\u0105ce dotychczas Dulux Select Decorators i Dulux Academy maj\u0105 zosta\u0107 po\u0142\u0105czone w dzia\u0142alno\u015bci marketingowej.<\/strong><\/p>\n<p>&#13;<br \/>\n&#13;<\/p>\n<p>Oznacza to spor\u0105 reorganizacj\u0119 w ca\u0142ej firmie \u2013 zostaj\u0105 po\u0142\u0105czone zespo\u0142y produktowe i marketingowe. Firma poprosi\u0142a te\u017c pracownik\u00f3w o ponown\u0105 ocen\u0119 ich r\u00f3l w szerszym kontek\u015bcie lub \u201eekosystemie\u201d Duluxa w Wielkiej Brytanii.<\/p>\n<p>&#13;<br \/>\n&#13;<\/p>\n<p>Firma liczy, \u017ce reorganizacja mo\u017ce zbli\u017cy\u0107 Dulux do korzeni. Marka powsta\u0142a w latach trzydziestych XX wieku, by przyci\u0105gn\u0105\u0107 dekorator\u00f3w.<\/p>\n<p>&#13;<br \/>\n&#13;<\/p>\n<p>Z czasem jednak firma bardziej skupi\u0142a si\u0119 na rynku detalicznym, wykorzystuj\u0105c staroangielskiego owczarka w swoich reklamach, aby przyci\u0105gn\u0105\u0107 konsument\u00f3w.<\/p>\n<p>Jak m\u00f3wi Kathryn Ledson, dyrektor marketingu Dulux chce teraz sta\u0107 si\u0119 \u201ebardziej skoncentrowanym na handlu\u201d i \u201eby\u0107 mistrzem zawodu\u201d &#8211; Naprawd\u0119 chcieli\u015bmy wr\u00f3ci\u0107 do centrum marki.\u00a0W wyniku tego dokonali\u015bmy gruntownego przegl\u0105du dzia\u0142a\u0144 marketingowych i sprawdzili\u015bmy, co naprawd\u0119 sprawia, \u017ce \u200b\u200bDulux jest \u015bwietny \u2013 doda\u0142a.<\/p>\n<p>&#13;<br \/>\n&#13;<\/p>\n<p>Ledson w rozmowie z MarketingWeek przyznaje, \u017ce cz\u0119\u015bci\u0105 problemu by\u0142 brak sp\u00f3jno\u015bci mi\u0119dzy markami, co mia\u0142o wp\u0142yw na skuteczno\u015b\u0107 komunikacji i prowadzi\u0142o do \u201epoziomu stagnacji\u201d. &#8211; Sta\u0142o si\u0119 oczywiste, \u017ce posiadanie wielu marek podrz\u0119dnych doprowadzi\u0142o do braku sp\u00f3jno\u015bci marki.\u00a0W rzeczywisto\u015bci nie komunikowali\u015bmy si\u0119 skutecznie i \u0142\u0105czyli\u015bmy wszystkie r\u00f3\u017cne cz\u0119\u015bci naszej dzia\u0142alno\u015bci w spos\u00f3b, kt\u00f3ry by\u0142 istotny dla naszych klient\u00f3w\u00a0 &#8211; wyja\u015bnia.<\/p>\n<p>&#13;<br \/>\n&#13;<\/p>\n<p>Wprowadzanym zmianom towarzyszy nowa kampania \u201eDulux Promises\u201d, kt\u00f3ra po raz pierwszy obejmuje pe\u0142en mix medi\u00f3w, w tym telewizj\u0119, outdoor, social media i digital.\u00a0Dulux skupi si\u0119 r\u00f3wnie\u017c bardziej na emocjonalnych historiach ni\u017c na produktach, poniewa\u017c skupia si\u0119 na budowaniu wizerunku marki.<\/p>\n<p>&#13;<br \/>\n&#13;<\/p>\n<p>Spot tv pokazuje ludzi, kt\u00f3rzy sk\u0142adaj\u0105 sobie r\u00f3\u017cne puste obietnice, np. marynarza obiecuj\u0105cego wr\u00f3ci\u0107 po swoj\u0105 dziewczyn\u0119 i c\u00f3rk\u0119 obiecuj\u0105c\u0105 rodzicom wyprowadzanie psa.<\/p>\n<p>&#13;<br \/>\n&#13;<\/p>\n<p>Po raz pierwszy Dulux pokazuje w swoich reklamach te\u017c dekoratora, a nie tylko w\u0142a\u015bcicieli dom\u00f3w.<\/p>\n<p>&#13;<br \/>\n&#13;<\/p>\n<p><iframe loading=\"lazy\" allow=\"accelerometer; autoplay; encrypted-media; gyroscope; picture-in-picture\" allowfullscreen=\"\" frameborder=\"0\" height=\"414\" src=\"https:\/\/www.youtube.com\/embed\/Z-7cM2fy2zA\" width=\"640\"><\/iframe><\/p>\n<p>&#13;<br \/>\n                            &#13;<br \/>\n&#13;<br \/>\n                            &#13;<br \/>\n&#13;<br \/>\n&#13;<br \/>\n&#13;<br \/>\n&#13;<br \/>\n&#13;<br \/>\n                            &#13;<br \/>\n                                                            &#13;<br \/>\n&#13;<br \/>\n                            &#13;\n                        <\/p><\/div>\n<p><script>(function (d, s, id) {\n        var js, fjs = d.getElementsByTagName(s)[0];\n        if (d.getElementById(id)) return;\n        js = d.createElement(s);\n        js.id = id;\n        js.src = \"http:\/\/connect.facebook.net\/pl_PL\/sdk.js#xfbml=1&version=v2.6&appId=297996717062470\";\n        fjs.parentNode.insertBefore(js, fjs);\n    }(document, 'script', 'facebook-jssdk'));<\/script><br \/>\n<br \/>[ad_2]<br \/>\n<br \/><a href=\"https:\/\/www.wirtualnemedia.pl\/artykul\/dulux-laczy-marki-handlowe-i-konsumenckie-w-nowej-kampanii-stawia-bardziej-na-emocje-niz-produkty-wideo\">Source link <\/a><\/p>\n","protected":false},"excerpt":{"rendered":"<p>[ad_1] W ramach wprowadzanych zmian dzia\u0142aj\u0105ce dotychczas Dulux Select Decorators i Dulux Academy maj\u0105 zosta\u0107 po\u0142\u0105czone w dzia\u0142alno\u015bci marketingowej. &#13; &#13; Oznacza to spor\u0105 reorganizacj\u0119 w ca\u0142ej firmie \u2013 zostaj\u0105 po\u0142\u0105czone zespo\u0142y produktowe i marketingowe. Firma poprosi\u0142a te\u017c pracownik\u00f3w o ponown\u0105 ocen\u0119 ich r\u00f3l w szerszym kontek\u015bcie lub \u201eekosystemie\u201d Duluxa w Wielkiej Brytanii. &#13; &#13; [&hellip;]<\/p>\n","protected":false},"author":2,"featured_media":794,"comment_status":"open","ping_status":"open","sticky":false,"template":"","format":"standard","meta":{"footnotes":""},"categories":[3],"tags":[],"class_list":["post-793","post","type-post","status-publish","format-standard","has-post-thumbnail","hentry","category-wiadomosci-medialne-spoleczne"],"yoast_head":"<!-- This site is optimized with the Yoast SEO plugin v27.4 - https:\/\/yoast.com\/product\/yoast-seo-wordpress\/ -->\n<title>Dulux \u0142\u0105czy marki handlowe i konsumenckie, w nowej kampanii stawia bardziej na emocje ni\u017c produkty (wideo) - Hot News in World<\/title>\n<meta name=\"robots\" content=\"index, follow, max-snippet:-1, max-image-preview:large, max-video-preview:-1\" \/>\n<link rel=\"canonical\" href=\"https:\/\/hotnewsinworld.com\/pl\/dulux-laczy-marki-handlowe-i-konsumenckie-w-nowej-kampanii-stawia-bardziej-na-emocje-niz-produkty-wideo\/\" \/>\n<meta property=\"og:locale\" content=\"pl_PL\" \/>\n<meta property=\"og:type\" content=\"article\" \/>\n<meta property=\"og:title\" content=\"Dulux \u0142\u0105czy marki handlowe i konsumenckie, w nowej kampanii stawia bardziej na emocje ni\u017c produkty (wideo) - Hot News in World\" \/>\n<meta property=\"og:description\" content=\"[ad_1] W ramach wprowadzanych zmian dzia\u0142aj\u0105ce dotychczas Dulux Select Decorators i Dulux Academy maj\u0105 zosta\u0107 po\u0142\u0105czone w dzia\u0142alno\u015bci marketingowej. &#013; &#013; Oznacza to spor\u0105 reorganizacj\u0119 w ca\u0142ej firmie \u2013 zostaj\u0105 po\u0142\u0105czone zespo\u0142y produktowe i marketingowe. Firma poprosi\u0142a te\u017c pracownik\u00f3w o ponown\u0105 ocen\u0119 ich r\u00f3l w szerszym kontek\u015bcie lub \u201eekosystemie\u201d Duluxa w Wielkiej Brytanii. &#013; &#013; [&hellip;]\" \/>\n<meta property=\"og:url\" content=\"https:\/\/hotnewsinworld.com\/pl\/dulux-laczy-marki-handlowe-i-konsumenckie-w-nowej-kampanii-stawia-bardziej-na-emocje-niz-produkty-wideo\/\" \/>\n<meta property=\"og:site_name\" content=\"Hot News in World\" \/>\n<meta property=\"article:published_time\" content=\"2019-07-29T11:45:55+00:00\" \/>\n<meta property=\"article:modified_time\" content=\"2019-07-29T11:45:56+00:00\" \/>\n<meta property=\"og:image\" content=\"https:\/\/hotnewsinworld.com\/pl\/wp-content\/uploads\/sites\/6\/2019\/07\/Dulux-\u0142\u0105czy-marki-handlowe-i-konsumenckie-w-nowej-kampanii-stawia.jpg\" \/>\n\t<meta property=\"og:image:width\" content=\"655\" \/>\n\t<meta property=\"og:image:height\" content=\"349\" \/>\n\t<meta property=\"og:image:type\" content=\"image\/jpeg\" \/>\n<meta name=\"author\" content=\"hotnewsinworld\" \/>\n<meta name=\"twitter:card\" content=\"summary_large_image\" \/>\n<meta name=\"twitter:label1\" content=\"Napisane przez\" \/>\n\t<meta name=\"twitter:data1\" content=\"hotnewsinworld\" \/>\n\t<meta name=\"twitter:label2\" content=\"Szacowany czas czytania\" \/>\n\t<meta name=\"twitter:data2\" content=\"2 minuty\" \/>\n<script type=\"application\/ld+json\" class=\"yoast-schema-graph\">{\"@context\":\"https:\\\/\\\/schema.org\",\"@graph\":[{\"@type\":\"Article\",\"@id\":\"https:\\\/\\\/hotnewsinworld.com\\\/pl\\\/dulux-laczy-marki-handlowe-i-konsumenckie-w-nowej-kampanii-stawia-bardziej-na-emocje-niz-produkty-wideo\\\/#article\",\"isPartOf\":{\"@id\":\"https:\\\/\\\/hotnewsinworld.com\\\/pl\\\/dulux-laczy-marki-handlowe-i-konsumenckie-w-nowej-kampanii-stawia-bardziej-na-emocje-niz-produkty-wideo\\\/\"},\"author\":{\"name\":\"hotnewsinworld\",\"@id\":\"https:\\\/\\\/hotnewsinworld.com\\\/pl\\\/#\\\/schema\\\/person\\\/fe61448b21c0d59086e75fcc1f9d8f6b\"},\"headline\":\"Dulux \u0142\u0105czy marki handlowe i konsumenckie, w nowej kampanii stawia bardziej na emocje ni\u017c produkty (wideo)\",\"datePublished\":\"2019-07-29T11:45:55+00:00\",\"dateModified\":\"2019-07-29T11:45:56+00:00\",\"mainEntityOfPage\":{\"@id\":\"https:\\\/\\\/hotnewsinworld.com\\\/pl\\\/dulux-laczy-marki-handlowe-i-konsumenckie-w-nowej-kampanii-stawia-bardziej-na-emocje-niz-produkty-wideo\\\/\"},\"wordCount\":358,\"commentCount\":0,\"image\":{\"@id\":\"https:\\\/\\\/hotnewsinworld.com\\\/pl\\\/dulux-laczy-marki-handlowe-i-konsumenckie-w-nowej-kampanii-stawia-bardziej-na-emocje-niz-produkty-wideo\\\/#primaryimage\"},\"thumbnailUrl\":\"https:\\\/\\\/hotnewsinworld.com\\\/pl\\\/wp-content\\\/uploads\\\/sites\\\/6\\\/2019\\\/07\\\/Dulux-\u0142\u0105czy-marki-handlowe-i-konsumenckie-w-nowej-kampanii-stawia.jpg\",\"articleSection\":[\"WIADOMO\u015aCI MEDIALNE SPO\u0141ECZNE\"],\"inLanguage\":\"pl-PL\",\"potentialAction\":[{\"@type\":\"CommentAction\",\"name\":\"Comment\",\"target\":[\"https:\\\/\\\/hotnewsinworld.com\\\/pl\\\/dulux-laczy-marki-handlowe-i-konsumenckie-w-nowej-kampanii-stawia-bardziej-na-emocje-niz-produkty-wideo\\\/#respond\"]}]},{\"@type\":\"WebPage\",\"@id\":\"https:\\\/\\\/hotnewsinworld.com\\\/pl\\\/dulux-laczy-marki-handlowe-i-konsumenckie-w-nowej-kampanii-stawia-bardziej-na-emocje-niz-produkty-wideo\\\/\",\"url\":\"https:\\\/\\\/hotnewsinworld.com\\\/pl\\\/dulux-laczy-marki-handlowe-i-konsumenckie-w-nowej-kampanii-stawia-bardziej-na-emocje-niz-produkty-wideo\\\/\",\"name\":\"Dulux \u0142\u0105czy marki handlowe i konsumenckie, w nowej kampanii stawia bardziej na emocje ni\u017c produkty (wideo) - Hot News in World\",\"isPartOf\":{\"@id\":\"https:\\\/\\\/hotnewsinworld.com\\\/pl\\\/#website\"},\"primaryImageOfPage\":{\"@id\":\"https:\\\/\\\/hotnewsinworld.com\\\/pl\\\/dulux-laczy-marki-handlowe-i-konsumenckie-w-nowej-kampanii-stawia-bardziej-na-emocje-niz-produkty-wideo\\\/#primaryimage\"},\"image\":{\"@id\":\"https:\\\/\\\/hotnewsinworld.com\\\/pl\\\/dulux-laczy-marki-handlowe-i-konsumenckie-w-nowej-kampanii-stawia-bardziej-na-emocje-niz-produkty-wideo\\\/#primaryimage\"},\"thumbnailUrl\":\"https:\\\/\\\/hotnewsinworld.com\\\/pl\\\/wp-content\\\/uploads\\\/sites\\\/6\\\/2019\\\/07\\\/Dulux-\u0142\u0105czy-marki-handlowe-i-konsumenckie-w-nowej-kampanii-stawia.jpg\",\"datePublished\":\"2019-07-29T11:45:55+00:00\",\"dateModified\":\"2019-07-29T11:45:56+00:00\",\"author\":{\"@id\":\"https:\\\/\\\/hotnewsinworld.com\\\/pl\\\/#\\\/schema\\\/person\\\/fe61448b21c0d59086e75fcc1f9d8f6b\"},\"breadcrumb\":{\"@id\":\"https:\\\/\\\/hotnewsinworld.com\\\/pl\\\/dulux-laczy-marki-handlowe-i-konsumenckie-w-nowej-kampanii-stawia-bardziej-na-emocje-niz-produkty-wideo\\\/#breadcrumb\"},\"inLanguage\":\"pl-PL\",\"potentialAction\":[{\"@type\":\"ReadAction\",\"target\":[\"https:\\\/\\\/hotnewsinworld.com\\\/pl\\\/dulux-laczy-marki-handlowe-i-konsumenckie-w-nowej-kampanii-stawia-bardziej-na-emocje-niz-produkty-wideo\\\/\"]}]},{\"@type\":\"ImageObject\",\"inLanguage\":\"pl-PL\",\"@id\":\"https:\\\/\\\/hotnewsinworld.com\\\/pl\\\/dulux-laczy-marki-handlowe-i-konsumenckie-w-nowej-kampanii-stawia-bardziej-na-emocje-niz-produkty-wideo\\\/#primaryimage\",\"url\":\"https:\\\/\\\/hotnewsinworld.com\\\/pl\\\/wp-content\\\/uploads\\\/sites\\\/6\\\/2019\\\/07\\\/Dulux-\u0142\u0105czy-marki-handlowe-i-konsumenckie-w-nowej-kampanii-stawia.jpg\",\"contentUrl\":\"https:\\\/\\\/hotnewsinworld.com\\\/pl\\\/wp-content\\\/uploads\\\/sites\\\/6\\\/2019\\\/07\\\/Dulux-\u0142\u0105czy-marki-handlowe-i-konsumenckie-w-nowej-kampanii-stawia.jpg\",\"width\":655,\"height\":349,\"caption\":\"Article\"},{\"@type\":\"BreadcrumbList\",\"@id\":\"https:\\\/\\\/hotnewsinworld.com\\\/pl\\\/dulux-laczy-marki-handlowe-i-konsumenckie-w-nowej-kampanii-stawia-bardziej-na-emocje-niz-produkty-wideo\\\/#breadcrumb\",\"itemListElement\":[{\"@type\":\"ListItem\",\"position\":1,\"name\":\"\u0413\u043b\u0430\u0432\u043d\u0430\u044f \u0441\u0442\u0440\u0430\u043d\u0438\u0446\u0430\",\"item\":\"https:\\\/\\\/hotnewsinworld.com\\\/pl\\\/\"},{\"@type\":\"ListItem\",\"position\":2,\"name\":\"Dulux \u0142\u0105czy marki handlowe i konsumenckie, w nowej kampanii stawia bardziej na emocje ni\u017c produkty (wideo)\"}]},{\"@type\":\"WebSite\",\"@id\":\"https:\\\/\\\/hotnewsinworld.com\\\/pl\\\/#website\",\"url\":\"https:\\\/\\\/hotnewsinworld.com\\\/pl\\\/\",\"name\":\"Hot News in World\",\"description\":\"Hot News in World Polska\",\"potentialAction\":[{\"@type\":\"SearchAction\",\"target\":{\"@type\":\"EntryPoint\",\"urlTemplate\":\"https:\\\/\\\/hotnewsinworld.com\\\/pl\\\/?s={search_term_string}\"},\"query-input\":{\"@type\":\"PropertyValueSpecification\",\"valueRequired\":true,\"valueName\":\"search_term_string\"}}],\"inLanguage\":\"pl-PL\"},{\"@type\":\"Person\",\"@id\":\"https:\\\/\\\/hotnewsinworld.com\\\/pl\\\/#\\\/schema\\\/person\\\/fe61448b21c0d59086e75fcc1f9d8f6b\",\"name\":\"hotnewsinworld\",\"image\":{\"@type\":\"ImageObject\",\"inLanguage\":\"pl-PL\",\"@id\":\"https:\\\/\\\/secure.gravatar.com\\\/avatar\\\/8a09ac165600ce2e1c38fe593c63928eb1e6e7ba5c5a907d67787c41b3d00c14?s=96&d=mm&r=g\",\"url\":\"https:\\\/\\\/secure.gravatar.com\\\/avatar\\\/8a09ac165600ce2e1c38fe593c63928eb1e6e7ba5c5a907d67787c41b3d00c14?s=96&d=mm&r=g\",\"contentUrl\":\"https:\\\/\\\/secure.gravatar.com\\\/avatar\\\/8a09ac165600ce2e1c38fe593c63928eb1e6e7ba5c5a907d67787c41b3d00c14?s=96&d=mm&r=g\",\"caption\":\"hotnewsinworld\"},\"url\":\"https:\\\/\\\/hotnewsinworld.com\\\/pl\\\/author\\\/pt\\\/\"}]}<\/script>\n<!-- \/ Yoast SEO plugin. -->","yoast_head_json":{"title":"Dulux \u0142\u0105czy marki handlowe i konsumenckie, w nowej kampanii stawia bardziej na emocje ni\u017c produkty (wideo) - Hot News in World","robots":{"index":"index","follow":"follow","max-snippet":"max-snippet:-1","max-image-preview":"max-image-preview:large","max-video-preview":"max-video-preview:-1"},"canonical":"https:\/\/hotnewsinworld.com\/pl\/dulux-laczy-marki-handlowe-i-konsumenckie-w-nowej-kampanii-stawia-bardziej-na-emocje-niz-produkty-wideo\/","og_locale":"pl_PL","og_type":"article","og_title":"Dulux \u0142\u0105czy marki handlowe i konsumenckie, w nowej kampanii stawia bardziej na emocje ni\u017c produkty (wideo) - Hot News in World","og_description":"[ad_1] W ramach wprowadzanych zmian dzia\u0142aj\u0105ce dotychczas Dulux Select Decorators i Dulux Academy maj\u0105 zosta\u0107 po\u0142\u0105czone w dzia\u0142alno\u015bci marketingowej. &#13; &#13; Oznacza to spor\u0105 reorganizacj\u0119 w ca\u0142ej firmie \u2013 zostaj\u0105 po\u0142\u0105czone zespo\u0142y produktowe i marketingowe. Firma poprosi\u0142a te\u017c pracownik\u00f3w o ponown\u0105 ocen\u0119 ich r\u00f3l w szerszym kontek\u015bcie lub \u201eekosystemie\u201d Duluxa w Wielkiej Brytanii. &#13; &#13; [&hellip;]","og_url":"https:\/\/hotnewsinworld.com\/pl\/dulux-laczy-marki-handlowe-i-konsumenckie-w-nowej-kampanii-stawia-bardziej-na-emocje-niz-produkty-wideo\/","og_site_name":"Hot News in World","article_published_time":"2019-07-29T11:45:55+00:00","article_modified_time":"2019-07-29T11:45:56+00:00","og_image":[{"width":655,"height":349,"url":"https:\/\/hotnewsinworld.com\/pl\/wp-content\/uploads\/sites\/6\/2019\/07\/Dulux-\u0142\u0105czy-marki-handlowe-i-konsumenckie-w-nowej-kampanii-stawia.jpg","type":"image\/jpeg"}],"author":"hotnewsinworld","twitter_card":"summary_large_image","twitter_misc":{"Napisane przez":"hotnewsinworld","Szacowany czas czytania":"2 minuty"},"schema":{"@context":"https:\/\/schema.org","@graph":[{"@type":"Article","@id":"https:\/\/hotnewsinworld.com\/pl\/dulux-laczy-marki-handlowe-i-konsumenckie-w-nowej-kampanii-stawia-bardziej-na-emocje-niz-produkty-wideo\/#article","isPartOf":{"@id":"https:\/\/hotnewsinworld.com\/pl\/dulux-laczy-marki-handlowe-i-konsumenckie-w-nowej-kampanii-stawia-bardziej-na-emocje-niz-produkty-wideo\/"},"author":{"name":"hotnewsinworld","@id":"https:\/\/hotnewsinworld.com\/pl\/#\/schema\/person\/fe61448b21c0d59086e75fcc1f9d8f6b"},"headline":"Dulux \u0142\u0105czy marki handlowe i konsumenckie, w nowej kampanii stawia bardziej na emocje ni\u017c produkty (wideo)","datePublished":"2019-07-29T11:45:55+00:00","dateModified":"2019-07-29T11:45:56+00:00","mainEntityOfPage":{"@id":"https:\/\/hotnewsinworld.com\/pl\/dulux-laczy-marki-handlowe-i-konsumenckie-w-nowej-kampanii-stawia-bardziej-na-emocje-niz-produkty-wideo\/"},"wordCount":358,"commentCount":0,"image":{"@id":"https:\/\/hotnewsinworld.com\/pl\/dulux-laczy-marki-handlowe-i-konsumenckie-w-nowej-kampanii-stawia-bardziej-na-emocje-niz-produkty-wideo\/#primaryimage"},"thumbnailUrl":"https:\/\/hotnewsinworld.com\/pl\/wp-content\/uploads\/sites\/6\/2019\/07\/Dulux-\u0142\u0105czy-marki-handlowe-i-konsumenckie-w-nowej-kampanii-stawia.jpg","articleSection":["WIADOMO\u015aCI MEDIALNE SPO\u0141ECZNE"],"inLanguage":"pl-PL","potentialAction":[{"@type":"CommentAction","name":"Comment","target":["https:\/\/hotnewsinworld.com\/pl\/dulux-laczy-marki-handlowe-i-konsumenckie-w-nowej-kampanii-stawia-bardziej-na-emocje-niz-produkty-wideo\/#respond"]}]},{"@type":"WebPage","@id":"https:\/\/hotnewsinworld.com\/pl\/dulux-laczy-marki-handlowe-i-konsumenckie-w-nowej-kampanii-stawia-bardziej-na-emocje-niz-produkty-wideo\/","url":"https:\/\/hotnewsinworld.com\/pl\/dulux-laczy-marki-handlowe-i-konsumenckie-w-nowej-kampanii-stawia-bardziej-na-emocje-niz-produkty-wideo\/","name":"Dulux \u0142\u0105czy marki handlowe i konsumenckie, w nowej kampanii stawia bardziej na emocje ni\u017c produkty (wideo) - Hot News in World","isPartOf":{"@id":"https:\/\/hotnewsinworld.com\/pl\/#website"},"primaryImageOfPage":{"@id":"https:\/\/hotnewsinworld.com\/pl\/dulux-laczy-marki-handlowe-i-konsumenckie-w-nowej-kampanii-stawia-bardziej-na-emocje-niz-produkty-wideo\/#primaryimage"},"image":{"@id":"https:\/\/hotnewsinworld.com\/pl\/dulux-laczy-marki-handlowe-i-konsumenckie-w-nowej-kampanii-stawia-bardziej-na-emocje-niz-produkty-wideo\/#primaryimage"},"thumbnailUrl":"https:\/\/hotnewsinworld.com\/pl\/wp-content\/uploads\/sites\/6\/2019\/07\/Dulux-\u0142\u0105czy-marki-handlowe-i-konsumenckie-w-nowej-kampanii-stawia.jpg","datePublished":"2019-07-29T11:45:55+00:00","dateModified":"2019-07-29T11:45:56+00:00","author":{"@id":"https:\/\/hotnewsinworld.com\/pl\/#\/schema\/person\/fe61448b21c0d59086e75fcc1f9d8f6b"},"breadcrumb":{"@id":"https:\/\/hotnewsinworld.com\/pl\/dulux-laczy-marki-handlowe-i-konsumenckie-w-nowej-kampanii-stawia-bardziej-na-emocje-niz-produkty-wideo\/#breadcrumb"},"inLanguage":"pl-PL","potentialAction":[{"@type":"ReadAction","target":["https:\/\/hotnewsinworld.com\/pl\/dulux-laczy-marki-handlowe-i-konsumenckie-w-nowej-kampanii-stawia-bardziej-na-emocje-niz-produkty-wideo\/"]}]},{"@type":"ImageObject","inLanguage":"pl-PL","@id":"https:\/\/hotnewsinworld.com\/pl\/dulux-laczy-marki-handlowe-i-konsumenckie-w-nowej-kampanii-stawia-bardziej-na-emocje-niz-produkty-wideo\/#primaryimage","url":"https:\/\/hotnewsinworld.com\/pl\/wp-content\/uploads\/sites\/6\/2019\/07\/Dulux-\u0142\u0105czy-marki-handlowe-i-konsumenckie-w-nowej-kampanii-stawia.jpg","contentUrl":"https:\/\/hotnewsinworld.com\/pl\/wp-content\/uploads\/sites\/6\/2019\/07\/Dulux-\u0142\u0105czy-marki-handlowe-i-konsumenckie-w-nowej-kampanii-stawia.jpg","width":655,"height":349,"caption":"Article"},{"@type":"BreadcrumbList","@id":"https:\/\/hotnewsinworld.com\/pl\/dulux-laczy-marki-handlowe-i-konsumenckie-w-nowej-kampanii-stawia-bardziej-na-emocje-niz-produkty-wideo\/#breadcrumb","itemListElement":[{"@type":"ListItem","position":1,"name":"\u0413\u043b\u0430\u0432\u043d\u0430\u044f \u0441\u0442\u0440\u0430\u043d\u0438\u0446\u0430","item":"https:\/\/hotnewsinworld.com\/pl\/"},{"@type":"ListItem","position":2,"name":"Dulux \u0142\u0105czy marki handlowe i konsumenckie, w nowej kampanii stawia bardziej na emocje ni\u017c produkty (wideo)"}]},{"@type":"WebSite","@id":"https:\/\/hotnewsinworld.com\/pl\/#website","url":"https:\/\/hotnewsinworld.com\/pl\/","name":"Hot News in World","description":"Hot News in World Polska","potentialAction":[{"@type":"SearchAction","target":{"@type":"EntryPoint","urlTemplate":"https:\/\/hotnewsinworld.com\/pl\/?s={search_term_string}"},"query-input":{"@type":"PropertyValueSpecification","valueRequired":true,"valueName":"search_term_string"}}],"inLanguage":"pl-PL"},{"@type":"Person","@id":"https:\/\/hotnewsinworld.com\/pl\/#\/schema\/person\/fe61448b21c0d59086e75fcc1f9d8f6b","name":"hotnewsinworld","image":{"@type":"ImageObject","inLanguage":"pl-PL","@id":"https:\/\/secure.gravatar.com\/avatar\/8a09ac165600ce2e1c38fe593c63928eb1e6e7ba5c5a907d67787c41b3d00c14?s=96&d=mm&r=g","url":"https:\/\/secure.gravatar.com\/avatar\/8a09ac165600ce2e1c38fe593c63928eb1e6e7ba5c5a907d67787c41b3d00c14?s=96&d=mm&r=g","contentUrl":"https:\/\/secure.gravatar.com\/avatar\/8a09ac165600ce2e1c38fe593c63928eb1e6e7ba5c5a907d67787c41b3d00c14?s=96&d=mm&r=g","caption":"hotnewsinworld"},"url":"https:\/\/hotnewsinworld.com\/pl\/author\/pt\/"}]}},"_links":{"self":[{"href":"https:\/\/hotnewsinworld.com\/pl\/wp-json\/wp\/v2\/posts\/793","targetHints":{"allow":["GET"]}}],"collection":[{"href":"https:\/\/hotnewsinworld.com\/pl\/wp-json\/wp\/v2\/posts"}],"about":[{"href":"https:\/\/hotnewsinworld.com\/pl\/wp-json\/wp\/v2\/types\/post"}],"author":[{"embeddable":true,"href":"https:\/\/hotnewsinworld.com\/pl\/wp-json\/wp\/v2\/users\/2"}],"replies":[{"embeddable":true,"href":"https:\/\/hotnewsinworld.com\/pl\/wp-json\/wp\/v2\/comments?post=793"}],"version-history":[{"count":1,"href":"https:\/\/hotnewsinworld.com\/pl\/wp-json\/wp\/v2\/posts\/793\/revisions"}],"predecessor-version":[{"id":795,"href":"https:\/\/hotnewsinworld.com\/pl\/wp-json\/wp\/v2\/posts\/793\/revisions\/795"}],"wp:featuredmedia":[{"embeddable":true,"href":"https:\/\/hotnewsinworld.com\/pl\/wp-json\/wp\/v2\/media\/794"}],"wp:attachment":[{"href":"https:\/\/hotnewsinworld.com\/pl\/wp-json\/wp\/v2\/media?parent=793"}],"wp:term":[{"taxonomy":"category","embeddable":true,"href":"https:\/\/hotnewsinworld.com\/pl\/wp-json\/wp\/v2\/categories?post=793"},{"taxonomy":"post_tag","embeddable":true,"href":"https:\/\/hotnewsinworld.com\/pl\/wp-json\/wp\/v2\/tags?post=793"}],"curies":[{"name":"wp","href":"https:\/\/api.w.org\/{rel}","templated":true}]}}