{"id":839,"date":"2019-07-30T19:19:08","date_gmt":"2019-07-30T16:19:08","guid":{"rendered":"https:\/\/hotnewsinworld.com\/pl\/w-spocie-muzeum-powstania-warszawskiego-powstancy-wtedy-i-dzisiaj-wideo\/"},"modified":"2019-07-30T19:19:10","modified_gmt":"2019-07-30T16:19:10","slug":"w-spocie-muzeum-powstania-warszawskiego-powstancy-wtedy-i-dzisiaj-wideo","status":"publish","type":"post","link":"https:\/\/hotnewsinworld.com\/pl\/w-spocie-muzeum-powstania-warszawskiego-powstancy-wtedy-i-dzisiaj-wideo\/","title":{"rendered":"w spocie Muzeum Powstania Warszawskiego powsta\u0144cy wtedy i dzisiaj (wideo)"},"content":{"rendered":"<p> [ad_1]<br \/>\n<\/p>\n<div id=\"\">\n<p>W spocie \u201e\u0141\u0105cz\u0105 nas warto\u015bci\u201d wyst\u0105pi\u0142o pi\u0119cioro uczestnik\u00f3w Powstania Warszawskiego: Hanna Stadnik, Zofia Czekalska, Halina J\u0119drzejewska, Janusz Go\u0142uchowski i Witold Kie\u017cun. Opowiadaj\u0105 o najwa\u017cniejszych warto\u015bciach, kt\u00f3rymi kieruj\u0105 si\u0119 w \u017cyciu.<\/p>\n<p>&#13;<br \/>\n&#13;<\/p>\n<p>Jednocze\u015bnie pokazywane s\u0105 czarno-bia\u0142e postaci odwzorowuj\u0105ce to, jak wygl\u0105dali w czasie II wojny \u015bwiatowej, a w tle s\u0142ucha\u0107 muzyk\u0119 w z tamtych czas\u00f3w.<\/p>\n<p>&#13;<br \/>\n&#13;<\/p>\n<p>&#13;<br \/>\n&#13;<\/p>\n<p>&#8211; Muzeum Powstania Warszawskiego od wielu lat podejmuje inicjatywy maj\u0105ce na celu kontynuowanie i rozpowszechnianie warto\u015bci powsta\u0144czych. Muzeum zale\u017cy na tym, aby warto\u015bci, kt\u00f3rymi Powsta\u0144cy kierowali si\u0119 walcz\u0105c o woln\u0105 Polsk\u0119, \u0142\u0105czy\u0142y pokolenia &#8211; czytamy w opisie spotu.<\/p>\n<p>&#13;<br \/>\n&#13;<\/p>\n<p><iframe loading=\"lazy\" allowfullscreen=\"\" frameborder=\"0\" height=\"360\" src=\"https:\/\/tv.wirtualnemedia.pl\/embed\/powstancy-wtedy-i-dzisiaj-w-spocie-muzeum-powstania-warszawskiego?width=640&amp;height=360\" width=\"640\"><\/iframe>\u00a0<\/p>\n<p>&#13;<br \/>\n&#13;<\/p>\n<p>Wideo zosta\u0142o udost\u0119pnione w mediach spo\u0142eczno\u015bciowych oraz jest emitowane w wybranych kana\u0142ach telewizyjnych.<\/p>\n<p>&#13;<br \/>\n&#13;<\/p>\n<p>Realizacj\u0105 spotu zaj\u0105\u0142 si\u0119 dom produkcyjny OTO Film. Re\u017cyserem jest Tadeusz \u015aliwa, autorem zdj\u0119\u0107 &#8211; Micha\u0142 D\u0105bal, a muzyk\u0119 przygotowa\u0142 Radzimir D\u0119bski. W m\u0142odych powsta\u0144c\u00f3w wcielili si\u0119 Klaudia Kalinowska, Karolina Charkiewicz, Maria Ruddick, Patryk Michalak i Przemys\u0142aw Wyszy\u0144ski.<\/p>\n<p>&#13;<br \/>\n                            &#13;<br \/>\n&#13;<br \/>\n                            &#13;<br \/>\n&#13;<br \/>\n&#13;<br \/>\n&#13;<br \/>\n&#13;<br \/>\n&#13;<br \/>\n                            &#13;<br \/>\n                                                            &#13;<br \/>\n&#13;<br \/>\n                            &#13;\n                        <\/p><\/div>\n<p><script>(function (d, s, id) {\n        var js, fjs = d.getElementsByTagName(s)[0];\n        if (d.getElementById(id)) return;\n        js = d.createElement(s);\n        js.id = id;\n        js.src = \"http:\/\/connect.facebook.net\/pl_PL\/sdk.js#xfbml=1&version=v2.6&appId=297996717062470\";\n        fjs.parentNode.insertBefore(js, fjs);\n    }(document, 'script', 'facebook-jssdk'));<\/script><br \/>\n<br \/>[ad_2]<br \/>\n<br \/><a href=\"https:\/\/www.wirtualnemedia.pl\/artykul\/powstanie-warszawskie-75-rocznica-wybuchu-w-spocie-muzeum-powstania-warszawskiego-powstancy-wtedy-i-dzisiaj-wideo\">Source link <\/a><\/p>\n","protected":false},"excerpt":{"rendered":"<p>[ad_1] W spocie \u201e\u0141\u0105cz\u0105 nas warto\u015bci\u201d wyst\u0105pi\u0142o pi\u0119cioro uczestnik\u00f3w Powstania Warszawskiego: Hanna Stadnik, Zofia Czekalska, Halina J\u0119drzejewska, Janusz Go\u0142uchowski i Witold Kie\u017cun. Opowiadaj\u0105 o najwa\u017cniejszych warto\u015bciach, kt\u00f3rymi kieruj\u0105 si\u0119 w \u017cyciu. &#13; &#13; Jednocze\u015bnie pokazywane s\u0105 czarno-bia\u0142e postaci odwzorowuj\u0105ce to, jak wygl\u0105dali w czasie II wojny \u015bwiatowej, a w tle s\u0142ucha\u0107 muzyk\u0119 w z tamtych [&hellip;]<\/p>\n","protected":false},"author":2,"featured_media":840,"comment_status":"open","ping_status":"open","sticky":false,"template":"","format":"standard","meta":{"footnotes":""},"categories":[3],"tags":[],"class_list":["post-839","post","type-post","status-publish","format-standard","has-post-thumbnail","hentry","category-wiadomosci-medialne-spoleczne"],"yoast_head":"<!-- This site is optimized with the Yoast SEO plugin v27.4 - https:\/\/yoast.com\/product\/yoast-seo-wordpress\/ -->\n<title>w spocie Muzeum Powstania Warszawskiego powsta\u0144cy wtedy i dzisiaj (wideo) - Hot News in World<\/title>\n<meta name=\"robots\" content=\"index, follow, max-snippet:-1, max-image-preview:large, max-video-preview:-1\" \/>\n<link rel=\"canonical\" href=\"https:\/\/hotnewsinworld.com\/pl\/w-spocie-muzeum-powstania-warszawskiego-powstancy-wtedy-i-dzisiaj-wideo\/\" \/>\n<meta property=\"og:locale\" content=\"pl_PL\" \/>\n<meta property=\"og:type\" content=\"article\" \/>\n<meta property=\"og:title\" content=\"w spocie Muzeum Powstania Warszawskiego powsta\u0144cy wtedy i dzisiaj (wideo) - Hot News in World\" \/>\n<meta property=\"og:description\" content=\"[ad_1] W spocie \u201e\u0141\u0105cz\u0105 nas warto\u015bci\u201d wyst\u0105pi\u0142o pi\u0119cioro uczestnik\u00f3w Powstania Warszawskiego: Hanna Stadnik, Zofia Czekalska, Halina J\u0119drzejewska, Janusz Go\u0142uchowski i Witold Kie\u017cun. Opowiadaj\u0105 o najwa\u017cniejszych warto\u015bciach, kt\u00f3rymi kieruj\u0105 si\u0119 w \u017cyciu. &#013; &#013; Jednocze\u015bnie pokazywane s\u0105 czarno-bia\u0142e postaci odwzorowuj\u0105ce to, jak wygl\u0105dali w czasie II wojny \u015bwiatowej, a w tle s\u0142ucha\u0107 muzyk\u0119 w z tamtych [&hellip;]\" \/>\n<meta property=\"og:url\" content=\"https:\/\/hotnewsinworld.com\/pl\/w-spocie-muzeum-powstania-warszawskiego-powstancy-wtedy-i-dzisiaj-wideo\/\" \/>\n<meta property=\"og:site_name\" content=\"Hot News in World\" \/>\n<meta property=\"article:published_time\" content=\"2019-07-30T16:19:08+00:00\" \/>\n<meta property=\"article:modified_time\" content=\"2019-07-30T16:19:10+00:00\" \/>\n<meta property=\"og:image\" content=\"https:\/\/hotnewsinworld.com\/pl\/wp-content\/uploads\/sites\/6\/2019\/07\/w-spocie-Muzeum-Powstania-Warszawskiego-powsta\u0144cy-wtedy-i-dzisiaj-wideo.png\" \/>\n\t<meta property=\"og:image:width\" content=\"655\" \/>\n\t<meta property=\"og:image:height\" content=\"424\" \/>\n\t<meta property=\"og:image:type\" content=\"image\/png\" \/>\n<meta name=\"author\" content=\"hotnewsinworld\" \/>\n<meta name=\"twitter:card\" content=\"summary_large_image\" \/>\n<meta name=\"twitter:label1\" content=\"Napisane przez\" \/>\n\t<meta name=\"twitter:data1\" content=\"hotnewsinworld\" \/>\n\t<meta name=\"twitter:label2\" content=\"Szacowany czas czytania\" \/>\n\t<meta name=\"twitter:data2\" content=\"1 minuta\" \/>\n<script type=\"application\/ld+json\" class=\"yoast-schema-graph\">{\"@context\":\"https:\\\/\\\/schema.org\",\"@graph\":[{\"@type\":\"Article\",\"@id\":\"https:\\\/\\\/hotnewsinworld.com\\\/pl\\\/w-spocie-muzeum-powstania-warszawskiego-powstancy-wtedy-i-dzisiaj-wideo\\\/#article\",\"isPartOf\":{\"@id\":\"https:\\\/\\\/hotnewsinworld.com\\\/pl\\\/w-spocie-muzeum-powstania-warszawskiego-powstancy-wtedy-i-dzisiaj-wideo\\\/\"},\"author\":{\"name\":\"hotnewsinworld\",\"@id\":\"https:\\\/\\\/hotnewsinworld.com\\\/pl\\\/#\\\/schema\\\/person\\\/fe61448b21c0d59086e75fcc1f9d8f6b\"},\"headline\":\"w spocie Muzeum Powstania Warszawskiego powsta\u0144cy wtedy i dzisiaj (wideo)\",\"datePublished\":\"2019-07-30T16:19:08+00:00\",\"dateModified\":\"2019-07-30T16:19:10+00:00\",\"mainEntityOfPage\":{\"@id\":\"https:\\\/\\\/hotnewsinworld.com\\\/pl\\\/w-spocie-muzeum-powstania-warszawskiego-powstancy-wtedy-i-dzisiaj-wideo\\\/\"},\"wordCount\":196,\"commentCount\":0,\"image\":{\"@id\":\"https:\\\/\\\/hotnewsinworld.com\\\/pl\\\/w-spocie-muzeum-powstania-warszawskiego-powstancy-wtedy-i-dzisiaj-wideo\\\/#primaryimage\"},\"thumbnailUrl\":\"https:\\\/\\\/hotnewsinworld.com\\\/pl\\\/wp-content\\\/uploads\\\/sites\\\/6\\\/2019\\\/07\\\/w-spocie-Muzeum-Powstania-Warszawskiego-powsta\u0144cy-wtedy-i-dzisiaj-wideo.png\",\"articleSection\":[\"WIADOMO\u015aCI MEDIALNE SPO\u0141ECZNE\"],\"inLanguage\":\"pl-PL\",\"potentialAction\":[{\"@type\":\"CommentAction\",\"name\":\"Comment\",\"target\":[\"https:\\\/\\\/hotnewsinworld.com\\\/pl\\\/w-spocie-muzeum-powstania-warszawskiego-powstancy-wtedy-i-dzisiaj-wideo\\\/#respond\"]}]},{\"@type\":\"WebPage\",\"@id\":\"https:\\\/\\\/hotnewsinworld.com\\\/pl\\\/w-spocie-muzeum-powstania-warszawskiego-powstancy-wtedy-i-dzisiaj-wideo\\\/\",\"url\":\"https:\\\/\\\/hotnewsinworld.com\\\/pl\\\/w-spocie-muzeum-powstania-warszawskiego-powstancy-wtedy-i-dzisiaj-wideo\\\/\",\"name\":\"w spocie Muzeum Powstania Warszawskiego powsta\u0144cy wtedy i dzisiaj (wideo) - Hot News in World\",\"isPartOf\":{\"@id\":\"https:\\\/\\\/hotnewsinworld.com\\\/pl\\\/#website\"},\"primaryImageOfPage\":{\"@id\":\"https:\\\/\\\/hotnewsinworld.com\\\/pl\\\/w-spocie-muzeum-powstania-warszawskiego-powstancy-wtedy-i-dzisiaj-wideo\\\/#primaryimage\"},\"image\":{\"@id\":\"https:\\\/\\\/hotnewsinworld.com\\\/pl\\\/w-spocie-muzeum-powstania-warszawskiego-powstancy-wtedy-i-dzisiaj-wideo\\\/#primaryimage\"},\"thumbnailUrl\":\"https:\\\/\\\/hotnewsinworld.com\\\/pl\\\/wp-content\\\/uploads\\\/sites\\\/6\\\/2019\\\/07\\\/w-spocie-Muzeum-Powstania-Warszawskiego-powsta\u0144cy-wtedy-i-dzisiaj-wideo.png\",\"datePublished\":\"2019-07-30T16:19:08+00:00\",\"dateModified\":\"2019-07-30T16:19:10+00:00\",\"author\":{\"@id\":\"https:\\\/\\\/hotnewsinworld.com\\\/pl\\\/#\\\/schema\\\/person\\\/fe61448b21c0d59086e75fcc1f9d8f6b\"},\"breadcrumb\":{\"@id\":\"https:\\\/\\\/hotnewsinworld.com\\\/pl\\\/w-spocie-muzeum-powstania-warszawskiego-powstancy-wtedy-i-dzisiaj-wideo\\\/#breadcrumb\"},\"inLanguage\":\"pl-PL\",\"potentialAction\":[{\"@type\":\"ReadAction\",\"target\":[\"https:\\\/\\\/hotnewsinworld.com\\\/pl\\\/w-spocie-muzeum-powstania-warszawskiego-powstancy-wtedy-i-dzisiaj-wideo\\\/\"]}]},{\"@type\":\"ImageObject\",\"inLanguage\":\"pl-PL\",\"@id\":\"https:\\\/\\\/hotnewsinworld.com\\\/pl\\\/w-spocie-muzeum-powstania-warszawskiego-powstancy-wtedy-i-dzisiaj-wideo\\\/#primaryimage\",\"url\":\"https:\\\/\\\/hotnewsinworld.com\\\/pl\\\/wp-content\\\/uploads\\\/sites\\\/6\\\/2019\\\/07\\\/w-spocie-Muzeum-Powstania-Warszawskiego-powsta\u0144cy-wtedy-i-dzisiaj-wideo.png\",\"contentUrl\":\"https:\\\/\\\/hotnewsinworld.com\\\/pl\\\/wp-content\\\/uploads\\\/sites\\\/6\\\/2019\\\/07\\\/w-spocie-Muzeum-Powstania-Warszawskiego-powsta\u0144cy-wtedy-i-dzisiaj-wideo.png\",\"width\":655,\"height\":424,\"caption\":\"Article\"},{\"@type\":\"BreadcrumbList\",\"@id\":\"https:\\\/\\\/hotnewsinworld.com\\\/pl\\\/w-spocie-muzeum-powstania-warszawskiego-powstancy-wtedy-i-dzisiaj-wideo\\\/#breadcrumb\",\"itemListElement\":[{\"@type\":\"ListItem\",\"position\":1,\"name\":\"\u0413\u043b\u0430\u0432\u043d\u0430\u044f \u0441\u0442\u0440\u0430\u043d\u0438\u0446\u0430\",\"item\":\"https:\\\/\\\/hotnewsinworld.com\\\/pl\\\/\"},{\"@type\":\"ListItem\",\"position\":2,\"name\":\"w spocie Muzeum Powstania Warszawskiego powsta\u0144cy wtedy i dzisiaj (wideo)\"}]},{\"@type\":\"WebSite\",\"@id\":\"https:\\\/\\\/hotnewsinworld.com\\\/pl\\\/#website\",\"url\":\"https:\\\/\\\/hotnewsinworld.com\\\/pl\\\/\",\"name\":\"Hot News in World\",\"description\":\"Hot News in World Polska\",\"potentialAction\":[{\"@type\":\"SearchAction\",\"target\":{\"@type\":\"EntryPoint\",\"urlTemplate\":\"https:\\\/\\\/hotnewsinworld.com\\\/pl\\\/?s={search_term_string}\"},\"query-input\":{\"@type\":\"PropertyValueSpecification\",\"valueRequired\":true,\"valueName\":\"search_term_string\"}}],\"inLanguage\":\"pl-PL\"},{\"@type\":\"Person\",\"@id\":\"https:\\\/\\\/hotnewsinworld.com\\\/pl\\\/#\\\/schema\\\/person\\\/fe61448b21c0d59086e75fcc1f9d8f6b\",\"name\":\"hotnewsinworld\",\"image\":{\"@type\":\"ImageObject\",\"inLanguage\":\"pl-PL\",\"@id\":\"https:\\\/\\\/secure.gravatar.com\\\/avatar\\\/8a09ac165600ce2e1c38fe593c63928eb1e6e7ba5c5a907d67787c41b3d00c14?s=96&d=mm&r=g\",\"url\":\"https:\\\/\\\/secure.gravatar.com\\\/avatar\\\/8a09ac165600ce2e1c38fe593c63928eb1e6e7ba5c5a907d67787c41b3d00c14?s=96&d=mm&r=g\",\"contentUrl\":\"https:\\\/\\\/secure.gravatar.com\\\/avatar\\\/8a09ac165600ce2e1c38fe593c63928eb1e6e7ba5c5a907d67787c41b3d00c14?s=96&d=mm&r=g\",\"caption\":\"hotnewsinworld\"},\"url\":\"https:\\\/\\\/hotnewsinworld.com\\\/pl\\\/author\\\/pt\\\/\"}]}<\/script>\n<!-- \/ Yoast SEO plugin. -->","yoast_head_json":{"title":"w spocie Muzeum Powstania Warszawskiego powsta\u0144cy wtedy i dzisiaj (wideo) - Hot News in World","robots":{"index":"index","follow":"follow","max-snippet":"max-snippet:-1","max-image-preview":"max-image-preview:large","max-video-preview":"max-video-preview:-1"},"canonical":"https:\/\/hotnewsinworld.com\/pl\/w-spocie-muzeum-powstania-warszawskiego-powstancy-wtedy-i-dzisiaj-wideo\/","og_locale":"pl_PL","og_type":"article","og_title":"w spocie Muzeum Powstania Warszawskiego powsta\u0144cy wtedy i dzisiaj (wideo) - Hot News in World","og_description":"[ad_1] W spocie \u201e\u0141\u0105cz\u0105 nas warto\u015bci\u201d wyst\u0105pi\u0142o pi\u0119cioro uczestnik\u00f3w Powstania Warszawskiego: Hanna Stadnik, Zofia Czekalska, Halina J\u0119drzejewska, Janusz Go\u0142uchowski i Witold Kie\u017cun. Opowiadaj\u0105 o najwa\u017cniejszych warto\u015bciach, kt\u00f3rymi kieruj\u0105 si\u0119 w \u017cyciu. &#13; &#13; Jednocze\u015bnie pokazywane s\u0105 czarno-bia\u0142e postaci odwzorowuj\u0105ce to, jak wygl\u0105dali w czasie II wojny \u015bwiatowej, a w tle s\u0142ucha\u0107 muzyk\u0119 w z tamtych [&hellip;]","og_url":"https:\/\/hotnewsinworld.com\/pl\/w-spocie-muzeum-powstania-warszawskiego-powstancy-wtedy-i-dzisiaj-wideo\/","og_site_name":"Hot News in World","article_published_time":"2019-07-30T16:19:08+00:00","article_modified_time":"2019-07-30T16:19:10+00:00","og_image":[{"width":655,"height":424,"url":"https:\/\/hotnewsinworld.com\/pl\/wp-content\/uploads\/sites\/6\/2019\/07\/w-spocie-Muzeum-Powstania-Warszawskiego-powsta\u0144cy-wtedy-i-dzisiaj-wideo.png","type":"image\/png"}],"author":"hotnewsinworld","twitter_card":"summary_large_image","twitter_misc":{"Napisane przez":"hotnewsinworld","Szacowany czas czytania":"1 minuta"},"schema":{"@context":"https:\/\/schema.org","@graph":[{"@type":"Article","@id":"https:\/\/hotnewsinworld.com\/pl\/w-spocie-muzeum-powstania-warszawskiego-powstancy-wtedy-i-dzisiaj-wideo\/#article","isPartOf":{"@id":"https:\/\/hotnewsinworld.com\/pl\/w-spocie-muzeum-powstania-warszawskiego-powstancy-wtedy-i-dzisiaj-wideo\/"},"author":{"name":"hotnewsinworld","@id":"https:\/\/hotnewsinworld.com\/pl\/#\/schema\/person\/fe61448b21c0d59086e75fcc1f9d8f6b"},"headline":"w spocie Muzeum Powstania Warszawskiego powsta\u0144cy wtedy i dzisiaj (wideo)","datePublished":"2019-07-30T16:19:08+00:00","dateModified":"2019-07-30T16:19:10+00:00","mainEntityOfPage":{"@id":"https:\/\/hotnewsinworld.com\/pl\/w-spocie-muzeum-powstania-warszawskiego-powstancy-wtedy-i-dzisiaj-wideo\/"},"wordCount":196,"commentCount":0,"image":{"@id":"https:\/\/hotnewsinworld.com\/pl\/w-spocie-muzeum-powstania-warszawskiego-powstancy-wtedy-i-dzisiaj-wideo\/#primaryimage"},"thumbnailUrl":"https:\/\/hotnewsinworld.com\/pl\/wp-content\/uploads\/sites\/6\/2019\/07\/w-spocie-Muzeum-Powstania-Warszawskiego-powsta\u0144cy-wtedy-i-dzisiaj-wideo.png","articleSection":["WIADOMO\u015aCI MEDIALNE SPO\u0141ECZNE"],"inLanguage":"pl-PL","potentialAction":[{"@type":"CommentAction","name":"Comment","target":["https:\/\/hotnewsinworld.com\/pl\/w-spocie-muzeum-powstania-warszawskiego-powstancy-wtedy-i-dzisiaj-wideo\/#respond"]}]},{"@type":"WebPage","@id":"https:\/\/hotnewsinworld.com\/pl\/w-spocie-muzeum-powstania-warszawskiego-powstancy-wtedy-i-dzisiaj-wideo\/","url":"https:\/\/hotnewsinworld.com\/pl\/w-spocie-muzeum-powstania-warszawskiego-powstancy-wtedy-i-dzisiaj-wideo\/","name":"w spocie Muzeum Powstania Warszawskiego powsta\u0144cy wtedy i dzisiaj (wideo) - Hot News in World","isPartOf":{"@id":"https:\/\/hotnewsinworld.com\/pl\/#website"},"primaryImageOfPage":{"@id":"https:\/\/hotnewsinworld.com\/pl\/w-spocie-muzeum-powstania-warszawskiego-powstancy-wtedy-i-dzisiaj-wideo\/#primaryimage"},"image":{"@id":"https:\/\/hotnewsinworld.com\/pl\/w-spocie-muzeum-powstania-warszawskiego-powstancy-wtedy-i-dzisiaj-wideo\/#primaryimage"},"thumbnailUrl":"https:\/\/hotnewsinworld.com\/pl\/wp-content\/uploads\/sites\/6\/2019\/07\/w-spocie-Muzeum-Powstania-Warszawskiego-powsta\u0144cy-wtedy-i-dzisiaj-wideo.png","datePublished":"2019-07-30T16:19:08+00:00","dateModified":"2019-07-30T16:19:10+00:00","author":{"@id":"https:\/\/hotnewsinworld.com\/pl\/#\/schema\/person\/fe61448b21c0d59086e75fcc1f9d8f6b"},"breadcrumb":{"@id":"https:\/\/hotnewsinworld.com\/pl\/w-spocie-muzeum-powstania-warszawskiego-powstancy-wtedy-i-dzisiaj-wideo\/#breadcrumb"},"inLanguage":"pl-PL","potentialAction":[{"@type":"ReadAction","target":["https:\/\/hotnewsinworld.com\/pl\/w-spocie-muzeum-powstania-warszawskiego-powstancy-wtedy-i-dzisiaj-wideo\/"]}]},{"@type":"ImageObject","inLanguage":"pl-PL","@id":"https:\/\/hotnewsinworld.com\/pl\/w-spocie-muzeum-powstania-warszawskiego-powstancy-wtedy-i-dzisiaj-wideo\/#primaryimage","url":"https:\/\/hotnewsinworld.com\/pl\/wp-content\/uploads\/sites\/6\/2019\/07\/w-spocie-Muzeum-Powstania-Warszawskiego-powsta\u0144cy-wtedy-i-dzisiaj-wideo.png","contentUrl":"https:\/\/hotnewsinworld.com\/pl\/wp-content\/uploads\/sites\/6\/2019\/07\/w-spocie-Muzeum-Powstania-Warszawskiego-powsta\u0144cy-wtedy-i-dzisiaj-wideo.png","width":655,"height":424,"caption":"Article"},{"@type":"BreadcrumbList","@id":"https:\/\/hotnewsinworld.com\/pl\/w-spocie-muzeum-powstania-warszawskiego-powstancy-wtedy-i-dzisiaj-wideo\/#breadcrumb","itemListElement":[{"@type":"ListItem","position":1,"name":"\u0413\u043b\u0430\u0432\u043d\u0430\u044f \u0441\u0442\u0440\u0430\u043d\u0438\u0446\u0430","item":"https:\/\/hotnewsinworld.com\/pl\/"},{"@type":"ListItem","position":2,"name":"w spocie Muzeum Powstania Warszawskiego powsta\u0144cy wtedy i dzisiaj (wideo)"}]},{"@type":"WebSite","@id":"https:\/\/hotnewsinworld.com\/pl\/#website","url":"https:\/\/hotnewsinworld.com\/pl\/","name":"Hot News in World","description":"Hot News in World Polska","potentialAction":[{"@type":"SearchAction","target":{"@type":"EntryPoint","urlTemplate":"https:\/\/hotnewsinworld.com\/pl\/?s={search_term_string}"},"query-input":{"@type":"PropertyValueSpecification","valueRequired":true,"valueName":"search_term_string"}}],"inLanguage":"pl-PL"},{"@type":"Person","@id":"https:\/\/hotnewsinworld.com\/pl\/#\/schema\/person\/fe61448b21c0d59086e75fcc1f9d8f6b","name":"hotnewsinworld","image":{"@type":"ImageObject","inLanguage":"pl-PL","@id":"https:\/\/secure.gravatar.com\/avatar\/8a09ac165600ce2e1c38fe593c63928eb1e6e7ba5c5a907d67787c41b3d00c14?s=96&d=mm&r=g","url":"https:\/\/secure.gravatar.com\/avatar\/8a09ac165600ce2e1c38fe593c63928eb1e6e7ba5c5a907d67787c41b3d00c14?s=96&d=mm&r=g","contentUrl":"https:\/\/secure.gravatar.com\/avatar\/8a09ac165600ce2e1c38fe593c63928eb1e6e7ba5c5a907d67787c41b3d00c14?s=96&d=mm&r=g","caption":"hotnewsinworld"},"url":"https:\/\/hotnewsinworld.com\/pl\/author\/pt\/"}]}},"_links":{"self":[{"href":"https:\/\/hotnewsinworld.com\/pl\/wp-json\/wp\/v2\/posts\/839","targetHints":{"allow":["GET"]}}],"collection":[{"href":"https:\/\/hotnewsinworld.com\/pl\/wp-json\/wp\/v2\/posts"}],"about":[{"href":"https:\/\/hotnewsinworld.com\/pl\/wp-json\/wp\/v2\/types\/post"}],"author":[{"embeddable":true,"href":"https:\/\/hotnewsinworld.com\/pl\/wp-json\/wp\/v2\/users\/2"}],"replies":[{"embeddable":true,"href":"https:\/\/hotnewsinworld.com\/pl\/wp-json\/wp\/v2\/comments?post=839"}],"version-history":[{"count":1,"href":"https:\/\/hotnewsinworld.com\/pl\/wp-json\/wp\/v2\/posts\/839\/revisions"}],"predecessor-version":[{"id":841,"href":"https:\/\/hotnewsinworld.com\/pl\/wp-json\/wp\/v2\/posts\/839\/revisions\/841"}],"wp:featuredmedia":[{"embeddable":true,"href":"https:\/\/hotnewsinworld.com\/pl\/wp-json\/wp\/v2\/media\/840"}],"wp:attachment":[{"href":"https:\/\/hotnewsinworld.com\/pl\/wp-json\/wp\/v2\/media?parent=839"}],"wp:term":[{"taxonomy":"category","embeddable":true,"href":"https:\/\/hotnewsinworld.com\/pl\/wp-json\/wp\/v2\/categories?post=839"},{"taxonomy":"post_tag","embeddable":true,"href":"https:\/\/hotnewsinworld.com\/pl\/wp-json\/wp\/v2\/tags?post=839"}],"curies":[{"name":"wp","href":"https:\/\/api.w.org\/{rel}","templated":true}]}}