{"id":842,"date":"2019-07-30T20:58:40","date_gmt":"2019-07-30T17:58:40","guid":{"rendered":"https:\/\/hotnewsinworld.com\/pl\/tomasz-zimoch-nr-1-w-okregu-lodzkim\/"},"modified":"2020-03-05T15:49:12","modified_gmt":"2020-03-05T12:49:12","slug":"tomasz-zimoch-nr-1-w-okregu-lodzkim","status":"publish","type":"post","link":"https:\/\/hotnewsinworld.com\/pl\/tomasz-zimoch-nr-1-w-okregu-lodzkim\/","title":{"rendered":"Tomasz Zimoch nr 1 w okr\u0119gu \u0142\u00f3dzkim"},"content":{"rendered":"<p>Czo\u0142owych kandydat\u00f3w na listach wyborczych w ca\u0142ym kraju w\u0142adze Koalicji Obywatelskiej poda\u0142y we wtorek po po\u0142udniu. <strong>W okr\u0119gu \u0142\u00f3dzkim numerem jeden b\u0119dzie Tomasz Zimoch, a na dalszych dw\u00f3ch pozycjach znale\u017ali si\u0119 Ma\u0142gorzata Niemczyk i Dariusz Jo\u0144ski.<\/strong><\/p>\n<p>W Koalicji Obywatelskiej zdecydowanie najwi\u0119kszym ugrupowaniem jest Platforma Obywatelska. Opr\u00f3cz niej ten blok tworz\u0105 m.in. Nowoczesna, Zieloni i Inicjatywa Polska.<\/p>\n<h2>Zimoch trzy lata temu rozsta\u0142 si\u0119 z Polskim Radiem po wywiadzie o s\u0105downictwie<\/h2>\n<p>Tomasz Zimoch <strong>na pocz\u0105tku czerwca 2016 roku rozwi\u0105za\u0142 z winy pracodawcy umow\u0119 o prace w Polskim Radiu<\/strong>. Nast\u0105pi\u0142o to po tym, jak w po\u0142owie maja zaraz po publikacji wywiadu z nim w \u201eDzienniku Gazecie Prawnej\u201d dziennikarz zosta\u0142 bezterminowo zawieszony w obowi\u0105zkach s\u0142u\u017cbowych. Wykluczono go te\u017c z ekipy wyznaczonej do relacjonowania Euro 2016 i igrzysk olimpijskich w Rio de Janeiro.<\/p>\n<p><strong>W wywiadzie w \u201eDGP\u201d Zimoch skrytykowa\u0142 dzia\u0142ania obozu rz\u0105dz\u0105cego dotycz\u0105ce Trybuna\u0142u Konstytucyjnego <\/strong>oraz stwierdzi\u0142, \u017ce obecna sytuacja w Polskim Radiu jest podobna do tej z okresu do komuny i stanu wojennego. Dzie\u0144 po publikacji rozmowy Polskie Radio stwierdzi\u0142o w o\u015bwiadczeniu, \u017ce s\u0142owa Zimocha w wywiadzie dotycz\u0105ce firmy s\u0105 bardzo krzywdz\u0105ce, mocno jednostronne i nieobiektywne, niegodne dziennikarza i naruszaj\u0105ce etyk\u0119 zawodow\u0105.<\/p>\n<p>Polskie Radio pozwa\u0142o Tomasza Zimocha do s\u0105du, domaga\u0142o si\u0119 30 tys. z\u0142 odszkodowania za nieuzasadnione rozwi\u0105zanie umowy o prac\u0119 bez wypowiedzenia. W odpowiedzi Zimoch skierowa\u0142 pozew wzajemny, w kt\u00f3rym domaga\u0142 si\u0119 m.in. oddalenia pow\u00f3dztwa nadawcy oraz odszkodowania w zwi\u0105zku z rozwi\u0105zaniem umowy o prac\u0119 z winy pracodawcy.<\/p>\n<p>W lipcu ub.r. S\u0105d Rejonowy dla Warszawy-\u017boliborza w ca\u0142o\u015bci oddali\u0142 pow\u00f3dztwo Polskiego Radia, orzekaj\u0105c, \u017ce zawieszenie Tomasza Zimocha nie mia\u0142o podstaw prawnych. W lutym br. orzeczenie zosta\u0142o podtrzymane przez S\u0105d Rejonowy w Warszawie. &#8211; Satysfakcja. I to du\u017ca&#8230; &#8211; skomentowa\u0142 Tomasz Zimoch na Twitterze.<\/p>\n<p><strong>Zimoch w Polskim Radiu pracowa\u0142 przez 38 lat.<\/strong> Jako dziennikarze sportowy relacjonowa\u0142 najwa\u017cniejsze wydarzenia, m.in. wiele edycji letnich i zimowych igrzysk olimpijskich oraz pi\u0142karskie mistrzostwa \u015bwiata i Europy. S\u0142yn\u0105\u0142 z komentarza pe\u0142nego ogromnych emocji i barwnych metafor.<\/p>\n<p>Po rozstaniu z publicznym nadawc\u0105 Tomasz Zimoch przez rok prowadzi\u0142 co tydzie\u0144 autorsk\u0105 audycj\u0119 sportow\u0105 w Radiu ZET. Ponadto zacz\u0105\u0142 wsp\u00f3\u0142prac\u0119 z tygodnikiem \u201eAngora\u201d. Wyst\u0105pi\u0142 te\u017c w kilku kampaniach reklamowych, a wiosn\u0105 2017 roku wzi\u0105\u0142 udzia\u0142 w show Polsatu \u201eTaniec z gwiazdami\u201d.<\/p>\n<h2>Na listach KO przewa\u017caj\u0105 obecni pos\u0142owie, rzecznik partii Grabiec startuje z okr\u0119gu podwarszawskiego<\/h2>\n<p>Liderzy Koalicji Obywatelskiej og\u0142osili kandydat\u00f3w z trzech czo\u0142owych miejsc na listach ugrupowania we wszystkich 41 okr\u0119gach wyborczych. W Warszawie z pierwszego miejsca b\u0119dzie startowa\u0142 lider PO Grzegorz Schetyna, a z drugiego &#8211; szefowa Nowoczesnej Katarzyna Lubnauer. Szefowa Inicjatywy Polskiej Barbara Nowacka jest \u201ejedynk\u0105\u201d w Gdyni.<\/p>\n<p>Na pierwszych miejscach na listach KO s\u0105 przede wszystkim obecni parlamentarzy\u015bci, tak\u017ce byli ministrowie i wiceministrowie z rz\u0105d\u00f3w tworzonych przez PO i PSL. Borys Budka jest \u201ejedynk\u0105\u201d w Katowicach, Tomasz Siemoniak &#8211; w Wa\u0142brzychu, Joanna Kluzik-Rostkowska &#8211; w Radomiu, S\u0142awomir Neumann &#8211; w Gda\u0144sku, Cezary Grabarczyk &#8211; w Piotrkowie Trybunalskim, Joanna Mucha &#8211; w Lublinie, a Ma\u0142gorzata Kidawa-B\u0142o\u0144ska &#8211; we Wroc\u0142awiu.<\/p>\n<p><strong>Natomiast Jan Grabiec, pose\u0142 i rzecznik prasowy PO, wystartuje w pierwszej pozycji w okr\u0119gu podwarszawskim. <\/strong>Grabiec jest rzecznikiem partii od lutego 2016 roku, a pierwszy raz do Sejmu zosta\u0142 wybrany jesieni\u0105 2015 roku.<\/p>\n<p>Od sierpnia do listopada 2015 roku by\u0142 wiceministrem administracji i cyfryzacji, a w latach 2006\u20132015 starost\u0105 powiatu legionowskiego po\u0142o\u017conego pod Warszaw\u0105. W 2009 roku bez powodzenia startowa\u0142 z listy PO do europarlamentu.<\/p>\n<p>&#8211; Przed nami jeszcze du\u017co pracy nad tymi listami &#8211; zaznaczy\u0142 Grzegorz Schetyna. &#8211; 14 sierpnia b\u0119dziemy domyka\u0107 listy do Sejmu i akceptowa\u0107 listy do Senatu, 17 sierpnia odb\u0119d\u0105 si\u0119 rady krajowe ugrupowa\u0144 tworz\u0105cych Koalicj\u0119 Obywatelsk\u0105, zaakceptujemy wtedy ca\u0142\u0105 konstrukcj\u0119 list i rozpoczniemy proces rejestracji komitetu wyborczego &#8211; zapowiedzia\u0142.<\/p>\n<p><\/p>\n<p><a href=\"https:\/\/www.wirtualnemedia.pl\/artykul\/po-koalicja-obywatelska-kandydaci-wybory-do-sejmu-w-2019-roku-tomasz-zimoch-nr-1-w-okregu-lodzkim\">Source link <\/a><\/p>\n","protected":false},"excerpt":{"rendered":"<p>Czo\u0142owych kandydat\u00f3w na listach wyborczych w ca\u0142ym kraju w\u0142adze Koalicji Obywatelskiej poda\u0142y we wtorek po po\u0142udniu. W okr\u0119gu \u0142\u00f3dzkim numerem jeden b\u0119dzie Tomasz Zimoch, a na dalszych dw\u00f3ch pozycjach znale\u017ali si\u0119 Ma\u0142gorzata Niemczyk i Dariusz Jo\u0144ski. W Koalicji Obywatelskiej zdecydowanie najwi\u0119kszym ugrupowaniem jest Platforma Obywatelska. Opr\u00f3cz niej ten blok tworz\u0105 m.in. Nowoczesna, Zieloni i Inicjatywa [&hellip;]<\/p>\n","protected":false},"author":2,"featured_media":843,"comment_status":"open","ping_status":"open","sticky":false,"template":"","format":"standard","meta":{"footnotes":""},"categories":[3],"tags":[],"class_list":["post-842","post","type-post","status-publish","format-standard","has-post-thumbnail","hentry","category-wiadomosci-medialne-spoleczne"],"yoast_head":"<!-- This site is optimized with the Yoast SEO plugin v27.4 - https:\/\/yoast.com\/product\/yoast-seo-wordpress\/ -->\n<title>Tomasz Zimoch nr 1 w okr\u0119gu \u0142\u00f3dzkim - Hot News in World<\/title>\n<meta name=\"robots\" content=\"index, follow, max-snippet:-1, max-image-preview:large, max-video-preview:-1\" \/>\n<link rel=\"canonical\" href=\"https:\/\/hotnewsinworld.com\/pl\/tomasz-zimoch-nr-1-w-okregu-lodzkim\/\" \/>\n<meta property=\"og:locale\" content=\"pl_PL\" \/>\n<meta property=\"og:type\" content=\"article\" \/>\n<meta property=\"og:title\" content=\"Tomasz Zimoch nr 1 w okr\u0119gu \u0142\u00f3dzkim - Hot News in World\" \/>\n<meta property=\"og:description\" content=\"Czo\u0142owych kandydat\u00f3w na listach wyborczych w ca\u0142ym kraju w\u0142adze Koalicji Obywatelskiej poda\u0142y we wtorek po po\u0142udniu. W okr\u0119gu \u0142\u00f3dzkim numerem jeden b\u0119dzie Tomasz Zimoch, a na dalszych dw\u00f3ch pozycjach znale\u017ali si\u0119 Ma\u0142gorzata Niemczyk i Dariusz Jo\u0144ski. W Koalicji Obywatelskiej zdecydowanie najwi\u0119kszym ugrupowaniem jest Platforma Obywatelska. Opr\u00f3cz niej ten blok tworz\u0105 m.in. Nowoczesna, Zieloni i Inicjatywa [&hellip;]\" \/>\n<meta property=\"og:url\" content=\"https:\/\/hotnewsinworld.com\/pl\/tomasz-zimoch-nr-1-w-okregu-lodzkim\/\" \/>\n<meta property=\"og:site_name\" content=\"Hot News in World\" \/>\n<meta property=\"article:published_time\" content=\"2019-07-30T17:58:40+00:00\" \/>\n<meta property=\"article:modified_time\" content=\"2020-03-05T12:49:12+00:00\" \/>\n<meta property=\"og:image\" content=\"https:\/\/hotnewsinworld.com\/pl\/wp-content\/uploads\/sites\/6\/2019\/07\/Tomasz-Zimoch-nr-1-w-okr\u0119gu-\u0142\u00f3dzkim.png\" \/>\n\t<meta property=\"og:image:width\" content=\"1605\" \/>\n\t<meta property=\"og:image:height\" content=\"900\" \/>\n\t<meta property=\"og:image:type\" content=\"image\/png\" \/>\n<meta name=\"author\" content=\"hotnewsinworld\" \/>\n<meta name=\"twitter:card\" content=\"summary_large_image\" \/>\n<meta name=\"twitter:label1\" content=\"Napisane przez\" \/>\n\t<meta name=\"twitter:data1\" content=\"hotnewsinworld\" \/>\n\t<meta name=\"twitter:label2\" content=\"Szacowany czas czytania\" \/>\n\t<meta name=\"twitter:data2\" content=\"3 minuty\" \/>\n<script type=\"application\/ld+json\" class=\"yoast-schema-graph\">{\"@context\":\"https:\\\/\\\/schema.org\",\"@graph\":[{\"@type\":\"Article\",\"@id\":\"https:\\\/\\\/hotnewsinworld.com\\\/pl\\\/tomasz-zimoch-nr-1-w-okregu-lodzkim\\\/#article\",\"isPartOf\":{\"@id\":\"https:\\\/\\\/hotnewsinworld.com\\\/pl\\\/tomasz-zimoch-nr-1-w-okregu-lodzkim\\\/\"},\"author\":{\"name\":\"hotnewsinworld\",\"@id\":\"https:\\\/\\\/hotnewsinworld.com\\\/pl\\\/#\\\/schema\\\/person\\\/fe61448b21c0d59086e75fcc1f9d8f6b\"},\"headline\":\"Tomasz Zimoch nr 1 w okr\u0119gu \u0142\u00f3dzkim\",\"datePublished\":\"2019-07-30T17:58:40+00:00\",\"dateModified\":\"2020-03-05T12:49:12+00:00\",\"mainEntityOfPage\":{\"@id\":\"https:\\\/\\\/hotnewsinworld.com\\\/pl\\\/tomasz-zimoch-nr-1-w-okregu-lodzkim\\\/\"},\"wordCount\":675,\"commentCount\":0,\"image\":{\"@id\":\"https:\\\/\\\/hotnewsinworld.com\\\/pl\\\/tomasz-zimoch-nr-1-w-okregu-lodzkim\\\/#primaryimage\"},\"thumbnailUrl\":\"https:\\\/\\\/hotnewsinworld.com\\\/pl\\\/wp-content\\\/uploads\\\/sites\\\/6\\\/2019\\\/07\\\/Tomasz-Zimoch-nr-1-w-okr\u0119gu-\u0142\u00f3dzkim.png\",\"articleSection\":[\"WIADOMO\u015aCI MEDIALNE SPO\u0141ECZNE\"],\"inLanguage\":\"pl-PL\",\"potentialAction\":[{\"@type\":\"CommentAction\",\"name\":\"Comment\",\"target\":[\"https:\\\/\\\/hotnewsinworld.com\\\/pl\\\/tomasz-zimoch-nr-1-w-okregu-lodzkim\\\/#respond\"]}]},{\"@type\":\"WebPage\",\"@id\":\"https:\\\/\\\/hotnewsinworld.com\\\/pl\\\/tomasz-zimoch-nr-1-w-okregu-lodzkim\\\/\",\"url\":\"https:\\\/\\\/hotnewsinworld.com\\\/pl\\\/tomasz-zimoch-nr-1-w-okregu-lodzkim\\\/\",\"name\":\"Tomasz Zimoch nr 1 w okr\u0119gu \u0142\u00f3dzkim - Hot News in World\",\"isPartOf\":{\"@id\":\"https:\\\/\\\/hotnewsinworld.com\\\/pl\\\/#website\"},\"primaryImageOfPage\":{\"@id\":\"https:\\\/\\\/hotnewsinworld.com\\\/pl\\\/tomasz-zimoch-nr-1-w-okregu-lodzkim\\\/#primaryimage\"},\"image\":{\"@id\":\"https:\\\/\\\/hotnewsinworld.com\\\/pl\\\/tomasz-zimoch-nr-1-w-okregu-lodzkim\\\/#primaryimage\"},\"thumbnailUrl\":\"https:\\\/\\\/hotnewsinworld.com\\\/pl\\\/wp-content\\\/uploads\\\/sites\\\/6\\\/2019\\\/07\\\/Tomasz-Zimoch-nr-1-w-okr\u0119gu-\u0142\u00f3dzkim.png\",\"datePublished\":\"2019-07-30T17:58:40+00:00\",\"dateModified\":\"2020-03-05T12:49:12+00:00\",\"author\":{\"@id\":\"https:\\\/\\\/hotnewsinworld.com\\\/pl\\\/#\\\/schema\\\/person\\\/fe61448b21c0d59086e75fcc1f9d8f6b\"},\"breadcrumb\":{\"@id\":\"https:\\\/\\\/hotnewsinworld.com\\\/pl\\\/tomasz-zimoch-nr-1-w-okregu-lodzkim\\\/#breadcrumb\"},\"inLanguage\":\"pl-PL\",\"potentialAction\":[{\"@type\":\"ReadAction\",\"target\":[\"https:\\\/\\\/hotnewsinworld.com\\\/pl\\\/tomasz-zimoch-nr-1-w-okregu-lodzkim\\\/\"]}]},{\"@type\":\"ImageObject\",\"inLanguage\":\"pl-PL\",\"@id\":\"https:\\\/\\\/hotnewsinworld.com\\\/pl\\\/tomasz-zimoch-nr-1-w-okregu-lodzkim\\\/#primaryimage\",\"url\":\"https:\\\/\\\/hotnewsinworld.com\\\/pl\\\/wp-content\\\/uploads\\\/sites\\\/6\\\/2019\\\/07\\\/Tomasz-Zimoch-nr-1-w-okr\u0119gu-\u0142\u00f3dzkim.png\",\"contentUrl\":\"https:\\\/\\\/hotnewsinworld.com\\\/pl\\\/wp-content\\\/uploads\\\/sites\\\/6\\\/2019\\\/07\\\/Tomasz-Zimoch-nr-1-w-okr\u0119gu-\u0142\u00f3dzkim.png\",\"width\":1605,\"height\":900,\"caption\":\"Tomasz Zimoch nr 1 w okr\u0119gu \u0142\u00f3dzkim\"},{\"@type\":\"BreadcrumbList\",\"@id\":\"https:\\\/\\\/hotnewsinworld.com\\\/pl\\\/tomasz-zimoch-nr-1-w-okregu-lodzkim\\\/#breadcrumb\",\"itemListElement\":[{\"@type\":\"ListItem\",\"position\":1,\"name\":\"\u0413\u043b\u0430\u0432\u043d\u0430\u044f \u0441\u0442\u0440\u0430\u043d\u0438\u0446\u0430\",\"item\":\"https:\\\/\\\/hotnewsinworld.com\\\/pl\\\/\"},{\"@type\":\"ListItem\",\"position\":2,\"name\":\"Tomasz Zimoch nr 1 w okr\u0119gu \u0142\u00f3dzkim\"}]},{\"@type\":\"WebSite\",\"@id\":\"https:\\\/\\\/hotnewsinworld.com\\\/pl\\\/#website\",\"url\":\"https:\\\/\\\/hotnewsinworld.com\\\/pl\\\/\",\"name\":\"Hot News in World\",\"description\":\"Hot News in World Polska\",\"potentialAction\":[{\"@type\":\"SearchAction\",\"target\":{\"@type\":\"EntryPoint\",\"urlTemplate\":\"https:\\\/\\\/hotnewsinworld.com\\\/pl\\\/?s={search_term_string}\"},\"query-input\":{\"@type\":\"PropertyValueSpecification\",\"valueRequired\":true,\"valueName\":\"search_term_string\"}}],\"inLanguage\":\"pl-PL\"},{\"@type\":\"Person\",\"@id\":\"https:\\\/\\\/hotnewsinworld.com\\\/pl\\\/#\\\/schema\\\/person\\\/fe61448b21c0d59086e75fcc1f9d8f6b\",\"name\":\"hotnewsinworld\",\"image\":{\"@type\":\"ImageObject\",\"inLanguage\":\"pl-PL\",\"@id\":\"https:\\\/\\\/secure.gravatar.com\\\/avatar\\\/8a09ac165600ce2e1c38fe593c63928eb1e6e7ba5c5a907d67787c41b3d00c14?s=96&d=mm&r=g\",\"url\":\"https:\\\/\\\/secure.gravatar.com\\\/avatar\\\/8a09ac165600ce2e1c38fe593c63928eb1e6e7ba5c5a907d67787c41b3d00c14?s=96&d=mm&r=g\",\"contentUrl\":\"https:\\\/\\\/secure.gravatar.com\\\/avatar\\\/8a09ac165600ce2e1c38fe593c63928eb1e6e7ba5c5a907d67787c41b3d00c14?s=96&d=mm&r=g\",\"caption\":\"hotnewsinworld\"},\"url\":\"https:\\\/\\\/hotnewsinworld.com\\\/pl\\\/author\\\/pt\\\/\"}]}<\/script>\n<!-- \/ Yoast SEO plugin. -->","yoast_head_json":{"title":"Tomasz Zimoch nr 1 w okr\u0119gu \u0142\u00f3dzkim - Hot News in World","robots":{"index":"index","follow":"follow","max-snippet":"max-snippet:-1","max-image-preview":"max-image-preview:large","max-video-preview":"max-video-preview:-1"},"canonical":"https:\/\/hotnewsinworld.com\/pl\/tomasz-zimoch-nr-1-w-okregu-lodzkim\/","og_locale":"pl_PL","og_type":"article","og_title":"Tomasz Zimoch nr 1 w okr\u0119gu \u0142\u00f3dzkim - Hot News in World","og_description":"Czo\u0142owych kandydat\u00f3w na listach wyborczych w ca\u0142ym kraju w\u0142adze Koalicji Obywatelskiej poda\u0142y we wtorek po po\u0142udniu. W okr\u0119gu \u0142\u00f3dzkim numerem jeden b\u0119dzie Tomasz Zimoch, a na dalszych dw\u00f3ch pozycjach znale\u017ali si\u0119 Ma\u0142gorzata Niemczyk i Dariusz Jo\u0144ski. W Koalicji Obywatelskiej zdecydowanie najwi\u0119kszym ugrupowaniem jest Platforma Obywatelska. Opr\u00f3cz niej ten blok tworz\u0105 m.in. Nowoczesna, Zieloni i Inicjatywa [&hellip;]","og_url":"https:\/\/hotnewsinworld.com\/pl\/tomasz-zimoch-nr-1-w-okregu-lodzkim\/","og_site_name":"Hot News in World","article_published_time":"2019-07-30T17:58:40+00:00","article_modified_time":"2020-03-05T12:49:12+00:00","og_image":[{"width":1605,"height":900,"url":"https:\/\/hotnewsinworld.com\/pl\/wp-content\/uploads\/sites\/6\/2019\/07\/Tomasz-Zimoch-nr-1-w-okr\u0119gu-\u0142\u00f3dzkim.png","type":"image\/png"}],"author":"hotnewsinworld","twitter_card":"summary_large_image","twitter_misc":{"Napisane przez":"hotnewsinworld","Szacowany czas czytania":"3 minuty"},"schema":{"@context":"https:\/\/schema.org","@graph":[{"@type":"Article","@id":"https:\/\/hotnewsinworld.com\/pl\/tomasz-zimoch-nr-1-w-okregu-lodzkim\/#article","isPartOf":{"@id":"https:\/\/hotnewsinworld.com\/pl\/tomasz-zimoch-nr-1-w-okregu-lodzkim\/"},"author":{"name":"hotnewsinworld","@id":"https:\/\/hotnewsinworld.com\/pl\/#\/schema\/person\/fe61448b21c0d59086e75fcc1f9d8f6b"},"headline":"Tomasz Zimoch nr 1 w okr\u0119gu \u0142\u00f3dzkim","datePublished":"2019-07-30T17:58:40+00:00","dateModified":"2020-03-05T12:49:12+00:00","mainEntityOfPage":{"@id":"https:\/\/hotnewsinworld.com\/pl\/tomasz-zimoch-nr-1-w-okregu-lodzkim\/"},"wordCount":675,"commentCount":0,"image":{"@id":"https:\/\/hotnewsinworld.com\/pl\/tomasz-zimoch-nr-1-w-okregu-lodzkim\/#primaryimage"},"thumbnailUrl":"https:\/\/hotnewsinworld.com\/pl\/wp-content\/uploads\/sites\/6\/2019\/07\/Tomasz-Zimoch-nr-1-w-okr\u0119gu-\u0142\u00f3dzkim.png","articleSection":["WIADOMO\u015aCI MEDIALNE SPO\u0141ECZNE"],"inLanguage":"pl-PL","potentialAction":[{"@type":"CommentAction","name":"Comment","target":["https:\/\/hotnewsinworld.com\/pl\/tomasz-zimoch-nr-1-w-okregu-lodzkim\/#respond"]}]},{"@type":"WebPage","@id":"https:\/\/hotnewsinworld.com\/pl\/tomasz-zimoch-nr-1-w-okregu-lodzkim\/","url":"https:\/\/hotnewsinworld.com\/pl\/tomasz-zimoch-nr-1-w-okregu-lodzkim\/","name":"Tomasz Zimoch nr 1 w okr\u0119gu \u0142\u00f3dzkim - Hot News in World","isPartOf":{"@id":"https:\/\/hotnewsinworld.com\/pl\/#website"},"primaryImageOfPage":{"@id":"https:\/\/hotnewsinworld.com\/pl\/tomasz-zimoch-nr-1-w-okregu-lodzkim\/#primaryimage"},"image":{"@id":"https:\/\/hotnewsinworld.com\/pl\/tomasz-zimoch-nr-1-w-okregu-lodzkim\/#primaryimage"},"thumbnailUrl":"https:\/\/hotnewsinworld.com\/pl\/wp-content\/uploads\/sites\/6\/2019\/07\/Tomasz-Zimoch-nr-1-w-okr\u0119gu-\u0142\u00f3dzkim.png","datePublished":"2019-07-30T17:58:40+00:00","dateModified":"2020-03-05T12:49:12+00:00","author":{"@id":"https:\/\/hotnewsinworld.com\/pl\/#\/schema\/person\/fe61448b21c0d59086e75fcc1f9d8f6b"},"breadcrumb":{"@id":"https:\/\/hotnewsinworld.com\/pl\/tomasz-zimoch-nr-1-w-okregu-lodzkim\/#breadcrumb"},"inLanguage":"pl-PL","potentialAction":[{"@type":"ReadAction","target":["https:\/\/hotnewsinworld.com\/pl\/tomasz-zimoch-nr-1-w-okregu-lodzkim\/"]}]},{"@type":"ImageObject","inLanguage":"pl-PL","@id":"https:\/\/hotnewsinworld.com\/pl\/tomasz-zimoch-nr-1-w-okregu-lodzkim\/#primaryimage","url":"https:\/\/hotnewsinworld.com\/pl\/wp-content\/uploads\/sites\/6\/2019\/07\/Tomasz-Zimoch-nr-1-w-okr\u0119gu-\u0142\u00f3dzkim.png","contentUrl":"https:\/\/hotnewsinworld.com\/pl\/wp-content\/uploads\/sites\/6\/2019\/07\/Tomasz-Zimoch-nr-1-w-okr\u0119gu-\u0142\u00f3dzkim.png","width":1605,"height":900,"caption":"Tomasz Zimoch nr 1 w okr\u0119gu \u0142\u00f3dzkim"},{"@type":"BreadcrumbList","@id":"https:\/\/hotnewsinworld.com\/pl\/tomasz-zimoch-nr-1-w-okregu-lodzkim\/#breadcrumb","itemListElement":[{"@type":"ListItem","position":1,"name":"\u0413\u043b\u0430\u0432\u043d\u0430\u044f \u0441\u0442\u0440\u0430\u043d\u0438\u0446\u0430","item":"https:\/\/hotnewsinworld.com\/pl\/"},{"@type":"ListItem","position":2,"name":"Tomasz Zimoch nr 1 w okr\u0119gu \u0142\u00f3dzkim"}]},{"@type":"WebSite","@id":"https:\/\/hotnewsinworld.com\/pl\/#website","url":"https:\/\/hotnewsinworld.com\/pl\/","name":"Hot News in World","description":"Hot News in World Polska","potentialAction":[{"@type":"SearchAction","target":{"@type":"EntryPoint","urlTemplate":"https:\/\/hotnewsinworld.com\/pl\/?s={search_term_string}"},"query-input":{"@type":"PropertyValueSpecification","valueRequired":true,"valueName":"search_term_string"}}],"inLanguage":"pl-PL"},{"@type":"Person","@id":"https:\/\/hotnewsinworld.com\/pl\/#\/schema\/person\/fe61448b21c0d59086e75fcc1f9d8f6b","name":"hotnewsinworld","image":{"@type":"ImageObject","inLanguage":"pl-PL","@id":"https:\/\/secure.gravatar.com\/avatar\/8a09ac165600ce2e1c38fe593c63928eb1e6e7ba5c5a907d67787c41b3d00c14?s=96&d=mm&r=g","url":"https:\/\/secure.gravatar.com\/avatar\/8a09ac165600ce2e1c38fe593c63928eb1e6e7ba5c5a907d67787c41b3d00c14?s=96&d=mm&r=g","contentUrl":"https:\/\/secure.gravatar.com\/avatar\/8a09ac165600ce2e1c38fe593c63928eb1e6e7ba5c5a907d67787c41b3d00c14?s=96&d=mm&r=g","caption":"hotnewsinworld"},"url":"https:\/\/hotnewsinworld.com\/pl\/author\/pt\/"}]}},"_links":{"self":[{"href":"https:\/\/hotnewsinworld.com\/pl\/wp-json\/wp\/v2\/posts\/842","targetHints":{"allow":["GET"]}}],"collection":[{"href":"https:\/\/hotnewsinworld.com\/pl\/wp-json\/wp\/v2\/posts"}],"about":[{"href":"https:\/\/hotnewsinworld.com\/pl\/wp-json\/wp\/v2\/types\/post"}],"author":[{"embeddable":true,"href":"https:\/\/hotnewsinworld.com\/pl\/wp-json\/wp\/v2\/users\/2"}],"replies":[{"embeddable":true,"href":"https:\/\/hotnewsinworld.com\/pl\/wp-json\/wp\/v2\/comments?post=842"}],"version-history":[{"count":3,"href":"https:\/\/hotnewsinworld.com\/pl\/wp-json\/wp\/v2\/posts\/842\/revisions"}],"predecessor-version":[{"id":3163,"href":"https:\/\/hotnewsinworld.com\/pl\/wp-json\/wp\/v2\/posts\/842\/revisions\/3163"}],"wp:featuredmedia":[{"embeddable":true,"href":"https:\/\/hotnewsinworld.com\/pl\/wp-json\/wp\/v2\/media\/843"}],"wp:attachment":[{"href":"https:\/\/hotnewsinworld.com\/pl\/wp-json\/wp\/v2\/media?parent=842"}],"wp:term":[{"taxonomy":"category","embeddable":true,"href":"https:\/\/hotnewsinworld.com\/pl\/wp-json\/wp\/v2\/categories?post=842"},{"taxonomy":"post_tag","embeddable":true,"href":"https:\/\/hotnewsinworld.com\/pl\/wp-json\/wp\/v2\/tags?post=842"}],"curies":[{"name":"wp","href":"https:\/\/api.w.org\/{rel}","templated":true}]}}