{"id":1271,"date":"2019-08-15T15:15:37","date_gmt":"2019-08-15T12:15:37","guid":{"rendered":"https:\/\/hotnewsinworld.com\/pt\/vai-demorar-executivo-do-twitter-fala-sobre-o-tao-sonhado-botao-de-editar\/"},"modified":"2020-03-06T17:01:05","modified_gmt":"2020-03-06T14:01:05","slug":"vai-demorar-executivo-do-twitter-fala-sobre-o-tao-sonhado-botao-de-editar","status":"publish","type":"post","link":"https:\/\/hotnewsinworld.com\/pt\/vai-demorar-executivo-do-twitter-fala-sobre-o-tao-sonhado-botao-de-editar\/","title":{"rendered":"Vai demorar: executivo do Twitter fala sobre o t\u00e3o sonhado bot\u00e3o de editar"},"content":{"rendered":"<p><strong>Kayvon Beykpour<\/strong> trabalha como Product Lead no Twitter e est\u00e1 envolvido nas diversas mudan\u00e7as que a plataforma planeja realizar em um futuro n\u00e3o muito distante. O profissional teve destaque nessa semana por conta da sua declara\u00e7\u00e3o sobre uma poss\u00edvel cria\u00e7\u00e3o do recurso de edi\u00e7\u00e3o de tweets, feita durante um evento em S\u00e3o Francisco.<\/p>\n<p>Para os que, como essa rep\u00f3rter, esperam h\u00e1 anos por esse dia, infelizmente n\u00e3o ser\u00e1 t\u00e3o cedo que veremos essa facilidade chegar \u00e0 plataforma. &#8220;Sinceramente, \u00e9 uma funcionalidade que acredito que podemos construir em algum momento, mas n\u00e3o est\u00e1 nem perto de ser uma das nossas prioridades principais&#8221;, respondeu Beykpour.<\/p>\n<p>O executivo aproveitou o momento para explicar que \u00e9 improv\u00e1vel que a companhia disponibilize um recurso que permita editar completamente um tweet, j\u00e1 que haveria grandes chances do recurso gerar mais dor de cabe\u00e7a do que alegrias para a empresa.<\/p>\n<p>Por\u00e9m, existem planos para desenvolver algum tipo de mensagem que possa ser afixada perto de um tweet para resolver as principais queixas relacionadas \u00e0 falta do bot\u00e3o, como a possibilidade de corrigir algum erro de ortografia ou explicar melhor uma mensagem que ficou d\u00fabia. Agora \u00e9 esperar.<\/p>\n<p><\/p>\n<p><a href=\"https:\/\/itmidia.com\/vai-demorar-executivo-do-twitter-fala-sobre-o-tao-sonhado-botao-de-editar\/\">Source link<\/a><\/p>\n","protected":false},"excerpt":{"rendered":"<p>Kayvon Beykpour trabalha como Product Lead no Twitter e est\u00e1 envolvido nas diversas mudan\u00e7as que a plataforma planeja realizar em um futuro n\u00e3o muito distante. O profissional teve destaque nessa semana por conta da sua declara\u00e7\u00e3o sobre uma poss\u00edvel cria\u00e7\u00e3o do recurso de edi\u00e7\u00e3o de tweets, feita durante um evento em S\u00e3o Francisco. Para os [&hellip;]<\/p>\n","protected":false},"author":2,"featured_media":1040,"comment_status":"open","ping_status":"open","sticky":false,"template":"","format":"standard","meta":{"footnotes":""},"categories":[3],"tags":[],"class_list":["post-1271","post","type-post","status-publish","format-standard","has-post-thumbnail","hentry","category-noticias-da-midia-social"],"yoast_head":"<!-- This site is optimized with the Yoast SEO plugin v27.4 - https:\/\/yoast.com\/product\/yoast-seo-wordpress\/ -->\n<title>Vai demorar: executivo do Twitter fala sobre o t\u00e3o sonhado bot\u00e3o de editar - Hot News in World<\/title>\n<meta name=\"robots\" content=\"index, follow, max-snippet:-1, max-image-preview:large, max-video-preview:-1\" \/>\n<link rel=\"canonical\" href=\"https:\/\/hotnewsinworld.com\/pt\/vai-demorar-executivo-do-twitter-fala-sobre-o-tao-sonhado-botao-de-editar\/\" \/>\n<meta property=\"og:locale\" content=\"pt_PT\" \/>\n<meta property=\"og:type\" content=\"article\" \/>\n<meta property=\"og:title\" content=\"Vai demorar: executivo do Twitter fala sobre o t\u00e3o sonhado bot\u00e3o de editar - Hot News in World\" \/>\n<meta property=\"og:description\" content=\"Kayvon Beykpour trabalha como Product Lead no Twitter e est\u00e1 envolvido nas diversas mudan\u00e7as que a plataforma planeja realizar em um futuro n\u00e3o muito distante. O profissional teve destaque nessa semana por conta da sua declara\u00e7\u00e3o sobre uma poss\u00edvel cria\u00e7\u00e3o do recurso de edi\u00e7\u00e3o de tweets, feita durante um evento em S\u00e3o Francisco. Para os [&hellip;]\" \/>\n<meta property=\"og:url\" content=\"https:\/\/hotnewsinworld.com\/pt\/vai-demorar-executivo-do-twitter-fala-sobre-o-tao-sonhado-botao-de-editar\/\" \/>\n<meta property=\"og:site_name\" content=\"Hot News in World\" \/>\n<meta property=\"article:published_time\" content=\"2019-08-15T12:15:37+00:00\" \/>\n<meta property=\"article:modified_time\" content=\"2020-03-06T14:01:05+00:00\" \/>\n<meta property=\"og:image\" content=\"https:\/\/hotnewsinworld.com\/pt\/wp-content\/uploads\/sites\/2\/2019\/08\/Twitter-pode-ter-compartilhado-dados-de-usu\u00e1rios-sem-consentimento.jpg\" \/>\n\t<meta property=\"og:image:width\" content=\"952\" \/>\n\t<meta property=\"og:image:height\" content=\"453\" \/>\n\t<meta property=\"og:image:type\" content=\"image\/jpeg\" \/>\n<meta name=\"author\" content=\"hotnewsinworld\" \/>\n<meta name=\"twitter:card\" content=\"summary_large_image\" \/>\n<meta name=\"twitter:label1\" content=\"Escrito por\" \/>\n\t<meta name=\"twitter:data1\" content=\"hotnewsinworld\" \/>\n\t<meta name=\"twitter:label2\" content=\"Tempo estimado de leitura\" \/>\n\t<meta name=\"twitter:data2\" content=\"1 minuto\" \/>\n<script type=\"application\/ld+json\" class=\"yoast-schema-graph\">{\"@context\":\"https:\\\/\\\/schema.org\",\"@graph\":[{\"@type\":\"Article\",\"@id\":\"https:\\\/\\\/hotnewsinworld.com\\\/pt\\\/vai-demorar-executivo-do-twitter-fala-sobre-o-tao-sonhado-botao-de-editar\\\/#article\",\"isPartOf\":{\"@id\":\"https:\\\/\\\/hotnewsinworld.com\\\/pt\\\/vai-demorar-executivo-do-twitter-fala-sobre-o-tao-sonhado-botao-de-editar\\\/\"},\"author\":{\"name\":\"hotnewsinworld\",\"@id\":\"https:\\\/\\\/hotnewsinworld.com\\\/pt\\\/#\\\/schema\\\/person\\\/fe61448b21c0d59086e75fcc1f9d8f6b\"},\"headline\":\"Vai demorar: executivo do Twitter fala sobre o t\u00e3o sonhado bot\u00e3o de editar\",\"datePublished\":\"2019-08-15T12:15:37+00:00\",\"dateModified\":\"2020-03-06T14:01:05+00:00\",\"mainEntityOfPage\":{\"@id\":\"https:\\\/\\\/hotnewsinworld.com\\\/pt\\\/vai-demorar-executivo-do-twitter-fala-sobre-o-tao-sonhado-botao-de-editar\\\/\"},\"wordCount\":218,\"commentCount\":0,\"image\":{\"@id\":\"https:\\\/\\\/hotnewsinworld.com\\\/pt\\\/vai-demorar-executivo-do-twitter-fala-sobre-o-tao-sonhado-botao-de-editar\\\/#primaryimage\"},\"thumbnailUrl\":\"https:\\\/\\\/hotnewsinworld.com\\\/pt\\\/wp-content\\\/uploads\\\/sites\\\/2\\\/2019\\\/08\\\/Twitter-pode-ter-compartilhado-dados-de-usu\u00e1rios-sem-consentimento.jpg\",\"articleSection\":[\"NOT\u00cdCIAS DA M\u00cdDIA SOCIAL\"],\"inLanguage\":\"pt-PT\",\"potentialAction\":[{\"@type\":\"CommentAction\",\"name\":\"Comment\",\"target\":[\"https:\\\/\\\/hotnewsinworld.com\\\/pt\\\/vai-demorar-executivo-do-twitter-fala-sobre-o-tao-sonhado-botao-de-editar\\\/#respond\"]}]},{\"@type\":\"WebPage\",\"@id\":\"https:\\\/\\\/hotnewsinworld.com\\\/pt\\\/vai-demorar-executivo-do-twitter-fala-sobre-o-tao-sonhado-botao-de-editar\\\/\",\"url\":\"https:\\\/\\\/hotnewsinworld.com\\\/pt\\\/vai-demorar-executivo-do-twitter-fala-sobre-o-tao-sonhado-botao-de-editar\\\/\",\"name\":\"Vai demorar: executivo do Twitter fala sobre o t\u00e3o sonhado bot\u00e3o de editar - Hot News in World\",\"isPartOf\":{\"@id\":\"https:\\\/\\\/hotnewsinworld.com\\\/pt\\\/#website\"},\"primaryImageOfPage\":{\"@id\":\"https:\\\/\\\/hotnewsinworld.com\\\/pt\\\/vai-demorar-executivo-do-twitter-fala-sobre-o-tao-sonhado-botao-de-editar\\\/#primaryimage\"},\"image\":{\"@id\":\"https:\\\/\\\/hotnewsinworld.com\\\/pt\\\/vai-demorar-executivo-do-twitter-fala-sobre-o-tao-sonhado-botao-de-editar\\\/#primaryimage\"},\"thumbnailUrl\":\"https:\\\/\\\/hotnewsinworld.com\\\/pt\\\/wp-content\\\/uploads\\\/sites\\\/2\\\/2019\\\/08\\\/Twitter-pode-ter-compartilhado-dados-de-usu\u00e1rios-sem-consentimento.jpg\",\"datePublished\":\"2019-08-15T12:15:37+00:00\",\"dateModified\":\"2020-03-06T14:01:05+00:00\",\"author\":{\"@id\":\"https:\\\/\\\/hotnewsinworld.com\\\/pt\\\/#\\\/schema\\\/person\\\/fe61448b21c0d59086e75fcc1f9d8f6b\"},\"breadcrumb\":{\"@id\":\"https:\\\/\\\/hotnewsinworld.com\\\/pt\\\/vai-demorar-executivo-do-twitter-fala-sobre-o-tao-sonhado-botao-de-editar\\\/#breadcrumb\"},\"inLanguage\":\"pt-PT\",\"potentialAction\":[{\"@type\":\"ReadAction\",\"target\":[\"https:\\\/\\\/hotnewsinworld.com\\\/pt\\\/vai-demorar-executivo-do-twitter-fala-sobre-o-tao-sonhado-botao-de-editar\\\/\"]}]},{\"@type\":\"ImageObject\",\"inLanguage\":\"pt-PT\",\"@id\":\"https:\\\/\\\/hotnewsinworld.com\\\/pt\\\/vai-demorar-executivo-do-twitter-fala-sobre-o-tao-sonhado-botao-de-editar\\\/#primaryimage\",\"url\":\"https:\\\/\\\/hotnewsinworld.com\\\/pt\\\/wp-content\\\/uploads\\\/sites\\\/2\\\/2019\\\/08\\\/Twitter-pode-ter-compartilhado-dados-de-usu\u00e1rios-sem-consentimento.jpg\",\"contentUrl\":\"https:\\\/\\\/hotnewsinworld.com\\\/pt\\\/wp-content\\\/uploads\\\/sites\\\/2\\\/2019\\\/08\\\/Twitter-pode-ter-compartilhado-dados-de-usu\u00e1rios-sem-consentimento.jpg\",\"width\":952,\"height\":453,\"caption\":\"Twitter pode ter compartilhado dados de usu\u00e1rios sem consentimento\"},{\"@type\":\"BreadcrumbList\",\"@id\":\"https:\\\/\\\/hotnewsinworld.com\\\/pt\\\/vai-demorar-executivo-do-twitter-fala-sobre-o-tao-sonhado-botao-de-editar\\\/#breadcrumb\",\"itemListElement\":[{\"@type\":\"ListItem\",\"position\":1,\"name\":\"\u0413\u043b\u0430\u0432\u043d\u0430\u044f \u0441\u0442\u0440\u0430\u043d\u0438\u0446\u0430\",\"item\":\"https:\\\/\\\/hotnewsinworld.com\\\/pt\\\/\"},{\"@type\":\"ListItem\",\"position\":2,\"name\":\"Vai demorar: executivo do Twitter fala sobre o t\u00e3o sonhado bot\u00e3o de editar\"}]},{\"@type\":\"WebSite\",\"@id\":\"https:\\\/\\\/hotnewsinworld.com\\\/pt\\\/#website\",\"url\":\"https:\\\/\\\/hotnewsinworld.com\\\/pt\\\/\",\"name\":\"Hot News in World\",\"description\":\"Hot News in World Portugal\",\"potentialAction\":[{\"@type\":\"SearchAction\",\"target\":{\"@type\":\"EntryPoint\",\"urlTemplate\":\"https:\\\/\\\/hotnewsinworld.com\\\/pt\\\/?s={search_term_string}\"},\"query-input\":{\"@type\":\"PropertyValueSpecification\",\"valueRequired\":true,\"valueName\":\"search_term_string\"}}],\"inLanguage\":\"pt-PT\"},{\"@type\":\"Person\",\"@id\":\"https:\\\/\\\/hotnewsinworld.com\\\/pt\\\/#\\\/schema\\\/person\\\/fe61448b21c0d59086e75fcc1f9d8f6b\",\"name\":\"hotnewsinworld\",\"image\":{\"@type\":\"ImageObject\",\"inLanguage\":\"pt-PT\",\"@id\":\"https:\\\/\\\/secure.gravatar.com\\\/avatar\\\/8a09ac165600ce2e1c38fe593c63928eb1e6e7ba5c5a907d67787c41b3d00c14?s=96&d=mm&r=g\",\"url\":\"https:\\\/\\\/secure.gravatar.com\\\/avatar\\\/8a09ac165600ce2e1c38fe593c63928eb1e6e7ba5c5a907d67787c41b3d00c14?s=96&d=mm&r=g\",\"contentUrl\":\"https:\\\/\\\/secure.gravatar.com\\\/avatar\\\/8a09ac165600ce2e1c38fe593c63928eb1e6e7ba5c5a907d67787c41b3d00c14?s=96&d=mm&r=g\",\"caption\":\"hotnewsinworld\"},\"url\":\"https:\\\/\\\/hotnewsinworld.com\\\/pt\\\/author\\\/pt\\\/\"}]}<\/script>\n<!-- \/ Yoast SEO plugin. -->","yoast_head_json":{"title":"Vai demorar: executivo do Twitter fala sobre o t\u00e3o sonhado bot\u00e3o de editar - Hot News in World","robots":{"index":"index","follow":"follow","max-snippet":"max-snippet:-1","max-image-preview":"max-image-preview:large","max-video-preview":"max-video-preview:-1"},"canonical":"https:\/\/hotnewsinworld.com\/pt\/vai-demorar-executivo-do-twitter-fala-sobre-o-tao-sonhado-botao-de-editar\/","og_locale":"pt_PT","og_type":"article","og_title":"Vai demorar: executivo do Twitter fala sobre o t\u00e3o sonhado bot\u00e3o de editar - Hot News in World","og_description":"Kayvon Beykpour trabalha como Product Lead no Twitter e est\u00e1 envolvido nas diversas mudan\u00e7as que a plataforma planeja realizar em um futuro n\u00e3o muito distante. O profissional teve destaque nessa semana por conta da sua declara\u00e7\u00e3o sobre uma poss\u00edvel cria\u00e7\u00e3o do recurso de edi\u00e7\u00e3o de tweets, feita durante um evento em S\u00e3o Francisco. Para os [&hellip;]","og_url":"https:\/\/hotnewsinworld.com\/pt\/vai-demorar-executivo-do-twitter-fala-sobre-o-tao-sonhado-botao-de-editar\/","og_site_name":"Hot News in World","article_published_time":"2019-08-15T12:15:37+00:00","article_modified_time":"2020-03-06T14:01:05+00:00","og_image":[{"width":952,"height":453,"url":"https:\/\/hotnewsinworld.com\/pt\/wp-content\/uploads\/sites\/2\/2019\/08\/Twitter-pode-ter-compartilhado-dados-de-usu\u00e1rios-sem-consentimento.jpg","type":"image\/jpeg"}],"author":"hotnewsinworld","twitter_card":"summary_large_image","twitter_misc":{"Escrito por":"hotnewsinworld","Tempo estimado de leitura":"1 minuto"},"schema":{"@context":"https:\/\/schema.org","@graph":[{"@type":"Article","@id":"https:\/\/hotnewsinworld.com\/pt\/vai-demorar-executivo-do-twitter-fala-sobre-o-tao-sonhado-botao-de-editar\/#article","isPartOf":{"@id":"https:\/\/hotnewsinworld.com\/pt\/vai-demorar-executivo-do-twitter-fala-sobre-o-tao-sonhado-botao-de-editar\/"},"author":{"name":"hotnewsinworld","@id":"https:\/\/hotnewsinworld.com\/pt\/#\/schema\/person\/fe61448b21c0d59086e75fcc1f9d8f6b"},"headline":"Vai demorar: executivo do Twitter fala sobre o t\u00e3o sonhado bot\u00e3o de editar","datePublished":"2019-08-15T12:15:37+00:00","dateModified":"2020-03-06T14:01:05+00:00","mainEntityOfPage":{"@id":"https:\/\/hotnewsinworld.com\/pt\/vai-demorar-executivo-do-twitter-fala-sobre-o-tao-sonhado-botao-de-editar\/"},"wordCount":218,"commentCount":0,"image":{"@id":"https:\/\/hotnewsinworld.com\/pt\/vai-demorar-executivo-do-twitter-fala-sobre-o-tao-sonhado-botao-de-editar\/#primaryimage"},"thumbnailUrl":"https:\/\/hotnewsinworld.com\/pt\/wp-content\/uploads\/sites\/2\/2019\/08\/Twitter-pode-ter-compartilhado-dados-de-usu\u00e1rios-sem-consentimento.jpg","articleSection":["NOT\u00cdCIAS DA M\u00cdDIA SOCIAL"],"inLanguage":"pt-PT","potentialAction":[{"@type":"CommentAction","name":"Comment","target":["https:\/\/hotnewsinworld.com\/pt\/vai-demorar-executivo-do-twitter-fala-sobre-o-tao-sonhado-botao-de-editar\/#respond"]}]},{"@type":"WebPage","@id":"https:\/\/hotnewsinworld.com\/pt\/vai-demorar-executivo-do-twitter-fala-sobre-o-tao-sonhado-botao-de-editar\/","url":"https:\/\/hotnewsinworld.com\/pt\/vai-demorar-executivo-do-twitter-fala-sobre-o-tao-sonhado-botao-de-editar\/","name":"Vai demorar: executivo do Twitter fala sobre o t\u00e3o sonhado bot\u00e3o de editar - Hot News in World","isPartOf":{"@id":"https:\/\/hotnewsinworld.com\/pt\/#website"},"primaryImageOfPage":{"@id":"https:\/\/hotnewsinworld.com\/pt\/vai-demorar-executivo-do-twitter-fala-sobre-o-tao-sonhado-botao-de-editar\/#primaryimage"},"image":{"@id":"https:\/\/hotnewsinworld.com\/pt\/vai-demorar-executivo-do-twitter-fala-sobre-o-tao-sonhado-botao-de-editar\/#primaryimage"},"thumbnailUrl":"https:\/\/hotnewsinworld.com\/pt\/wp-content\/uploads\/sites\/2\/2019\/08\/Twitter-pode-ter-compartilhado-dados-de-usu\u00e1rios-sem-consentimento.jpg","datePublished":"2019-08-15T12:15:37+00:00","dateModified":"2020-03-06T14:01:05+00:00","author":{"@id":"https:\/\/hotnewsinworld.com\/pt\/#\/schema\/person\/fe61448b21c0d59086e75fcc1f9d8f6b"},"breadcrumb":{"@id":"https:\/\/hotnewsinworld.com\/pt\/vai-demorar-executivo-do-twitter-fala-sobre-o-tao-sonhado-botao-de-editar\/#breadcrumb"},"inLanguage":"pt-PT","potentialAction":[{"@type":"ReadAction","target":["https:\/\/hotnewsinworld.com\/pt\/vai-demorar-executivo-do-twitter-fala-sobre-o-tao-sonhado-botao-de-editar\/"]}]},{"@type":"ImageObject","inLanguage":"pt-PT","@id":"https:\/\/hotnewsinworld.com\/pt\/vai-demorar-executivo-do-twitter-fala-sobre-o-tao-sonhado-botao-de-editar\/#primaryimage","url":"https:\/\/hotnewsinworld.com\/pt\/wp-content\/uploads\/sites\/2\/2019\/08\/Twitter-pode-ter-compartilhado-dados-de-usu\u00e1rios-sem-consentimento.jpg","contentUrl":"https:\/\/hotnewsinworld.com\/pt\/wp-content\/uploads\/sites\/2\/2019\/08\/Twitter-pode-ter-compartilhado-dados-de-usu\u00e1rios-sem-consentimento.jpg","width":952,"height":453,"caption":"Twitter pode ter compartilhado dados de usu\u00e1rios sem consentimento"},{"@type":"BreadcrumbList","@id":"https:\/\/hotnewsinworld.com\/pt\/vai-demorar-executivo-do-twitter-fala-sobre-o-tao-sonhado-botao-de-editar\/#breadcrumb","itemListElement":[{"@type":"ListItem","position":1,"name":"\u0413\u043b\u0430\u0432\u043d\u0430\u044f \u0441\u0442\u0440\u0430\u043d\u0438\u0446\u0430","item":"https:\/\/hotnewsinworld.com\/pt\/"},{"@type":"ListItem","position":2,"name":"Vai demorar: executivo do Twitter fala sobre o t\u00e3o sonhado bot\u00e3o de editar"}]},{"@type":"WebSite","@id":"https:\/\/hotnewsinworld.com\/pt\/#website","url":"https:\/\/hotnewsinworld.com\/pt\/","name":"Hot News in World","description":"Hot News in World Portugal","potentialAction":[{"@type":"SearchAction","target":{"@type":"EntryPoint","urlTemplate":"https:\/\/hotnewsinworld.com\/pt\/?s={search_term_string}"},"query-input":{"@type":"PropertyValueSpecification","valueRequired":true,"valueName":"search_term_string"}}],"inLanguage":"pt-PT"},{"@type":"Person","@id":"https:\/\/hotnewsinworld.com\/pt\/#\/schema\/person\/fe61448b21c0d59086e75fcc1f9d8f6b","name":"hotnewsinworld","image":{"@type":"ImageObject","inLanguage":"pt-PT","@id":"https:\/\/secure.gravatar.com\/avatar\/8a09ac165600ce2e1c38fe593c63928eb1e6e7ba5c5a907d67787c41b3d00c14?s=96&d=mm&r=g","url":"https:\/\/secure.gravatar.com\/avatar\/8a09ac165600ce2e1c38fe593c63928eb1e6e7ba5c5a907d67787c41b3d00c14?s=96&d=mm&r=g","contentUrl":"https:\/\/secure.gravatar.com\/avatar\/8a09ac165600ce2e1c38fe593c63928eb1e6e7ba5c5a907d67787c41b3d00c14?s=96&d=mm&r=g","caption":"hotnewsinworld"},"url":"https:\/\/hotnewsinworld.com\/pt\/author\/pt\/"}]}},"_links":{"self":[{"href":"https:\/\/hotnewsinworld.com\/pt\/wp-json\/wp\/v2\/posts\/1271","targetHints":{"allow":["GET"]}}],"collection":[{"href":"https:\/\/hotnewsinworld.com\/pt\/wp-json\/wp\/v2\/posts"}],"about":[{"href":"https:\/\/hotnewsinworld.com\/pt\/wp-json\/wp\/v2\/types\/post"}],"author":[{"embeddable":true,"href":"https:\/\/hotnewsinworld.com\/pt\/wp-json\/wp\/v2\/users\/2"}],"replies":[{"embeddable":true,"href":"https:\/\/hotnewsinworld.com\/pt\/wp-json\/wp\/v2\/comments?post=1271"}],"version-history":[{"count":2,"href":"https:\/\/hotnewsinworld.com\/pt\/wp-json\/wp\/v2\/posts\/1271\/revisions"}],"predecessor-version":[{"id":2289,"href":"https:\/\/hotnewsinworld.com\/pt\/wp-json\/wp\/v2\/posts\/1271\/revisions\/2289"}],"wp:featuredmedia":[{"embeddable":true,"href":"https:\/\/hotnewsinworld.com\/pt\/wp-json\/wp\/v2\/media\/1040"}],"wp:attachment":[{"href":"https:\/\/hotnewsinworld.com\/pt\/wp-json\/wp\/v2\/media?parent=1271"}],"wp:term":[{"taxonomy":"category","embeddable":true,"href":"https:\/\/hotnewsinworld.com\/pt\/wp-json\/wp\/v2\/categories?post=1271"},{"taxonomy":"post_tag","embeddable":true,"href":"https:\/\/hotnewsinworld.com\/pt\/wp-json\/wp\/v2\/tags?post=1271"}],"curies":[{"name":"wp","href":"https:\/\/api.w.org\/{rel}","templated":true}]}}