{"id":1579,"date":"2019-08-27T12:49:22","date_gmt":"2019-08-27T09:49:22","guid":{"rendered":"https:\/\/hotnewsinworld.com\/pt\/pre-avisos-de-greve-sobem-75-ate-julho-para-valor-mais-elevado-desde-2013\/"},"modified":"2019-08-27T12:49:23","modified_gmt":"2019-08-27T09:49:23","slug":"pre-avisos-de-greve-sobem-75-ate-julho-para-valor-mais-elevado-desde-2013","status":"publish","type":"post","link":"https:\/\/hotnewsinworld.com\/pt\/pre-avisos-de-greve-sobem-75-ate-julho-para-valor-mais-elevado-desde-2013\/","title":{"rendered":"Pr\u00e9-avisos de greve sobem 75% at\u00e9 julho para valor mais elevado desde 2013"},"content":{"rendered":"<p> [ad_1]<br \/>\n<\/p>\n<div>\n<aside class=\"t-article-funcs-2\"\/>\n<p class=\"t-article-content-intro-1\"><strong>O n\u00famero de pr\u00e9-avisos de greve entre janeiro e julho deste ano aumentou 75% face ao mesmo per\u00edodo de 2018, sendo o mais elevado desde 2013, indicam dados da Dire\u00e7\u00e3o-Geral do Emprego e das Rela\u00e7\u00f5es de Trabalho.<\/strong><\/p>\n<p>A entrada de pr\u00e9-avisos de greve na Dire\u00e7\u00e3o-Geral do Emprego e das Rela\u00e7\u00f5es de Trabalho (DGERT) registou um valor m\u00ednimo de 224 em 2014, tendo-se observado uma tend\u00eancia de subida desde ent\u00e3o, com o n\u00famero a atingir os 663 em julho deste ano.<\/p>\n<p>O n\u00famero observado nos primeiros setes meses deste ano apenas \u00e9 ultrapassado pelos 1217 pr\u00e9-avisos registados em 2013, ano em que a taxa de desemprego observou um m\u00e1ximo hist\u00f3rico e o Produto Interno Bruto (PIB) recuou 1,1%.<\/p>\n<p>Dos pr\u00e9-avisos entrados este ano, a maior parte (542) ocorreu fora do Setor Empresarial do Estado (SEE), segundo mostram os mesmos dados publicados pela DGERT e que se referem aos pr\u00e9-avisos comunicados no \u00e2mbito do C\u00f3digo do Trabalho, n\u00e3o incluindo, por isso, os da fun\u00e7\u00e3o p\u00fablica.<\/p>\n<p><strong>Estes dados correspondem aos pr\u00e9-avisos entrados na DGERT, mas podem n\u00e3o corresponder \u00e0s greves efetivamente realizadas, j\u00e1 que alguns s\u00e3o retirados ou suspensos<\/strong>.<\/p>\n<p>Jo\u00e3o Cerejeira, economista e especialista em quest\u00f5es de trabalho, encontra no <strong>clima pr\u00e9-eleitoral e na recupera\u00e7\u00e3o econ\u00f3mica<\/strong> que o pa\u00eds registou nestes \u00faltimos anos <strong>algumas das raz\u00f5es para este endurecer da conflitualidade laboral<\/strong>.<\/p>\n<p>Em ano de elei\u00e7\u00f5es, referiu \u00e0 Lusa o tamb\u00e9m Professor da Universidade do Minho, o Governo tem menos margem de manobra para entrar em confronto direto com os trabalhadores.<\/p>\n<p>Al\u00e9m disso, <strong>a melhoria do ciclo econ\u00f3mico faz com que seja tamb\u00e9m mais dif\u00edcil \u00e0s empresas recrutar,<\/strong> o que acaba por refor\u00e7ar o poder negocial dos trabalhadores.<\/p>\n<p>&#8220;No per\u00edodo p\u00f3s-crise, os trabalhadores sabiam que as empresas estavam fragilizadas e pedir valoriza\u00e7\u00e3o de sal\u00e1rios n\u00e3o faria muito sentido&#8221;, afirma Jo\u00e3o Cerejeira, sublinhando que, com a recupera\u00e7\u00e3o da economia e <strong>com a no\u00e7\u00e3o &#8220;de que o bolo estar\u00e1 um bocadinho melhor&#8221;, os trabalhadores &#8220;querem uma maior partilha dos lucros&#8221;<\/strong>.<\/p>\n<p>El\u00edsio Estanque, investigador no Centro de Estudos Sociais da Universidade de Coimbra, tamb\u00e9m considera que a recupera\u00e7\u00e3o da economia \u00e9 um dos fatores que estar\u00e1 na origem da subida dos pr\u00e9-avisos de greve.<\/p>\n<p>Ressalvando que a compara\u00e7\u00e3o \u00fanica destes pr\u00e9-avisos revela apenas uma parte da realidade porque n\u00e3o tem em conta o n\u00famero de dias de greve e o n\u00famero de trabalhadores abrangidos, El\u00edsio Estanque acredita que a subida est\u00e1 ainda relacionada com o facto de se estar em per\u00edodo pr\u00e9-eleitoral.<\/p>\n<p>A isto, o investigador do Centro de Estudos Sociais da Universidade de Coimbra soma o surgimento de novas organiza\u00e7\u00f5es sindicais e a sua necessidade de afirma\u00e7\u00e3o.<\/p>\n<p>&#8220;Este panorama geral, associado a um ciclo pr\u00e9-eleitoral acaba por favorecer a multiplica\u00e7\u00e3o destas iniciativas de luta&#8221;, precisou.<\/p>\n<p>O C\u00f3digo do Trabalho determina que o aviso pr\u00e9vio de greve indique a data de in\u00edcio e fim da paralisa\u00e7\u00e3o, o seu \u00e2mbito geogr\u00e1fico, as entidades empregadoras a que se dirige ou ainda os trabalhadores abrangidos.<\/p>\n<\/div>\n<p><script>(function (d, s, id) {\n            var js, fjs = d.getElementsByTagName(s)[0];\n            if (d.getElementById(id)) return;\n            js = d.createElement(s); js.id = id;\n            js.src = \"http:\/\/connect.facebook.net\/pt_PT\/sdk.js#xfbml=1&version=v2.12&appId=120757241603877\";\n            fjs.parentNode.insertBefore(js, fjs);\n        }(document, 'script', 'facebook-jssdk'));<\/script><br \/>\n<br \/>[ad_2]<br \/>\n<br \/><a href=\"http:\/\/feeds.jn.pt\/~r\/JN-ECONOMIA\/~3\/PuSnWYy5auw\/pre-avisos-de-greve-sobem-75-ate-julho-para-valor-mais-elevado-desde-2013-11242134.html\">Source link <\/a><\/p>\n","protected":false},"excerpt":{"rendered":"<p>[ad_1] O n\u00famero de pr\u00e9-avisos de greve entre janeiro e julho deste ano aumentou 75% face ao mesmo per\u00edodo de 2018, sendo o mais elevado desde 2013, indicam dados da Dire\u00e7\u00e3o-Geral do Emprego e das Rela\u00e7\u00f5es de Trabalho. A entrada de pr\u00e9-avisos de greve na Dire\u00e7\u00e3o-Geral do Emprego e das Rela\u00e7\u00f5es de Trabalho (DGERT) registou [&hellip;]<\/p>\n","protected":false},"author":2,"featured_media":1580,"comment_status":"open","ping_status":"open","sticky":false,"template":"","format":"standard","meta":{"footnotes":""},"categories":[1],"tags":[],"class_list":["post-1579","post","type-post","status-publish","format-standard","has-post-thumbnail","hentry","category-ultimas-noticias-financeiras"],"yoast_head":"<!-- This site is optimized with the Yoast SEO plugin v27.4 - https:\/\/yoast.com\/product\/yoast-seo-wordpress\/ -->\n<title>Pr\u00e9-avisos de greve sobem 75% at\u00e9 julho para valor mais elevado desde 2013 - Hot News in World<\/title>\n<meta name=\"robots\" content=\"index, follow, max-snippet:-1, max-image-preview:large, max-video-preview:-1\" \/>\n<link rel=\"canonical\" href=\"https:\/\/hotnewsinworld.com\/pt\/pre-avisos-de-greve-sobem-75-ate-julho-para-valor-mais-elevado-desde-2013\/\" \/>\n<meta property=\"og:locale\" content=\"pt_PT\" \/>\n<meta property=\"og:type\" content=\"article\" \/>\n<meta property=\"og:title\" content=\"Pr\u00e9-avisos de greve sobem 75% at\u00e9 julho para valor mais elevado desde 2013 - Hot News in World\" \/>\n<meta property=\"og:description\" content=\"[ad_1] O n\u00famero de pr\u00e9-avisos de greve entre janeiro e julho deste ano aumentou 75% face ao mesmo per\u00edodo de 2018, sendo o mais elevado desde 2013, indicam dados da Dire\u00e7\u00e3o-Geral do Emprego e das Rela\u00e7\u00f5es de Trabalho. A entrada de pr\u00e9-avisos de greve na Dire\u00e7\u00e3o-Geral do Emprego e das Rela\u00e7\u00f5es de Trabalho (DGERT) registou [&hellip;]\" \/>\n<meta property=\"og:url\" content=\"https:\/\/hotnewsinworld.com\/pt\/pre-avisos-de-greve-sobem-75-ate-julho-para-valor-mais-elevado-desde-2013\/\" \/>\n<meta property=\"og:site_name\" content=\"Hot News in World\" \/>\n<meta property=\"article:published_time\" content=\"2019-08-27T09:49:22+00:00\" \/>\n<meta property=\"article:modified_time\" content=\"2019-08-27T09:49:23+00:00\" \/>\n<meta property=\"og:image\" content=\"https:\/\/hotnewsinworld.com\/pt\/wp-content\/uploads\/sites\/2\/2019\/08\/Pr\u00e9-avisos-de-greve-sobem-75-at\u00e9-julho-para-valor-mais.aspx.jpeg\" \/>\n\t<meta property=\"og:image:width\" content=\"800\" \/>\n\t<meta property=\"og:image:height\" content=\"420\" \/>\n\t<meta property=\"og:image:type\" content=\"image\/jpeg\" \/>\n<meta name=\"author\" content=\"hotnewsinworld\" \/>\n<meta name=\"twitter:card\" content=\"summary_large_image\" \/>\n<meta name=\"twitter:label1\" content=\"Escrito por\" \/>\n\t<meta name=\"twitter:data1\" content=\"hotnewsinworld\" \/>\n\t<meta name=\"twitter:label2\" content=\"Tempo estimado de leitura\" \/>\n\t<meta name=\"twitter:data2\" content=\"3 minutos\" \/>\n<script type=\"application\/ld+json\" class=\"yoast-schema-graph\">{\"@context\":\"https:\\\/\\\/schema.org\",\"@graph\":[{\"@type\":\"Article\",\"@id\":\"https:\\\/\\\/hotnewsinworld.com\\\/pt\\\/pre-avisos-de-greve-sobem-75-ate-julho-para-valor-mais-elevado-desde-2013\\\/#article\",\"isPartOf\":{\"@id\":\"https:\\\/\\\/hotnewsinworld.com\\\/pt\\\/pre-avisos-de-greve-sobem-75-ate-julho-para-valor-mais-elevado-desde-2013\\\/\"},\"author\":{\"name\":\"hotnewsinworld\",\"@id\":\"https:\\\/\\\/hotnewsinworld.com\\\/pt\\\/#\\\/schema\\\/person\\\/fe61448b21c0d59086e75fcc1f9d8f6b\"},\"headline\":\"Pr\u00e9-avisos de greve sobem 75% at\u00e9 julho para valor mais elevado desde 2013\",\"datePublished\":\"2019-08-27T09:49:22+00:00\",\"dateModified\":\"2019-08-27T09:49:23+00:00\",\"mainEntityOfPage\":{\"@id\":\"https:\\\/\\\/hotnewsinworld.com\\\/pt\\\/pre-avisos-de-greve-sobem-75-ate-julho-para-valor-mais-elevado-desde-2013\\\/\"},\"wordCount\":557,\"commentCount\":0,\"image\":{\"@id\":\"https:\\\/\\\/hotnewsinworld.com\\\/pt\\\/pre-avisos-de-greve-sobem-75-ate-julho-para-valor-mais-elevado-desde-2013\\\/#primaryimage\"},\"thumbnailUrl\":\"https:\\\/\\\/hotnewsinworld.com\\\/pt\\\/wp-content\\\/uploads\\\/sites\\\/2\\\/2019\\\/08\\\/Pr\u00e9-avisos-de-greve-sobem-75-at\u00e9-julho-para-valor-mais.aspx.jpeg\",\"articleSection\":[\"\u00daLTIMAS NOT\u00cdCIAS FINANCEIRAS\"],\"inLanguage\":\"pt-PT\",\"potentialAction\":[{\"@type\":\"CommentAction\",\"name\":\"Comment\",\"target\":[\"https:\\\/\\\/hotnewsinworld.com\\\/pt\\\/pre-avisos-de-greve-sobem-75-ate-julho-para-valor-mais-elevado-desde-2013\\\/#respond\"]}]},{\"@type\":\"WebPage\",\"@id\":\"https:\\\/\\\/hotnewsinworld.com\\\/pt\\\/pre-avisos-de-greve-sobem-75-ate-julho-para-valor-mais-elevado-desde-2013\\\/\",\"url\":\"https:\\\/\\\/hotnewsinworld.com\\\/pt\\\/pre-avisos-de-greve-sobem-75-ate-julho-para-valor-mais-elevado-desde-2013\\\/\",\"name\":\"Pr\u00e9-avisos de greve sobem 75% at\u00e9 julho para valor mais elevado desde 2013 - Hot News in World\",\"isPartOf\":{\"@id\":\"https:\\\/\\\/hotnewsinworld.com\\\/pt\\\/#website\"},\"primaryImageOfPage\":{\"@id\":\"https:\\\/\\\/hotnewsinworld.com\\\/pt\\\/pre-avisos-de-greve-sobem-75-ate-julho-para-valor-mais-elevado-desde-2013\\\/#primaryimage\"},\"image\":{\"@id\":\"https:\\\/\\\/hotnewsinworld.com\\\/pt\\\/pre-avisos-de-greve-sobem-75-ate-julho-para-valor-mais-elevado-desde-2013\\\/#primaryimage\"},\"thumbnailUrl\":\"https:\\\/\\\/hotnewsinworld.com\\\/pt\\\/wp-content\\\/uploads\\\/sites\\\/2\\\/2019\\\/08\\\/Pr\u00e9-avisos-de-greve-sobem-75-at\u00e9-julho-para-valor-mais.aspx.jpeg\",\"datePublished\":\"2019-08-27T09:49:22+00:00\",\"dateModified\":\"2019-08-27T09:49:23+00:00\",\"author\":{\"@id\":\"https:\\\/\\\/hotnewsinworld.com\\\/pt\\\/#\\\/schema\\\/person\\\/fe61448b21c0d59086e75fcc1f9d8f6b\"},\"breadcrumb\":{\"@id\":\"https:\\\/\\\/hotnewsinworld.com\\\/pt\\\/pre-avisos-de-greve-sobem-75-ate-julho-para-valor-mais-elevado-desde-2013\\\/#breadcrumb\"},\"inLanguage\":\"pt-PT\",\"potentialAction\":[{\"@type\":\"ReadAction\",\"target\":[\"https:\\\/\\\/hotnewsinworld.com\\\/pt\\\/pre-avisos-de-greve-sobem-75-ate-julho-para-valor-mais-elevado-desde-2013\\\/\"]}]},{\"@type\":\"ImageObject\",\"inLanguage\":\"pt-PT\",\"@id\":\"https:\\\/\\\/hotnewsinworld.com\\\/pt\\\/pre-avisos-de-greve-sobem-75-ate-julho-para-valor-mais-elevado-desde-2013\\\/#primaryimage\",\"url\":\"https:\\\/\\\/hotnewsinworld.com\\\/pt\\\/wp-content\\\/uploads\\\/sites\\\/2\\\/2019\\\/08\\\/Pr\u00e9-avisos-de-greve-sobem-75-at\u00e9-julho-para-valor-mais.aspx.jpeg\",\"contentUrl\":\"https:\\\/\\\/hotnewsinworld.com\\\/pt\\\/wp-content\\\/uploads\\\/sites\\\/2\\\/2019\\\/08\\\/Pr\u00e9-avisos-de-greve-sobem-75-at\u00e9-julho-para-valor-mais.aspx.jpeg\",\"width\":800,\"height\":420,\"caption\":\"Pr\u00e9-avisos de greve sobem 75% at\u00e9 julho para valor mais elevado desde 2013\"},{\"@type\":\"BreadcrumbList\",\"@id\":\"https:\\\/\\\/hotnewsinworld.com\\\/pt\\\/pre-avisos-de-greve-sobem-75-ate-julho-para-valor-mais-elevado-desde-2013\\\/#breadcrumb\",\"itemListElement\":[{\"@type\":\"ListItem\",\"position\":1,\"name\":\"\u0413\u043b\u0430\u0432\u043d\u0430\u044f \u0441\u0442\u0440\u0430\u043d\u0438\u0446\u0430\",\"item\":\"https:\\\/\\\/hotnewsinworld.com\\\/pt\\\/\"},{\"@type\":\"ListItem\",\"position\":2,\"name\":\"Pr\u00e9-avisos de greve sobem 75% at\u00e9 julho para valor mais elevado desde 2013\"}]},{\"@type\":\"WebSite\",\"@id\":\"https:\\\/\\\/hotnewsinworld.com\\\/pt\\\/#website\",\"url\":\"https:\\\/\\\/hotnewsinworld.com\\\/pt\\\/\",\"name\":\"Hot News in World\",\"description\":\"Hot News in World Portugal\",\"potentialAction\":[{\"@type\":\"SearchAction\",\"target\":{\"@type\":\"EntryPoint\",\"urlTemplate\":\"https:\\\/\\\/hotnewsinworld.com\\\/pt\\\/?s={search_term_string}\"},\"query-input\":{\"@type\":\"PropertyValueSpecification\",\"valueRequired\":true,\"valueName\":\"search_term_string\"}}],\"inLanguage\":\"pt-PT\"},{\"@type\":\"Person\",\"@id\":\"https:\\\/\\\/hotnewsinworld.com\\\/pt\\\/#\\\/schema\\\/person\\\/fe61448b21c0d59086e75fcc1f9d8f6b\",\"name\":\"hotnewsinworld\",\"image\":{\"@type\":\"ImageObject\",\"inLanguage\":\"pt-PT\",\"@id\":\"https:\\\/\\\/secure.gravatar.com\\\/avatar\\\/8a09ac165600ce2e1c38fe593c63928eb1e6e7ba5c5a907d67787c41b3d00c14?s=96&d=mm&r=g\",\"url\":\"https:\\\/\\\/secure.gravatar.com\\\/avatar\\\/8a09ac165600ce2e1c38fe593c63928eb1e6e7ba5c5a907d67787c41b3d00c14?s=96&d=mm&r=g\",\"contentUrl\":\"https:\\\/\\\/secure.gravatar.com\\\/avatar\\\/8a09ac165600ce2e1c38fe593c63928eb1e6e7ba5c5a907d67787c41b3d00c14?s=96&d=mm&r=g\",\"caption\":\"hotnewsinworld\"},\"url\":\"https:\\\/\\\/hotnewsinworld.com\\\/pt\\\/author\\\/pt\\\/\"}]}<\/script>\n<!-- \/ Yoast SEO plugin. -->","yoast_head_json":{"title":"Pr\u00e9-avisos de greve sobem 75% at\u00e9 julho para valor mais elevado desde 2013 - Hot News in World","robots":{"index":"index","follow":"follow","max-snippet":"max-snippet:-1","max-image-preview":"max-image-preview:large","max-video-preview":"max-video-preview:-1"},"canonical":"https:\/\/hotnewsinworld.com\/pt\/pre-avisos-de-greve-sobem-75-ate-julho-para-valor-mais-elevado-desde-2013\/","og_locale":"pt_PT","og_type":"article","og_title":"Pr\u00e9-avisos de greve sobem 75% at\u00e9 julho para valor mais elevado desde 2013 - Hot News in World","og_description":"[ad_1] O n\u00famero de pr\u00e9-avisos de greve entre janeiro e julho deste ano aumentou 75% face ao mesmo per\u00edodo de 2018, sendo o mais elevado desde 2013, indicam dados da Dire\u00e7\u00e3o-Geral do Emprego e das Rela\u00e7\u00f5es de Trabalho. A entrada de pr\u00e9-avisos de greve na Dire\u00e7\u00e3o-Geral do Emprego e das Rela\u00e7\u00f5es de Trabalho (DGERT) registou [&hellip;]","og_url":"https:\/\/hotnewsinworld.com\/pt\/pre-avisos-de-greve-sobem-75-ate-julho-para-valor-mais-elevado-desde-2013\/","og_site_name":"Hot News in World","article_published_time":"2019-08-27T09:49:22+00:00","article_modified_time":"2019-08-27T09:49:23+00:00","og_image":[{"width":800,"height":420,"url":"https:\/\/hotnewsinworld.com\/pt\/wp-content\/uploads\/sites\/2\/2019\/08\/Pr\u00e9-avisos-de-greve-sobem-75-at\u00e9-julho-para-valor-mais.aspx.jpeg","type":"image\/jpeg"}],"author":"hotnewsinworld","twitter_card":"summary_large_image","twitter_misc":{"Escrito por":"hotnewsinworld","Tempo estimado de leitura":"3 minutos"},"schema":{"@context":"https:\/\/schema.org","@graph":[{"@type":"Article","@id":"https:\/\/hotnewsinworld.com\/pt\/pre-avisos-de-greve-sobem-75-ate-julho-para-valor-mais-elevado-desde-2013\/#article","isPartOf":{"@id":"https:\/\/hotnewsinworld.com\/pt\/pre-avisos-de-greve-sobem-75-ate-julho-para-valor-mais-elevado-desde-2013\/"},"author":{"name":"hotnewsinworld","@id":"https:\/\/hotnewsinworld.com\/pt\/#\/schema\/person\/fe61448b21c0d59086e75fcc1f9d8f6b"},"headline":"Pr\u00e9-avisos de greve sobem 75% at\u00e9 julho para valor mais elevado desde 2013","datePublished":"2019-08-27T09:49:22+00:00","dateModified":"2019-08-27T09:49:23+00:00","mainEntityOfPage":{"@id":"https:\/\/hotnewsinworld.com\/pt\/pre-avisos-de-greve-sobem-75-ate-julho-para-valor-mais-elevado-desde-2013\/"},"wordCount":557,"commentCount":0,"image":{"@id":"https:\/\/hotnewsinworld.com\/pt\/pre-avisos-de-greve-sobem-75-ate-julho-para-valor-mais-elevado-desde-2013\/#primaryimage"},"thumbnailUrl":"https:\/\/hotnewsinworld.com\/pt\/wp-content\/uploads\/sites\/2\/2019\/08\/Pr\u00e9-avisos-de-greve-sobem-75-at\u00e9-julho-para-valor-mais.aspx.jpeg","articleSection":["\u00daLTIMAS NOT\u00cdCIAS FINANCEIRAS"],"inLanguage":"pt-PT","potentialAction":[{"@type":"CommentAction","name":"Comment","target":["https:\/\/hotnewsinworld.com\/pt\/pre-avisos-de-greve-sobem-75-ate-julho-para-valor-mais-elevado-desde-2013\/#respond"]}]},{"@type":"WebPage","@id":"https:\/\/hotnewsinworld.com\/pt\/pre-avisos-de-greve-sobem-75-ate-julho-para-valor-mais-elevado-desde-2013\/","url":"https:\/\/hotnewsinworld.com\/pt\/pre-avisos-de-greve-sobem-75-ate-julho-para-valor-mais-elevado-desde-2013\/","name":"Pr\u00e9-avisos de greve sobem 75% at\u00e9 julho para valor mais elevado desde 2013 - Hot News in World","isPartOf":{"@id":"https:\/\/hotnewsinworld.com\/pt\/#website"},"primaryImageOfPage":{"@id":"https:\/\/hotnewsinworld.com\/pt\/pre-avisos-de-greve-sobem-75-ate-julho-para-valor-mais-elevado-desde-2013\/#primaryimage"},"image":{"@id":"https:\/\/hotnewsinworld.com\/pt\/pre-avisos-de-greve-sobem-75-ate-julho-para-valor-mais-elevado-desde-2013\/#primaryimage"},"thumbnailUrl":"https:\/\/hotnewsinworld.com\/pt\/wp-content\/uploads\/sites\/2\/2019\/08\/Pr\u00e9-avisos-de-greve-sobem-75-at\u00e9-julho-para-valor-mais.aspx.jpeg","datePublished":"2019-08-27T09:49:22+00:00","dateModified":"2019-08-27T09:49:23+00:00","author":{"@id":"https:\/\/hotnewsinworld.com\/pt\/#\/schema\/person\/fe61448b21c0d59086e75fcc1f9d8f6b"},"breadcrumb":{"@id":"https:\/\/hotnewsinworld.com\/pt\/pre-avisos-de-greve-sobem-75-ate-julho-para-valor-mais-elevado-desde-2013\/#breadcrumb"},"inLanguage":"pt-PT","potentialAction":[{"@type":"ReadAction","target":["https:\/\/hotnewsinworld.com\/pt\/pre-avisos-de-greve-sobem-75-ate-julho-para-valor-mais-elevado-desde-2013\/"]}]},{"@type":"ImageObject","inLanguage":"pt-PT","@id":"https:\/\/hotnewsinworld.com\/pt\/pre-avisos-de-greve-sobem-75-ate-julho-para-valor-mais-elevado-desde-2013\/#primaryimage","url":"https:\/\/hotnewsinworld.com\/pt\/wp-content\/uploads\/sites\/2\/2019\/08\/Pr\u00e9-avisos-de-greve-sobem-75-at\u00e9-julho-para-valor-mais.aspx.jpeg","contentUrl":"https:\/\/hotnewsinworld.com\/pt\/wp-content\/uploads\/sites\/2\/2019\/08\/Pr\u00e9-avisos-de-greve-sobem-75-at\u00e9-julho-para-valor-mais.aspx.jpeg","width":800,"height":420,"caption":"Pr\u00e9-avisos de greve sobem 75% at\u00e9 julho para valor mais elevado desde 2013"},{"@type":"BreadcrumbList","@id":"https:\/\/hotnewsinworld.com\/pt\/pre-avisos-de-greve-sobem-75-ate-julho-para-valor-mais-elevado-desde-2013\/#breadcrumb","itemListElement":[{"@type":"ListItem","position":1,"name":"\u0413\u043b\u0430\u0432\u043d\u0430\u044f \u0441\u0442\u0440\u0430\u043d\u0438\u0446\u0430","item":"https:\/\/hotnewsinworld.com\/pt\/"},{"@type":"ListItem","position":2,"name":"Pr\u00e9-avisos de greve sobem 75% at\u00e9 julho para valor mais elevado desde 2013"}]},{"@type":"WebSite","@id":"https:\/\/hotnewsinworld.com\/pt\/#website","url":"https:\/\/hotnewsinworld.com\/pt\/","name":"Hot News in World","description":"Hot News in World Portugal","potentialAction":[{"@type":"SearchAction","target":{"@type":"EntryPoint","urlTemplate":"https:\/\/hotnewsinworld.com\/pt\/?s={search_term_string}"},"query-input":{"@type":"PropertyValueSpecification","valueRequired":true,"valueName":"search_term_string"}}],"inLanguage":"pt-PT"},{"@type":"Person","@id":"https:\/\/hotnewsinworld.com\/pt\/#\/schema\/person\/fe61448b21c0d59086e75fcc1f9d8f6b","name":"hotnewsinworld","image":{"@type":"ImageObject","inLanguage":"pt-PT","@id":"https:\/\/secure.gravatar.com\/avatar\/8a09ac165600ce2e1c38fe593c63928eb1e6e7ba5c5a907d67787c41b3d00c14?s=96&d=mm&r=g","url":"https:\/\/secure.gravatar.com\/avatar\/8a09ac165600ce2e1c38fe593c63928eb1e6e7ba5c5a907d67787c41b3d00c14?s=96&d=mm&r=g","contentUrl":"https:\/\/secure.gravatar.com\/avatar\/8a09ac165600ce2e1c38fe593c63928eb1e6e7ba5c5a907d67787c41b3d00c14?s=96&d=mm&r=g","caption":"hotnewsinworld"},"url":"https:\/\/hotnewsinworld.com\/pt\/author\/pt\/"}]}},"_links":{"self":[{"href":"https:\/\/hotnewsinworld.com\/pt\/wp-json\/wp\/v2\/posts\/1579","targetHints":{"allow":["GET"]}}],"collection":[{"href":"https:\/\/hotnewsinworld.com\/pt\/wp-json\/wp\/v2\/posts"}],"about":[{"href":"https:\/\/hotnewsinworld.com\/pt\/wp-json\/wp\/v2\/types\/post"}],"author":[{"embeddable":true,"href":"https:\/\/hotnewsinworld.com\/pt\/wp-json\/wp\/v2\/users\/2"}],"replies":[{"embeddable":true,"href":"https:\/\/hotnewsinworld.com\/pt\/wp-json\/wp\/v2\/comments?post=1579"}],"version-history":[{"count":1,"href":"https:\/\/hotnewsinworld.com\/pt\/wp-json\/wp\/v2\/posts\/1579\/revisions"}],"predecessor-version":[{"id":1581,"href":"https:\/\/hotnewsinworld.com\/pt\/wp-json\/wp\/v2\/posts\/1579\/revisions\/1581"}],"wp:featuredmedia":[{"embeddable":true,"href":"https:\/\/hotnewsinworld.com\/pt\/wp-json\/wp\/v2\/media\/1580"}],"wp:attachment":[{"href":"https:\/\/hotnewsinworld.com\/pt\/wp-json\/wp\/v2\/media?parent=1579"}],"wp:term":[{"taxonomy":"category","embeddable":true,"href":"https:\/\/hotnewsinworld.com\/pt\/wp-json\/wp\/v2\/categories?post=1579"},{"taxonomy":"post_tag","embeddable":true,"href":"https:\/\/hotnewsinworld.com\/pt\/wp-json\/wp\/v2\/tags?post=1579"}],"curies":[{"name":"wp","href":"https:\/\/api.w.org\/{rel}","templated":true}]}}