{"id":158,"date":"2019-05-15T17:59:30","date_gmt":"2019-05-15T14:59:30","guid":{"rendered":"https:\/\/hotnewsinworld.com\/pt\/netflix-divulga-teaser-da-5a-temporada-de-black-mirror-e-confirma-data-de-estreia\/"},"modified":"2020-03-04T18:38:03","modified_gmt":"2020-03-04T15:38:03","slug":"netflix-divulga-teaser-da-5a-temporada-de-black-mirror-e-confirma-data-de-estreia","status":"publish","type":"post","link":"https:\/\/hotnewsinworld.com\/pt\/netflix-divulga-teaser-da-5a-temporada-de-black-mirror-e-confirma-data-de-estreia\/","title":{"rendered":"Netflix divulga teaser da 5\u00aa temporada de Black Mirror e confirma data de estreia"},"content":{"rendered":"<p>A <strong>Netflix<\/strong> liberou nesta quarta-feira (15\/05) o primeiro teaser da quinta temporada de &#8220;Black Mirror&#8221; e confirmou a data de estreia para 5 de junho. O v\u00eddeo mostra a participa\u00e7\u00e3o da cantora Miley Cyrus e do ator Topher Grace, mais conhecido pelo papel de Eric Forman, em &#8220;That&#8217;s 70 Show&#8221;.<\/p>\n<p>\u201cN\u00e3o tenho nem mais coragem pra chamar essa s\u00e9rie de distopia&#8221;, anunciou a Netflix em sua conta no Twitter. &#8220;De qualquer forma, #BlackMirror volta dia 5 de junho\u201d, escreveu a empresa.<\/p>\n<p>Mais uma vez a tecnologia ser\u00e1 o tema central dos cap\u00edtulos que, segundo a Netflix, se dividir\u00e3o em tr\u00eas hist\u00f3rias. A tecnologia ter\u00e1 o papel de tentar e distrair os protagonistas. A quinta temporada tamb\u00e9m promete uma an\u00e1lise mais profunda &#8211; e perturbadora &#8211; da intelig\u00eancia artificial, seguran\u00e7a e privacidade.<\/p>\n<p>A s\u00e9rie &#8220;Black Mirror&#8221; estreou no Channel 4 da TV brit\u00e2nica em 2011 com tr\u00eas epis\u00f3dios. A Netflix posteriormente comprou os direitos da s\u00e9rie de Charlie Brooker e lan\u00e7ou mais duas temporadas, incluindo um epis\u00f3dio interativo.<\/p>\n<p style=\"text-align: center\"><iframe loading=\"lazy\" src=\"https:\/\/www.youtube.com\/embed\/iB-xHv3jtxQ\" width=\"100%\" height=\"500\"><\/iframe><\/p>\n<p><\/p>\n<p><a href=\"https:\/\/itmidia.com\/netflix-divulga-teaser-da-5a-temporada-de-black-mirror-e-confirma-data-de-estreia\/\">Source link <\/a><\/p>\n","protected":false},"excerpt":{"rendered":"<p>A Netflix liberou nesta quarta-feira (15\/05) o primeiro teaser da quinta temporada de &#8220;Black Mirror&#8221; e confirmou a data de estreia para 5 de junho. O v\u00eddeo mostra a participa\u00e7\u00e3o da cantora Miley Cyrus e do ator Topher Grace, mais conhecido pelo papel de Eric Forman, em &#8220;That&#8217;s 70 Show&#8221;. \u201cN\u00e3o tenho nem mais coragem [&hellip;]<\/p>\n","protected":false},"author":2,"featured_media":159,"comment_status":"open","ping_status":"open","sticky":false,"template":"","format":"standard","meta":{"footnotes":""},"categories":[3],"tags":[],"class_list":["post-158","post","type-post","status-publish","format-standard","has-post-thumbnail","hentry","category-noticias-da-midia-social"],"yoast_head":"<!-- This site is optimized with the Yoast SEO plugin v27.4 - https:\/\/yoast.com\/product\/yoast-seo-wordpress\/ -->\n<title>Netflix divulga teaser da 5\u00aa temporada de Black Mirror e confirma data de estreia - Hot News in World<\/title>\n<meta name=\"robots\" content=\"index, follow, max-snippet:-1, max-image-preview:large, max-video-preview:-1\" \/>\n<link rel=\"canonical\" href=\"https:\/\/hotnewsinworld.com\/pt\/netflix-divulga-teaser-da-5a-temporada-de-black-mirror-e-confirma-data-de-estreia\/\" \/>\n<meta property=\"og:locale\" content=\"pt_PT\" \/>\n<meta property=\"og:type\" content=\"article\" \/>\n<meta property=\"og:title\" content=\"Netflix divulga teaser da 5\u00aa temporada de Black Mirror e confirma data de estreia - Hot News in World\" \/>\n<meta property=\"og:description\" content=\"A Netflix liberou nesta quarta-feira (15\/05) o primeiro teaser da quinta temporada de &#8220;Black Mirror&#8221; e confirmou a data de estreia para 5 de junho. O v\u00eddeo mostra a participa\u00e7\u00e3o da cantora Miley Cyrus e do ator Topher Grace, mais conhecido pelo papel de Eric Forman, em &#8220;That&#8217;s 70 Show&#8221;. \u201cN\u00e3o tenho nem mais coragem [&hellip;]\" \/>\n<meta property=\"og:url\" content=\"https:\/\/hotnewsinworld.com\/pt\/netflix-divulga-teaser-da-5a-temporada-de-black-mirror-e-confirma-data-de-estreia\/\" \/>\n<meta property=\"og:site_name\" content=\"Hot News in World\" \/>\n<meta property=\"article:published_time\" content=\"2019-05-15T14:59:30+00:00\" \/>\n<meta property=\"article:modified_time\" content=\"2020-03-04T15:38:03+00:00\" \/>\n<meta property=\"og:image\" content=\"https:\/\/hotnewsinworld.com\/pt\/wp-content\/uploads\/sites\/2\/2019\/05\/Netflix-divulga-teaser-da-5\u00aa-temporada-de-Black-Mirror-e.png\" \/>\n\t<meta property=\"og:image:width\" content=\"951\" \/>\n\t<meta property=\"og:image:height\" content=\"453\" \/>\n\t<meta property=\"og:image:type\" content=\"image\/png\" \/>\n<meta name=\"author\" content=\"hotnewsinworld\" \/>\n<meta name=\"twitter:card\" content=\"summary_large_image\" \/>\n<meta name=\"twitter:label1\" content=\"Escrito por\" \/>\n\t<meta name=\"twitter:data1\" content=\"hotnewsinworld\" \/>\n\t<meta name=\"twitter:label2\" content=\"Tempo estimado de leitura\" \/>\n\t<meta name=\"twitter:data2\" content=\"1 minuto\" \/>\n<script type=\"application\/ld+json\" class=\"yoast-schema-graph\">{\"@context\":\"https:\\\/\\\/schema.org\",\"@graph\":[{\"@type\":\"Article\",\"@id\":\"https:\\\/\\\/hotnewsinworld.com\\\/pt\\\/netflix-divulga-teaser-da-5a-temporada-de-black-mirror-e-confirma-data-de-estreia\\\/#article\",\"isPartOf\":{\"@id\":\"https:\\\/\\\/hotnewsinworld.com\\\/pt\\\/netflix-divulga-teaser-da-5a-temporada-de-black-mirror-e-confirma-data-de-estreia\\\/\"},\"author\":{\"name\":\"hotnewsinworld\",\"@id\":\"https:\\\/\\\/hotnewsinworld.com\\\/pt\\\/#\\\/schema\\\/person\\\/fe61448b21c0d59086e75fcc1f9d8f6b\"},\"headline\":\"Netflix divulga teaser da 5\u00aa temporada de Black Mirror e confirma data de estreia\",\"datePublished\":\"2019-05-15T14:59:30+00:00\",\"dateModified\":\"2020-03-04T15:38:03+00:00\",\"mainEntityOfPage\":{\"@id\":\"https:\\\/\\\/hotnewsinworld.com\\\/pt\\\/netflix-divulga-teaser-da-5a-temporada-de-black-mirror-e-confirma-data-de-estreia\\\/\"},\"wordCount\":196,\"commentCount\":0,\"image\":{\"@id\":\"https:\\\/\\\/hotnewsinworld.com\\\/pt\\\/netflix-divulga-teaser-da-5a-temporada-de-black-mirror-e-confirma-data-de-estreia\\\/#primaryimage\"},\"thumbnailUrl\":\"https:\\\/\\\/hotnewsinworld.com\\\/pt\\\/wp-content\\\/uploads\\\/sites\\\/2\\\/2019\\\/05\\\/Netflix-divulga-teaser-da-5\u00aa-temporada-de-Black-Mirror-e.png\",\"articleSection\":[\"NOT\u00cdCIAS DA M\u00cdDIA SOCIAL\"],\"inLanguage\":\"pt-PT\",\"potentialAction\":[{\"@type\":\"CommentAction\",\"name\":\"Comment\",\"target\":[\"https:\\\/\\\/hotnewsinworld.com\\\/pt\\\/netflix-divulga-teaser-da-5a-temporada-de-black-mirror-e-confirma-data-de-estreia\\\/#respond\"]}]},{\"@type\":\"WebPage\",\"@id\":\"https:\\\/\\\/hotnewsinworld.com\\\/pt\\\/netflix-divulga-teaser-da-5a-temporada-de-black-mirror-e-confirma-data-de-estreia\\\/\",\"url\":\"https:\\\/\\\/hotnewsinworld.com\\\/pt\\\/netflix-divulga-teaser-da-5a-temporada-de-black-mirror-e-confirma-data-de-estreia\\\/\",\"name\":\"Netflix divulga teaser da 5\u00aa temporada de Black Mirror e confirma data de estreia - Hot News in World\",\"isPartOf\":{\"@id\":\"https:\\\/\\\/hotnewsinworld.com\\\/pt\\\/#website\"},\"primaryImageOfPage\":{\"@id\":\"https:\\\/\\\/hotnewsinworld.com\\\/pt\\\/netflix-divulga-teaser-da-5a-temporada-de-black-mirror-e-confirma-data-de-estreia\\\/#primaryimage\"},\"image\":{\"@id\":\"https:\\\/\\\/hotnewsinworld.com\\\/pt\\\/netflix-divulga-teaser-da-5a-temporada-de-black-mirror-e-confirma-data-de-estreia\\\/#primaryimage\"},\"thumbnailUrl\":\"https:\\\/\\\/hotnewsinworld.com\\\/pt\\\/wp-content\\\/uploads\\\/sites\\\/2\\\/2019\\\/05\\\/Netflix-divulga-teaser-da-5\u00aa-temporada-de-Black-Mirror-e.png\",\"datePublished\":\"2019-05-15T14:59:30+00:00\",\"dateModified\":\"2020-03-04T15:38:03+00:00\",\"author\":{\"@id\":\"https:\\\/\\\/hotnewsinworld.com\\\/pt\\\/#\\\/schema\\\/person\\\/fe61448b21c0d59086e75fcc1f9d8f6b\"},\"breadcrumb\":{\"@id\":\"https:\\\/\\\/hotnewsinworld.com\\\/pt\\\/netflix-divulga-teaser-da-5a-temporada-de-black-mirror-e-confirma-data-de-estreia\\\/#breadcrumb\"},\"inLanguage\":\"pt-PT\",\"potentialAction\":[{\"@type\":\"ReadAction\",\"target\":[\"https:\\\/\\\/hotnewsinworld.com\\\/pt\\\/netflix-divulga-teaser-da-5a-temporada-de-black-mirror-e-confirma-data-de-estreia\\\/\"]}]},{\"@type\":\"ImageObject\",\"inLanguage\":\"pt-PT\",\"@id\":\"https:\\\/\\\/hotnewsinworld.com\\\/pt\\\/netflix-divulga-teaser-da-5a-temporada-de-black-mirror-e-confirma-data-de-estreia\\\/#primaryimage\",\"url\":\"https:\\\/\\\/hotnewsinworld.com\\\/pt\\\/wp-content\\\/uploads\\\/sites\\\/2\\\/2019\\\/05\\\/Netflix-divulga-teaser-da-5\u00aa-temporada-de-Black-Mirror-e.png\",\"contentUrl\":\"https:\\\/\\\/hotnewsinworld.com\\\/pt\\\/wp-content\\\/uploads\\\/sites\\\/2\\\/2019\\\/05\\\/Netflix-divulga-teaser-da-5\u00aa-temporada-de-Black-Mirror-e.png\",\"width\":951,\"height\":453,\"caption\":\"Netflix divulga teaser da 5\u00aa temporada de Black Mirror e confirma data de estreia\"},{\"@type\":\"BreadcrumbList\",\"@id\":\"https:\\\/\\\/hotnewsinworld.com\\\/pt\\\/netflix-divulga-teaser-da-5a-temporada-de-black-mirror-e-confirma-data-de-estreia\\\/#breadcrumb\",\"itemListElement\":[{\"@type\":\"ListItem\",\"position\":1,\"name\":\"\u0413\u043b\u0430\u0432\u043d\u0430\u044f \u0441\u0442\u0440\u0430\u043d\u0438\u0446\u0430\",\"item\":\"https:\\\/\\\/hotnewsinworld.com\\\/pt\\\/\"},{\"@type\":\"ListItem\",\"position\":2,\"name\":\"Netflix divulga teaser da 5\u00aa temporada de Black Mirror e confirma data de estreia\"}]},{\"@type\":\"WebSite\",\"@id\":\"https:\\\/\\\/hotnewsinworld.com\\\/pt\\\/#website\",\"url\":\"https:\\\/\\\/hotnewsinworld.com\\\/pt\\\/\",\"name\":\"Hot News in World\",\"description\":\"Hot News in World Portugal\",\"potentialAction\":[{\"@type\":\"SearchAction\",\"target\":{\"@type\":\"EntryPoint\",\"urlTemplate\":\"https:\\\/\\\/hotnewsinworld.com\\\/pt\\\/?s={search_term_string}\"},\"query-input\":{\"@type\":\"PropertyValueSpecification\",\"valueRequired\":true,\"valueName\":\"search_term_string\"}}],\"inLanguage\":\"pt-PT\"},{\"@type\":\"Person\",\"@id\":\"https:\\\/\\\/hotnewsinworld.com\\\/pt\\\/#\\\/schema\\\/person\\\/fe61448b21c0d59086e75fcc1f9d8f6b\",\"name\":\"hotnewsinworld\",\"image\":{\"@type\":\"ImageObject\",\"inLanguage\":\"pt-PT\",\"@id\":\"https:\\\/\\\/secure.gravatar.com\\\/avatar\\\/8a09ac165600ce2e1c38fe593c63928eb1e6e7ba5c5a907d67787c41b3d00c14?s=96&d=mm&r=g\",\"url\":\"https:\\\/\\\/secure.gravatar.com\\\/avatar\\\/8a09ac165600ce2e1c38fe593c63928eb1e6e7ba5c5a907d67787c41b3d00c14?s=96&d=mm&r=g\",\"contentUrl\":\"https:\\\/\\\/secure.gravatar.com\\\/avatar\\\/8a09ac165600ce2e1c38fe593c63928eb1e6e7ba5c5a907d67787c41b3d00c14?s=96&d=mm&r=g\",\"caption\":\"hotnewsinworld\"},\"url\":\"https:\\\/\\\/hotnewsinworld.com\\\/pt\\\/author\\\/pt\\\/\"}]}<\/script>\n<!-- \/ Yoast SEO plugin. -->","yoast_head_json":{"title":"Netflix divulga teaser da 5\u00aa temporada de Black Mirror e confirma data de estreia - Hot News in World","robots":{"index":"index","follow":"follow","max-snippet":"max-snippet:-1","max-image-preview":"max-image-preview:large","max-video-preview":"max-video-preview:-1"},"canonical":"https:\/\/hotnewsinworld.com\/pt\/netflix-divulga-teaser-da-5a-temporada-de-black-mirror-e-confirma-data-de-estreia\/","og_locale":"pt_PT","og_type":"article","og_title":"Netflix divulga teaser da 5\u00aa temporada de Black Mirror e confirma data de estreia - Hot News in World","og_description":"A Netflix liberou nesta quarta-feira (15\/05) o primeiro teaser da quinta temporada de &#8220;Black Mirror&#8221; e confirmou a data de estreia para 5 de junho. O v\u00eddeo mostra a participa\u00e7\u00e3o da cantora Miley Cyrus e do ator Topher Grace, mais conhecido pelo papel de Eric Forman, em &#8220;That&#8217;s 70 Show&#8221;. \u201cN\u00e3o tenho nem mais coragem [&hellip;]","og_url":"https:\/\/hotnewsinworld.com\/pt\/netflix-divulga-teaser-da-5a-temporada-de-black-mirror-e-confirma-data-de-estreia\/","og_site_name":"Hot News in World","article_published_time":"2019-05-15T14:59:30+00:00","article_modified_time":"2020-03-04T15:38:03+00:00","og_image":[{"width":951,"height":453,"url":"https:\/\/hotnewsinworld.com\/pt\/wp-content\/uploads\/sites\/2\/2019\/05\/Netflix-divulga-teaser-da-5\u00aa-temporada-de-Black-Mirror-e.png","type":"image\/png"}],"author":"hotnewsinworld","twitter_card":"summary_large_image","twitter_misc":{"Escrito por":"hotnewsinworld","Tempo estimado de leitura":"1 minuto"},"schema":{"@context":"https:\/\/schema.org","@graph":[{"@type":"Article","@id":"https:\/\/hotnewsinworld.com\/pt\/netflix-divulga-teaser-da-5a-temporada-de-black-mirror-e-confirma-data-de-estreia\/#article","isPartOf":{"@id":"https:\/\/hotnewsinworld.com\/pt\/netflix-divulga-teaser-da-5a-temporada-de-black-mirror-e-confirma-data-de-estreia\/"},"author":{"name":"hotnewsinworld","@id":"https:\/\/hotnewsinworld.com\/pt\/#\/schema\/person\/fe61448b21c0d59086e75fcc1f9d8f6b"},"headline":"Netflix divulga teaser da 5\u00aa temporada de Black Mirror e confirma data de estreia","datePublished":"2019-05-15T14:59:30+00:00","dateModified":"2020-03-04T15:38:03+00:00","mainEntityOfPage":{"@id":"https:\/\/hotnewsinworld.com\/pt\/netflix-divulga-teaser-da-5a-temporada-de-black-mirror-e-confirma-data-de-estreia\/"},"wordCount":196,"commentCount":0,"image":{"@id":"https:\/\/hotnewsinworld.com\/pt\/netflix-divulga-teaser-da-5a-temporada-de-black-mirror-e-confirma-data-de-estreia\/#primaryimage"},"thumbnailUrl":"https:\/\/hotnewsinworld.com\/pt\/wp-content\/uploads\/sites\/2\/2019\/05\/Netflix-divulga-teaser-da-5\u00aa-temporada-de-Black-Mirror-e.png","articleSection":["NOT\u00cdCIAS DA M\u00cdDIA SOCIAL"],"inLanguage":"pt-PT","potentialAction":[{"@type":"CommentAction","name":"Comment","target":["https:\/\/hotnewsinworld.com\/pt\/netflix-divulga-teaser-da-5a-temporada-de-black-mirror-e-confirma-data-de-estreia\/#respond"]}]},{"@type":"WebPage","@id":"https:\/\/hotnewsinworld.com\/pt\/netflix-divulga-teaser-da-5a-temporada-de-black-mirror-e-confirma-data-de-estreia\/","url":"https:\/\/hotnewsinworld.com\/pt\/netflix-divulga-teaser-da-5a-temporada-de-black-mirror-e-confirma-data-de-estreia\/","name":"Netflix divulga teaser da 5\u00aa temporada de Black Mirror e confirma data de estreia - Hot News in World","isPartOf":{"@id":"https:\/\/hotnewsinworld.com\/pt\/#website"},"primaryImageOfPage":{"@id":"https:\/\/hotnewsinworld.com\/pt\/netflix-divulga-teaser-da-5a-temporada-de-black-mirror-e-confirma-data-de-estreia\/#primaryimage"},"image":{"@id":"https:\/\/hotnewsinworld.com\/pt\/netflix-divulga-teaser-da-5a-temporada-de-black-mirror-e-confirma-data-de-estreia\/#primaryimage"},"thumbnailUrl":"https:\/\/hotnewsinworld.com\/pt\/wp-content\/uploads\/sites\/2\/2019\/05\/Netflix-divulga-teaser-da-5\u00aa-temporada-de-Black-Mirror-e.png","datePublished":"2019-05-15T14:59:30+00:00","dateModified":"2020-03-04T15:38:03+00:00","author":{"@id":"https:\/\/hotnewsinworld.com\/pt\/#\/schema\/person\/fe61448b21c0d59086e75fcc1f9d8f6b"},"breadcrumb":{"@id":"https:\/\/hotnewsinworld.com\/pt\/netflix-divulga-teaser-da-5a-temporada-de-black-mirror-e-confirma-data-de-estreia\/#breadcrumb"},"inLanguage":"pt-PT","potentialAction":[{"@type":"ReadAction","target":["https:\/\/hotnewsinworld.com\/pt\/netflix-divulga-teaser-da-5a-temporada-de-black-mirror-e-confirma-data-de-estreia\/"]}]},{"@type":"ImageObject","inLanguage":"pt-PT","@id":"https:\/\/hotnewsinworld.com\/pt\/netflix-divulga-teaser-da-5a-temporada-de-black-mirror-e-confirma-data-de-estreia\/#primaryimage","url":"https:\/\/hotnewsinworld.com\/pt\/wp-content\/uploads\/sites\/2\/2019\/05\/Netflix-divulga-teaser-da-5\u00aa-temporada-de-Black-Mirror-e.png","contentUrl":"https:\/\/hotnewsinworld.com\/pt\/wp-content\/uploads\/sites\/2\/2019\/05\/Netflix-divulga-teaser-da-5\u00aa-temporada-de-Black-Mirror-e.png","width":951,"height":453,"caption":"Netflix divulga teaser da 5\u00aa temporada de Black Mirror e confirma data de estreia"},{"@type":"BreadcrumbList","@id":"https:\/\/hotnewsinworld.com\/pt\/netflix-divulga-teaser-da-5a-temporada-de-black-mirror-e-confirma-data-de-estreia\/#breadcrumb","itemListElement":[{"@type":"ListItem","position":1,"name":"\u0413\u043b\u0430\u0432\u043d\u0430\u044f \u0441\u0442\u0440\u0430\u043d\u0438\u0446\u0430","item":"https:\/\/hotnewsinworld.com\/pt\/"},{"@type":"ListItem","position":2,"name":"Netflix divulga teaser da 5\u00aa temporada de Black Mirror e confirma data de estreia"}]},{"@type":"WebSite","@id":"https:\/\/hotnewsinworld.com\/pt\/#website","url":"https:\/\/hotnewsinworld.com\/pt\/","name":"Hot News in World","description":"Hot News in World Portugal","potentialAction":[{"@type":"SearchAction","target":{"@type":"EntryPoint","urlTemplate":"https:\/\/hotnewsinworld.com\/pt\/?s={search_term_string}"},"query-input":{"@type":"PropertyValueSpecification","valueRequired":true,"valueName":"search_term_string"}}],"inLanguage":"pt-PT"},{"@type":"Person","@id":"https:\/\/hotnewsinworld.com\/pt\/#\/schema\/person\/fe61448b21c0d59086e75fcc1f9d8f6b","name":"hotnewsinworld","image":{"@type":"ImageObject","inLanguage":"pt-PT","@id":"https:\/\/secure.gravatar.com\/avatar\/8a09ac165600ce2e1c38fe593c63928eb1e6e7ba5c5a907d67787c41b3d00c14?s=96&d=mm&r=g","url":"https:\/\/secure.gravatar.com\/avatar\/8a09ac165600ce2e1c38fe593c63928eb1e6e7ba5c5a907d67787c41b3d00c14?s=96&d=mm&r=g","contentUrl":"https:\/\/secure.gravatar.com\/avatar\/8a09ac165600ce2e1c38fe593c63928eb1e6e7ba5c5a907d67787c41b3d00c14?s=96&d=mm&r=g","caption":"hotnewsinworld"},"url":"https:\/\/hotnewsinworld.com\/pt\/author\/pt\/"}]}},"_links":{"self":[{"href":"https:\/\/hotnewsinworld.com\/pt\/wp-json\/wp\/v2\/posts\/158","targetHints":{"allow":["GET"]}}],"collection":[{"href":"https:\/\/hotnewsinworld.com\/pt\/wp-json\/wp\/v2\/posts"}],"about":[{"href":"https:\/\/hotnewsinworld.com\/pt\/wp-json\/wp\/v2\/types\/post"}],"author":[{"embeddable":true,"href":"https:\/\/hotnewsinworld.com\/pt\/wp-json\/wp\/v2\/users\/2"}],"replies":[{"embeddable":true,"href":"https:\/\/hotnewsinworld.com\/pt\/wp-json\/wp\/v2\/comments?post=158"}],"version-history":[{"count":2,"href":"https:\/\/hotnewsinworld.com\/pt\/wp-json\/wp\/v2\/posts\/158\/revisions"}],"predecessor-version":[{"id":2189,"href":"https:\/\/hotnewsinworld.com\/pt\/wp-json\/wp\/v2\/posts\/158\/revisions\/2189"}],"wp:featuredmedia":[{"embeddable":true,"href":"https:\/\/hotnewsinworld.com\/pt\/wp-json\/wp\/v2\/media\/159"}],"wp:attachment":[{"href":"https:\/\/hotnewsinworld.com\/pt\/wp-json\/wp\/v2\/media?parent=158"}],"wp:term":[{"taxonomy":"category","embeddable":true,"href":"https:\/\/hotnewsinworld.com\/pt\/wp-json\/wp\/v2\/categories?post=158"},{"taxonomy":"post_tag","embeddable":true,"href":"https:\/\/hotnewsinworld.com\/pt\/wp-json\/wp\/v2\/tags?post=158"}],"curies":[{"name":"wp","href":"https:\/\/api.w.org\/{rel}","templated":true}]}}