{"id":2582,"date":"2020-11-21T19:48:35","date_gmt":"2020-11-21T16:48:35","guid":{"rendered":"https:\/\/hotnewsinworld.com\/pt\/queixas-portuguesas-ao-leilao-de-5g-estao-a-ser-avaliadas-em-bruxelas\/"},"modified":"2020-11-21T19:48:37","modified_gmt":"2020-11-21T16:48:37","slug":"queixas-portuguesas-ao-leilao-de-5g-estao-a-ser-avaliadas-em-bruxelas","status":"publish","type":"post","link":"https:\/\/hotnewsinworld.com\/pt\/queixas-portuguesas-ao-leilao-de-5g-estao-a-ser-avaliadas-em-bruxelas\/","title":{"rendered":"Queixas portuguesas ao leil\u00e3o de 5G est\u00e3o a ser avaliadas em Bruxelas"},"content":{"rendered":"<p>Alexandra Lu\u00eds e Ana Matos NevesHoje\u00a0\u00e0s\u00a010:02Bruxelas est\u00e1 a avaliar as queixas recebidas sobre o processo do leil\u00e3o de 5G em Portugal e garante estar &#8220;em contacto com as autoridades portuguesas&#8221;, mas n\u00e3o revela o seu conte\u00fado, nem avan\u00e7a com uma previs\u00e3o do resultado.Questionada pela Lusa sobre o 5G em Portugal, que est\u00e1 a ser marcado por uma &#8216;guerra&#8217; entre operadores e regulador Anacom, fonte oficial do executivo comunit\u00e1rio disse \u00e0 Lusa que Bruxelas &#8220;recebeu queixas sobre este assunto e est\u00e1 a avaliar de acordo com os seus procedimentos padr\u00e3o&#8221;.A mesma fonte disse que est\u00e1 &#8220;em contacto com as autoridades portuguesas&#8221;, escusando-se a avan\u00e7ar mais detalhes.&#8221;N\u00e3o podemos comentar mais sobre o conte\u00fado desses contactos, nem prever o seu resultado&#8221;, concluiu a mesma fonte.Os operadores de telecomunica\u00e7\u00f5es tinham apresentado queixas a Bruxelas sobre eventuais ajudas indevidas do Estado no projeto de regulamento, o qual previa o desconto de 25% na compra de espectro por novos entrantes.Entretanto, o regulamento final do leil\u00e3o, divulgado no in\u00edcio deste m\u00eas, retirou aquele desconto para os novos entrantes, tendo imposto obriga\u00e7\u00f5es de cobertura que n\u00e3o existiam no projeto, mas manteve a obrigatoriedade de &#8216;roaming&#8217; nacional, que \u00e9 contestado pelos operadores.O Dinheiro Vivo noticiou na passada segunda-feira que o Governo j\u00e1 respondeu a Bruxelas, sendo que o pedido de informa\u00e7\u00e3o \u00e9 sobre o projeto de regulamento e n\u00e3o o regulamento final.Portugal arrisca-se a assumir a presid\u00eancia europeia com o dossi\u00ea do 5G em suspenso, na sequ\u00eancia da &#8216;guerra&#8217; entre operadores e regulador em torno desta, com v\u00e1rios processos em tribunal da parte das empresas do setor.A NOS, por exemplo, tem v\u00e1rios processos na Justi\u00e7a por causa do 5G, entre eles uma provid\u00eancia cautelar contra as regras do leil\u00e3o, que se for aceite pode suspender o processo.&#8221;Isto \u00e9 tudo muito irrevers\u00edvel, sabe como \u00e9 que funciona a Justi\u00e7a em Portugal. Podemos ter raz\u00e3o, mas ter raz\u00e3o daqui a oito anos o que vai mudar de fundamental no 5G na economia digital? Nada&#8221;, comentou o presidente executivo da NOS, em entrevista \u00e0 Lusa divulgada na sexta-feira.Na segunda-feira, o presidente executivo da Vodafone Portugal, M\u00e1rio Vaz afirmou que a falta de &#8220;intelig\u00eancia estrat\u00e9gica prejudica o futuro de forma irrevers\u00edvel&#8221;, sendo o leil\u00e3o do 5G o exemplo disso, manifestando &#8220;esperan\u00e7a&#8221; de que o rumo mude.J\u00e1 o presidente da Altice Portugal, Alexandre Fonseca, afirmou no mesmo dia que a empresa est\u00e1 a equacionar se faz sentido participar no leil\u00e3o do 5G e que vai &#8220;obviamente optar pelo caminho da litig\u00e2ncia&#8221;, tecendo duras cr\u00edticas \u00e0 Autoridade Nacional de Comunica\u00e7\u00f5es (Anacom).Por sua vez, o presidente da Anacom, Jo\u00e3o Cadete de Matos, espera que &#8220;todos os que estejam interessados em investir&#8221; no 5G &#8220;apresentem candidaturas&#8221; e salientou que no leil\u00e3o anterior houve condi\u00e7\u00f5es, em alguns casos, &#8220;mais incentivadoras&#8221; que no atual.O prazo para a apresenta\u00e7\u00e3o de candidaturas ao leil\u00e3o do 5G termina no pr\u00f3ximo dia 27 de novembro, com duas empresas confirmadas: Nowo e NOS.&#8221;\u00c9 evidente que n\u00f3s vamos participar no leil\u00e3o, vamos qualificar, vamos inscrever, vamos participar&#8221;, mas &#8220;tamb\u00e9m dou outra garantia: \u00e9 evidente que vamos reduzir o investimento&#8221;, asseverou Miguel Almeida, que est\u00e1 no setor das telecomunica\u00e7\u00f5es h\u00e1 duas d\u00e9cadas.Espera-se que a atribui\u00e7\u00e3o das licen\u00e7as 5G em Portugal decorra durante o primeiro trimestre de 2021, em plena presid\u00eancia portuguesa.A divulga\u00e7\u00e3o do regulamento do leil\u00e3o pela Anacom foi acompanhada de fortes cr\u00edticas da Altice Portugal, NOS e Vodafone Portugal ao regulador, bem como do aumento da litig\u00e2ncia e an\u00fancio de suspens\u00e3o de investimentos.*Ag\u00eancia Lusa<br \/>\n<br \/>\n<!--noindex--><br \/>\n<a href=\"http:\/\/feeds.jn.pt\/~r\/JN-ECONOMIA\/~3\/ay4lcJo0gh8\/queixas-portuguesas-ao-leilao-de-5g-estao-a-ser-avaliadas-em-bruxelas-13060117.html\" rel=\"nofollow\">Source link <\/a><br \/>\n<!--\/noindex--><\/p>\n","protected":false},"excerpt":{"rendered":"<p>Alexandra Lu\u00eds e Ana Matos NevesHoje\u00a0\u00e0s\u00a010:02Bruxelas est\u00e1 a avaliar as queixas recebidas sobre o processo do leil\u00e3o de 5G em Portugal e garante estar &#8220;em contacto com as autoridades portuguesas&#8221;, mas n\u00e3o revela o seu conte\u00fado, nem avan\u00e7a com uma previs\u00e3o do resultado.Questionada pela Lusa sobre o 5G em Portugal, que est\u00e1 a ser marcado [&hellip;]<\/p>\n","protected":false},"author":2,"featured_media":2583,"comment_status":"open","ping_status":"open","sticky":false,"template":"","format":"standard","meta":{"footnotes":""},"categories":[1],"tags":[],"class_list":["post-2582","post","type-post","status-publish","format-standard","has-post-thumbnail","hentry","category-ultimas-noticias-financeiras"],"yoast_head":"<!-- This site is optimized with the Yoast SEO plugin v27.4 - https:\/\/yoast.com\/product\/yoast-seo-wordpress\/ -->\n<title>Queixas portuguesas ao leil\u00e3o de 5G est\u00e3o a ser avaliadas em Bruxelas - Hot News in World<\/title>\n<meta name=\"robots\" content=\"index, follow, max-snippet:-1, max-image-preview:large, max-video-preview:-1\" \/>\n<link rel=\"canonical\" href=\"https:\/\/hotnewsinworld.com\/pt\/queixas-portuguesas-ao-leilao-de-5g-estao-a-ser-avaliadas-em-bruxelas\/\" \/>\n<meta property=\"og:locale\" content=\"pt_PT\" \/>\n<meta property=\"og:type\" content=\"article\" \/>\n<meta property=\"og:title\" content=\"Queixas portuguesas ao leil\u00e3o de 5G est\u00e3o a ser avaliadas em Bruxelas - Hot News in World\" \/>\n<meta property=\"og:description\" content=\"Alexandra Lu\u00eds e Ana Matos NevesHoje\u00a0\u00e0s\u00a010:02Bruxelas est\u00e1 a avaliar as queixas recebidas sobre o processo do leil\u00e3o de 5G em Portugal e garante estar &#8220;em contacto com as autoridades portuguesas&#8221;, mas n\u00e3o revela o seu conte\u00fado, nem avan\u00e7a com uma previs\u00e3o do resultado.Questionada pela Lusa sobre o 5G em Portugal, que est\u00e1 a ser marcado [&hellip;]\" \/>\n<meta property=\"og:url\" content=\"https:\/\/hotnewsinworld.com\/pt\/queixas-portuguesas-ao-leilao-de-5g-estao-a-ser-avaliadas-em-bruxelas\/\" \/>\n<meta property=\"og:site_name\" content=\"Hot News in World\" \/>\n<meta property=\"article:published_time\" content=\"2020-11-21T16:48:35+00:00\" \/>\n<meta property=\"article:modified_time\" content=\"2020-11-21T16:48:37+00:00\" \/>\n<meta property=\"og:image\" content=\"https:\/\/hotnewsinworld.com\/pt\/wp-content\/uploads\/sites\/2\/2020\/11\/Queixas-portuguesas-ao-leilao-de-5G-estao-a-ser-avaliadas.aspx.jpeg\" \/>\n\t<meta property=\"og:image:width\" content=\"800\" \/>\n\t<meta property=\"og:image:height\" content=\"420\" \/>\n\t<meta property=\"og:image:type\" content=\"image\/jpeg\" \/>\n<meta name=\"author\" content=\"hotnewsinworld\" \/>\n<meta name=\"twitter:card\" content=\"summary_large_image\" \/>\n<meta name=\"twitter:label1\" content=\"Escrito por\" \/>\n\t<meta name=\"twitter:data1\" content=\"hotnewsinworld\" \/>\n\t<meta name=\"twitter:label2\" content=\"Tempo estimado de leitura\" \/>\n\t<meta name=\"twitter:data2\" content=\"3 minutos\" \/>\n<script type=\"application\/ld+json\" class=\"yoast-schema-graph\">{\"@context\":\"https:\\\/\\\/schema.org\",\"@graph\":[{\"@type\":\"Article\",\"@id\":\"https:\\\/\\\/hotnewsinworld.com\\\/pt\\\/queixas-portuguesas-ao-leilao-de-5g-estao-a-ser-avaliadas-em-bruxelas\\\/#article\",\"isPartOf\":{\"@id\":\"https:\\\/\\\/hotnewsinworld.com\\\/pt\\\/queixas-portuguesas-ao-leilao-de-5g-estao-a-ser-avaliadas-em-bruxelas\\\/\"},\"author\":{\"name\":\"hotnewsinworld\",\"@id\":\"https:\\\/\\\/hotnewsinworld.com\\\/pt\\\/#\\\/schema\\\/person\\\/fe61448b21c0d59086e75fcc1f9d8f6b\"},\"headline\":\"Queixas portuguesas ao leil\u00e3o de 5G est\u00e3o a ser avaliadas em Bruxelas\",\"datePublished\":\"2020-11-21T16:48:35+00:00\",\"dateModified\":\"2020-11-21T16:48:37+00:00\",\"mainEntityOfPage\":{\"@id\":\"https:\\\/\\\/hotnewsinworld.com\\\/pt\\\/queixas-portuguesas-ao-leilao-de-5g-estao-a-ser-avaliadas-em-bruxelas\\\/\"},\"wordCount\":653,\"commentCount\":0,\"image\":{\"@id\":\"https:\\\/\\\/hotnewsinworld.com\\\/pt\\\/queixas-portuguesas-ao-leilao-de-5g-estao-a-ser-avaliadas-em-bruxelas\\\/#primaryimage\"},\"thumbnailUrl\":\"https:\\\/\\\/hotnewsinworld.com\\\/pt\\\/wp-content\\\/uploads\\\/sites\\\/2\\\/2020\\\/11\\\/Queixas-portuguesas-ao-leilao-de-5G-estao-a-ser-avaliadas.aspx.jpeg\",\"articleSection\":[\"\u00daLTIMAS NOT\u00cdCIAS FINANCEIRAS\"],\"inLanguage\":\"pt-PT\",\"potentialAction\":[{\"@type\":\"CommentAction\",\"name\":\"Comment\",\"target\":[\"https:\\\/\\\/hotnewsinworld.com\\\/pt\\\/queixas-portuguesas-ao-leilao-de-5g-estao-a-ser-avaliadas-em-bruxelas\\\/#respond\"]}]},{\"@type\":\"WebPage\",\"@id\":\"https:\\\/\\\/hotnewsinworld.com\\\/pt\\\/queixas-portuguesas-ao-leilao-de-5g-estao-a-ser-avaliadas-em-bruxelas\\\/\",\"url\":\"https:\\\/\\\/hotnewsinworld.com\\\/pt\\\/queixas-portuguesas-ao-leilao-de-5g-estao-a-ser-avaliadas-em-bruxelas\\\/\",\"name\":\"Queixas portuguesas ao leil\u00e3o de 5G est\u00e3o a ser avaliadas em Bruxelas - Hot News in World\",\"isPartOf\":{\"@id\":\"https:\\\/\\\/hotnewsinworld.com\\\/pt\\\/#website\"},\"primaryImageOfPage\":{\"@id\":\"https:\\\/\\\/hotnewsinworld.com\\\/pt\\\/queixas-portuguesas-ao-leilao-de-5g-estao-a-ser-avaliadas-em-bruxelas\\\/#primaryimage\"},\"image\":{\"@id\":\"https:\\\/\\\/hotnewsinworld.com\\\/pt\\\/queixas-portuguesas-ao-leilao-de-5g-estao-a-ser-avaliadas-em-bruxelas\\\/#primaryimage\"},\"thumbnailUrl\":\"https:\\\/\\\/hotnewsinworld.com\\\/pt\\\/wp-content\\\/uploads\\\/sites\\\/2\\\/2020\\\/11\\\/Queixas-portuguesas-ao-leilao-de-5G-estao-a-ser-avaliadas.aspx.jpeg\",\"datePublished\":\"2020-11-21T16:48:35+00:00\",\"dateModified\":\"2020-11-21T16:48:37+00:00\",\"author\":{\"@id\":\"https:\\\/\\\/hotnewsinworld.com\\\/pt\\\/#\\\/schema\\\/person\\\/fe61448b21c0d59086e75fcc1f9d8f6b\"},\"breadcrumb\":{\"@id\":\"https:\\\/\\\/hotnewsinworld.com\\\/pt\\\/queixas-portuguesas-ao-leilao-de-5g-estao-a-ser-avaliadas-em-bruxelas\\\/#breadcrumb\"},\"inLanguage\":\"pt-PT\",\"potentialAction\":[{\"@type\":\"ReadAction\",\"target\":[\"https:\\\/\\\/hotnewsinworld.com\\\/pt\\\/queixas-portuguesas-ao-leilao-de-5g-estao-a-ser-avaliadas-em-bruxelas\\\/\"]}]},{\"@type\":\"ImageObject\",\"inLanguage\":\"pt-PT\",\"@id\":\"https:\\\/\\\/hotnewsinworld.com\\\/pt\\\/queixas-portuguesas-ao-leilao-de-5g-estao-a-ser-avaliadas-em-bruxelas\\\/#primaryimage\",\"url\":\"https:\\\/\\\/hotnewsinworld.com\\\/pt\\\/wp-content\\\/uploads\\\/sites\\\/2\\\/2020\\\/11\\\/Queixas-portuguesas-ao-leilao-de-5G-estao-a-ser-avaliadas.aspx.jpeg\",\"contentUrl\":\"https:\\\/\\\/hotnewsinworld.com\\\/pt\\\/wp-content\\\/uploads\\\/sites\\\/2\\\/2020\\\/11\\\/Queixas-portuguesas-ao-leilao-de-5G-estao-a-ser-avaliadas.aspx.jpeg\",\"width\":800,\"height\":420,\"caption\":\"Queixas portuguesas ao leil\u00e3o de 5G est\u00e3o a ser avaliadas em Bruxelas\"},{\"@type\":\"BreadcrumbList\",\"@id\":\"https:\\\/\\\/hotnewsinworld.com\\\/pt\\\/queixas-portuguesas-ao-leilao-de-5g-estao-a-ser-avaliadas-em-bruxelas\\\/#breadcrumb\",\"itemListElement\":[{\"@type\":\"ListItem\",\"position\":1,\"name\":\"\u0413\u043b\u0430\u0432\u043d\u0430\u044f \u0441\u0442\u0440\u0430\u043d\u0438\u0446\u0430\",\"item\":\"https:\\\/\\\/hotnewsinworld.com\\\/pt\\\/\"},{\"@type\":\"ListItem\",\"position\":2,\"name\":\"Queixas portuguesas ao leil\u00e3o de 5G est\u00e3o a ser avaliadas em Bruxelas\"}]},{\"@type\":\"WebSite\",\"@id\":\"https:\\\/\\\/hotnewsinworld.com\\\/pt\\\/#website\",\"url\":\"https:\\\/\\\/hotnewsinworld.com\\\/pt\\\/\",\"name\":\"Hot News in World\",\"description\":\"Hot News in World Portugal\",\"potentialAction\":[{\"@type\":\"SearchAction\",\"target\":{\"@type\":\"EntryPoint\",\"urlTemplate\":\"https:\\\/\\\/hotnewsinworld.com\\\/pt\\\/?s={search_term_string}\"},\"query-input\":{\"@type\":\"PropertyValueSpecification\",\"valueRequired\":true,\"valueName\":\"search_term_string\"}}],\"inLanguage\":\"pt-PT\"},{\"@type\":\"Person\",\"@id\":\"https:\\\/\\\/hotnewsinworld.com\\\/pt\\\/#\\\/schema\\\/person\\\/fe61448b21c0d59086e75fcc1f9d8f6b\",\"name\":\"hotnewsinworld\",\"image\":{\"@type\":\"ImageObject\",\"inLanguage\":\"pt-PT\",\"@id\":\"https:\\\/\\\/secure.gravatar.com\\\/avatar\\\/8a09ac165600ce2e1c38fe593c63928eb1e6e7ba5c5a907d67787c41b3d00c14?s=96&d=mm&r=g\",\"url\":\"https:\\\/\\\/secure.gravatar.com\\\/avatar\\\/8a09ac165600ce2e1c38fe593c63928eb1e6e7ba5c5a907d67787c41b3d00c14?s=96&d=mm&r=g\",\"contentUrl\":\"https:\\\/\\\/secure.gravatar.com\\\/avatar\\\/8a09ac165600ce2e1c38fe593c63928eb1e6e7ba5c5a907d67787c41b3d00c14?s=96&d=mm&r=g\",\"caption\":\"hotnewsinworld\"},\"url\":\"https:\\\/\\\/hotnewsinworld.com\\\/pt\\\/author\\\/pt\\\/\"}]}<\/script>\n<!-- \/ Yoast SEO plugin. -->","yoast_head_json":{"title":"Queixas portuguesas ao leil\u00e3o de 5G est\u00e3o a ser avaliadas em Bruxelas - Hot News in World","robots":{"index":"index","follow":"follow","max-snippet":"max-snippet:-1","max-image-preview":"max-image-preview:large","max-video-preview":"max-video-preview:-1"},"canonical":"https:\/\/hotnewsinworld.com\/pt\/queixas-portuguesas-ao-leilao-de-5g-estao-a-ser-avaliadas-em-bruxelas\/","og_locale":"pt_PT","og_type":"article","og_title":"Queixas portuguesas ao leil\u00e3o de 5G est\u00e3o a ser avaliadas em Bruxelas - Hot News in World","og_description":"Alexandra Lu\u00eds e Ana Matos NevesHoje\u00a0\u00e0s\u00a010:02Bruxelas est\u00e1 a avaliar as queixas recebidas sobre o processo do leil\u00e3o de 5G em Portugal e garante estar &#8220;em contacto com as autoridades portuguesas&#8221;, mas n\u00e3o revela o seu conte\u00fado, nem avan\u00e7a com uma previs\u00e3o do resultado.Questionada pela Lusa sobre o 5G em Portugal, que est\u00e1 a ser marcado [&hellip;]","og_url":"https:\/\/hotnewsinworld.com\/pt\/queixas-portuguesas-ao-leilao-de-5g-estao-a-ser-avaliadas-em-bruxelas\/","og_site_name":"Hot News in World","article_published_time":"2020-11-21T16:48:35+00:00","article_modified_time":"2020-11-21T16:48:37+00:00","og_image":[{"width":800,"height":420,"url":"https:\/\/hotnewsinworld.com\/pt\/wp-content\/uploads\/sites\/2\/2020\/11\/Queixas-portuguesas-ao-leilao-de-5G-estao-a-ser-avaliadas.aspx.jpeg","type":"image\/jpeg"}],"author":"hotnewsinworld","twitter_card":"summary_large_image","twitter_misc":{"Escrito por":"hotnewsinworld","Tempo estimado de leitura":"3 minutos"},"schema":{"@context":"https:\/\/schema.org","@graph":[{"@type":"Article","@id":"https:\/\/hotnewsinworld.com\/pt\/queixas-portuguesas-ao-leilao-de-5g-estao-a-ser-avaliadas-em-bruxelas\/#article","isPartOf":{"@id":"https:\/\/hotnewsinworld.com\/pt\/queixas-portuguesas-ao-leilao-de-5g-estao-a-ser-avaliadas-em-bruxelas\/"},"author":{"name":"hotnewsinworld","@id":"https:\/\/hotnewsinworld.com\/pt\/#\/schema\/person\/fe61448b21c0d59086e75fcc1f9d8f6b"},"headline":"Queixas portuguesas ao leil\u00e3o de 5G est\u00e3o a ser avaliadas em Bruxelas","datePublished":"2020-11-21T16:48:35+00:00","dateModified":"2020-11-21T16:48:37+00:00","mainEntityOfPage":{"@id":"https:\/\/hotnewsinworld.com\/pt\/queixas-portuguesas-ao-leilao-de-5g-estao-a-ser-avaliadas-em-bruxelas\/"},"wordCount":653,"commentCount":0,"image":{"@id":"https:\/\/hotnewsinworld.com\/pt\/queixas-portuguesas-ao-leilao-de-5g-estao-a-ser-avaliadas-em-bruxelas\/#primaryimage"},"thumbnailUrl":"https:\/\/hotnewsinworld.com\/pt\/wp-content\/uploads\/sites\/2\/2020\/11\/Queixas-portuguesas-ao-leilao-de-5G-estao-a-ser-avaliadas.aspx.jpeg","articleSection":["\u00daLTIMAS NOT\u00cdCIAS FINANCEIRAS"],"inLanguage":"pt-PT","potentialAction":[{"@type":"CommentAction","name":"Comment","target":["https:\/\/hotnewsinworld.com\/pt\/queixas-portuguesas-ao-leilao-de-5g-estao-a-ser-avaliadas-em-bruxelas\/#respond"]}]},{"@type":"WebPage","@id":"https:\/\/hotnewsinworld.com\/pt\/queixas-portuguesas-ao-leilao-de-5g-estao-a-ser-avaliadas-em-bruxelas\/","url":"https:\/\/hotnewsinworld.com\/pt\/queixas-portuguesas-ao-leilao-de-5g-estao-a-ser-avaliadas-em-bruxelas\/","name":"Queixas portuguesas ao leil\u00e3o de 5G est\u00e3o a ser avaliadas em Bruxelas - Hot News in World","isPartOf":{"@id":"https:\/\/hotnewsinworld.com\/pt\/#website"},"primaryImageOfPage":{"@id":"https:\/\/hotnewsinworld.com\/pt\/queixas-portuguesas-ao-leilao-de-5g-estao-a-ser-avaliadas-em-bruxelas\/#primaryimage"},"image":{"@id":"https:\/\/hotnewsinworld.com\/pt\/queixas-portuguesas-ao-leilao-de-5g-estao-a-ser-avaliadas-em-bruxelas\/#primaryimage"},"thumbnailUrl":"https:\/\/hotnewsinworld.com\/pt\/wp-content\/uploads\/sites\/2\/2020\/11\/Queixas-portuguesas-ao-leilao-de-5G-estao-a-ser-avaliadas.aspx.jpeg","datePublished":"2020-11-21T16:48:35+00:00","dateModified":"2020-11-21T16:48:37+00:00","author":{"@id":"https:\/\/hotnewsinworld.com\/pt\/#\/schema\/person\/fe61448b21c0d59086e75fcc1f9d8f6b"},"breadcrumb":{"@id":"https:\/\/hotnewsinworld.com\/pt\/queixas-portuguesas-ao-leilao-de-5g-estao-a-ser-avaliadas-em-bruxelas\/#breadcrumb"},"inLanguage":"pt-PT","potentialAction":[{"@type":"ReadAction","target":["https:\/\/hotnewsinworld.com\/pt\/queixas-portuguesas-ao-leilao-de-5g-estao-a-ser-avaliadas-em-bruxelas\/"]}]},{"@type":"ImageObject","inLanguage":"pt-PT","@id":"https:\/\/hotnewsinworld.com\/pt\/queixas-portuguesas-ao-leilao-de-5g-estao-a-ser-avaliadas-em-bruxelas\/#primaryimage","url":"https:\/\/hotnewsinworld.com\/pt\/wp-content\/uploads\/sites\/2\/2020\/11\/Queixas-portuguesas-ao-leilao-de-5G-estao-a-ser-avaliadas.aspx.jpeg","contentUrl":"https:\/\/hotnewsinworld.com\/pt\/wp-content\/uploads\/sites\/2\/2020\/11\/Queixas-portuguesas-ao-leilao-de-5G-estao-a-ser-avaliadas.aspx.jpeg","width":800,"height":420,"caption":"Queixas portuguesas ao leil\u00e3o de 5G est\u00e3o a ser avaliadas em Bruxelas"},{"@type":"BreadcrumbList","@id":"https:\/\/hotnewsinworld.com\/pt\/queixas-portuguesas-ao-leilao-de-5g-estao-a-ser-avaliadas-em-bruxelas\/#breadcrumb","itemListElement":[{"@type":"ListItem","position":1,"name":"\u0413\u043b\u0430\u0432\u043d\u0430\u044f \u0441\u0442\u0440\u0430\u043d\u0438\u0446\u0430","item":"https:\/\/hotnewsinworld.com\/pt\/"},{"@type":"ListItem","position":2,"name":"Queixas portuguesas ao leil\u00e3o de 5G est\u00e3o a ser avaliadas em Bruxelas"}]},{"@type":"WebSite","@id":"https:\/\/hotnewsinworld.com\/pt\/#website","url":"https:\/\/hotnewsinworld.com\/pt\/","name":"Hot News in World","description":"Hot News in World Portugal","potentialAction":[{"@type":"SearchAction","target":{"@type":"EntryPoint","urlTemplate":"https:\/\/hotnewsinworld.com\/pt\/?s={search_term_string}"},"query-input":{"@type":"PropertyValueSpecification","valueRequired":true,"valueName":"search_term_string"}}],"inLanguage":"pt-PT"},{"@type":"Person","@id":"https:\/\/hotnewsinworld.com\/pt\/#\/schema\/person\/fe61448b21c0d59086e75fcc1f9d8f6b","name":"hotnewsinworld","image":{"@type":"ImageObject","inLanguage":"pt-PT","@id":"https:\/\/secure.gravatar.com\/avatar\/8a09ac165600ce2e1c38fe593c63928eb1e6e7ba5c5a907d67787c41b3d00c14?s=96&d=mm&r=g","url":"https:\/\/secure.gravatar.com\/avatar\/8a09ac165600ce2e1c38fe593c63928eb1e6e7ba5c5a907d67787c41b3d00c14?s=96&d=mm&r=g","contentUrl":"https:\/\/secure.gravatar.com\/avatar\/8a09ac165600ce2e1c38fe593c63928eb1e6e7ba5c5a907d67787c41b3d00c14?s=96&d=mm&r=g","caption":"hotnewsinworld"},"url":"https:\/\/hotnewsinworld.com\/pt\/author\/pt\/"}]}},"_links":{"self":[{"href":"https:\/\/hotnewsinworld.com\/pt\/wp-json\/wp\/v2\/posts\/2582","targetHints":{"allow":["GET"]}}],"collection":[{"href":"https:\/\/hotnewsinworld.com\/pt\/wp-json\/wp\/v2\/posts"}],"about":[{"href":"https:\/\/hotnewsinworld.com\/pt\/wp-json\/wp\/v2\/types\/post"}],"author":[{"embeddable":true,"href":"https:\/\/hotnewsinworld.com\/pt\/wp-json\/wp\/v2\/users\/2"}],"replies":[{"embeddable":true,"href":"https:\/\/hotnewsinworld.com\/pt\/wp-json\/wp\/v2\/comments?post=2582"}],"version-history":[{"count":1,"href":"https:\/\/hotnewsinworld.com\/pt\/wp-json\/wp\/v2\/posts\/2582\/revisions"}],"predecessor-version":[{"id":2584,"href":"https:\/\/hotnewsinworld.com\/pt\/wp-json\/wp\/v2\/posts\/2582\/revisions\/2584"}],"wp:featuredmedia":[{"embeddable":true,"href":"https:\/\/hotnewsinworld.com\/pt\/wp-json\/wp\/v2\/media\/2583"}],"wp:attachment":[{"href":"https:\/\/hotnewsinworld.com\/pt\/wp-json\/wp\/v2\/media?parent=2582"}],"wp:term":[{"taxonomy":"category","embeddable":true,"href":"https:\/\/hotnewsinworld.com\/pt\/wp-json\/wp\/v2\/categories?post=2582"},{"taxonomy":"post_tag","embeddable":true,"href":"https:\/\/hotnewsinworld.com\/pt\/wp-json\/wp\/v2\/tags?post=2582"}],"curies":[{"name":"wp","href":"https:\/\/api.w.org\/{rel}","templated":true}]}}