{"id":2585,"date":"2020-11-22T08:05:05","date_gmt":"2020-11-22T05:05:05","guid":{"rendered":"https:\/\/hotnewsinworld.com\/pt\/antonio-costa-diz-que-pais-nao-precisa-da-complicacao-de-duodecimos\/"},"modified":"2020-11-22T08:05:07","modified_gmt":"2020-11-22T05:05:07","slug":"antonio-costa-diz-que-pais-nao-precisa-da-complicacao-de-duodecimos","status":"publish","type":"post","link":"https:\/\/hotnewsinworld.com\/pt\/antonio-costa-diz-que-pais-nao-precisa-da-complicacao-de-duodecimos\/","title":{"rendered":"Ant\u00f3nio Costa diz que pa\u00eds n\u00e3o precisa da complica\u00e7\u00e3o de duod\u00e9cimos"},"content":{"rendered":"<p>JN\/Ag\u00eanciasOntem\u00a0\u00e0s\u00a020:58O primeiro-ministro defendeu este s\u00e1bado que o pa\u00eds n\u00e3o precisa da &#8220;complica\u00e7\u00e3o&#8221; que seria ficar em duod\u00e9cimos em tempos de crise pand\u00e9mica, considerando que &#8220;tem tudo a ganhar em ter um bom Or\u00e7amento do Estado&#8221;, com condi\u00e7\u00f5es para ser melhorada na especialidade.Na confer\u00eancia de imprensa de apresenta\u00e7\u00e3o das novas medidas de combate \u00e0 pandemia de covid-19, Ant\u00f3nio Costa foi questionado sobre o Or\u00e7amento do Estado para 2021 (OE2021), cuja vota\u00e7\u00e3o final global est\u00e1 marcada para quinta-feira no parlamento.&#8221;Seguramente o pa\u00eds tem tudo a ganhar em ter um bom Or\u00e7amento do Estado. Esta \u00e9 uma boa proposta que tem todas as condi\u00e7\u00f5es para ser melhorada no debate da especialidade&#8221;, come\u00e7ou por responder.Numa situa\u00e7\u00e3o com &#8220;uma crise sanit\u00e1ria t\u00e3o grave, uma crise econ\u00f3mica e social t\u00e3o grave&#8221;, para o primeiro-ministro &#8220;acrescentar a isto a dificuldade de ter de gerir o pa\u00eds em duod\u00e9cimos, \u00e9 s\u00f3 estar a complicar a vida do pa\u00eds&#8221;.&#8221;Creio que o pa\u00eds n\u00e3o precisa de complica\u00e7\u00e3o, precisa, pelo contr\u00e1rio, de termos todos os instrumentos poss\u00edveis para poder agir&#8221;, apelou.As vota\u00e7\u00f5es na especialidade do Or\u00e7amento do Estado para 2021 arrancaram sexta-feira no parlamento e decorrem durante quatro dias, estando a vota\u00e7\u00e3o final global em plen\u00e1rio agendada para dia 26, ainda sem aprova\u00e7\u00e3o garantida do documento.A proposta or\u00e7amental foi aprovada na Assembleia da Rep\u00fablica, na generalidade, em 28 de outubro, com os votos favor\u00e1veis do PS e as absten\u00e7\u00f5es do PCP, PAN, PEV e das deputadas Joacine Katar Moreira e Cristina Rodrigues e votos contra de PSD, BE, CDS-PP, Chega e Iniciativa Liberal.<br \/>\n<br \/>\n<!--noindex--><br \/>\n<a href=\"http:\/\/feeds.jn.pt\/~r\/JN-ECONOMIA\/~3\/TJdlC3rWqjk\/antonio-costa-diz-que-pais-nao-precisa-da-complicacao-de-duodecimos-13061562.html\" rel=\"nofollow\">Source link <\/a><br \/>\n<!--\/noindex--><\/p>\n","protected":false},"excerpt":{"rendered":"<p>JN\/Ag\u00eanciasOntem\u00a0\u00e0s\u00a020:58O primeiro-ministro defendeu este s\u00e1bado que o pa\u00eds n\u00e3o precisa da &#8220;complica\u00e7\u00e3o&#8221; que seria ficar em duod\u00e9cimos em tempos de crise pand\u00e9mica, considerando que &#8220;tem tudo a ganhar em ter um bom Or\u00e7amento do Estado&#8221;, com condi\u00e7\u00f5es para ser melhorada na especialidade.Na confer\u00eancia de imprensa de apresenta\u00e7\u00e3o das novas medidas de combate \u00e0 pandemia de [&hellip;]<\/p>\n","protected":false},"author":2,"featured_media":2586,"comment_status":"open","ping_status":"open","sticky":false,"template":"","format":"standard","meta":{"footnotes":""},"categories":[1],"tags":[],"class_list":["post-2585","post","type-post","status-publish","format-standard","has-post-thumbnail","hentry","category-ultimas-noticias-financeiras"],"yoast_head":"<!-- This site is optimized with the Yoast SEO plugin v27.4 - https:\/\/yoast.com\/product\/yoast-seo-wordpress\/ -->\n<title>Ant\u00f3nio Costa diz que pa\u00eds n\u00e3o precisa da complica\u00e7\u00e3o de duod\u00e9cimos - Hot News in World<\/title>\n<meta name=\"robots\" content=\"index, follow, max-snippet:-1, max-image-preview:large, max-video-preview:-1\" \/>\n<link rel=\"canonical\" href=\"https:\/\/hotnewsinworld.com\/pt\/antonio-costa-diz-que-pais-nao-precisa-da-complicacao-de-duodecimos\/\" \/>\n<meta property=\"og:locale\" content=\"pt_PT\" \/>\n<meta property=\"og:type\" content=\"article\" \/>\n<meta property=\"og:title\" content=\"Ant\u00f3nio Costa diz que pa\u00eds n\u00e3o precisa da complica\u00e7\u00e3o de duod\u00e9cimos - Hot News in World\" \/>\n<meta property=\"og:description\" content=\"JN\/Ag\u00eanciasOntem\u00a0\u00e0s\u00a020:58O primeiro-ministro defendeu este s\u00e1bado que o pa\u00eds n\u00e3o precisa da &#8220;complica\u00e7\u00e3o&#8221; que seria ficar em duod\u00e9cimos em tempos de crise pand\u00e9mica, considerando que &#8220;tem tudo a ganhar em ter um bom Or\u00e7amento do Estado&#8221;, com condi\u00e7\u00f5es para ser melhorada na especialidade.Na confer\u00eancia de imprensa de apresenta\u00e7\u00e3o das novas medidas de combate \u00e0 pandemia de [&hellip;]\" \/>\n<meta property=\"og:url\" content=\"https:\/\/hotnewsinworld.com\/pt\/antonio-costa-diz-que-pais-nao-precisa-da-complicacao-de-duodecimos\/\" \/>\n<meta property=\"og:site_name\" content=\"Hot News in World\" \/>\n<meta property=\"article:published_time\" content=\"2020-11-22T05:05:05+00:00\" \/>\n<meta property=\"article:modified_time\" content=\"2020-11-22T05:05:07+00:00\" \/>\n<meta property=\"og:image\" content=\"https:\/\/hotnewsinworld.com\/pt\/wp-content\/uploads\/sites\/2\/2020\/11\/Antonio-Costa-diz-que-pais-nao-precisa-da-complicacao-de.aspx.jpeg\" \/>\n\t<meta property=\"og:image:width\" content=\"800\" \/>\n\t<meta property=\"og:image:height\" content=\"420\" \/>\n\t<meta property=\"og:image:type\" content=\"image\/jpeg\" \/>\n<meta name=\"author\" content=\"hotnewsinworld\" \/>\n<meta name=\"twitter:card\" content=\"summary_large_image\" \/>\n<meta name=\"twitter:label1\" content=\"Escrito por\" \/>\n\t<meta name=\"twitter:data1\" content=\"hotnewsinworld\" \/>\n\t<meta name=\"twitter:label2\" content=\"Tempo estimado de leitura\" \/>\n\t<meta name=\"twitter:data2\" content=\"1 minuto\" \/>\n<script type=\"application\/ld+json\" class=\"yoast-schema-graph\">{\"@context\":\"https:\\\/\\\/schema.org\",\"@graph\":[{\"@type\":\"Article\",\"@id\":\"https:\\\/\\\/hotnewsinworld.com\\\/pt\\\/antonio-costa-diz-que-pais-nao-precisa-da-complicacao-de-duodecimos\\\/#article\",\"isPartOf\":{\"@id\":\"https:\\\/\\\/hotnewsinworld.com\\\/pt\\\/antonio-costa-diz-que-pais-nao-precisa-da-complicacao-de-duodecimos\\\/\"},\"author\":{\"name\":\"hotnewsinworld\",\"@id\":\"https:\\\/\\\/hotnewsinworld.com\\\/pt\\\/#\\\/schema\\\/person\\\/fe61448b21c0d59086e75fcc1f9d8f6b\"},\"headline\":\"Ant\u00f3nio Costa diz que pa\u00eds n\u00e3o precisa da complica\u00e7\u00e3o de duod\u00e9cimos\",\"datePublished\":\"2020-11-22T05:05:05+00:00\",\"dateModified\":\"2020-11-22T05:05:07+00:00\",\"mainEntityOfPage\":{\"@id\":\"https:\\\/\\\/hotnewsinworld.com\\\/pt\\\/antonio-costa-diz-que-pais-nao-precisa-da-complicacao-de-duodecimos\\\/\"},\"wordCount\":312,\"commentCount\":0,\"image\":{\"@id\":\"https:\\\/\\\/hotnewsinworld.com\\\/pt\\\/antonio-costa-diz-que-pais-nao-precisa-da-complicacao-de-duodecimos\\\/#primaryimage\"},\"thumbnailUrl\":\"https:\\\/\\\/hotnewsinworld.com\\\/pt\\\/wp-content\\\/uploads\\\/sites\\\/2\\\/2020\\\/11\\\/Antonio-Costa-diz-que-pais-nao-precisa-da-complicacao-de.aspx.jpeg\",\"articleSection\":[\"\u00daLTIMAS NOT\u00cdCIAS FINANCEIRAS\"],\"inLanguage\":\"pt-PT\",\"potentialAction\":[{\"@type\":\"CommentAction\",\"name\":\"Comment\",\"target\":[\"https:\\\/\\\/hotnewsinworld.com\\\/pt\\\/antonio-costa-diz-que-pais-nao-precisa-da-complicacao-de-duodecimos\\\/#respond\"]}]},{\"@type\":\"WebPage\",\"@id\":\"https:\\\/\\\/hotnewsinworld.com\\\/pt\\\/antonio-costa-diz-que-pais-nao-precisa-da-complicacao-de-duodecimos\\\/\",\"url\":\"https:\\\/\\\/hotnewsinworld.com\\\/pt\\\/antonio-costa-diz-que-pais-nao-precisa-da-complicacao-de-duodecimos\\\/\",\"name\":\"Ant\u00f3nio Costa diz que pa\u00eds n\u00e3o precisa da complica\u00e7\u00e3o de duod\u00e9cimos - Hot News in World\",\"isPartOf\":{\"@id\":\"https:\\\/\\\/hotnewsinworld.com\\\/pt\\\/#website\"},\"primaryImageOfPage\":{\"@id\":\"https:\\\/\\\/hotnewsinworld.com\\\/pt\\\/antonio-costa-diz-que-pais-nao-precisa-da-complicacao-de-duodecimos\\\/#primaryimage\"},\"image\":{\"@id\":\"https:\\\/\\\/hotnewsinworld.com\\\/pt\\\/antonio-costa-diz-que-pais-nao-precisa-da-complicacao-de-duodecimos\\\/#primaryimage\"},\"thumbnailUrl\":\"https:\\\/\\\/hotnewsinworld.com\\\/pt\\\/wp-content\\\/uploads\\\/sites\\\/2\\\/2020\\\/11\\\/Antonio-Costa-diz-que-pais-nao-precisa-da-complicacao-de.aspx.jpeg\",\"datePublished\":\"2020-11-22T05:05:05+00:00\",\"dateModified\":\"2020-11-22T05:05:07+00:00\",\"author\":{\"@id\":\"https:\\\/\\\/hotnewsinworld.com\\\/pt\\\/#\\\/schema\\\/person\\\/fe61448b21c0d59086e75fcc1f9d8f6b\"},\"breadcrumb\":{\"@id\":\"https:\\\/\\\/hotnewsinworld.com\\\/pt\\\/antonio-costa-diz-que-pais-nao-precisa-da-complicacao-de-duodecimos\\\/#breadcrumb\"},\"inLanguage\":\"pt-PT\",\"potentialAction\":[{\"@type\":\"ReadAction\",\"target\":[\"https:\\\/\\\/hotnewsinworld.com\\\/pt\\\/antonio-costa-diz-que-pais-nao-precisa-da-complicacao-de-duodecimos\\\/\"]}]},{\"@type\":\"ImageObject\",\"inLanguage\":\"pt-PT\",\"@id\":\"https:\\\/\\\/hotnewsinworld.com\\\/pt\\\/antonio-costa-diz-que-pais-nao-precisa-da-complicacao-de-duodecimos\\\/#primaryimage\",\"url\":\"https:\\\/\\\/hotnewsinworld.com\\\/pt\\\/wp-content\\\/uploads\\\/sites\\\/2\\\/2020\\\/11\\\/Antonio-Costa-diz-que-pais-nao-precisa-da-complicacao-de.aspx.jpeg\",\"contentUrl\":\"https:\\\/\\\/hotnewsinworld.com\\\/pt\\\/wp-content\\\/uploads\\\/sites\\\/2\\\/2020\\\/11\\\/Antonio-Costa-diz-que-pais-nao-precisa-da-complicacao-de.aspx.jpeg\",\"width\":800,\"height\":420,\"caption\":\"Ant\u00f3nio Costa diz que pa\u00eds n\u00e3o precisa da complica\u00e7\u00e3o de duod\u00e9cimos\"},{\"@type\":\"BreadcrumbList\",\"@id\":\"https:\\\/\\\/hotnewsinworld.com\\\/pt\\\/antonio-costa-diz-que-pais-nao-precisa-da-complicacao-de-duodecimos\\\/#breadcrumb\",\"itemListElement\":[{\"@type\":\"ListItem\",\"position\":1,\"name\":\"\u0413\u043b\u0430\u0432\u043d\u0430\u044f \u0441\u0442\u0440\u0430\u043d\u0438\u0446\u0430\",\"item\":\"https:\\\/\\\/hotnewsinworld.com\\\/pt\\\/\"},{\"@type\":\"ListItem\",\"position\":2,\"name\":\"Ant\u00f3nio Costa diz que pa\u00eds n\u00e3o precisa da complica\u00e7\u00e3o de duod\u00e9cimos\"}]},{\"@type\":\"WebSite\",\"@id\":\"https:\\\/\\\/hotnewsinworld.com\\\/pt\\\/#website\",\"url\":\"https:\\\/\\\/hotnewsinworld.com\\\/pt\\\/\",\"name\":\"Hot News in World\",\"description\":\"Hot News in World Portugal\",\"potentialAction\":[{\"@type\":\"SearchAction\",\"target\":{\"@type\":\"EntryPoint\",\"urlTemplate\":\"https:\\\/\\\/hotnewsinworld.com\\\/pt\\\/?s={search_term_string}\"},\"query-input\":{\"@type\":\"PropertyValueSpecification\",\"valueRequired\":true,\"valueName\":\"search_term_string\"}}],\"inLanguage\":\"pt-PT\"},{\"@type\":\"Person\",\"@id\":\"https:\\\/\\\/hotnewsinworld.com\\\/pt\\\/#\\\/schema\\\/person\\\/fe61448b21c0d59086e75fcc1f9d8f6b\",\"name\":\"hotnewsinworld\",\"image\":{\"@type\":\"ImageObject\",\"inLanguage\":\"pt-PT\",\"@id\":\"https:\\\/\\\/secure.gravatar.com\\\/avatar\\\/8a09ac165600ce2e1c38fe593c63928eb1e6e7ba5c5a907d67787c41b3d00c14?s=96&d=mm&r=g\",\"url\":\"https:\\\/\\\/secure.gravatar.com\\\/avatar\\\/8a09ac165600ce2e1c38fe593c63928eb1e6e7ba5c5a907d67787c41b3d00c14?s=96&d=mm&r=g\",\"contentUrl\":\"https:\\\/\\\/secure.gravatar.com\\\/avatar\\\/8a09ac165600ce2e1c38fe593c63928eb1e6e7ba5c5a907d67787c41b3d00c14?s=96&d=mm&r=g\",\"caption\":\"hotnewsinworld\"},\"url\":\"https:\\\/\\\/hotnewsinworld.com\\\/pt\\\/author\\\/pt\\\/\"}]}<\/script>\n<!-- \/ Yoast SEO plugin. -->","yoast_head_json":{"title":"Ant\u00f3nio Costa diz que pa\u00eds n\u00e3o precisa da complica\u00e7\u00e3o de duod\u00e9cimos - Hot News in World","robots":{"index":"index","follow":"follow","max-snippet":"max-snippet:-1","max-image-preview":"max-image-preview:large","max-video-preview":"max-video-preview:-1"},"canonical":"https:\/\/hotnewsinworld.com\/pt\/antonio-costa-diz-que-pais-nao-precisa-da-complicacao-de-duodecimos\/","og_locale":"pt_PT","og_type":"article","og_title":"Ant\u00f3nio Costa diz que pa\u00eds n\u00e3o precisa da complica\u00e7\u00e3o de duod\u00e9cimos - Hot News in World","og_description":"JN\/Ag\u00eanciasOntem\u00a0\u00e0s\u00a020:58O primeiro-ministro defendeu este s\u00e1bado que o pa\u00eds n\u00e3o precisa da &#8220;complica\u00e7\u00e3o&#8221; que seria ficar em duod\u00e9cimos em tempos de crise pand\u00e9mica, considerando que &#8220;tem tudo a ganhar em ter um bom Or\u00e7amento do Estado&#8221;, com condi\u00e7\u00f5es para ser melhorada na especialidade.Na confer\u00eancia de imprensa de apresenta\u00e7\u00e3o das novas medidas de combate \u00e0 pandemia de [&hellip;]","og_url":"https:\/\/hotnewsinworld.com\/pt\/antonio-costa-diz-que-pais-nao-precisa-da-complicacao-de-duodecimos\/","og_site_name":"Hot News in World","article_published_time":"2020-11-22T05:05:05+00:00","article_modified_time":"2020-11-22T05:05:07+00:00","og_image":[{"width":800,"height":420,"url":"https:\/\/hotnewsinworld.com\/pt\/wp-content\/uploads\/sites\/2\/2020\/11\/Antonio-Costa-diz-que-pais-nao-precisa-da-complicacao-de.aspx.jpeg","type":"image\/jpeg"}],"author":"hotnewsinworld","twitter_card":"summary_large_image","twitter_misc":{"Escrito por":"hotnewsinworld","Tempo estimado de leitura":"1 minuto"},"schema":{"@context":"https:\/\/schema.org","@graph":[{"@type":"Article","@id":"https:\/\/hotnewsinworld.com\/pt\/antonio-costa-diz-que-pais-nao-precisa-da-complicacao-de-duodecimos\/#article","isPartOf":{"@id":"https:\/\/hotnewsinworld.com\/pt\/antonio-costa-diz-que-pais-nao-precisa-da-complicacao-de-duodecimos\/"},"author":{"name":"hotnewsinworld","@id":"https:\/\/hotnewsinworld.com\/pt\/#\/schema\/person\/fe61448b21c0d59086e75fcc1f9d8f6b"},"headline":"Ant\u00f3nio Costa diz que pa\u00eds n\u00e3o precisa da complica\u00e7\u00e3o de duod\u00e9cimos","datePublished":"2020-11-22T05:05:05+00:00","dateModified":"2020-11-22T05:05:07+00:00","mainEntityOfPage":{"@id":"https:\/\/hotnewsinworld.com\/pt\/antonio-costa-diz-que-pais-nao-precisa-da-complicacao-de-duodecimos\/"},"wordCount":312,"commentCount":0,"image":{"@id":"https:\/\/hotnewsinworld.com\/pt\/antonio-costa-diz-que-pais-nao-precisa-da-complicacao-de-duodecimos\/#primaryimage"},"thumbnailUrl":"https:\/\/hotnewsinworld.com\/pt\/wp-content\/uploads\/sites\/2\/2020\/11\/Antonio-Costa-diz-que-pais-nao-precisa-da-complicacao-de.aspx.jpeg","articleSection":["\u00daLTIMAS NOT\u00cdCIAS FINANCEIRAS"],"inLanguage":"pt-PT","potentialAction":[{"@type":"CommentAction","name":"Comment","target":["https:\/\/hotnewsinworld.com\/pt\/antonio-costa-diz-que-pais-nao-precisa-da-complicacao-de-duodecimos\/#respond"]}]},{"@type":"WebPage","@id":"https:\/\/hotnewsinworld.com\/pt\/antonio-costa-diz-que-pais-nao-precisa-da-complicacao-de-duodecimos\/","url":"https:\/\/hotnewsinworld.com\/pt\/antonio-costa-diz-que-pais-nao-precisa-da-complicacao-de-duodecimos\/","name":"Ant\u00f3nio Costa diz que pa\u00eds n\u00e3o precisa da complica\u00e7\u00e3o de duod\u00e9cimos - Hot News in World","isPartOf":{"@id":"https:\/\/hotnewsinworld.com\/pt\/#website"},"primaryImageOfPage":{"@id":"https:\/\/hotnewsinworld.com\/pt\/antonio-costa-diz-que-pais-nao-precisa-da-complicacao-de-duodecimos\/#primaryimage"},"image":{"@id":"https:\/\/hotnewsinworld.com\/pt\/antonio-costa-diz-que-pais-nao-precisa-da-complicacao-de-duodecimos\/#primaryimage"},"thumbnailUrl":"https:\/\/hotnewsinworld.com\/pt\/wp-content\/uploads\/sites\/2\/2020\/11\/Antonio-Costa-diz-que-pais-nao-precisa-da-complicacao-de.aspx.jpeg","datePublished":"2020-11-22T05:05:05+00:00","dateModified":"2020-11-22T05:05:07+00:00","author":{"@id":"https:\/\/hotnewsinworld.com\/pt\/#\/schema\/person\/fe61448b21c0d59086e75fcc1f9d8f6b"},"breadcrumb":{"@id":"https:\/\/hotnewsinworld.com\/pt\/antonio-costa-diz-que-pais-nao-precisa-da-complicacao-de-duodecimos\/#breadcrumb"},"inLanguage":"pt-PT","potentialAction":[{"@type":"ReadAction","target":["https:\/\/hotnewsinworld.com\/pt\/antonio-costa-diz-que-pais-nao-precisa-da-complicacao-de-duodecimos\/"]}]},{"@type":"ImageObject","inLanguage":"pt-PT","@id":"https:\/\/hotnewsinworld.com\/pt\/antonio-costa-diz-que-pais-nao-precisa-da-complicacao-de-duodecimos\/#primaryimage","url":"https:\/\/hotnewsinworld.com\/pt\/wp-content\/uploads\/sites\/2\/2020\/11\/Antonio-Costa-diz-que-pais-nao-precisa-da-complicacao-de.aspx.jpeg","contentUrl":"https:\/\/hotnewsinworld.com\/pt\/wp-content\/uploads\/sites\/2\/2020\/11\/Antonio-Costa-diz-que-pais-nao-precisa-da-complicacao-de.aspx.jpeg","width":800,"height":420,"caption":"Ant\u00f3nio Costa diz que pa\u00eds n\u00e3o precisa da complica\u00e7\u00e3o de duod\u00e9cimos"},{"@type":"BreadcrumbList","@id":"https:\/\/hotnewsinworld.com\/pt\/antonio-costa-diz-que-pais-nao-precisa-da-complicacao-de-duodecimos\/#breadcrumb","itemListElement":[{"@type":"ListItem","position":1,"name":"\u0413\u043b\u0430\u0432\u043d\u0430\u044f \u0441\u0442\u0440\u0430\u043d\u0438\u0446\u0430","item":"https:\/\/hotnewsinworld.com\/pt\/"},{"@type":"ListItem","position":2,"name":"Ant\u00f3nio Costa diz que pa\u00eds n\u00e3o precisa da complica\u00e7\u00e3o de duod\u00e9cimos"}]},{"@type":"WebSite","@id":"https:\/\/hotnewsinworld.com\/pt\/#website","url":"https:\/\/hotnewsinworld.com\/pt\/","name":"Hot News in World","description":"Hot News in World Portugal","potentialAction":[{"@type":"SearchAction","target":{"@type":"EntryPoint","urlTemplate":"https:\/\/hotnewsinworld.com\/pt\/?s={search_term_string}"},"query-input":{"@type":"PropertyValueSpecification","valueRequired":true,"valueName":"search_term_string"}}],"inLanguage":"pt-PT"},{"@type":"Person","@id":"https:\/\/hotnewsinworld.com\/pt\/#\/schema\/person\/fe61448b21c0d59086e75fcc1f9d8f6b","name":"hotnewsinworld","image":{"@type":"ImageObject","inLanguage":"pt-PT","@id":"https:\/\/secure.gravatar.com\/avatar\/8a09ac165600ce2e1c38fe593c63928eb1e6e7ba5c5a907d67787c41b3d00c14?s=96&d=mm&r=g","url":"https:\/\/secure.gravatar.com\/avatar\/8a09ac165600ce2e1c38fe593c63928eb1e6e7ba5c5a907d67787c41b3d00c14?s=96&d=mm&r=g","contentUrl":"https:\/\/secure.gravatar.com\/avatar\/8a09ac165600ce2e1c38fe593c63928eb1e6e7ba5c5a907d67787c41b3d00c14?s=96&d=mm&r=g","caption":"hotnewsinworld"},"url":"https:\/\/hotnewsinworld.com\/pt\/author\/pt\/"}]}},"_links":{"self":[{"href":"https:\/\/hotnewsinworld.com\/pt\/wp-json\/wp\/v2\/posts\/2585","targetHints":{"allow":["GET"]}}],"collection":[{"href":"https:\/\/hotnewsinworld.com\/pt\/wp-json\/wp\/v2\/posts"}],"about":[{"href":"https:\/\/hotnewsinworld.com\/pt\/wp-json\/wp\/v2\/types\/post"}],"author":[{"embeddable":true,"href":"https:\/\/hotnewsinworld.com\/pt\/wp-json\/wp\/v2\/users\/2"}],"replies":[{"embeddable":true,"href":"https:\/\/hotnewsinworld.com\/pt\/wp-json\/wp\/v2\/comments?post=2585"}],"version-history":[{"count":1,"href":"https:\/\/hotnewsinworld.com\/pt\/wp-json\/wp\/v2\/posts\/2585\/revisions"}],"predecessor-version":[{"id":2587,"href":"https:\/\/hotnewsinworld.com\/pt\/wp-json\/wp\/v2\/posts\/2585\/revisions\/2587"}],"wp:featuredmedia":[{"embeddable":true,"href":"https:\/\/hotnewsinworld.com\/pt\/wp-json\/wp\/v2\/media\/2586"}],"wp:attachment":[{"href":"https:\/\/hotnewsinworld.com\/pt\/wp-json\/wp\/v2\/media?parent=2585"}],"wp:term":[{"taxonomy":"category","embeddable":true,"href":"https:\/\/hotnewsinworld.com\/pt\/wp-json\/wp\/v2\/categories?post=2585"},{"taxonomy":"post_tag","embeddable":true,"href":"https:\/\/hotnewsinworld.com\/pt\/wp-json\/wp\/v2\/tags?post=2585"}],"curies":[{"name":"wp","href":"https:\/\/api.w.org\/{rel}","templated":true}]}}