{"id":2603,"date":"2020-11-25T09:12:40","date_gmt":"2020-11-25T06:12:40","guid":{"rendered":"https:\/\/hotnewsinworld.com\/pt\/isencao-de-iva-para-quem-tenha-volume-de-negocios-inferior-a-12-500-euros-nos-quatro-anos-anteriores\/"},"modified":"2020-11-25T09:12:42","modified_gmt":"2020-11-25T06:12:42","slug":"isencao-de-iva-para-quem-tenha-volume-de-negocios-inferior-a-12-500-euros-nos-quatro-anos-anteriores","status":"publish","type":"post","link":"https:\/\/hotnewsinworld.com\/pt\/isencao-de-iva-para-quem-tenha-volume-de-negocios-inferior-a-12-500-euros-nos-quatro-anos-anteriores\/","title":{"rendered":"Isen\u00e7\u00e3o de IVA para quem tenha volume de neg\u00f3cios inferior a 12.500 euros nos quatro anos anteriores"},"content":{"rendered":"<p>JN\/Ag\u00eanciasHoje\u00a0\u00e0s\u00a000:11Os contribuintes com volume de fatura\u00e7\u00e3o at\u00e9 12.500 euros no ano anterior e nos tr\u00eas que lhe precedem gozam de isen\u00e7\u00e3o do IVA, segundo uma proposta do PCP aprovada ter\u00e7a-feira durante a vota\u00e7\u00e3o na especialidade do \u200b\u200b\u200b\u200b\u200b\u200b\u200bOE2021.A medida refor\u00e7a o alcance de uma altera\u00e7\u00e3o ao C\u00f3digo do IVA feita no Or\u00e7amento do Estado para 2020 (OE2020), que aumentou de 10.000 para 12.500 euros o valor da isen\u00e7\u00e3o do IVA dos contribuintes enquadrados no regime simplificado.Por\u00e9m, a norma previa um regime transit\u00f3rio para o ano de 2020, determinando que quem abriu atividade at\u00e9 31 de mar\u00e7o de 2020 mant\u00e9m a isen\u00e7\u00e3o se n\u00e3o ultrapassar 10 mil euros de fatura\u00e7\u00e3o. J\u00e1 quem tenha aberto atividade depois daquela data, a isen\u00e7\u00e3o tem por limite 11.000 euros de fatura\u00e7\u00e3o.A proposta do PCP, apresentada no \u00e2mbito do Or\u00e7amento do Estado para 2021 (OE2021) e aprovada na noite de ter\u00e7a-feira com os votos favor\u00e1veis de todos os partidos, com exce\u00e7\u00e3o do PSD que se absteve, vem prever que os sujeitos passivos que &#8220;n\u00e3o tendo atingido um volume de neg\u00f3cios superior a 12.500 [euros] no ano civil anterior e nos tr\u00eas anos civis precedentes&#8221; mant\u00eam a isen\u00e7\u00e3o do IVA.Desta forma, quem no ano passado ou este ano, por exemplo, supere os 10 mil ou 11 mil euros n\u00e3o perde a isen\u00e7\u00e3o.<br \/>\n<br \/>\n<!--noindex--><br \/>\n<a href=\"http:\/\/feeds.jn.pt\/~r\/JN-ECONOMIA\/~3\/h128ZfPf-K0\/isencao-de-iva-para-quem-tenha-volume-de-negocios-inferior-a-12500-euros-nos-quatro-anos-anteriores-13072194.html\" rel=\"nofollow\">Source link <\/a><br \/>\n<!--\/noindex--><\/p>\n","protected":false},"excerpt":{"rendered":"<p>JN\/Ag\u00eanciasHoje\u00a0\u00e0s\u00a000:11Os contribuintes com volume de fatura\u00e7\u00e3o at\u00e9 12.500 euros no ano anterior e nos tr\u00eas que lhe precedem gozam de isen\u00e7\u00e3o do IVA, segundo uma proposta do PCP aprovada ter\u00e7a-feira durante a vota\u00e7\u00e3o na especialidade do \u200b\u200b\u200b\u200b\u200b\u200b\u200bOE2021.A medida refor\u00e7a o alcance de uma altera\u00e7\u00e3o ao C\u00f3digo do IVA feita no Or\u00e7amento do Estado para 2020 [&hellip;]<\/p>\n","protected":false},"author":2,"featured_media":2604,"comment_status":"open","ping_status":"open","sticky":false,"template":"","format":"standard","meta":{"footnotes":""},"categories":[1],"tags":[],"class_list":["post-2603","post","type-post","status-publish","format-standard","has-post-thumbnail","hentry","category-ultimas-noticias-financeiras"],"yoast_head":"<!-- This site is optimized with the Yoast SEO plugin v27.4 - https:\/\/yoast.com\/product\/yoast-seo-wordpress\/ -->\n<title>Isen\u00e7\u00e3o de IVA para quem tenha volume de neg\u00f3cios inferior a 12.500 euros nos quatro anos anteriores - Hot News in World<\/title>\n<meta name=\"robots\" content=\"index, follow, max-snippet:-1, max-image-preview:large, max-video-preview:-1\" \/>\n<link rel=\"canonical\" href=\"https:\/\/hotnewsinworld.com\/pt\/isencao-de-iva-para-quem-tenha-volume-de-negocios-inferior-a-12-500-euros-nos-quatro-anos-anteriores\/\" \/>\n<meta property=\"og:locale\" content=\"pt_PT\" \/>\n<meta property=\"og:type\" content=\"article\" \/>\n<meta property=\"og:title\" content=\"Isen\u00e7\u00e3o de IVA para quem tenha volume de neg\u00f3cios inferior a 12.500 euros nos quatro anos anteriores - Hot News in World\" \/>\n<meta property=\"og:description\" content=\"JN\/Ag\u00eanciasHoje\u00a0\u00e0s\u00a000:11Os contribuintes com volume de fatura\u00e7\u00e3o at\u00e9 12.500 euros no ano anterior e nos tr\u00eas que lhe precedem gozam de isen\u00e7\u00e3o do IVA, segundo uma proposta do PCP aprovada ter\u00e7a-feira durante a vota\u00e7\u00e3o na especialidade do \u200b\u200b\u200b\u200b\u200b\u200b\u200bOE2021.A medida refor\u00e7a o alcance de uma altera\u00e7\u00e3o ao C\u00f3digo do IVA feita no Or\u00e7amento do Estado para 2020 [&hellip;]\" \/>\n<meta property=\"og:url\" content=\"https:\/\/hotnewsinworld.com\/pt\/isencao-de-iva-para-quem-tenha-volume-de-negocios-inferior-a-12-500-euros-nos-quatro-anos-anteriores\/\" \/>\n<meta property=\"og:site_name\" content=\"Hot News in World\" \/>\n<meta property=\"article:published_time\" content=\"2020-11-25T06:12:40+00:00\" \/>\n<meta property=\"article:modified_time\" content=\"2020-11-25T06:12:42+00:00\" \/>\n<meta property=\"og:image\" content=\"https:\/\/hotnewsinworld.com\/pt\/wp-content\/uploads\/sites\/2\/2020\/11\/Isencao-de-IVA-para-quem-tenha-volume-de-negocios-inferior.aspx.jpeg\" \/>\n\t<meta property=\"og:image:width\" content=\"800\" \/>\n\t<meta property=\"og:image:height\" content=\"420\" \/>\n\t<meta property=\"og:image:type\" content=\"image\/jpeg\" \/>\n<meta name=\"author\" content=\"hotnewsinworld\" \/>\n<meta name=\"twitter:card\" content=\"summary_large_image\" \/>\n<meta name=\"twitter:label1\" content=\"Escrito por\" \/>\n\t<meta name=\"twitter:data1\" content=\"hotnewsinworld\" \/>\n\t<meta name=\"twitter:label2\" content=\"Tempo estimado de leitura\" \/>\n\t<meta name=\"twitter:data2\" content=\"1 minuto\" \/>\n<script type=\"application\/ld+json\" class=\"yoast-schema-graph\">{\"@context\":\"https:\\\/\\\/schema.org\",\"@graph\":[{\"@type\":\"Article\",\"@id\":\"https:\\\/\\\/hotnewsinworld.com\\\/pt\\\/isencao-de-iva-para-quem-tenha-volume-de-negocios-inferior-a-12-500-euros-nos-quatro-anos-anteriores\\\/#article\",\"isPartOf\":{\"@id\":\"https:\\\/\\\/hotnewsinworld.com\\\/pt\\\/isencao-de-iva-para-quem-tenha-volume-de-negocios-inferior-a-12-500-euros-nos-quatro-anos-anteriores\\\/\"},\"author\":{\"name\":\"hotnewsinworld\",\"@id\":\"https:\\\/\\\/hotnewsinworld.com\\\/pt\\\/#\\\/schema\\\/person\\\/fe61448b21c0d59086e75fcc1f9d8f6b\"},\"headline\":\"Isen\u00e7\u00e3o de IVA para quem tenha volume de neg\u00f3cios inferior a 12.500 euros nos quatro anos anteriores\",\"datePublished\":\"2020-11-25T06:12:40+00:00\",\"dateModified\":\"2020-11-25T06:12:42+00:00\",\"mainEntityOfPage\":{\"@id\":\"https:\\\/\\\/hotnewsinworld.com\\\/pt\\\/isencao-de-iva-para-quem-tenha-volume-de-negocios-inferior-a-12-500-euros-nos-quatro-anos-anteriores\\\/\"},\"wordCount\":259,\"commentCount\":0,\"image\":{\"@id\":\"https:\\\/\\\/hotnewsinworld.com\\\/pt\\\/isencao-de-iva-para-quem-tenha-volume-de-negocios-inferior-a-12-500-euros-nos-quatro-anos-anteriores\\\/#primaryimage\"},\"thumbnailUrl\":\"https:\\\/\\\/hotnewsinworld.com\\\/pt\\\/wp-content\\\/uploads\\\/sites\\\/2\\\/2020\\\/11\\\/Isencao-de-IVA-para-quem-tenha-volume-de-negocios-inferior.aspx.jpeg\",\"articleSection\":[\"\u00daLTIMAS NOT\u00cdCIAS FINANCEIRAS\"],\"inLanguage\":\"pt-PT\",\"potentialAction\":[{\"@type\":\"CommentAction\",\"name\":\"Comment\",\"target\":[\"https:\\\/\\\/hotnewsinworld.com\\\/pt\\\/isencao-de-iva-para-quem-tenha-volume-de-negocios-inferior-a-12-500-euros-nos-quatro-anos-anteriores\\\/#respond\"]}]},{\"@type\":\"WebPage\",\"@id\":\"https:\\\/\\\/hotnewsinworld.com\\\/pt\\\/isencao-de-iva-para-quem-tenha-volume-de-negocios-inferior-a-12-500-euros-nos-quatro-anos-anteriores\\\/\",\"url\":\"https:\\\/\\\/hotnewsinworld.com\\\/pt\\\/isencao-de-iva-para-quem-tenha-volume-de-negocios-inferior-a-12-500-euros-nos-quatro-anos-anteriores\\\/\",\"name\":\"Isen\u00e7\u00e3o de IVA para quem tenha volume de neg\u00f3cios inferior a 12.500 euros nos quatro anos anteriores - Hot News in World\",\"isPartOf\":{\"@id\":\"https:\\\/\\\/hotnewsinworld.com\\\/pt\\\/#website\"},\"primaryImageOfPage\":{\"@id\":\"https:\\\/\\\/hotnewsinworld.com\\\/pt\\\/isencao-de-iva-para-quem-tenha-volume-de-negocios-inferior-a-12-500-euros-nos-quatro-anos-anteriores\\\/#primaryimage\"},\"image\":{\"@id\":\"https:\\\/\\\/hotnewsinworld.com\\\/pt\\\/isencao-de-iva-para-quem-tenha-volume-de-negocios-inferior-a-12-500-euros-nos-quatro-anos-anteriores\\\/#primaryimage\"},\"thumbnailUrl\":\"https:\\\/\\\/hotnewsinworld.com\\\/pt\\\/wp-content\\\/uploads\\\/sites\\\/2\\\/2020\\\/11\\\/Isencao-de-IVA-para-quem-tenha-volume-de-negocios-inferior.aspx.jpeg\",\"datePublished\":\"2020-11-25T06:12:40+00:00\",\"dateModified\":\"2020-11-25T06:12:42+00:00\",\"author\":{\"@id\":\"https:\\\/\\\/hotnewsinworld.com\\\/pt\\\/#\\\/schema\\\/person\\\/fe61448b21c0d59086e75fcc1f9d8f6b\"},\"breadcrumb\":{\"@id\":\"https:\\\/\\\/hotnewsinworld.com\\\/pt\\\/isencao-de-iva-para-quem-tenha-volume-de-negocios-inferior-a-12-500-euros-nos-quatro-anos-anteriores\\\/#breadcrumb\"},\"inLanguage\":\"pt-PT\",\"potentialAction\":[{\"@type\":\"ReadAction\",\"target\":[\"https:\\\/\\\/hotnewsinworld.com\\\/pt\\\/isencao-de-iva-para-quem-tenha-volume-de-negocios-inferior-a-12-500-euros-nos-quatro-anos-anteriores\\\/\"]}]},{\"@type\":\"ImageObject\",\"inLanguage\":\"pt-PT\",\"@id\":\"https:\\\/\\\/hotnewsinworld.com\\\/pt\\\/isencao-de-iva-para-quem-tenha-volume-de-negocios-inferior-a-12-500-euros-nos-quatro-anos-anteriores\\\/#primaryimage\",\"url\":\"https:\\\/\\\/hotnewsinworld.com\\\/pt\\\/wp-content\\\/uploads\\\/sites\\\/2\\\/2020\\\/11\\\/Isencao-de-IVA-para-quem-tenha-volume-de-negocios-inferior.aspx.jpeg\",\"contentUrl\":\"https:\\\/\\\/hotnewsinworld.com\\\/pt\\\/wp-content\\\/uploads\\\/sites\\\/2\\\/2020\\\/11\\\/Isencao-de-IVA-para-quem-tenha-volume-de-negocios-inferior.aspx.jpeg\",\"width\":800,\"height\":420,\"caption\":\"Isen\u00e7\u00e3o de IVA para quem tenha volume de neg\u00f3cios inferior a 12.500 euros nos quatro anos anteriores\"},{\"@type\":\"BreadcrumbList\",\"@id\":\"https:\\\/\\\/hotnewsinworld.com\\\/pt\\\/isencao-de-iva-para-quem-tenha-volume-de-negocios-inferior-a-12-500-euros-nos-quatro-anos-anteriores\\\/#breadcrumb\",\"itemListElement\":[{\"@type\":\"ListItem\",\"position\":1,\"name\":\"\u0413\u043b\u0430\u0432\u043d\u0430\u044f \u0441\u0442\u0440\u0430\u043d\u0438\u0446\u0430\",\"item\":\"https:\\\/\\\/hotnewsinworld.com\\\/pt\\\/\"},{\"@type\":\"ListItem\",\"position\":2,\"name\":\"Isen\u00e7\u00e3o de IVA para quem tenha volume de neg\u00f3cios inferior a 12.500 euros nos quatro anos anteriores\"}]},{\"@type\":\"WebSite\",\"@id\":\"https:\\\/\\\/hotnewsinworld.com\\\/pt\\\/#website\",\"url\":\"https:\\\/\\\/hotnewsinworld.com\\\/pt\\\/\",\"name\":\"Hot News in World\",\"description\":\"Hot News in World Portugal\",\"potentialAction\":[{\"@type\":\"SearchAction\",\"target\":{\"@type\":\"EntryPoint\",\"urlTemplate\":\"https:\\\/\\\/hotnewsinworld.com\\\/pt\\\/?s={search_term_string}\"},\"query-input\":{\"@type\":\"PropertyValueSpecification\",\"valueRequired\":true,\"valueName\":\"search_term_string\"}}],\"inLanguage\":\"pt-PT\"},{\"@type\":\"Person\",\"@id\":\"https:\\\/\\\/hotnewsinworld.com\\\/pt\\\/#\\\/schema\\\/person\\\/fe61448b21c0d59086e75fcc1f9d8f6b\",\"name\":\"hotnewsinworld\",\"image\":{\"@type\":\"ImageObject\",\"inLanguage\":\"pt-PT\",\"@id\":\"https:\\\/\\\/secure.gravatar.com\\\/avatar\\\/8a09ac165600ce2e1c38fe593c63928eb1e6e7ba5c5a907d67787c41b3d00c14?s=96&d=mm&r=g\",\"url\":\"https:\\\/\\\/secure.gravatar.com\\\/avatar\\\/8a09ac165600ce2e1c38fe593c63928eb1e6e7ba5c5a907d67787c41b3d00c14?s=96&d=mm&r=g\",\"contentUrl\":\"https:\\\/\\\/secure.gravatar.com\\\/avatar\\\/8a09ac165600ce2e1c38fe593c63928eb1e6e7ba5c5a907d67787c41b3d00c14?s=96&d=mm&r=g\",\"caption\":\"hotnewsinworld\"},\"url\":\"https:\\\/\\\/hotnewsinworld.com\\\/pt\\\/author\\\/pt\\\/\"}]}<\/script>\n<!-- \/ Yoast SEO plugin. -->","yoast_head_json":{"title":"Isen\u00e7\u00e3o de IVA para quem tenha volume de neg\u00f3cios inferior a 12.500 euros nos quatro anos anteriores - Hot News in World","robots":{"index":"index","follow":"follow","max-snippet":"max-snippet:-1","max-image-preview":"max-image-preview:large","max-video-preview":"max-video-preview:-1"},"canonical":"https:\/\/hotnewsinworld.com\/pt\/isencao-de-iva-para-quem-tenha-volume-de-negocios-inferior-a-12-500-euros-nos-quatro-anos-anteriores\/","og_locale":"pt_PT","og_type":"article","og_title":"Isen\u00e7\u00e3o de IVA para quem tenha volume de neg\u00f3cios inferior a 12.500 euros nos quatro anos anteriores - Hot News in World","og_description":"JN\/Ag\u00eanciasHoje\u00a0\u00e0s\u00a000:11Os contribuintes com volume de fatura\u00e7\u00e3o at\u00e9 12.500 euros no ano anterior e nos tr\u00eas que lhe precedem gozam de isen\u00e7\u00e3o do IVA, segundo uma proposta do PCP aprovada ter\u00e7a-feira durante a vota\u00e7\u00e3o na especialidade do \u200b\u200b\u200b\u200b\u200b\u200b\u200bOE2021.A medida refor\u00e7a o alcance de uma altera\u00e7\u00e3o ao C\u00f3digo do IVA feita no Or\u00e7amento do Estado para 2020 [&hellip;]","og_url":"https:\/\/hotnewsinworld.com\/pt\/isencao-de-iva-para-quem-tenha-volume-de-negocios-inferior-a-12-500-euros-nos-quatro-anos-anteriores\/","og_site_name":"Hot News in World","article_published_time":"2020-11-25T06:12:40+00:00","article_modified_time":"2020-11-25T06:12:42+00:00","og_image":[{"width":800,"height":420,"url":"https:\/\/hotnewsinworld.com\/pt\/wp-content\/uploads\/sites\/2\/2020\/11\/Isencao-de-IVA-para-quem-tenha-volume-de-negocios-inferior.aspx.jpeg","type":"image\/jpeg"}],"author":"hotnewsinworld","twitter_card":"summary_large_image","twitter_misc":{"Escrito por":"hotnewsinworld","Tempo estimado de leitura":"1 minuto"},"schema":{"@context":"https:\/\/schema.org","@graph":[{"@type":"Article","@id":"https:\/\/hotnewsinworld.com\/pt\/isencao-de-iva-para-quem-tenha-volume-de-negocios-inferior-a-12-500-euros-nos-quatro-anos-anteriores\/#article","isPartOf":{"@id":"https:\/\/hotnewsinworld.com\/pt\/isencao-de-iva-para-quem-tenha-volume-de-negocios-inferior-a-12-500-euros-nos-quatro-anos-anteriores\/"},"author":{"name":"hotnewsinworld","@id":"https:\/\/hotnewsinworld.com\/pt\/#\/schema\/person\/fe61448b21c0d59086e75fcc1f9d8f6b"},"headline":"Isen\u00e7\u00e3o de IVA para quem tenha volume de neg\u00f3cios inferior a 12.500 euros nos quatro anos anteriores","datePublished":"2020-11-25T06:12:40+00:00","dateModified":"2020-11-25T06:12:42+00:00","mainEntityOfPage":{"@id":"https:\/\/hotnewsinworld.com\/pt\/isencao-de-iva-para-quem-tenha-volume-de-negocios-inferior-a-12-500-euros-nos-quatro-anos-anteriores\/"},"wordCount":259,"commentCount":0,"image":{"@id":"https:\/\/hotnewsinworld.com\/pt\/isencao-de-iva-para-quem-tenha-volume-de-negocios-inferior-a-12-500-euros-nos-quatro-anos-anteriores\/#primaryimage"},"thumbnailUrl":"https:\/\/hotnewsinworld.com\/pt\/wp-content\/uploads\/sites\/2\/2020\/11\/Isencao-de-IVA-para-quem-tenha-volume-de-negocios-inferior.aspx.jpeg","articleSection":["\u00daLTIMAS NOT\u00cdCIAS FINANCEIRAS"],"inLanguage":"pt-PT","potentialAction":[{"@type":"CommentAction","name":"Comment","target":["https:\/\/hotnewsinworld.com\/pt\/isencao-de-iva-para-quem-tenha-volume-de-negocios-inferior-a-12-500-euros-nos-quatro-anos-anteriores\/#respond"]}]},{"@type":"WebPage","@id":"https:\/\/hotnewsinworld.com\/pt\/isencao-de-iva-para-quem-tenha-volume-de-negocios-inferior-a-12-500-euros-nos-quatro-anos-anteriores\/","url":"https:\/\/hotnewsinworld.com\/pt\/isencao-de-iva-para-quem-tenha-volume-de-negocios-inferior-a-12-500-euros-nos-quatro-anos-anteriores\/","name":"Isen\u00e7\u00e3o de IVA para quem tenha volume de neg\u00f3cios inferior a 12.500 euros nos quatro anos anteriores - Hot News in World","isPartOf":{"@id":"https:\/\/hotnewsinworld.com\/pt\/#website"},"primaryImageOfPage":{"@id":"https:\/\/hotnewsinworld.com\/pt\/isencao-de-iva-para-quem-tenha-volume-de-negocios-inferior-a-12-500-euros-nos-quatro-anos-anteriores\/#primaryimage"},"image":{"@id":"https:\/\/hotnewsinworld.com\/pt\/isencao-de-iva-para-quem-tenha-volume-de-negocios-inferior-a-12-500-euros-nos-quatro-anos-anteriores\/#primaryimage"},"thumbnailUrl":"https:\/\/hotnewsinworld.com\/pt\/wp-content\/uploads\/sites\/2\/2020\/11\/Isencao-de-IVA-para-quem-tenha-volume-de-negocios-inferior.aspx.jpeg","datePublished":"2020-11-25T06:12:40+00:00","dateModified":"2020-11-25T06:12:42+00:00","author":{"@id":"https:\/\/hotnewsinworld.com\/pt\/#\/schema\/person\/fe61448b21c0d59086e75fcc1f9d8f6b"},"breadcrumb":{"@id":"https:\/\/hotnewsinworld.com\/pt\/isencao-de-iva-para-quem-tenha-volume-de-negocios-inferior-a-12-500-euros-nos-quatro-anos-anteriores\/#breadcrumb"},"inLanguage":"pt-PT","potentialAction":[{"@type":"ReadAction","target":["https:\/\/hotnewsinworld.com\/pt\/isencao-de-iva-para-quem-tenha-volume-de-negocios-inferior-a-12-500-euros-nos-quatro-anos-anteriores\/"]}]},{"@type":"ImageObject","inLanguage":"pt-PT","@id":"https:\/\/hotnewsinworld.com\/pt\/isencao-de-iva-para-quem-tenha-volume-de-negocios-inferior-a-12-500-euros-nos-quatro-anos-anteriores\/#primaryimage","url":"https:\/\/hotnewsinworld.com\/pt\/wp-content\/uploads\/sites\/2\/2020\/11\/Isencao-de-IVA-para-quem-tenha-volume-de-negocios-inferior.aspx.jpeg","contentUrl":"https:\/\/hotnewsinworld.com\/pt\/wp-content\/uploads\/sites\/2\/2020\/11\/Isencao-de-IVA-para-quem-tenha-volume-de-negocios-inferior.aspx.jpeg","width":800,"height":420,"caption":"Isen\u00e7\u00e3o de IVA para quem tenha volume de neg\u00f3cios inferior a 12.500 euros nos quatro anos anteriores"},{"@type":"BreadcrumbList","@id":"https:\/\/hotnewsinworld.com\/pt\/isencao-de-iva-para-quem-tenha-volume-de-negocios-inferior-a-12-500-euros-nos-quatro-anos-anteriores\/#breadcrumb","itemListElement":[{"@type":"ListItem","position":1,"name":"\u0413\u043b\u0430\u0432\u043d\u0430\u044f \u0441\u0442\u0440\u0430\u043d\u0438\u0446\u0430","item":"https:\/\/hotnewsinworld.com\/pt\/"},{"@type":"ListItem","position":2,"name":"Isen\u00e7\u00e3o de IVA para quem tenha volume de neg\u00f3cios inferior a 12.500 euros nos quatro anos anteriores"}]},{"@type":"WebSite","@id":"https:\/\/hotnewsinworld.com\/pt\/#website","url":"https:\/\/hotnewsinworld.com\/pt\/","name":"Hot News in World","description":"Hot News in World Portugal","potentialAction":[{"@type":"SearchAction","target":{"@type":"EntryPoint","urlTemplate":"https:\/\/hotnewsinworld.com\/pt\/?s={search_term_string}"},"query-input":{"@type":"PropertyValueSpecification","valueRequired":true,"valueName":"search_term_string"}}],"inLanguage":"pt-PT"},{"@type":"Person","@id":"https:\/\/hotnewsinworld.com\/pt\/#\/schema\/person\/fe61448b21c0d59086e75fcc1f9d8f6b","name":"hotnewsinworld","image":{"@type":"ImageObject","inLanguage":"pt-PT","@id":"https:\/\/secure.gravatar.com\/avatar\/8a09ac165600ce2e1c38fe593c63928eb1e6e7ba5c5a907d67787c41b3d00c14?s=96&d=mm&r=g","url":"https:\/\/secure.gravatar.com\/avatar\/8a09ac165600ce2e1c38fe593c63928eb1e6e7ba5c5a907d67787c41b3d00c14?s=96&d=mm&r=g","contentUrl":"https:\/\/secure.gravatar.com\/avatar\/8a09ac165600ce2e1c38fe593c63928eb1e6e7ba5c5a907d67787c41b3d00c14?s=96&d=mm&r=g","caption":"hotnewsinworld"},"url":"https:\/\/hotnewsinworld.com\/pt\/author\/pt\/"}]}},"_links":{"self":[{"href":"https:\/\/hotnewsinworld.com\/pt\/wp-json\/wp\/v2\/posts\/2603","targetHints":{"allow":["GET"]}}],"collection":[{"href":"https:\/\/hotnewsinworld.com\/pt\/wp-json\/wp\/v2\/posts"}],"about":[{"href":"https:\/\/hotnewsinworld.com\/pt\/wp-json\/wp\/v2\/types\/post"}],"author":[{"embeddable":true,"href":"https:\/\/hotnewsinworld.com\/pt\/wp-json\/wp\/v2\/users\/2"}],"replies":[{"embeddable":true,"href":"https:\/\/hotnewsinworld.com\/pt\/wp-json\/wp\/v2\/comments?post=2603"}],"version-history":[{"count":1,"href":"https:\/\/hotnewsinworld.com\/pt\/wp-json\/wp\/v2\/posts\/2603\/revisions"}],"predecessor-version":[{"id":2605,"href":"https:\/\/hotnewsinworld.com\/pt\/wp-json\/wp\/v2\/posts\/2603\/revisions\/2605"}],"wp:featuredmedia":[{"embeddable":true,"href":"https:\/\/hotnewsinworld.com\/pt\/wp-json\/wp\/v2\/media\/2604"}],"wp:attachment":[{"href":"https:\/\/hotnewsinworld.com\/pt\/wp-json\/wp\/v2\/media?parent=2603"}],"wp:term":[{"taxonomy":"category","embeddable":true,"href":"https:\/\/hotnewsinworld.com\/pt\/wp-json\/wp\/v2\/categories?post=2603"},{"taxonomy":"post_tag","embeddable":true,"href":"https:\/\/hotnewsinworld.com\/pt\/wp-json\/wp\/v2\/tags?post=2603"}],"curies":[{"name":"wp","href":"https:\/\/api.w.org\/{rel}","templated":true}]}}