{"id":2606,"date":"2020-11-25T21:21:10","date_gmt":"2020-11-25T18:21:10","guid":{"rendered":"https:\/\/hotnewsinworld.com\/pt\/viagens-de-aviao-e-cruzeiro-dois-euros-mais-caras-em-2021\/"},"modified":"2020-11-25T21:21:14","modified_gmt":"2020-11-25T18:21:14","slug":"viagens-de-aviao-e-cruzeiro-dois-euros-mais-caras-em-2021","status":"publish","type":"post","link":"https:\/\/hotnewsinworld.com\/pt\/viagens-de-aviao-e-cruzeiro-dois-euros-mais-caras-em-2021\/","title":{"rendered":"Viagens de avi\u00e3o e cruzeiro dois euros mais caras em 2021"},"content":{"rendered":"<p>Paulo Ribeiro Pinto (JN\/DV)Hoje\u00a0\u00e0s\u00a017:45Proposta foi viabilizada com o voto a favor do PS e Bloco. A taxa de carbono n\u00e3o se aplica \u00e0s crian\u00e7as com menos de dois anos e \u00e0s viagens com a Madeira e A\u00e7ores. As receitas revertem para o Fundo Ambiental.As viagens de avi\u00e3o e de cruzeiro v\u00e3o ficar dois euros mais caras em 2021. O PAN conseguiu viabilizar a norma para o Or\u00e7amento do Estado para 2021 (OE2021) com os votos favor\u00e1veis do PS, Bloco de Esquerda. O PSD, o PCP, o CDS o Chega e a Iniciativa Liberal votaram contra. N\u00e3o houve absten\u00e7\u00f5es.&#8221;O Governo introduz, em 2021, uma taxa de carbono para o consumidor de viagens a\u00e9reas, mar\u00edtimas e fluviais, no valor de 2 euros por passageiro, a qual incide sobre a emiss\u00e3o de t\u00edtulos de transporte a\u00e9reo comercial de passageiros com partida dos aeroportos e aer\u00f3dromos situados em territ\u00f3rio portugu\u00eas e sobre a atracagem dos navios de passageiros nos terminais portu\u00e1rios localizados em territ\u00f3rio de Portugal continental para abastecimento, repara\u00e7\u00e3o, embarque ou desembarque de passageiros&#8221;, l\u00ea-se no texto da proposta do Pessoas-Natueza-Animais.O Executivo j\u00e1 tinha sinalizado a viabiliza\u00e7\u00e3o da proposta. &#8220;Queria destacar a abertura do governo para a quest\u00e3o colocada sobre a taxa de carbono na parte de viagens a\u00e9reas e mar\u00edtimas&#8221;, afirmou Jo\u00e3o Le\u00e3o numa resposta \u00e0 deputada do PAN, In\u00eas de Sousa Real durante o debate do OE2021.As receitas da taxa &#8220;revertem para o Fundo Ambiental para a\u00e7\u00f5es de financiamento na \u00e1rea da ferrovia e na redu\u00e7\u00e3o de emiss\u00f5es de CO2 dos transportes coletivos, designadamente, na aplica\u00e7\u00e3o em pol\u00edticas p\u00fablicas de apoio \u00e0 mobilidade el\u00e9trica&#8221;, acrescenta o texto.Exclu\u00eddas desta taxa est\u00e3o as crian\u00e7as com menos de dois anos de idade, os servi\u00e7os de transporte abrangidos por obriga\u00e7\u00f5es de servi\u00e7o p\u00fablico, ao transporte a\u00e9reo de residentes nas regi\u00f5es aut\u00f3nomas entre o continente e a respetiva regi\u00e3o e dentro da respetiva regi\u00e3o, ao transporte p\u00fablico de passageiros no \u00e2mbito do transporte mar\u00edtimo e fluvial, aos navios ro-ro de passageiros e \u00e0s aterragens ou atracagens por motivos de ordem t\u00e9cnica, meteorol\u00f3gica ou conting\u00eancia similar&#8221;, explicita a norma.O Governo tem de aprovar a regulamenta\u00e7\u00e3o desta medida no prazo de 30 dias.<br \/>\n<br \/>\n<!--noindex--><br \/>\n<a href=\"http:\/\/feeds.jn.pt\/~r\/JN-ECONOMIA\/~3\/AMobau411vY\/viagens-de-aviao-e-cruzeiro-dois-euros-mais-caras-em-2021-13075638.html\" rel=\"nofollow\">Source link <\/a><br \/>\n<!--\/noindex--><\/p>\n","protected":false},"excerpt":{"rendered":"<p>Paulo Ribeiro Pinto (JN\/DV)Hoje\u00a0\u00e0s\u00a017:45Proposta foi viabilizada com o voto a favor do PS e Bloco. A taxa de carbono n\u00e3o se aplica \u00e0s crian\u00e7as com menos de dois anos e \u00e0s viagens com a Madeira e A\u00e7ores. As receitas revertem para o Fundo Ambiental.As viagens de avi\u00e3o e de cruzeiro v\u00e3o ficar dois euros mais [&hellip;]<\/p>\n","protected":false},"author":2,"featured_media":2607,"comment_status":"open","ping_status":"open","sticky":false,"template":"","format":"standard","meta":{"footnotes":""},"categories":[1],"tags":[],"class_list":["post-2606","post","type-post","status-publish","format-standard","has-post-thumbnail","hentry","category-ultimas-noticias-financeiras"],"yoast_head":"<!-- This site is optimized with the Yoast SEO plugin v27.4 - https:\/\/yoast.com\/product\/yoast-seo-wordpress\/ -->\n<title>Viagens de avi\u00e3o e cruzeiro dois euros mais caras em 2021 - Hot News in World<\/title>\n<meta name=\"robots\" content=\"index, follow, max-snippet:-1, max-image-preview:large, max-video-preview:-1\" \/>\n<link rel=\"canonical\" href=\"https:\/\/hotnewsinworld.com\/pt\/viagens-de-aviao-e-cruzeiro-dois-euros-mais-caras-em-2021\/\" \/>\n<meta property=\"og:locale\" content=\"pt_PT\" \/>\n<meta property=\"og:type\" content=\"article\" \/>\n<meta property=\"og:title\" content=\"Viagens de avi\u00e3o e cruzeiro dois euros mais caras em 2021 - Hot News in World\" \/>\n<meta property=\"og:description\" content=\"Paulo Ribeiro Pinto (JN\/DV)Hoje\u00a0\u00e0s\u00a017:45Proposta foi viabilizada com o voto a favor do PS e Bloco. A taxa de carbono n\u00e3o se aplica \u00e0s crian\u00e7as com menos de dois anos e \u00e0s viagens com a Madeira e A\u00e7ores. As receitas revertem para o Fundo Ambiental.As viagens de avi\u00e3o e de cruzeiro v\u00e3o ficar dois euros mais [&hellip;]\" \/>\n<meta property=\"og:url\" content=\"https:\/\/hotnewsinworld.com\/pt\/viagens-de-aviao-e-cruzeiro-dois-euros-mais-caras-em-2021\/\" \/>\n<meta property=\"og:site_name\" content=\"Hot News in World\" \/>\n<meta property=\"article:published_time\" content=\"2020-11-25T18:21:10+00:00\" \/>\n<meta property=\"article:modified_time\" content=\"2020-11-25T18:21:14+00:00\" \/>\n<meta property=\"og:image\" content=\"https:\/\/hotnewsinworld.com\/pt\/wp-content\/uploads\/sites\/2\/2020\/11\/Viagens-de-aviao-e-cruzeiro-dois-euros-mais-caras-em.aspx.jpeg\" \/>\n\t<meta property=\"og:image:width\" content=\"799\" \/>\n\t<meta property=\"og:image:height\" content=\"420\" \/>\n\t<meta property=\"og:image:type\" content=\"image\/jpeg\" \/>\n<meta name=\"author\" content=\"hotnewsinworld\" \/>\n<meta name=\"twitter:card\" content=\"summary_large_image\" \/>\n<meta name=\"twitter:label1\" content=\"Escrito por\" \/>\n\t<meta name=\"twitter:data1\" content=\"hotnewsinworld\" \/>\n\t<meta name=\"twitter:label2\" content=\"Tempo estimado de leitura\" \/>\n\t<meta name=\"twitter:data2\" content=\"2 minutos\" \/>\n<script type=\"application\/ld+json\" class=\"yoast-schema-graph\">{\"@context\":\"https:\\\/\\\/schema.org\",\"@graph\":[{\"@type\":\"Article\",\"@id\":\"https:\\\/\\\/hotnewsinworld.com\\\/pt\\\/viagens-de-aviao-e-cruzeiro-dois-euros-mais-caras-em-2021\\\/#article\",\"isPartOf\":{\"@id\":\"https:\\\/\\\/hotnewsinworld.com\\\/pt\\\/viagens-de-aviao-e-cruzeiro-dois-euros-mais-caras-em-2021\\\/\"},\"author\":{\"name\":\"hotnewsinworld\",\"@id\":\"https:\\\/\\\/hotnewsinworld.com\\\/pt\\\/#\\\/schema\\\/person\\\/fe61448b21c0d59086e75fcc1f9d8f6b\"},\"headline\":\"Viagens de avi\u00e3o e cruzeiro dois euros mais caras em 2021\",\"datePublished\":\"2020-11-25T18:21:10+00:00\",\"dateModified\":\"2020-11-25T18:21:14+00:00\",\"mainEntityOfPage\":{\"@id\":\"https:\\\/\\\/hotnewsinworld.com\\\/pt\\\/viagens-de-aviao-e-cruzeiro-dois-euros-mais-caras-em-2021\\\/\"},\"wordCount\":424,\"commentCount\":0,\"image\":{\"@id\":\"https:\\\/\\\/hotnewsinworld.com\\\/pt\\\/viagens-de-aviao-e-cruzeiro-dois-euros-mais-caras-em-2021\\\/#primaryimage\"},\"thumbnailUrl\":\"https:\\\/\\\/hotnewsinworld.com\\\/pt\\\/wp-content\\\/uploads\\\/sites\\\/2\\\/2020\\\/11\\\/Viagens-de-aviao-e-cruzeiro-dois-euros-mais-caras-em.aspx.jpeg\",\"articleSection\":[\"\u00daLTIMAS NOT\u00cdCIAS FINANCEIRAS\"],\"inLanguage\":\"pt-PT\",\"potentialAction\":[{\"@type\":\"CommentAction\",\"name\":\"Comment\",\"target\":[\"https:\\\/\\\/hotnewsinworld.com\\\/pt\\\/viagens-de-aviao-e-cruzeiro-dois-euros-mais-caras-em-2021\\\/#respond\"]}]},{\"@type\":\"WebPage\",\"@id\":\"https:\\\/\\\/hotnewsinworld.com\\\/pt\\\/viagens-de-aviao-e-cruzeiro-dois-euros-mais-caras-em-2021\\\/\",\"url\":\"https:\\\/\\\/hotnewsinworld.com\\\/pt\\\/viagens-de-aviao-e-cruzeiro-dois-euros-mais-caras-em-2021\\\/\",\"name\":\"Viagens de avi\u00e3o e cruzeiro dois euros mais caras em 2021 - Hot News in World\",\"isPartOf\":{\"@id\":\"https:\\\/\\\/hotnewsinworld.com\\\/pt\\\/#website\"},\"primaryImageOfPage\":{\"@id\":\"https:\\\/\\\/hotnewsinworld.com\\\/pt\\\/viagens-de-aviao-e-cruzeiro-dois-euros-mais-caras-em-2021\\\/#primaryimage\"},\"image\":{\"@id\":\"https:\\\/\\\/hotnewsinworld.com\\\/pt\\\/viagens-de-aviao-e-cruzeiro-dois-euros-mais-caras-em-2021\\\/#primaryimage\"},\"thumbnailUrl\":\"https:\\\/\\\/hotnewsinworld.com\\\/pt\\\/wp-content\\\/uploads\\\/sites\\\/2\\\/2020\\\/11\\\/Viagens-de-aviao-e-cruzeiro-dois-euros-mais-caras-em.aspx.jpeg\",\"datePublished\":\"2020-11-25T18:21:10+00:00\",\"dateModified\":\"2020-11-25T18:21:14+00:00\",\"author\":{\"@id\":\"https:\\\/\\\/hotnewsinworld.com\\\/pt\\\/#\\\/schema\\\/person\\\/fe61448b21c0d59086e75fcc1f9d8f6b\"},\"breadcrumb\":{\"@id\":\"https:\\\/\\\/hotnewsinworld.com\\\/pt\\\/viagens-de-aviao-e-cruzeiro-dois-euros-mais-caras-em-2021\\\/#breadcrumb\"},\"inLanguage\":\"pt-PT\",\"potentialAction\":[{\"@type\":\"ReadAction\",\"target\":[\"https:\\\/\\\/hotnewsinworld.com\\\/pt\\\/viagens-de-aviao-e-cruzeiro-dois-euros-mais-caras-em-2021\\\/\"]}]},{\"@type\":\"ImageObject\",\"inLanguage\":\"pt-PT\",\"@id\":\"https:\\\/\\\/hotnewsinworld.com\\\/pt\\\/viagens-de-aviao-e-cruzeiro-dois-euros-mais-caras-em-2021\\\/#primaryimage\",\"url\":\"https:\\\/\\\/hotnewsinworld.com\\\/pt\\\/wp-content\\\/uploads\\\/sites\\\/2\\\/2020\\\/11\\\/Viagens-de-aviao-e-cruzeiro-dois-euros-mais-caras-em.aspx.jpeg\",\"contentUrl\":\"https:\\\/\\\/hotnewsinworld.com\\\/pt\\\/wp-content\\\/uploads\\\/sites\\\/2\\\/2020\\\/11\\\/Viagens-de-aviao-e-cruzeiro-dois-euros-mais-caras-em.aspx.jpeg\",\"width\":799,\"height\":420,\"caption\":\"Viagens de avi\u00e3o e cruzeiro dois euros mais caras em 2021\"},{\"@type\":\"BreadcrumbList\",\"@id\":\"https:\\\/\\\/hotnewsinworld.com\\\/pt\\\/viagens-de-aviao-e-cruzeiro-dois-euros-mais-caras-em-2021\\\/#breadcrumb\",\"itemListElement\":[{\"@type\":\"ListItem\",\"position\":1,\"name\":\"\u0413\u043b\u0430\u0432\u043d\u0430\u044f \u0441\u0442\u0440\u0430\u043d\u0438\u0446\u0430\",\"item\":\"https:\\\/\\\/hotnewsinworld.com\\\/pt\\\/\"},{\"@type\":\"ListItem\",\"position\":2,\"name\":\"Viagens de avi\u00e3o e cruzeiro dois euros mais caras em 2021\"}]},{\"@type\":\"WebSite\",\"@id\":\"https:\\\/\\\/hotnewsinworld.com\\\/pt\\\/#website\",\"url\":\"https:\\\/\\\/hotnewsinworld.com\\\/pt\\\/\",\"name\":\"Hot News in World\",\"description\":\"Hot News in World Portugal\",\"potentialAction\":[{\"@type\":\"SearchAction\",\"target\":{\"@type\":\"EntryPoint\",\"urlTemplate\":\"https:\\\/\\\/hotnewsinworld.com\\\/pt\\\/?s={search_term_string}\"},\"query-input\":{\"@type\":\"PropertyValueSpecification\",\"valueRequired\":true,\"valueName\":\"search_term_string\"}}],\"inLanguage\":\"pt-PT\"},{\"@type\":\"Person\",\"@id\":\"https:\\\/\\\/hotnewsinworld.com\\\/pt\\\/#\\\/schema\\\/person\\\/fe61448b21c0d59086e75fcc1f9d8f6b\",\"name\":\"hotnewsinworld\",\"image\":{\"@type\":\"ImageObject\",\"inLanguage\":\"pt-PT\",\"@id\":\"https:\\\/\\\/secure.gravatar.com\\\/avatar\\\/8a09ac165600ce2e1c38fe593c63928eb1e6e7ba5c5a907d67787c41b3d00c14?s=96&d=mm&r=g\",\"url\":\"https:\\\/\\\/secure.gravatar.com\\\/avatar\\\/8a09ac165600ce2e1c38fe593c63928eb1e6e7ba5c5a907d67787c41b3d00c14?s=96&d=mm&r=g\",\"contentUrl\":\"https:\\\/\\\/secure.gravatar.com\\\/avatar\\\/8a09ac165600ce2e1c38fe593c63928eb1e6e7ba5c5a907d67787c41b3d00c14?s=96&d=mm&r=g\",\"caption\":\"hotnewsinworld\"},\"url\":\"https:\\\/\\\/hotnewsinworld.com\\\/pt\\\/author\\\/pt\\\/\"}]}<\/script>\n<!-- \/ Yoast SEO plugin. -->","yoast_head_json":{"title":"Viagens de avi\u00e3o e cruzeiro dois euros mais caras em 2021 - Hot News in World","robots":{"index":"index","follow":"follow","max-snippet":"max-snippet:-1","max-image-preview":"max-image-preview:large","max-video-preview":"max-video-preview:-1"},"canonical":"https:\/\/hotnewsinworld.com\/pt\/viagens-de-aviao-e-cruzeiro-dois-euros-mais-caras-em-2021\/","og_locale":"pt_PT","og_type":"article","og_title":"Viagens de avi\u00e3o e cruzeiro dois euros mais caras em 2021 - Hot News in World","og_description":"Paulo Ribeiro Pinto (JN\/DV)Hoje\u00a0\u00e0s\u00a017:45Proposta foi viabilizada com o voto a favor do PS e Bloco. A taxa de carbono n\u00e3o se aplica \u00e0s crian\u00e7as com menos de dois anos e \u00e0s viagens com a Madeira e A\u00e7ores. As receitas revertem para o Fundo Ambiental.As viagens de avi\u00e3o e de cruzeiro v\u00e3o ficar dois euros mais [&hellip;]","og_url":"https:\/\/hotnewsinworld.com\/pt\/viagens-de-aviao-e-cruzeiro-dois-euros-mais-caras-em-2021\/","og_site_name":"Hot News in World","article_published_time":"2020-11-25T18:21:10+00:00","article_modified_time":"2020-11-25T18:21:14+00:00","og_image":[{"width":799,"height":420,"url":"https:\/\/hotnewsinworld.com\/pt\/wp-content\/uploads\/sites\/2\/2020\/11\/Viagens-de-aviao-e-cruzeiro-dois-euros-mais-caras-em.aspx.jpeg","type":"image\/jpeg"}],"author":"hotnewsinworld","twitter_card":"summary_large_image","twitter_misc":{"Escrito por":"hotnewsinworld","Tempo estimado de leitura":"2 minutos"},"schema":{"@context":"https:\/\/schema.org","@graph":[{"@type":"Article","@id":"https:\/\/hotnewsinworld.com\/pt\/viagens-de-aviao-e-cruzeiro-dois-euros-mais-caras-em-2021\/#article","isPartOf":{"@id":"https:\/\/hotnewsinworld.com\/pt\/viagens-de-aviao-e-cruzeiro-dois-euros-mais-caras-em-2021\/"},"author":{"name":"hotnewsinworld","@id":"https:\/\/hotnewsinworld.com\/pt\/#\/schema\/person\/fe61448b21c0d59086e75fcc1f9d8f6b"},"headline":"Viagens de avi\u00e3o e cruzeiro dois euros mais caras em 2021","datePublished":"2020-11-25T18:21:10+00:00","dateModified":"2020-11-25T18:21:14+00:00","mainEntityOfPage":{"@id":"https:\/\/hotnewsinworld.com\/pt\/viagens-de-aviao-e-cruzeiro-dois-euros-mais-caras-em-2021\/"},"wordCount":424,"commentCount":0,"image":{"@id":"https:\/\/hotnewsinworld.com\/pt\/viagens-de-aviao-e-cruzeiro-dois-euros-mais-caras-em-2021\/#primaryimage"},"thumbnailUrl":"https:\/\/hotnewsinworld.com\/pt\/wp-content\/uploads\/sites\/2\/2020\/11\/Viagens-de-aviao-e-cruzeiro-dois-euros-mais-caras-em.aspx.jpeg","articleSection":["\u00daLTIMAS NOT\u00cdCIAS FINANCEIRAS"],"inLanguage":"pt-PT","potentialAction":[{"@type":"CommentAction","name":"Comment","target":["https:\/\/hotnewsinworld.com\/pt\/viagens-de-aviao-e-cruzeiro-dois-euros-mais-caras-em-2021\/#respond"]}]},{"@type":"WebPage","@id":"https:\/\/hotnewsinworld.com\/pt\/viagens-de-aviao-e-cruzeiro-dois-euros-mais-caras-em-2021\/","url":"https:\/\/hotnewsinworld.com\/pt\/viagens-de-aviao-e-cruzeiro-dois-euros-mais-caras-em-2021\/","name":"Viagens de avi\u00e3o e cruzeiro dois euros mais caras em 2021 - Hot News in World","isPartOf":{"@id":"https:\/\/hotnewsinworld.com\/pt\/#website"},"primaryImageOfPage":{"@id":"https:\/\/hotnewsinworld.com\/pt\/viagens-de-aviao-e-cruzeiro-dois-euros-mais-caras-em-2021\/#primaryimage"},"image":{"@id":"https:\/\/hotnewsinworld.com\/pt\/viagens-de-aviao-e-cruzeiro-dois-euros-mais-caras-em-2021\/#primaryimage"},"thumbnailUrl":"https:\/\/hotnewsinworld.com\/pt\/wp-content\/uploads\/sites\/2\/2020\/11\/Viagens-de-aviao-e-cruzeiro-dois-euros-mais-caras-em.aspx.jpeg","datePublished":"2020-11-25T18:21:10+00:00","dateModified":"2020-11-25T18:21:14+00:00","author":{"@id":"https:\/\/hotnewsinworld.com\/pt\/#\/schema\/person\/fe61448b21c0d59086e75fcc1f9d8f6b"},"breadcrumb":{"@id":"https:\/\/hotnewsinworld.com\/pt\/viagens-de-aviao-e-cruzeiro-dois-euros-mais-caras-em-2021\/#breadcrumb"},"inLanguage":"pt-PT","potentialAction":[{"@type":"ReadAction","target":["https:\/\/hotnewsinworld.com\/pt\/viagens-de-aviao-e-cruzeiro-dois-euros-mais-caras-em-2021\/"]}]},{"@type":"ImageObject","inLanguage":"pt-PT","@id":"https:\/\/hotnewsinworld.com\/pt\/viagens-de-aviao-e-cruzeiro-dois-euros-mais-caras-em-2021\/#primaryimage","url":"https:\/\/hotnewsinworld.com\/pt\/wp-content\/uploads\/sites\/2\/2020\/11\/Viagens-de-aviao-e-cruzeiro-dois-euros-mais-caras-em.aspx.jpeg","contentUrl":"https:\/\/hotnewsinworld.com\/pt\/wp-content\/uploads\/sites\/2\/2020\/11\/Viagens-de-aviao-e-cruzeiro-dois-euros-mais-caras-em.aspx.jpeg","width":799,"height":420,"caption":"Viagens de avi\u00e3o e cruzeiro dois euros mais caras em 2021"},{"@type":"BreadcrumbList","@id":"https:\/\/hotnewsinworld.com\/pt\/viagens-de-aviao-e-cruzeiro-dois-euros-mais-caras-em-2021\/#breadcrumb","itemListElement":[{"@type":"ListItem","position":1,"name":"\u0413\u043b\u0430\u0432\u043d\u0430\u044f \u0441\u0442\u0440\u0430\u043d\u0438\u0446\u0430","item":"https:\/\/hotnewsinworld.com\/pt\/"},{"@type":"ListItem","position":2,"name":"Viagens de avi\u00e3o e cruzeiro dois euros mais caras em 2021"}]},{"@type":"WebSite","@id":"https:\/\/hotnewsinworld.com\/pt\/#website","url":"https:\/\/hotnewsinworld.com\/pt\/","name":"Hot News in World","description":"Hot News in World Portugal","potentialAction":[{"@type":"SearchAction","target":{"@type":"EntryPoint","urlTemplate":"https:\/\/hotnewsinworld.com\/pt\/?s={search_term_string}"},"query-input":{"@type":"PropertyValueSpecification","valueRequired":true,"valueName":"search_term_string"}}],"inLanguage":"pt-PT"},{"@type":"Person","@id":"https:\/\/hotnewsinworld.com\/pt\/#\/schema\/person\/fe61448b21c0d59086e75fcc1f9d8f6b","name":"hotnewsinworld","image":{"@type":"ImageObject","inLanguage":"pt-PT","@id":"https:\/\/secure.gravatar.com\/avatar\/8a09ac165600ce2e1c38fe593c63928eb1e6e7ba5c5a907d67787c41b3d00c14?s=96&d=mm&r=g","url":"https:\/\/secure.gravatar.com\/avatar\/8a09ac165600ce2e1c38fe593c63928eb1e6e7ba5c5a907d67787c41b3d00c14?s=96&d=mm&r=g","contentUrl":"https:\/\/secure.gravatar.com\/avatar\/8a09ac165600ce2e1c38fe593c63928eb1e6e7ba5c5a907d67787c41b3d00c14?s=96&d=mm&r=g","caption":"hotnewsinworld"},"url":"https:\/\/hotnewsinworld.com\/pt\/author\/pt\/"}]}},"_links":{"self":[{"href":"https:\/\/hotnewsinworld.com\/pt\/wp-json\/wp\/v2\/posts\/2606","targetHints":{"allow":["GET"]}}],"collection":[{"href":"https:\/\/hotnewsinworld.com\/pt\/wp-json\/wp\/v2\/posts"}],"about":[{"href":"https:\/\/hotnewsinworld.com\/pt\/wp-json\/wp\/v2\/types\/post"}],"author":[{"embeddable":true,"href":"https:\/\/hotnewsinworld.com\/pt\/wp-json\/wp\/v2\/users\/2"}],"replies":[{"embeddable":true,"href":"https:\/\/hotnewsinworld.com\/pt\/wp-json\/wp\/v2\/comments?post=2606"}],"version-history":[{"count":1,"href":"https:\/\/hotnewsinworld.com\/pt\/wp-json\/wp\/v2\/posts\/2606\/revisions"}],"predecessor-version":[{"id":2608,"href":"https:\/\/hotnewsinworld.com\/pt\/wp-json\/wp\/v2\/posts\/2606\/revisions\/2608"}],"wp:featuredmedia":[{"embeddable":true,"href":"https:\/\/hotnewsinworld.com\/pt\/wp-json\/wp\/v2\/media\/2607"}],"wp:attachment":[{"href":"https:\/\/hotnewsinworld.com\/pt\/wp-json\/wp\/v2\/media?parent=2606"}],"wp:term":[{"taxonomy":"category","embeddable":true,"href":"https:\/\/hotnewsinworld.com\/pt\/wp-json\/wp\/v2\/categories?post=2606"},{"taxonomy":"post_tag","embeddable":true,"href":"https:\/\/hotnewsinworld.com\/pt\/wp-json\/wp\/v2\/tags?post=2606"}],"curies":[{"name":"wp","href":"https:\/\/api.w.org\/{rel}","templated":true}]}}