{"id":2612,"date":"2020-11-26T21:35:23","date_gmt":"2020-11-26T18:35:23","guid":{"rendered":"https:\/\/hotnewsinworld.com\/pt\/corte-nas-reformas-antecipadas-aumenta-para-155-em-2021\/"},"modified":"2020-11-26T21:35:25","modified_gmt":"2020-11-26T18:35:25","slug":"corte-nas-reformas-antecipadas-aumenta-para-155-em-2021","status":"publish","type":"post","link":"https:\/\/hotnewsinworld.com\/pt\/corte-nas-reformas-antecipadas-aumenta-para-155-em-2021\/","title":{"rendered":"Corte nas reformas antecipadas aumenta para 15,5% em 2021"},"content":{"rendered":"<p>JN\/Ag\u00eanciasHoje\u00a0\u00e0s\u00a015:37Os trabalhadores que se reformem antecipadamente em 2021 ter\u00e3o uma penaliza\u00e7\u00e3o de 15,5% na pens\u00e3o por via do fator de sustentabilidade, segundo a estimativa provis\u00f3ria da esperan\u00e7a de vida aos 65 anos divulgada esta quinta-feira pelo INE.De acordo com o Instituto Nacional de Estat\u00edsticas (INE), no tri\u00e9nio 2018-2020 a estimativa provis\u00f3ria da esperan\u00e7a de vida aos 65 anos &#8220;foi de 19,69 anos&#8221;.\u00c0 luz das regras em vigor e, tendo em conta a esperan\u00e7a de vida aos 65 anos no tri\u00e9nio terminado no ano 2000 (que era de 16,63 anos), a subida da esperan\u00e7a m\u00e9dia de vida ditar\u00e1 um corte de 15,5% nas pens\u00f5es antecipadas em 2021, segundo os c\u00e1lculos da ag\u00eancia Lusa.Este corte de 15,5% por via do fator de sustentabilidade compara com a penaliza\u00e7\u00e3o de 15,2% aplicada \u00e0s reformas antecipadas deste ano.O fator de sustentabilidade \u00e9 calculado com base na esperan\u00e7a m\u00e9dia de vida e tem a dupla fun\u00e7\u00e3o de determinar a idade legal de acesso \u00e0 reforma e o corte aplicado aos que n\u00e3o esperam por esta idade ou pela sua idade pessoal para pedir a pens\u00e3o e se reformem antecipadamente.Em 2021 a idade legal de acesso \u00e0 reforma ser\u00e1 de 66 anos e seis meses &#8211; mais um m\u00eas do que em 2020.Ao longo dos \u00faltimos anos foram tomadas v\u00e1rias medidas que eliminaram a penaliza\u00e7\u00e3o imposta pelo fator de sustentabilidade no acesso \u00e0 reforma antes da idade legal.Est\u00e3o neste caso as pessoas com muito longas carreiras contributivas e as ligadas a profiss\u00f5es de desgaste r\u00e1pido.O fator de sustentabilidade tamb\u00e9m n\u00e3o \u00e9 aplicado no c\u00e1lculo das pens\u00f5es das pessoas que aos 60 anos de idade tinham pelo menos 40 de descontos. Os trabalhadores nesta situa\u00e7\u00e3o t\u00eam, por\u00e9m, uma penaliza\u00e7\u00e3o mensal de 0,5% por cada m\u00eas de antecipa\u00e7\u00e3o face \u00e0 idade legal para se reformarem, sendo esta determinada em fun\u00e7\u00e3o da carreira contributiva, podendo ser diferente da que \u00e9 fixada em fun\u00e7\u00e3o da esperan\u00e7a m\u00e9dia de vida.Na informa\u00e7\u00e3o hoje divulgada, o INE assinala que ainda que a estimativa provis\u00f3ria da esperan\u00e7a de vida aos 65 anos mantenha a trajet\u00f3ria ascendente que tem vindo a ser observada, o progresso no \u00faltimo tri\u00e9nio atenuou-se.&#8221;Efetivamente, no tri\u00e9nio 2018-2020 aquela estimativa foi 19,69 anos, tendo nos dois tri\u00e9nios anteriores sido estimada em 19,61 anos (2017-2019) e 19,49 anos (2016-2018)&#8221;, assinala a autoridade estat\u00edstica nacional.<br \/>\n<br \/>\n<!--noindex--><br \/>\n<a href=\"http:\/\/feeds.jn.pt\/~r\/JN-ECONOMIA\/~3\/5eGZqhZ1U3M\/corte-nas-reformas-antecipadas-aumenta-para-155-em-2021-13079740.html\" rel=\"nofollow\">Source link <\/a><br \/>\n<!--\/noindex--><\/p>\n","protected":false},"excerpt":{"rendered":"<p>JN\/Ag\u00eanciasHoje\u00a0\u00e0s\u00a015:37Os trabalhadores que se reformem antecipadamente em 2021 ter\u00e3o uma penaliza\u00e7\u00e3o de 15,5% na pens\u00e3o por via do fator de sustentabilidade, segundo a estimativa provis\u00f3ria da esperan\u00e7a de vida aos 65 anos divulgada esta quinta-feira pelo INE.De acordo com o Instituto Nacional de Estat\u00edsticas (INE), no tri\u00e9nio 2018-2020 a estimativa provis\u00f3ria da esperan\u00e7a de vida [&hellip;]<\/p>\n","protected":false},"author":2,"featured_media":2613,"comment_status":"open","ping_status":"open","sticky":false,"template":"","format":"standard","meta":{"footnotes":""},"categories":[1],"tags":[],"class_list":["post-2612","post","type-post","status-publish","format-standard","has-post-thumbnail","hentry","category-ultimas-noticias-financeiras"],"yoast_head":"<!-- This site is optimized with the Yoast SEO plugin v27.4 - https:\/\/yoast.com\/product\/yoast-seo-wordpress\/ -->\n<title>Corte nas reformas antecipadas aumenta para 15,5% em 2021 - Hot News in World<\/title>\n<meta name=\"robots\" content=\"index, follow, max-snippet:-1, max-image-preview:large, max-video-preview:-1\" \/>\n<link rel=\"canonical\" href=\"https:\/\/hotnewsinworld.com\/pt\/corte-nas-reformas-antecipadas-aumenta-para-155-em-2021\/\" \/>\n<meta property=\"og:locale\" content=\"pt_PT\" \/>\n<meta property=\"og:type\" content=\"article\" \/>\n<meta property=\"og:title\" content=\"Corte nas reformas antecipadas aumenta para 15,5% em 2021 - Hot News in World\" \/>\n<meta property=\"og:description\" content=\"JN\/Ag\u00eanciasHoje\u00a0\u00e0s\u00a015:37Os trabalhadores que se reformem antecipadamente em 2021 ter\u00e3o uma penaliza\u00e7\u00e3o de 15,5% na pens\u00e3o por via do fator de sustentabilidade, segundo a estimativa provis\u00f3ria da esperan\u00e7a de vida aos 65 anos divulgada esta quinta-feira pelo INE.De acordo com o Instituto Nacional de Estat\u00edsticas (INE), no tri\u00e9nio 2018-2020 a estimativa provis\u00f3ria da esperan\u00e7a de vida [&hellip;]\" \/>\n<meta property=\"og:url\" content=\"https:\/\/hotnewsinworld.com\/pt\/corte-nas-reformas-antecipadas-aumenta-para-155-em-2021\/\" \/>\n<meta property=\"og:site_name\" content=\"Hot News in World\" \/>\n<meta property=\"article:published_time\" content=\"2020-11-26T18:35:23+00:00\" \/>\n<meta property=\"article:modified_time\" content=\"2020-11-26T18:35:25+00:00\" \/>\n<meta property=\"og:image\" content=\"https:\/\/hotnewsinworld.com\/pt\/wp-content\/uploads\/sites\/2\/2020\/11\/Corte-nas-reformas-antecipadas-aumenta-para-155-em-2021.aspx.jpeg\" \/>\n\t<meta property=\"og:image:width\" content=\"800\" \/>\n\t<meta property=\"og:image:height\" content=\"420\" \/>\n\t<meta property=\"og:image:type\" content=\"image\/jpeg\" \/>\n<meta name=\"author\" content=\"hotnewsinworld\" \/>\n<meta name=\"twitter:card\" content=\"summary_large_image\" \/>\n<meta name=\"twitter:label1\" content=\"Escrito por\" \/>\n\t<meta name=\"twitter:data1\" content=\"hotnewsinworld\" \/>\n\t<meta name=\"twitter:label2\" content=\"Tempo estimado de leitura\" \/>\n\t<meta name=\"twitter:data2\" content=\"2 minutos\" \/>\n<script type=\"application\/ld+json\" class=\"yoast-schema-graph\">{\"@context\":\"https:\\\/\\\/schema.org\",\"@graph\":[{\"@type\":\"Article\",\"@id\":\"https:\\\/\\\/hotnewsinworld.com\\\/pt\\\/corte-nas-reformas-antecipadas-aumenta-para-155-em-2021\\\/#article\",\"isPartOf\":{\"@id\":\"https:\\\/\\\/hotnewsinworld.com\\\/pt\\\/corte-nas-reformas-antecipadas-aumenta-para-155-em-2021\\\/\"},\"author\":{\"name\":\"hotnewsinworld\",\"@id\":\"https:\\\/\\\/hotnewsinworld.com\\\/pt\\\/#\\\/schema\\\/person\\\/fe61448b21c0d59086e75fcc1f9d8f6b\"},\"headline\":\"Corte nas reformas antecipadas aumenta para 15,5% em 2021\",\"datePublished\":\"2020-11-26T18:35:23+00:00\",\"dateModified\":\"2020-11-26T18:35:25+00:00\",\"mainEntityOfPage\":{\"@id\":\"https:\\\/\\\/hotnewsinworld.com\\\/pt\\\/corte-nas-reformas-antecipadas-aumenta-para-155-em-2021\\\/\"},\"wordCount\":424,\"commentCount\":0,\"image\":{\"@id\":\"https:\\\/\\\/hotnewsinworld.com\\\/pt\\\/corte-nas-reformas-antecipadas-aumenta-para-155-em-2021\\\/#primaryimage\"},\"thumbnailUrl\":\"https:\\\/\\\/hotnewsinworld.com\\\/pt\\\/wp-content\\\/uploads\\\/sites\\\/2\\\/2020\\\/11\\\/Corte-nas-reformas-antecipadas-aumenta-para-155-em-2021.aspx.jpeg\",\"articleSection\":[\"\u00daLTIMAS NOT\u00cdCIAS FINANCEIRAS\"],\"inLanguage\":\"pt-PT\",\"potentialAction\":[{\"@type\":\"CommentAction\",\"name\":\"Comment\",\"target\":[\"https:\\\/\\\/hotnewsinworld.com\\\/pt\\\/corte-nas-reformas-antecipadas-aumenta-para-155-em-2021\\\/#respond\"]}]},{\"@type\":\"WebPage\",\"@id\":\"https:\\\/\\\/hotnewsinworld.com\\\/pt\\\/corte-nas-reformas-antecipadas-aumenta-para-155-em-2021\\\/\",\"url\":\"https:\\\/\\\/hotnewsinworld.com\\\/pt\\\/corte-nas-reformas-antecipadas-aumenta-para-155-em-2021\\\/\",\"name\":\"Corte nas reformas antecipadas aumenta para 15,5% em 2021 - Hot News in World\",\"isPartOf\":{\"@id\":\"https:\\\/\\\/hotnewsinworld.com\\\/pt\\\/#website\"},\"primaryImageOfPage\":{\"@id\":\"https:\\\/\\\/hotnewsinworld.com\\\/pt\\\/corte-nas-reformas-antecipadas-aumenta-para-155-em-2021\\\/#primaryimage\"},\"image\":{\"@id\":\"https:\\\/\\\/hotnewsinworld.com\\\/pt\\\/corte-nas-reformas-antecipadas-aumenta-para-155-em-2021\\\/#primaryimage\"},\"thumbnailUrl\":\"https:\\\/\\\/hotnewsinworld.com\\\/pt\\\/wp-content\\\/uploads\\\/sites\\\/2\\\/2020\\\/11\\\/Corte-nas-reformas-antecipadas-aumenta-para-155-em-2021.aspx.jpeg\",\"datePublished\":\"2020-11-26T18:35:23+00:00\",\"dateModified\":\"2020-11-26T18:35:25+00:00\",\"author\":{\"@id\":\"https:\\\/\\\/hotnewsinworld.com\\\/pt\\\/#\\\/schema\\\/person\\\/fe61448b21c0d59086e75fcc1f9d8f6b\"},\"breadcrumb\":{\"@id\":\"https:\\\/\\\/hotnewsinworld.com\\\/pt\\\/corte-nas-reformas-antecipadas-aumenta-para-155-em-2021\\\/#breadcrumb\"},\"inLanguage\":\"pt-PT\",\"potentialAction\":[{\"@type\":\"ReadAction\",\"target\":[\"https:\\\/\\\/hotnewsinworld.com\\\/pt\\\/corte-nas-reformas-antecipadas-aumenta-para-155-em-2021\\\/\"]}]},{\"@type\":\"ImageObject\",\"inLanguage\":\"pt-PT\",\"@id\":\"https:\\\/\\\/hotnewsinworld.com\\\/pt\\\/corte-nas-reformas-antecipadas-aumenta-para-155-em-2021\\\/#primaryimage\",\"url\":\"https:\\\/\\\/hotnewsinworld.com\\\/pt\\\/wp-content\\\/uploads\\\/sites\\\/2\\\/2020\\\/11\\\/Corte-nas-reformas-antecipadas-aumenta-para-155-em-2021.aspx.jpeg\",\"contentUrl\":\"https:\\\/\\\/hotnewsinworld.com\\\/pt\\\/wp-content\\\/uploads\\\/sites\\\/2\\\/2020\\\/11\\\/Corte-nas-reformas-antecipadas-aumenta-para-155-em-2021.aspx.jpeg\",\"width\":800,\"height\":420,\"caption\":\"Corte nas reformas antecipadas aumenta para 15,5% em 2021\"},{\"@type\":\"BreadcrumbList\",\"@id\":\"https:\\\/\\\/hotnewsinworld.com\\\/pt\\\/corte-nas-reformas-antecipadas-aumenta-para-155-em-2021\\\/#breadcrumb\",\"itemListElement\":[{\"@type\":\"ListItem\",\"position\":1,\"name\":\"\u0413\u043b\u0430\u0432\u043d\u0430\u044f \u0441\u0442\u0440\u0430\u043d\u0438\u0446\u0430\",\"item\":\"https:\\\/\\\/hotnewsinworld.com\\\/pt\\\/\"},{\"@type\":\"ListItem\",\"position\":2,\"name\":\"Corte nas reformas antecipadas aumenta para 15,5% em 2021\"}]},{\"@type\":\"WebSite\",\"@id\":\"https:\\\/\\\/hotnewsinworld.com\\\/pt\\\/#website\",\"url\":\"https:\\\/\\\/hotnewsinworld.com\\\/pt\\\/\",\"name\":\"Hot News in World\",\"description\":\"Hot News in World Portugal\",\"potentialAction\":[{\"@type\":\"SearchAction\",\"target\":{\"@type\":\"EntryPoint\",\"urlTemplate\":\"https:\\\/\\\/hotnewsinworld.com\\\/pt\\\/?s={search_term_string}\"},\"query-input\":{\"@type\":\"PropertyValueSpecification\",\"valueRequired\":true,\"valueName\":\"search_term_string\"}}],\"inLanguage\":\"pt-PT\"},{\"@type\":\"Person\",\"@id\":\"https:\\\/\\\/hotnewsinworld.com\\\/pt\\\/#\\\/schema\\\/person\\\/fe61448b21c0d59086e75fcc1f9d8f6b\",\"name\":\"hotnewsinworld\",\"image\":{\"@type\":\"ImageObject\",\"inLanguage\":\"pt-PT\",\"@id\":\"https:\\\/\\\/secure.gravatar.com\\\/avatar\\\/8a09ac165600ce2e1c38fe593c63928eb1e6e7ba5c5a907d67787c41b3d00c14?s=96&d=mm&r=g\",\"url\":\"https:\\\/\\\/secure.gravatar.com\\\/avatar\\\/8a09ac165600ce2e1c38fe593c63928eb1e6e7ba5c5a907d67787c41b3d00c14?s=96&d=mm&r=g\",\"contentUrl\":\"https:\\\/\\\/secure.gravatar.com\\\/avatar\\\/8a09ac165600ce2e1c38fe593c63928eb1e6e7ba5c5a907d67787c41b3d00c14?s=96&d=mm&r=g\",\"caption\":\"hotnewsinworld\"},\"url\":\"https:\\\/\\\/hotnewsinworld.com\\\/pt\\\/author\\\/pt\\\/\"}]}<\/script>\n<!-- \/ Yoast SEO plugin. -->","yoast_head_json":{"title":"Corte nas reformas antecipadas aumenta para 15,5% em 2021 - Hot News in World","robots":{"index":"index","follow":"follow","max-snippet":"max-snippet:-1","max-image-preview":"max-image-preview:large","max-video-preview":"max-video-preview:-1"},"canonical":"https:\/\/hotnewsinworld.com\/pt\/corte-nas-reformas-antecipadas-aumenta-para-155-em-2021\/","og_locale":"pt_PT","og_type":"article","og_title":"Corte nas reformas antecipadas aumenta para 15,5% em 2021 - Hot News in World","og_description":"JN\/Ag\u00eanciasHoje\u00a0\u00e0s\u00a015:37Os trabalhadores que se reformem antecipadamente em 2021 ter\u00e3o uma penaliza\u00e7\u00e3o de 15,5% na pens\u00e3o por via do fator de sustentabilidade, segundo a estimativa provis\u00f3ria da esperan\u00e7a de vida aos 65 anos divulgada esta quinta-feira pelo INE.De acordo com o Instituto Nacional de Estat\u00edsticas (INE), no tri\u00e9nio 2018-2020 a estimativa provis\u00f3ria da esperan\u00e7a de vida [&hellip;]","og_url":"https:\/\/hotnewsinworld.com\/pt\/corte-nas-reformas-antecipadas-aumenta-para-155-em-2021\/","og_site_name":"Hot News in World","article_published_time":"2020-11-26T18:35:23+00:00","article_modified_time":"2020-11-26T18:35:25+00:00","og_image":[{"width":800,"height":420,"url":"https:\/\/hotnewsinworld.com\/pt\/wp-content\/uploads\/sites\/2\/2020\/11\/Corte-nas-reformas-antecipadas-aumenta-para-155-em-2021.aspx.jpeg","type":"image\/jpeg"}],"author":"hotnewsinworld","twitter_card":"summary_large_image","twitter_misc":{"Escrito por":"hotnewsinworld","Tempo estimado de leitura":"2 minutos"},"schema":{"@context":"https:\/\/schema.org","@graph":[{"@type":"Article","@id":"https:\/\/hotnewsinworld.com\/pt\/corte-nas-reformas-antecipadas-aumenta-para-155-em-2021\/#article","isPartOf":{"@id":"https:\/\/hotnewsinworld.com\/pt\/corte-nas-reformas-antecipadas-aumenta-para-155-em-2021\/"},"author":{"name":"hotnewsinworld","@id":"https:\/\/hotnewsinworld.com\/pt\/#\/schema\/person\/fe61448b21c0d59086e75fcc1f9d8f6b"},"headline":"Corte nas reformas antecipadas aumenta para 15,5% em 2021","datePublished":"2020-11-26T18:35:23+00:00","dateModified":"2020-11-26T18:35:25+00:00","mainEntityOfPage":{"@id":"https:\/\/hotnewsinworld.com\/pt\/corte-nas-reformas-antecipadas-aumenta-para-155-em-2021\/"},"wordCount":424,"commentCount":0,"image":{"@id":"https:\/\/hotnewsinworld.com\/pt\/corte-nas-reformas-antecipadas-aumenta-para-155-em-2021\/#primaryimage"},"thumbnailUrl":"https:\/\/hotnewsinworld.com\/pt\/wp-content\/uploads\/sites\/2\/2020\/11\/Corte-nas-reformas-antecipadas-aumenta-para-155-em-2021.aspx.jpeg","articleSection":["\u00daLTIMAS NOT\u00cdCIAS FINANCEIRAS"],"inLanguage":"pt-PT","potentialAction":[{"@type":"CommentAction","name":"Comment","target":["https:\/\/hotnewsinworld.com\/pt\/corte-nas-reformas-antecipadas-aumenta-para-155-em-2021\/#respond"]}]},{"@type":"WebPage","@id":"https:\/\/hotnewsinworld.com\/pt\/corte-nas-reformas-antecipadas-aumenta-para-155-em-2021\/","url":"https:\/\/hotnewsinworld.com\/pt\/corte-nas-reformas-antecipadas-aumenta-para-155-em-2021\/","name":"Corte nas reformas antecipadas aumenta para 15,5% em 2021 - Hot News in World","isPartOf":{"@id":"https:\/\/hotnewsinworld.com\/pt\/#website"},"primaryImageOfPage":{"@id":"https:\/\/hotnewsinworld.com\/pt\/corte-nas-reformas-antecipadas-aumenta-para-155-em-2021\/#primaryimage"},"image":{"@id":"https:\/\/hotnewsinworld.com\/pt\/corte-nas-reformas-antecipadas-aumenta-para-155-em-2021\/#primaryimage"},"thumbnailUrl":"https:\/\/hotnewsinworld.com\/pt\/wp-content\/uploads\/sites\/2\/2020\/11\/Corte-nas-reformas-antecipadas-aumenta-para-155-em-2021.aspx.jpeg","datePublished":"2020-11-26T18:35:23+00:00","dateModified":"2020-11-26T18:35:25+00:00","author":{"@id":"https:\/\/hotnewsinworld.com\/pt\/#\/schema\/person\/fe61448b21c0d59086e75fcc1f9d8f6b"},"breadcrumb":{"@id":"https:\/\/hotnewsinworld.com\/pt\/corte-nas-reformas-antecipadas-aumenta-para-155-em-2021\/#breadcrumb"},"inLanguage":"pt-PT","potentialAction":[{"@type":"ReadAction","target":["https:\/\/hotnewsinworld.com\/pt\/corte-nas-reformas-antecipadas-aumenta-para-155-em-2021\/"]}]},{"@type":"ImageObject","inLanguage":"pt-PT","@id":"https:\/\/hotnewsinworld.com\/pt\/corte-nas-reformas-antecipadas-aumenta-para-155-em-2021\/#primaryimage","url":"https:\/\/hotnewsinworld.com\/pt\/wp-content\/uploads\/sites\/2\/2020\/11\/Corte-nas-reformas-antecipadas-aumenta-para-155-em-2021.aspx.jpeg","contentUrl":"https:\/\/hotnewsinworld.com\/pt\/wp-content\/uploads\/sites\/2\/2020\/11\/Corte-nas-reformas-antecipadas-aumenta-para-155-em-2021.aspx.jpeg","width":800,"height":420,"caption":"Corte nas reformas antecipadas aumenta para 15,5% em 2021"},{"@type":"BreadcrumbList","@id":"https:\/\/hotnewsinworld.com\/pt\/corte-nas-reformas-antecipadas-aumenta-para-155-em-2021\/#breadcrumb","itemListElement":[{"@type":"ListItem","position":1,"name":"\u0413\u043b\u0430\u0432\u043d\u0430\u044f \u0441\u0442\u0440\u0430\u043d\u0438\u0446\u0430","item":"https:\/\/hotnewsinworld.com\/pt\/"},{"@type":"ListItem","position":2,"name":"Corte nas reformas antecipadas aumenta para 15,5% em 2021"}]},{"@type":"WebSite","@id":"https:\/\/hotnewsinworld.com\/pt\/#website","url":"https:\/\/hotnewsinworld.com\/pt\/","name":"Hot News in World","description":"Hot News in World Portugal","potentialAction":[{"@type":"SearchAction","target":{"@type":"EntryPoint","urlTemplate":"https:\/\/hotnewsinworld.com\/pt\/?s={search_term_string}"},"query-input":{"@type":"PropertyValueSpecification","valueRequired":true,"valueName":"search_term_string"}}],"inLanguage":"pt-PT"},{"@type":"Person","@id":"https:\/\/hotnewsinworld.com\/pt\/#\/schema\/person\/fe61448b21c0d59086e75fcc1f9d8f6b","name":"hotnewsinworld","image":{"@type":"ImageObject","inLanguage":"pt-PT","@id":"https:\/\/secure.gravatar.com\/avatar\/8a09ac165600ce2e1c38fe593c63928eb1e6e7ba5c5a907d67787c41b3d00c14?s=96&d=mm&r=g","url":"https:\/\/secure.gravatar.com\/avatar\/8a09ac165600ce2e1c38fe593c63928eb1e6e7ba5c5a907d67787c41b3d00c14?s=96&d=mm&r=g","contentUrl":"https:\/\/secure.gravatar.com\/avatar\/8a09ac165600ce2e1c38fe593c63928eb1e6e7ba5c5a907d67787c41b3d00c14?s=96&d=mm&r=g","caption":"hotnewsinworld"},"url":"https:\/\/hotnewsinworld.com\/pt\/author\/pt\/"}]}},"_links":{"self":[{"href":"https:\/\/hotnewsinworld.com\/pt\/wp-json\/wp\/v2\/posts\/2612","targetHints":{"allow":["GET"]}}],"collection":[{"href":"https:\/\/hotnewsinworld.com\/pt\/wp-json\/wp\/v2\/posts"}],"about":[{"href":"https:\/\/hotnewsinworld.com\/pt\/wp-json\/wp\/v2\/types\/post"}],"author":[{"embeddable":true,"href":"https:\/\/hotnewsinworld.com\/pt\/wp-json\/wp\/v2\/users\/2"}],"replies":[{"embeddable":true,"href":"https:\/\/hotnewsinworld.com\/pt\/wp-json\/wp\/v2\/comments?post=2612"}],"version-history":[{"count":1,"href":"https:\/\/hotnewsinworld.com\/pt\/wp-json\/wp\/v2\/posts\/2612\/revisions"}],"predecessor-version":[{"id":2614,"href":"https:\/\/hotnewsinworld.com\/pt\/wp-json\/wp\/v2\/posts\/2612\/revisions\/2614"}],"wp:featuredmedia":[{"embeddable":true,"href":"https:\/\/hotnewsinworld.com\/pt\/wp-json\/wp\/v2\/media\/2613"}],"wp:attachment":[{"href":"https:\/\/hotnewsinworld.com\/pt\/wp-json\/wp\/v2\/media?parent=2612"}],"wp:term":[{"taxonomy":"category","embeddable":true,"href":"https:\/\/hotnewsinworld.com\/pt\/wp-json\/wp\/v2\/categories?post=2612"},{"taxonomy":"post_tag","embeddable":true,"href":"https:\/\/hotnewsinworld.com\/pt\/wp-json\/wp\/v2\/tags?post=2612"}],"curies":[{"name":"wp","href":"https:\/\/api.w.org\/{rel}","templated":true}]}}