{"id":2624,"date":"2020-11-28T23:25:31","date_gmt":"2020-11-28T20:25:31","guid":{"rendered":"https:\/\/hotnewsinworld.com\/pt\/plano-de-reestruturacao-da-tap-preve-despedimento-de-750-trabalhadores-de-terra\/"},"modified":"2020-11-28T23:25:34","modified_gmt":"2020-11-28T20:25:34","slug":"plano-de-reestruturacao-da-tap-preve-despedimento-de-750-trabalhadores-de-terra","status":"publish","type":"post","link":"https:\/\/hotnewsinworld.com\/pt\/plano-de-reestruturacao-da-tap-preve-despedimento-de-750-trabalhadores-de-terra\/","title":{"rendered":"Plano de reestrutura\u00e7\u00e3o da TAP prev\u00ea despedimento de 750 trabalhadores de terra"},"content":{"rendered":"<p>JN\/Ag\u00eanciasHoje\u00a0\u00e0s\u00a016:31O plano de reestrutura\u00e7\u00e3o da TAP prev\u00ea o despedimento de 750 trabalhadores de terra e corte de 25% na massa salarial, exceto nos ordenados mais baixos, segundo um comunicado conjunto de sete sindicatos, divulgado este s\u00e1bado.&#8221;No que concerne ao pessoal de terra, redu\u00e7\u00e3o de 450 trabalhadores da M&amp;E, mais 300 trabalhadores da sede, isto \u00e9, um total de 750 trabalhadores de Terra&#8221;, l\u00ea-se no comunicado assinado pelo Sindicato dos Economistas (SE), Sindicato dos Engenheiros (SERS), Sindicato dos Contabilistas (SICONT), Sindicato das Ind\u00fastrias Metal\u00fargica e Afins (SIMA), Sindicato Nacional dos Trabalhadores da Avia\u00e7\u00e3o Civil (SINTAC), Sindicato dos Quadros da Avia\u00e7\u00e3o Comercial (SQAC) e pelo Sindicato dos T\u00e9cnicos de &#8216;Handling&#8217; de Aeroportos (STHA).Mais, os sindicatos que representam o pessoal de terra da avia\u00e7\u00e3o foram informados, na reuni\u00e3o de sexta-feira com a administra\u00e7\u00e3o, de que estes profissionais v\u00e3o sofrer um &#8220;corte de 25% na massa salarial, acima de um valor m\u00ednimo garantido, isto \u00e9, n\u00e3o h\u00e1 cortes nos sal\u00e1rios mais baixos&#8221;.A plataforma de sindicatos que representam trabalhadores da TAP referiu, tamb\u00e9m, que lhes foi comunicada a redu\u00e7\u00e3o global de 3000 trabalhadores do quadro, atrav\u00e9s de medidas volunt\u00e1rias, como rescis\u00f5es por m\u00fatuo acordo, licen\u00e7as sem vencimento de longa dura\u00e7\u00e3o, trabalho a tempo parcial e outros mecanismos ainda em an\u00e1lise.Os sindicatos lembraram que, \u00e0quele n\u00famero, deve somar-se &#8220;despedimentos coletivos na dimens\u00e3o necess\u00e1ria para chegar ao n\u00famero de 3000 trabalhadores&#8221; e os &#8220;cerca de 1600 trabalhadores contratados a termo que desde abril de 2020 at\u00e9 mar\u00e7o de 2021 n\u00e3o renovaram ou renovar\u00e3o&#8221;, o que totaliza uma redu\u00e7\u00e3o de &#8220;4600 num universo de quase 11 mil trabalhadores em janeiro de 2020&#8243;.&#8221;Perante este cen\u00e1rio, demonstr\u00e1mos desde logo o nosso profundo desagrado por n\u00e3o ter havido qualquer reuni\u00e3o de trabalho com os sindicatos, o que levou \u00e0 &#8211; tentativa de &#8211; apresenta\u00e7\u00e3o de factos consumados, o que sempre dissemos que n\u00e3o aceitar\u00edamos&#8221;, acusaram os sindicatos.A estrutura destacou tamb\u00e9m o abandono dos apoios do Governo \u00e0 retoma progressiva, a partir do dia 1 de dezembro, o que significa que os trabalhadores voltam a cumprir o seu hor\u00e1rio completo.Na sua \u00f3tica, aquela decis\u00e3o demonstra o &#8220;objetivo do Governo&#8221;, que \u00e9 &#8220;despedir 60 dias ap\u00f3s os apoios recebidos&#8221;.Numa comunica\u00e7\u00e3o aos trabalhadores, a que a Lusa teve acesso, a administra\u00e7\u00e3o da TAP referiu que vai propor aos trabalhadores um pacote de medidas volunt\u00e1rias, que incluir\u00e1 rescis\u00f5es por m\u00fatuo acordo, licen\u00e7as n\u00e3o remuneradas de longo prazo e trabalho a tempo parcial, e admite cortes salariais transversais e despedimentos.Al\u00e9m de medidas volunt\u00e1rias que ser\u00e3o apresentadas &#8220;nas pr\u00f3ximas semanas&#8221;, o Conselho de Administra\u00e7\u00e3o adianta que &#8220;est\u00e3o colocados para discuss\u00e3o cen\u00e1rios como a suspens\u00e3o do pagamento de alguns complementos remunerat\u00f3rios, cortes salariais transversais, garantindo um valor m\u00ednimo que assegure a prote\u00e7\u00e3o aos sal\u00e1rios mais baixos, e ainda a possibilidade de adequar o n\u00famero de trabalhadores a uma opera\u00e7\u00e3o que nos pr\u00f3ximos anos ser\u00e1 reduzida em 30% a 50%, retrocedendo assim a valores vividos h\u00e1 mais de uma d\u00e9cada&#8221;.J\u00e1 a dire\u00e7\u00e3o do Sindicato dos Pilotos da Avia\u00e7\u00e3o Civil (SPAC) adiantou, numa nota aos seus associados, a que a Lusa teve tamb\u00e9m acesso, que o plano de reestrutura\u00e7\u00e3o da TAP prev\u00ea o despedimento de 500 pilotos e a redu\u00e7\u00e3o em 25% dos seus sal\u00e1rios.O plano de reestrutura\u00e7\u00e3o da TAP, elaborado pela consultora Boston Consulting Group (BCG), no \u00e2mbito do apoio estatal de at\u00e9 1.200 milh\u00f5es de euros, tem de ser entregue \u00e0 Comiss\u00e3o Europeia at\u00e9 10 de dezembro.<br \/>\n<br \/>\n<!--noindex--><br \/>\n<a href=\"http:\/\/feeds.jn.pt\/~r\/JN-ECONOMIA\/~3\/AjTX5GgixBE\/plano-de-reestruturacao-da-tap-preve-despedimento-de-750-trabalhadores-de-terra-13087394.html\" rel=\"nofollow\">Source link <\/a><br \/>\n<!--\/noindex--><\/p>\n","protected":false},"excerpt":{"rendered":"<p>JN\/Ag\u00eanciasHoje\u00a0\u00e0s\u00a016:31O plano de reestrutura\u00e7\u00e3o da TAP prev\u00ea o despedimento de 750 trabalhadores de terra e corte de 25% na massa salarial, exceto nos ordenados mais baixos, segundo um comunicado conjunto de sete sindicatos, divulgado este s\u00e1bado.&#8221;No que concerne ao pessoal de terra, redu\u00e7\u00e3o de 450 trabalhadores da M&amp;E, mais 300 trabalhadores da sede, isto \u00e9, [&hellip;]<\/p>\n","protected":false},"author":2,"featured_media":2625,"comment_status":"open","ping_status":"open","sticky":false,"template":"","format":"standard","meta":{"footnotes":""},"categories":[1],"tags":[],"class_list":["post-2624","post","type-post","status-publish","format-standard","has-post-thumbnail","hentry","category-ultimas-noticias-financeiras"],"yoast_head":"<!-- This site is optimized with the Yoast SEO plugin v27.4 - https:\/\/yoast.com\/product\/yoast-seo-wordpress\/ -->\n<title>Plano de reestrutura\u00e7\u00e3o da TAP prev\u00ea despedimento de 750 trabalhadores de terra - Hot News in World<\/title>\n<meta name=\"robots\" content=\"index, follow, max-snippet:-1, max-image-preview:large, max-video-preview:-1\" \/>\n<link rel=\"canonical\" href=\"https:\/\/hotnewsinworld.com\/pt\/plano-de-reestruturacao-da-tap-preve-despedimento-de-750-trabalhadores-de-terra\/\" \/>\n<meta property=\"og:locale\" content=\"pt_PT\" \/>\n<meta property=\"og:type\" content=\"article\" \/>\n<meta property=\"og:title\" content=\"Plano de reestrutura\u00e7\u00e3o da TAP prev\u00ea despedimento de 750 trabalhadores de terra - Hot News in World\" \/>\n<meta property=\"og:description\" content=\"JN\/Ag\u00eanciasHoje\u00a0\u00e0s\u00a016:31O plano de reestrutura\u00e7\u00e3o da TAP prev\u00ea o despedimento de 750 trabalhadores de terra e corte de 25% na massa salarial, exceto nos ordenados mais baixos, segundo um comunicado conjunto de sete sindicatos, divulgado este s\u00e1bado.&#8221;No que concerne ao pessoal de terra, redu\u00e7\u00e3o de 450 trabalhadores da M&amp;E, mais 300 trabalhadores da sede, isto \u00e9, [&hellip;]\" \/>\n<meta property=\"og:url\" content=\"https:\/\/hotnewsinworld.com\/pt\/plano-de-reestruturacao-da-tap-preve-despedimento-de-750-trabalhadores-de-terra\/\" \/>\n<meta property=\"og:site_name\" content=\"Hot News in World\" \/>\n<meta property=\"article:published_time\" content=\"2020-11-28T20:25:31+00:00\" \/>\n<meta property=\"article:modified_time\" content=\"2020-11-28T20:25:34+00:00\" \/>\n<meta property=\"og:image\" content=\"https:\/\/hotnewsinworld.com\/pt\/wp-content\/uploads\/sites\/2\/2020\/11\/Plano-de-reestruturacao-da-TAP-preve-despedimento-de-750-trabalhadores.aspx.jpeg\" \/>\n\t<meta property=\"og:image:width\" content=\"800\" \/>\n\t<meta property=\"og:image:height\" content=\"420\" \/>\n\t<meta property=\"og:image:type\" content=\"image\/jpeg\" \/>\n<meta name=\"author\" content=\"hotnewsinworld\" \/>\n<meta name=\"twitter:card\" content=\"summary_large_image\" \/>\n<meta name=\"twitter:label1\" content=\"Escrito por\" \/>\n\t<meta name=\"twitter:data1\" content=\"hotnewsinworld\" \/>\n\t<meta name=\"twitter:label2\" content=\"Tempo estimado de leitura\" \/>\n\t<meta name=\"twitter:data2\" content=\"3 minutos\" \/>\n<script type=\"application\/ld+json\" class=\"yoast-schema-graph\">{\"@context\":\"https:\\\/\\\/schema.org\",\"@graph\":[{\"@type\":\"Article\",\"@id\":\"https:\\\/\\\/hotnewsinworld.com\\\/pt\\\/plano-de-reestruturacao-da-tap-preve-despedimento-de-750-trabalhadores-de-terra\\\/#article\",\"isPartOf\":{\"@id\":\"https:\\\/\\\/hotnewsinworld.com\\\/pt\\\/plano-de-reestruturacao-da-tap-preve-despedimento-de-750-trabalhadores-de-terra\\\/\"},\"author\":{\"name\":\"hotnewsinworld\",\"@id\":\"https:\\\/\\\/hotnewsinworld.com\\\/pt\\\/#\\\/schema\\\/person\\\/fe61448b21c0d59086e75fcc1f9d8f6b\"},\"headline\":\"Plano de reestrutura\u00e7\u00e3o da TAP prev\u00ea despedimento de 750 trabalhadores de terra\",\"datePublished\":\"2020-11-28T20:25:31+00:00\",\"dateModified\":\"2020-11-28T20:25:34+00:00\",\"mainEntityOfPage\":{\"@id\":\"https:\\\/\\\/hotnewsinworld.com\\\/pt\\\/plano-de-reestruturacao-da-tap-preve-despedimento-de-750-trabalhadores-de-terra\\\/\"},\"wordCount\":639,\"commentCount\":0,\"image\":{\"@id\":\"https:\\\/\\\/hotnewsinworld.com\\\/pt\\\/plano-de-reestruturacao-da-tap-preve-despedimento-de-750-trabalhadores-de-terra\\\/#primaryimage\"},\"thumbnailUrl\":\"https:\\\/\\\/hotnewsinworld.com\\\/pt\\\/wp-content\\\/uploads\\\/sites\\\/2\\\/2020\\\/11\\\/Plano-de-reestruturacao-da-TAP-preve-despedimento-de-750-trabalhadores.aspx.jpeg\",\"articleSection\":[\"\u00daLTIMAS NOT\u00cdCIAS FINANCEIRAS\"],\"inLanguage\":\"pt-PT\",\"potentialAction\":[{\"@type\":\"CommentAction\",\"name\":\"Comment\",\"target\":[\"https:\\\/\\\/hotnewsinworld.com\\\/pt\\\/plano-de-reestruturacao-da-tap-preve-despedimento-de-750-trabalhadores-de-terra\\\/#respond\"]}]},{\"@type\":\"WebPage\",\"@id\":\"https:\\\/\\\/hotnewsinworld.com\\\/pt\\\/plano-de-reestruturacao-da-tap-preve-despedimento-de-750-trabalhadores-de-terra\\\/\",\"url\":\"https:\\\/\\\/hotnewsinworld.com\\\/pt\\\/plano-de-reestruturacao-da-tap-preve-despedimento-de-750-trabalhadores-de-terra\\\/\",\"name\":\"Plano de reestrutura\u00e7\u00e3o da TAP prev\u00ea despedimento de 750 trabalhadores de terra - Hot News in World\",\"isPartOf\":{\"@id\":\"https:\\\/\\\/hotnewsinworld.com\\\/pt\\\/#website\"},\"primaryImageOfPage\":{\"@id\":\"https:\\\/\\\/hotnewsinworld.com\\\/pt\\\/plano-de-reestruturacao-da-tap-preve-despedimento-de-750-trabalhadores-de-terra\\\/#primaryimage\"},\"image\":{\"@id\":\"https:\\\/\\\/hotnewsinworld.com\\\/pt\\\/plano-de-reestruturacao-da-tap-preve-despedimento-de-750-trabalhadores-de-terra\\\/#primaryimage\"},\"thumbnailUrl\":\"https:\\\/\\\/hotnewsinworld.com\\\/pt\\\/wp-content\\\/uploads\\\/sites\\\/2\\\/2020\\\/11\\\/Plano-de-reestruturacao-da-TAP-preve-despedimento-de-750-trabalhadores.aspx.jpeg\",\"datePublished\":\"2020-11-28T20:25:31+00:00\",\"dateModified\":\"2020-11-28T20:25:34+00:00\",\"author\":{\"@id\":\"https:\\\/\\\/hotnewsinworld.com\\\/pt\\\/#\\\/schema\\\/person\\\/fe61448b21c0d59086e75fcc1f9d8f6b\"},\"breadcrumb\":{\"@id\":\"https:\\\/\\\/hotnewsinworld.com\\\/pt\\\/plano-de-reestruturacao-da-tap-preve-despedimento-de-750-trabalhadores-de-terra\\\/#breadcrumb\"},\"inLanguage\":\"pt-PT\",\"potentialAction\":[{\"@type\":\"ReadAction\",\"target\":[\"https:\\\/\\\/hotnewsinworld.com\\\/pt\\\/plano-de-reestruturacao-da-tap-preve-despedimento-de-750-trabalhadores-de-terra\\\/\"]}]},{\"@type\":\"ImageObject\",\"inLanguage\":\"pt-PT\",\"@id\":\"https:\\\/\\\/hotnewsinworld.com\\\/pt\\\/plano-de-reestruturacao-da-tap-preve-despedimento-de-750-trabalhadores-de-terra\\\/#primaryimage\",\"url\":\"https:\\\/\\\/hotnewsinworld.com\\\/pt\\\/wp-content\\\/uploads\\\/sites\\\/2\\\/2020\\\/11\\\/Plano-de-reestruturacao-da-TAP-preve-despedimento-de-750-trabalhadores.aspx.jpeg\",\"contentUrl\":\"https:\\\/\\\/hotnewsinworld.com\\\/pt\\\/wp-content\\\/uploads\\\/sites\\\/2\\\/2020\\\/11\\\/Plano-de-reestruturacao-da-TAP-preve-despedimento-de-750-trabalhadores.aspx.jpeg\",\"width\":800,\"height\":420,\"caption\":\"Plano de reestrutura\u00e7\u00e3o da TAP prev\u00ea despedimento de 750 trabalhadores de terra\"},{\"@type\":\"BreadcrumbList\",\"@id\":\"https:\\\/\\\/hotnewsinworld.com\\\/pt\\\/plano-de-reestruturacao-da-tap-preve-despedimento-de-750-trabalhadores-de-terra\\\/#breadcrumb\",\"itemListElement\":[{\"@type\":\"ListItem\",\"position\":1,\"name\":\"\u0413\u043b\u0430\u0432\u043d\u0430\u044f \u0441\u0442\u0440\u0430\u043d\u0438\u0446\u0430\",\"item\":\"https:\\\/\\\/hotnewsinworld.com\\\/pt\\\/\"},{\"@type\":\"ListItem\",\"position\":2,\"name\":\"Plano de reestrutura\u00e7\u00e3o da TAP prev\u00ea despedimento de 750 trabalhadores de terra\"}]},{\"@type\":\"WebSite\",\"@id\":\"https:\\\/\\\/hotnewsinworld.com\\\/pt\\\/#website\",\"url\":\"https:\\\/\\\/hotnewsinworld.com\\\/pt\\\/\",\"name\":\"Hot News in World\",\"description\":\"Hot News in World Portugal\",\"potentialAction\":[{\"@type\":\"SearchAction\",\"target\":{\"@type\":\"EntryPoint\",\"urlTemplate\":\"https:\\\/\\\/hotnewsinworld.com\\\/pt\\\/?s={search_term_string}\"},\"query-input\":{\"@type\":\"PropertyValueSpecification\",\"valueRequired\":true,\"valueName\":\"search_term_string\"}}],\"inLanguage\":\"pt-PT\"},{\"@type\":\"Person\",\"@id\":\"https:\\\/\\\/hotnewsinworld.com\\\/pt\\\/#\\\/schema\\\/person\\\/fe61448b21c0d59086e75fcc1f9d8f6b\",\"name\":\"hotnewsinworld\",\"image\":{\"@type\":\"ImageObject\",\"inLanguage\":\"pt-PT\",\"@id\":\"https:\\\/\\\/secure.gravatar.com\\\/avatar\\\/8a09ac165600ce2e1c38fe593c63928eb1e6e7ba5c5a907d67787c41b3d00c14?s=96&d=mm&r=g\",\"url\":\"https:\\\/\\\/secure.gravatar.com\\\/avatar\\\/8a09ac165600ce2e1c38fe593c63928eb1e6e7ba5c5a907d67787c41b3d00c14?s=96&d=mm&r=g\",\"contentUrl\":\"https:\\\/\\\/secure.gravatar.com\\\/avatar\\\/8a09ac165600ce2e1c38fe593c63928eb1e6e7ba5c5a907d67787c41b3d00c14?s=96&d=mm&r=g\",\"caption\":\"hotnewsinworld\"},\"url\":\"https:\\\/\\\/hotnewsinworld.com\\\/pt\\\/author\\\/pt\\\/\"}]}<\/script>\n<!-- \/ Yoast SEO plugin. -->","yoast_head_json":{"title":"Plano de reestrutura\u00e7\u00e3o da TAP prev\u00ea despedimento de 750 trabalhadores de terra - Hot News in World","robots":{"index":"index","follow":"follow","max-snippet":"max-snippet:-1","max-image-preview":"max-image-preview:large","max-video-preview":"max-video-preview:-1"},"canonical":"https:\/\/hotnewsinworld.com\/pt\/plano-de-reestruturacao-da-tap-preve-despedimento-de-750-trabalhadores-de-terra\/","og_locale":"pt_PT","og_type":"article","og_title":"Plano de reestrutura\u00e7\u00e3o da TAP prev\u00ea despedimento de 750 trabalhadores de terra - Hot News in World","og_description":"JN\/Ag\u00eanciasHoje\u00a0\u00e0s\u00a016:31O plano de reestrutura\u00e7\u00e3o da TAP prev\u00ea o despedimento de 750 trabalhadores de terra e corte de 25% na massa salarial, exceto nos ordenados mais baixos, segundo um comunicado conjunto de sete sindicatos, divulgado este s\u00e1bado.&#8221;No que concerne ao pessoal de terra, redu\u00e7\u00e3o de 450 trabalhadores da M&amp;E, mais 300 trabalhadores da sede, isto \u00e9, [&hellip;]","og_url":"https:\/\/hotnewsinworld.com\/pt\/plano-de-reestruturacao-da-tap-preve-despedimento-de-750-trabalhadores-de-terra\/","og_site_name":"Hot News in World","article_published_time":"2020-11-28T20:25:31+00:00","article_modified_time":"2020-11-28T20:25:34+00:00","og_image":[{"width":800,"height":420,"url":"https:\/\/hotnewsinworld.com\/pt\/wp-content\/uploads\/sites\/2\/2020\/11\/Plano-de-reestruturacao-da-TAP-preve-despedimento-de-750-trabalhadores.aspx.jpeg","type":"image\/jpeg"}],"author":"hotnewsinworld","twitter_card":"summary_large_image","twitter_misc":{"Escrito por":"hotnewsinworld","Tempo estimado de leitura":"3 minutos"},"schema":{"@context":"https:\/\/schema.org","@graph":[{"@type":"Article","@id":"https:\/\/hotnewsinworld.com\/pt\/plano-de-reestruturacao-da-tap-preve-despedimento-de-750-trabalhadores-de-terra\/#article","isPartOf":{"@id":"https:\/\/hotnewsinworld.com\/pt\/plano-de-reestruturacao-da-tap-preve-despedimento-de-750-trabalhadores-de-terra\/"},"author":{"name":"hotnewsinworld","@id":"https:\/\/hotnewsinworld.com\/pt\/#\/schema\/person\/fe61448b21c0d59086e75fcc1f9d8f6b"},"headline":"Plano de reestrutura\u00e7\u00e3o da TAP prev\u00ea despedimento de 750 trabalhadores de terra","datePublished":"2020-11-28T20:25:31+00:00","dateModified":"2020-11-28T20:25:34+00:00","mainEntityOfPage":{"@id":"https:\/\/hotnewsinworld.com\/pt\/plano-de-reestruturacao-da-tap-preve-despedimento-de-750-trabalhadores-de-terra\/"},"wordCount":639,"commentCount":0,"image":{"@id":"https:\/\/hotnewsinworld.com\/pt\/plano-de-reestruturacao-da-tap-preve-despedimento-de-750-trabalhadores-de-terra\/#primaryimage"},"thumbnailUrl":"https:\/\/hotnewsinworld.com\/pt\/wp-content\/uploads\/sites\/2\/2020\/11\/Plano-de-reestruturacao-da-TAP-preve-despedimento-de-750-trabalhadores.aspx.jpeg","articleSection":["\u00daLTIMAS NOT\u00cdCIAS FINANCEIRAS"],"inLanguage":"pt-PT","potentialAction":[{"@type":"CommentAction","name":"Comment","target":["https:\/\/hotnewsinworld.com\/pt\/plano-de-reestruturacao-da-tap-preve-despedimento-de-750-trabalhadores-de-terra\/#respond"]}]},{"@type":"WebPage","@id":"https:\/\/hotnewsinworld.com\/pt\/plano-de-reestruturacao-da-tap-preve-despedimento-de-750-trabalhadores-de-terra\/","url":"https:\/\/hotnewsinworld.com\/pt\/plano-de-reestruturacao-da-tap-preve-despedimento-de-750-trabalhadores-de-terra\/","name":"Plano de reestrutura\u00e7\u00e3o da TAP prev\u00ea despedimento de 750 trabalhadores de terra - Hot News in World","isPartOf":{"@id":"https:\/\/hotnewsinworld.com\/pt\/#website"},"primaryImageOfPage":{"@id":"https:\/\/hotnewsinworld.com\/pt\/plano-de-reestruturacao-da-tap-preve-despedimento-de-750-trabalhadores-de-terra\/#primaryimage"},"image":{"@id":"https:\/\/hotnewsinworld.com\/pt\/plano-de-reestruturacao-da-tap-preve-despedimento-de-750-trabalhadores-de-terra\/#primaryimage"},"thumbnailUrl":"https:\/\/hotnewsinworld.com\/pt\/wp-content\/uploads\/sites\/2\/2020\/11\/Plano-de-reestruturacao-da-TAP-preve-despedimento-de-750-trabalhadores.aspx.jpeg","datePublished":"2020-11-28T20:25:31+00:00","dateModified":"2020-11-28T20:25:34+00:00","author":{"@id":"https:\/\/hotnewsinworld.com\/pt\/#\/schema\/person\/fe61448b21c0d59086e75fcc1f9d8f6b"},"breadcrumb":{"@id":"https:\/\/hotnewsinworld.com\/pt\/plano-de-reestruturacao-da-tap-preve-despedimento-de-750-trabalhadores-de-terra\/#breadcrumb"},"inLanguage":"pt-PT","potentialAction":[{"@type":"ReadAction","target":["https:\/\/hotnewsinworld.com\/pt\/plano-de-reestruturacao-da-tap-preve-despedimento-de-750-trabalhadores-de-terra\/"]}]},{"@type":"ImageObject","inLanguage":"pt-PT","@id":"https:\/\/hotnewsinworld.com\/pt\/plano-de-reestruturacao-da-tap-preve-despedimento-de-750-trabalhadores-de-terra\/#primaryimage","url":"https:\/\/hotnewsinworld.com\/pt\/wp-content\/uploads\/sites\/2\/2020\/11\/Plano-de-reestruturacao-da-TAP-preve-despedimento-de-750-trabalhadores.aspx.jpeg","contentUrl":"https:\/\/hotnewsinworld.com\/pt\/wp-content\/uploads\/sites\/2\/2020\/11\/Plano-de-reestruturacao-da-TAP-preve-despedimento-de-750-trabalhadores.aspx.jpeg","width":800,"height":420,"caption":"Plano de reestrutura\u00e7\u00e3o da TAP prev\u00ea despedimento de 750 trabalhadores de terra"},{"@type":"BreadcrumbList","@id":"https:\/\/hotnewsinworld.com\/pt\/plano-de-reestruturacao-da-tap-preve-despedimento-de-750-trabalhadores-de-terra\/#breadcrumb","itemListElement":[{"@type":"ListItem","position":1,"name":"\u0413\u043b\u0430\u0432\u043d\u0430\u044f \u0441\u0442\u0440\u0430\u043d\u0438\u0446\u0430","item":"https:\/\/hotnewsinworld.com\/pt\/"},{"@type":"ListItem","position":2,"name":"Plano de reestrutura\u00e7\u00e3o da TAP prev\u00ea despedimento de 750 trabalhadores de terra"}]},{"@type":"WebSite","@id":"https:\/\/hotnewsinworld.com\/pt\/#website","url":"https:\/\/hotnewsinworld.com\/pt\/","name":"Hot News in World","description":"Hot News in World Portugal","potentialAction":[{"@type":"SearchAction","target":{"@type":"EntryPoint","urlTemplate":"https:\/\/hotnewsinworld.com\/pt\/?s={search_term_string}"},"query-input":{"@type":"PropertyValueSpecification","valueRequired":true,"valueName":"search_term_string"}}],"inLanguage":"pt-PT"},{"@type":"Person","@id":"https:\/\/hotnewsinworld.com\/pt\/#\/schema\/person\/fe61448b21c0d59086e75fcc1f9d8f6b","name":"hotnewsinworld","image":{"@type":"ImageObject","inLanguage":"pt-PT","@id":"https:\/\/secure.gravatar.com\/avatar\/8a09ac165600ce2e1c38fe593c63928eb1e6e7ba5c5a907d67787c41b3d00c14?s=96&d=mm&r=g","url":"https:\/\/secure.gravatar.com\/avatar\/8a09ac165600ce2e1c38fe593c63928eb1e6e7ba5c5a907d67787c41b3d00c14?s=96&d=mm&r=g","contentUrl":"https:\/\/secure.gravatar.com\/avatar\/8a09ac165600ce2e1c38fe593c63928eb1e6e7ba5c5a907d67787c41b3d00c14?s=96&d=mm&r=g","caption":"hotnewsinworld"},"url":"https:\/\/hotnewsinworld.com\/pt\/author\/pt\/"}]}},"_links":{"self":[{"href":"https:\/\/hotnewsinworld.com\/pt\/wp-json\/wp\/v2\/posts\/2624","targetHints":{"allow":["GET"]}}],"collection":[{"href":"https:\/\/hotnewsinworld.com\/pt\/wp-json\/wp\/v2\/posts"}],"about":[{"href":"https:\/\/hotnewsinworld.com\/pt\/wp-json\/wp\/v2\/types\/post"}],"author":[{"embeddable":true,"href":"https:\/\/hotnewsinworld.com\/pt\/wp-json\/wp\/v2\/users\/2"}],"replies":[{"embeddable":true,"href":"https:\/\/hotnewsinworld.com\/pt\/wp-json\/wp\/v2\/comments?post=2624"}],"version-history":[{"count":1,"href":"https:\/\/hotnewsinworld.com\/pt\/wp-json\/wp\/v2\/posts\/2624\/revisions"}],"predecessor-version":[{"id":2626,"href":"https:\/\/hotnewsinworld.com\/pt\/wp-json\/wp\/v2\/posts\/2624\/revisions\/2626"}],"wp:featuredmedia":[{"embeddable":true,"href":"https:\/\/hotnewsinworld.com\/pt\/wp-json\/wp\/v2\/media\/2625"}],"wp:attachment":[{"href":"https:\/\/hotnewsinworld.com\/pt\/wp-json\/wp\/v2\/media?parent=2624"}],"wp:term":[{"taxonomy":"category","embeddable":true,"href":"https:\/\/hotnewsinworld.com\/pt\/wp-json\/wp\/v2\/categories?post=2624"},{"taxonomy":"post_tag","embeddable":true,"href":"https:\/\/hotnewsinworld.com\/pt\/wp-json\/wp\/v2\/tags?post=2624"}],"curies":[{"name":"wp","href":"https:\/\/api.w.org\/{rel}","templated":true}]}}