{"id":2633,"date":"2020-11-30T11:57:18","date_gmt":"2020-11-30T08:57:18","guid":{"rendered":"https:\/\/hotnewsinworld.com\/pt\/sindicato-avalia-adesao-a-greve-nos-ctt-de-75-no-turno-da-noite-em-lisboa-e-porto\/"},"modified":"2020-11-30T11:57:20","modified_gmt":"2020-11-30T08:57:20","slug":"sindicato-avalia-adesao-a-greve-nos-ctt-de-75-no-turno-da-noite-em-lisboa-e-porto","status":"publish","type":"post","link":"https:\/\/hotnewsinworld.com\/pt\/sindicato-avalia-adesao-a-greve-nos-ctt-de-75-no-turno-da-noite-em-lisboa-e-porto\/","title":{"rendered":"Sindicato avalia ades\u00e3o \u00e0 greve nos CTT de 75% no turno da noite em Lisboa e Porto"},"content":{"rendered":"<p>JN\/Ag\u00eanciasHoje\u00a0\u00e0s\u00a008:50A ades\u00e3o \u00e0 greve dos trabalhadores dos CTT por aumentos salariais e refor\u00e7o de colaboradores para o servi\u00e7o postal foi de 75% no turno da noite nas centrais de correio de Lisboa e Porto, segundo o sindicato.Em comunicado, o Sindicato Nacional dos Trabalhadores dos Correios e Telecomunica\u00e7\u00f5es (SNTCT), adianta que a ades\u00e3o \u00e0 greve nas centrais de correio de Lisboa e Porto foi de 75%, tendo sido contabilizados 147 trabalhadores.Os trabalhadores dos CTT cumprem hoje uma greve, que vai decorrer tamb\u00e9m na quarta e quinta-feira, reivindicando aumentos salariais e refor\u00e7o de colaboradores para o servi\u00e7o postal, distribui\u00e7\u00e3o e chefes de esta\u00e7\u00e3o.Em declara\u00e7\u00f5es \u00e0 Lusa, no dia 17 de novembro, o secret\u00e1rio geral do Sindicato Nacional dos Trabalhadores dos Correios e Telecomunica\u00e7\u00f5es (SNTCT), Vitor Narciso, disse que a greve dever\u00e1 ter &#8220;um grande impacto no atendimento e no tratamento e distribui\u00e7\u00e3o de correspond\u00eancia, mas \u00e9 essa a inten\u00e7\u00e3o, para que a empresa perceba a indigna\u00e7\u00e3o dos trabalhadores e a opini\u00e3o p\u00fablica perceba o que se passa nos CTT&#8221;.Vitor Narciso lembrou que o processo negocial se arrastou desde o in\u00edcio do ano e acabou sem qualquer acordo, j\u00e1 em fase de concilia\u00e7\u00e3o do Minist\u00e9rio do Trabalho, com a empresa a alegar falta de liquidez para os aumentos salariais.&#8221;A empresa disse que n\u00e3o tinha dinheiro, mas pouco depois distribuiu pr\u00e9mios, com crit\u00e9rios subjetivos, e antecipou o pagamento do subs\u00eddio de Natal, parece que o problema n\u00e3o seria a alegada falta de liquidez, mas sim a falta de vontade de aumentar os sal\u00e1rios&#8221;, afirmou, na altura.Na passada sexta-feira, em comunicado, a Associa\u00e7\u00e3o Nacional dos Chefes de Esta\u00e7\u00e3o dos Correios (ANCEC) manifestou a sua total discord\u00e2ncia e incompreens\u00e3o em rela\u00e7\u00e3o \u00e0 greve geral considerando-a &#8220;totalmente inoportuna&#8221; e que &#8220;em nada vem contribuir para a uni\u00e3o dos profissionais dos CTT&#8221;.A Associa\u00e7\u00e3o Nacional de Respons\u00e1veis de Distribui\u00e7\u00e3o (ANRED), por seu turno, considerou que a paralisa\u00e7\u00e3o &#8220;mais uma vez, tem na sua base motiva\u00e7\u00f5es estritamente ideol\u00f3gicas e pol\u00edticas&#8221; e referiu que, nas atuais condi\u00e7\u00f5es, \u00e9 &#8220;oportunista e lesiva dos interesses dos trabalhadores&#8221;.Os CTT j\u00e1 tinham condenado a greve devido \u00e0 data escolhida, garantindo que n\u00e3o faltam colaboradores no quadro e que v\u00e3o ser pagos pr\u00e9mios aos trabalhadores.Num comunicado divulgado no dia 19 de novembro, os Correios vincaram que os compromissos com os trabalhadores t\u00eam sido assegurados, sublinhando que, perante a covid-19, n\u00e3o recorreram ao regime de &#8216;lay-off&#8217;, comparticiparam a vacina contra a gripe e anteciparam o pagamento do subs\u00eddio de Natal e dos pr\u00e9mios extraordin\u00e1rios.Para os CTT, questionar a atribui\u00e7\u00e3o de pr\u00e9mios e a antecipa\u00e7\u00e3o do subs\u00eddio &#8220;\u00e9 de uma enorme insensatez&#8221;, ressalvando, no entanto, que este custo &#8220;em nada \u00e9 compar\u00e1vel com o impacto que um aumento salarial teria nos resultados da empresa&#8221;.Os Correios lembraram tamb\u00e9m que, anualmente, j\u00e1 est\u00e3o salvaguardadas a diuturnidades e progress\u00f5es de carreira, tendo o incremento sido, em m\u00e9dia, de 4% nos \u00faltimos tr\u00eas anos.Adicionalmente, referiram que os resultados da empresa est\u00e3o a ser &#8220;fortemente&#8221; impactados pela pandemia e que o crescimento do tr\u00e1fego de encomendas n\u00e3o compensa a descida do neg\u00f3cio correio, acrescentando que, \u00e0 semelhan\u00e7a do que aconteceu noutros setores, houve um &#8220;incremento consider\u00e1vel&#8221; de custos para proteger os trabalhadores face ao novo coronav\u00edrus.Os CTT rejeitam tamb\u00e9m as acusa\u00e7\u00f5es de que faltam trabalhadores no quadro e de que a presta\u00e7\u00e3o do servi\u00e7o postal universal n\u00e3o cumpre os padr\u00f5es de qualidade, notando que sempre cumpriram o indicador geral de qualidade at\u00e9 que, em 2018, &#8220;a dois anos do fim do contrato de concess\u00e3o&#8221;, a Autoridade Nacional de Comunica\u00e7\u00f5es (Anacom) &#8220;decidiu alterar os crit\u00e9rios&#8221;.A greve dos CTT abrange a distribui\u00e7\u00e3o postal e a rede de atendimento.<br \/>\n<br \/>\n<!--noindex--><br \/>\n<a href=\"http:\/\/feeds.jn.pt\/~r\/JN-ECONOMIA\/~3\/wJ5HyUY6BNM\/sindicato-avalia-adesao-a-greve-nos-ctt-de-75-no-turno-da-noite-em-lisboa-e-porto-13090765.html\" rel=\"nofollow\">Source link <\/a><br \/>\n<!--\/noindex--><\/p>\n","protected":false},"excerpt":{"rendered":"<p>JN\/Ag\u00eanciasHoje\u00a0\u00e0s\u00a008:50A ades\u00e3o \u00e0 greve dos trabalhadores dos CTT por aumentos salariais e refor\u00e7o de colaboradores para o servi\u00e7o postal foi de 75% no turno da noite nas centrais de correio de Lisboa e Porto, segundo o sindicato.Em comunicado, o Sindicato Nacional dos Trabalhadores dos Correios e Telecomunica\u00e7\u00f5es (SNTCT), adianta que a ades\u00e3o \u00e0 greve nas [&hellip;]<\/p>\n","protected":false},"author":2,"featured_media":2634,"comment_status":"open","ping_status":"open","sticky":false,"template":"","format":"standard","meta":{"footnotes":""},"categories":[1],"tags":[],"class_list":["post-2633","post","type-post","status-publish","format-standard","has-post-thumbnail","hentry","category-ultimas-noticias-financeiras"],"yoast_head":"<!-- This site is optimized with the Yoast SEO plugin v27.4 - https:\/\/yoast.com\/product\/yoast-seo-wordpress\/ -->\n<title>Sindicato avalia ades\u00e3o \u00e0 greve nos CTT de 75% no turno da noite em Lisboa e Porto - Hot News in World<\/title>\n<meta name=\"robots\" content=\"index, follow, max-snippet:-1, max-image-preview:large, max-video-preview:-1\" \/>\n<link rel=\"canonical\" href=\"https:\/\/hotnewsinworld.com\/pt\/sindicato-avalia-adesao-a-greve-nos-ctt-de-75-no-turno-da-noite-em-lisboa-e-porto\/\" \/>\n<meta property=\"og:locale\" content=\"pt_PT\" \/>\n<meta property=\"og:type\" content=\"article\" \/>\n<meta property=\"og:title\" content=\"Sindicato avalia ades\u00e3o \u00e0 greve nos CTT de 75% no turno da noite em Lisboa e Porto - Hot News in World\" \/>\n<meta property=\"og:description\" content=\"JN\/Ag\u00eanciasHoje\u00a0\u00e0s\u00a008:50A ades\u00e3o \u00e0 greve dos trabalhadores dos CTT por aumentos salariais e refor\u00e7o de colaboradores para o servi\u00e7o postal foi de 75% no turno da noite nas centrais de correio de Lisboa e Porto, segundo o sindicato.Em comunicado, o Sindicato Nacional dos Trabalhadores dos Correios e Telecomunica\u00e7\u00f5es (SNTCT), adianta que a ades\u00e3o \u00e0 greve nas [&hellip;]\" \/>\n<meta property=\"og:url\" content=\"https:\/\/hotnewsinworld.com\/pt\/sindicato-avalia-adesao-a-greve-nos-ctt-de-75-no-turno-da-noite-em-lisboa-e-porto\/\" \/>\n<meta property=\"og:site_name\" content=\"Hot News in World\" \/>\n<meta property=\"article:published_time\" content=\"2020-11-30T08:57:18+00:00\" \/>\n<meta property=\"article:modified_time\" content=\"2020-11-30T08:57:20+00:00\" \/>\n<meta property=\"og:image\" content=\"https:\/\/hotnewsinworld.com\/pt\/wp-content\/uploads\/sites\/2\/2020\/11\/Sindicato-avalia-adesao-a-greve-nos-CTT-de-75-no.aspx.jpeg\" \/>\n\t<meta property=\"og:image:width\" content=\"800\" \/>\n\t<meta property=\"og:image:height\" content=\"420\" \/>\n\t<meta property=\"og:image:type\" content=\"image\/jpeg\" \/>\n<meta name=\"author\" content=\"hotnewsinworld\" \/>\n<meta name=\"twitter:card\" content=\"summary_large_image\" \/>\n<meta name=\"twitter:label1\" content=\"Escrito por\" \/>\n\t<meta name=\"twitter:data1\" content=\"hotnewsinworld\" \/>\n\t<meta name=\"twitter:label2\" content=\"Tempo estimado de leitura\" \/>\n\t<meta name=\"twitter:data2\" content=\"3 minutos\" \/>\n<script type=\"application\/ld+json\" class=\"yoast-schema-graph\">{\"@context\":\"https:\\\/\\\/schema.org\",\"@graph\":[{\"@type\":\"Article\",\"@id\":\"https:\\\/\\\/hotnewsinworld.com\\\/pt\\\/sindicato-avalia-adesao-a-greve-nos-ctt-de-75-no-turno-da-noite-em-lisboa-e-porto\\\/#article\",\"isPartOf\":{\"@id\":\"https:\\\/\\\/hotnewsinworld.com\\\/pt\\\/sindicato-avalia-adesao-a-greve-nos-ctt-de-75-no-turno-da-noite-em-lisboa-e-porto\\\/\"},\"author\":{\"name\":\"hotnewsinworld\",\"@id\":\"https:\\\/\\\/hotnewsinworld.com\\\/pt\\\/#\\\/schema\\\/person\\\/fe61448b21c0d59086e75fcc1f9d8f6b\"},\"headline\":\"Sindicato avalia ades\u00e3o \u00e0 greve nos CTT de 75% no turno da noite em Lisboa e Porto\",\"datePublished\":\"2020-11-30T08:57:18+00:00\",\"dateModified\":\"2020-11-30T08:57:20+00:00\",\"mainEntityOfPage\":{\"@id\":\"https:\\\/\\\/hotnewsinworld.com\\\/pt\\\/sindicato-avalia-adesao-a-greve-nos-ctt-de-75-no-turno-da-noite-em-lisboa-e-porto\\\/\"},\"wordCount\":689,\"commentCount\":0,\"image\":{\"@id\":\"https:\\\/\\\/hotnewsinworld.com\\\/pt\\\/sindicato-avalia-adesao-a-greve-nos-ctt-de-75-no-turno-da-noite-em-lisboa-e-porto\\\/#primaryimage\"},\"thumbnailUrl\":\"https:\\\/\\\/hotnewsinworld.com\\\/pt\\\/wp-content\\\/uploads\\\/sites\\\/2\\\/2020\\\/11\\\/Sindicato-avalia-adesao-a-greve-nos-CTT-de-75-no.aspx.jpeg\",\"articleSection\":[\"\u00daLTIMAS NOT\u00cdCIAS FINANCEIRAS\"],\"inLanguage\":\"pt-PT\",\"potentialAction\":[{\"@type\":\"CommentAction\",\"name\":\"Comment\",\"target\":[\"https:\\\/\\\/hotnewsinworld.com\\\/pt\\\/sindicato-avalia-adesao-a-greve-nos-ctt-de-75-no-turno-da-noite-em-lisboa-e-porto\\\/#respond\"]}]},{\"@type\":\"WebPage\",\"@id\":\"https:\\\/\\\/hotnewsinworld.com\\\/pt\\\/sindicato-avalia-adesao-a-greve-nos-ctt-de-75-no-turno-da-noite-em-lisboa-e-porto\\\/\",\"url\":\"https:\\\/\\\/hotnewsinworld.com\\\/pt\\\/sindicato-avalia-adesao-a-greve-nos-ctt-de-75-no-turno-da-noite-em-lisboa-e-porto\\\/\",\"name\":\"Sindicato avalia ades\u00e3o \u00e0 greve nos CTT de 75% no turno da noite em Lisboa e Porto - Hot News in World\",\"isPartOf\":{\"@id\":\"https:\\\/\\\/hotnewsinworld.com\\\/pt\\\/#website\"},\"primaryImageOfPage\":{\"@id\":\"https:\\\/\\\/hotnewsinworld.com\\\/pt\\\/sindicato-avalia-adesao-a-greve-nos-ctt-de-75-no-turno-da-noite-em-lisboa-e-porto\\\/#primaryimage\"},\"image\":{\"@id\":\"https:\\\/\\\/hotnewsinworld.com\\\/pt\\\/sindicato-avalia-adesao-a-greve-nos-ctt-de-75-no-turno-da-noite-em-lisboa-e-porto\\\/#primaryimage\"},\"thumbnailUrl\":\"https:\\\/\\\/hotnewsinworld.com\\\/pt\\\/wp-content\\\/uploads\\\/sites\\\/2\\\/2020\\\/11\\\/Sindicato-avalia-adesao-a-greve-nos-CTT-de-75-no.aspx.jpeg\",\"datePublished\":\"2020-11-30T08:57:18+00:00\",\"dateModified\":\"2020-11-30T08:57:20+00:00\",\"author\":{\"@id\":\"https:\\\/\\\/hotnewsinworld.com\\\/pt\\\/#\\\/schema\\\/person\\\/fe61448b21c0d59086e75fcc1f9d8f6b\"},\"breadcrumb\":{\"@id\":\"https:\\\/\\\/hotnewsinworld.com\\\/pt\\\/sindicato-avalia-adesao-a-greve-nos-ctt-de-75-no-turno-da-noite-em-lisboa-e-porto\\\/#breadcrumb\"},\"inLanguage\":\"pt-PT\",\"potentialAction\":[{\"@type\":\"ReadAction\",\"target\":[\"https:\\\/\\\/hotnewsinworld.com\\\/pt\\\/sindicato-avalia-adesao-a-greve-nos-ctt-de-75-no-turno-da-noite-em-lisboa-e-porto\\\/\"]}]},{\"@type\":\"ImageObject\",\"inLanguage\":\"pt-PT\",\"@id\":\"https:\\\/\\\/hotnewsinworld.com\\\/pt\\\/sindicato-avalia-adesao-a-greve-nos-ctt-de-75-no-turno-da-noite-em-lisboa-e-porto\\\/#primaryimage\",\"url\":\"https:\\\/\\\/hotnewsinworld.com\\\/pt\\\/wp-content\\\/uploads\\\/sites\\\/2\\\/2020\\\/11\\\/Sindicato-avalia-adesao-a-greve-nos-CTT-de-75-no.aspx.jpeg\",\"contentUrl\":\"https:\\\/\\\/hotnewsinworld.com\\\/pt\\\/wp-content\\\/uploads\\\/sites\\\/2\\\/2020\\\/11\\\/Sindicato-avalia-adesao-a-greve-nos-CTT-de-75-no.aspx.jpeg\",\"width\":800,\"height\":420,\"caption\":\"Sindicato avalia ades\u00e3o \u00e0 greve nos CTT de 75% no turno da noite em Lisboa e Porto\"},{\"@type\":\"BreadcrumbList\",\"@id\":\"https:\\\/\\\/hotnewsinworld.com\\\/pt\\\/sindicato-avalia-adesao-a-greve-nos-ctt-de-75-no-turno-da-noite-em-lisboa-e-porto\\\/#breadcrumb\",\"itemListElement\":[{\"@type\":\"ListItem\",\"position\":1,\"name\":\"\u0413\u043b\u0430\u0432\u043d\u0430\u044f \u0441\u0442\u0440\u0430\u043d\u0438\u0446\u0430\",\"item\":\"https:\\\/\\\/hotnewsinworld.com\\\/pt\\\/\"},{\"@type\":\"ListItem\",\"position\":2,\"name\":\"Sindicato avalia ades\u00e3o \u00e0 greve nos CTT de 75% no turno da noite em Lisboa e Porto\"}]},{\"@type\":\"WebSite\",\"@id\":\"https:\\\/\\\/hotnewsinworld.com\\\/pt\\\/#website\",\"url\":\"https:\\\/\\\/hotnewsinworld.com\\\/pt\\\/\",\"name\":\"Hot News in World\",\"description\":\"Hot News in World Portugal\",\"potentialAction\":[{\"@type\":\"SearchAction\",\"target\":{\"@type\":\"EntryPoint\",\"urlTemplate\":\"https:\\\/\\\/hotnewsinworld.com\\\/pt\\\/?s={search_term_string}\"},\"query-input\":{\"@type\":\"PropertyValueSpecification\",\"valueRequired\":true,\"valueName\":\"search_term_string\"}}],\"inLanguage\":\"pt-PT\"},{\"@type\":\"Person\",\"@id\":\"https:\\\/\\\/hotnewsinworld.com\\\/pt\\\/#\\\/schema\\\/person\\\/fe61448b21c0d59086e75fcc1f9d8f6b\",\"name\":\"hotnewsinworld\",\"image\":{\"@type\":\"ImageObject\",\"inLanguage\":\"pt-PT\",\"@id\":\"https:\\\/\\\/secure.gravatar.com\\\/avatar\\\/8a09ac165600ce2e1c38fe593c63928eb1e6e7ba5c5a907d67787c41b3d00c14?s=96&d=mm&r=g\",\"url\":\"https:\\\/\\\/secure.gravatar.com\\\/avatar\\\/8a09ac165600ce2e1c38fe593c63928eb1e6e7ba5c5a907d67787c41b3d00c14?s=96&d=mm&r=g\",\"contentUrl\":\"https:\\\/\\\/secure.gravatar.com\\\/avatar\\\/8a09ac165600ce2e1c38fe593c63928eb1e6e7ba5c5a907d67787c41b3d00c14?s=96&d=mm&r=g\",\"caption\":\"hotnewsinworld\"},\"url\":\"https:\\\/\\\/hotnewsinworld.com\\\/pt\\\/author\\\/pt\\\/\"}]}<\/script>\n<!-- \/ Yoast SEO plugin. -->","yoast_head_json":{"title":"Sindicato avalia ades\u00e3o \u00e0 greve nos CTT de 75% no turno da noite em Lisboa e Porto - Hot News in World","robots":{"index":"index","follow":"follow","max-snippet":"max-snippet:-1","max-image-preview":"max-image-preview:large","max-video-preview":"max-video-preview:-1"},"canonical":"https:\/\/hotnewsinworld.com\/pt\/sindicato-avalia-adesao-a-greve-nos-ctt-de-75-no-turno-da-noite-em-lisboa-e-porto\/","og_locale":"pt_PT","og_type":"article","og_title":"Sindicato avalia ades\u00e3o \u00e0 greve nos CTT de 75% no turno da noite em Lisboa e Porto - Hot News in World","og_description":"JN\/Ag\u00eanciasHoje\u00a0\u00e0s\u00a008:50A ades\u00e3o \u00e0 greve dos trabalhadores dos CTT por aumentos salariais e refor\u00e7o de colaboradores para o servi\u00e7o postal foi de 75% no turno da noite nas centrais de correio de Lisboa e Porto, segundo o sindicato.Em comunicado, o Sindicato Nacional dos Trabalhadores dos Correios e Telecomunica\u00e7\u00f5es (SNTCT), adianta que a ades\u00e3o \u00e0 greve nas [&hellip;]","og_url":"https:\/\/hotnewsinworld.com\/pt\/sindicato-avalia-adesao-a-greve-nos-ctt-de-75-no-turno-da-noite-em-lisboa-e-porto\/","og_site_name":"Hot News in World","article_published_time":"2020-11-30T08:57:18+00:00","article_modified_time":"2020-11-30T08:57:20+00:00","og_image":[{"width":800,"height":420,"url":"https:\/\/hotnewsinworld.com\/pt\/wp-content\/uploads\/sites\/2\/2020\/11\/Sindicato-avalia-adesao-a-greve-nos-CTT-de-75-no.aspx.jpeg","type":"image\/jpeg"}],"author":"hotnewsinworld","twitter_card":"summary_large_image","twitter_misc":{"Escrito por":"hotnewsinworld","Tempo estimado de leitura":"3 minutos"},"schema":{"@context":"https:\/\/schema.org","@graph":[{"@type":"Article","@id":"https:\/\/hotnewsinworld.com\/pt\/sindicato-avalia-adesao-a-greve-nos-ctt-de-75-no-turno-da-noite-em-lisboa-e-porto\/#article","isPartOf":{"@id":"https:\/\/hotnewsinworld.com\/pt\/sindicato-avalia-adesao-a-greve-nos-ctt-de-75-no-turno-da-noite-em-lisboa-e-porto\/"},"author":{"name":"hotnewsinworld","@id":"https:\/\/hotnewsinworld.com\/pt\/#\/schema\/person\/fe61448b21c0d59086e75fcc1f9d8f6b"},"headline":"Sindicato avalia ades\u00e3o \u00e0 greve nos CTT de 75% no turno da noite em Lisboa e Porto","datePublished":"2020-11-30T08:57:18+00:00","dateModified":"2020-11-30T08:57:20+00:00","mainEntityOfPage":{"@id":"https:\/\/hotnewsinworld.com\/pt\/sindicato-avalia-adesao-a-greve-nos-ctt-de-75-no-turno-da-noite-em-lisboa-e-porto\/"},"wordCount":689,"commentCount":0,"image":{"@id":"https:\/\/hotnewsinworld.com\/pt\/sindicato-avalia-adesao-a-greve-nos-ctt-de-75-no-turno-da-noite-em-lisboa-e-porto\/#primaryimage"},"thumbnailUrl":"https:\/\/hotnewsinworld.com\/pt\/wp-content\/uploads\/sites\/2\/2020\/11\/Sindicato-avalia-adesao-a-greve-nos-CTT-de-75-no.aspx.jpeg","articleSection":["\u00daLTIMAS NOT\u00cdCIAS FINANCEIRAS"],"inLanguage":"pt-PT","potentialAction":[{"@type":"CommentAction","name":"Comment","target":["https:\/\/hotnewsinworld.com\/pt\/sindicato-avalia-adesao-a-greve-nos-ctt-de-75-no-turno-da-noite-em-lisboa-e-porto\/#respond"]}]},{"@type":"WebPage","@id":"https:\/\/hotnewsinworld.com\/pt\/sindicato-avalia-adesao-a-greve-nos-ctt-de-75-no-turno-da-noite-em-lisboa-e-porto\/","url":"https:\/\/hotnewsinworld.com\/pt\/sindicato-avalia-adesao-a-greve-nos-ctt-de-75-no-turno-da-noite-em-lisboa-e-porto\/","name":"Sindicato avalia ades\u00e3o \u00e0 greve nos CTT de 75% no turno da noite em Lisboa e Porto - Hot News in World","isPartOf":{"@id":"https:\/\/hotnewsinworld.com\/pt\/#website"},"primaryImageOfPage":{"@id":"https:\/\/hotnewsinworld.com\/pt\/sindicato-avalia-adesao-a-greve-nos-ctt-de-75-no-turno-da-noite-em-lisboa-e-porto\/#primaryimage"},"image":{"@id":"https:\/\/hotnewsinworld.com\/pt\/sindicato-avalia-adesao-a-greve-nos-ctt-de-75-no-turno-da-noite-em-lisboa-e-porto\/#primaryimage"},"thumbnailUrl":"https:\/\/hotnewsinworld.com\/pt\/wp-content\/uploads\/sites\/2\/2020\/11\/Sindicato-avalia-adesao-a-greve-nos-CTT-de-75-no.aspx.jpeg","datePublished":"2020-11-30T08:57:18+00:00","dateModified":"2020-11-30T08:57:20+00:00","author":{"@id":"https:\/\/hotnewsinworld.com\/pt\/#\/schema\/person\/fe61448b21c0d59086e75fcc1f9d8f6b"},"breadcrumb":{"@id":"https:\/\/hotnewsinworld.com\/pt\/sindicato-avalia-adesao-a-greve-nos-ctt-de-75-no-turno-da-noite-em-lisboa-e-porto\/#breadcrumb"},"inLanguage":"pt-PT","potentialAction":[{"@type":"ReadAction","target":["https:\/\/hotnewsinworld.com\/pt\/sindicato-avalia-adesao-a-greve-nos-ctt-de-75-no-turno-da-noite-em-lisboa-e-porto\/"]}]},{"@type":"ImageObject","inLanguage":"pt-PT","@id":"https:\/\/hotnewsinworld.com\/pt\/sindicato-avalia-adesao-a-greve-nos-ctt-de-75-no-turno-da-noite-em-lisboa-e-porto\/#primaryimage","url":"https:\/\/hotnewsinworld.com\/pt\/wp-content\/uploads\/sites\/2\/2020\/11\/Sindicato-avalia-adesao-a-greve-nos-CTT-de-75-no.aspx.jpeg","contentUrl":"https:\/\/hotnewsinworld.com\/pt\/wp-content\/uploads\/sites\/2\/2020\/11\/Sindicato-avalia-adesao-a-greve-nos-CTT-de-75-no.aspx.jpeg","width":800,"height":420,"caption":"Sindicato avalia ades\u00e3o \u00e0 greve nos CTT de 75% no turno da noite em Lisboa e Porto"},{"@type":"BreadcrumbList","@id":"https:\/\/hotnewsinworld.com\/pt\/sindicato-avalia-adesao-a-greve-nos-ctt-de-75-no-turno-da-noite-em-lisboa-e-porto\/#breadcrumb","itemListElement":[{"@type":"ListItem","position":1,"name":"\u0413\u043b\u0430\u0432\u043d\u0430\u044f \u0441\u0442\u0440\u0430\u043d\u0438\u0446\u0430","item":"https:\/\/hotnewsinworld.com\/pt\/"},{"@type":"ListItem","position":2,"name":"Sindicato avalia ades\u00e3o \u00e0 greve nos CTT de 75% no turno da noite em Lisboa e Porto"}]},{"@type":"WebSite","@id":"https:\/\/hotnewsinworld.com\/pt\/#website","url":"https:\/\/hotnewsinworld.com\/pt\/","name":"Hot News in World","description":"Hot News in World Portugal","potentialAction":[{"@type":"SearchAction","target":{"@type":"EntryPoint","urlTemplate":"https:\/\/hotnewsinworld.com\/pt\/?s={search_term_string}"},"query-input":{"@type":"PropertyValueSpecification","valueRequired":true,"valueName":"search_term_string"}}],"inLanguage":"pt-PT"},{"@type":"Person","@id":"https:\/\/hotnewsinworld.com\/pt\/#\/schema\/person\/fe61448b21c0d59086e75fcc1f9d8f6b","name":"hotnewsinworld","image":{"@type":"ImageObject","inLanguage":"pt-PT","@id":"https:\/\/secure.gravatar.com\/avatar\/8a09ac165600ce2e1c38fe593c63928eb1e6e7ba5c5a907d67787c41b3d00c14?s=96&d=mm&r=g","url":"https:\/\/secure.gravatar.com\/avatar\/8a09ac165600ce2e1c38fe593c63928eb1e6e7ba5c5a907d67787c41b3d00c14?s=96&d=mm&r=g","contentUrl":"https:\/\/secure.gravatar.com\/avatar\/8a09ac165600ce2e1c38fe593c63928eb1e6e7ba5c5a907d67787c41b3d00c14?s=96&d=mm&r=g","caption":"hotnewsinworld"},"url":"https:\/\/hotnewsinworld.com\/pt\/author\/pt\/"}]}},"_links":{"self":[{"href":"https:\/\/hotnewsinworld.com\/pt\/wp-json\/wp\/v2\/posts\/2633","targetHints":{"allow":["GET"]}}],"collection":[{"href":"https:\/\/hotnewsinworld.com\/pt\/wp-json\/wp\/v2\/posts"}],"about":[{"href":"https:\/\/hotnewsinworld.com\/pt\/wp-json\/wp\/v2\/types\/post"}],"author":[{"embeddable":true,"href":"https:\/\/hotnewsinworld.com\/pt\/wp-json\/wp\/v2\/users\/2"}],"replies":[{"embeddable":true,"href":"https:\/\/hotnewsinworld.com\/pt\/wp-json\/wp\/v2\/comments?post=2633"}],"version-history":[{"count":1,"href":"https:\/\/hotnewsinworld.com\/pt\/wp-json\/wp\/v2\/posts\/2633\/revisions"}],"predecessor-version":[{"id":2635,"href":"https:\/\/hotnewsinworld.com\/pt\/wp-json\/wp\/v2\/posts\/2633\/revisions\/2635"}],"wp:featuredmedia":[{"embeddable":true,"href":"https:\/\/hotnewsinworld.com\/pt\/wp-json\/wp\/v2\/media\/2634"}],"wp:attachment":[{"href":"https:\/\/hotnewsinworld.com\/pt\/wp-json\/wp\/v2\/media?parent=2633"}],"wp:term":[{"taxonomy":"category","embeddable":true,"href":"https:\/\/hotnewsinworld.com\/pt\/wp-json\/wp\/v2\/categories?post=2633"},{"taxonomy":"post_tag","embeddable":true,"href":"https:\/\/hotnewsinworld.com\/pt\/wp-json\/wp\/v2\/tags?post=2633"}],"curies":[{"name":"wp","href":"https:\/\/api.w.org\/{rel}","templated":true}]}}