{"id":2655,"date":"2020-12-03T01:49:05","date_gmt":"2020-12-02T22:49:05","guid":{"rendered":"https:\/\/hotnewsinworld.com\/pt\/governo-diz-que-o-digital-precisa-de-%e2%80%b3enquadramento-etico%e2%80%b3\/"},"modified":"2020-12-03T01:49:08","modified_gmt":"2020-12-02T22:49:08","slug":"governo-diz-que-o-digital-precisa-de-%e2%80%b3enquadramento-etico%e2%80%b3","status":"publish","type":"post","link":"https:\/\/hotnewsinworld.com\/pt\/governo-diz-que-o-digital-precisa-de-%e2%80%b3enquadramento-etico%e2%80%b3\/","title":{"rendered":"Governo diz que o digital precisa de \u2033enquadramento \u00e9tico\u2033"},"content":{"rendered":"<p>JN\/Ag\u00eanciasHoje\u00a0\u00e0s\u00a015:11O digital veio para ficar, mas tem de servir &#8220;um prop\u00f3sito&#8221;, sendo &#8220;necess\u00e1rio um enquadramento \u00e9tico&#8221; para a tecnologia, defendeu o secret\u00e1rio de Estado para a Transi\u00e7\u00e3o Digital, orador na Web Summit, que arrancou esta quarta-feira.Andr\u00e9 Azevedo aproveitou ainda os poucos minutos de uma curta mesa redonda virtual, dedicada ao tema da democracia digital, para garantir que Portugal vai insistir na necessidade de &#8220;combinar as dimens\u00f5es verde e digital&#8221;, ambas prioridades do programa da presid\u00eancia portuguesa da Uni\u00e3o Europeia, que arranca a 1 de janeiro.&#8221;\u00c9 necess\u00e1rio um enquadramento \u00e9tico&#8221; para a inova\u00e7\u00e3o e a tecnologia digital, frisou, rejeitando que este seja apenas um assunto dos agentes p\u00fablicos. &#8220;Temos de envolver os privados. Estamos num estado de emerg\u00eancia, temos de responder com todos os nossos esfor\u00e7os&#8221;, sustentou o governante portugu\u00eas.&#8221;Estamos \u00e0 beira de uma cat\u00e1strofe&#8221;, corroborou o realizador brit\u00e2nico Ridley Scott.Fundador do movimento &#8220;Digital com um prop\u00f3sito&#8221;, que pretende colocar a tecnologia ao servi\u00e7o da mudan\u00e7a sustent\u00e1vel at\u00e9 2030, o cineasta mostrou um pequeno v\u00eddeo em que a inova\u00e7\u00e3o existe para transformar o mundo para melhor, com o planeta e os cidad\u00e3os no centro.Reconhecendo que, neste contexto de pandemia global, seria &#8220;o caos total&#8221; sem as tecnologias de comunica\u00e7\u00e3o que hoje existem e que nos t\u00eam permitido &#8220;manter alguma normalidade&#8221;, o reputado cineasta, conhecido pelas grandes produ\u00e7\u00f5es de fic\u00e7\u00e3o cient\u00edfica, diagnosticou: &#8220;Estamos numa zona de guerra.&#8221;Defendendo que s\u00e3o necess\u00e1rias &#8220;a\u00e7\u00f5es e palavras&#8221;, o realizador reconheceu que &#8220;a realidade ultrapassa a fic\u00e7\u00e3o cient\u00edfica&#8221; e que o tempo \u00e9 de crise. &#8220;Temos sido muito polidos em rela\u00e7\u00e3o \u00e0 situa\u00e7\u00e3o em que estamos. \u00c9 tempo de sermos mais fortes e duros&#8221;, considerou.J\u00e1 Lu\u00eds Neves, presidente executivo da Global Enabling Sustainability Initiative, orador na mesma mesa redonda virtual, insistiu sobretudo na urg\u00eancia dos atos.&#8221;Andamos a conversar h\u00e1 demasiado tempo. Precisamos de a\u00e7\u00e3o, mas a\u00e7\u00e3o com significado, que de facto altere o que est\u00e1 errado&#8221;, sustentou.&#8221;O digital tem de desempenhar um papel, mas o papel certo&#8221;, real\u00e7ou, mencionando as linhas de orienta\u00e7\u00e3o do respeito pelos valores da democracia, da liberdade e da dignidade humana e da prote\u00e7\u00e3o da privacidade.Considerada uma das maiores cimeiras tecnol\u00f3gicas do mundo, a Web Summit arrancou esta quarta-feira e decorre at\u00e9 4 de dezembro, pela primeira vez totalmente online, esperando &#8220;um p\u00fablico estimado de 100 mil&#8221; pessoas.Ap\u00f3s duas edi\u00e7\u00f5es realizadas em Lisboa (2016 e 2017), a Web Summit e o Governo Portugu\u00eas anunciaram, em \u200b\u200b\u200b\u200b\u200b\u200b\u200bOutubro de 2018, uma parceria a 10 anos que permite manter a confer\u00eancia na capital portuguesa at\u00e9 2028.<br \/>\n<br \/>\n<!--noindex--><br \/>\n<a href=\"http:\/\/feeds.jn.pt\/~r\/JN-ECONOMIA\/~3\/zwG5yWsQ8OY\/governo-diz-que-o-digital-precisa-de-enquadramento-etico-13098580.html\" rel=\"nofollow\">Source link <\/a><br \/>\n<!--\/noindex--><\/p>\n","protected":false},"excerpt":{"rendered":"<p>JN\/Ag\u00eanciasHoje\u00a0\u00e0s\u00a015:11O digital veio para ficar, mas tem de servir &#8220;um prop\u00f3sito&#8221;, sendo &#8220;necess\u00e1rio um enquadramento \u00e9tico&#8221; para a tecnologia, defendeu o secret\u00e1rio de Estado para a Transi\u00e7\u00e3o Digital, orador na Web Summit, que arrancou esta quarta-feira.Andr\u00e9 Azevedo aproveitou ainda os poucos minutos de uma curta mesa redonda virtual, dedicada ao tema da democracia digital, para [&hellip;]<\/p>\n","protected":false},"author":2,"featured_media":2656,"comment_status":"open","ping_status":"open","sticky":false,"template":"","format":"standard","meta":{"footnotes":""},"categories":[1],"tags":[],"class_list":["post-2655","post","type-post","status-publish","format-standard","has-post-thumbnail","hentry","category-ultimas-noticias-financeiras"],"yoast_head":"<!-- This site is optimized with the Yoast SEO plugin v27.4 - https:\/\/yoast.com\/product\/yoast-seo-wordpress\/ -->\n<title>Governo diz que o digital precisa de \u2033enquadramento \u00e9tico\u2033 - Hot News in World<\/title>\n<meta name=\"robots\" content=\"index, follow, max-snippet:-1, max-image-preview:large, max-video-preview:-1\" \/>\n<link rel=\"canonical\" href=\"https:\/\/hotnewsinworld.com\/pt\/governo-diz-que-o-digital-precisa-de-\u2033enquadramento-etico\u2033\/\" \/>\n<meta property=\"og:locale\" content=\"pt_PT\" \/>\n<meta property=\"og:type\" content=\"article\" \/>\n<meta property=\"og:title\" content=\"Governo diz que o digital precisa de \u2033enquadramento \u00e9tico\u2033 - Hot News in World\" \/>\n<meta property=\"og:description\" content=\"JN\/Ag\u00eanciasHoje\u00a0\u00e0s\u00a015:11O digital veio para ficar, mas tem de servir &#8220;um prop\u00f3sito&#8221;, sendo &#8220;necess\u00e1rio um enquadramento \u00e9tico&#8221; para a tecnologia, defendeu o secret\u00e1rio de Estado para a Transi\u00e7\u00e3o Digital, orador na Web Summit, que arrancou esta quarta-feira.Andr\u00e9 Azevedo aproveitou ainda os poucos minutos de uma curta mesa redonda virtual, dedicada ao tema da democracia digital, para [&hellip;]\" \/>\n<meta property=\"og:url\" content=\"https:\/\/hotnewsinworld.com\/pt\/governo-diz-que-o-digital-precisa-de-\u2033enquadramento-etico\u2033\/\" \/>\n<meta property=\"og:site_name\" content=\"Hot News in World\" \/>\n<meta property=\"article:published_time\" content=\"2020-12-02T22:49:05+00:00\" \/>\n<meta property=\"article:modified_time\" content=\"2020-12-02T22:49:08+00:00\" \/>\n<meta property=\"og:image\" content=\"https:\/\/hotnewsinworld.com\/pt\/wp-content\/uploads\/sites\/2\/2020\/12\/Governo-diz-que-o-digital-precisa-de-\u2033enquadramento-etico\u2033.aspx.jpeg\" \/>\n\t<meta property=\"og:image:width\" content=\"800\" \/>\n\t<meta property=\"og:image:height\" content=\"420\" \/>\n\t<meta property=\"og:image:type\" content=\"image\/jpeg\" \/>\n<meta name=\"author\" content=\"hotnewsinworld\" \/>\n<meta name=\"twitter:card\" content=\"summary_large_image\" \/>\n<meta name=\"twitter:label1\" content=\"Escrito por\" \/>\n\t<meta name=\"twitter:data1\" content=\"hotnewsinworld\" \/>\n\t<meta name=\"twitter:label2\" content=\"Tempo estimado de leitura\" \/>\n\t<meta name=\"twitter:data2\" content=\"2 minutos\" \/>\n<script type=\"application\/ld+json\" class=\"yoast-schema-graph\">{\"@context\":\"https:\\\/\\\/schema.org\",\"@graph\":[{\"@type\":\"Article\",\"@id\":\"https:\\\/\\\/hotnewsinworld.com\\\/pt\\\/governo-diz-que-o-digital-precisa-de-%e2%80%b3enquadramento-etico%e2%80%b3\\\/#article\",\"isPartOf\":{\"@id\":\"https:\\\/\\\/hotnewsinworld.com\\\/pt\\\/governo-diz-que-o-digital-precisa-de-%e2%80%b3enquadramento-etico%e2%80%b3\\\/\"},\"author\":{\"name\":\"hotnewsinworld\",\"@id\":\"https:\\\/\\\/hotnewsinworld.com\\\/pt\\\/#\\\/schema\\\/person\\\/fe61448b21c0d59086e75fcc1f9d8f6b\"},\"headline\":\"Governo diz que o digital precisa de \u2033enquadramento \u00e9tico\u2033\",\"datePublished\":\"2020-12-02T22:49:05+00:00\",\"dateModified\":\"2020-12-02T22:49:08+00:00\",\"mainEntityOfPage\":{\"@id\":\"https:\\\/\\\/hotnewsinworld.com\\\/pt\\\/governo-diz-que-o-digital-precisa-de-%e2%80%b3enquadramento-etico%e2%80%b3\\\/\"},\"wordCount\":469,\"commentCount\":0,\"image\":{\"@id\":\"https:\\\/\\\/hotnewsinworld.com\\\/pt\\\/governo-diz-que-o-digital-precisa-de-%e2%80%b3enquadramento-etico%e2%80%b3\\\/#primaryimage\"},\"thumbnailUrl\":\"https:\\\/\\\/hotnewsinworld.com\\\/pt\\\/wp-content\\\/uploads\\\/sites\\\/2\\\/2020\\\/12\\\/Governo-diz-que-o-digital-precisa-de-\u2033enquadramento-etico\u2033.aspx.jpeg\",\"articleSection\":[\"\u00daLTIMAS NOT\u00cdCIAS FINANCEIRAS\"],\"inLanguage\":\"pt-PT\",\"potentialAction\":[{\"@type\":\"CommentAction\",\"name\":\"Comment\",\"target\":[\"https:\\\/\\\/hotnewsinworld.com\\\/pt\\\/governo-diz-que-o-digital-precisa-de-%e2%80%b3enquadramento-etico%e2%80%b3\\\/#respond\"]}]},{\"@type\":\"WebPage\",\"@id\":\"https:\\\/\\\/hotnewsinworld.com\\\/pt\\\/governo-diz-que-o-digital-precisa-de-%e2%80%b3enquadramento-etico%e2%80%b3\\\/\",\"url\":\"https:\\\/\\\/hotnewsinworld.com\\\/pt\\\/governo-diz-que-o-digital-precisa-de-%e2%80%b3enquadramento-etico%e2%80%b3\\\/\",\"name\":\"Governo diz que o digital precisa de \u2033enquadramento \u00e9tico\u2033 - Hot News in World\",\"isPartOf\":{\"@id\":\"https:\\\/\\\/hotnewsinworld.com\\\/pt\\\/#website\"},\"primaryImageOfPage\":{\"@id\":\"https:\\\/\\\/hotnewsinworld.com\\\/pt\\\/governo-diz-que-o-digital-precisa-de-%e2%80%b3enquadramento-etico%e2%80%b3\\\/#primaryimage\"},\"image\":{\"@id\":\"https:\\\/\\\/hotnewsinworld.com\\\/pt\\\/governo-diz-que-o-digital-precisa-de-%e2%80%b3enquadramento-etico%e2%80%b3\\\/#primaryimage\"},\"thumbnailUrl\":\"https:\\\/\\\/hotnewsinworld.com\\\/pt\\\/wp-content\\\/uploads\\\/sites\\\/2\\\/2020\\\/12\\\/Governo-diz-que-o-digital-precisa-de-\u2033enquadramento-etico\u2033.aspx.jpeg\",\"datePublished\":\"2020-12-02T22:49:05+00:00\",\"dateModified\":\"2020-12-02T22:49:08+00:00\",\"author\":{\"@id\":\"https:\\\/\\\/hotnewsinworld.com\\\/pt\\\/#\\\/schema\\\/person\\\/fe61448b21c0d59086e75fcc1f9d8f6b\"},\"breadcrumb\":{\"@id\":\"https:\\\/\\\/hotnewsinworld.com\\\/pt\\\/governo-diz-que-o-digital-precisa-de-%e2%80%b3enquadramento-etico%e2%80%b3\\\/#breadcrumb\"},\"inLanguage\":\"pt-PT\",\"potentialAction\":[{\"@type\":\"ReadAction\",\"target\":[\"https:\\\/\\\/hotnewsinworld.com\\\/pt\\\/governo-diz-que-o-digital-precisa-de-%e2%80%b3enquadramento-etico%e2%80%b3\\\/\"]}]},{\"@type\":\"ImageObject\",\"inLanguage\":\"pt-PT\",\"@id\":\"https:\\\/\\\/hotnewsinworld.com\\\/pt\\\/governo-diz-que-o-digital-precisa-de-%e2%80%b3enquadramento-etico%e2%80%b3\\\/#primaryimage\",\"url\":\"https:\\\/\\\/hotnewsinworld.com\\\/pt\\\/wp-content\\\/uploads\\\/sites\\\/2\\\/2020\\\/12\\\/Governo-diz-que-o-digital-precisa-de-\u2033enquadramento-etico\u2033.aspx.jpeg\",\"contentUrl\":\"https:\\\/\\\/hotnewsinworld.com\\\/pt\\\/wp-content\\\/uploads\\\/sites\\\/2\\\/2020\\\/12\\\/Governo-diz-que-o-digital-precisa-de-\u2033enquadramento-etico\u2033.aspx.jpeg\",\"width\":800,\"height\":420,\"caption\":\"Governo diz que o digital precisa de \u2033enquadramento \u00e9tico\u2033\"},{\"@type\":\"BreadcrumbList\",\"@id\":\"https:\\\/\\\/hotnewsinworld.com\\\/pt\\\/governo-diz-que-o-digital-precisa-de-%e2%80%b3enquadramento-etico%e2%80%b3\\\/#breadcrumb\",\"itemListElement\":[{\"@type\":\"ListItem\",\"position\":1,\"name\":\"\u0413\u043b\u0430\u0432\u043d\u0430\u044f \u0441\u0442\u0440\u0430\u043d\u0438\u0446\u0430\",\"item\":\"https:\\\/\\\/hotnewsinworld.com\\\/pt\\\/\"},{\"@type\":\"ListItem\",\"position\":2,\"name\":\"Governo diz que o digital precisa de \u2033enquadramento \u00e9tico\u2033\"}]},{\"@type\":\"WebSite\",\"@id\":\"https:\\\/\\\/hotnewsinworld.com\\\/pt\\\/#website\",\"url\":\"https:\\\/\\\/hotnewsinworld.com\\\/pt\\\/\",\"name\":\"Hot News in World\",\"description\":\"Hot News in World Portugal\",\"potentialAction\":[{\"@type\":\"SearchAction\",\"target\":{\"@type\":\"EntryPoint\",\"urlTemplate\":\"https:\\\/\\\/hotnewsinworld.com\\\/pt\\\/?s={search_term_string}\"},\"query-input\":{\"@type\":\"PropertyValueSpecification\",\"valueRequired\":true,\"valueName\":\"search_term_string\"}}],\"inLanguage\":\"pt-PT\"},{\"@type\":\"Person\",\"@id\":\"https:\\\/\\\/hotnewsinworld.com\\\/pt\\\/#\\\/schema\\\/person\\\/fe61448b21c0d59086e75fcc1f9d8f6b\",\"name\":\"hotnewsinworld\",\"image\":{\"@type\":\"ImageObject\",\"inLanguage\":\"pt-PT\",\"@id\":\"https:\\\/\\\/secure.gravatar.com\\\/avatar\\\/8a09ac165600ce2e1c38fe593c63928eb1e6e7ba5c5a907d67787c41b3d00c14?s=96&d=mm&r=g\",\"url\":\"https:\\\/\\\/secure.gravatar.com\\\/avatar\\\/8a09ac165600ce2e1c38fe593c63928eb1e6e7ba5c5a907d67787c41b3d00c14?s=96&d=mm&r=g\",\"contentUrl\":\"https:\\\/\\\/secure.gravatar.com\\\/avatar\\\/8a09ac165600ce2e1c38fe593c63928eb1e6e7ba5c5a907d67787c41b3d00c14?s=96&d=mm&r=g\",\"caption\":\"hotnewsinworld\"},\"url\":\"https:\\\/\\\/hotnewsinworld.com\\\/pt\\\/author\\\/pt\\\/\"}]}<\/script>\n<!-- \/ Yoast SEO plugin. -->","yoast_head_json":{"title":"Governo diz que o digital precisa de \u2033enquadramento \u00e9tico\u2033 - Hot News in World","robots":{"index":"index","follow":"follow","max-snippet":"max-snippet:-1","max-image-preview":"max-image-preview:large","max-video-preview":"max-video-preview:-1"},"canonical":"https:\/\/hotnewsinworld.com\/pt\/governo-diz-que-o-digital-precisa-de-\u2033enquadramento-etico\u2033\/","og_locale":"pt_PT","og_type":"article","og_title":"Governo diz que o digital precisa de \u2033enquadramento \u00e9tico\u2033 - Hot News in World","og_description":"JN\/Ag\u00eanciasHoje\u00a0\u00e0s\u00a015:11O digital veio para ficar, mas tem de servir &#8220;um prop\u00f3sito&#8221;, sendo &#8220;necess\u00e1rio um enquadramento \u00e9tico&#8221; para a tecnologia, defendeu o secret\u00e1rio de Estado para a Transi\u00e7\u00e3o Digital, orador na Web Summit, que arrancou esta quarta-feira.Andr\u00e9 Azevedo aproveitou ainda os poucos minutos de uma curta mesa redonda virtual, dedicada ao tema da democracia digital, para [&hellip;]","og_url":"https:\/\/hotnewsinworld.com\/pt\/governo-diz-que-o-digital-precisa-de-\u2033enquadramento-etico\u2033\/","og_site_name":"Hot News in World","article_published_time":"2020-12-02T22:49:05+00:00","article_modified_time":"2020-12-02T22:49:08+00:00","og_image":[{"width":800,"height":420,"url":"https:\/\/hotnewsinworld.com\/pt\/wp-content\/uploads\/sites\/2\/2020\/12\/Governo-diz-que-o-digital-precisa-de-\u2033enquadramento-etico\u2033.aspx.jpeg","type":"image\/jpeg"}],"author":"hotnewsinworld","twitter_card":"summary_large_image","twitter_misc":{"Escrito por":"hotnewsinworld","Tempo estimado de leitura":"2 minutos"},"schema":{"@context":"https:\/\/schema.org","@graph":[{"@type":"Article","@id":"https:\/\/hotnewsinworld.com\/pt\/governo-diz-que-o-digital-precisa-de-%e2%80%b3enquadramento-etico%e2%80%b3\/#article","isPartOf":{"@id":"https:\/\/hotnewsinworld.com\/pt\/governo-diz-que-o-digital-precisa-de-%e2%80%b3enquadramento-etico%e2%80%b3\/"},"author":{"name":"hotnewsinworld","@id":"https:\/\/hotnewsinworld.com\/pt\/#\/schema\/person\/fe61448b21c0d59086e75fcc1f9d8f6b"},"headline":"Governo diz que o digital precisa de \u2033enquadramento \u00e9tico\u2033","datePublished":"2020-12-02T22:49:05+00:00","dateModified":"2020-12-02T22:49:08+00:00","mainEntityOfPage":{"@id":"https:\/\/hotnewsinworld.com\/pt\/governo-diz-que-o-digital-precisa-de-%e2%80%b3enquadramento-etico%e2%80%b3\/"},"wordCount":469,"commentCount":0,"image":{"@id":"https:\/\/hotnewsinworld.com\/pt\/governo-diz-que-o-digital-precisa-de-%e2%80%b3enquadramento-etico%e2%80%b3\/#primaryimage"},"thumbnailUrl":"https:\/\/hotnewsinworld.com\/pt\/wp-content\/uploads\/sites\/2\/2020\/12\/Governo-diz-que-o-digital-precisa-de-\u2033enquadramento-etico\u2033.aspx.jpeg","articleSection":["\u00daLTIMAS NOT\u00cdCIAS FINANCEIRAS"],"inLanguage":"pt-PT","potentialAction":[{"@type":"CommentAction","name":"Comment","target":["https:\/\/hotnewsinworld.com\/pt\/governo-diz-que-o-digital-precisa-de-%e2%80%b3enquadramento-etico%e2%80%b3\/#respond"]}]},{"@type":"WebPage","@id":"https:\/\/hotnewsinworld.com\/pt\/governo-diz-que-o-digital-precisa-de-%e2%80%b3enquadramento-etico%e2%80%b3\/","url":"https:\/\/hotnewsinworld.com\/pt\/governo-diz-que-o-digital-precisa-de-%e2%80%b3enquadramento-etico%e2%80%b3\/","name":"Governo diz que o digital precisa de \u2033enquadramento \u00e9tico\u2033 - Hot News in World","isPartOf":{"@id":"https:\/\/hotnewsinworld.com\/pt\/#website"},"primaryImageOfPage":{"@id":"https:\/\/hotnewsinworld.com\/pt\/governo-diz-que-o-digital-precisa-de-%e2%80%b3enquadramento-etico%e2%80%b3\/#primaryimage"},"image":{"@id":"https:\/\/hotnewsinworld.com\/pt\/governo-diz-que-o-digital-precisa-de-%e2%80%b3enquadramento-etico%e2%80%b3\/#primaryimage"},"thumbnailUrl":"https:\/\/hotnewsinworld.com\/pt\/wp-content\/uploads\/sites\/2\/2020\/12\/Governo-diz-que-o-digital-precisa-de-\u2033enquadramento-etico\u2033.aspx.jpeg","datePublished":"2020-12-02T22:49:05+00:00","dateModified":"2020-12-02T22:49:08+00:00","author":{"@id":"https:\/\/hotnewsinworld.com\/pt\/#\/schema\/person\/fe61448b21c0d59086e75fcc1f9d8f6b"},"breadcrumb":{"@id":"https:\/\/hotnewsinworld.com\/pt\/governo-diz-que-o-digital-precisa-de-%e2%80%b3enquadramento-etico%e2%80%b3\/#breadcrumb"},"inLanguage":"pt-PT","potentialAction":[{"@type":"ReadAction","target":["https:\/\/hotnewsinworld.com\/pt\/governo-diz-que-o-digital-precisa-de-%e2%80%b3enquadramento-etico%e2%80%b3\/"]}]},{"@type":"ImageObject","inLanguage":"pt-PT","@id":"https:\/\/hotnewsinworld.com\/pt\/governo-diz-que-o-digital-precisa-de-%e2%80%b3enquadramento-etico%e2%80%b3\/#primaryimage","url":"https:\/\/hotnewsinworld.com\/pt\/wp-content\/uploads\/sites\/2\/2020\/12\/Governo-diz-que-o-digital-precisa-de-\u2033enquadramento-etico\u2033.aspx.jpeg","contentUrl":"https:\/\/hotnewsinworld.com\/pt\/wp-content\/uploads\/sites\/2\/2020\/12\/Governo-diz-que-o-digital-precisa-de-\u2033enquadramento-etico\u2033.aspx.jpeg","width":800,"height":420,"caption":"Governo diz que o digital precisa de \u2033enquadramento \u00e9tico\u2033"},{"@type":"BreadcrumbList","@id":"https:\/\/hotnewsinworld.com\/pt\/governo-diz-que-o-digital-precisa-de-%e2%80%b3enquadramento-etico%e2%80%b3\/#breadcrumb","itemListElement":[{"@type":"ListItem","position":1,"name":"\u0413\u043b\u0430\u0432\u043d\u0430\u044f \u0441\u0442\u0440\u0430\u043d\u0438\u0446\u0430","item":"https:\/\/hotnewsinworld.com\/pt\/"},{"@type":"ListItem","position":2,"name":"Governo diz que o digital precisa de \u2033enquadramento \u00e9tico\u2033"}]},{"@type":"WebSite","@id":"https:\/\/hotnewsinworld.com\/pt\/#website","url":"https:\/\/hotnewsinworld.com\/pt\/","name":"Hot News in World","description":"Hot News in World Portugal","potentialAction":[{"@type":"SearchAction","target":{"@type":"EntryPoint","urlTemplate":"https:\/\/hotnewsinworld.com\/pt\/?s={search_term_string}"},"query-input":{"@type":"PropertyValueSpecification","valueRequired":true,"valueName":"search_term_string"}}],"inLanguage":"pt-PT"},{"@type":"Person","@id":"https:\/\/hotnewsinworld.com\/pt\/#\/schema\/person\/fe61448b21c0d59086e75fcc1f9d8f6b","name":"hotnewsinworld","image":{"@type":"ImageObject","inLanguage":"pt-PT","@id":"https:\/\/secure.gravatar.com\/avatar\/8a09ac165600ce2e1c38fe593c63928eb1e6e7ba5c5a907d67787c41b3d00c14?s=96&d=mm&r=g","url":"https:\/\/secure.gravatar.com\/avatar\/8a09ac165600ce2e1c38fe593c63928eb1e6e7ba5c5a907d67787c41b3d00c14?s=96&d=mm&r=g","contentUrl":"https:\/\/secure.gravatar.com\/avatar\/8a09ac165600ce2e1c38fe593c63928eb1e6e7ba5c5a907d67787c41b3d00c14?s=96&d=mm&r=g","caption":"hotnewsinworld"},"url":"https:\/\/hotnewsinworld.com\/pt\/author\/pt\/"}]}},"_links":{"self":[{"href":"https:\/\/hotnewsinworld.com\/pt\/wp-json\/wp\/v2\/posts\/2655","targetHints":{"allow":["GET"]}}],"collection":[{"href":"https:\/\/hotnewsinworld.com\/pt\/wp-json\/wp\/v2\/posts"}],"about":[{"href":"https:\/\/hotnewsinworld.com\/pt\/wp-json\/wp\/v2\/types\/post"}],"author":[{"embeddable":true,"href":"https:\/\/hotnewsinworld.com\/pt\/wp-json\/wp\/v2\/users\/2"}],"replies":[{"embeddable":true,"href":"https:\/\/hotnewsinworld.com\/pt\/wp-json\/wp\/v2\/comments?post=2655"}],"version-history":[{"count":1,"href":"https:\/\/hotnewsinworld.com\/pt\/wp-json\/wp\/v2\/posts\/2655\/revisions"}],"predecessor-version":[{"id":2657,"href":"https:\/\/hotnewsinworld.com\/pt\/wp-json\/wp\/v2\/posts\/2655\/revisions\/2657"}],"wp:featuredmedia":[{"embeddable":true,"href":"https:\/\/hotnewsinworld.com\/pt\/wp-json\/wp\/v2\/media\/2656"}],"wp:attachment":[{"href":"https:\/\/hotnewsinworld.com\/pt\/wp-json\/wp\/v2\/media?parent=2655"}],"wp:term":[{"taxonomy":"category","embeddable":true,"href":"https:\/\/hotnewsinworld.com\/pt\/wp-json\/wp\/v2\/categories?post=2655"},{"taxonomy":"post_tag","embeddable":true,"href":"https:\/\/hotnewsinworld.com\/pt\/wp-json\/wp\/v2\/tags?post=2655"}],"curies":[{"name":"wp","href":"https:\/\/api.w.org\/{rel}","templated":true}]}}