{"id":2673,"date":"2020-12-06T04:03:12","date_gmt":"2020-12-06T01:03:12","guid":{"rendered":"https:\/\/hotnewsinworld.com\/pt\/ryanair-diz-que-sem-acordo-com-sindicato-teve-de-avancar-com-despedimento\/"},"modified":"2020-12-06T04:03:18","modified_gmt":"2020-12-06T01:03:18","slug":"ryanair-diz-que-sem-acordo-com-sindicato-teve-de-avancar-com-despedimento","status":"publish","type":"post","link":"https:\/\/hotnewsinworld.com\/pt\/ryanair-diz-que-sem-acordo-com-sindicato-teve-de-avancar-com-despedimento\/","title":{"rendered":"Ryanair diz que sem acordo com sindicato teve de avan\u00e7ar com despedimento"},"content":{"rendered":"<p>JN\/Ag\u00eanciasOntem\u00a0\u00e0s\u00a019:46A Ryanair lamenta que o Sindicato Nacional do Pessoal de Voo da Avia\u00e7\u00e3o Civil (SNPVAC) n\u00e3o tenha reunido consenso em torno de um acordo com a companhia, referindo que, por esse motivo, teve de avan\u00e7ar para um despedimento coletivo.&#8221;Em 13 de novembro, ap\u00f3s intensas negocia\u00e7\u00f5es, a Ryanair assinou um acordo com o SNPVAC&#8221;, refere a companhia a\u00e9rea numa resposta por escrito \u00e0 Lusa, adiantando, que &#8220;lamentavelmente, o acordo assinado n\u00e3o foi aceite pelos associados do sindicato&#8221; pelo que, &#8220;como resultado&#8221;, tem &#8220;de lidar com o atual excesso de tripulantes de cabine, avan\u00e7ando com um despedimento coletivo&#8221;.Na mesma resposta \u00e0 Lusa, a companhia \u00e1rea &#8216;low-cost&#8217; refere ainda que n\u00e3o tem quaisquer vagas para tripulantes de cabine em Portugal, mas antes excesso, situa\u00e7\u00e3o que leva ao recurso ao despedimento coletivo.Esta posi\u00e7\u00e3o da Ryanair surge depois de, esta sexta-feira, o SNPVAC ter acusado a empresa de avia\u00e7\u00e3o de violar o C\u00f3digo do Trabalho, ao iniciar um despedimento coletivo na base do Porto enquanto promove cursos de forma\u00e7\u00e3o para novos tripulantes.&#8221;Enquanto a Ryanair inicia um processo de Despedimento Coletivo, o SNPVAC tem conhecimento que a companhia est\u00e1 a realizar, em simult\u00e2neo, cursos para novos tripulantes, violando grosseiramente o C\u00f3digo de Trabalho&#8221;, afirmou o sindicato, em comunicado enviado \u00e0s reda\u00e7\u00f5es.Segundo os representantes dos trabalhadores, a Ryanair retomou, em 01 de dezembro, o processo de despedimento coletivo de tripulantes de cabine na base do Porto, que abrange 23 profissionais, &#8220;dando assim cumprimento \u00e0s suas amea\u00e7as&#8221;.O SNPVAC disse, tamb\u00e9m, que apelou para que a companhia a\u00e9rea irlandesa, durante a \u00faltima semana, chegasse a um entendimento entre as partes, mas, &#8220;infelizmente, a empresa optou por outro caminho&#8221;, reiniciando o processo de despedimento coletivo.Na resposta \u00e0 Lusa, a Ryanair refere que o acordo rejeitado pelos s\u00f3cios do SNPVAC tinha termos semelhantes ao acordo a que diz ter conseguido chegar &#8220;com a maioria dos tripulantes de cabine em Portugal&#8221;, e lamenta a decis\u00e3o deste sindicato &#8220;leve \u00e0 perda de empregos&#8221;, apesar dos esfor\u00e7os que fez &#8220;para proteger o emprego durante a maior crise que o setor da avia\u00e7\u00e3o j\u00e1 enfrentou.As previs\u00f5es para a retoma do setor da avia\u00e7\u00e3o t\u00eam vindo a ser revistas em alta, na sequ\u00eancia do an\u00fancio da passagem \u00e0 fase de aprova\u00e7\u00e3o pelas autoridades competentes da primeira vacina contra a covid-19.&#8221;Mesmo as previs\u00f5es mais conservadoras apontam para uma retoma a partir de 2021, com necessidades adicionais de pessoal a partir de 2022. N\u00e3o faz sentido ajustar a estrutura a uma situa\u00e7\u00e3o transit\u00f3ria para depois aumentar nos anos seguintes, com custos adicionais de recrutamento e forma\u00e7\u00e3o&#8221;, defendeu o SNPVAC.A entidade sindical lamenta que a Ryanair n\u00e3o demonstre uma &#8220;real inten\u00e7\u00e3o de salvaguardar os seus recursos humanos&#8221;, ap\u00f3s v\u00e1rias semanas de negocia\u00e7\u00e3o com os representantes dos tripulantes, que dizem ter estado dispon\u00edveis para dialogar.<br \/>\n<br \/>\n<!--noindex--><br \/>\n<a href=\"http:\/\/feeds.jn.pt\/~r\/JN-ECONOMIA\/~3\/CL7OQhtzw-Y\/ryanair-diz-que-sem-acordo-com-sindicato-teve-de-avancar-com-despedimento-13111068.html\" rel=\"nofollow\">Source link <\/a><br \/>\n<!--\/noindex--><\/p>\n","protected":false},"excerpt":{"rendered":"<p>JN\/Ag\u00eanciasOntem\u00a0\u00e0s\u00a019:46A Ryanair lamenta que o Sindicato Nacional do Pessoal de Voo da Avia\u00e7\u00e3o Civil (SNPVAC) n\u00e3o tenha reunido consenso em torno de um acordo com a companhia, referindo que, por esse motivo, teve de avan\u00e7ar para um despedimento coletivo.&#8221;Em 13 de novembro, ap\u00f3s intensas negocia\u00e7\u00f5es, a Ryanair assinou um acordo com o SNPVAC&#8221;, refere a [&hellip;]<\/p>\n","protected":false},"author":2,"featured_media":2674,"comment_status":"open","ping_status":"open","sticky":false,"template":"","format":"standard","meta":{"footnotes":""},"categories":[1],"tags":[],"class_list":["post-2673","post","type-post","status-publish","format-standard","has-post-thumbnail","hentry","category-ultimas-noticias-financeiras"],"yoast_head":"<!-- This site is optimized with the Yoast SEO plugin v27.4 - https:\/\/yoast.com\/product\/yoast-seo-wordpress\/ -->\n<title>Ryanair diz que sem acordo com sindicato teve de avan\u00e7ar com despedimento - Hot News in World<\/title>\n<meta name=\"robots\" content=\"index, follow, max-snippet:-1, max-image-preview:large, max-video-preview:-1\" \/>\n<link rel=\"canonical\" href=\"https:\/\/hotnewsinworld.com\/pt\/ryanair-diz-que-sem-acordo-com-sindicato-teve-de-avancar-com-despedimento\/\" \/>\n<meta property=\"og:locale\" content=\"pt_PT\" \/>\n<meta property=\"og:type\" content=\"article\" \/>\n<meta property=\"og:title\" content=\"Ryanair diz que sem acordo com sindicato teve de avan\u00e7ar com despedimento - Hot News in World\" \/>\n<meta property=\"og:description\" content=\"JN\/Ag\u00eanciasOntem\u00a0\u00e0s\u00a019:46A Ryanair lamenta que o Sindicato Nacional do Pessoal de Voo da Avia\u00e7\u00e3o Civil (SNPVAC) n\u00e3o tenha reunido consenso em torno de um acordo com a companhia, referindo que, por esse motivo, teve de avan\u00e7ar para um despedimento coletivo.&#8221;Em 13 de novembro, ap\u00f3s intensas negocia\u00e7\u00f5es, a Ryanair assinou um acordo com o SNPVAC&#8221;, refere a [&hellip;]\" \/>\n<meta property=\"og:url\" content=\"https:\/\/hotnewsinworld.com\/pt\/ryanair-diz-que-sem-acordo-com-sindicato-teve-de-avancar-com-despedimento\/\" \/>\n<meta property=\"og:site_name\" content=\"Hot News in World\" \/>\n<meta property=\"article:published_time\" content=\"2020-12-06T01:03:12+00:00\" \/>\n<meta property=\"article:modified_time\" content=\"2020-12-06T01:03:18+00:00\" \/>\n<meta property=\"og:image\" content=\"https:\/\/hotnewsinworld.com\/pt\/wp-content\/uploads\/sites\/2\/2020\/12\/Ryanair-diz-que-sem-acordo-com-sindicato-teve-de-avancar.aspx.jpeg\" \/>\n\t<meta property=\"og:image:width\" content=\"799\" \/>\n\t<meta property=\"og:image:height\" content=\"420\" \/>\n\t<meta property=\"og:image:type\" content=\"image\/jpeg\" \/>\n<meta name=\"author\" content=\"hotnewsinworld\" \/>\n<meta name=\"twitter:card\" content=\"summary_large_image\" \/>\n<meta name=\"twitter:label1\" content=\"Escrito por\" \/>\n\t<meta name=\"twitter:data1\" content=\"hotnewsinworld\" \/>\n\t<meta name=\"twitter:label2\" content=\"Tempo estimado de leitura\" \/>\n\t<meta name=\"twitter:data2\" content=\"3 minutos\" \/>\n<script type=\"application\/ld+json\" class=\"yoast-schema-graph\">{\"@context\":\"https:\\\/\\\/schema.org\",\"@graph\":[{\"@type\":\"Article\",\"@id\":\"https:\\\/\\\/hotnewsinworld.com\\\/pt\\\/ryanair-diz-que-sem-acordo-com-sindicato-teve-de-avancar-com-despedimento\\\/#article\",\"isPartOf\":{\"@id\":\"https:\\\/\\\/hotnewsinworld.com\\\/pt\\\/ryanair-diz-que-sem-acordo-com-sindicato-teve-de-avancar-com-despedimento\\\/\"},\"author\":{\"name\":\"hotnewsinworld\",\"@id\":\"https:\\\/\\\/hotnewsinworld.com\\\/pt\\\/#\\\/schema\\\/person\\\/fe61448b21c0d59086e75fcc1f9d8f6b\"},\"headline\":\"Ryanair diz que sem acordo com sindicato teve de avan\u00e7ar com despedimento\",\"datePublished\":\"2020-12-06T01:03:12+00:00\",\"dateModified\":\"2020-12-06T01:03:18+00:00\",\"mainEntityOfPage\":{\"@id\":\"https:\\\/\\\/hotnewsinworld.com\\\/pt\\\/ryanair-diz-que-sem-acordo-com-sindicato-teve-de-avancar-com-despedimento\\\/\"},\"wordCount\":515,\"commentCount\":0,\"image\":{\"@id\":\"https:\\\/\\\/hotnewsinworld.com\\\/pt\\\/ryanair-diz-que-sem-acordo-com-sindicato-teve-de-avancar-com-despedimento\\\/#primaryimage\"},\"thumbnailUrl\":\"https:\\\/\\\/hotnewsinworld.com\\\/pt\\\/wp-content\\\/uploads\\\/sites\\\/2\\\/2020\\\/12\\\/Ryanair-diz-que-sem-acordo-com-sindicato-teve-de-avancar.aspx.jpeg\",\"articleSection\":[\"\u00daLTIMAS NOT\u00cdCIAS FINANCEIRAS\"],\"inLanguage\":\"pt-PT\",\"potentialAction\":[{\"@type\":\"CommentAction\",\"name\":\"Comment\",\"target\":[\"https:\\\/\\\/hotnewsinworld.com\\\/pt\\\/ryanair-diz-que-sem-acordo-com-sindicato-teve-de-avancar-com-despedimento\\\/#respond\"]}]},{\"@type\":\"WebPage\",\"@id\":\"https:\\\/\\\/hotnewsinworld.com\\\/pt\\\/ryanair-diz-que-sem-acordo-com-sindicato-teve-de-avancar-com-despedimento\\\/\",\"url\":\"https:\\\/\\\/hotnewsinworld.com\\\/pt\\\/ryanair-diz-que-sem-acordo-com-sindicato-teve-de-avancar-com-despedimento\\\/\",\"name\":\"Ryanair diz que sem acordo com sindicato teve de avan\u00e7ar com despedimento - Hot News in World\",\"isPartOf\":{\"@id\":\"https:\\\/\\\/hotnewsinworld.com\\\/pt\\\/#website\"},\"primaryImageOfPage\":{\"@id\":\"https:\\\/\\\/hotnewsinworld.com\\\/pt\\\/ryanair-diz-que-sem-acordo-com-sindicato-teve-de-avancar-com-despedimento\\\/#primaryimage\"},\"image\":{\"@id\":\"https:\\\/\\\/hotnewsinworld.com\\\/pt\\\/ryanair-diz-que-sem-acordo-com-sindicato-teve-de-avancar-com-despedimento\\\/#primaryimage\"},\"thumbnailUrl\":\"https:\\\/\\\/hotnewsinworld.com\\\/pt\\\/wp-content\\\/uploads\\\/sites\\\/2\\\/2020\\\/12\\\/Ryanair-diz-que-sem-acordo-com-sindicato-teve-de-avancar.aspx.jpeg\",\"datePublished\":\"2020-12-06T01:03:12+00:00\",\"dateModified\":\"2020-12-06T01:03:18+00:00\",\"author\":{\"@id\":\"https:\\\/\\\/hotnewsinworld.com\\\/pt\\\/#\\\/schema\\\/person\\\/fe61448b21c0d59086e75fcc1f9d8f6b\"},\"breadcrumb\":{\"@id\":\"https:\\\/\\\/hotnewsinworld.com\\\/pt\\\/ryanair-diz-que-sem-acordo-com-sindicato-teve-de-avancar-com-despedimento\\\/#breadcrumb\"},\"inLanguage\":\"pt-PT\",\"potentialAction\":[{\"@type\":\"ReadAction\",\"target\":[\"https:\\\/\\\/hotnewsinworld.com\\\/pt\\\/ryanair-diz-que-sem-acordo-com-sindicato-teve-de-avancar-com-despedimento\\\/\"]}]},{\"@type\":\"ImageObject\",\"inLanguage\":\"pt-PT\",\"@id\":\"https:\\\/\\\/hotnewsinworld.com\\\/pt\\\/ryanair-diz-que-sem-acordo-com-sindicato-teve-de-avancar-com-despedimento\\\/#primaryimage\",\"url\":\"https:\\\/\\\/hotnewsinworld.com\\\/pt\\\/wp-content\\\/uploads\\\/sites\\\/2\\\/2020\\\/12\\\/Ryanair-diz-que-sem-acordo-com-sindicato-teve-de-avancar.aspx.jpeg\",\"contentUrl\":\"https:\\\/\\\/hotnewsinworld.com\\\/pt\\\/wp-content\\\/uploads\\\/sites\\\/2\\\/2020\\\/12\\\/Ryanair-diz-que-sem-acordo-com-sindicato-teve-de-avancar.aspx.jpeg\",\"width\":799,\"height\":420,\"caption\":\"Ryanair diz que sem acordo com sindicato teve de avan\u00e7ar com despedimento\"},{\"@type\":\"BreadcrumbList\",\"@id\":\"https:\\\/\\\/hotnewsinworld.com\\\/pt\\\/ryanair-diz-que-sem-acordo-com-sindicato-teve-de-avancar-com-despedimento\\\/#breadcrumb\",\"itemListElement\":[{\"@type\":\"ListItem\",\"position\":1,\"name\":\"\u0413\u043b\u0430\u0432\u043d\u0430\u044f \u0441\u0442\u0440\u0430\u043d\u0438\u0446\u0430\",\"item\":\"https:\\\/\\\/hotnewsinworld.com\\\/pt\\\/\"},{\"@type\":\"ListItem\",\"position\":2,\"name\":\"Ryanair diz que sem acordo com sindicato teve de avan\u00e7ar com despedimento\"}]},{\"@type\":\"WebSite\",\"@id\":\"https:\\\/\\\/hotnewsinworld.com\\\/pt\\\/#website\",\"url\":\"https:\\\/\\\/hotnewsinworld.com\\\/pt\\\/\",\"name\":\"Hot News in World\",\"description\":\"Hot News in World Portugal\",\"potentialAction\":[{\"@type\":\"SearchAction\",\"target\":{\"@type\":\"EntryPoint\",\"urlTemplate\":\"https:\\\/\\\/hotnewsinworld.com\\\/pt\\\/?s={search_term_string}\"},\"query-input\":{\"@type\":\"PropertyValueSpecification\",\"valueRequired\":true,\"valueName\":\"search_term_string\"}}],\"inLanguage\":\"pt-PT\"},{\"@type\":\"Person\",\"@id\":\"https:\\\/\\\/hotnewsinworld.com\\\/pt\\\/#\\\/schema\\\/person\\\/fe61448b21c0d59086e75fcc1f9d8f6b\",\"name\":\"hotnewsinworld\",\"image\":{\"@type\":\"ImageObject\",\"inLanguage\":\"pt-PT\",\"@id\":\"https:\\\/\\\/secure.gravatar.com\\\/avatar\\\/8a09ac165600ce2e1c38fe593c63928eb1e6e7ba5c5a907d67787c41b3d00c14?s=96&d=mm&r=g\",\"url\":\"https:\\\/\\\/secure.gravatar.com\\\/avatar\\\/8a09ac165600ce2e1c38fe593c63928eb1e6e7ba5c5a907d67787c41b3d00c14?s=96&d=mm&r=g\",\"contentUrl\":\"https:\\\/\\\/secure.gravatar.com\\\/avatar\\\/8a09ac165600ce2e1c38fe593c63928eb1e6e7ba5c5a907d67787c41b3d00c14?s=96&d=mm&r=g\",\"caption\":\"hotnewsinworld\"},\"url\":\"https:\\\/\\\/hotnewsinworld.com\\\/pt\\\/author\\\/pt\\\/\"}]}<\/script>\n<!-- \/ Yoast SEO plugin. -->","yoast_head_json":{"title":"Ryanair diz que sem acordo com sindicato teve de avan\u00e7ar com despedimento - Hot News in World","robots":{"index":"index","follow":"follow","max-snippet":"max-snippet:-1","max-image-preview":"max-image-preview:large","max-video-preview":"max-video-preview:-1"},"canonical":"https:\/\/hotnewsinworld.com\/pt\/ryanair-diz-que-sem-acordo-com-sindicato-teve-de-avancar-com-despedimento\/","og_locale":"pt_PT","og_type":"article","og_title":"Ryanair diz que sem acordo com sindicato teve de avan\u00e7ar com despedimento - Hot News in World","og_description":"JN\/Ag\u00eanciasOntem\u00a0\u00e0s\u00a019:46A Ryanair lamenta que o Sindicato Nacional do Pessoal de Voo da Avia\u00e7\u00e3o Civil (SNPVAC) n\u00e3o tenha reunido consenso em torno de um acordo com a companhia, referindo que, por esse motivo, teve de avan\u00e7ar para um despedimento coletivo.&#8221;Em 13 de novembro, ap\u00f3s intensas negocia\u00e7\u00f5es, a Ryanair assinou um acordo com o SNPVAC&#8221;, refere a [&hellip;]","og_url":"https:\/\/hotnewsinworld.com\/pt\/ryanair-diz-que-sem-acordo-com-sindicato-teve-de-avancar-com-despedimento\/","og_site_name":"Hot News in World","article_published_time":"2020-12-06T01:03:12+00:00","article_modified_time":"2020-12-06T01:03:18+00:00","og_image":[{"width":799,"height":420,"url":"https:\/\/hotnewsinworld.com\/pt\/wp-content\/uploads\/sites\/2\/2020\/12\/Ryanair-diz-que-sem-acordo-com-sindicato-teve-de-avancar.aspx.jpeg","type":"image\/jpeg"}],"author":"hotnewsinworld","twitter_card":"summary_large_image","twitter_misc":{"Escrito por":"hotnewsinworld","Tempo estimado de leitura":"3 minutos"},"schema":{"@context":"https:\/\/schema.org","@graph":[{"@type":"Article","@id":"https:\/\/hotnewsinworld.com\/pt\/ryanair-diz-que-sem-acordo-com-sindicato-teve-de-avancar-com-despedimento\/#article","isPartOf":{"@id":"https:\/\/hotnewsinworld.com\/pt\/ryanair-diz-que-sem-acordo-com-sindicato-teve-de-avancar-com-despedimento\/"},"author":{"name":"hotnewsinworld","@id":"https:\/\/hotnewsinworld.com\/pt\/#\/schema\/person\/fe61448b21c0d59086e75fcc1f9d8f6b"},"headline":"Ryanair diz que sem acordo com sindicato teve de avan\u00e7ar com despedimento","datePublished":"2020-12-06T01:03:12+00:00","dateModified":"2020-12-06T01:03:18+00:00","mainEntityOfPage":{"@id":"https:\/\/hotnewsinworld.com\/pt\/ryanair-diz-que-sem-acordo-com-sindicato-teve-de-avancar-com-despedimento\/"},"wordCount":515,"commentCount":0,"image":{"@id":"https:\/\/hotnewsinworld.com\/pt\/ryanair-diz-que-sem-acordo-com-sindicato-teve-de-avancar-com-despedimento\/#primaryimage"},"thumbnailUrl":"https:\/\/hotnewsinworld.com\/pt\/wp-content\/uploads\/sites\/2\/2020\/12\/Ryanair-diz-que-sem-acordo-com-sindicato-teve-de-avancar.aspx.jpeg","articleSection":["\u00daLTIMAS NOT\u00cdCIAS FINANCEIRAS"],"inLanguage":"pt-PT","potentialAction":[{"@type":"CommentAction","name":"Comment","target":["https:\/\/hotnewsinworld.com\/pt\/ryanair-diz-que-sem-acordo-com-sindicato-teve-de-avancar-com-despedimento\/#respond"]}]},{"@type":"WebPage","@id":"https:\/\/hotnewsinworld.com\/pt\/ryanair-diz-que-sem-acordo-com-sindicato-teve-de-avancar-com-despedimento\/","url":"https:\/\/hotnewsinworld.com\/pt\/ryanair-diz-que-sem-acordo-com-sindicato-teve-de-avancar-com-despedimento\/","name":"Ryanair diz que sem acordo com sindicato teve de avan\u00e7ar com despedimento - Hot News in World","isPartOf":{"@id":"https:\/\/hotnewsinworld.com\/pt\/#website"},"primaryImageOfPage":{"@id":"https:\/\/hotnewsinworld.com\/pt\/ryanair-diz-que-sem-acordo-com-sindicato-teve-de-avancar-com-despedimento\/#primaryimage"},"image":{"@id":"https:\/\/hotnewsinworld.com\/pt\/ryanair-diz-que-sem-acordo-com-sindicato-teve-de-avancar-com-despedimento\/#primaryimage"},"thumbnailUrl":"https:\/\/hotnewsinworld.com\/pt\/wp-content\/uploads\/sites\/2\/2020\/12\/Ryanair-diz-que-sem-acordo-com-sindicato-teve-de-avancar.aspx.jpeg","datePublished":"2020-12-06T01:03:12+00:00","dateModified":"2020-12-06T01:03:18+00:00","author":{"@id":"https:\/\/hotnewsinworld.com\/pt\/#\/schema\/person\/fe61448b21c0d59086e75fcc1f9d8f6b"},"breadcrumb":{"@id":"https:\/\/hotnewsinworld.com\/pt\/ryanair-diz-que-sem-acordo-com-sindicato-teve-de-avancar-com-despedimento\/#breadcrumb"},"inLanguage":"pt-PT","potentialAction":[{"@type":"ReadAction","target":["https:\/\/hotnewsinworld.com\/pt\/ryanair-diz-que-sem-acordo-com-sindicato-teve-de-avancar-com-despedimento\/"]}]},{"@type":"ImageObject","inLanguage":"pt-PT","@id":"https:\/\/hotnewsinworld.com\/pt\/ryanair-diz-que-sem-acordo-com-sindicato-teve-de-avancar-com-despedimento\/#primaryimage","url":"https:\/\/hotnewsinworld.com\/pt\/wp-content\/uploads\/sites\/2\/2020\/12\/Ryanair-diz-que-sem-acordo-com-sindicato-teve-de-avancar.aspx.jpeg","contentUrl":"https:\/\/hotnewsinworld.com\/pt\/wp-content\/uploads\/sites\/2\/2020\/12\/Ryanair-diz-que-sem-acordo-com-sindicato-teve-de-avancar.aspx.jpeg","width":799,"height":420,"caption":"Ryanair diz que sem acordo com sindicato teve de avan\u00e7ar com despedimento"},{"@type":"BreadcrumbList","@id":"https:\/\/hotnewsinworld.com\/pt\/ryanair-diz-que-sem-acordo-com-sindicato-teve-de-avancar-com-despedimento\/#breadcrumb","itemListElement":[{"@type":"ListItem","position":1,"name":"\u0413\u043b\u0430\u0432\u043d\u0430\u044f \u0441\u0442\u0440\u0430\u043d\u0438\u0446\u0430","item":"https:\/\/hotnewsinworld.com\/pt\/"},{"@type":"ListItem","position":2,"name":"Ryanair diz que sem acordo com sindicato teve de avan\u00e7ar com despedimento"}]},{"@type":"WebSite","@id":"https:\/\/hotnewsinworld.com\/pt\/#website","url":"https:\/\/hotnewsinworld.com\/pt\/","name":"Hot News in World","description":"Hot News in World Portugal","potentialAction":[{"@type":"SearchAction","target":{"@type":"EntryPoint","urlTemplate":"https:\/\/hotnewsinworld.com\/pt\/?s={search_term_string}"},"query-input":{"@type":"PropertyValueSpecification","valueRequired":true,"valueName":"search_term_string"}}],"inLanguage":"pt-PT"},{"@type":"Person","@id":"https:\/\/hotnewsinworld.com\/pt\/#\/schema\/person\/fe61448b21c0d59086e75fcc1f9d8f6b","name":"hotnewsinworld","image":{"@type":"ImageObject","inLanguage":"pt-PT","@id":"https:\/\/secure.gravatar.com\/avatar\/8a09ac165600ce2e1c38fe593c63928eb1e6e7ba5c5a907d67787c41b3d00c14?s=96&d=mm&r=g","url":"https:\/\/secure.gravatar.com\/avatar\/8a09ac165600ce2e1c38fe593c63928eb1e6e7ba5c5a907d67787c41b3d00c14?s=96&d=mm&r=g","contentUrl":"https:\/\/secure.gravatar.com\/avatar\/8a09ac165600ce2e1c38fe593c63928eb1e6e7ba5c5a907d67787c41b3d00c14?s=96&d=mm&r=g","caption":"hotnewsinworld"},"url":"https:\/\/hotnewsinworld.com\/pt\/author\/pt\/"}]}},"_links":{"self":[{"href":"https:\/\/hotnewsinworld.com\/pt\/wp-json\/wp\/v2\/posts\/2673","targetHints":{"allow":["GET"]}}],"collection":[{"href":"https:\/\/hotnewsinworld.com\/pt\/wp-json\/wp\/v2\/posts"}],"about":[{"href":"https:\/\/hotnewsinworld.com\/pt\/wp-json\/wp\/v2\/types\/post"}],"author":[{"embeddable":true,"href":"https:\/\/hotnewsinworld.com\/pt\/wp-json\/wp\/v2\/users\/2"}],"replies":[{"embeddable":true,"href":"https:\/\/hotnewsinworld.com\/pt\/wp-json\/wp\/v2\/comments?post=2673"}],"version-history":[{"count":1,"href":"https:\/\/hotnewsinworld.com\/pt\/wp-json\/wp\/v2\/posts\/2673\/revisions"}],"predecessor-version":[{"id":2675,"href":"https:\/\/hotnewsinworld.com\/pt\/wp-json\/wp\/v2\/posts\/2673\/revisions\/2675"}],"wp:featuredmedia":[{"embeddable":true,"href":"https:\/\/hotnewsinworld.com\/pt\/wp-json\/wp\/v2\/media\/2674"}],"wp:attachment":[{"href":"https:\/\/hotnewsinworld.com\/pt\/wp-json\/wp\/v2\/media?parent=2673"}],"wp:term":[{"taxonomy":"category","embeddable":true,"href":"https:\/\/hotnewsinworld.com\/pt\/wp-json\/wp\/v2\/categories?post=2673"},{"taxonomy":"post_tag","embeddable":true,"href":"https:\/\/hotnewsinworld.com\/pt\/wp-json\/wp\/v2\/tags?post=2673"}],"curies":[{"name":"wp","href":"https:\/\/api.w.org\/{rel}","templated":true}]}}