{"id":2694,"date":"2020-12-09T19:46:37","date_gmt":"2020-12-09T16:46:37","guid":{"rendered":"https:\/\/hotnewsinworld.com\/pt\/deputados-aprovam-audicao-de-pedro-nuno-santos-sobre-plano-de-reestruturacao-da-tap\/"},"modified":"2020-12-09T19:46:39","modified_gmt":"2020-12-09T16:46:39","slug":"deputados-aprovam-audicao-de-pedro-nuno-santos-sobre-plano-de-reestruturacao-da-tap","status":"publish","type":"post","link":"https:\/\/hotnewsinworld.com\/pt\/deputados-aprovam-audicao-de-pedro-nuno-santos-sobre-plano-de-reestruturacao-da-tap\/","title":{"rendered":"Deputados aprovam audi\u00e7\u00e3o de Pedro Nuno Santos sobre plano de reestrutura\u00e7\u00e3o da TAP"},"content":{"rendered":"<p>JN\/Ag\u00eanciasHoje\u00a0\u00e0s\u00a015:58A Comiss\u00e3o de Economia, Inova\u00e7\u00e3o, Obras P\u00fablicas e Habita\u00e7\u00e3o aprovou esta quarta-feira a audi\u00e7\u00e3o do ministro das Infraestruturas e da Habita\u00e7\u00e3o, Pedro Nuno Santos, sobre o plano de reestrutura\u00e7\u00e3o da TAP, disse \u00e0 Lusa o vice-presidente da entidade.Segundo adiantou \u00e0 Lusa Pedro Coimbra, os deputados apreciaram e votaram favoravelmente, por unanimidade, o requerimento de audi\u00e7\u00e3o potestativo e com car\u00e1ter de urg\u00eancia apresentado pelo Bloco de Esquerda (BE) para que o plano de reestrutura\u00e7\u00e3o da TAP seja apresentado no parlamento &#8220;em tempo \u00fatil&#8221; por Pedro Nuno Santos, mas n\u00e3o ficou ainda marcada a data da audi\u00e7\u00e3o.O an\u00fancio da apresenta\u00e7\u00e3o deste requerimento foi feito na passada quinta-feira, no plen\u00e1rio do Parlamento, pela deputada do BE Isabel Pires: &#8220;\u00c9 incompreens\u00edvel que o plano de reestrutura\u00e7\u00e3o [da TAP] n\u00e3o seja conhecido. Sendo uma empresa t\u00e3o importante, tendo o apoio p\u00fablico \u00e0 empresa a dimens\u00e3o que tem, n\u00e3o podemos aceitar que estas decis\u00f5es sejam tomadas sem o devido escrut\u00ednio p\u00fablico, sem a garantia de que se est\u00e1 a proteger ao m\u00e1ximo o emprego desta empresa e o seu futuro&#8221;, condenou.Por isso mesmo, o BE exige que &#8220;o Governo venha ao Parlamento apresentar o plano de reestrutura\u00e7\u00e3o em tempo \u00fatil para ele ser escrutinado&#8221;.Segundo Isabel Pires, &#8220;o Governo prometeu incluir os sindicatos na negocia\u00e7\u00e3o e n\u00e3o cumpriu&#8221;, tendo prometido igualmente que &#8220;o plano de reestrutura\u00e7\u00e3o seria debatido, mas a data de entrega em Bruxelas aproxima-se rapidamente e n\u00e3o se conhece o documento&#8221;.&#8221;N\u00e3o podemos aceitar que assim seja pelos milhares de trabalhadores e respetivas fam\u00edlias ou pelo peso que a TAP tem na economia portuguesa e nas exporta\u00e7\u00f5es, que ser\u00e1 fundamental&#8221;, justificou a deputada do BE.Na perspetiva de Isabel Pires, &#8220;h\u00e1 demasiadas d\u00favidas no ar sobre os crit\u00e9rios subjacentes \u00e0s escolhas no plano de reestrutura\u00e7\u00e3o e \u00e0 forma como est\u00e1 a ser conduzido&#8221;, considerando que o pa\u00eds, os trabalhadores e a democracia merecem todas as explica\u00e7\u00f5es e informa\u00e7\u00f5es.Fonte oficial do Minist\u00e9rio das Infraestruturas informou que o Governo vai manter reuni\u00f5es fechadas com os partidos com assento parlamentar, hoje e quinta-feira, sobre o plano de reestrutura\u00e7\u00e3o da TAP, que ser\u00e1 entregue \u00e0 Comiss\u00e3o Europeia na quinta-feira, o \u00faltimo dia do prazo dado por Bruxelas.O ministro das Infraestruturas e Habita\u00e7\u00e3o, que tem a tutela da avia\u00e7\u00e3o, n\u00e3o far\u00e1 declara\u00e7\u00f5es aos jornalistas no final das reuni\u00f5es, acrescentou a mesma fonte, mas o plano ser\u00e1 apresentado publicamente pelo Governo depois da entrega a Bruxelas, em confer\u00eancia de imprensa, ainda a ser marcada.O Governo esteve reunido em Conselho de Ministros extraordin\u00e1rio na noite de ter\u00e7a-feira, para apreciar o plano de reestrutura\u00e7\u00e3o da TAP, disse \u00e0 ag\u00eancia Lusa fonte do executivo.<br \/>\n<br \/>\n<!--noindex--><br \/>\n<a href=\"http:\/\/feeds.jn.pt\/~r\/JN-ECONOMIA\/~3\/cnsfMFflY24\/deputados-aprovam-audicao-de-pedro-nuno-santos-sobre-plano-de-reestruturacao-da-tap-13121079.html\" rel=\"nofollow\">Source link <\/a><br \/>\n<!--\/noindex--><\/p>\n","protected":false},"excerpt":{"rendered":"<p>JN\/Ag\u00eanciasHoje\u00a0\u00e0s\u00a015:58A Comiss\u00e3o de Economia, Inova\u00e7\u00e3o, Obras P\u00fablicas e Habita\u00e7\u00e3o aprovou esta quarta-feira a audi\u00e7\u00e3o do ministro das Infraestruturas e da Habita\u00e7\u00e3o, Pedro Nuno Santos, sobre o plano de reestrutura\u00e7\u00e3o da TAP, disse \u00e0 Lusa o vice-presidente da entidade.Segundo adiantou \u00e0 Lusa Pedro Coimbra, os deputados apreciaram e votaram favoravelmente, por unanimidade, o requerimento de audi\u00e7\u00e3o [&hellip;]<\/p>\n","protected":false},"author":2,"featured_media":2695,"comment_status":"open","ping_status":"open","sticky":false,"template":"","format":"standard","meta":{"footnotes":""},"categories":[1],"tags":[],"class_list":["post-2694","post","type-post","status-publish","format-standard","has-post-thumbnail","hentry","category-ultimas-noticias-financeiras"],"yoast_head":"<!-- This site is optimized with the Yoast SEO plugin v27.4 - https:\/\/yoast.com\/product\/yoast-seo-wordpress\/ -->\n<title>Deputados aprovam audi\u00e7\u00e3o de Pedro Nuno Santos sobre plano de reestrutura\u00e7\u00e3o da TAP - Hot News in World<\/title>\n<meta name=\"robots\" content=\"index, follow, max-snippet:-1, max-image-preview:large, max-video-preview:-1\" \/>\n<link rel=\"canonical\" href=\"https:\/\/hotnewsinworld.com\/pt\/deputados-aprovam-audicao-de-pedro-nuno-santos-sobre-plano-de-reestruturacao-da-tap\/\" \/>\n<meta property=\"og:locale\" content=\"pt_PT\" \/>\n<meta property=\"og:type\" content=\"article\" \/>\n<meta property=\"og:title\" content=\"Deputados aprovam audi\u00e7\u00e3o de Pedro Nuno Santos sobre plano de reestrutura\u00e7\u00e3o da TAP - Hot News in World\" \/>\n<meta property=\"og:description\" content=\"JN\/Ag\u00eanciasHoje\u00a0\u00e0s\u00a015:58A Comiss\u00e3o de Economia, Inova\u00e7\u00e3o, Obras P\u00fablicas e Habita\u00e7\u00e3o aprovou esta quarta-feira a audi\u00e7\u00e3o do ministro das Infraestruturas e da Habita\u00e7\u00e3o, Pedro Nuno Santos, sobre o plano de reestrutura\u00e7\u00e3o da TAP, disse \u00e0 Lusa o vice-presidente da entidade.Segundo adiantou \u00e0 Lusa Pedro Coimbra, os deputados apreciaram e votaram favoravelmente, por unanimidade, o requerimento de audi\u00e7\u00e3o [&hellip;]\" \/>\n<meta property=\"og:url\" content=\"https:\/\/hotnewsinworld.com\/pt\/deputados-aprovam-audicao-de-pedro-nuno-santos-sobre-plano-de-reestruturacao-da-tap\/\" \/>\n<meta property=\"og:site_name\" content=\"Hot News in World\" \/>\n<meta property=\"article:published_time\" content=\"2020-12-09T16:46:37+00:00\" \/>\n<meta property=\"article:modified_time\" content=\"2020-12-09T16:46:39+00:00\" \/>\n<meta property=\"og:image\" content=\"https:\/\/hotnewsinworld.com\/pt\/wp-content\/uploads\/sites\/2\/2020\/12\/Deputados-aprovam-audicao-de-Pedro-Nuno-Santos-sobre-plano-de.aspx.jpeg\" \/>\n\t<meta property=\"og:image:width\" content=\"800\" \/>\n\t<meta property=\"og:image:height\" content=\"420\" \/>\n\t<meta property=\"og:image:type\" content=\"image\/jpeg\" \/>\n<meta name=\"author\" content=\"hotnewsinworld\" \/>\n<meta name=\"twitter:card\" content=\"summary_large_image\" \/>\n<meta name=\"twitter:label1\" content=\"Escrito por\" \/>\n\t<meta name=\"twitter:data1\" content=\"hotnewsinworld\" \/>\n\t<meta name=\"twitter:label2\" content=\"Tempo estimado de leitura\" \/>\n\t<meta name=\"twitter:data2\" content=\"2 minutos\" \/>\n<script type=\"application\/ld+json\" class=\"yoast-schema-graph\">{\"@context\":\"https:\\\/\\\/schema.org\",\"@graph\":[{\"@type\":\"Article\",\"@id\":\"https:\\\/\\\/hotnewsinworld.com\\\/pt\\\/deputados-aprovam-audicao-de-pedro-nuno-santos-sobre-plano-de-reestruturacao-da-tap\\\/#article\",\"isPartOf\":{\"@id\":\"https:\\\/\\\/hotnewsinworld.com\\\/pt\\\/deputados-aprovam-audicao-de-pedro-nuno-santos-sobre-plano-de-reestruturacao-da-tap\\\/\"},\"author\":{\"name\":\"hotnewsinworld\",\"@id\":\"https:\\\/\\\/hotnewsinworld.com\\\/pt\\\/#\\\/schema\\\/person\\\/fe61448b21c0d59086e75fcc1f9d8f6b\"},\"headline\":\"Deputados aprovam audi\u00e7\u00e3o de Pedro Nuno Santos sobre plano de reestrutura\u00e7\u00e3o da TAP\",\"datePublished\":\"2020-12-09T16:46:37+00:00\",\"dateModified\":\"2020-12-09T16:46:39+00:00\",\"mainEntityOfPage\":{\"@id\":\"https:\\\/\\\/hotnewsinworld.com\\\/pt\\\/deputados-aprovam-audicao-de-pedro-nuno-santos-sobre-plano-de-reestruturacao-da-tap\\\/\"},\"wordCount\":506,\"commentCount\":0,\"image\":{\"@id\":\"https:\\\/\\\/hotnewsinworld.com\\\/pt\\\/deputados-aprovam-audicao-de-pedro-nuno-santos-sobre-plano-de-reestruturacao-da-tap\\\/#primaryimage\"},\"thumbnailUrl\":\"https:\\\/\\\/hotnewsinworld.com\\\/pt\\\/wp-content\\\/uploads\\\/sites\\\/2\\\/2020\\\/12\\\/Deputados-aprovam-audicao-de-Pedro-Nuno-Santos-sobre-plano-de.aspx.jpeg\",\"articleSection\":[\"\u00daLTIMAS NOT\u00cdCIAS FINANCEIRAS\"],\"inLanguage\":\"pt-PT\",\"potentialAction\":[{\"@type\":\"CommentAction\",\"name\":\"Comment\",\"target\":[\"https:\\\/\\\/hotnewsinworld.com\\\/pt\\\/deputados-aprovam-audicao-de-pedro-nuno-santos-sobre-plano-de-reestruturacao-da-tap\\\/#respond\"]}]},{\"@type\":\"WebPage\",\"@id\":\"https:\\\/\\\/hotnewsinworld.com\\\/pt\\\/deputados-aprovam-audicao-de-pedro-nuno-santos-sobre-plano-de-reestruturacao-da-tap\\\/\",\"url\":\"https:\\\/\\\/hotnewsinworld.com\\\/pt\\\/deputados-aprovam-audicao-de-pedro-nuno-santos-sobre-plano-de-reestruturacao-da-tap\\\/\",\"name\":\"Deputados aprovam audi\u00e7\u00e3o de Pedro Nuno Santos sobre plano de reestrutura\u00e7\u00e3o da TAP - Hot News in World\",\"isPartOf\":{\"@id\":\"https:\\\/\\\/hotnewsinworld.com\\\/pt\\\/#website\"},\"primaryImageOfPage\":{\"@id\":\"https:\\\/\\\/hotnewsinworld.com\\\/pt\\\/deputados-aprovam-audicao-de-pedro-nuno-santos-sobre-plano-de-reestruturacao-da-tap\\\/#primaryimage\"},\"image\":{\"@id\":\"https:\\\/\\\/hotnewsinworld.com\\\/pt\\\/deputados-aprovam-audicao-de-pedro-nuno-santos-sobre-plano-de-reestruturacao-da-tap\\\/#primaryimage\"},\"thumbnailUrl\":\"https:\\\/\\\/hotnewsinworld.com\\\/pt\\\/wp-content\\\/uploads\\\/sites\\\/2\\\/2020\\\/12\\\/Deputados-aprovam-audicao-de-Pedro-Nuno-Santos-sobre-plano-de.aspx.jpeg\",\"datePublished\":\"2020-12-09T16:46:37+00:00\",\"dateModified\":\"2020-12-09T16:46:39+00:00\",\"author\":{\"@id\":\"https:\\\/\\\/hotnewsinworld.com\\\/pt\\\/#\\\/schema\\\/person\\\/fe61448b21c0d59086e75fcc1f9d8f6b\"},\"breadcrumb\":{\"@id\":\"https:\\\/\\\/hotnewsinworld.com\\\/pt\\\/deputados-aprovam-audicao-de-pedro-nuno-santos-sobre-plano-de-reestruturacao-da-tap\\\/#breadcrumb\"},\"inLanguage\":\"pt-PT\",\"potentialAction\":[{\"@type\":\"ReadAction\",\"target\":[\"https:\\\/\\\/hotnewsinworld.com\\\/pt\\\/deputados-aprovam-audicao-de-pedro-nuno-santos-sobre-plano-de-reestruturacao-da-tap\\\/\"]}]},{\"@type\":\"ImageObject\",\"inLanguage\":\"pt-PT\",\"@id\":\"https:\\\/\\\/hotnewsinworld.com\\\/pt\\\/deputados-aprovam-audicao-de-pedro-nuno-santos-sobre-plano-de-reestruturacao-da-tap\\\/#primaryimage\",\"url\":\"https:\\\/\\\/hotnewsinworld.com\\\/pt\\\/wp-content\\\/uploads\\\/sites\\\/2\\\/2020\\\/12\\\/Deputados-aprovam-audicao-de-Pedro-Nuno-Santos-sobre-plano-de.aspx.jpeg\",\"contentUrl\":\"https:\\\/\\\/hotnewsinworld.com\\\/pt\\\/wp-content\\\/uploads\\\/sites\\\/2\\\/2020\\\/12\\\/Deputados-aprovam-audicao-de-Pedro-Nuno-Santos-sobre-plano-de.aspx.jpeg\",\"width\":800,\"height\":420,\"caption\":\"Deputados aprovam audi\u00e7\u00e3o de Pedro Nuno Santos sobre plano de reestrutura\u00e7\u00e3o da TAP\"},{\"@type\":\"BreadcrumbList\",\"@id\":\"https:\\\/\\\/hotnewsinworld.com\\\/pt\\\/deputados-aprovam-audicao-de-pedro-nuno-santos-sobre-plano-de-reestruturacao-da-tap\\\/#breadcrumb\",\"itemListElement\":[{\"@type\":\"ListItem\",\"position\":1,\"name\":\"\u0413\u043b\u0430\u0432\u043d\u0430\u044f \u0441\u0442\u0440\u0430\u043d\u0438\u0446\u0430\",\"item\":\"https:\\\/\\\/hotnewsinworld.com\\\/pt\\\/\"},{\"@type\":\"ListItem\",\"position\":2,\"name\":\"Deputados aprovam audi\u00e7\u00e3o de Pedro Nuno Santos sobre plano de reestrutura\u00e7\u00e3o da TAP\"}]},{\"@type\":\"WebSite\",\"@id\":\"https:\\\/\\\/hotnewsinworld.com\\\/pt\\\/#website\",\"url\":\"https:\\\/\\\/hotnewsinworld.com\\\/pt\\\/\",\"name\":\"Hot News in World\",\"description\":\"Hot News in World Portugal\",\"potentialAction\":[{\"@type\":\"SearchAction\",\"target\":{\"@type\":\"EntryPoint\",\"urlTemplate\":\"https:\\\/\\\/hotnewsinworld.com\\\/pt\\\/?s={search_term_string}\"},\"query-input\":{\"@type\":\"PropertyValueSpecification\",\"valueRequired\":true,\"valueName\":\"search_term_string\"}}],\"inLanguage\":\"pt-PT\"},{\"@type\":\"Person\",\"@id\":\"https:\\\/\\\/hotnewsinworld.com\\\/pt\\\/#\\\/schema\\\/person\\\/fe61448b21c0d59086e75fcc1f9d8f6b\",\"name\":\"hotnewsinworld\",\"image\":{\"@type\":\"ImageObject\",\"inLanguage\":\"pt-PT\",\"@id\":\"https:\\\/\\\/secure.gravatar.com\\\/avatar\\\/8a09ac165600ce2e1c38fe593c63928eb1e6e7ba5c5a907d67787c41b3d00c14?s=96&d=mm&r=g\",\"url\":\"https:\\\/\\\/secure.gravatar.com\\\/avatar\\\/8a09ac165600ce2e1c38fe593c63928eb1e6e7ba5c5a907d67787c41b3d00c14?s=96&d=mm&r=g\",\"contentUrl\":\"https:\\\/\\\/secure.gravatar.com\\\/avatar\\\/8a09ac165600ce2e1c38fe593c63928eb1e6e7ba5c5a907d67787c41b3d00c14?s=96&d=mm&r=g\",\"caption\":\"hotnewsinworld\"},\"url\":\"https:\\\/\\\/hotnewsinworld.com\\\/pt\\\/author\\\/pt\\\/\"}]}<\/script>\n<!-- \/ Yoast SEO plugin. -->","yoast_head_json":{"title":"Deputados aprovam audi\u00e7\u00e3o de Pedro Nuno Santos sobre plano de reestrutura\u00e7\u00e3o da TAP - Hot News in World","robots":{"index":"index","follow":"follow","max-snippet":"max-snippet:-1","max-image-preview":"max-image-preview:large","max-video-preview":"max-video-preview:-1"},"canonical":"https:\/\/hotnewsinworld.com\/pt\/deputados-aprovam-audicao-de-pedro-nuno-santos-sobre-plano-de-reestruturacao-da-tap\/","og_locale":"pt_PT","og_type":"article","og_title":"Deputados aprovam audi\u00e7\u00e3o de Pedro Nuno Santos sobre plano de reestrutura\u00e7\u00e3o da TAP - Hot News in World","og_description":"JN\/Ag\u00eanciasHoje\u00a0\u00e0s\u00a015:58A Comiss\u00e3o de Economia, Inova\u00e7\u00e3o, Obras P\u00fablicas e Habita\u00e7\u00e3o aprovou esta quarta-feira a audi\u00e7\u00e3o do ministro das Infraestruturas e da Habita\u00e7\u00e3o, Pedro Nuno Santos, sobre o plano de reestrutura\u00e7\u00e3o da TAP, disse \u00e0 Lusa o vice-presidente da entidade.Segundo adiantou \u00e0 Lusa Pedro Coimbra, os deputados apreciaram e votaram favoravelmente, por unanimidade, o requerimento de audi\u00e7\u00e3o [&hellip;]","og_url":"https:\/\/hotnewsinworld.com\/pt\/deputados-aprovam-audicao-de-pedro-nuno-santos-sobre-plano-de-reestruturacao-da-tap\/","og_site_name":"Hot News in World","article_published_time":"2020-12-09T16:46:37+00:00","article_modified_time":"2020-12-09T16:46:39+00:00","og_image":[{"width":800,"height":420,"url":"https:\/\/hotnewsinworld.com\/pt\/wp-content\/uploads\/sites\/2\/2020\/12\/Deputados-aprovam-audicao-de-Pedro-Nuno-Santos-sobre-plano-de.aspx.jpeg","type":"image\/jpeg"}],"author":"hotnewsinworld","twitter_card":"summary_large_image","twitter_misc":{"Escrito por":"hotnewsinworld","Tempo estimado de leitura":"2 minutos"},"schema":{"@context":"https:\/\/schema.org","@graph":[{"@type":"Article","@id":"https:\/\/hotnewsinworld.com\/pt\/deputados-aprovam-audicao-de-pedro-nuno-santos-sobre-plano-de-reestruturacao-da-tap\/#article","isPartOf":{"@id":"https:\/\/hotnewsinworld.com\/pt\/deputados-aprovam-audicao-de-pedro-nuno-santos-sobre-plano-de-reestruturacao-da-tap\/"},"author":{"name":"hotnewsinworld","@id":"https:\/\/hotnewsinworld.com\/pt\/#\/schema\/person\/fe61448b21c0d59086e75fcc1f9d8f6b"},"headline":"Deputados aprovam audi\u00e7\u00e3o de Pedro Nuno Santos sobre plano de reestrutura\u00e7\u00e3o da TAP","datePublished":"2020-12-09T16:46:37+00:00","dateModified":"2020-12-09T16:46:39+00:00","mainEntityOfPage":{"@id":"https:\/\/hotnewsinworld.com\/pt\/deputados-aprovam-audicao-de-pedro-nuno-santos-sobre-plano-de-reestruturacao-da-tap\/"},"wordCount":506,"commentCount":0,"image":{"@id":"https:\/\/hotnewsinworld.com\/pt\/deputados-aprovam-audicao-de-pedro-nuno-santos-sobre-plano-de-reestruturacao-da-tap\/#primaryimage"},"thumbnailUrl":"https:\/\/hotnewsinworld.com\/pt\/wp-content\/uploads\/sites\/2\/2020\/12\/Deputados-aprovam-audicao-de-Pedro-Nuno-Santos-sobre-plano-de.aspx.jpeg","articleSection":["\u00daLTIMAS NOT\u00cdCIAS FINANCEIRAS"],"inLanguage":"pt-PT","potentialAction":[{"@type":"CommentAction","name":"Comment","target":["https:\/\/hotnewsinworld.com\/pt\/deputados-aprovam-audicao-de-pedro-nuno-santos-sobre-plano-de-reestruturacao-da-tap\/#respond"]}]},{"@type":"WebPage","@id":"https:\/\/hotnewsinworld.com\/pt\/deputados-aprovam-audicao-de-pedro-nuno-santos-sobre-plano-de-reestruturacao-da-tap\/","url":"https:\/\/hotnewsinworld.com\/pt\/deputados-aprovam-audicao-de-pedro-nuno-santos-sobre-plano-de-reestruturacao-da-tap\/","name":"Deputados aprovam audi\u00e7\u00e3o de Pedro Nuno Santos sobre plano de reestrutura\u00e7\u00e3o da TAP - Hot News in World","isPartOf":{"@id":"https:\/\/hotnewsinworld.com\/pt\/#website"},"primaryImageOfPage":{"@id":"https:\/\/hotnewsinworld.com\/pt\/deputados-aprovam-audicao-de-pedro-nuno-santos-sobre-plano-de-reestruturacao-da-tap\/#primaryimage"},"image":{"@id":"https:\/\/hotnewsinworld.com\/pt\/deputados-aprovam-audicao-de-pedro-nuno-santos-sobre-plano-de-reestruturacao-da-tap\/#primaryimage"},"thumbnailUrl":"https:\/\/hotnewsinworld.com\/pt\/wp-content\/uploads\/sites\/2\/2020\/12\/Deputados-aprovam-audicao-de-Pedro-Nuno-Santos-sobre-plano-de.aspx.jpeg","datePublished":"2020-12-09T16:46:37+00:00","dateModified":"2020-12-09T16:46:39+00:00","author":{"@id":"https:\/\/hotnewsinworld.com\/pt\/#\/schema\/person\/fe61448b21c0d59086e75fcc1f9d8f6b"},"breadcrumb":{"@id":"https:\/\/hotnewsinworld.com\/pt\/deputados-aprovam-audicao-de-pedro-nuno-santos-sobre-plano-de-reestruturacao-da-tap\/#breadcrumb"},"inLanguage":"pt-PT","potentialAction":[{"@type":"ReadAction","target":["https:\/\/hotnewsinworld.com\/pt\/deputados-aprovam-audicao-de-pedro-nuno-santos-sobre-plano-de-reestruturacao-da-tap\/"]}]},{"@type":"ImageObject","inLanguage":"pt-PT","@id":"https:\/\/hotnewsinworld.com\/pt\/deputados-aprovam-audicao-de-pedro-nuno-santos-sobre-plano-de-reestruturacao-da-tap\/#primaryimage","url":"https:\/\/hotnewsinworld.com\/pt\/wp-content\/uploads\/sites\/2\/2020\/12\/Deputados-aprovam-audicao-de-Pedro-Nuno-Santos-sobre-plano-de.aspx.jpeg","contentUrl":"https:\/\/hotnewsinworld.com\/pt\/wp-content\/uploads\/sites\/2\/2020\/12\/Deputados-aprovam-audicao-de-Pedro-Nuno-Santos-sobre-plano-de.aspx.jpeg","width":800,"height":420,"caption":"Deputados aprovam audi\u00e7\u00e3o de Pedro Nuno Santos sobre plano de reestrutura\u00e7\u00e3o da TAP"},{"@type":"BreadcrumbList","@id":"https:\/\/hotnewsinworld.com\/pt\/deputados-aprovam-audicao-de-pedro-nuno-santos-sobre-plano-de-reestruturacao-da-tap\/#breadcrumb","itemListElement":[{"@type":"ListItem","position":1,"name":"\u0413\u043b\u0430\u0432\u043d\u0430\u044f \u0441\u0442\u0440\u0430\u043d\u0438\u0446\u0430","item":"https:\/\/hotnewsinworld.com\/pt\/"},{"@type":"ListItem","position":2,"name":"Deputados aprovam audi\u00e7\u00e3o de Pedro Nuno Santos sobre plano de reestrutura\u00e7\u00e3o da TAP"}]},{"@type":"WebSite","@id":"https:\/\/hotnewsinworld.com\/pt\/#website","url":"https:\/\/hotnewsinworld.com\/pt\/","name":"Hot News in World","description":"Hot News in World Portugal","potentialAction":[{"@type":"SearchAction","target":{"@type":"EntryPoint","urlTemplate":"https:\/\/hotnewsinworld.com\/pt\/?s={search_term_string}"},"query-input":{"@type":"PropertyValueSpecification","valueRequired":true,"valueName":"search_term_string"}}],"inLanguage":"pt-PT"},{"@type":"Person","@id":"https:\/\/hotnewsinworld.com\/pt\/#\/schema\/person\/fe61448b21c0d59086e75fcc1f9d8f6b","name":"hotnewsinworld","image":{"@type":"ImageObject","inLanguage":"pt-PT","@id":"https:\/\/secure.gravatar.com\/avatar\/8a09ac165600ce2e1c38fe593c63928eb1e6e7ba5c5a907d67787c41b3d00c14?s=96&d=mm&r=g","url":"https:\/\/secure.gravatar.com\/avatar\/8a09ac165600ce2e1c38fe593c63928eb1e6e7ba5c5a907d67787c41b3d00c14?s=96&d=mm&r=g","contentUrl":"https:\/\/secure.gravatar.com\/avatar\/8a09ac165600ce2e1c38fe593c63928eb1e6e7ba5c5a907d67787c41b3d00c14?s=96&d=mm&r=g","caption":"hotnewsinworld"},"url":"https:\/\/hotnewsinworld.com\/pt\/author\/pt\/"}]}},"_links":{"self":[{"href":"https:\/\/hotnewsinworld.com\/pt\/wp-json\/wp\/v2\/posts\/2694","targetHints":{"allow":["GET"]}}],"collection":[{"href":"https:\/\/hotnewsinworld.com\/pt\/wp-json\/wp\/v2\/posts"}],"about":[{"href":"https:\/\/hotnewsinworld.com\/pt\/wp-json\/wp\/v2\/types\/post"}],"author":[{"embeddable":true,"href":"https:\/\/hotnewsinworld.com\/pt\/wp-json\/wp\/v2\/users\/2"}],"replies":[{"embeddable":true,"href":"https:\/\/hotnewsinworld.com\/pt\/wp-json\/wp\/v2\/comments?post=2694"}],"version-history":[{"count":1,"href":"https:\/\/hotnewsinworld.com\/pt\/wp-json\/wp\/v2\/posts\/2694\/revisions"}],"predecessor-version":[{"id":2696,"href":"https:\/\/hotnewsinworld.com\/pt\/wp-json\/wp\/v2\/posts\/2694\/revisions\/2696"}],"wp:featuredmedia":[{"embeddable":true,"href":"https:\/\/hotnewsinworld.com\/pt\/wp-json\/wp\/v2\/media\/2695"}],"wp:attachment":[{"href":"https:\/\/hotnewsinworld.com\/pt\/wp-json\/wp\/v2\/media?parent=2694"}],"wp:term":[{"taxonomy":"category","embeddable":true,"href":"https:\/\/hotnewsinworld.com\/pt\/wp-json\/wp\/v2\/categories?post=2694"},{"taxonomy":"post_tag","embeddable":true,"href":"https:\/\/hotnewsinworld.com\/pt\/wp-json\/wp\/v2\/tags?post=2694"}],"curies":[{"name":"wp","href":"https:\/\/api.w.org\/{rel}","templated":true}]}}