{"id":2763,"date":"2020-12-21T12:45:22","date_gmt":"2020-12-21T09:45:22","guid":{"rendered":"https:\/\/hotnewsinworld.com\/pt\/um-quarto-dos-portugueses-ja-teve-apoios-sociais-por-causa-da-pandemia\/"},"modified":"2020-12-21T12:45:25","modified_gmt":"2020-12-21T09:45:25","slug":"um-quarto-dos-portugueses-ja-teve-apoios-sociais-por-causa-da-pandemia","status":"publish","type":"post","link":"https:\/\/hotnewsinworld.com\/pt\/um-quarto-dos-portugueses-ja-teve-apoios-sociais-por-causa-da-pandemia\/","title":{"rendered":"Um quarto dos portugueses j\u00e1 teve apoios sociais por causa da pandemia"},"content":{"rendered":"<p>Delfim MachadoHoje\u00a0\u00e0s\u00a009:28Seguran\u00e7a Social gastou 2,3 mil milh\u00f5es de euros e apoiou 152 mil empresas. Lay-off simplificado foi o que mais pesou nas contas, abrangendo 896 mil trabalhadores.Os apoios extraordin\u00e1rios criados pelo Governo desde o in\u00edcio da pandemia j\u00e1 beneficiaram 2,4 milh\u00f5es de residentes em Portugal. O balan\u00e7o de todas as medidas do Minist\u00e9rio do Trabalho, Solidariedade e Seguran\u00e7a Social d\u00e1 conta de que o valor gasto em apoios e isen\u00e7\u00f5es contributivas ascende a 2,3 mil milh\u00f5es de euros e abrangeu ainda 152 mil empresas.Dos 13 principais apoios criados desde mar\u00e7o, o lay-off simplificado foi o que teve o maior peso nas contas p\u00fablicas e no n\u00famero de benefici\u00e1rios. A medida criada em mar\u00e7o durou at\u00e9 ao final de julho para a generalidade das empresas, mas mant\u00e9m-se em vigor para neg\u00f3cios encerrados por determina\u00e7\u00e3o legal.<br \/>\n<br \/>\n<!--noindex--><br \/>\n<a href=\"http:\/\/feeds.jn.pt\/~r\/JN-ECONOMIA\/~3\/aEn4PeKce7A\/um-quarto-dos-portugueses-ja-teve-apoios-sociais-por-causa-da-pandemia-13159430.html\" rel=\"nofollow\">Source link <\/a><br \/>\n<!--\/noindex--><\/p>\n","protected":false},"excerpt":{"rendered":"<p>Delfim MachadoHoje\u00a0\u00e0s\u00a009:28Seguran\u00e7a Social gastou 2,3 mil milh\u00f5es de euros e apoiou 152 mil empresas. Lay-off simplificado foi o que mais pesou nas contas, abrangendo 896 mil trabalhadores.Os apoios extraordin\u00e1rios criados pelo Governo desde o in\u00edcio da pandemia j\u00e1 beneficiaram 2,4 milh\u00f5es de residentes em Portugal. O balan\u00e7o de todas as medidas do Minist\u00e9rio do Trabalho, [&hellip;]<\/p>\n","protected":false},"author":2,"featured_media":2764,"comment_status":"open","ping_status":"open","sticky":false,"template":"","format":"standard","meta":{"footnotes":""},"categories":[1],"tags":[],"class_list":["post-2763","post","type-post","status-publish","format-standard","has-post-thumbnail","hentry","category-ultimas-noticias-financeiras"],"yoast_head":"<!-- This site is optimized with the Yoast SEO plugin v27.4 - https:\/\/yoast.com\/product\/yoast-seo-wordpress\/ -->\n<title>Um quarto dos portugueses j\u00e1 teve apoios sociais por causa da pandemia - Hot News in World<\/title>\n<meta name=\"robots\" content=\"index, follow, max-snippet:-1, max-image-preview:large, max-video-preview:-1\" \/>\n<link rel=\"canonical\" href=\"https:\/\/hotnewsinworld.com\/pt\/um-quarto-dos-portugueses-ja-teve-apoios-sociais-por-causa-da-pandemia\/\" \/>\n<meta property=\"og:locale\" content=\"pt_PT\" \/>\n<meta property=\"og:type\" content=\"article\" \/>\n<meta property=\"og:title\" content=\"Um quarto dos portugueses j\u00e1 teve apoios sociais por causa da pandemia - Hot News in World\" \/>\n<meta property=\"og:description\" content=\"Delfim MachadoHoje\u00a0\u00e0s\u00a009:28Seguran\u00e7a Social gastou 2,3 mil milh\u00f5es de euros e apoiou 152 mil empresas. Lay-off simplificado foi o que mais pesou nas contas, abrangendo 896 mil trabalhadores.Os apoios extraordin\u00e1rios criados pelo Governo desde o in\u00edcio da pandemia j\u00e1 beneficiaram 2,4 milh\u00f5es de residentes em Portugal. O balan\u00e7o de todas as medidas do Minist\u00e9rio do Trabalho, [&hellip;]\" \/>\n<meta property=\"og:url\" content=\"https:\/\/hotnewsinworld.com\/pt\/um-quarto-dos-portugueses-ja-teve-apoios-sociais-por-causa-da-pandemia\/\" \/>\n<meta property=\"og:site_name\" content=\"Hot News in World\" \/>\n<meta property=\"article:published_time\" content=\"2020-12-21T09:45:22+00:00\" \/>\n<meta property=\"article:modified_time\" content=\"2020-12-21T09:45:25+00:00\" \/>\n<meta property=\"og:image\" content=\"https:\/\/hotnewsinworld.com\/pt\/wp-content\/uploads\/sites\/2\/2020\/12\/Um-quarto-dos-portugueses-ja-teve-apoios-sociais-por-causa.aspx.jpeg\" \/>\n\t<meta property=\"og:image:width\" content=\"799\" \/>\n\t<meta property=\"og:image:height\" content=\"420\" \/>\n\t<meta property=\"og:image:type\" content=\"image\/jpeg\" \/>\n<meta name=\"author\" content=\"hotnewsinworld\" \/>\n<meta name=\"twitter:card\" content=\"summary_large_image\" \/>\n<meta name=\"twitter:label1\" content=\"Escrito por\" \/>\n\t<meta name=\"twitter:data1\" content=\"hotnewsinworld\" \/>\n\t<meta name=\"twitter:label2\" content=\"Tempo estimado de leitura\" \/>\n\t<meta name=\"twitter:data2\" content=\"1 minuto\" \/>\n<script type=\"application\/ld+json\" class=\"yoast-schema-graph\">{\"@context\":\"https:\\\/\\\/schema.org\",\"@graph\":[{\"@type\":\"Article\",\"@id\":\"https:\\\/\\\/hotnewsinworld.com\\\/pt\\\/um-quarto-dos-portugueses-ja-teve-apoios-sociais-por-causa-da-pandemia\\\/#article\",\"isPartOf\":{\"@id\":\"https:\\\/\\\/hotnewsinworld.com\\\/pt\\\/um-quarto-dos-portugueses-ja-teve-apoios-sociais-por-causa-da-pandemia\\\/\"},\"author\":{\"name\":\"hotnewsinworld\",\"@id\":\"https:\\\/\\\/hotnewsinworld.com\\\/pt\\\/#\\\/schema\\\/person\\\/fe61448b21c0d59086e75fcc1f9d8f6b\"},\"headline\":\"Um quarto dos portugueses j\u00e1 teve apoios sociais por causa da pandemia\",\"datePublished\":\"2020-12-21T09:45:22+00:00\",\"dateModified\":\"2020-12-21T09:45:25+00:00\",\"mainEntityOfPage\":{\"@id\":\"https:\\\/\\\/hotnewsinworld.com\\\/pt\\\/um-quarto-dos-portugueses-ja-teve-apoios-sociais-por-causa-da-pandemia\\\/\"},\"wordCount\":163,\"commentCount\":0,\"image\":{\"@id\":\"https:\\\/\\\/hotnewsinworld.com\\\/pt\\\/um-quarto-dos-portugueses-ja-teve-apoios-sociais-por-causa-da-pandemia\\\/#primaryimage\"},\"thumbnailUrl\":\"https:\\\/\\\/hotnewsinworld.com\\\/pt\\\/wp-content\\\/uploads\\\/sites\\\/2\\\/2020\\\/12\\\/Um-quarto-dos-portugueses-ja-teve-apoios-sociais-por-causa.aspx.jpeg\",\"articleSection\":[\"\u00daLTIMAS NOT\u00cdCIAS FINANCEIRAS\"],\"inLanguage\":\"pt-PT\",\"potentialAction\":[{\"@type\":\"CommentAction\",\"name\":\"Comment\",\"target\":[\"https:\\\/\\\/hotnewsinworld.com\\\/pt\\\/um-quarto-dos-portugueses-ja-teve-apoios-sociais-por-causa-da-pandemia\\\/#respond\"]}]},{\"@type\":\"WebPage\",\"@id\":\"https:\\\/\\\/hotnewsinworld.com\\\/pt\\\/um-quarto-dos-portugueses-ja-teve-apoios-sociais-por-causa-da-pandemia\\\/\",\"url\":\"https:\\\/\\\/hotnewsinworld.com\\\/pt\\\/um-quarto-dos-portugueses-ja-teve-apoios-sociais-por-causa-da-pandemia\\\/\",\"name\":\"Um quarto dos portugueses j\u00e1 teve apoios sociais por causa da pandemia - Hot News in World\",\"isPartOf\":{\"@id\":\"https:\\\/\\\/hotnewsinworld.com\\\/pt\\\/#website\"},\"primaryImageOfPage\":{\"@id\":\"https:\\\/\\\/hotnewsinworld.com\\\/pt\\\/um-quarto-dos-portugueses-ja-teve-apoios-sociais-por-causa-da-pandemia\\\/#primaryimage\"},\"image\":{\"@id\":\"https:\\\/\\\/hotnewsinworld.com\\\/pt\\\/um-quarto-dos-portugueses-ja-teve-apoios-sociais-por-causa-da-pandemia\\\/#primaryimage\"},\"thumbnailUrl\":\"https:\\\/\\\/hotnewsinworld.com\\\/pt\\\/wp-content\\\/uploads\\\/sites\\\/2\\\/2020\\\/12\\\/Um-quarto-dos-portugueses-ja-teve-apoios-sociais-por-causa.aspx.jpeg\",\"datePublished\":\"2020-12-21T09:45:22+00:00\",\"dateModified\":\"2020-12-21T09:45:25+00:00\",\"author\":{\"@id\":\"https:\\\/\\\/hotnewsinworld.com\\\/pt\\\/#\\\/schema\\\/person\\\/fe61448b21c0d59086e75fcc1f9d8f6b\"},\"breadcrumb\":{\"@id\":\"https:\\\/\\\/hotnewsinworld.com\\\/pt\\\/um-quarto-dos-portugueses-ja-teve-apoios-sociais-por-causa-da-pandemia\\\/#breadcrumb\"},\"inLanguage\":\"pt-PT\",\"potentialAction\":[{\"@type\":\"ReadAction\",\"target\":[\"https:\\\/\\\/hotnewsinworld.com\\\/pt\\\/um-quarto-dos-portugueses-ja-teve-apoios-sociais-por-causa-da-pandemia\\\/\"]}]},{\"@type\":\"ImageObject\",\"inLanguage\":\"pt-PT\",\"@id\":\"https:\\\/\\\/hotnewsinworld.com\\\/pt\\\/um-quarto-dos-portugueses-ja-teve-apoios-sociais-por-causa-da-pandemia\\\/#primaryimage\",\"url\":\"https:\\\/\\\/hotnewsinworld.com\\\/pt\\\/wp-content\\\/uploads\\\/sites\\\/2\\\/2020\\\/12\\\/Um-quarto-dos-portugueses-ja-teve-apoios-sociais-por-causa.aspx.jpeg\",\"contentUrl\":\"https:\\\/\\\/hotnewsinworld.com\\\/pt\\\/wp-content\\\/uploads\\\/sites\\\/2\\\/2020\\\/12\\\/Um-quarto-dos-portugueses-ja-teve-apoios-sociais-por-causa.aspx.jpeg\",\"width\":799,\"height\":420,\"caption\":\"Um quarto dos portugueses j\u00e1 teve apoios sociais por causa da pandemia\"},{\"@type\":\"BreadcrumbList\",\"@id\":\"https:\\\/\\\/hotnewsinworld.com\\\/pt\\\/um-quarto-dos-portugueses-ja-teve-apoios-sociais-por-causa-da-pandemia\\\/#breadcrumb\",\"itemListElement\":[{\"@type\":\"ListItem\",\"position\":1,\"name\":\"\u0413\u043b\u0430\u0432\u043d\u0430\u044f \u0441\u0442\u0440\u0430\u043d\u0438\u0446\u0430\",\"item\":\"https:\\\/\\\/hotnewsinworld.com\\\/pt\\\/\"},{\"@type\":\"ListItem\",\"position\":2,\"name\":\"Um quarto dos portugueses j\u00e1 teve apoios sociais por causa da pandemia\"}]},{\"@type\":\"WebSite\",\"@id\":\"https:\\\/\\\/hotnewsinworld.com\\\/pt\\\/#website\",\"url\":\"https:\\\/\\\/hotnewsinworld.com\\\/pt\\\/\",\"name\":\"Hot News in World\",\"description\":\"Hot News in World Portugal\",\"potentialAction\":[{\"@type\":\"SearchAction\",\"target\":{\"@type\":\"EntryPoint\",\"urlTemplate\":\"https:\\\/\\\/hotnewsinworld.com\\\/pt\\\/?s={search_term_string}\"},\"query-input\":{\"@type\":\"PropertyValueSpecification\",\"valueRequired\":true,\"valueName\":\"search_term_string\"}}],\"inLanguage\":\"pt-PT\"},{\"@type\":\"Person\",\"@id\":\"https:\\\/\\\/hotnewsinworld.com\\\/pt\\\/#\\\/schema\\\/person\\\/fe61448b21c0d59086e75fcc1f9d8f6b\",\"name\":\"hotnewsinworld\",\"image\":{\"@type\":\"ImageObject\",\"inLanguage\":\"pt-PT\",\"@id\":\"https:\\\/\\\/secure.gravatar.com\\\/avatar\\\/8a09ac165600ce2e1c38fe593c63928eb1e6e7ba5c5a907d67787c41b3d00c14?s=96&d=mm&r=g\",\"url\":\"https:\\\/\\\/secure.gravatar.com\\\/avatar\\\/8a09ac165600ce2e1c38fe593c63928eb1e6e7ba5c5a907d67787c41b3d00c14?s=96&d=mm&r=g\",\"contentUrl\":\"https:\\\/\\\/secure.gravatar.com\\\/avatar\\\/8a09ac165600ce2e1c38fe593c63928eb1e6e7ba5c5a907d67787c41b3d00c14?s=96&d=mm&r=g\",\"caption\":\"hotnewsinworld\"},\"url\":\"https:\\\/\\\/hotnewsinworld.com\\\/pt\\\/author\\\/pt\\\/\"}]}<\/script>\n<!-- \/ Yoast SEO plugin. -->","yoast_head_json":{"title":"Um quarto dos portugueses j\u00e1 teve apoios sociais por causa da pandemia - Hot News in World","robots":{"index":"index","follow":"follow","max-snippet":"max-snippet:-1","max-image-preview":"max-image-preview:large","max-video-preview":"max-video-preview:-1"},"canonical":"https:\/\/hotnewsinworld.com\/pt\/um-quarto-dos-portugueses-ja-teve-apoios-sociais-por-causa-da-pandemia\/","og_locale":"pt_PT","og_type":"article","og_title":"Um quarto dos portugueses j\u00e1 teve apoios sociais por causa da pandemia - Hot News in World","og_description":"Delfim MachadoHoje\u00a0\u00e0s\u00a009:28Seguran\u00e7a Social gastou 2,3 mil milh\u00f5es de euros e apoiou 152 mil empresas. Lay-off simplificado foi o que mais pesou nas contas, abrangendo 896 mil trabalhadores.Os apoios extraordin\u00e1rios criados pelo Governo desde o in\u00edcio da pandemia j\u00e1 beneficiaram 2,4 milh\u00f5es de residentes em Portugal. O balan\u00e7o de todas as medidas do Minist\u00e9rio do Trabalho, [&hellip;]","og_url":"https:\/\/hotnewsinworld.com\/pt\/um-quarto-dos-portugueses-ja-teve-apoios-sociais-por-causa-da-pandemia\/","og_site_name":"Hot News in World","article_published_time":"2020-12-21T09:45:22+00:00","article_modified_time":"2020-12-21T09:45:25+00:00","og_image":[{"width":799,"height":420,"url":"https:\/\/hotnewsinworld.com\/pt\/wp-content\/uploads\/sites\/2\/2020\/12\/Um-quarto-dos-portugueses-ja-teve-apoios-sociais-por-causa.aspx.jpeg","type":"image\/jpeg"}],"author":"hotnewsinworld","twitter_card":"summary_large_image","twitter_misc":{"Escrito por":"hotnewsinworld","Tempo estimado de leitura":"1 minuto"},"schema":{"@context":"https:\/\/schema.org","@graph":[{"@type":"Article","@id":"https:\/\/hotnewsinworld.com\/pt\/um-quarto-dos-portugueses-ja-teve-apoios-sociais-por-causa-da-pandemia\/#article","isPartOf":{"@id":"https:\/\/hotnewsinworld.com\/pt\/um-quarto-dos-portugueses-ja-teve-apoios-sociais-por-causa-da-pandemia\/"},"author":{"name":"hotnewsinworld","@id":"https:\/\/hotnewsinworld.com\/pt\/#\/schema\/person\/fe61448b21c0d59086e75fcc1f9d8f6b"},"headline":"Um quarto dos portugueses j\u00e1 teve apoios sociais por causa da pandemia","datePublished":"2020-12-21T09:45:22+00:00","dateModified":"2020-12-21T09:45:25+00:00","mainEntityOfPage":{"@id":"https:\/\/hotnewsinworld.com\/pt\/um-quarto-dos-portugueses-ja-teve-apoios-sociais-por-causa-da-pandemia\/"},"wordCount":163,"commentCount":0,"image":{"@id":"https:\/\/hotnewsinworld.com\/pt\/um-quarto-dos-portugueses-ja-teve-apoios-sociais-por-causa-da-pandemia\/#primaryimage"},"thumbnailUrl":"https:\/\/hotnewsinworld.com\/pt\/wp-content\/uploads\/sites\/2\/2020\/12\/Um-quarto-dos-portugueses-ja-teve-apoios-sociais-por-causa.aspx.jpeg","articleSection":["\u00daLTIMAS NOT\u00cdCIAS FINANCEIRAS"],"inLanguage":"pt-PT","potentialAction":[{"@type":"CommentAction","name":"Comment","target":["https:\/\/hotnewsinworld.com\/pt\/um-quarto-dos-portugueses-ja-teve-apoios-sociais-por-causa-da-pandemia\/#respond"]}]},{"@type":"WebPage","@id":"https:\/\/hotnewsinworld.com\/pt\/um-quarto-dos-portugueses-ja-teve-apoios-sociais-por-causa-da-pandemia\/","url":"https:\/\/hotnewsinworld.com\/pt\/um-quarto-dos-portugueses-ja-teve-apoios-sociais-por-causa-da-pandemia\/","name":"Um quarto dos portugueses j\u00e1 teve apoios sociais por causa da pandemia - Hot News in World","isPartOf":{"@id":"https:\/\/hotnewsinworld.com\/pt\/#website"},"primaryImageOfPage":{"@id":"https:\/\/hotnewsinworld.com\/pt\/um-quarto-dos-portugueses-ja-teve-apoios-sociais-por-causa-da-pandemia\/#primaryimage"},"image":{"@id":"https:\/\/hotnewsinworld.com\/pt\/um-quarto-dos-portugueses-ja-teve-apoios-sociais-por-causa-da-pandemia\/#primaryimage"},"thumbnailUrl":"https:\/\/hotnewsinworld.com\/pt\/wp-content\/uploads\/sites\/2\/2020\/12\/Um-quarto-dos-portugueses-ja-teve-apoios-sociais-por-causa.aspx.jpeg","datePublished":"2020-12-21T09:45:22+00:00","dateModified":"2020-12-21T09:45:25+00:00","author":{"@id":"https:\/\/hotnewsinworld.com\/pt\/#\/schema\/person\/fe61448b21c0d59086e75fcc1f9d8f6b"},"breadcrumb":{"@id":"https:\/\/hotnewsinworld.com\/pt\/um-quarto-dos-portugueses-ja-teve-apoios-sociais-por-causa-da-pandemia\/#breadcrumb"},"inLanguage":"pt-PT","potentialAction":[{"@type":"ReadAction","target":["https:\/\/hotnewsinworld.com\/pt\/um-quarto-dos-portugueses-ja-teve-apoios-sociais-por-causa-da-pandemia\/"]}]},{"@type":"ImageObject","inLanguage":"pt-PT","@id":"https:\/\/hotnewsinworld.com\/pt\/um-quarto-dos-portugueses-ja-teve-apoios-sociais-por-causa-da-pandemia\/#primaryimage","url":"https:\/\/hotnewsinworld.com\/pt\/wp-content\/uploads\/sites\/2\/2020\/12\/Um-quarto-dos-portugueses-ja-teve-apoios-sociais-por-causa.aspx.jpeg","contentUrl":"https:\/\/hotnewsinworld.com\/pt\/wp-content\/uploads\/sites\/2\/2020\/12\/Um-quarto-dos-portugueses-ja-teve-apoios-sociais-por-causa.aspx.jpeg","width":799,"height":420,"caption":"Um quarto dos portugueses j\u00e1 teve apoios sociais por causa da pandemia"},{"@type":"BreadcrumbList","@id":"https:\/\/hotnewsinworld.com\/pt\/um-quarto-dos-portugueses-ja-teve-apoios-sociais-por-causa-da-pandemia\/#breadcrumb","itemListElement":[{"@type":"ListItem","position":1,"name":"\u0413\u043b\u0430\u0432\u043d\u0430\u044f \u0441\u0442\u0440\u0430\u043d\u0438\u0446\u0430","item":"https:\/\/hotnewsinworld.com\/pt\/"},{"@type":"ListItem","position":2,"name":"Um quarto dos portugueses j\u00e1 teve apoios sociais por causa da pandemia"}]},{"@type":"WebSite","@id":"https:\/\/hotnewsinworld.com\/pt\/#website","url":"https:\/\/hotnewsinworld.com\/pt\/","name":"Hot News in World","description":"Hot News in World Portugal","potentialAction":[{"@type":"SearchAction","target":{"@type":"EntryPoint","urlTemplate":"https:\/\/hotnewsinworld.com\/pt\/?s={search_term_string}"},"query-input":{"@type":"PropertyValueSpecification","valueRequired":true,"valueName":"search_term_string"}}],"inLanguage":"pt-PT"},{"@type":"Person","@id":"https:\/\/hotnewsinworld.com\/pt\/#\/schema\/person\/fe61448b21c0d59086e75fcc1f9d8f6b","name":"hotnewsinworld","image":{"@type":"ImageObject","inLanguage":"pt-PT","@id":"https:\/\/secure.gravatar.com\/avatar\/8a09ac165600ce2e1c38fe593c63928eb1e6e7ba5c5a907d67787c41b3d00c14?s=96&d=mm&r=g","url":"https:\/\/secure.gravatar.com\/avatar\/8a09ac165600ce2e1c38fe593c63928eb1e6e7ba5c5a907d67787c41b3d00c14?s=96&d=mm&r=g","contentUrl":"https:\/\/secure.gravatar.com\/avatar\/8a09ac165600ce2e1c38fe593c63928eb1e6e7ba5c5a907d67787c41b3d00c14?s=96&d=mm&r=g","caption":"hotnewsinworld"},"url":"https:\/\/hotnewsinworld.com\/pt\/author\/pt\/"}]}},"_links":{"self":[{"href":"https:\/\/hotnewsinworld.com\/pt\/wp-json\/wp\/v2\/posts\/2763","targetHints":{"allow":["GET"]}}],"collection":[{"href":"https:\/\/hotnewsinworld.com\/pt\/wp-json\/wp\/v2\/posts"}],"about":[{"href":"https:\/\/hotnewsinworld.com\/pt\/wp-json\/wp\/v2\/types\/post"}],"author":[{"embeddable":true,"href":"https:\/\/hotnewsinworld.com\/pt\/wp-json\/wp\/v2\/users\/2"}],"replies":[{"embeddable":true,"href":"https:\/\/hotnewsinworld.com\/pt\/wp-json\/wp\/v2\/comments?post=2763"}],"version-history":[{"count":1,"href":"https:\/\/hotnewsinworld.com\/pt\/wp-json\/wp\/v2\/posts\/2763\/revisions"}],"predecessor-version":[{"id":2765,"href":"https:\/\/hotnewsinworld.com\/pt\/wp-json\/wp\/v2\/posts\/2763\/revisions\/2765"}],"wp:featuredmedia":[{"embeddable":true,"href":"https:\/\/hotnewsinworld.com\/pt\/wp-json\/wp\/v2\/media\/2764"}],"wp:attachment":[{"href":"https:\/\/hotnewsinworld.com\/pt\/wp-json\/wp\/v2\/media?parent=2763"}],"wp:term":[{"taxonomy":"category","embeddable":true,"href":"https:\/\/hotnewsinworld.com\/pt\/wp-json\/wp\/v2\/categories?post=2763"},{"taxonomy":"post_tag","embeddable":true,"href":"https:\/\/hotnewsinworld.com\/pt\/wp-json\/wp\/v2\/tags?post=2763"}],"curies":[{"name":"wp","href":"https:\/\/api.w.org\/{rel}","templated":true}]}}