{"id":294,"date":"2019-05-30T08:18:29","date_gmt":"2019-05-30T05:18:29","guid":{"rendered":"https:\/\/hotnewsinworld.com\/pt\/camara-aprova-criacao-de-autoridade-nacional-de-protecao-de-dados\/"},"modified":"2020-03-05T19:25:10","modified_gmt":"2020-03-05T16:25:10","slug":"camara-aprova-criacao-de-autoridade-nacional-de-protecao-de-dados","status":"publish","type":"post","link":"https:\/\/hotnewsinworld.com\/pt\/camara-aprova-criacao-de-autoridade-nacional-de-protecao-de-dados\/","title":{"rendered":"C\u00e2mara aprova cria\u00e7\u00e3o de Autoridade Nacional de Prote\u00e7\u00e3o de Dados"},"content":{"rendered":"<p>O plen\u00e1rio da C\u00e2mara aprovou na ter\u00e7a-feira, por vota\u00e7\u00e3o simb\u00f3lica, a Medida Provis\u00f3ria 869\/18, que cria a Autoridade Nacional de Prote\u00e7\u00e3o de Dados (ANPD). Pelo texto, o Poder Executivo dever\u00e1 consultar o \u00f3rg\u00e3o antes de repassar dados de pessoas a empresas privadas, por exemplo. A mat\u00e9ria segue para an\u00e1lise do Senado e deve ser apreciada at\u00e9 o dia 3 de junho para n\u00e3o perder a validade.<\/p>\n<p>Segundo o relator do texto aprovado, deputado Orlando Silva (PCdoB-SP), o dispositivo estabelece uma transi\u00e7\u00e3o de at\u00e9 dois anos para consolida\u00e7\u00e3o do \u00f3rg\u00e3o. Para ele, o \u201cdebate est\u00e1 sintonizado com o que acontece no mundo inteiro\u201d.<\/p>\n<p>\u201cCento e vinte pa\u00edses, hoje, possuem marco regulat\u00f3rio sobre esse tema, a partir de 2020 ser\u00e3o 134 pa\u00edses, e, desses, 80% possuem \u00f3rg\u00e3os supervisores ou reguladores com autonomia. Por qu\u00ea? Porque eles regular\u00e3o n\u00e3o apenas agentes econ\u00f4micos, n\u00e3o apenas empresas, mas regular\u00e3o, sobretudo, governos municipais, estaduais, o Governo Central\u201d, disse. \u201c\u00c9 muito comum as empresas fazerem muito investimento em seguran\u00e7a, porque a privacidade de seus clientes \u00e9 o neg\u00f3cio pr\u00f3prio delas. Vai ser importante que os governos tenham a mesma responsabilidade no tratamento desses dados\u201d, completou o deputado.<\/p>\n<p>Entre as atribui\u00e7\u00f5es do \u00f3rg\u00e3o, est\u00e1 a elabora\u00e7\u00e3o de diretrizes para uma <strong>Pol\u00edtica Nacional de Prote\u00e7\u00e3o de Dados Pessoais e Privacidade<\/strong>; fiscalizar e aplicar san\u00e7\u00f5es; promover entre a popula\u00e7\u00e3o o conhecimento das normas e das pol\u00edticas p\u00fablicas sobre prote\u00e7\u00e3o de dados pessoais e as medidas de seguran\u00e7a; e promover a\u00e7\u00f5es de coopera\u00e7\u00e3o com autoridades de prote\u00e7\u00e3o de dados pessoais de outros pa\u00edses, de natureza internacional ou transacional.<\/p>\n<p>O \u00f3rg\u00e3o far\u00e1 parte da estrutura da Presid\u00eancia da Rep\u00fablica e ter\u00e1 Conselho Diretor formado por cinco membros designados pelo presidente com mandato de quatro anos.<\/p>\n<p>A norma foi a \u00faltima editada pelo ent\u00e3o presidente Michel Temer. A cria\u00e7\u00e3o da autoridade estava prevista na Lei de Prote\u00e7\u00e3o de Dados Pessoais (13.709\/18), no entanto, o dispositivo que criava a ANPD foi vetado por Temer com a justificativa de que a cria\u00e7\u00e3o do \u00f3rg\u00e3o \u00e9 prerrogativa do Executivo.<\/p>\n<p>A MP tamb\u00e9m cria o Conselho Nacional de Prote\u00e7\u00e3o de Dados Pessoais e da Privacidade, vinculado \u00e0 ANPD. O colegiado ser\u00e1 composto por 23 titulares, que ter\u00e3o mandato de dois anos e n\u00e3o ser\u00e3o remunerados.<\/p>\n<p>O conselho ter\u00e1 a seguinte composi\u00e7\u00e3o:<\/p>\n<ul>\n<li>seis representantes do Executivo Federal;<\/li>\n<li>um representante indicado pelo Senado Federal;<\/li>\n<li>um representante indicado pela C\u00e2mara dos Deputados;<\/li>\n<li>um representante indicado pelo Conselho Nacional de Justi\u00e7a;<\/li>\n<li>um representante indicado pelo Conselho Nacional do Minist\u00e9rio P\u00fablico;<\/li>\n<li>um representante indicado pelo Comit\u00ea Gestor da Internet no Brasil;<\/li>\n<li>quatro representantes da sociedade civil com atua\u00e7\u00e3o comprovada em prote\u00e7\u00e3o de dados pessoais;<\/li>\n<li>quatro representantes de institui\u00e7\u00e3o cient\u00edfica, tecnol\u00f3gica e de inova\u00e7\u00e3o; e<\/li>\n<li>quatro representantes de entidade representativa do setor empresarial ligado \u00e0 \u00e1rea de tratamento de dados pessoais.<\/li>\n<\/ul>\n<p><em>*Da Ag\u00eancia Brasil<\/em><\/p>\n<p><\/p>\n<p><a href=\"https:\/\/itmidia.com\/camara-aprova-criacao-de-autoridade-nacional-de-protecao-de-dados\/\">Source link<\/a><\/p>\n","protected":false},"excerpt":{"rendered":"<p>O plen\u00e1rio da C\u00e2mara aprovou na ter\u00e7a-feira, por vota\u00e7\u00e3o simb\u00f3lica, a Medida Provis\u00f3ria 869\/18, que cria a Autoridade Nacional de Prote\u00e7\u00e3o de Dados (ANPD). Pelo texto, o Poder Executivo dever\u00e1 consultar o \u00f3rg\u00e3o antes de repassar dados de pessoas a empresas privadas, por exemplo. A mat\u00e9ria segue para an\u00e1lise do Senado e deve ser apreciada [&hellip;]<\/p>\n","protected":false},"author":2,"featured_media":295,"comment_status":"open","ping_status":"open","sticky":false,"template":"","format":"standard","meta":{"footnotes":""},"categories":[3],"tags":[],"class_list":["post-294","post","type-post","status-publish","format-standard","has-post-thumbnail","hentry","category-noticias-da-midia-social"],"yoast_head":"<!-- This site is optimized with the Yoast SEO plugin v27.4 - https:\/\/yoast.com\/product\/yoast-seo-wordpress\/ -->\n<title>C\u00e2mara aprova cria\u00e7\u00e3o de Autoridade Nacional de Prote\u00e7\u00e3o de Dados - Hot News in World<\/title>\n<meta name=\"robots\" content=\"index, follow, max-snippet:-1, max-image-preview:large, max-video-preview:-1\" \/>\n<link rel=\"canonical\" href=\"https:\/\/hotnewsinworld.com\/pt\/camara-aprova-criacao-de-autoridade-nacional-de-protecao-de-dados\/\" \/>\n<meta property=\"og:locale\" content=\"pt_PT\" \/>\n<meta property=\"og:type\" content=\"article\" \/>\n<meta property=\"og:title\" content=\"C\u00e2mara aprova cria\u00e7\u00e3o de Autoridade Nacional de Prote\u00e7\u00e3o de Dados - Hot News in World\" \/>\n<meta property=\"og:description\" content=\"O plen\u00e1rio da C\u00e2mara aprovou na ter\u00e7a-feira, por vota\u00e7\u00e3o simb\u00f3lica, a Medida Provis\u00f3ria 869\/18, que cria a Autoridade Nacional de Prote\u00e7\u00e3o de Dados (ANPD). Pelo texto, o Poder Executivo dever\u00e1 consultar o \u00f3rg\u00e3o antes de repassar dados de pessoas a empresas privadas, por exemplo. A mat\u00e9ria segue para an\u00e1lise do Senado e deve ser apreciada [&hellip;]\" \/>\n<meta property=\"og:url\" content=\"https:\/\/hotnewsinworld.com\/pt\/camara-aprova-criacao-de-autoridade-nacional-de-protecao-de-dados\/\" \/>\n<meta property=\"og:site_name\" content=\"Hot News in World\" \/>\n<meta property=\"article:published_time\" content=\"2019-05-30T05:18:29+00:00\" \/>\n<meta property=\"article:modified_time\" content=\"2020-03-05T16:25:10+00:00\" \/>\n<meta property=\"og:image\" content=\"https:\/\/hotnewsinworld.com\/pt\/wp-content\/uploads\/sites\/2\/2019\/05\/C\u00e2mara-aprova-cria\u00e7\u00e3o-de-Autoridade-Nacional-de-Prote\u00e7\u00e3o-de-Dados.jpg\" \/>\n\t<meta property=\"og:image:width\" content=\"952\" \/>\n\t<meta property=\"og:image:height\" content=\"453\" \/>\n\t<meta property=\"og:image:type\" content=\"image\/jpeg\" \/>\n<meta name=\"author\" content=\"hotnewsinworld\" \/>\n<meta name=\"twitter:card\" content=\"summary_large_image\" \/>\n<meta name=\"twitter:label1\" content=\"Escrito por\" \/>\n\t<meta name=\"twitter:data1\" content=\"hotnewsinworld\" \/>\n\t<meta name=\"twitter:label2\" content=\"Tempo estimado de leitura\" \/>\n\t<meta name=\"twitter:data2\" content=\"3 minutos\" \/>\n<script type=\"application\/ld+json\" class=\"yoast-schema-graph\">{\"@context\":\"https:\\\/\\\/schema.org\",\"@graph\":[{\"@type\":\"Article\",\"@id\":\"https:\\\/\\\/hotnewsinworld.com\\\/pt\\\/camara-aprova-criacao-de-autoridade-nacional-de-protecao-de-dados\\\/#article\",\"isPartOf\":{\"@id\":\"https:\\\/\\\/hotnewsinworld.com\\\/pt\\\/camara-aprova-criacao-de-autoridade-nacional-de-protecao-de-dados\\\/\"},\"author\":{\"name\":\"hotnewsinworld\",\"@id\":\"https:\\\/\\\/hotnewsinworld.com\\\/pt\\\/#\\\/schema\\\/person\\\/fe61448b21c0d59086e75fcc1f9d8f6b\"},\"headline\":\"C\u00e2mara aprova cria\u00e7\u00e3o de Autoridade Nacional de Prote\u00e7\u00e3o de Dados\",\"datePublished\":\"2019-05-30T05:18:29+00:00\",\"dateModified\":\"2020-03-05T16:25:10+00:00\",\"mainEntityOfPage\":{\"@id\":\"https:\\\/\\\/hotnewsinworld.com\\\/pt\\\/camara-aprova-criacao-de-autoridade-nacional-de-protecao-de-dados\\\/\"},\"wordCount\":531,\"commentCount\":0,\"image\":{\"@id\":\"https:\\\/\\\/hotnewsinworld.com\\\/pt\\\/camara-aprova-criacao-de-autoridade-nacional-de-protecao-de-dados\\\/#primaryimage\"},\"thumbnailUrl\":\"https:\\\/\\\/hotnewsinworld.com\\\/pt\\\/wp-content\\\/uploads\\\/sites\\\/2\\\/2019\\\/05\\\/C\u00e2mara-aprova-cria\u00e7\u00e3o-de-Autoridade-Nacional-de-Prote\u00e7\u00e3o-de-Dados.jpg\",\"articleSection\":[\"NOT\u00cdCIAS DA M\u00cdDIA SOCIAL\"],\"inLanguage\":\"pt-PT\",\"potentialAction\":[{\"@type\":\"CommentAction\",\"name\":\"Comment\",\"target\":[\"https:\\\/\\\/hotnewsinworld.com\\\/pt\\\/camara-aprova-criacao-de-autoridade-nacional-de-protecao-de-dados\\\/#respond\"]}]},{\"@type\":\"WebPage\",\"@id\":\"https:\\\/\\\/hotnewsinworld.com\\\/pt\\\/camara-aprova-criacao-de-autoridade-nacional-de-protecao-de-dados\\\/\",\"url\":\"https:\\\/\\\/hotnewsinworld.com\\\/pt\\\/camara-aprova-criacao-de-autoridade-nacional-de-protecao-de-dados\\\/\",\"name\":\"C\u00e2mara aprova cria\u00e7\u00e3o de Autoridade Nacional de Prote\u00e7\u00e3o de Dados - Hot News in World\",\"isPartOf\":{\"@id\":\"https:\\\/\\\/hotnewsinworld.com\\\/pt\\\/#website\"},\"primaryImageOfPage\":{\"@id\":\"https:\\\/\\\/hotnewsinworld.com\\\/pt\\\/camara-aprova-criacao-de-autoridade-nacional-de-protecao-de-dados\\\/#primaryimage\"},\"image\":{\"@id\":\"https:\\\/\\\/hotnewsinworld.com\\\/pt\\\/camara-aprova-criacao-de-autoridade-nacional-de-protecao-de-dados\\\/#primaryimage\"},\"thumbnailUrl\":\"https:\\\/\\\/hotnewsinworld.com\\\/pt\\\/wp-content\\\/uploads\\\/sites\\\/2\\\/2019\\\/05\\\/C\u00e2mara-aprova-cria\u00e7\u00e3o-de-Autoridade-Nacional-de-Prote\u00e7\u00e3o-de-Dados.jpg\",\"datePublished\":\"2019-05-30T05:18:29+00:00\",\"dateModified\":\"2020-03-05T16:25:10+00:00\",\"author\":{\"@id\":\"https:\\\/\\\/hotnewsinworld.com\\\/pt\\\/#\\\/schema\\\/person\\\/fe61448b21c0d59086e75fcc1f9d8f6b\"},\"breadcrumb\":{\"@id\":\"https:\\\/\\\/hotnewsinworld.com\\\/pt\\\/camara-aprova-criacao-de-autoridade-nacional-de-protecao-de-dados\\\/#breadcrumb\"},\"inLanguage\":\"pt-PT\",\"potentialAction\":[{\"@type\":\"ReadAction\",\"target\":[\"https:\\\/\\\/hotnewsinworld.com\\\/pt\\\/camara-aprova-criacao-de-autoridade-nacional-de-protecao-de-dados\\\/\"]}]},{\"@type\":\"ImageObject\",\"inLanguage\":\"pt-PT\",\"@id\":\"https:\\\/\\\/hotnewsinworld.com\\\/pt\\\/camara-aprova-criacao-de-autoridade-nacional-de-protecao-de-dados\\\/#primaryimage\",\"url\":\"https:\\\/\\\/hotnewsinworld.com\\\/pt\\\/wp-content\\\/uploads\\\/sites\\\/2\\\/2019\\\/05\\\/C\u00e2mara-aprova-cria\u00e7\u00e3o-de-Autoridade-Nacional-de-Prote\u00e7\u00e3o-de-Dados.jpg\",\"contentUrl\":\"https:\\\/\\\/hotnewsinworld.com\\\/pt\\\/wp-content\\\/uploads\\\/sites\\\/2\\\/2019\\\/05\\\/C\u00e2mara-aprova-cria\u00e7\u00e3o-de-Autoridade-Nacional-de-Prote\u00e7\u00e3o-de-Dados.jpg\",\"width\":952,\"height\":453,\"caption\":\"C\u00e2mara aprova cria\u00e7\u00e3o de Autoridade Nacional de Prote\u00e7\u00e3o de Dados\"},{\"@type\":\"BreadcrumbList\",\"@id\":\"https:\\\/\\\/hotnewsinworld.com\\\/pt\\\/camara-aprova-criacao-de-autoridade-nacional-de-protecao-de-dados\\\/#breadcrumb\",\"itemListElement\":[{\"@type\":\"ListItem\",\"position\":1,\"name\":\"\u0413\u043b\u0430\u0432\u043d\u0430\u044f \u0441\u0442\u0440\u0430\u043d\u0438\u0446\u0430\",\"item\":\"https:\\\/\\\/hotnewsinworld.com\\\/pt\\\/\"},{\"@type\":\"ListItem\",\"position\":2,\"name\":\"C\u00e2mara aprova cria\u00e7\u00e3o de Autoridade Nacional de Prote\u00e7\u00e3o de Dados\"}]},{\"@type\":\"WebSite\",\"@id\":\"https:\\\/\\\/hotnewsinworld.com\\\/pt\\\/#website\",\"url\":\"https:\\\/\\\/hotnewsinworld.com\\\/pt\\\/\",\"name\":\"Hot News in World\",\"description\":\"Hot News in World Portugal\",\"potentialAction\":[{\"@type\":\"SearchAction\",\"target\":{\"@type\":\"EntryPoint\",\"urlTemplate\":\"https:\\\/\\\/hotnewsinworld.com\\\/pt\\\/?s={search_term_string}\"},\"query-input\":{\"@type\":\"PropertyValueSpecification\",\"valueRequired\":true,\"valueName\":\"search_term_string\"}}],\"inLanguage\":\"pt-PT\"},{\"@type\":\"Person\",\"@id\":\"https:\\\/\\\/hotnewsinworld.com\\\/pt\\\/#\\\/schema\\\/person\\\/fe61448b21c0d59086e75fcc1f9d8f6b\",\"name\":\"hotnewsinworld\",\"image\":{\"@type\":\"ImageObject\",\"inLanguage\":\"pt-PT\",\"@id\":\"https:\\\/\\\/secure.gravatar.com\\\/avatar\\\/8a09ac165600ce2e1c38fe593c63928eb1e6e7ba5c5a907d67787c41b3d00c14?s=96&d=mm&r=g\",\"url\":\"https:\\\/\\\/secure.gravatar.com\\\/avatar\\\/8a09ac165600ce2e1c38fe593c63928eb1e6e7ba5c5a907d67787c41b3d00c14?s=96&d=mm&r=g\",\"contentUrl\":\"https:\\\/\\\/secure.gravatar.com\\\/avatar\\\/8a09ac165600ce2e1c38fe593c63928eb1e6e7ba5c5a907d67787c41b3d00c14?s=96&d=mm&r=g\",\"caption\":\"hotnewsinworld\"},\"url\":\"https:\\\/\\\/hotnewsinworld.com\\\/pt\\\/author\\\/pt\\\/\"}]}<\/script>\n<!-- \/ Yoast SEO plugin. -->","yoast_head_json":{"title":"C\u00e2mara aprova cria\u00e7\u00e3o de Autoridade Nacional de Prote\u00e7\u00e3o de Dados - Hot News in World","robots":{"index":"index","follow":"follow","max-snippet":"max-snippet:-1","max-image-preview":"max-image-preview:large","max-video-preview":"max-video-preview:-1"},"canonical":"https:\/\/hotnewsinworld.com\/pt\/camara-aprova-criacao-de-autoridade-nacional-de-protecao-de-dados\/","og_locale":"pt_PT","og_type":"article","og_title":"C\u00e2mara aprova cria\u00e7\u00e3o de Autoridade Nacional de Prote\u00e7\u00e3o de Dados - Hot News in World","og_description":"O plen\u00e1rio da C\u00e2mara aprovou na ter\u00e7a-feira, por vota\u00e7\u00e3o simb\u00f3lica, a Medida Provis\u00f3ria 869\/18, que cria a Autoridade Nacional de Prote\u00e7\u00e3o de Dados (ANPD). Pelo texto, o Poder Executivo dever\u00e1 consultar o \u00f3rg\u00e3o antes de repassar dados de pessoas a empresas privadas, por exemplo. A mat\u00e9ria segue para an\u00e1lise do Senado e deve ser apreciada [&hellip;]","og_url":"https:\/\/hotnewsinworld.com\/pt\/camara-aprova-criacao-de-autoridade-nacional-de-protecao-de-dados\/","og_site_name":"Hot News in World","article_published_time":"2019-05-30T05:18:29+00:00","article_modified_time":"2020-03-05T16:25:10+00:00","og_image":[{"width":952,"height":453,"url":"https:\/\/hotnewsinworld.com\/pt\/wp-content\/uploads\/sites\/2\/2019\/05\/C\u00e2mara-aprova-cria\u00e7\u00e3o-de-Autoridade-Nacional-de-Prote\u00e7\u00e3o-de-Dados.jpg","type":"image\/jpeg"}],"author":"hotnewsinworld","twitter_card":"summary_large_image","twitter_misc":{"Escrito por":"hotnewsinworld","Tempo estimado de leitura":"3 minutos"},"schema":{"@context":"https:\/\/schema.org","@graph":[{"@type":"Article","@id":"https:\/\/hotnewsinworld.com\/pt\/camara-aprova-criacao-de-autoridade-nacional-de-protecao-de-dados\/#article","isPartOf":{"@id":"https:\/\/hotnewsinworld.com\/pt\/camara-aprova-criacao-de-autoridade-nacional-de-protecao-de-dados\/"},"author":{"name":"hotnewsinworld","@id":"https:\/\/hotnewsinworld.com\/pt\/#\/schema\/person\/fe61448b21c0d59086e75fcc1f9d8f6b"},"headline":"C\u00e2mara aprova cria\u00e7\u00e3o de Autoridade Nacional de Prote\u00e7\u00e3o de Dados","datePublished":"2019-05-30T05:18:29+00:00","dateModified":"2020-03-05T16:25:10+00:00","mainEntityOfPage":{"@id":"https:\/\/hotnewsinworld.com\/pt\/camara-aprova-criacao-de-autoridade-nacional-de-protecao-de-dados\/"},"wordCount":531,"commentCount":0,"image":{"@id":"https:\/\/hotnewsinworld.com\/pt\/camara-aprova-criacao-de-autoridade-nacional-de-protecao-de-dados\/#primaryimage"},"thumbnailUrl":"https:\/\/hotnewsinworld.com\/pt\/wp-content\/uploads\/sites\/2\/2019\/05\/C\u00e2mara-aprova-cria\u00e7\u00e3o-de-Autoridade-Nacional-de-Prote\u00e7\u00e3o-de-Dados.jpg","articleSection":["NOT\u00cdCIAS DA M\u00cdDIA SOCIAL"],"inLanguage":"pt-PT","potentialAction":[{"@type":"CommentAction","name":"Comment","target":["https:\/\/hotnewsinworld.com\/pt\/camara-aprova-criacao-de-autoridade-nacional-de-protecao-de-dados\/#respond"]}]},{"@type":"WebPage","@id":"https:\/\/hotnewsinworld.com\/pt\/camara-aprova-criacao-de-autoridade-nacional-de-protecao-de-dados\/","url":"https:\/\/hotnewsinworld.com\/pt\/camara-aprova-criacao-de-autoridade-nacional-de-protecao-de-dados\/","name":"C\u00e2mara aprova cria\u00e7\u00e3o de Autoridade Nacional de Prote\u00e7\u00e3o de Dados - Hot News in World","isPartOf":{"@id":"https:\/\/hotnewsinworld.com\/pt\/#website"},"primaryImageOfPage":{"@id":"https:\/\/hotnewsinworld.com\/pt\/camara-aprova-criacao-de-autoridade-nacional-de-protecao-de-dados\/#primaryimage"},"image":{"@id":"https:\/\/hotnewsinworld.com\/pt\/camara-aprova-criacao-de-autoridade-nacional-de-protecao-de-dados\/#primaryimage"},"thumbnailUrl":"https:\/\/hotnewsinworld.com\/pt\/wp-content\/uploads\/sites\/2\/2019\/05\/C\u00e2mara-aprova-cria\u00e7\u00e3o-de-Autoridade-Nacional-de-Prote\u00e7\u00e3o-de-Dados.jpg","datePublished":"2019-05-30T05:18:29+00:00","dateModified":"2020-03-05T16:25:10+00:00","author":{"@id":"https:\/\/hotnewsinworld.com\/pt\/#\/schema\/person\/fe61448b21c0d59086e75fcc1f9d8f6b"},"breadcrumb":{"@id":"https:\/\/hotnewsinworld.com\/pt\/camara-aprova-criacao-de-autoridade-nacional-de-protecao-de-dados\/#breadcrumb"},"inLanguage":"pt-PT","potentialAction":[{"@type":"ReadAction","target":["https:\/\/hotnewsinworld.com\/pt\/camara-aprova-criacao-de-autoridade-nacional-de-protecao-de-dados\/"]}]},{"@type":"ImageObject","inLanguage":"pt-PT","@id":"https:\/\/hotnewsinworld.com\/pt\/camara-aprova-criacao-de-autoridade-nacional-de-protecao-de-dados\/#primaryimage","url":"https:\/\/hotnewsinworld.com\/pt\/wp-content\/uploads\/sites\/2\/2019\/05\/C\u00e2mara-aprova-cria\u00e7\u00e3o-de-Autoridade-Nacional-de-Prote\u00e7\u00e3o-de-Dados.jpg","contentUrl":"https:\/\/hotnewsinworld.com\/pt\/wp-content\/uploads\/sites\/2\/2019\/05\/C\u00e2mara-aprova-cria\u00e7\u00e3o-de-Autoridade-Nacional-de-Prote\u00e7\u00e3o-de-Dados.jpg","width":952,"height":453,"caption":"C\u00e2mara aprova cria\u00e7\u00e3o de Autoridade Nacional de Prote\u00e7\u00e3o de Dados"},{"@type":"BreadcrumbList","@id":"https:\/\/hotnewsinworld.com\/pt\/camara-aprova-criacao-de-autoridade-nacional-de-protecao-de-dados\/#breadcrumb","itemListElement":[{"@type":"ListItem","position":1,"name":"\u0413\u043b\u0430\u0432\u043d\u0430\u044f \u0441\u0442\u0440\u0430\u043d\u0438\u0446\u0430","item":"https:\/\/hotnewsinworld.com\/pt\/"},{"@type":"ListItem","position":2,"name":"C\u00e2mara aprova cria\u00e7\u00e3o de Autoridade Nacional de Prote\u00e7\u00e3o de Dados"}]},{"@type":"WebSite","@id":"https:\/\/hotnewsinworld.com\/pt\/#website","url":"https:\/\/hotnewsinworld.com\/pt\/","name":"Hot News in World","description":"Hot News in World Portugal","potentialAction":[{"@type":"SearchAction","target":{"@type":"EntryPoint","urlTemplate":"https:\/\/hotnewsinworld.com\/pt\/?s={search_term_string}"},"query-input":{"@type":"PropertyValueSpecification","valueRequired":true,"valueName":"search_term_string"}}],"inLanguage":"pt-PT"},{"@type":"Person","@id":"https:\/\/hotnewsinworld.com\/pt\/#\/schema\/person\/fe61448b21c0d59086e75fcc1f9d8f6b","name":"hotnewsinworld","image":{"@type":"ImageObject","inLanguage":"pt-PT","@id":"https:\/\/secure.gravatar.com\/avatar\/8a09ac165600ce2e1c38fe593c63928eb1e6e7ba5c5a907d67787c41b3d00c14?s=96&d=mm&r=g","url":"https:\/\/secure.gravatar.com\/avatar\/8a09ac165600ce2e1c38fe593c63928eb1e6e7ba5c5a907d67787c41b3d00c14?s=96&d=mm&r=g","contentUrl":"https:\/\/secure.gravatar.com\/avatar\/8a09ac165600ce2e1c38fe593c63928eb1e6e7ba5c5a907d67787c41b3d00c14?s=96&d=mm&r=g","caption":"hotnewsinworld"},"url":"https:\/\/hotnewsinworld.com\/pt\/author\/pt\/"}]}},"_links":{"self":[{"href":"https:\/\/hotnewsinworld.com\/pt\/wp-json\/wp\/v2\/posts\/294","targetHints":{"allow":["GET"]}}],"collection":[{"href":"https:\/\/hotnewsinworld.com\/pt\/wp-json\/wp\/v2\/posts"}],"about":[{"href":"https:\/\/hotnewsinworld.com\/pt\/wp-json\/wp\/v2\/types\/post"}],"author":[{"embeddable":true,"href":"https:\/\/hotnewsinworld.com\/pt\/wp-json\/wp\/v2\/users\/2"}],"replies":[{"embeddable":true,"href":"https:\/\/hotnewsinworld.com\/pt\/wp-json\/wp\/v2\/comments?post=294"}],"version-history":[{"count":2,"href":"https:\/\/hotnewsinworld.com\/pt\/wp-json\/wp\/v2\/posts\/294\/revisions"}],"predecessor-version":[{"id":2281,"href":"https:\/\/hotnewsinworld.com\/pt\/wp-json\/wp\/v2\/posts\/294\/revisions\/2281"}],"wp:featuredmedia":[{"embeddable":true,"href":"https:\/\/hotnewsinworld.com\/pt\/wp-json\/wp\/v2\/media\/295"}],"wp:attachment":[{"href":"https:\/\/hotnewsinworld.com\/pt\/wp-json\/wp\/v2\/media?parent=294"}],"wp:term":[{"taxonomy":"category","embeddable":true,"href":"https:\/\/hotnewsinworld.com\/pt\/wp-json\/wp\/v2\/categories?post=294"},{"taxonomy":"post_tag","embeddable":true,"href":"https:\/\/hotnewsinworld.com\/pt\/wp-json\/wp\/v2\/tags?post=294"}],"curies":[{"name":"wp","href":"https:\/\/api.w.org\/{rel}","templated":true}]}}