{"id":3233,"date":"2021-03-10T01:51:18","date_gmt":"2021-03-09T22:51:18","guid":{"rendered":"https:\/\/hotnewsinworld.com\/pt\/pais-que-pediram-apoio-a-familia-estao-a-ser-prejudicados-na-carreira-contributiva\/"},"modified":"2021-03-10T01:51:20","modified_gmt":"2021-03-09T22:51:20","slug":"pais-que-pediram-apoio-a-familia-estao-a-ser-prejudicados-na-carreira-contributiva","status":"publish","type":"post","link":"https:\/\/hotnewsinworld.com\/pt\/pais-que-pediram-apoio-a-familia-estao-a-ser-prejudicados-na-carreira-contributiva\/","title":{"rendered":"Pais que pediram apoio \u00e0 fam\u00edlia est\u00e3o a ser prejudicados na carreira contributiva"},"content":{"rendered":"<p>JN\/Ag\u00eanciasHoje\u00a0\u00e0s\u00a017:13A Provedoria de Justi\u00e7a denunciou esta ter\u00e7a-feira o impacto negativo que o pagamento do apoio excecional \u00e0 fam\u00edlia est\u00e1 a ter na carreira contributiva dos trabalhadores que recorreram a esta presta\u00e7\u00e3o devido ao encerramento das escolas.Num of\u00edcio dirigido ao secret\u00e1rio de Estado da Seguran\u00e7a Social, hoje divulgado, a Provedoria de Justi\u00e7a alerta para situa\u00e7\u00e3o dos pais que, tendo recebido o apoio extraordin\u00e1rio \u00e0 fam\u00edlia (para acompanharem os filhos menores de 12 anos devido ao encerramento das escolas), est\u00e3o a ser prejudicados na carreira contributiva, porque os registos das remunera\u00e7\u00f5es s\u00e3o feitos com base no valor pago (dois ter\u00e7os da remunera\u00e7\u00e3o base), sem que haja lugar ao registo de remunera\u00e7\u00e3o por equival\u00eancia relativa \u00e0 diferen\u00e7a entre a remunera\u00e7\u00e3o normal e o valor do apoio, o que evitaria o impacto dos cortes salariais na carreira.Este impacto na carreira contributiva faz com que pais que beneficiaram daquele apoio \u00e0 fam\u00edlia e posteriormente recorreram a outras presta\u00e7\u00f5es sociais tenham visto o valor destas ser inferior ao da sua remunera\u00e7\u00e3o normal.&#8221;A penaliza\u00e7\u00e3o verificada na carreira contributiva dos benefici\u00e1rios que tenham recorrido a esses apoios tem um reflexo imediato nas presta\u00e7\u00f5es sociais a que, entretanto, tenham acedido ou venham a aceder&#8221;, refere o of\u00edcio da Provedora de Justi\u00e7a para adiantar que, &#8220;constata-se, assim, que os pais que beneficiem de tais apoios s\u00e3o duplamente penalizados nas respetivas carreiras contributivas&#8221;.Entre as v\u00e1rias queixas que recebeu, Maria L\u00facia Amaral partilha uma, de uma m\u00e3e que beneficiou do apoio \u00e0 fam\u00edlia entre mar\u00e7o e junho de 2020, &#8220;e que veio a ser significativamente prejudicada no valor do subs\u00eddio por risco cl\u00ednico durante a gravidez a que acedeu em novembro \u00faltimo&#8221;.Salientando os casos, como o da assist\u00eancia \u00e0 fam\u00edlia em contexto normal (sem ser por causa de medidas de combate \u00e0 pandemia), em que h\u00e1 lugar ao registo de remunera\u00e7\u00f5es por equival\u00eancia, para evitar cortes na carreira contributiva, a Provedoria de Justi\u00e7a considera n\u00e3o ser justo que no apoio \u00e0 fam\u00edlia o mesmo n\u00e3o suceda.Considera por isso que &#8220;se afigura premente e justa, a ado\u00e7\u00e3o de medidas no sentido de garantir que haja lugar a registos por equival\u00eancia \u00e0 entrada de contribui\u00e7\u00f5es relativamente \u00e0 diferen\u00e7a entre a remunera\u00e7\u00e3o normal do trabalhador e o apoio extraordin\u00e1rio \u00e0 fam\u00edlia pago aos pais que, devido \u00e0 suspens\u00e3o das atividades letivas e n\u00e3o letivas impostas pelo Governo no \u00e2mbito da atual pandemia, se viram (e vejam agora novamente) obrigados a faltar ao trabalho para prestar assist\u00eancia aos seus filhos&#8221;.O of\u00edcio aborda ainda o facto de os trabalhadores abrangidos pelo &#8220;lay-off&#8221; estarem tamb\u00e9m a ser prejudicados na carreira contributiva e confrontados com cortes nos apoios sociais que entretanto tenham pedido, pelo facto de o sistema da Seguran\u00e7a Social n\u00e3o ter ainda assumido os registos da chamada equival\u00eancia de contribui\u00e7\u00f5es &#8211; que, no caso do &#8220;lay-off&#8221;, est\u00e3o previstos na lei.&#8221;Verifica-se que os trabalhadores que no \u00e2mbito da atual pandemia estiveram abrangidos pelo regime de &#8216;lay-off&#8217;, n\u00e3o viram refletidos nas respetivas carreiras contributivas os registos por equival\u00eancia \u00e0 entrada de contribui\u00e7\u00f5es a que haveria lugar [\u00e0 luz do previsto na legisla\u00e7\u00e3o]&#8221;, aponta a carta.&#8221;Na maioria dos casos reportados \u00e0 Provedora de Justi\u00e7a, tais omiss\u00f5es implicaram que as presta\u00e7\u00f5es sociais entretanto atribu\u00eddas aos visados (designadamente, presta\u00e7\u00f5es de parentalidade, doen\u00e7a e desemprego) tivessem sido calculadas com base em valores inferiores aos corretos, resultando na atribui\u00e7\u00e3o de presta\u00e7\u00f5es de valor tamb\u00e9m inferior ao que lhes seria efetivamente devido&#8221;, acrescenta o mesmo of\u00edcio.Esta \u00e9 j\u00e1 a segunda vez que a Provedoria de Justi\u00e7a levanta a quest\u00e3o, depois de o ter feito em dezembro junto do Instituto da Seguran\u00e7a Social e de ter sido, entretanto informada, que o problema foi causado pelo facto de o sistema aplicacional existente para proceder de forma autom\u00e1tica aos registos por equival\u00eancias \u00e0 entrada de contribui\u00e7\u00f5es nas situa\u00e7\u00f5es de &#8220;lay-off&#8221;, n\u00e3o se adequa \u00e0s atuais situa\u00e7\u00f5es de &#8220;lay-off&#8221; simplificado, designadamente por, nestes casos, ter sido dada \u00e0s empresas a possibilidade de pagarem aos seus trabalhadores uma compensa\u00e7\u00e3o de valor superior ao limite m\u00e1ximo legalmente estabelecido para o &#8220;lay-off&#8221;.&#8221;Consequentemente, ter\u00e1 havido a necessidade de parametrizar um novo modelo aplicacional, cuja implementa\u00e7\u00e3o estar\u00e1 em curso, e que, uma vez conclu\u00edda, determinar\u00e1 a retifica\u00e7\u00e3o das carreiras contributivas de todos os visados e o rec\u00e1lculo das presta\u00e7\u00f5es que aos mesmos hajam sido atribu\u00eddas&#8221;, l\u00ea-se ainda na missiva.O of\u00edcio ressalva, contudo que, apesar do tempo entretanto decorrido, &#8220;a situa\u00e7\u00e3o continua por regularizar, verificando-se um alarmante aumento do n\u00famero de casos de cidad\u00e3os que se veem prejudicados no montante das presta\u00e7\u00f5es sociais a que, entretanto, acederam, e aos quais urge dar resposta&#8221;.A Provedora de Justi\u00e7a alerta ainda que o problema tender\u00e1 naturalmente a acentuar-se com o decurso do tempo e com o recente agravamento da crise pand\u00e9mica, pelo que solicita ao secret\u00e1rio de Estado urg\u00eancia na resolu\u00e7\u00e3o do problema &#8220;que se arrasta desde pelo menos novembro de 2020&#8221;.<br \/>\n<br \/>\n<!--noindex--><br \/>\n<a href=\"http:\/\/feeds.jn.pt\/~r\/JN-ECONOMIA\/~3\/eW2UtnJWaY4\/pais-que-pediram-apoio-a-familia-estao-a-ser-prejudicados-na-carreira-contributiva-13437264.html\" rel=\"nofollow\">Source link <\/a><br \/>\n<!--\/noindex--><\/p>\n","protected":false},"excerpt":{"rendered":"<p>JN\/Ag\u00eanciasHoje\u00a0\u00e0s\u00a017:13A Provedoria de Justi\u00e7a denunciou esta ter\u00e7a-feira o impacto negativo que o pagamento do apoio excecional \u00e0 fam\u00edlia est\u00e1 a ter na carreira contributiva dos trabalhadores que recorreram a esta presta\u00e7\u00e3o devido ao encerramento das escolas.Num of\u00edcio dirigido ao secret\u00e1rio de Estado da Seguran\u00e7a Social, hoje divulgado, a Provedoria de Justi\u00e7a alerta para situa\u00e7\u00e3o dos [&hellip;]<\/p>\n","protected":false},"author":2,"featured_media":3234,"comment_status":"open","ping_status":"open","sticky":false,"template":"","format":"standard","meta":{"footnotes":""},"categories":[1],"tags":[],"class_list":["post-3233","post","type-post","status-publish","format-standard","has-post-thumbnail","hentry","category-ultimas-noticias-financeiras"],"yoast_head":"<!-- This site is optimized with the Yoast SEO plugin v27.4 - https:\/\/yoast.com\/product\/yoast-seo-wordpress\/ -->\n<title>Pais que pediram apoio \u00e0 fam\u00edlia est\u00e3o a ser prejudicados na carreira contributiva - Hot News in World<\/title>\n<meta name=\"robots\" content=\"index, follow, max-snippet:-1, max-image-preview:large, max-video-preview:-1\" \/>\n<link rel=\"canonical\" href=\"https:\/\/hotnewsinworld.com\/pt\/pais-que-pediram-apoio-a-familia-estao-a-ser-prejudicados-na-carreira-contributiva\/\" \/>\n<meta property=\"og:locale\" content=\"pt_PT\" \/>\n<meta property=\"og:type\" content=\"article\" \/>\n<meta property=\"og:title\" content=\"Pais que pediram apoio \u00e0 fam\u00edlia est\u00e3o a ser prejudicados na carreira contributiva - Hot News in World\" \/>\n<meta property=\"og:description\" content=\"JN\/Ag\u00eanciasHoje\u00a0\u00e0s\u00a017:13A Provedoria de Justi\u00e7a denunciou esta ter\u00e7a-feira o impacto negativo que o pagamento do apoio excecional \u00e0 fam\u00edlia est\u00e1 a ter na carreira contributiva dos trabalhadores que recorreram a esta presta\u00e7\u00e3o devido ao encerramento das escolas.Num of\u00edcio dirigido ao secret\u00e1rio de Estado da Seguran\u00e7a Social, hoje divulgado, a Provedoria de Justi\u00e7a alerta para situa\u00e7\u00e3o dos [&hellip;]\" \/>\n<meta property=\"og:url\" content=\"https:\/\/hotnewsinworld.com\/pt\/pais-que-pediram-apoio-a-familia-estao-a-ser-prejudicados-na-carreira-contributiva\/\" \/>\n<meta property=\"og:site_name\" content=\"Hot News in World\" \/>\n<meta property=\"article:published_time\" content=\"2021-03-09T22:51:18+00:00\" \/>\n<meta property=\"article:modified_time\" content=\"2021-03-09T22:51:20+00:00\" \/>\n<meta property=\"og:image\" content=\"https:\/\/hotnewsinworld.com\/pt\/wp-content\/uploads\/sites\/2\/2021\/03\/Pais-que-pediram-apoio-a-familia-estao-a-ser-prejudicados.jpg\" \/>\n\t<meta property=\"og:image:width\" content=\"800\" \/>\n\t<meta property=\"og:image:height\" content=\"420\" \/>\n\t<meta property=\"og:image:type\" content=\"image\/jpeg\" \/>\n<meta name=\"author\" content=\"hotnewsinworld\" \/>\n<meta name=\"twitter:card\" content=\"summary_large_image\" \/>\n<meta name=\"twitter:label1\" content=\"Escrito por\" \/>\n\t<meta name=\"twitter:data1\" content=\"hotnewsinworld\" \/>\n\t<meta name=\"twitter:label2\" content=\"Tempo estimado de leitura\" \/>\n\t<meta name=\"twitter:data2\" content=\"4 minutos\" \/>\n<script type=\"application\/ld+json\" class=\"yoast-schema-graph\">{\"@context\":\"https:\\\/\\\/schema.org\",\"@graph\":[{\"@type\":\"Article\",\"@id\":\"https:\\\/\\\/hotnewsinworld.com\\\/pt\\\/pais-que-pediram-apoio-a-familia-estao-a-ser-prejudicados-na-carreira-contributiva\\\/#article\",\"isPartOf\":{\"@id\":\"https:\\\/\\\/hotnewsinworld.com\\\/pt\\\/pais-que-pediram-apoio-a-familia-estao-a-ser-prejudicados-na-carreira-contributiva\\\/\"},\"author\":{\"name\":\"hotnewsinworld\",\"@id\":\"https:\\\/\\\/hotnewsinworld.com\\\/pt\\\/#\\\/schema\\\/person\\\/fe61448b21c0d59086e75fcc1f9d8f6b\"},\"headline\":\"Pais que pediram apoio \u00e0 fam\u00edlia est\u00e3o a ser prejudicados na carreira contributiva\",\"datePublished\":\"2021-03-09T22:51:18+00:00\",\"dateModified\":\"2021-03-09T22:51:20+00:00\",\"mainEntityOfPage\":{\"@id\":\"https:\\\/\\\/hotnewsinworld.com\\\/pt\\\/pais-que-pediram-apoio-a-familia-estao-a-ser-prejudicados-na-carreira-contributiva\\\/\"},\"wordCount\":910,\"commentCount\":0,\"image\":{\"@id\":\"https:\\\/\\\/hotnewsinworld.com\\\/pt\\\/pais-que-pediram-apoio-a-familia-estao-a-ser-prejudicados-na-carreira-contributiva\\\/#primaryimage\"},\"thumbnailUrl\":\"https:\\\/\\\/hotnewsinworld.com\\\/pt\\\/wp-content\\\/uploads\\\/sites\\\/2\\\/2021\\\/03\\\/Pais-que-pediram-apoio-a-familia-estao-a-ser-prejudicados.jpg\",\"articleSection\":[\"\u00daLTIMAS NOT\u00cdCIAS FINANCEIRAS\"],\"inLanguage\":\"pt-PT\",\"potentialAction\":[{\"@type\":\"CommentAction\",\"name\":\"Comment\",\"target\":[\"https:\\\/\\\/hotnewsinworld.com\\\/pt\\\/pais-que-pediram-apoio-a-familia-estao-a-ser-prejudicados-na-carreira-contributiva\\\/#respond\"]}]},{\"@type\":\"WebPage\",\"@id\":\"https:\\\/\\\/hotnewsinworld.com\\\/pt\\\/pais-que-pediram-apoio-a-familia-estao-a-ser-prejudicados-na-carreira-contributiva\\\/\",\"url\":\"https:\\\/\\\/hotnewsinworld.com\\\/pt\\\/pais-que-pediram-apoio-a-familia-estao-a-ser-prejudicados-na-carreira-contributiva\\\/\",\"name\":\"Pais que pediram apoio \u00e0 fam\u00edlia est\u00e3o a ser prejudicados na carreira contributiva - Hot News in World\",\"isPartOf\":{\"@id\":\"https:\\\/\\\/hotnewsinworld.com\\\/pt\\\/#website\"},\"primaryImageOfPage\":{\"@id\":\"https:\\\/\\\/hotnewsinworld.com\\\/pt\\\/pais-que-pediram-apoio-a-familia-estao-a-ser-prejudicados-na-carreira-contributiva\\\/#primaryimage\"},\"image\":{\"@id\":\"https:\\\/\\\/hotnewsinworld.com\\\/pt\\\/pais-que-pediram-apoio-a-familia-estao-a-ser-prejudicados-na-carreira-contributiva\\\/#primaryimage\"},\"thumbnailUrl\":\"https:\\\/\\\/hotnewsinworld.com\\\/pt\\\/wp-content\\\/uploads\\\/sites\\\/2\\\/2021\\\/03\\\/Pais-que-pediram-apoio-a-familia-estao-a-ser-prejudicados.jpg\",\"datePublished\":\"2021-03-09T22:51:18+00:00\",\"dateModified\":\"2021-03-09T22:51:20+00:00\",\"author\":{\"@id\":\"https:\\\/\\\/hotnewsinworld.com\\\/pt\\\/#\\\/schema\\\/person\\\/fe61448b21c0d59086e75fcc1f9d8f6b\"},\"breadcrumb\":{\"@id\":\"https:\\\/\\\/hotnewsinworld.com\\\/pt\\\/pais-que-pediram-apoio-a-familia-estao-a-ser-prejudicados-na-carreira-contributiva\\\/#breadcrumb\"},\"inLanguage\":\"pt-PT\",\"potentialAction\":[{\"@type\":\"ReadAction\",\"target\":[\"https:\\\/\\\/hotnewsinworld.com\\\/pt\\\/pais-que-pediram-apoio-a-familia-estao-a-ser-prejudicados-na-carreira-contributiva\\\/\"]}]},{\"@type\":\"ImageObject\",\"inLanguage\":\"pt-PT\",\"@id\":\"https:\\\/\\\/hotnewsinworld.com\\\/pt\\\/pais-que-pediram-apoio-a-familia-estao-a-ser-prejudicados-na-carreira-contributiva\\\/#primaryimage\",\"url\":\"https:\\\/\\\/hotnewsinworld.com\\\/pt\\\/wp-content\\\/uploads\\\/sites\\\/2\\\/2021\\\/03\\\/Pais-que-pediram-apoio-a-familia-estao-a-ser-prejudicados.jpg\",\"contentUrl\":\"https:\\\/\\\/hotnewsinworld.com\\\/pt\\\/wp-content\\\/uploads\\\/sites\\\/2\\\/2021\\\/03\\\/Pais-que-pediram-apoio-a-familia-estao-a-ser-prejudicados.jpg\",\"width\":800,\"height\":420,\"caption\":\"Pais que pediram apoio \u00e0 fam\u00edlia est\u00e3o a ser prejudicados na carreira contributiva\"},{\"@type\":\"BreadcrumbList\",\"@id\":\"https:\\\/\\\/hotnewsinworld.com\\\/pt\\\/pais-que-pediram-apoio-a-familia-estao-a-ser-prejudicados-na-carreira-contributiva\\\/#breadcrumb\",\"itemListElement\":[{\"@type\":\"ListItem\",\"position\":1,\"name\":\"\u0413\u043b\u0430\u0432\u043d\u0430\u044f \u0441\u0442\u0440\u0430\u043d\u0438\u0446\u0430\",\"item\":\"https:\\\/\\\/hotnewsinworld.com\\\/pt\\\/\"},{\"@type\":\"ListItem\",\"position\":2,\"name\":\"Pais que pediram apoio \u00e0 fam\u00edlia est\u00e3o a ser prejudicados na carreira contributiva\"}]},{\"@type\":\"WebSite\",\"@id\":\"https:\\\/\\\/hotnewsinworld.com\\\/pt\\\/#website\",\"url\":\"https:\\\/\\\/hotnewsinworld.com\\\/pt\\\/\",\"name\":\"Hot News in World\",\"description\":\"Hot News in World Portugal\",\"potentialAction\":[{\"@type\":\"SearchAction\",\"target\":{\"@type\":\"EntryPoint\",\"urlTemplate\":\"https:\\\/\\\/hotnewsinworld.com\\\/pt\\\/?s={search_term_string}\"},\"query-input\":{\"@type\":\"PropertyValueSpecification\",\"valueRequired\":true,\"valueName\":\"search_term_string\"}}],\"inLanguage\":\"pt-PT\"},{\"@type\":\"Person\",\"@id\":\"https:\\\/\\\/hotnewsinworld.com\\\/pt\\\/#\\\/schema\\\/person\\\/fe61448b21c0d59086e75fcc1f9d8f6b\",\"name\":\"hotnewsinworld\",\"image\":{\"@type\":\"ImageObject\",\"inLanguage\":\"pt-PT\",\"@id\":\"https:\\\/\\\/secure.gravatar.com\\\/avatar\\\/8a09ac165600ce2e1c38fe593c63928eb1e6e7ba5c5a907d67787c41b3d00c14?s=96&d=mm&r=g\",\"url\":\"https:\\\/\\\/secure.gravatar.com\\\/avatar\\\/8a09ac165600ce2e1c38fe593c63928eb1e6e7ba5c5a907d67787c41b3d00c14?s=96&d=mm&r=g\",\"contentUrl\":\"https:\\\/\\\/secure.gravatar.com\\\/avatar\\\/8a09ac165600ce2e1c38fe593c63928eb1e6e7ba5c5a907d67787c41b3d00c14?s=96&d=mm&r=g\",\"caption\":\"hotnewsinworld\"},\"url\":\"https:\\\/\\\/hotnewsinworld.com\\\/pt\\\/author\\\/pt\\\/\"}]}<\/script>\n<!-- \/ Yoast SEO plugin. -->","yoast_head_json":{"title":"Pais que pediram apoio \u00e0 fam\u00edlia est\u00e3o a ser prejudicados na carreira contributiva - Hot News in World","robots":{"index":"index","follow":"follow","max-snippet":"max-snippet:-1","max-image-preview":"max-image-preview:large","max-video-preview":"max-video-preview:-1"},"canonical":"https:\/\/hotnewsinworld.com\/pt\/pais-que-pediram-apoio-a-familia-estao-a-ser-prejudicados-na-carreira-contributiva\/","og_locale":"pt_PT","og_type":"article","og_title":"Pais que pediram apoio \u00e0 fam\u00edlia est\u00e3o a ser prejudicados na carreira contributiva - Hot News in World","og_description":"JN\/Ag\u00eanciasHoje\u00a0\u00e0s\u00a017:13A Provedoria de Justi\u00e7a denunciou esta ter\u00e7a-feira o impacto negativo que o pagamento do apoio excecional \u00e0 fam\u00edlia est\u00e1 a ter na carreira contributiva dos trabalhadores que recorreram a esta presta\u00e7\u00e3o devido ao encerramento das escolas.Num of\u00edcio dirigido ao secret\u00e1rio de Estado da Seguran\u00e7a Social, hoje divulgado, a Provedoria de Justi\u00e7a alerta para situa\u00e7\u00e3o dos [&hellip;]","og_url":"https:\/\/hotnewsinworld.com\/pt\/pais-que-pediram-apoio-a-familia-estao-a-ser-prejudicados-na-carreira-contributiva\/","og_site_name":"Hot News in World","article_published_time":"2021-03-09T22:51:18+00:00","article_modified_time":"2021-03-09T22:51:20+00:00","og_image":[{"width":800,"height":420,"url":"https:\/\/hotnewsinworld.com\/pt\/wp-content\/uploads\/sites\/2\/2021\/03\/Pais-que-pediram-apoio-a-familia-estao-a-ser-prejudicados.jpg","type":"image\/jpeg"}],"author":"hotnewsinworld","twitter_card":"summary_large_image","twitter_misc":{"Escrito por":"hotnewsinworld","Tempo estimado de leitura":"4 minutos"},"schema":{"@context":"https:\/\/schema.org","@graph":[{"@type":"Article","@id":"https:\/\/hotnewsinworld.com\/pt\/pais-que-pediram-apoio-a-familia-estao-a-ser-prejudicados-na-carreira-contributiva\/#article","isPartOf":{"@id":"https:\/\/hotnewsinworld.com\/pt\/pais-que-pediram-apoio-a-familia-estao-a-ser-prejudicados-na-carreira-contributiva\/"},"author":{"name":"hotnewsinworld","@id":"https:\/\/hotnewsinworld.com\/pt\/#\/schema\/person\/fe61448b21c0d59086e75fcc1f9d8f6b"},"headline":"Pais que pediram apoio \u00e0 fam\u00edlia est\u00e3o a ser prejudicados na carreira contributiva","datePublished":"2021-03-09T22:51:18+00:00","dateModified":"2021-03-09T22:51:20+00:00","mainEntityOfPage":{"@id":"https:\/\/hotnewsinworld.com\/pt\/pais-que-pediram-apoio-a-familia-estao-a-ser-prejudicados-na-carreira-contributiva\/"},"wordCount":910,"commentCount":0,"image":{"@id":"https:\/\/hotnewsinworld.com\/pt\/pais-que-pediram-apoio-a-familia-estao-a-ser-prejudicados-na-carreira-contributiva\/#primaryimage"},"thumbnailUrl":"https:\/\/hotnewsinworld.com\/pt\/wp-content\/uploads\/sites\/2\/2021\/03\/Pais-que-pediram-apoio-a-familia-estao-a-ser-prejudicados.jpg","articleSection":["\u00daLTIMAS NOT\u00cdCIAS FINANCEIRAS"],"inLanguage":"pt-PT","potentialAction":[{"@type":"CommentAction","name":"Comment","target":["https:\/\/hotnewsinworld.com\/pt\/pais-que-pediram-apoio-a-familia-estao-a-ser-prejudicados-na-carreira-contributiva\/#respond"]}]},{"@type":"WebPage","@id":"https:\/\/hotnewsinworld.com\/pt\/pais-que-pediram-apoio-a-familia-estao-a-ser-prejudicados-na-carreira-contributiva\/","url":"https:\/\/hotnewsinworld.com\/pt\/pais-que-pediram-apoio-a-familia-estao-a-ser-prejudicados-na-carreira-contributiva\/","name":"Pais que pediram apoio \u00e0 fam\u00edlia est\u00e3o a ser prejudicados na carreira contributiva - Hot News in World","isPartOf":{"@id":"https:\/\/hotnewsinworld.com\/pt\/#website"},"primaryImageOfPage":{"@id":"https:\/\/hotnewsinworld.com\/pt\/pais-que-pediram-apoio-a-familia-estao-a-ser-prejudicados-na-carreira-contributiva\/#primaryimage"},"image":{"@id":"https:\/\/hotnewsinworld.com\/pt\/pais-que-pediram-apoio-a-familia-estao-a-ser-prejudicados-na-carreira-contributiva\/#primaryimage"},"thumbnailUrl":"https:\/\/hotnewsinworld.com\/pt\/wp-content\/uploads\/sites\/2\/2021\/03\/Pais-que-pediram-apoio-a-familia-estao-a-ser-prejudicados.jpg","datePublished":"2021-03-09T22:51:18+00:00","dateModified":"2021-03-09T22:51:20+00:00","author":{"@id":"https:\/\/hotnewsinworld.com\/pt\/#\/schema\/person\/fe61448b21c0d59086e75fcc1f9d8f6b"},"breadcrumb":{"@id":"https:\/\/hotnewsinworld.com\/pt\/pais-que-pediram-apoio-a-familia-estao-a-ser-prejudicados-na-carreira-contributiva\/#breadcrumb"},"inLanguage":"pt-PT","potentialAction":[{"@type":"ReadAction","target":["https:\/\/hotnewsinworld.com\/pt\/pais-que-pediram-apoio-a-familia-estao-a-ser-prejudicados-na-carreira-contributiva\/"]}]},{"@type":"ImageObject","inLanguage":"pt-PT","@id":"https:\/\/hotnewsinworld.com\/pt\/pais-que-pediram-apoio-a-familia-estao-a-ser-prejudicados-na-carreira-contributiva\/#primaryimage","url":"https:\/\/hotnewsinworld.com\/pt\/wp-content\/uploads\/sites\/2\/2021\/03\/Pais-que-pediram-apoio-a-familia-estao-a-ser-prejudicados.jpg","contentUrl":"https:\/\/hotnewsinworld.com\/pt\/wp-content\/uploads\/sites\/2\/2021\/03\/Pais-que-pediram-apoio-a-familia-estao-a-ser-prejudicados.jpg","width":800,"height":420,"caption":"Pais que pediram apoio \u00e0 fam\u00edlia est\u00e3o a ser prejudicados na carreira contributiva"},{"@type":"BreadcrumbList","@id":"https:\/\/hotnewsinworld.com\/pt\/pais-que-pediram-apoio-a-familia-estao-a-ser-prejudicados-na-carreira-contributiva\/#breadcrumb","itemListElement":[{"@type":"ListItem","position":1,"name":"\u0413\u043b\u0430\u0432\u043d\u0430\u044f \u0441\u0442\u0440\u0430\u043d\u0438\u0446\u0430","item":"https:\/\/hotnewsinworld.com\/pt\/"},{"@type":"ListItem","position":2,"name":"Pais que pediram apoio \u00e0 fam\u00edlia est\u00e3o a ser prejudicados na carreira contributiva"}]},{"@type":"WebSite","@id":"https:\/\/hotnewsinworld.com\/pt\/#website","url":"https:\/\/hotnewsinworld.com\/pt\/","name":"Hot News in World","description":"Hot News in World Portugal","potentialAction":[{"@type":"SearchAction","target":{"@type":"EntryPoint","urlTemplate":"https:\/\/hotnewsinworld.com\/pt\/?s={search_term_string}"},"query-input":{"@type":"PropertyValueSpecification","valueRequired":true,"valueName":"search_term_string"}}],"inLanguage":"pt-PT"},{"@type":"Person","@id":"https:\/\/hotnewsinworld.com\/pt\/#\/schema\/person\/fe61448b21c0d59086e75fcc1f9d8f6b","name":"hotnewsinworld","image":{"@type":"ImageObject","inLanguage":"pt-PT","@id":"https:\/\/secure.gravatar.com\/avatar\/8a09ac165600ce2e1c38fe593c63928eb1e6e7ba5c5a907d67787c41b3d00c14?s=96&d=mm&r=g","url":"https:\/\/secure.gravatar.com\/avatar\/8a09ac165600ce2e1c38fe593c63928eb1e6e7ba5c5a907d67787c41b3d00c14?s=96&d=mm&r=g","contentUrl":"https:\/\/secure.gravatar.com\/avatar\/8a09ac165600ce2e1c38fe593c63928eb1e6e7ba5c5a907d67787c41b3d00c14?s=96&d=mm&r=g","caption":"hotnewsinworld"},"url":"https:\/\/hotnewsinworld.com\/pt\/author\/pt\/"}]}},"_links":{"self":[{"href":"https:\/\/hotnewsinworld.com\/pt\/wp-json\/wp\/v2\/posts\/3233","targetHints":{"allow":["GET"]}}],"collection":[{"href":"https:\/\/hotnewsinworld.com\/pt\/wp-json\/wp\/v2\/posts"}],"about":[{"href":"https:\/\/hotnewsinworld.com\/pt\/wp-json\/wp\/v2\/types\/post"}],"author":[{"embeddable":true,"href":"https:\/\/hotnewsinworld.com\/pt\/wp-json\/wp\/v2\/users\/2"}],"replies":[{"embeddable":true,"href":"https:\/\/hotnewsinworld.com\/pt\/wp-json\/wp\/v2\/comments?post=3233"}],"version-history":[{"count":1,"href":"https:\/\/hotnewsinworld.com\/pt\/wp-json\/wp\/v2\/posts\/3233\/revisions"}],"predecessor-version":[{"id":3235,"href":"https:\/\/hotnewsinworld.com\/pt\/wp-json\/wp\/v2\/posts\/3233\/revisions\/3235"}],"wp:featuredmedia":[{"embeddable":true,"href":"https:\/\/hotnewsinworld.com\/pt\/wp-json\/wp\/v2\/media\/3234"}],"wp:attachment":[{"href":"https:\/\/hotnewsinworld.com\/pt\/wp-json\/wp\/v2\/media?parent=3233"}],"wp:term":[{"taxonomy":"category","embeddable":true,"href":"https:\/\/hotnewsinworld.com\/pt\/wp-json\/wp\/v2\/categories?post=3233"},{"taxonomy":"post_tag","embeddable":true,"href":"https:\/\/hotnewsinworld.com\/pt\/wp-json\/wp\/v2\/tags?post=3233"}],"curies":[{"name":"wp","href":"https:\/\/api.w.org\/{rel}","templated":true}]}}