{"id":3236,"date":"2021-03-10T15:40:20","date_gmt":"2021-03-10T12:40:20","guid":{"rendered":"https:\/\/hotnewsinworld.com\/pt\/pcp-pede-acao-%e2%80%b3imediata%e2%80%b3-e-insiste-na-nacionalizacao-da-groundforce\/"},"modified":"2021-03-10T15:40:22","modified_gmt":"2021-03-10T12:40:22","slug":"pcp-pede-acao-%e2%80%b3imediata%e2%80%b3-e-insiste-na-nacionalizacao-da-groundforce","status":"publish","type":"post","link":"https:\/\/hotnewsinworld.com\/pt\/pcp-pede-acao-%e2%80%b3imediata%e2%80%b3-e-insiste-na-nacionalizacao-da-groundforce\/","title":{"rendered":"PCP pede a\u00e7\u00e3o \u2033imediata\u2033 e insiste na nacionaliza\u00e7\u00e3o da Groundforce"},"content":{"rendered":"<p>JN\/Ag\u00eanciasHoje\u00a0\u00e0s\u00a012:28O PCP apresentou, esta quarta-feira, um projeto de resolu\u00e7\u00e3o que recomenda ao governo a nacionaliza\u00e7\u00e3o da Groundforce, considerando que o executivo deve agir de imediato para assegurar o pagamento de sal\u00e1rios e salvar a empresa.&#8221;Aquilo que n\u00f3s propomos \u00e9 que haja uma interven\u00e7\u00e3o imediata do governo na empresa para assegurar o pagamento atempado de todos os sal\u00e1rios, avalizar o empr\u00e9stimo necess\u00e1rio para restabelecer o equil\u00edbrio financeiro da empresa e proceder \u00e0 nacionaliza\u00e7\u00e3o, para garantir a estabilidade de uma empresa e de um setor de uma import\u00e2ncia estrat\u00e9gica para a avia\u00e7\u00e3o civil e o seu desenvolvimento&#8221;, declarou o deputado comunista Bruno Dias, em confer\u00eancia de imprensa na Assembleia da Rep\u00fablica.Para o grupo parlamentar comunista, esta &#8220;n\u00e3o \u00e9, nem pode ser vista, como uma atividade negligenci\u00e1vel ou dispens\u00e1vel no contexto da avia\u00e7\u00e3o civil&#8221;, apontando que, al\u00e9m da empresa, tamb\u00e9m s\u00e3o &#8220;indispens\u00e1veis os trabalhadores&#8221;.&#8221;Nesse sentido, tendo em conta as grav\u00edssimas amea\u00e7as que pendem atualmente sobre a empresa SPdH Groundforce e os seus trabalhadores, \u00e9 inaceit\u00e1vel que os seus trabalhadores continuem a ser colocados como arma de arremesso e a ser colocados perante o ataque aos direitos e os sal\u00e1rios em atraso&#8221;, defendeu o deputado.Se a Groundforce n\u00e3o vier de facto para a esfera p\u00fablica e n\u00e3o for intervencionada, ela de facto n\u00e3o existir\u00e1Considerando que &#8220;\u00e9 da m\u00e1xima urg\u00eancia uma interven\u00e7\u00e3o concreta e decidida por parte do governo portugu\u00eas&#8221;, o PCP avan\u00e7a com este projeto de resolu\u00e7\u00e3o para &#8220;colocar em cima da mesa a extrema necessidade desta interven\u00e7\u00e3o&#8221; mas avisa que o executivo n\u00e3o tem de &#8220;ficar \u00e0 espera&#8221; do debate da iniciativa para agir.&#8221;\u00c9 importante sublinhar que a SPdH Groundforce s\u00f3 ir\u00e1 encerrar se o governo assim o entender&#8221;, sublinhou o deputado comunista.Bruno Dias argumentou que &#8220;tal como ficou demonstrado que, se a TAP n\u00e3o viesse para a esfera p\u00fablica hoje j\u00e1 n\u00e3o existiria, se a Groundforce n\u00e3o vier de facto para a esfera p\u00fablica e n\u00e3o for intervencionada, ela de facto n\u00e3o existir\u00e1&#8221;.&#8221;Esta iniciativa do PCP \u00e9, desde j\u00e1, um contributo objetivo e construtivo para, no plano pol\u00edtico, sinalizar e sublinhar a extrema import\u00e2ncia de uma a\u00e7\u00e3o com a m\u00e1xima urg\u00eancia por parte do governo portugu\u00eas&#8221;, rematou.<br \/>\n<br \/>\n<!--noindex--><br \/>\n<a href=\"http:\/\/feeds.jn.pt\/~r\/JN-ECONOMIA\/~3\/MW8_Kryv0vc\/pcp-pede-acao-imediata-e-insiste-na-nacionalizacao-da-groundforce-13440183.html\" rel=\"nofollow\">Source link <\/a><br \/>\n<!--\/noindex--><\/p>\n","protected":false},"excerpt":{"rendered":"<p>JN\/Ag\u00eanciasHoje\u00a0\u00e0s\u00a012:28O PCP apresentou, esta quarta-feira, um projeto de resolu\u00e7\u00e3o que recomenda ao governo a nacionaliza\u00e7\u00e3o da Groundforce, considerando que o executivo deve agir de imediato para assegurar o pagamento de sal\u00e1rios e salvar a empresa.&#8221;Aquilo que n\u00f3s propomos \u00e9 que haja uma interven\u00e7\u00e3o imediata do governo na empresa para assegurar o pagamento atempado de todos [&hellip;]<\/p>\n","protected":false},"author":2,"featured_media":3237,"comment_status":"open","ping_status":"open","sticky":false,"template":"","format":"standard","meta":{"footnotes":""},"categories":[1],"tags":[],"class_list":["post-3236","post","type-post","status-publish","format-standard","has-post-thumbnail","hentry","category-ultimas-noticias-financeiras"],"yoast_head":"<!-- This site is optimized with the Yoast SEO plugin v27.4 - https:\/\/yoast.com\/product\/yoast-seo-wordpress\/ -->\n<title>PCP pede a\u00e7\u00e3o \u2033imediata\u2033 e insiste na nacionaliza\u00e7\u00e3o da Groundforce - Hot News in World<\/title>\n<meta name=\"robots\" content=\"index, follow, max-snippet:-1, max-image-preview:large, max-video-preview:-1\" \/>\n<link rel=\"canonical\" href=\"https:\/\/hotnewsinworld.com\/pt\/pcp-pede-acao-\u2033imediata\u2033-e-insiste-na-nacionalizacao-da-groundforce\/\" \/>\n<meta property=\"og:locale\" content=\"pt_PT\" \/>\n<meta property=\"og:type\" content=\"article\" \/>\n<meta property=\"og:title\" content=\"PCP pede a\u00e7\u00e3o \u2033imediata\u2033 e insiste na nacionaliza\u00e7\u00e3o da Groundforce - Hot News in World\" \/>\n<meta property=\"og:description\" content=\"JN\/Ag\u00eanciasHoje\u00a0\u00e0s\u00a012:28O PCP apresentou, esta quarta-feira, um projeto de resolu\u00e7\u00e3o que recomenda ao governo a nacionaliza\u00e7\u00e3o da Groundforce, considerando que o executivo deve agir de imediato para assegurar o pagamento de sal\u00e1rios e salvar a empresa.&#8221;Aquilo que n\u00f3s propomos \u00e9 que haja uma interven\u00e7\u00e3o imediata do governo na empresa para assegurar o pagamento atempado de todos [&hellip;]\" \/>\n<meta property=\"og:url\" content=\"https:\/\/hotnewsinworld.com\/pt\/pcp-pede-acao-\u2033imediata\u2033-e-insiste-na-nacionalizacao-da-groundforce\/\" \/>\n<meta property=\"og:site_name\" content=\"Hot News in World\" \/>\n<meta property=\"article:published_time\" content=\"2021-03-10T12:40:20+00:00\" \/>\n<meta property=\"article:modified_time\" content=\"2021-03-10T12:40:22+00:00\" \/>\n<meta property=\"og:image\" content=\"https:\/\/hotnewsinworld.com\/pt\/wp-content\/uploads\/sites\/2\/2021\/03\/PCP-pede-acao-\u2033imediata\u2033-e-insiste-na-nacionalizacao-da-Groundforce.jpg\" \/>\n\t<meta property=\"og:image:width\" content=\"800\" \/>\n\t<meta property=\"og:image:height\" content=\"420\" \/>\n\t<meta property=\"og:image:type\" content=\"image\/jpeg\" \/>\n<meta name=\"author\" content=\"hotnewsinworld\" \/>\n<meta name=\"twitter:card\" content=\"summary_large_image\" \/>\n<meta name=\"twitter:label1\" content=\"Escrito por\" \/>\n\t<meta name=\"twitter:data1\" content=\"hotnewsinworld\" \/>\n\t<meta name=\"twitter:label2\" content=\"Tempo estimado de leitura\" \/>\n\t<meta name=\"twitter:data2\" content=\"2 minutos\" \/>\n<script type=\"application\/ld+json\" class=\"yoast-schema-graph\">{\"@context\":\"https:\\\/\\\/schema.org\",\"@graph\":[{\"@type\":\"Article\",\"@id\":\"https:\\\/\\\/hotnewsinworld.com\\\/pt\\\/pcp-pede-acao-%e2%80%b3imediata%e2%80%b3-e-insiste-na-nacionalizacao-da-groundforce\\\/#article\",\"isPartOf\":{\"@id\":\"https:\\\/\\\/hotnewsinworld.com\\\/pt\\\/pcp-pede-acao-%e2%80%b3imediata%e2%80%b3-e-insiste-na-nacionalizacao-da-groundforce\\\/\"},\"author\":{\"name\":\"hotnewsinworld\",\"@id\":\"https:\\\/\\\/hotnewsinworld.com\\\/pt\\\/#\\\/schema\\\/person\\\/fe61448b21c0d59086e75fcc1f9d8f6b\"},\"headline\":\"PCP pede a\u00e7\u00e3o \u2033imediata\u2033 e insiste na nacionaliza\u00e7\u00e3o da Groundforce\",\"datePublished\":\"2021-03-10T12:40:20+00:00\",\"dateModified\":\"2021-03-10T12:40:22+00:00\",\"mainEntityOfPage\":{\"@id\":\"https:\\\/\\\/hotnewsinworld.com\\\/pt\\\/pcp-pede-acao-%e2%80%b3imediata%e2%80%b3-e-insiste-na-nacionalizacao-da-groundforce\\\/\"},\"wordCount\":425,\"commentCount\":0,\"image\":{\"@id\":\"https:\\\/\\\/hotnewsinworld.com\\\/pt\\\/pcp-pede-acao-%e2%80%b3imediata%e2%80%b3-e-insiste-na-nacionalizacao-da-groundforce\\\/#primaryimage\"},\"thumbnailUrl\":\"https:\\\/\\\/hotnewsinworld.com\\\/pt\\\/wp-content\\\/uploads\\\/sites\\\/2\\\/2021\\\/03\\\/PCP-pede-acao-\u2033imediata\u2033-e-insiste-na-nacionalizacao-da-Groundforce.jpg\",\"articleSection\":[\"\u00daLTIMAS NOT\u00cdCIAS FINANCEIRAS\"],\"inLanguage\":\"pt-PT\",\"potentialAction\":[{\"@type\":\"CommentAction\",\"name\":\"Comment\",\"target\":[\"https:\\\/\\\/hotnewsinworld.com\\\/pt\\\/pcp-pede-acao-%e2%80%b3imediata%e2%80%b3-e-insiste-na-nacionalizacao-da-groundforce\\\/#respond\"]}]},{\"@type\":\"WebPage\",\"@id\":\"https:\\\/\\\/hotnewsinworld.com\\\/pt\\\/pcp-pede-acao-%e2%80%b3imediata%e2%80%b3-e-insiste-na-nacionalizacao-da-groundforce\\\/\",\"url\":\"https:\\\/\\\/hotnewsinworld.com\\\/pt\\\/pcp-pede-acao-%e2%80%b3imediata%e2%80%b3-e-insiste-na-nacionalizacao-da-groundforce\\\/\",\"name\":\"PCP pede a\u00e7\u00e3o \u2033imediata\u2033 e insiste na nacionaliza\u00e7\u00e3o da Groundforce - Hot News in World\",\"isPartOf\":{\"@id\":\"https:\\\/\\\/hotnewsinworld.com\\\/pt\\\/#website\"},\"primaryImageOfPage\":{\"@id\":\"https:\\\/\\\/hotnewsinworld.com\\\/pt\\\/pcp-pede-acao-%e2%80%b3imediata%e2%80%b3-e-insiste-na-nacionalizacao-da-groundforce\\\/#primaryimage\"},\"image\":{\"@id\":\"https:\\\/\\\/hotnewsinworld.com\\\/pt\\\/pcp-pede-acao-%e2%80%b3imediata%e2%80%b3-e-insiste-na-nacionalizacao-da-groundforce\\\/#primaryimage\"},\"thumbnailUrl\":\"https:\\\/\\\/hotnewsinworld.com\\\/pt\\\/wp-content\\\/uploads\\\/sites\\\/2\\\/2021\\\/03\\\/PCP-pede-acao-\u2033imediata\u2033-e-insiste-na-nacionalizacao-da-Groundforce.jpg\",\"datePublished\":\"2021-03-10T12:40:20+00:00\",\"dateModified\":\"2021-03-10T12:40:22+00:00\",\"author\":{\"@id\":\"https:\\\/\\\/hotnewsinworld.com\\\/pt\\\/#\\\/schema\\\/person\\\/fe61448b21c0d59086e75fcc1f9d8f6b\"},\"breadcrumb\":{\"@id\":\"https:\\\/\\\/hotnewsinworld.com\\\/pt\\\/pcp-pede-acao-%e2%80%b3imediata%e2%80%b3-e-insiste-na-nacionalizacao-da-groundforce\\\/#breadcrumb\"},\"inLanguage\":\"pt-PT\",\"potentialAction\":[{\"@type\":\"ReadAction\",\"target\":[\"https:\\\/\\\/hotnewsinworld.com\\\/pt\\\/pcp-pede-acao-%e2%80%b3imediata%e2%80%b3-e-insiste-na-nacionalizacao-da-groundforce\\\/\"]}]},{\"@type\":\"ImageObject\",\"inLanguage\":\"pt-PT\",\"@id\":\"https:\\\/\\\/hotnewsinworld.com\\\/pt\\\/pcp-pede-acao-%e2%80%b3imediata%e2%80%b3-e-insiste-na-nacionalizacao-da-groundforce\\\/#primaryimage\",\"url\":\"https:\\\/\\\/hotnewsinworld.com\\\/pt\\\/wp-content\\\/uploads\\\/sites\\\/2\\\/2021\\\/03\\\/PCP-pede-acao-\u2033imediata\u2033-e-insiste-na-nacionalizacao-da-Groundforce.jpg\",\"contentUrl\":\"https:\\\/\\\/hotnewsinworld.com\\\/pt\\\/wp-content\\\/uploads\\\/sites\\\/2\\\/2021\\\/03\\\/PCP-pede-acao-\u2033imediata\u2033-e-insiste-na-nacionalizacao-da-Groundforce.jpg\",\"width\":800,\"height\":420,\"caption\":\"PCP pede a\u00e7\u00e3o \u2033imediata\u2033 e insiste na nacionaliza\u00e7\u00e3o da Groundforce\"},{\"@type\":\"BreadcrumbList\",\"@id\":\"https:\\\/\\\/hotnewsinworld.com\\\/pt\\\/pcp-pede-acao-%e2%80%b3imediata%e2%80%b3-e-insiste-na-nacionalizacao-da-groundforce\\\/#breadcrumb\",\"itemListElement\":[{\"@type\":\"ListItem\",\"position\":1,\"name\":\"\u0413\u043b\u0430\u0432\u043d\u0430\u044f \u0441\u0442\u0440\u0430\u043d\u0438\u0446\u0430\",\"item\":\"https:\\\/\\\/hotnewsinworld.com\\\/pt\\\/\"},{\"@type\":\"ListItem\",\"position\":2,\"name\":\"PCP pede a\u00e7\u00e3o \u2033imediata\u2033 e insiste na nacionaliza\u00e7\u00e3o da Groundforce\"}]},{\"@type\":\"WebSite\",\"@id\":\"https:\\\/\\\/hotnewsinworld.com\\\/pt\\\/#website\",\"url\":\"https:\\\/\\\/hotnewsinworld.com\\\/pt\\\/\",\"name\":\"Hot News in World\",\"description\":\"Hot News in World Portugal\",\"potentialAction\":[{\"@type\":\"SearchAction\",\"target\":{\"@type\":\"EntryPoint\",\"urlTemplate\":\"https:\\\/\\\/hotnewsinworld.com\\\/pt\\\/?s={search_term_string}\"},\"query-input\":{\"@type\":\"PropertyValueSpecification\",\"valueRequired\":true,\"valueName\":\"search_term_string\"}}],\"inLanguage\":\"pt-PT\"},{\"@type\":\"Person\",\"@id\":\"https:\\\/\\\/hotnewsinworld.com\\\/pt\\\/#\\\/schema\\\/person\\\/fe61448b21c0d59086e75fcc1f9d8f6b\",\"name\":\"hotnewsinworld\",\"image\":{\"@type\":\"ImageObject\",\"inLanguage\":\"pt-PT\",\"@id\":\"https:\\\/\\\/secure.gravatar.com\\\/avatar\\\/8a09ac165600ce2e1c38fe593c63928eb1e6e7ba5c5a907d67787c41b3d00c14?s=96&d=mm&r=g\",\"url\":\"https:\\\/\\\/secure.gravatar.com\\\/avatar\\\/8a09ac165600ce2e1c38fe593c63928eb1e6e7ba5c5a907d67787c41b3d00c14?s=96&d=mm&r=g\",\"contentUrl\":\"https:\\\/\\\/secure.gravatar.com\\\/avatar\\\/8a09ac165600ce2e1c38fe593c63928eb1e6e7ba5c5a907d67787c41b3d00c14?s=96&d=mm&r=g\",\"caption\":\"hotnewsinworld\"},\"url\":\"https:\\\/\\\/hotnewsinworld.com\\\/pt\\\/author\\\/pt\\\/\"}]}<\/script>\n<!-- \/ Yoast SEO plugin. -->","yoast_head_json":{"title":"PCP pede a\u00e7\u00e3o \u2033imediata\u2033 e insiste na nacionaliza\u00e7\u00e3o da Groundforce - Hot News in World","robots":{"index":"index","follow":"follow","max-snippet":"max-snippet:-1","max-image-preview":"max-image-preview:large","max-video-preview":"max-video-preview:-1"},"canonical":"https:\/\/hotnewsinworld.com\/pt\/pcp-pede-acao-\u2033imediata\u2033-e-insiste-na-nacionalizacao-da-groundforce\/","og_locale":"pt_PT","og_type":"article","og_title":"PCP pede a\u00e7\u00e3o \u2033imediata\u2033 e insiste na nacionaliza\u00e7\u00e3o da Groundforce - Hot News in World","og_description":"JN\/Ag\u00eanciasHoje\u00a0\u00e0s\u00a012:28O PCP apresentou, esta quarta-feira, um projeto de resolu\u00e7\u00e3o que recomenda ao governo a nacionaliza\u00e7\u00e3o da Groundforce, considerando que o executivo deve agir de imediato para assegurar o pagamento de sal\u00e1rios e salvar a empresa.&#8221;Aquilo que n\u00f3s propomos \u00e9 que haja uma interven\u00e7\u00e3o imediata do governo na empresa para assegurar o pagamento atempado de todos [&hellip;]","og_url":"https:\/\/hotnewsinworld.com\/pt\/pcp-pede-acao-\u2033imediata\u2033-e-insiste-na-nacionalizacao-da-groundforce\/","og_site_name":"Hot News in World","article_published_time":"2021-03-10T12:40:20+00:00","article_modified_time":"2021-03-10T12:40:22+00:00","og_image":[{"width":800,"height":420,"url":"https:\/\/hotnewsinworld.com\/pt\/wp-content\/uploads\/sites\/2\/2021\/03\/PCP-pede-acao-\u2033imediata\u2033-e-insiste-na-nacionalizacao-da-Groundforce.jpg","type":"image\/jpeg"}],"author":"hotnewsinworld","twitter_card":"summary_large_image","twitter_misc":{"Escrito por":"hotnewsinworld","Tempo estimado de leitura":"2 minutos"},"schema":{"@context":"https:\/\/schema.org","@graph":[{"@type":"Article","@id":"https:\/\/hotnewsinworld.com\/pt\/pcp-pede-acao-%e2%80%b3imediata%e2%80%b3-e-insiste-na-nacionalizacao-da-groundforce\/#article","isPartOf":{"@id":"https:\/\/hotnewsinworld.com\/pt\/pcp-pede-acao-%e2%80%b3imediata%e2%80%b3-e-insiste-na-nacionalizacao-da-groundforce\/"},"author":{"name":"hotnewsinworld","@id":"https:\/\/hotnewsinworld.com\/pt\/#\/schema\/person\/fe61448b21c0d59086e75fcc1f9d8f6b"},"headline":"PCP pede a\u00e7\u00e3o \u2033imediata\u2033 e insiste na nacionaliza\u00e7\u00e3o da Groundforce","datePublished":"2021-03-10T12:40:20+00:00","dateModified":"2021-03-10T12:40:22+00:00","mainEntityOfPage":{"@id":"https:\/\/hotnewsinworld.com\/pt\/pcp-pede-acao-%e2%80%b3imediata%e2%80%b3-e-insiste-na-nacionalizacao-da-groundforce\/"},"wordCount":425,"commentCount":0,"image":{"@id":"https:\/\/hotnewsinworld.com\/pt\/pcp-pede-acao-%e2%80%b3imediata%e2%80%b3-e-insiste-na-nacionalizacao-da-groundforce\/#primaryimage"},"thumbnailUrl":"https:\/\/hotnewsinworld.com\/pt\/wp-content\/uploads\/sites\/2\/2021\/03\/PCP-pede-acao-\u2033imediata\u2033-e-insiste-na-nacionalizacao-da-Groundforce.jpg","articleSection":["\u00daLTIMAS NOT\u00cdCIAS FINANCEIRAS"],"inLanguage":"pt-PT","potentialAction":[{"@type":"CommentAction","name":"Comment","target":["https:\/\/hotnewsinworld.com\/pt\/pcp-pede-acao-%e2%80%b3imediata%e2%80%b3-e-insiste-na-nacionalizacao-da-groundforce\/#respond"]}]},{"@type":"WebPage","@id":"https:\/\/hotnewsinworld.com\/pt\/pcp-pede-acao-%e2%80%b3imediata%e2%80%b3-e-insiste-na-nacionalizacao-da-groundforce\/","url":"https:\/\/hotnewsinworld.com\/pt\/pcp-pede-acao-%e2%80%b3imediata%e2%80%b3-e-insiste-na-nacionalizacao-da-groundforce\/","name":"PCP pede a\u00e7\u00e3o \u2033imediata\u2033 e insiste na nacionaliza\u00e7\u00e3o da Groundforce - Hot News in World","isPartOf":{"@id":"https:\/\/hotnewsinworld.com\/pt\/#website"},"primaryImageOfPage":{"@id":"https:\/\/hotnewsinworld.com\/pt\/pcp-pede-acao-%e2%80%b3imediata%e2%80%b3-e-insiste-na-nacionalizacao-da-groundforce\/#primaryimage"},"image":{"@id":"https:\/\/hotnewsinworld.com\/pt\/pcp-pede-acao-%e2%80%b3imediata%e2%80%b3-e-insiste-na-nacionalizacao-da-groundforce\/#primaryimage"},"thumbnailUrl":"https:\/\/hotnewsinworld.com\/pt\/wp-content\/uploads\/sites\/2\/2021\/03\/PCP-pede-acao-\u2033imediata\u2033-e-insiste-na-nacionalizacao-da-Groundforce.jpg","datePublished":"2021-03-10T12:40:20+00:00","dateModified":"2021-03-10T12:40:22+00:00","author":{"@id":"https:\/\/hotnewsinworld.com\/pt\/#\/schema\/person\/fe61448b21c0d59086e75fcc1f9d8f6b"},"breadcrumb":{"@id":"https:\/\/hotnewsinworld.com\/pt\/pcp-pede-acao-%e2%80%b3imediata%e2%80%b3-e-insiste-na-nacionalizacao-da-groundforce\/#breadcrumb"},"inLanguage":"pt-PT","potentialAction":[{"@type":"ReadAction","target":["https:\/\/hotnewsinworld.com\/pt\/pcp-pede-acao-%e2%80%b3imediata%e2%80%b3-e-insiste-na-nacionalizacao-da-groundforce\/"]}]},{"@type":"ImageObject","inLanguage":"pt-PT","@id":"https:\/\/hotnewsinworld.com\/pt\/pcp-pede-acao-%e2%80%b3imediata%e2%80%b3-e-insiste-na-nacionalizacao-da-groundforce\/#primaryimage","url":"https:\/\/hotnewsinworld.com\/pt\/wp-content\/uploads\/sites\/2\/2021\/03\/PCP-pede-acao-\u2033imediata\u2033-e-insiste-na-nacionalizacao-da-Groundforce.jpg","contentUrl":"https:\/\/hotnewsinworld.com\/pt\/wp-content\/uploads\/sites\/2\/2021\/03\/PCP-pede-acao-\u2033imediata\u2033-e-insiste-na-nacionalizacao-da-Groundforce.jpg","width":800,"height":420,"caption":"PCP pede a\u00e7\u00e3o \u2033imediata\u2033 e insiste na nacionaliza\u00e7\u00e3o da Groundforce"},{"@type":"BreadcrumbList","@id":"https:\/\/hotnewsinworld.com\/pt\/pcp-pede-acao-%e2%80%b3imediata%e2%80%b3-e-insiste-na-nacionalizacao-da-groundforce\/#breadcrumb","itemListElement":[{"@type":"ListItem","position":1,"name":"\u0413\u043b\u0430\u0432\u043d\u0430\u044f \u0441\u0442\u0440\u0430\u043d\u0438\u0446\u0430","item":"https:\/\/hotnewsinworld.com\/pt\/"},{"@type":"ListItem","position":2,"name":"PCP pede a\u00e7\u00e3o \u2033imediata\u2033 e insiste na nacionaliza\u00e7\u00e3o da Groundforce"}]},{"@type":"WebSite","@id":"https:\/\/hotnewsinworld.com\/pt\/#website","url":"https:\/\/hotnewsinworld.com\/pt\/","name":"Hot News in World","description":"Hot News in World Portugal","potentialAction":[{"@type":"SearchAction","target":{"@type":"EntryPoint","urlTemplate":"https:\/\/hotnewsinworld.com\/pt\/?s={search_term_string}"},"query-input":{"@type":"PropertyValueSpecification","valueRequired":true,"valueName":"search_term_string"}}],"inLanguage":"pt-PT"},{"@type":"Person","@id":"https:\/\/hotnewsinworld.com\/pt\/#\/schema\/person\/fe61448b21c0d59086e75fcc1f9d8f6b","name":"hotnewsinworld","image":{"@type":"ImageObject","inLanguage":"pt-PT","@id":"https:\/\/secure.gravatar.com\/avatar\/8a09ac165600ce2e1c38fe593c63928eb1e6e7ba5c5a907d67787c41b3d00c14?s=96&d=mm&r=g","url":"https:\/\/secure.gravatar.com\/avatar\/8a09ac165600ce2e1c38fe593c63928eb1e6e7ba5c5a907d67787c41b3d00c14?s=96&d=mm&r=g","contentUrl":"https:\/\/secure.gravatar.com\/avatar\/8a09ac165600ce2e1c38fe593c63928eb1e6e7ba5c5a907d67787c41b3d00c14?s=96&d=mm&r=g","caption":"hotnewsinworld"},"url":"https:\/\/hotnewsinworld.com\/pt\/author\/pt\/"}]}},"_links":{"self":[{"href":"https:\/\/hotnewsinworld.com\/pt\/wp-json\/wp\/v2\/posts\/3236","targetHints":{"allow":["GET"]}}],"collection":[{"href":"https:\/\/hotnewsinworld.com\/pt\/wp-json\/wp\/v2\/posts"}],"about":[{"href":"https:\/\/hotnewsinworld.com\/pt\/wp-json\/wp\/v2\/types\/post"}],"author":[{"embeddable":true,"href":"https:\/\/hotnewsinworld.com\/pt\/wp-json\/wp\/v2\/users\/2"}],"replies":[{"embeddable":true,"href":"https:\/\/hotnewsinworld.com\/pt\/wp-json\/wp\/v2\/comments?post=3236"}],"version-history":[{"count":1,"href":"https:\/\/hotnewsinworld.com\/pt\/wp-json\/wp\/v2\/posts\/3236\/revisions"}],"predecessor-version":[{"id":3238,"href":"https:\/\/hotnewsinworld.com\/pt\/wp-json\/wp\/v2\/posts\/3236\/revisions\/3238"}],"wp:featuredmedia":[{"embeddable":true,"href":"https:\/\/hotnewsinworld.com\/pt\/wp-json\/wp\/v2\/media\/3237"}],"wp:attachment":[{"href":"https:\/\/hotnewsinworld.com\/pt\/wp-json\/wp\/v2\/media?parent=3236"}],"wp:term":[{"taxonomy":"category","embeddable":true,"href":"https:\/\/hotnewsinworld.com\/pt\/wp-json\/wp\/v2\/categories?post=3236"},{"taxonomy":"post_tag","embeddable":true,"href":"https:\/\/hotnewsinworld.com\/pt\/wp-json\/wp\/v2\/tags?post=3236"}],"curies":[{"name":"wp","href":"https:\/\/api.w.org\/{rel}","templated":true}]}}