{"id":3278,"date":"2021-03-17T17:48:13","date_gmt":"2021-03-17T14:48:13","guid":{"rendered":"https:\/\/hotnewsinworld.com\/pt\/grupo-frances-aposta-nos-vinhos-verdes-com-quinta-historica-em-moncao\/"},"modified":"2021-03-17T17:48:27","modified_gmt":"2021-03-17T14:48:27","slug":"grupo-frances-aposta-nos-vinhos-verdes-com-quinta-historica-em-moncao","status":"publish","type":"post","link":"https:\/\/hotnewsinworld.com\/pt\/grupo-frances-aposta-nos-vinhos-verdes-com-quinta-historica-em-moncao\/","title":{"rendered":"Grupo franc\u00eas aposta nos\u00a0vinhos verdes\u00a0com quinta hist\u00f3rica em Mon\u00e7\u00e3o"},"content":{"rendered":"<p>JN\/Ag\u00eanciasHoje\u00a0\u00e0s\u00a013:52O grupo franc\u00eas Roullier entrou na regi\u00e3o dos vinhos verdes ao adquirir a Quinta do Hospital, em Mon\u00e7\u00e3o, com uma \u00e1rea total de 25 hectares, 10 dos quais exclusivamente dedicados \u00e0 casta Alvarinho.Em comunicado, o grupo explicou que a compra daquela propriedade situada no distrito de Viana do Castelo, atrav\u00e9s da filial de vinhos em Portugal &#8211; a Falua, visa refor\u00e7ar a sua presen\u00e7a grupo na produ\u00e7\u00e3o de vinhos verdes.&#8221;Este investimento destina-se n\u00e3o s\u00f3 a recuperar um importante legado hist\u00f3rico da regi\u00e3o, uma vez que estamos perante uma propriedade cuja constru\u00e7\u00e3o nos remete para os primeiros tempos da nacionalidade portuguesa, mas tamb\u00e9m a refor\u00e7ar o papel do vinho verde enquanto agente de afirma\u00e7\u00e3o do territ\u00f3rio&#8221;&#8221;, afirma a administra\u00e7\u00e3o da Falua.&#8221;A sub-Regi\u00e3o de Mon\u00e7\u00e3o e Melga\u00e7o, conhecida como o ber\u00e7o da casta Alvarinho e associada \u00e0 produ\u00e7\u00e3o de vinhos brancos de qualidade superior, reflete bem o objetivo da Falua em fazer crescer, com prest\u00edgio, o neg\u00f3cio de vinhos em Portugal&#8221;.A Quinta do Hospital \u00e9 composta por uma propriedade totalmente murada com uma casa senhorial, incluindo o Solar do Hospital, que remonta ao s\u00e9culo XII.Segundo a nota, &#8220;D. Teresa ter\u00e1 doado as terras \u00e0 Ordem Hospital\u00e1ria de S\u00e3o Jo\u00e3o de Jerusal\u00e9m ou Ordem do Hospital, para que os Hospital\u00e1rios se instalassem no Condado Portucalense&#8221;.&#8221;Na Idade M\u00e9dia, os hospitais eram espa\u00e7os criados dentro do esp\u00edrito crist\u00e3o de aux\u00edlio ao pr\u00f3ximo, destinados a acolher e dar hospitalidade a viajantes e peregrinos, o que contribuiu para que a Quinta se transformasse num local de apoio hospitalar\/hospitaleiro aos peregrinos que se dirigiam para Santiago de Compostela, na Galiza&#8221;, adianta.Para a administra\u00e7\u00e3o da Falua, &#8220;essa hospitalidade \u00e9 uma caracter\u00edstica do Minho, onde o vinho verde faz parte da Hist\u00f3ria enquanto produto de refer\u00eancia alimentar e cultural&#8221;.Com uma fachada brasonada do s\u00e9culo XVI, a Quinta do Hospital localiza-se na freguesia de Ceiv\u00e3es, concelho de Mon\u00e7\u00e3o, dominando a estrada nacional no extremo nascente da localidade de Valinha, num dos maiores e mais impactantes vales do Minho, afirmando a estrat\u00e9gia de expans\u00e3o da Falua a outras Regi\u00f5es Demarcadas.Detida pelo Grupo Roullier, a Falua conta com 25 anos de atividade no sector. O investimento na Quinta do Hospital, em Mon\u00e7\u00e3o, &#8220;cumpre o objetivo de potenciar todas as atividades do grupo franc\u00eas em Portugal, em particular na atividade da Falua nas \u00e1reas de viticultura e enologia&#8221;.A sub-regi\u00e3o de Mon\u00e7\u00e3o e Melga\u00e7o tem uma \u00e1rea total de 45 mil hectares, 1.730 dos quais cultivados com vinha, sendo que a casta Alvarinho ocupa cerca de 1.340 hectares.A sub-regi\u00e3o tem no mercado 253 marcas de verde, produzidas por 2.085 viticultores e 67 engarrafadores.Segundo dados de junho de 2020 da Comiss\u00e3o de Viticultura da Regi\u00e3o dos Vinhos Verdes (CVRVV), as vendas de vinho de Mon\u00e7\u00e3o e Melga\u00e7o &#8220;aumentaram 30%&#8221; desde que, em 2015, foi assinada a portaria que alarga o \u00e2mbito da utiliza\u00e7\u00e3o da designa\u00e7\u00e3o Alvarinho a toda rotulagem da Regi\u00e3o dos Vinhos Verdes (RVV).<br \/>\n<br \/>\n<!--noindex--><br \/>\n<a href=\"http:\/\/feeds.jn.pt\/~r\/JN-ECONOMIA\/~3\/F6yMyPlfG-w\/grupo-frances-aposta-nos-vinhos-verdes-com-quinta-historica-em-moncao-13468143.html\" rel=\"nofollow\">Source link <\/a><br \/>\n<!--\/noindex--><\/p>\n","protected":false},"excerpt":{"rendered":"<p>JN\/Ag\u00eanciasHoje\u00a0\u00e0s\u00a013:52O grupo franc\u00eas Roullier entrou na regi\u00e3o dos vinhos verdes ao adquirir a Quinta do Hospital, em Mon\u00e7\u00e3o, com uma \u00e1rea total de 25 hectares, 10 dos quais exclusivamente dedicados \u00e0 casta Alvarinho.Em comunicado, o grupo explicou que a compra daquela propriedade situada no distrito de Viana do Castelo, atrav\u00e9s da filial de vinhos em [&hellip;]<\/p>\n","protected":false},"author":2,"featured_media":3279,"comment_status":"open","ping_status":"open","sticky":false,"template":"","format":"standard","meta":{"footnotes":""},"categories":[1],"tags":[],"class_list":["post-3278","post","type-post","status-publish","format-standard","has-post-thumbnail","hentry","category-ultimas-noticias-financeiras"],"yoast_head":"<!-- This site is optimized with the Yoast SEO plugin v27.4 - https:\/\/yoast.com\/product\/yoast-seo-wordpress\/ -->\n<title>Grupo franc\u00eas aposta nos\u00a0vinhos verdes\u00a0com quinta hist\u00f3rica em Mon\u00e7\u00e3o - Hot News in World<\/title>\n<meta name=\"robots\" content=\"index, follow, max-snippet:-1, max-image-preview:large, max-video-preview:-1\" \/>\n<link rel=\"canonical\" href=\"https:\/\/hotnewsinworld.com\/pt\/grupo-frances-aposta-nos-vinhos-verdes-com-quinta-historica-em-moncao\/\" \/>\n<meta property=\"og:locale\" content=\"pt_PT\" \/>\n<meta property=\"og:type\" content=\"article\" \/>\n<meta property=\"og:title\" content=\"Grupo franc\u00eas aposta nos\u00a0vinhos verdes\u00a0com quinta hist\u00f3rica em Mon\u00e7\u00e3o - Hot News in World\" \/>\n<meta property=\"og:description\" content=\"JN\/Ag\u00eanciasHoje\u00a0\u00e0s\u00a013:52O grupo franc\u00eas Roullier entrou na regi\u00e3o dos vinhos verdes ao adquirir a Quinta do Hospital, em Mon\u00e7\u00e3o, com uma \u00e1rea total de 25 hectares, 10 dos quais exclusivamente dedicados \u00e0 casta Alvarinho.Em comunicado, o grupo explicou que a compra daquela propriedade situada no distrito de Viana do Castelo, atrav\u00e9s da filial de vinhos em [&hellip;]\" \/>\n<meta property=\"og:url\" content=\"https:\/\/hotnewsinworld.com\/pt\/grupo-frances-aposta-nos-vinhos-verdes-com-quinta-historica-em-moncao\/\" \/>\n<meta property=\"og:site_name\" content=\"Hot News in World\" \/>\n<meta property=\"article:published_time\" content=\"2021-03-17T14:48:13+00:00\" \/>\n<meta property=\"article:modified_time\" content=\"2021-03-17T14:48:27+00:00\" \/>\n<meta property=\"og:image\" content=\"https:\/\/hotnewsinworld.com\/pt\/wp-content\/uploads\/sites\/2\/2021\/03\/Grupo-frances-aposta-nos-vinhos-verdes-com-quinta-historica-em-Moncao.jpg\" \/>\n\t<meta property=\"og:image:width\" content=\"799\" \/>\n\t<meta property=\"og:image:height\" content=\"420\" \/>\n\t<meta property=\"og:image:type\" content=\"image\/jpeg\" \/>\n<meta name=\"author\" content=\"hotnewsinworld\" \/>\n<meta name=\"twitter:card\" content=\"summary_large_image\" \/>\n<meta name=\"twitter:label1\" content=\"Escrito por\" \/>\n\t<meta name=\"twitter:data1\" content=\"hotnewsinworld\" \/>\n\t<meta name=\"twitter:label2\" content=\"Tempo estimado de leitura\" \/>\n\t<meta name=\"twitter:data2\" content=\"3 minutos\" \/>\n<script type=\"application\/ld+json\" class=\"yoast-schema-graph\">{\"@context\":\"https:\\\/\\\/schema.org\",\"@graph\":[{\"@type\":\"Article\",\"@id\":\"https:\\\/\\\/hotnewsinworld.com\\\/pt\\\/grupo-frances-aposta-nos-vinhos-verdes-com-quinta-historica-em-moncao\\\/#article\",\"isPartOf\":{\"@id\":\"https:\\\/\\\/hotnewsinworld.com\\\/pt\\\/grupo-frances-aposta-nos-vinhos-verdes-com-quinta-historica-em-moncao\\\/\"},\"author\":{\"name\":\"hotnewsinworld\",\"@id\":\"https:\\\/\\\/hotnewsinworld.com\\\/pt\\\/#\\\/schema\\\/person\\\/fe61448b21c0d59086e75fcc1f9d8f6b\"},\"headline\":\"Grupo franc\u00eas aposta nos\u00a0vinhos verdes\u00a0com quinta hist\u00f3rica em Mon\u00e7\u00e3o\",\"datePublished\":\"2021-03-17T14:48:13+00:00\",\"dateModified\":\"2021-03-17T14:48:27+00:00\",\"mainEntityOfPage\":{\"@id\":\"https:\\\/\\\/hotnewsinworld.com\\\/pt\\\/grupo-frances-aposta-nos-vinhos-verdes-com-quinta-historica-em-moncao\\\/\"},\"wordCount\":553,\"commentCount\":0,\"image\":{\"@id\":\"https:\\\/\\\/hotnewsinworld.com\\\/pt\\\/grupo-frances-aposta-nos-vinhos-verdes-com-quinta-historica-em-moncao\\\/#primaryimage\"},\"thumbnailUrl\":\"https:\\\/\\\/hotnewsinworld.com\\\/pt\\\/wp-content\\\/uploads\\\/sites\\\/2\\\/2021\\\/03\\\/Grupo-frances-aposta-nos-vinhos-verdes-com-quinta-historica-em-Moncao.jpg\",\"articleSection\":[\"\u00daLTIMAS NOT\u00cdCIAS FINANCEIRAS\"],\"inLanguage\":\"pt-PT\",\"potentialAction\":[{\"@type\":\"CommentAction\",\"name\":\"Comment\",\"target\":[\"https:\\\/\\\/hotnewsinworld.com\\\/pt\\\/grupo-frances-aposta-nos-vinhos-verdes-com-quinta-historica-em-moncao\\\/#respond\"]}]},{\"@type\":\"WebPage\",\"@id\":\"https:\\\/\\\/hotnewsinworld.com\\\/pt\\\/grupo-frances-aposta-nos-vinhos-verdes-com-quinta-historica-em-moncao\\\/\",\"url\":\"https:\\\/\\\/hotnewsinworld.com\\\/pt\\\/grupo-frances-aposta-nos-vinhos-verdes-com-quinta-historica-em-moncao\\\/\",\"name\":\"Grupo franc\u00eas aposta nos\u00a0vinhos verdes\u00a0com quinta hist\u00f3rica em Mon\u00e7\u00e3o - Hot News in World\",\"isPartOf\":{\"@id\":\"https:\\\/\\\/hotnewsinworld.com\\\/pt\\\/#website\"},\"primaryImageOfPage\":{\"@id\":\"https:\\\/\\\/hotnewsinworld.com\\\/pt\\\/grupo-frances-aposta-nos-vinhos-verdes-com-quinta-historica-em-moncao\\\/#primaryimage\"},\"image\":{\"@id\":\"https:\\\/\\\/hotnewsinworld.com\\\/pt\\\/grupo-frances-aposta-nos-vinhos-verdes-com-quinta-historica-em-moncao\\\/#primaryimage\"},\"thumbnailUrl\":\"https:\\\/\\\/hotnewsinworld.com\\\/pt\\\/wp-content\\\/uploads\\\/sites\\\/2\\\/2021\\\/03\\\/Grupo-frances-aposta-nos-vinhos-verdes-com-quinta-historica-em-Moncao.jpg\",\"datePublished\":\"2021-03-17T14:48:13+00:00\",\"dateModified\":\"2021-03-17T14:48:27+00:00\",\"author\":{\"@id\":\"https:\\\/\\\/hotnewsinworld.com\\\/pt\\\/#\\\/schema\\\/person\\\/fe61448b21c0d59086e75fcc1f9d8f6b\"},\"breadcrumb\":{\"@id\":\"https:\\\/\\\/hotnewsinworld.com\\\/pt\\\/grupo-frances-aposta-nos-vinhos-verdes-com-quinta-historica-em-moncao\\\/#breadcrumb\"},\"inLanguage\":\"pt-PT\",\"potentialAction\":[{\"@type\":\"ReadAction\",\"target\":[\"https:\\\/\\\/hotnewsinworld.com\\\/pt\\\/grupo-frances-aposta-nos-vinhos-verdes-com-quinta-historica-em-moncao\\\/\"]}]},{\"@type\":\"ImageObject\",\"inLanguage\":\"pt-PT\",\"@id\":\"https:\\\/\\\/hotnewsinworld.com\\\/pt\\\/grupo-frances-aposta-nos-vinhos-verdes-com-quinta-historica-em-moncao\\\/#primaryimage\",\"url\":\"https:\\\/\\\/hotnewsinworld.com\\\/pt\\\/wp-content\\\/uploads\\\/sites\\\/2\\\/2021\\\/03\\\/Grupo-frances-aposta-nos-vinhos-verdes-com-quinta-historica-em-Moncao.jpg\",\"contentUrl\":\"https:\\\/\\\/hotnewsinworld.com\\\/pt\\\/wp-content\\\/uploads\\\/sites\\\/2\\\/2021\\\/03\\\/Grupo-frances-aposta-nos-vinhos-verdes-com-quinta-historica-em-Moncao.jpg\",\"width\":799,\"height\":420,\"caption\":\"Grupo franc\u00eas aposta nos\u00a0vinhos verdes\u00a0com quinta hist\u00f3rica em Mon\u00e7\u00e3o\"},{\"@type\":\"BreadcrumbList\",\"@id\":\"https:\\\/\\\/hotnewsinworld.com\\\/pt\\\/grupo-frances-aposta-nos-vinhos-verdes-com-quinta-historica-em-moncao\\\/#breadcrumb\",\"itemListElement\":[{\"@type\":\"ListItem\",\"position\":1,\"name\":\"\u0413\u043b\u0430\u0432\u043d\u0430\u044f \u0441\u0442\u0440\u0430\u043d\u0438\u0446\u0430\",\"item\":\"https:\\\/\\\/hotnewsinworld.com\\\/pt\\\/\"},{\"@type\":\"ListItem\",\"position\":2,\"name\":\"Grupo franc\u00eas aposta nos\u00a0vinhos verdes\u00a0com quinta hist\u00f3rica em Mon\u00e7\u00e3o\"}]},{\"@type\":\"WebSite\",\"@id\":\"https:\\\/\\\/hotnewsinworld.com\\\/pt\\\/#website\",\"url\":\"https:\\\/\\\/hotnewsinworld.com\\\/pt\\\/\",\"name\":\"Hot News in World\",\"description\":\"Hot News in World Portugal\",\"potentialAction\":[{\"@type\":\"SearchAction\",\"target\":{\"@type\":\"EntryPoint\",\"urlTemplate\":\"https:\\\/\\\/hotnewsinworld.com\\\/pt\\\/?s={search_term_string}\"},\"query-input\":{\"@type\":\"PropertyValueSpecification\",\"valueRequired\":true,\"valueName\":\"search_term_string\"}}],\"inLanguage\":\"pt-PT\"},{\"@type\":\"Person\",\"@id\":\"https:\\\/\\\/hotnewsinworld.com\\\/pt\\\/#\\\/schema\\\/person\\\/fe61448b21c0d59086e75fcc1f9d8f6b\",\"name\":\"hotnewsinworld\",\"image\":{\"@type\":\"ImageObject\",\"inLanguage\":\"pt-PT\",\"@id\":\"https:\\\/\\\/secure.gravatar.com\\\/avatar\\\/8a09ac165600ce2e1c38fe593c63928eb1e6e7ba5c5a907d67787c41b3d00c14?s=96&d=mm&r=g\",\"url\":\"https:\\\/\\\/secure.gravatar.com\\\/avatar\\\/8a09ac165600ce2e1c38fe593c63928eb1e6e7ba5c5a907d67787c41b3d00c14?s=96&d=mm&r=g\",\"contentUrl\":\"https:\\\/\\\/secure.gravatar.com\\\/avatar\\\/8a09ac165600ce2e1c38fe593c63928eb1e6e7ba5c5a907d67787c41b3d00c14?s=96&d=mm&r=g\",\"caption\":\"hotnewsinworld\"},\"url\":\"https:\\\/\\\/hotnewsinworld.com\\\/pt\\\/author\\\/pt\\\/\"}]}<\/script>\n<!-- \/ Yoast SEO plugin. -->","yoast_head_json":{"title":"Grupo franc\u00eas aposta nos\u00a0vinhos verdes\u00a0com quinta hist\u00f3rica em Mon\u00e7\u00e3o - Hot News in World","robots":{"index":"index","follow":"follow","max-snippet":"max-snippet:-1","max-image-preview":"max-image-preview:large","max-video-preview":"max-video-preview:-1"},"canonical":"https:\/\/hotnewsinworld.com\/pt\/grupo-frances-aposta-nos-vinhos-verdes-com-quinta-historica-em-moncao\/","og_locale":"pt_PT","og_type":"article","og_title":"Grupo franc\u00eas aposta nos\u00a0vinhos verdes\u00a0com quinta hist\u00f3rica em Mon\u00e7\u00e3o - Hot News in World","og_description":"JN\/Ag\u00eanciasHoje\u00a0\u00e0s\u00a013:52O grupo franc\u00eas Roullier entrou na regi\u00e3o dos vinhos verdes ao adquirir a Quinta do Hospital, em Mon\u00e7\u00e3o, com uma \u00e1rea total de 25 hectares, 10 dos quais exclusivamente dedicados \u00e0 casta Alvarinho.Em comunicado, o grupo explicou que a compra daquela propriedade situada no distrito de Viana do Castelo, atrav\u00e9s da filial de vinhos em [&hellip;]","og_url":"https:\/\/hotnewsinworld.com\/pt\/grupo-frances-aposta-nos-vinhos-verdes-com-quinta-historica-em-moncao\/","og_site_name":"Hot News in World","article_published_time":"2021-03-17T14:48:13+00:00","article_modified_time":"2021-03-17T14:48:27+00:00","og_image":[{"width":799,"height":420,"url":"https:\/\/hotnewsinworld.com\/pt\/wp-content\/uploads\/sites\/2\/2021\/03\/Grupo-frances-aposta-nos-vinhos-verdes-com-quinta-historica-em-Moncao.jpg","type":"image\/jpeg"}],"author":"hotnewsinworld","twitter_card":"summary_large_image","twitter_misc":{"Escrito por":"hotnewsinworld","Tempo estimado de leitura":"3 minutos"},"schema":{"@context":"https:\/\/schema.org","@graph":[{"@type":"Article","@id":"https:\/\/hotnewsinworld.com\/pt\/grupo-frances-aposta-nos-vinhos-verdes-com-quinta-historica-em-moncao\/#article","isPartOf":{"@id":"https:\/\/hotnewsinworld.com\/pt\/grupo-frances-aposta-nos-vinhos-verdes-com-quinta-historica-em-moncao\/"},"author":{"name":"hotnewsinworld","@id":"https:\/\/hotnewsinworld.com\/pt\/#\/schema\/person\/fe61448b21c0d59086e75fcc1f9d8f6b"},"headline":"Grupo franc\u00eas aposta nos\u00a0vinhos verdes\u00a0com quinta hist\u00f3rica em Mon\u00e7\u00e3o","datePublished":"2021-03-17T14:48:13+00:00","dateModified":"2021-03-17T14:48:27+00:00","mainEntityOfPage":{"@id":"https:\/\/hotnewsinworld.com\/pt\/grupo-frances-aposta-nos-vinhos-verdes-com-quinta-historica-em-moncao\/"},"wordCount":553,"commentCount":0,"image":{"@id":"https:\/\/hotnewsinworld.com\/pt\/grupo-frances-aposta-nos-vinhos-verdes-com-quinta-historica-em-moncao\/#primaryimage"},"thumbnailUrl":"https:\/\/hotnewsinworld.com\/pt\/wp-content\/uploads\/sites\/2\/2021\/03\/Grupo-frances-aposta-nos-vinhos-verdes-com-quinta-historica-em-Moncao.jpg","articleSection":["\u00daLTIMAS NOT\u00cdCIAS FINANCEIRAS"],"inLanguage":"pt-PT","potentialAction":[{"@type":"CommentAction","name":"Comment","target":["https:\/\/hotnewsinworld.com\/pt\/grupo-frances-aposta-nos-vinhos-verdes-com-quinta-historica-em-moncao\/#respond"]}]},{"@type":"WebPage","@id":"https:\/\/hotnewsinworld.com\/pt\/grupo-frances-aposta-nos-vinhos-verdes-com-quinta-historica-em-moncao\/","url":"https:\/\/hotnewsinworld.com\/pt\/grupo-frances-aposta-nos-vinhos-verdes-com-quinta-historica-em-moncao\/","name":"Grupo franc\u00eas aposta nos\u00a0vinhos verdes\u00a0com quinta hist\u00f3rica em Mon\u00e7\u00e3o - Hot News in World","isPartOf":{"@id":"https:\/\/hotnewsinworld.com\/pt\/#website"},"primaryImageOfPage":{"@id":"https:\/\/hotnewsinworld.com\/pt\/grupo-frances-aposta-nos-vinhos-verdes-com-quinta-historica-em-moncao\/#primaryimage"},"image":{"@id":"https:\/\/hotnewsinworld.com\/pt\/grupo-frances-aposta-nos-vinhos-verdes-com-quinta-historica-em-moncao\/#primaryimage"},"thumbnailUrl":"https:\/\/hotnewsinworld.com\/pt\/wp-content\/uploads\/sites\/2\/2021\/03\/Grupo-frances-aposta-nos-vinhos-verdes-com-quinta-historica-em-Moncao.jpg","datePublished":"2021-03-17T14:48:13+00:00","dateModified":"2021-03-17T14:48:27+00:00","author":{"@id":"https:\/\/hotnewsinworld.com\/pt\/#\/schema\/person\/fe61448b21c0d59086e75fcc1f9d8f6b"},"breadcrumb":{"@id":"https:\/\/hotnewsinworld.com\/pt\/grupo-frances-aposta-nos-vinhos-verdes-com-quinta-historica-em-moncao\/#breadcrumb"},"inLanguage":"pt-PT","potentialAction":[{"@type":"ReadAction","target":["https:\/\/hotnewsinworld.com\/pt\/grupo-frances-aposta-nos-vinhos-verdes-com-quinta-historica-em-moncao\/"]}]},{"@type":"ImageObject","inLanguage":"pt-PT","@id":"https:\/\/hotnewsinworld.com\/pt\/grupo-frances-aposta-nos-vinhos-verdes-com-quinta-historica-em-moncao\/#primaryimage","url":"https:\/\/hotnewsinworld.com\/pt\/wp-content\/uploads\/sites\/2\/2021\/03\/Grupo-frances-aposta-nos-vinhos-verdes-com-quinta-historica-em-Moncao.jpg","contentUrl":"https:\/\/hotnewsinworld.com\/pt\/wp-content\/uploads\/sites\/2\/2021\/03\/Grupo-frances-aposta-nos-vinhos-verdes-com-quinta-historica-em-Moncao.jpg","width":799,"height":420,"caption":"Grupo franc\u00eas aposta nos\u00a0vinhos verdes\u00a0com quinta hist\u00f3rica em Mon\u00e7\u00e3o"},{"@type":"BreadcrumbList","@id":"https:\/\/hotnewsinworld.com\/pt\/grupo-frances-aposta-nos-vinhos-verdes-com-quinta-historica-em-moncao\/#breadcrumb","itemListElement":[{"@type":"ListItem","position":1,"name":"\u0413\u043b\u0430\u0432\u043d\u0430\u044f \u0441\u0442\u0440\u0430\u043d\u0438\u0446\u0430","item":"https:\/\/hotnewsinworld.com\/pt\/"},{"@type":"ListItem","position":2,"name":"Grupo franc\u00eas aposta nos\u00a0vinhos verdes\u00a0com quinta hist\u00f3rica em Mon\u00e7\u00e3o"}]},{"@type":"WebSite","@id":"https:\/\/hotnewsinworld.com\/pt\/#website","url":"https:\/\/hotnewsinworld.com\/pt\/","name":"Hot News in World","description":"Hot News in World Portugal","potentialAction":[{"@type":"SearchAction","target":{"@type":"EntryPoint","urlTemplate":"https:\/\/hotnewsinworld.com\/pt\/?s={search_term_string}"},"query-input":{"@type":"PropertyValueSpecification","valueRequired":true,"valueName":"search_term_string"}}],"inLanguage":"pt-PT"},{"@type":"Person","@id":"https:\/\/hotnewsinworld.com\/pt\/#\/schema\/person\/fe61448b21c0d59086e75fcc1f9d8f6b","name":"hotnewsinworld","image":{"@type":"ImageObject","inLanguage":"pt-PT","@id":"https:\/\/secure.gravatar.com\/avatar\/8a09ac165600ce2e1c38fe593c63928eb1e6e7ba5c5a907d67787c41b3d00c14?s=96&d=mm&r=g","url":"https:\/\/secure.gravatar.com\/avatar\/8a09ac165600ce2e1c38fe593c63928eb1e6e7ba5c5a907d67787c41b3d00c14?s=96&d=mm&r=g","contentUrl":"https:\/\/secure.gravatar.com\/avatar\/8a09ac165600ce2e1c38fe593c63928eb1e6e7ba5c5a907d67787c41b3d00c14?s=96&d=mm&r=g","caption":"hotnewsinworld"},"url":"https:\/\/hotnewsinworld.com\/pt\/author\/pt\/"}]}},"_links":{"self":[{"href":"https:\/\/hotnewsinworld.com\/pt\/wp-json\/wp\/v2\/posts\/3278","targetHints":{"allow":["GET"]}}],"collection":[{"href":"https:\/\/hotnewsinworld.com\/pt\/wp-json\/wp\/v2\/posts"}],"about":[{"href":"https:\/\/hotnewsinworld.com\/pt\/wp-json\/wp\/v2\/types\/post"}],"author":[{"embeddable":true,"href":"https:\/\/hotnewsinworld.com\/pt\/wp-json\/wp\/v2\/users\/2"}],"replies":[{"embeddable":true,"href":"https:\/\/hotnewsinworld.com\/pt\/wp-json\/wp\/v2\/comments?post=3278"}],"version-history":[{"count":1,"href":"https:\/\/hotnewsinworld.com\/pt\/wp-json\/wp\/v2\/posts\/3278\/revisions"}],"predecessor-version":[{"id":3280,"href":"https:\/\/hotnewsinworld.com\/pt\/wp-json\/wp\/v2\/posts\/3278\/revisions\/3280"}],"wp:featuredmedia":[{"embeddable":true,"href":"https:\/\/hotnewsinworld.com\/pt\/wp-json\/wp\/v2\/media\/3279"}],"wp:attachment":[{"href":"https:\/\/hotnewsinworld.com\/pt\/wp-json\/wp\/v2\/media?parent=3278"}],"wp:term":[{"taxonomy":"category","embeddable":true,"href":"https:\/\/hotnewsinworld.com\/pt\/wp-json\/wp\/v2\/categories?post=3278"},{"taxonomy":"post_tag","embeddable":true,"href":"https:\/\/hotnewsinworld.com\/pt\/wp-json\/wp\/v2\/tags?post=3278"}],"curies":[{"name":"wp","href":"https:\/\/api.w.org\/{rel}","templated":true}]}}