{"id":3302,"date":"2021-03-21T06:13:05","date_gmt":"2021-03-21T03:13:05","guid":{"rendered":"https:\/\/hotnewsinworld.com\/pt\/aprovado-modelo-de-governacao-do-plano-de-recuperacao-e-resiliencia\/"},"modified":"2021-03-21T06:13:07","modified_gmt":"2021-03-21T03:13:07","slug":"aprovado-modelo-de-governacao-do-plano-de-recuperacao-e-resiliencia","status":"publish","type":"post","link":"https:\/\/hotnewsinworld.com\/pt\/aprovado-modelo-de-governacao-do-plano-de-recuperacao-e-resiliencia\/","title":{"rendered":"Aprovado modelo de governa\u00e7\u00e3o do Plano de Recupera\u00e7\u00e3o e Resili\u00eancia"},"content":{"rendered":"<p>JN\/Ag\u00eancias18\u00a0Mar\u00e7o\u00a02021\u00a0\u00e0s\u00a017:52O Conselho de Ministros aprovou esta quinta-feira o decreto-lei que define o modelo de governa\u00e7\u00e3o do Plano de Recupera\u00e7\u00e3o e Resili\u00eancia (PRR), definindo princ\u00edpios orientadores para a gest\u00e3o deste instrumento, foi anunciado.&#8221;O Conselho de Ministros aprovou o decreto-lei que definiu o modelo de governa\u00e7\u00e3o do Plano de Recupera\u00e7\u00e3o e Resili\u00eancia&#8221;, anunciou o ministro do Planeamento, em Lisboa.Nelson de Souza, que falava em confer\u00eancia de imprensa ap\u00f3s o Conselho de Ministros, precisou que o diploma define, em primeiro lugar, os princ\u00edpios &#8220;que v\u00e3o nortear a gest\u00e3o deste importante instrumento de recupera\u00e7\u00e3o e resili\u00eancia&#8221;.Segundo o governante, estes princ\u00edpios assentam, desde logo, na implementa\u00e7\u00e3o &#8220;de um processo de descentraliza\u00e7\u00e3o da sua execu\u00e7\u00e3o&#8221;.Contudo, o objetivo ser\u00e1 dar resposta aos requisitos e condicionalismos impostos pela regulamenta\u00e7\u00e3o comunit\u00e1ria, assumindo &#8220;metas e marcos&#8221; a cada investimento, projeto ou reforma.&#8221;Um princ\u00edpio que resulta dessa regulamenta\u00e7\u00e3o comunit\u00e1ria \u00e9 o da orienta\u00e7\u00e3o para resultados. Desde logo, temos uma rela\u00e7\u00e3o contratualizada com a pr\u00f3pria Uni\u00e3o Europeia com base e metas e marcos, que vamos ter de assumir em cada investimento, projeto e reforma&#8221;, sublinhou o governante.Situa\u00e7\u00e3o que vai decorrer tamb\u00e9m &#8220;no plano interno&#8221;, com contratos estabelecidos com cada um dos executores e benefici\u00e1rios dos fundos do PRR.Entre os princ\u00edpios estabelecidos pelo diploma est\u00e1 o da transpar\u00eancia e presta\u00e7\u00e3o de contas, &#8220;que determinar\u00e1 o processo de boas pr\u00e1ticas de informa\u00e7\u00e3o&#8221;, atrav\u00e9s da cria\u00e7\u00e3o do Portal da Transpar\u00eancia, que vai incluir informa\u00e7\u00f5es &#8220;sobre o ciclo de vida dos projetos e a sua rela\u00e7\u00e3o com o PRR, desde a aprova\u00e7\u00e3o at\u00e9 \u00e0 sua conclus\u00e3o&#8221;.Por sua vez, o princ\u00edpio da segrega\u00e7\u00e3o de fun\u00e7\u00f5es e do m\u00e9todo de preven\u00e7\u00e3o de conflitos de interesse vai levar \u00e0 &#8220;separa\u00e7\u00e3o rigorosa&#8221; de fun\u00e7\u00f5es de gest\u00e3o de pagamento e de auditoria e controlo.O titular da pasta do Planeamento explicou que foram definidos quatro n\u00edveis de governa\u00e7\u00e3o, sendo que o primeiro envolve a coordena\u00e7\u00e3o pol\u00edtica e estrat\u00e9gica, que \u00e9 assegurado por uma comiss\u00e3o interministerial, que, por sua vez, \u00e9 presidida pelo primeiro-ministro, Ant\u00f3nio Costa, e composta pelos ministros &#8220;que mais diretamente interv\u00eam&#8221; na execu\u00e7\u00e3o do programa.Segue-se outro n\u00edvel de acompanhamento, que \u00e9 composto por &#8220;representantes muito variados de diversos setores interessados na execu\u00e7\u00e3o&#8221; do PRR, o que inclui representantes de organiza\u00e7\u00f5es, mas tamb\u00e9m 10 personalidades cujo m\u00e9rito \u00e9 reconhecido pela sociedade.&#8221;Uma dessas personalidades ser\u00e1 designada presidente desta comiss\u00e3o&#8221;, disse Nelson de Souza, sem avan\u00e7ar mais detalhes.A terceira dimens\u00e3o est\u00e1 ligada \u00e0 operacionaliza\u00e7\u00e3o e coordena\u00e7\u00e3o t\u00e9cnica, assegurada pela estrutura t\u00e9cnica de miss\u00e3o Recuperar Portugal, que tamb\u00e9m foi hoje aprovada em Conselho de Ministros.&#8221;Finalmente, foi criado aquele que \u00e9 o n\u00facleo, uma comiss\u00e3o que acompanhar\u00e1 os aspetos da auditoria e controlo do PRR&#8221;, acrescentou o ministro do Planeamento, notando que esta vai integrar &#8220;elementos de diversas proveni\u00eancias&#8221;.Paralelamente, ficaram definidos os fluxos financeiros e um &#8220;modelo rigoroso&#8221; de contratualiza\u00e7\u00e3o dos financiamentos do PRR com os benefici\u00e1rios.O PRR tem um per\u00edodo de execu\u00e7\u00e3o at\u00e9 2026 e prev\u00ea um conjunto de reformas e investimentos para alavancar o crescimento econ\u00f3mico.<br \/>\n<br \/>\n<!--noindex--><br \/>\n<a href=\"http:\/\/feeds.jn.pt\/~r\/JN-ECONOMIA\/~3\/I8JfhbWU4m0\/aprovado-modelo-de-governacao-do-plano-de-recuperacao-e-resiliencia-13474084.html\" rel=\"nofollow\">Source link <\/a><br \/>\n<!--\/noindex--><\/p>\n","protected":false},"excerpt":{"rendered":"<p>JN\/Ag\u00eancias18\u00a0Mar\u00e7o\u00a02021\u00a0\u00e0s\u00a017:52O Conselho de Ministros aprovou esta quinta-feira o decreto-lei que define o modelo de governa\u00e7\u00e3o do Plano de Recupera\u00e7\u00e3o e Resili\u00eancia (PRR), definindo princ\u00edpios orientadores para a gest\u00e3o deste instrumento, foi anunciado.&#8221;O Conselho de Ministros aprovou o decreto-lei que definiu o modelo de governa\u00e7\u00e3o do Plano de Recupera\u00e7\u00e3o e Resili\u00eancia&#8221;, anunciou o ministro do Planeamento, [&hellip;]<\/p>\n","protected":false},"author":2,"featured_media":3303,"comment_status":"open","ping_status":"open","sticky":false,"template":"","format":"standard","meta":{"footnotes":""},"categories":[1],"tags":[],"class_list":["post-3302","post","type-post","status-publish","format-standard","has-post-thumbnail","hentry","category-ultimas-noticias-financeiras"],"yoast_head":"<!-- This site is optimized with the Yoast SEO plugin v27.4 - https:\/\/yoast.com\/product\/yoast-seo-wordpress\/ -->\n<title>Aprovado modelo de governa\u00e7\u00e3o do Plano de Recupera\u00e7\u00e3o e Resili\u00eancia - Hot News in World<\/title>\n<meta name=\"robots\" content=\"index, follow, max-snippet:-1, max-image-preview:large, max-video-preview:-1\" \/>\n<link rel=\"canonical\" href=\"https:\/\/hotnewsinworld.com\/pt\/aprovado-modelo-de-governacao-do-plano-de-recuperacao-e-resiliencia\/\" \/>\n<meta property=\"og:locale\" content=\"pt_PT\" \/>\n<meta property=\"og:type\" content=\"article\" \/>\n<meta property=\"og:title\" content=\"Aprovado modelo de governa\u00e7\u00e3o do Plano de Recupera\u00e7\u00e3o e Resili\u00eancia - Hot News in World\" \/>\n<meta property=\"og:description\" content=\"JN\/Ag\u00eancias18\u00a0Mar\u00e7o\u00a02021\u00a0\u00e0s\u00a017:52O Conselho de Ministros aprovou esta quinta-feira o decreto-lei que define o modelo de governa\u00e7\u00e3o do Plano de Recupera\u00e7\u00e3o e Resili\u00eancia (PRR), definindo princ\u00edpios orientadores para a gest\u00e3o deste instrumento, foi anunciado.&#8221;O Conselho de Ministros aprovou o decreto-lei que definiu o modelo de governa\u00e7\u00e3o do Plano de Recupera\u00e7\u00e3o e Resili\u00eancia&#8221;, anunciou o ministro do Planeamento, [&hellip;]\" \/>\n<meta property=\"og:url\" content=\"https:\/\/hotnewsinworld.com\/pt\/aprovado-modelo-de-governacao-do-plano-de-recuperacao-e-resiliencia\/\" \/>\n<meta property=\"og:site_name\" content=\"Hot News in World\" \/>\n<meta property=\"article:published_time\" content=\"2021-03-21T03:13:05+00:00\" \/>\n<meta property=\"article:modified_time\" content=\"2021-03-21T03:13:07+00:00\" \/>\n<meta property=\"og:image\" content=\"https:\/\/hotnewsinworld.com\/pt\/wp-content\/uploads\/sites\/2\/2021\/03\/Aprovado-modelo-de-governacao-do-Plano-de-Recuperacao-e-Resiliencia.jpg\" \/>\n\t<meta property=\"og:image:width\" content=\"800\" \/>\n\t<meta property=\"og:image:height\" content=\"420\" \/>\n\t<meta property=\"og:image:type\" content=\"image\/jpeg\" \/>\n<meta name=\"author\" content=\"hotnewsinworld\" \/>\n<meta name=\"twitter:card\" content=\"summary_large_image\" \/>\n<meta name=\"twitter:label1\" content=\"Escrito por\" \/>\n\t<meta name=\"twitter:data1\" content=\"hotnewsinworld\" \/>\n\t<meta name=\"twitter:label2\" content=\"Tempo estimado de leitura\" \/>\n\t<meta name=\"twitter:data2\" content=\"3 minutos\" \/>\n<script type=\"application\/ld+json\" class=\"yoast-schema-graph\">{\"@context\":\"https:\\\/\\\/schema.org\",\"@graph\":[{\"@type\":\"Article\",\"@id\":\"https:\\\/\\\/hotnewsinworld.com\\\/pt\\\/aprovado-modelo-de-governacao-do-plano-de-recuperacao-e-resiliencia\\\/#article\",\"isPartOf\":{\"@id\":\"https:\\\/\\\/hotnewsinworld.com\\\/pt\\\/aprovado-modelo-de-governacao-do-plano-de-recuperacao-e-resiliencia\\\/\"},\"author\":{\"name\":\"hotnewsinworld\",\"@id\":\"https:\\\/\\\/hotnewsinworld.com\\\/pt\\\/#\\\/schema\\\/person\\\/fe61448b21c0d59086e75fcc1f9d8f6b\"},\"headline\":\"Aprovado modelo de governa\u00e7\u00e3o do Plano de Recupera\u00e7\u00e3o e Resili\u00eancia\",\"datePublished\":\"2021-03-21T03:13:05+00:00\",\"dateModified\":\"2021-03-21T03:13:07+00:00\",\"mainEntityOfPage\":{\"@id\":\"https:\\\/\\\/hotnewsinworld.com\\\/pt\\\/aprovado-modelo-de-governacao-do-plano-de-recuperacao-e-resiliencia\\\/\"},\"wordCount\":590,\"commentCount\":0,\"image\":{\"@id\":\"https:\\\/\\\/hotnewsinworld.com\\\/pt\\\/aprovado-modelo-de-governacao-do-plano-de-recuperacao-e-resiliencia\\\/#primaryimage\"},\"thumbnailUrl\":\"https:\\\/\\\/hotnewsinworld.com\\\/pt\\\/wp-content\\\/uploads\\\/sites\\\/2\\\/2021\\\/03\\\/Aprovado-modelo-de-governacao-do-Plano-de-Recuperacao-e-Resiliencia.jpg\",\"articleSection\":[\"\u00daLTIMAS NOT\u00cdCIAS FINANCEIRAS\"],\"inLanguage\":\"pt-PT\",\"potentialAction\":[{\"@type\":\"CommentAction\",\"name\":\"Comment\",\"target\":[\"https:\\\/\\\/hotnewsinworld.com\\\/pt\\\/aprovado-modelo-de-governacao-do-plano-de-recuperacao-e-resiliencia\\\/#respond\"]}]},{\"@type\":\"WebPage\",\"@id\":\"https:\\\/\\\/hotnewsinworld.com\\\/pt\\\/aprovado-modelo-de-governacao-do-plano-de-recuperacao-e-resiliencia\\\/\",\"url\":\"https:\\\/\\\/hotnewsinworld.com\\\/pt\\\/aprovado-modelo-de-governacao-do-plano-de-recuperacao-e-resiliencia\\\/\",\"name\":\"Aprovado modelo de governa\u00e7\u00e3o do Plano de Recupera\u00e7\u00e3o e Resili\u00eancia - Hot News in World\",\"isPartOf\":{\"@id\":\"https:\\\/\\\/hotnewsinworld.com\\\/pt\\\/#website\"},\"primaryImageOfPage\":{\"@id\":\"https:\\\/\\\/hotnewsinworld.com\\\/pt\\\/aprovado-modelo-de-governacao-do-plano-de-recuperacao-e-resiliencia\\\/#primaryimage\"},\"image\":{\"@id\":\"https:\\\/\\\/hotnewsinworld.com\\\/pt\\\/aprovado-modelo-de-governacao-do-plano-de-recuperacao-e-resiliencia\\\/#primaryimage\"},\"thumbnailUrl\":\"https:\\\/\\\/hotnewsinworld.com\\\/pt\\\/wp-content\\\/uploads\\\/sites\\\/2\\\/2021\\\/03\\\/Aprovado-modelo-de-governacao-do-Plano-de-Recuperacao-e-Resiliencia.jpg\",\"datePublished\":\"2021-03-21T03:13:05+00:00\",\"dateModified\":\"2021-03-21T03:13:07+00:00\",\"author\":{\"@id\":\"https:\\\/\\\/hotnewsinworld.com\\\/pt\\\/#\\\/schema\\\/person\\\/fe61448b21c0d59086e75fcc1f9d8f6b\"},\"breadcrumb\":{\"@id\":\"https:\\\/\\\/hotnewsinworld.com\\\/pt\\\/aprovado-modelo-de-governacao-do-plano-de-recuperacao-e-resiliencia\\\/#breadcrumb\"},\"inLanguage\":\"pt-PT\",\"potentialAction\":[{\"@type\":\"ReadAction\",\"target\":[\"https:\\\/\\\/hotnewsinworld.com\\\/pt\\\/aprovado-modelo-de-governacao-do-plano-de-recuperacao-e-resiliencia\\\/\"]}]},{\"@type\":\"ImageObject\",\"inLanguage\":\"pt-PT\",\"@id\":\"https:\\\/\\\/hotnewsinworld.com\\\/pt\\\/aprovado-modelo-de-governacao-do-plano-de-recuperacao-e-resiliencia\\\/#primaryimage\",\"url\":\"https:\\\/\\\/hotnewsinworld.com\\\/pt\\\/wp-content\\\/uploads\\\/sites\\\/2\\\/2021\\\/03\\\/Aprovado-modelo-de-governacao-do-Plano-de-Recuperacao-e-Resiliencia.jpg\",\"contentUrl\":\"https:\\\/\\\/hotnewsinworld.com\\\/pt\\\/wp-content\\\/uploads\\\/sites\\\/2\\\/2021\\\/03\\\/Aprovado-modelo-de-governacao-do-Plano-de-Recuperacao-e-Resiliencia.jpg\",\"width\":800,\"height\":420,\"caption\":\"Aprovado modelo de governa\u00e7\u00e3o do Plano de Recupera\u00e7\u00e3o e Resili\u00eancia\"},{\"@type\":\"BreadcrumbList\",\"@id\":\"https:\\\/\\\/hotnewsinworld.com\\\/pt\\\/aprovado-modelo-de-governacao-do-plano-de-recuperacao-e-resiliencia\\\/#breadcrumb\",\"itemListElement\":[{\"@type\":\"ListItem\",\"position\":1,\"name\":\"\u0413\u043b\u0430\u0432\u043d\u0430\u044f \u0441\u0442\u0440\u0430\u043d\u0438\u0446\u0430\",\"item\":\"https:\\\/\\\/hotnewsinworld.com\\\/pt\\\/\"},{\"@type\":\"ListItem\",\"position\":2,\"name\":\"Aprovado modelo de governa\u00e7\u00e3o do Plano de Recupera\u00e7\u00e3o e Resili\u00eancia\"}]},{\"@type\":\"WebSite\",\"@id\":\"https:\\\/\\\/hotnewsinworld.com\\\/pt\\\/#website\",\"url\":\"https:\\\/\\\/hotnewsinworld.com\\\/pt\\\/\",\"name\":\"Hot News in World\",\"description\":\"Hot News in World Portugal\",\"potentialAction\":[{\"@type\":\"SearchAction\",\"target\":{\"@type\":\"EntryPoint\",\"urlTemplate\":\"https:\\\/\\\/hotnewsinworld.com\\\/pt\\\/?s={search_term_string}\"},\"query-input\":{\"@type\":\"PropertyValueSpecification\",\"valueRequired\":true,\"valueName\":\"search_term_string\"}}],\"inLanguage\":\"pt-PT\"},{\"@type\":\"Person\",\"@id\":\"https:\\\/\\\/hotnewsinworld.com\\\/pt\\\/#\\\/schema\\\/person\\\/fe61448b21c0d59086e75fcc1f9d8f6b\",\"name\":\"hotnewsinworld\",\"image\":{\"@type\":\"ImageObject\",\"inLanguage\":\"pt-PT\",\"@id\":\"https:\\\/\\\/secure.gravatar.com\\\/avatar\\\/8a09ac165600ce2e1c38fe593c63928eb1e6e7ba5c5a907d67787c41b3d00c14?s=96&d=mm&r=g\",\"url\":\"https:\\\/\\\/secure.gravatar.com\\\/avatar\\\/8a09ac165600ce2e1c38fe593c63928eb1e6e7ba5c5a907d67787c41b3d00c14?s=96&d=mm&r=g\",\"contentUrl\":\"https:\\\/\\\/secure.gravatar.com\\\/avatar\\\/8a09ac165600ce2e1c38fe593c63928eb1e6e7ba5c5a907d67787c41b3d00c14?s=96&d=mm&r=g\",\"caption\":\"hotnewsinworld\"},\"url\":\"https:\\\/\\\/hotnewsinworld.com\\\/pt\\\/author\\\/pt\\\/\"}]}<\/script>\n<!-- \/ Yoast SEO plugin. -->","yoast_head_json":{"title":"Aprovado modelo de governa\u00e7\u00e3o do Plano de Recupera\u00e7\u00e3o e Resili\u00eancia - Hot News in World","robots":{"index":"index","follow":"follow","max-snippet":"max-snippet:-1","max-image-preview":"max-image-preview:large","max-video-preview":"max-video-preview:-1"},"canonical":"https:\/\/hotnewsinworld.com\/pt\/aprovado-modelo-de-governacao-do-plano-de-recuperacao-e-resiliencia\/","og_locale":"pt_PT","og_type":"article","og_title":"Aprovado modelo de governa\u00e7\u00e3o do Plano de Recupera\u00e7\u00e3o e Resili\u00eancia - Hot News in World","og_description":"JN\/Ag\u00eancias18\u00a0Mar\u00e7o\u00a02021\u00a0\u00e0s\u00a017:52O Conselho de Ministros aprovou esta quinta-feira o decreto-lei que define o modelo de governa\u00e7\u00e3o do Plano de Recupera\u00e7\u00e3o e Resili\u00eancia (PRR), definindo princ\u00edpios orientadores para a gest\u00e3o deste instrumento, foi anunciado.&#8221;O Conselho de Ministros aprovou o decreto-lei que definiu o modelo de governa\u00e7\u00e3o do Plano de Recupera\u00e7\u00e3o e Resili\u00eancia&#8221;, anunciou o ministro do Planeamento, [&hellip;]","og_url":"https:\/\/hotnewsinworld.com\/pt\/aprovado-modelo-de-governacao-do-plano-de-recuperacao-e-resiliencia\/","og_site_name":"Hot News in World","article_published_time":"2021-03-21T03:13:05+00:00","article_modified_time":"2021-03-21T03:13:07+00:00","og_image":[{"width":800,"height":420,"url":"https:\/\/hotnewsinworld.com\/pt\/wp-content\/uploads\/sites\/2\/2021\/03\/Aprovado-modelo-de-governacao-do-Plano-de-Recuperacao-e-Resiliencia.jpg","type":"image\/jpeg"}],"author":"hotnewsinworld","twitter_card":"summary_large_image","twitter_misc":{"Escrito por":"hotnewsinworld","Tempo estimado de leitura":"3 minutos"},"schema":{"@context":"https:\/\/schema.org","@graph":[{"@type":"Article","@id":"https:\/\/hotnewsinworld.com\/pt\/aprovado-modelo-de-governacao-do-plano-de-recuperacao-e-resiliencia\/#article","isPartOf":{"@id":"https:\/\/hotnewsinworld.com\/pt\/aprovado-modelo-de-governacao-do-plano-de-recuperacao-e-resiliencia\/"},"author":{"name":"hotnewsinworld","@id":"https:\/\/hotnewsinworld.com\/pt\/#\/schema\/person\/fe61448b21c0d59086e75fcc1f9d8f6b"},"headline":"Aprovado modelo de governa\u00e7\u00e3o do Plano de Recupera\u00e7\u00e3o e Resili\u00eancia","datePublished":"2021-03-21T03:13:05+00:00","dateModified":"2021-03-21T03:13:07+00:00","mainEntityOfPage":{"@id":"https:\/\/hotnewsinworld.com\/pt\/aprovado-modelo-de-governacao-do-plano-de-recuperacao-e-resiliencia\/"},"wordCount":590,"commentCount":0,"image":{"@id":"https:\/\/hotnewsinworld.com\/pt\/aprovado-modelo-de-governacao-do-plano-de-recuperacao-e-resiliencia\/#primaryimage"},"thumbnailUrl":"https:\/\/hotnewsinworld.com\/pt\/wp-content\/uploads\/sites\/2\/2021\/03\/Aprovado-modelo-de-governacao-do-Plano-de-Recuperacao-e-Resiliencia.jpg","articleSection":["\u00daLTIMAS NOT\u00cdCIAS FINANCEIRAS"],"inLanguage":"pt-PT","potentialAction":[{"@type":"CommentAction","name":"Comment","target":["https:\/\/hotnewsinworld.com\/pt\/aprovado-modelo-de-governacao-do-plano-de-recuperacao-e-resiliencia\/#respond"]}]},{"@type":"WebPage","@id":"https:\/\/hotnewsinworld.com\/pt\/aprovado-modelo-de-governacao-do-plano-de-recuperacao-e-resiliencia\/","url":"https:\/\/hotnewsinworld.com\/pt\/aprovado-modelo-de-governacao-do-plano-de-recuperacao-e-resiliencia\/","name":"Aprovado modelo de governa\u00e7\u00e3o do Plano de Recupera\u00e7\u00e3o e Resili\u00eancia - Hot News in World","isPartOf":{"@id":"https:\/\/hotnewsinworld.com\/pt\/#website"},"primaryImageOfPage":{"@id":"https:\/\/hotnewsinworld.com\/pt\/aprovado-modelo-de-governacao-do-plano-de-recuperacao-e-resiliencia\/#primaryimage"},"image":{"@id":"https:\/\/hotnewsinworld.com\/pt\/aprovado-modelo-de-governacao-do-plano-de-recuperacao-e-resiliencia\/#primaryimage"},"thumbnailUrl":"https:\/\/hotnewsinworld.com\/pt\/wp-content\/uploads\/sites\/2\/2021\/03\/Aprovado-modelo-de-governacao-do-Plano-de-Recuperacao-e-Resiliencia.jpg","datePublished":"2021-03-21T03:13:05+00:00","dateModified":"2021-03-21T03:13:07+00:00","author":{"@id":"https:\/\/hotnewsinworld.com\/pt\/#\/schema\/person\/fe61448b21c0d59086e75fcc1f9d8f6b"},"breadcrumb":{"@id":"https:\/\/hotnewsinworld.com\/pt\/aprovado-modelo-de-governacao-do-plano-de-recuperacao-e-resiliencia\/#breadcrumb"},"inLanguage":"pt-PT","potentialAction":[{"@type":"ReadAction","target":["https:\/\/hotnewsinworld.com\/pt\/aprovado-modelo-de-governacao-do-plano-de-recuperacao-e-resiliencia\/"]}]},{"@type":"ImageObject","inLanguage":"pt-PT","@id":"https:\/\/hotnewsinworld.com\/pt\/aprovado-modelo-de-governacao-do-plano-de-recuperacao-e-resiliencia\/#primaryimage","url":"https:\/\/hotnewsinworld.com\/pt\/wp-content\/uploads\/sites\/2\/2021\/03\/Aprovado-modelo-de-governacao-do-Plano-de-Recuperacao-e-Resiliencia.jpg","contentUrl":"https:\/\/hotnewsinworld.com\/pt\/wp-content\/uploads\/sites\/2\/2021\/03\/Aprovado-modelo-de-governacao-do-Plano-de-Recuperacao-e-Resiliencia.jpg","width":800,"height":420,"caption":"Aprovado modelo de governa\u00e7\u00e3o do Plano de Recupera\u00e7\u00e3o e Resili\u00eancia"},{"@type":"BreadcrumbList","@id":"https:\/\/hotnewsinworld.com\/pt\/aprovado-modelo-de-governacao-do-plano-de-recuperacao-e-resiliencia\/#breadcrumb","itemListElement":[{"@type":"ListItem","position":1,"name":"\u0413\u043b\u0430\u0432\u043d\u0430\u044f \u0441\u0442\u0440\u0430\u043d\u0438\u0446\u0430","item":"https:\/\/hotnewsinworld.com\/pt\/"},{"@type":"ListItem","position":2,"name":"Aprovado modelo de governa\u00e7\u00e3o do Plano de Recupera\u00e7\u00e3o e Resili\u00eancia"}]},{"@type":"WebSite","@id":"https:\/\/hotnewsinworld.com\/pt\/#website","url":"https:\/\/hotnewsinworld.com\/pt\/","name":"Hot News in World","description":"Hot News in World Portugal","potentialAction":[{"@type":"SearchAction","target":{"@type":"EntryPoint","urlTemplate":"https:\/\/hotnewsinworld.com\/pt\/?s={search_term_string}"},"query-input":{"@type":"PropertyValueSpecification","valueRequired":true,"valueName":"search_term_string"}}],"inLanguage":"pt-PT"},{"@type":"Person","@id":"https:\/\/hotnewsinworld.com\/pt\/#\/schema\/person\/fe61448b21c0d59086e75fcc1f9d8f6b","name":"hotnewsinworld","image":{"@type":"ImageObject","inLanguage":"pt-PT","@id":"https:\/\/secure.gravatar.com\/avatar\/8a09ac165600ce2e1c38fe593c63928eb1e6e7ba5c5a907d67787c41b3d00c14?s=96&d=mm&r=g","url":"https:\/\/secure.gravatar.com\/avatar\/8a09ac165600ce2e1c38fe593c63928eb1e6e7ba5c5a907d67787c41b3d00c14?s=96&d=mm&r=g","contentUrl":"https:\/\/secure.gravatar.com\/avatar\/8a09ac165600ce2e1c38fe593c63928eb1e6e7ba5c5a907d67787c41b3d00c14?s=96&d=mm&r=g","caption":"hotnewsinworld"},"url":"https:\/\/hotnewsinworld.com\/pt\/author\/pt\/"}]}},"_links":{"self":[{"href":"https:\/\/hotnewsinworld.com\/pt\/wp-json\/wp\/v2\/posts\/3302","targetHints":{"allow":["GET"]}}],"collection":[{"href":"https:\/\/hotnewsinworld.com\/pt\/wp-json\/wp\/v2\/posts"}],"about":[{"href":"https:\/\/hotnewsinworld.com\/pt\/wp-json\/wp\/v2\/types\/post"}],"author":[{"embeddable":true,"href":"https:\/\/hotnewsinworld.com\/pt\/wp-json\/wp\/v2\/users\/2"}],"replies":[{"embeddable":true,"href":"https:\/\/hotnewsinworld.com\/pt\/wp-json\/wp\/v2\/comments?post=3302"}],"version-history":[{"count":1,"href":"https:\/\/hotnewsinworld.com\/pt\/wp-json\/wp\/v2\/posts\/3302\/revisions"}],"predecessor-version":[{"id":3304,"href":"https:\/\/hotnewsinworld.com\/pt\/wp-json\/wp\/v2\/posts\/3302\/revisions\/3304"}],"wp:featuredmedia":[{"embeddable":true,"href":"https:\/\/hotnewsinworld.com\/pt\/wp-json\/wp\/v2\/media\/3303"}],"wp:attachment":[{"href":"https:\/\/hotnewsinworld.com\/pt\/wp-json\/wp\/v2\/media?parent=3302"}],"wp:term":[{"taxonomy":"category","embeddable":true,"href":"https:\/\/hotnewsinworld.com\/pt\/wp-json\/wp\/v2\/categories?post=3302"},{"taxonomy":"post_tag","embeddable":true,"href":"https:\/\/hotnewsinworld.com\/pt\/wp-json\/wp\/v2\/tags?post=3302"}],"curies":[{"name":"wp","href":"https:\/\/api.w.org\/{rel}","templated":true}]}}