{"id":3314,"date":"2021-03-23T06:43:21","date_gmt":"2021-03-23T03:43:21","guid":{"rendered":"https:\/\/hotnewsinworld.com\/pt\/norte-com-mais-35-mil-inscritos-nos-centros-de-emprego-face-a-fevereiro-do-ano-passado\/"},"modified":"2021-03-23T06:43:23","modified_gmt":"2021-03-23T03:43:23","slug":"norte-com-mais-35-mil-inscritos-nos-centros-de-emprego-face-a-fevereiro-do-ano-passado","status":"publish","type":"post","link":"https:\/\/hotnewsinworld.com\/pt\/norte-com-mais-35-mil-inscritos-nos-centros-de-emprego-face-a-fevereiro-do-ano-passado\/","title":{"rendered":"Norte com mais 35 mil inscritos nos centros de emprego face a fevereiro do ano passado"},"content":{"rendered":"<p>JN\/Ag\u00eanciasOntem\u00a0\u00e0s\u00a019:06A regi\u00e3o Norte contabilizou em fevereiro 159 942 desempregados inscritos nos centros de emprego, mais 35 605 pessoas quando comparado com fevereiro de 2020, m\u00eas anterior \u00e0 pandemia da covid-19, segundo as estat\u00edsticas do Instituto do Emprego e Forma\u00e7\u00e3o Profissional (IEFP).De acordo com as estat\u00edsticas mensais por concelho do IEFP, consultadas esta segunda-feira pela Lusa, a regi\u00e3o Norte contabilizou em fevereiro um total de 159 942 pessoas inscritas no desemprego, 57% das quais mulheres.Do total de inscritos, mais de metade &#8212; o que corresponde a 89 006 pessoas &#8212; est\u00e3o alistadas h\u00e1 menos de um ano no IEFP.Comparativamente a fevereiro de 2020, o m\u00eas anterior ao in\u00edcio da pandemia de covid-19 e quando a regi\u00e3o contabilizava 124 337 pessoas inscritas, h\u00e1 mais 35 605 desempregados.Das 159 942 pessoas inscritas em fevereiro, a maioria &#8211; 146 506 pessoas &#8211; est\u00e1 \u00e0 procura de novo emprego e 13 436 do primeiro emprego.Em compara\u00e7\u00e3o com janeiro, h\u00e1 mais 2274 pessoas inscritas nos centros de emprego da regi\u00e3o Norte.Segundo as estat\u00edsticas do IEFP, os concelhos de Vila Nova de Gaia e do Porto foram os que contabilizaram o maior n\u00famero de desempregados da regi\u00e3o, com 19 026 e 13 424 inscritos, respetivamente.A estes dois concelhos, sucedem Matosinhos com 8552 inscritos, Gondomar com 8538, Braga com 7797, Guimar\u00e3es com 6757, Santa Maria da Feira com 5655, Maia com 5618, Vila Nova de Famalic\u00e3o com 4870 e Valongo com 4546.O n\u00famero de desempregados inscritos nos centros de emprego aumentou 36,8% em fevereiro em termos hom\u00f3logos e 1,8% face a janeiro, segundo dados divulgados esta segunda-feira pelo Instituto do Emprego e Forma\u00e7\u00e3o Profissional (IEFP).De acordo com o IEFP, no final de fevereiro, estavam registados nos servi\u00e7os de emprego do continente e regi\u00f5es aut\u00f3nomas 431 843 desempregados.Este n\u00famero representa 71,2% de um total de 606 540 pedidos de emprego.<br \/>\n<br \/>\n<!--noindex--><br \/>\n<a href=\"http:\/\/feeds.jn.pt\/~r\/JN-ECONOMIA\/~3\/TdU4AVr99IY\/norte-com-mais-35-mil-inscritos-nos-centros-de-emprego-face-a-fevereiro-do-ano-passado-13487565.html\" rel=\"nofollow\">Source link <\/a><br \/>\n<!--\/noindex--><\/p>\n","protected":false},"excerpt":{"rendered":"<p>JN\/Ag\u00eanciasOntem\u00a0\u00e0s\u00a019:06A regi\u00e3o Norte contabilizou em fevereiro 159 942 desempregados inscritos nos centros de emprego, mais 35 605 pessoas quando comparado com fevereiro de 2020, m\u00eas anterior \u00e0 pandemia da covid-19, segundo as estat\u00edsticas do Instituto do Emprego e Forma\u00e7\u00e3o Profissional (IEFP).De acordo com as estat\u00edsticas mensais por concelho do IEFP, consultadas esta segunda-feira pela Lusa, [&hellip;]<\/p>\n","protected":false},"author":2,"featured_media":3315,"comment_status":"open","ping_status":"open","sticky":false,"template":"","format":"standard","meta":{"footnotes":""},"categories":[1],"tags":[],"class_list":["post-3314","post","type-post","status-publish","format-standard","has-post-thumbnail","hentry","category-ultimas-noticias-financeiras"],"yoast_head":"<!-- This site is optimized with the Yoast SEO plugin v27.4 - https:\/\/yoast.com\/product\/yoast-seo-wordpress\/ -->\n<title>Norte com mais 35 mil inscritos nos centros de emprego face a fevereiro do ano passado - Hot News in World<\/title>\n<meta name=\"robots\" content=\"index, follow, max-snippet:-1, max-image-preview:large, max-video-preview:-1\" \/>\n<link rel=\"canonical\" href=\"https:\/\/hotnewsinworld.com\/pt\/norte-com-mais-35-mil-inscritos-nos-centros-de-emprego-face-a-fevereiro-do-ano-passado\/\" \/>\n<meta property=\"og:locale\" content=\"pt_PT\" \/>\n<meta property=\"og:type\" content=\"article\" \/>\n<meta property=\"og:title\" content=\"Norte com mais 35 mil inscritos nos centros de emprego face a fevereiro do ano passado - Hot News in World\" \/>\n<meta property=\"og:description\" content=\"JN\/Ag\u00eanciasOntem\u00a0\u00e0s\u00a019:06A regi\u00e3o Norte contabilizou em fevereiro 159 942 desempregados inscritos nos centros de emprego, mais 35 605 pessoas quando comparado com fevereiro de 2020, m\u00eas anterior \u00e0 pandemia da covid-19, segundo as estat\u00edsticas do Instituto do Emprego e Forma\u00e7\u00e3o Profissional (IEFP).De acordo com as estat\u00edsticas mensais por concelho do IEFP, consultadas esta segunda-feira pela Lusa, [&hellip;]\" \/>\n<meta property=\"og:url\" content=\"https:\/\/hotnewsinworld.com\/pt\/norte-com-mais-35-mil-inscritos-nos-centros-de-emprego-face-a-fevereiro-do-ano-passado\/\" \/>\n<meta property=\"og:site_name\" content=\"Hot News in World\" \/>\n<meta property=\"article:published_time\" content=\"2021-03-23T03:43:21+00:00\" \/>\n<meta property=\"article:modified_time\" content=\"2021-03-23T03:43:23+00:00\" \/>\n<meta property=\"og:image\" content=\"https:\/\/hotnewsinworld.com\/pt\/wp-content\/uploads\/sites\/2\/2021\/03\/Norte-com-mais-35-mil-inscritos-nos-centros-de-emprego.jpg\" \/>\n\t<meta property=\"og:image:width\" content=\"800\" \/>\n\t<meta property=\"og:image:height\" content=\"420\" \/>\n\t<meta property=\"og:image:type\" content=\"image\/jpeg\" \/>\n<meta name=\"author\" content=\"hotnewsinworld\" \/>\n<meta name=\"twitter:card\" content=\"summary_large_image\" \/>\n<meta name=\"twitter:label1\" content=\"Escrito por\" \/>\n\t<meta name=\"twitter:data1\" content=\"hotnewsinworld\" \/>\n\t<meta name=\"twitter:label2\" content=\"Tempo estimado de leitura\" \/>\n\t<meta name=\"twitter:data2\" content=\"1 minuto\" \/>\n<script type=\"application\/ld+json\" class=\"yoast-schema-graph\">{\"@context\":\"https:\\\/\\\/schema.org\",\"@graph\":[{\"@type\":\"Article\",\"@id\":\"https:\\\/\\\/hotnewsinworld.com\\\/pt\\\/norte-com-mais-35-mil-inscritos-nos-centros-de-emprego-face-a-fevereiro-do-ano-passado\\\/#article\",\"isPartOf\":{\"@id\":\"https:\\\/\\\/hotnewsinworld.com\\\/pt\\\/norte-com-mais-35-mil-inscritos-nos-centros-de-emprego-face-a-fevereiro-do-ano-passado\\\/\"},\"author\":{\"name\":\"hotnewsinworld\",\"@id\":\"https:\\\/\\\/hotnewsinworld.com\\\/pt\\\/#\\\/schema\\\/person\\\/fe61448b21c0d59086e75fcc1f9d8f6b\"},\"headline\":\"Norte com mais 35 mil inscritos nos centros de emprego face a fevereiro do ano passado\",\"datePublished\":\"2021-03-23T03:43:21+00:00\",\"dateModified\":\"2021-03-23T03:43:23+00:00\",\"mainEntityOfPage\":{\"@id\":\"https:\\\/\\\/hotnewsinworld.com\\\/pt\\\/norte-com-mais-35-mil-inscritos-nos-centros-de-emprego-face-a-fevereiro-do-ano-passado\\\/\"},\"wordCount\":313,\"commentCount\":0,\"image\":{\"@id\":\"https:\\\/\\\/hotnewsinworld.com\\\/pt\\\/norte-com-mais-35-mil-inscritos-nos-centros-de-emprego-face-a-fevereiro-do-ano-passado\\\/#primaryimage\"},\"thumbnailUrl\":\"https:\\\/\\\/hotnewsinworld.com\\\/pt\\\/wp-content\\\/uploads\\\/sites\\\/2\\\/2021\\\/03\\\/Norte-com-mais-35-mil-inscritos-nos-centros-de-emprego.jpg\",\"articleSection\":[\"\u00daLTIMAS NOT\u00cdCIAS FINANCEIRAS\"],\"inLanguage\":\"pt-PT\",\"potentialAction\":[{\"@type\":\"CommentAction\",\"name\":\"Comment\",\"target\":[\"https:\\\/\\\/hotnewsinworld.com\\\/pt\\\/norte-com-mais-35-mil-inscritos-nos-centros-de-emprego-face-a-fevereiro-do-ano-passado\\\/#respond\"]}]},{\"@type\":\"WebPage\",\"@id\":\"https:\\\/\\\/hotnewsinworld.com\\\/pt\\\/norte-com-mais-35-mil-inscritos-nos-centros-de-emprego-face-a-fevereiro-do-ano-passado\\\/\",\"url\":\"https:\\\/\\\/hotnewsinworld.com\\\/pt\\\/norte-com-mais-35-mil-inscritos-nos-centros-de-emprego-face-a-fevereiro-do-ano-passado\\\/\",\"name\":\"Norte com mais 35 mil inscritos nos centros de emprego face a fevereiro do ano passado - Hot News in World\",\"isPartOf\":{\"@id\":\"https:\\\/\\\/hotnewsinworld.com\\\/pt\\\/#website\"},\"primaryImageOfPage\":{\"@id\":\"https:\\\/\\\/hotnewsinworld.com\\\/pt\\\/norte-com-mais-35-mil-inscritos-nos-centros-de-emprego-face-a-fevereiro-do-ano-passado\\\/#primaryimage\"},\"image\":{\"@id\":\"https:\\\/\\\/hotnewsinworld.com\\\/pt\\\/norte-com-mais-35-mil-inscritos-nos-centros-de-emprego-face-a-fevereiro-do-ano-passado\\\/#primaryimage\"},\"thumbnailUrl\":\"https:\\\/\\\/hotnewsinworld.com\\\/pt\\\/wp-content\\\/uploads\\\/sites\\\/2\\\/2021\\\/03\\\/Norte-com-mais-35-mil-inscritos-nos-centros-de-emprego.jpg\",\"datePublished\":\"2021-03-23T03:43:21+00:00\",\"dateModified\":\"2021-03-23T03:43:23+00:00\",\"author\":{\"@id\":\"https:\\\/\\\/hotnewsinworld.com\\\/pt\\\/#\\\/schema\\\/person\\\/fe61448b21c0d59086e75fcc1f9d8f6b\"},\"breadcrumb\":{\"@id\":\"https:\\\/\\\/hotnewsinworld.com\\\/pt\\\/norte-com-mais-35-mil-inscritos-nos-centros-de-emprego-face-a-fevereiro-do-ano-passado\\\/#breadcrumb\"},\"inLanguage\":\"pt-PT\",\"potentialAction\":[{\"@type\":\"ReadAction\",\"target\":[\"https:\\\/\\\/hotnewsinworld.com\\\/pt\\\/norte-com-mais-35-mil-inscritos-nos-centros-de-emprego-face-a-fevereiro-do-ano-passado\\\/\"]}]},{\"@type\":\"ImageObject\",\"inLanguage\":\"pt-PT\",\"@id\":\"https:\\\/\\\/hotnewsinworld.com\\\/pt\\\/norte-com-mais-35-mil-inscritos-nos-centros-de-emprego-face-a-fevereiro-do-ano-passado\\\/#primaryimage\",\"url\":\"https:\\\/\\\/hotnewsinworld.com\\\/pt\\\/wp-content\\\/uploads\\\/sites\\\/2\\\/2021\\\/03\\\/Norte-com-mais-35-mil-inscritos-nos-centros-de-emprego.jpg\",\"contentUrl\":\"https:\\\/\\\/hotnewsinworld.com\\\/pt\\\/wp-content\\\/uploads\\\/sites\\\/2\\\/2021\\\/03\\\/Norte-com-mais-35-mil-inscritos-nos-centros-de-emprego.jpg\",\"width\":800,\"height\":420,\"caption\":\"Norte com mais 35 mil inscritos nos centros de emprego face a fevereiro do ano passado\"},{\"@type\":\"BreadcrumbList\",\"@id\":\"https:\\\/\\\/hotnewsinworld.com\\\/pt\\\/norte-com-mais-35-mil-inscritos-nos-centros-de-emprego-face-a-fevereiro-do-ano-passado\\\/#breadcrumb\",\"itemListElement\":[{\"@type\":\"ListItem\",\"position\":1,\"name\":\"\u0413\u043b\u0430\u0432\u043d\u0430\u044f \u0441\u0442\u0440\u0430\u043d\u0438\u0446\u0430\",\"item\":\"https:\\\/\\\/hotnewsinworld.com\\\/pt\\\/\"},{\"@type\":\"ListItem\",\"position\":2,\"name\":\"Norte com mais 35 mil inscritos nos centros de emprego face a fevereiro do ano passado\"}]},{\"@type\":\"WebSite\",\"@id\":\"https:\\\/\\\/hotnewsinworld.com\\\/pt\\\/#website\",\"url\":\"https:\\\/\\\/hotnewsinworld.com\\\/pt\\\/\",\"name\":\"Hot News in World\",\"description\":\"Hot News in World Portugal\",\"potentialAction\":[{\"@type\":\"SearchAction\",\"target\":{\"@type\":\"EntryPoint\",\"urlTemplate\":\"https:\\\/\\\/hotnewsinworld.com\\\/pt\\\/?s={search_term_string}\"},\"query-input\":{\"@type\":\"PropertyValueSpecification\",\"valueRequired\":true,\"valueName\":\"search_term_string\"}}],\"inLanguage\":\"pt-PT\"},{\"@type\":\"Person\",\"@id\":\"https:\\\/\\\/hotnewsinworld.com\\\/pt\\\/#\\\/schema\\\/person\\\/fe61448b21c0d59086e75fcc1f9d8f6b\",\"name\":\"hotnewsinworld\",\"image\":{\"@type\":\"ImageObject\",\"inLanguage\":\"pt-PT\",\"@id\":\"https:\\\/\\\/secure.gravatar.com\\\/avatar\\\/8a09ac165600ce2e1c38fe593c63928eb1e6e7ba5c5a907d67787c41b3d00c14?s=96&d=mm&r=g\",\"url\":\"https:\\\/\\\/secure.gravatar.com\\\/avatar\\\/8a09ac165600ce2e1c38fe593c63928eb1e6e7ba5c5a907d67787c41b3d00c14?s=96&d=mm&r=g\",\"contentUrl\":\"https:\\\/\\\/secure.gravatar.com\\\/avatar\\\/8a09ac165600ce2e1c38fe593c63928eb1e6e7ba5c5a907d67787c41b3d00c14?s=96&d=mm&r=g\",\"caption\":\"hotnewsinworld\"},\"url\":\"https:\\\/\\\/hotnewsinworld.com\\\/pt\\\/author\\\/pt\\\/\"}]}<\/script>\n<!-- \/ Yoast SEO plugin. -->","yoast_head_json":{"title":"Norte com mais 35 mil inscritos nos centros de emprego face a fevereiro do ano passado - Hot News in World","robots":{"index":"index","follow":"follow","max-snippet":"max-snippet:-1","max-image-preview":"max-image-preview:large","max-video-preview":"max-video-preview:-1"},"canonical":"https:\/\/hotnewsinworld.com\/pt\/norte-com-mais-35-mil-inscritos-nos-centros-de-emprego-face-a-fevereiro-do-ano-passado\/","og_locale":"pt_PT","og_type":"article","og_title":"Norte com mais 35 mil inscritos nos centros de emprego face a fevereiro do ano passado - Hot News in World","og_description":"JN\/Ag\u00eanciasOntem\u00a0\u00e0s\u00a019:06A regi\u00e3o Norte contabilizou em fevereiro 159 942 desempregados inscritos nos centros de emprego, mais 35 605 pessoas quando comparado com fevereiro de 2020, m\u00eas anterior \u00e0 pandemia da covid-19, segundo as estat\u00edsticas do Instituto do Emprego e Forma\u00e7\u00e3o Profissional (IEFP).De acordo com as estat\u00edsticas mensais por concelho do IEFP, consultadas esta segunda-feira pela Lusa, [&hellip;]","og_url":"https:\/\/hotnewsinworld.com\/pt\/norte-com-mais-35-mil-inscritos-nos-centros-de-emprego-face-a-fevereiro-do-ano-passado\/","og_site_name":"Hot News in World","article_published_time":"2021-03-23T03:43:21+00:00","article_modified_time":"2021-03-23T03:43:23+00:00","og_image":[{"width":800,"height":420,"url":"https:\/\/hotnewsinworld.com\/pt\/wp-content\/uploads\/sites\/2\/2021\/03\/Norte-com-mais-35-mil-inscritos-nos-centros-de-emprego.jpg","type":"image\/jpeg"}],"author":"hotnewsinworld","twitter_card":"summary_large_image","twitter_misc":{"Escrito por":"hotnewsinworld","Tempo estimado de leitura":"1 minuto"},"schema":{"@context":"https:\/\/schema.org","@graph":[{"@type":"Article","@id":"https:\/\/hotnewsinworld.com\/pt\/norte-com-mais-35-mil-inscritos-nos-centros-de-emprego-face-a-fevereiro-do-ano-passado\/#article","isPartOf":{"@id":"https:\/\/hotnewsinworld.com\/pt\/norte-com-mais-35-mil-inscritos-nos-centros-de-emprego-face-a-fevereiro-do-ano-passado\/"},"author":{"name":"hotnewsinworld","@id":"https:\/\/hotnewsinworld.com\/pt\/#\/schema\/person\/fe61448b21c0d59086e75fcc1f9d8f6b"},"headline":"Norte com mais 35 mil inscritos nos centros de emprego face a fevereiro do ano passado","datePublished":"2021-03-23T03:43:21+00:00","dateModified":"2021-03-23T03:43:23+00:00","mainEntityOfPage":{"@id":"https:\/\/hotnewsinworld.com\/pt\/norte-com-mais-35-mil-inscritos-nos-centros-de-emprego-face-a-fevereiro-do-ano-passado\/"},"wordCount":313,"commentCount":0,"image":{"@id":"https:\/\/hotnewsinworld.com\/pt\/norte-com-mais-35-mil-inscritos-nos-centros-de-emprego-face-a-fevereiro-do-ano-passado\/#primaryimage"},"thumbnailUrl":"https:\/\/hotnewsinworld.com\/pt\/wp-content\/uploads\/sites\/2\/2021\/03\/Norte-com-mais-35-mil-inscritos-nos-centros-de-emprego.jpg","articleSection":["\u00daLTIMAS NOT\u00cdCIAS FINANCEIRAS"],"inLanguage":"pt-PT","potentialAction":[{"@type":"CommentAction","name":"Comment","target":["https:\/\/hotnewsinworld.com\/pt\/norte-com-mais-35-mil-inscritos-nos-centros-de-emprego-face-a-fevereiro-do-ano-passado\/#respond"]}]},{"@type":"WebPage","@id":"https:\/\/hotnewsinworld.com\/pt\/norte-com-mais-35-mil-inscritos-nos-centros-de-emprego-face-a-fevereiro-do-ano-passado\/","url":"https:\/\/hotnewsinworld.com\/pt\/norte-com-mais-35-mil-inscritos-nos-centros-de-emprego-face-a-fevereiro-do-ano-passado\/","name":"Norte com mais 35 mil inscritos nos centros de emprego face a fevereiro do ano passado - Hot News in World","isPartOf":{"@id":"https:\/\/hotnewsinworld.com\/pt\/#website"},"primaryImageOfPage":{"@id":"https:\/\/hotnewsinworld.com\/pt\/norte-com-mais-35-mil-inscritos-nos-centros-de-emprego-face-a-fevereiro-do-ano-passado\/#primaryimage"},"image":{"@id":"https:\/\/hotnewsinworld.com\/pt\/norte-com-mais-35-mil-inscritos-nos-centros-de-emprego-face-a-fevereiro-do-ano-passado\/#primaryimage"},"thumbnailUrl":"https:\/\/hotnewsinworld.com\/pt\/wp-content\/uploads\/sites\/2\/2021\/03\/Norte-com-mais-35-mil-inscritos-nos-centros-de-emprego.jpg","datePublished":"2021-03-23T03:43:21+00:00","dateModified":"2021-03-23T03:43:23+00:00","author":{"@id":"https:\/\/hotnewsinworld.com\/pt\/#\/schema\/person\/fe61448b21c0d59086e75fcc1f9d8f6b"},"breadcrumb":{"@id":"https:\/\/hotnewsinworld.com\/pt\/norte-com-mais-35-mil-inscritos-nos-centros-de-emprego-face-a-fevereiro-do-ano-passado\/#breadcrumb"},"inLanguage":"pt-PT","potentialAction":[{"@type":"ReadAction","target":["https:\/\/hotnewsinworld.com\/pt\/norte-com-mais-35-mil-inscritos-nos-centros-de-emprego-face-a-fevereiro-do-ano-passado\/"]}]},{"@type":"ImageObject","inLanguage":"pt-PT","@id":"https:\/\/hotnewsinworld.com\/pt\/norte-com-mais-35-mil-inscritos-nos-centros-de-emprego-face-a-fevereiro-do-ano-passado\/#primaryimage","url":"https:\/\/hotnewsinworld.com\/pt\/wp-content\/uploads\/sites\/2\/2021\/03\/Norte-com-mais-35-mil-inscritos-nos-centros-de-emprego.jpg","contentUrl":"https:\/\/hotnewsinworld.com\/pt\/wp-content\/uploads\/sites\/2\/2021\/03\/Norte-com-mais-35-mil-inscritos-nos-centros-de-emprego.jpg","width":800,"height":420,"caption":"Norte com mais 35 mil inscritos nos centros de emprego face a fevereiro do ano passado"},{"@type":"BreadcrumbList","@id":"https:\/\/hotnewsinworld.com\/pt\/norte-com-mais-35-mil-inscritos-nos-centros-de-emprego-face-a-fevereiro-do-ano-passado\/#breadcrumb","itemListElement":[{"@type":"ListItem","position":1,"name":"\u0413\u043b\u0430\u0432\u043d\u0430\u044f \u0441\u0442\u0440\u0430\u043d\u0438\u0446\u0430","item":"https:\/\/hotnewsinworld.com\/pt\/"},{"@type":"ListItem","position":2,"name":"Norte com mais 35 mil inscritos nos centros de emprego face a fevereiro do ano passado"}]},{"@type":"WebSite","@id":"https:\/\/hotnewsinworld.com\/pt\/#website","url":"https:\/\/hotnewsinworld.com\/pt\/","name":"Hot News in World","description":"Hot News in World Portugal","potentialAction":[{"@type":"SearchAction","target":{"@type":"EntryPoint","urlTemplate":"https:\/\/hotnewsinworld.com\/pt\/?s={search_term_string}"},"query-input":{"@type":"PropertyValueSpecification","valueRequired":true,"valueName":"search_term_string"}}],"inLanguage":"pt-PT"},{"@type":"Person","@id":"https:\/\/hotnewsinworld.com\/pt\/#\/schema\/person\/fe61448b21c0d59086e75fcc1f9d8f6b","name":"hotnewsinworld","image":{"@type":"ImageObject","inLanguage":"pt-PT","@id":"https:\/\/secure.gravatar.com\/avatar\/8a09ac165600ce2e1c38fe593c63928eb1e6e7ba5c5a907d67787c41b3d00c14?s=96&d=mm&r=g","url":"https:\/\/secure.gravatar.com\/avatar\/8a09ac165600ce2e1c38fe593c63928eb1e6e7ba5c5a907d67787c41b3d00c14?s=96&d=mm&r=g","contentUrl":"https:\/\/secure.gravatar.com\/avatar\/8a09ac165600ce2e1c38fe593c63928eb1e6e7ba5c5a907d67787c41b3d00c14?s=96&d=mm&r=g","caption":"hotnewsinworld"},"url":"https:\/\/hotnewsinworld.com\/pt\/author\/pt\/"}]}},"_links":{"self":[{"href":"https:\/\/hotnewsinworld.com\/pt\/wp-json\/wp\/v2\/posts\/3314","targetHints":{"allow":["GET"]}}],"collection":[{"href":"https:\/\/hotnewsinworld.com\/pt\/wp-json\/wp\/v2\/posts"}],"about":[{"href":"https:\/\/hotnewsinworld.com\/pt\/wp-json\/wp\/v2\/types\/post"}],"author":[{"embeddable":true,"href":"https:\/\/hotnewsinworld.com\/pt\/wp-json\/wp\/v2\/users\/2"}],"replies":[{"embeddable":true,"href":"https:\/\/hotnewsinworld.com\/pt\/wp-json\/wp\/v2\/comments?post=3314"}],"version-history":[{"count":1,"href":"https:\/\/hotnewsinworld.com\/pt\/wp-json\/wp\/v2\/posts\/3314\/revisions"}],"predecessor-version":[{"id":3316,"href":"https:\/\/hotnewsinworld.com\/pt\/wp-json\/wp\/v2\/posts\/3314\/revisions\/3316"}],"wp:featuredmedia":[{"embeddable":true,"href":"https:\/\/hotnewsinworld.com\/pt\/wp-json\/wp\/v2\/media\/3315"}],"wp:attachment":[{"href":"https:\/\/hotnewsinworld.com\/pt\/wp-json\/wp\/v2\/media?parent=3314"}],"wp:term":[{"taxonomy":"category","embeddable":true,"href":"https:\/\/hotnewsinworld.com\/pt\/wp-json\/wp\/v2\/categories?post=3314"},{"taxonomy":"post_tag","embeddable":true,"href":"https:\/\/hotnewsinworld.com\/pt\/wp-json\/wp\/v2\/tags?post=3314"}],"curies":[{"name":"wp","href":"https:\/\/api.w.org\/{rel}","templated":true}]}}