{"id":3320,"date":"2021-03-24T06:55:38","date_gmt":"2021-03-24T03:55:38","guid":{"rendered":"https:\/\/hotnewsinworld.com\/pt\/marcelo-promulga-prolongamento-do-apoio-a-retoma-ate-setembro\/"},"modified":"2021-03-24T06:55:40","modified_gmt":"2021-03-24T03:55:40","slug":"marcelo-promulga-prolongamento-do-apoio-a-retoma-ate-setembro","status":"publish","type":"post","link":"https:\/\/hotnewsinworld.com\/pt\/marcelo-promulga-prolongamento-do-apoio-a-retoma-ate-setembro\/","title":{"rendered":"Marcelo promulga prolongamento do apoio \u00e0 retoma at\u00e9 setembro"},"content":{"rendered":"<p>JN\/Ag\u00eanciasOntem\u00a0\u00e0s\u00a022:18O Presidente da Rep\u00fablica promulgou esta ter\u00e7a-feira o diploma que prev\u00ea o prolongamento do apoio \u00e0 retoma at\u00e9 setembro e o alargamento do lay-off simplificado, entre outras medidas para mitigar o impacto da pandemia nas empresas e trabalhadores.De acordo com uma nota publicada na p\u00e1gina da Presid\u00eancia, Marcelo Rebelo de Sousa promulgou esta ter\u00e7a-feira &#8220;o diploma do Governo que estabelece medidas de apoio aos trabalhadores e empresas, no \u00e2mbito da pandemia da doen\u00e7a covid-19&#8221;.Segundo fonte oficial da Presid\u00eancia da Rep\u00fablica, em causa est\u00e1 um diploma aprovado no Conselho de Ministros de 11 de mar\u00e7o, como \u00e9 o caso do prolongamento at\u00e9 setembro do apoio \u00e0 retoma progressiva da atividade econ\u00f3mica.De acordo com o pre\u00e2mbulo do diploma, &#8220;prolonga-se a vig\u00eancia, at\u00e9 30 de setembro de 2021, do apoio extraordin\u00e1rio \u00e0 retoma progressiva, e s\u00e3o estabelecidas, neste mesmo apoio, novas isen\u00e7\u00f5es contributivas, bem como dispensas parciais, especialmente vocacionadas para os setores do turismo e da cultura, especialmente afetados pela presente crise sanit\u00e1ria&#8221;.\u00c9 ainda reativado o apoio extraordin\u00e1rio \u00e0 redu\u00e7\u00e3o da atividade econ\u00f3mica &#8220;relativamente aos trabalhadores do turismo, cultura, eventos e espet\u00e1culos, cuja atividade, n\u00e3o estando suspensa ou encerrada, est\u00e1 ainda assim em situa\u00e7\u00e3o de comprovada paragem&#8221;.O diploma prev\u00ea ainda o alargamento do lay-off simplificado &#8220;\u00e0s empresas cuja atividade, n\u00e3o estando suspensa ou encerrada, foi significativamente afetada pela interrup\u00e7\u00e3o das cadeias de abastecimento globais, ou da suspens\u00e3o ou cancelamento de encomendas&#8221; e aos s\u00f3cios-gerentes.Est\u00e1 tamb\u00e9m previsto um apoio adicional simplificado para as microempresas durante o terceiro trimestre de 2021 e um novo incentivo extraordin\u00e1rio \u00e0 normaliza\u00e7\u00e3o da atividade empresarial.J\u00e1 no \u00e2mbito da forma\u00e7\u00e3o profissional cumul\u00e1vel com o apoio \u00e0 retoma, o diploma estabelece &#8220;um prazo extraordin\u00e1rio&#8221; para o in\u00edcio de planos j\u00e1 aprovados pelo Instituto do Emprego e Forma\u00e7\u00e3o Profissional (IEFP).&#8221;Pretende-se garantir que aqueles planos de forma\u00e7\u00e3o possam ter in\u00edcio cinco dias \u00fateis ap\u00f3s o termo da suspens\u00e3o das atividades formativas, mesmo que as empresas j\u00e1 n\u00e3o se encontrem abrangidas pelo apoio extraordin\u00e1rio, garantindo-se que continuam a ser apoiadas e evitando, assim, um tratamento desigual entre empresas que t\u00eam possibilidade de implementar a forma\u00e7\u00e3o \u00e0 dist\u00e2ncia e conseguem iniciar os planos no imediato e as restantes que est\u00e3o impossibilitadas de o fazer&#8221;, indica o diploma.<br \/>\n<br \/>\n<!--noindex--><br \/>\n<a href=\"http:\/\/feeds.jn.pt\/~r\/JN-ECONOMIA\/~3\/ru54W9Q6lyA\/marcelo-promulga-prolongamento-do-apoio-a-retoma-ate-setembro-13492303.html\" rel=\"nofollow\">Source link <\/a><br \/>\n<!--\/noindex--><\/p>\n","protected":false},"excerpt":{"rendered":"<p>JN\/Ag\u00eanciasOntem\u00a0\u00e0s\u00a022:18O Presidente da Rep\u00fablica promulgou esta ter\u00e7a-feira o diploma que prev\u00ea o prolongamento do apoio \u00e0 retoma at\u00e9 setembro e o alargamento do lay-off simplificado, entre outras medidas para mitigar o impacto da pandemia nas empresas e trabalhadores.De acordo com uma nota publicada na p\u00e1gina da Presid\u00eancia, Marcelo Rebelo de Sousa promulgou esta ter\u00e7a-feira &#8220;o [&hellip;]<\/p>\n","protected":false},"author":2,"featured_media":3321,"comment_status":"open","ping_status":"open","sticky":false,"template":"","format":"standard","meta":{"footnotes":""},"categories":[1],"tags":[],"class_list":["post-3320","post","type-post","status-publish","format-standard","has-post-thumbnail","hentry","category-ultimas-noticias-financeiras"],"yoast_head":"<!-- This site is optimized with the Yoast SEO plugin v27.4 - https:\/\/yoast.com\/product\/yoast-seo-wordpress\/ -->\n<title>Marcelo promulga prolongamento do apoio \u00e0 retoma at\u00e9 setembro - Hot News in World<\/title>\n<meta name=\"robots\" content=\"index, follow, max-snippet:-1, max-image-preview:large, max-video-preview:-1\" \/>\n<link rel=\"canonical\" href=\"https:\/\/hotnewsinworld.com\/pt\/marcelo-promulga-prolongamento-do-apoio-a-retoma-ate-setembro\/\" \/>\n<meta property=\"og:locale\" content=\"pt_PT\" \/>\n<meta property=\"og:type\" content=\"article\" \/>\n<meta property=\"og:title\" content=\"Marcelo promulga prolongamento do apoio \u00e0 retoma at\u00e9 setembro - Hot News in World\" \/>\n<meta property=\"og:description\" content=\"JN\/Ag\u00eanciasOntem\u00a0\u00e0s\u00a022:18O Presidente da Rep\u00fablica promulgou esta ter\u00e7a-feira o diploma que prev\u00ea o prolongamento do apoio \u00e0 retoma at\u00e9 setembro e o alargamento do lay-off simplificado, entre outras medidas para mitigar o impacto da pandemia nas empresas e trabalhadores.De acordo com uma nota publicada na p\u00e1gina da Presid\u00eancia, Marcelo Rebelo de Sousa promulgou esta ter\u00e7a-feira &#8220;o [&hellip;]\" \/>\n<meta property=\"og:url\" content=\"https:\/\/hotnewsinworld.com\/pt\/marcelo-promulga-prolongamento-do-apoio-a-retoma-ate-setembro\/\" \/>\n<meta property=\"og:site_name\" content=\"Hot News in World\" \/>\n<meta property=\"article:published_time\" content=\"2021-03-24T03:55:38+00:00\" \/>\n<meta property=\"article:modified_time\" content=\"2021-03-24T03:55:40+00:00\" \/>\n<meta property=\"og:image\" content=\"https:\/\/hotnewsinworld.com\/pt\/wp-content\/uploads\/sites\/2\/2021\/03\/Marcelo-promulga-prolongamento-do-apoio-a-retoma-ate-setembro.jpg\" \/>\n\t<meta property=\"og:image:width\" content=\"800\" \/>\n\t<meta property=\"og:image:height\" content=\"420\" \/>\n\t<meta property=\"og:image:type\" content=\"image\/jpeg\" \/>\n<meta name=\"author\" content=\"hotnewsinworld\" \/>\n<meta name=\"twitter:card\" content=\"summary_large_image\" \/>\n<meta name=\"twitter:label1\" content=\"Escrito por\" \/>\n\t<meta name=\"twitter:data1\" content=\"hotnewsinworld\" \/>\n\t<meta name=\"twitter:label2\" content=\"Tempo estimado de leitura\" \/>\n\t<meta name=\"twitter:data2\" content=\"2 minutos\" \/>\n<script type=\"application\/ld+json\" class=\"yoast-schema-graph\">{\"@context\":\"https:\\\/\\\/schema.org\",\"@graph\":[{\"@type\":\"Article\",\"@id\":\"https:\\\/\\\/hotnewsinworld.com\\\/pt\\\/marcelo-promulga-prolongamento-do-apoio-a-retoma-ate-setembro\\\/#article\",\"isPartOf\":{\"@id\":\"https:\\\/\\\/hotnewsinworld.com\\\/pt\\\/marcelo-promulga-prolongamento-do-apoio-a-retoma-ate-setembro\\\/\"},\"author\":{\"name\":\"hotnewsinworld\",\"@id\":\"https:\\\/\\\/hotnewsinworld.com\\\/pt\\\/#\\\/schema\\\/person\\\/fe61448b21c0d59086e75fcc1f9d8f6b\"},\"headline\":\"Marcelo promulga prolongamento do apoio \u00e0 retoma at\u00e9 setembro\",\"datePublished\":\"2021-03-24T03:55:38+00:00\",\"dateModified\":\"2021-03-24T03:55:40+00:00\",\"mainEntityOfPage\":{\"@id\":\"https:\\\/\\\/hotnewsinworld.com\\\/pt\\\/marcelo-promulga-prolongamento-do-apoio-a-retoma-ate-setembro\\\/\"},\"wordCount\":415,\"commentCount\":0,\"image\":{\"@id\":\"https:\\\/\\\/hotnewsinworld.com\\\/pt\\\/marcelo-promulga-prolongamento-do-apoio-a-retoma-ate-setembro\\\/#primaryimage\"},\"thumbnailUrl\":\"https:\\\/\\\/hotnewsinworld.com\\\/pt\\\/wp-content\\\/uploads\\\/sites\\\/2\\\/2021\\\/03\\\/Marcelo-promulga-prolongamento-do-apoio-a-retoma-ate-setembro.jpg\",\"articleSection\":[\"\u00daLTIMAS NOT\u00cdCIAS FINANCEIRAS\"],\"inLanguage\":\"pt-PT\",\"potentialAction\":[{\"@type\":\"CommentAction\",\"name\":\"Comment\",\"target\":[\"https:\\\/\\\/hotnewsinworld.com\\\/pt\\\/marcelo-promulga-prolongamento-do-apoio-a-retoma-ate-setembro\\\/#respond\"]}]},{\"@type\":\"WebPage\",\"@id\":\"https:\\\/\\\/hotnewsinworld.com\\\/pt\\\/marcelo-promulga-prolongamento-do-apoio-a-retoma-ate-setembro\\\/\",\"url\":\"https:\\\/\\\/hotnewsinworld.com\\\/pt\\\/marcelo-promulga-prolongamento-do-apoio-a-retoma-ate-setembro\\\/\",\"name\":\"Marcelo promulga prolongamento do apoio \u00e0 retoma at\u00e9 setembro - Hot News in World\",\"isPartOf\":{\"@id\":\"https:\\\/\\\/hotnewsinworld.com\\\/pt\\\/#website\"},\"primaryImageOfPage\":{\"@id\":\"https:\\\/\\\/hotnewsinworld.com\\\/pt\\\/marcelo-promulga-prolongamento-do-apoio-a-retoma-ate-setembro\\\/#primaryimage\"},\"image\":{\"@id\":\"https:\\\/\\\/hotnewsinworld.com\\\/pt\\\/marcelo-promulga-prolongamento-do-apoio-a-retoma-ate-setembro\\\/#primaryimage\"},\"thumbnailUrl\":\"https:\\\/\\\/hotnewsinworld.com\\\/pt\\\/wp-content\\\/uploads\\\/sites\\\/2\\\/2021\\\/03\\\/Marcelo-promulga-prolongamento-do-apoio-a-retoma-ate-setembro.jpg\",\"datePublished\":\"2021-03-24T03:55:38+00:00\",\"dateModified\":\"2021-03-24T03:55:40+00:00\",\"author\":{\"@id\":\"https:\\\/\\\/hotnewsinworld.com\\\/pt\\\/#\\\/schema\\\/person\\\/fe61448b21c0d59086e75fcc1f9d8f6b\"},\"breadcrumb\":{\"@id\":\"https:\\\/\\\/hotnewsinworld.com\\\/pt\\\/marcelo-promulga-prolongamento-do-apoio-a-retoma-ate-setembro\\\/#breadcrumb\"},\"inLanguage\":\"pt-PT\",\"potentialAction\":[{\"@type\":\"ReadAction\",\"target\":[\"https:\\\/\\\/hotnewsinworld.com\\\/pt\\\/marcelo-promulga-prolongamento-do-apoio-a-retoma-ate-setembro\\\/\"]}]},{\"@type\":\"ImageObject\",\"inLanguage\":\"pt-PT\",\"@id\":\"https:\\\/\\\/hotnewsinworld.com\\\/pt\\\/marcelo-promulga-prolongamento-do-apoio-a-retoma-ate-setembro\\\/#primaryimage\",\"url\":\"https:\\\/\\\/hotnewsinworld.com\\\/pt\\\/wp-content\\\/uploads\\\/sites\\\/2\\\/2021\\\/03\\\/Marcelo-promulga-prolongamento-do-apoio-a-retoma-ate-setembro.jpg\",\"contentUrl\":\"https:\\\/\\\/hotnewsinworld.com\\\/pt\\\/wp-content\\\/uploads\\\/sites\\\/2\\\/2021\\\/03\\\/Marcelo-promulga-prolongamento-do-apoio-a-retoma-ate-setembro.jpg\",\"width\":800,\"height\":420,\"caption\":\"Marcelo promulga prolongamento do apoio \u00e0 retoma at\u00e9 setembro\"},{\"@type\":\"BreadcrumbList\",\"@id\":\"https:\\\/\\\/hotnewsinworld.com\\\/pt\\\/marcelo-promulga-prolongamento-do-apoio-a-retoma-ate-setembro\\\/#breadcrumb\",\"itemListElement\":[{\"@type\":\"ListItem\",\"position\":1,\"name\":\"\u0413\u043b\u0430\u0432\u043d\u0430\u044f \u0441\u0442\u0440\u0430\u043d\u0438\u0446\u0430\",\"item\":\"https:\\\/\\\/hotnewsinworld.com\\\/pt\\\/\"},{\"@type\":\"ListItem\",\"position\":2,\"name\":\"Marcelo promulga prolongamento do apoio \u00e0 retoma at\u00e9 setembro\"}]},{\"@type\":\"WebSite\",\"@id\":\"https:\\\/\\\/hotnewsinworld.com\\\/pt\\\/#website\",\"url\":\"https:\\\/\\\/hotnewsinworld.com\\\/pt\\\/\",\"name\":\"Hot News in World\",\"description\":\"Hot News in World Portugal\",\"potentialAction\":[{\"@type\":\"SearchAction\",\"target\":{\"@type\":\"EntryPoint\",\"urlTemplate\":\"https:\\\/\\\/hotnewsinworld.com\\\/pt\\\/?s={search_term_string}\"},\"query-input\":{\"@type\":\"PropertyValueSpecification\",\"valueRequired\":true,\"valueName\":\"search_term_string\"}}],\"inLanguage\":\"pt-PT\"},{\"@type\":\"Person\",\"@id\":\"https:\\\/\\\/hotnewsinworld.com\\\/pt\\\/#\\\/schema\\\/person\\\/fe61448b21c0d59086e75fcc1f9d8f6b\",\"name\":\"hotnewsinworld\",\"image\":{\"@type\":\"ImageObject\",\"inLanguage\":\"pt-PT\",\"@id\":\"https:\\\/\\\/secure.gravatar.com\\\/avatar\\\/8a09ac165600ce2e1c38fe593c63928eb1e6e7ba5c5a907d67787c41b3d00c14?s=96&d=mm&r=g\",\"url\":\"https:\\\/\\\/secure.gravatar.com\\\/avatar\\\/8a09ac165600ce2e1c38fe593c63928eb1e6e7ba5c5a907d67787c41b3d00c14?s=96&d=mm&r=g\",\"contentUrl\":\"https:\\\/\\\/secure.gravatar.com\\\/avatar\\\/8a09ac165600ce2e1c38fe593c63928eb1e6e7ba5c5a907d67787c41b3d00c14?s=96&d=mm&r=g\",\"caption\":\"hotnewsinworld\"},\"url\":\"https:\\\/\\\/hotnewsinworld.com\\\/pt\\\/author\\\/pt\\\/\"}]}<\/script>\n<!-- \/ Yoast SEO plugin. -->","yoast_head_json":{"title":"Marcelo promulga prolongamento do apoio \u00e0 retoma at\u00e9 setembro - Hot News in World","robots":{"index":"index","follow":"follow","max-snippet":"max-snippet:-1","max-image-preview":"max-image-preview:large","max-video-preview":"max-video-preview:-1"},"canonical":"https:\/\/hotnewsinworld.com\/pt\/marcelo-promulga-prolongamento-do-apoio-a-retoma-ate-setembro\/","og_locale":"pt_PT","og_type":"article","og_title":"Marcelo promulga prolongamento do apoio \u00e0 retoma at\u00e9 setembro - Hot News in World","og_description":"JN\/Ag\u00eanciasOntem\u00a0\u00e0s\u00a022:18O Presidente da Rep\u00fablica promulgou esta ter\u00e7a-feira o diploma que prev\u00ea o prolongamento do apoio \u00e0 retoma at\u00e9 setembro e o alargamento do lay-off simplificado, entre outras medidas para mitigar o impacto da pandemia nas empresas e trabalhadores.De acordo com uma nota publicada na p\u00e1gina da Presid\u00eancia, Marcelo Rebelo de Sousa promulgou esta ter\u00e7a-feira &#8220;o [&hellip;]","og_url":"https:\/\/hotnewsinworld.com\/pt\/marcelo-promulga-prolongamento-do-apoio-a-retoma-ate-setembro\/","og_site_name":"Hot News in World","article_published_time":"2021-03-24T03:55:38+00:00","article_modified_time":"2021-03-24T03:55:40+00:00","og_image":[{"width":800,"height":420,"url":"https:\/\/hotnewsinworld.com\/pt\/wp-content\/uploads\/sites\/2\/2021\/03\/Marcelo-promulga-prolongamento-do-apoio-a-retoma-ate-setembro.jpg","type":"image\/jpeg"}],"author":"hotnewsinworld","twitter_card":"summary_large_image","twitter_misc":{"Escrito por":"hotnewsinworld","Tempo estimado de leitura":"2 minutos"},"schema":{"@context":"https:\/\/schema.org","@graph":[{"@type":"Article","@id":"https:\/\/hotnewsinworld.com\/pt\/marcelo-promulga-prolongamento-do-apoio-a-retoma-ate-setembro\/#article","isPartOf":{"@id":"https:\/\/hotnewsinworld.com\/pt\/marcelo-promulga-prolongamento-do-apoio-a-retoma-ate-setembro\/"},"author":{"name":"hotnewsinworld","@id":"https:\/\/hotnewsinworld.com\/pt\/#\/schema\/person\/fe61448b21c0d59086e75fcc1f9d8f6b"},"headline":"Marcelo promulga prolongamento do apoio \u00e0 retoma at\u00e9 setembro","datePublished":"2021-03-24T03:55:38+00:00","dateModified":"2021-03-24T03:55:40+00:00","mainEntityOfPage":{"@id":"https:\/\/hotnewsinworld.com\/pt\/marcelo-promulga-prolongamento-do-apoio-a-retoma-ate-setembro\/"},"wordCount":415,"commentCount":0,"image":{"@id":"https:\/\/hotnewsinworld.com\/pt\/marcelo-promulga-prolongamento-do-apoio-a-retoma-ate-setembro\/#primaryimage"},"thumbnailUrl":"https:\/\/hotnewsinworld.com\/pt\/wp-content\/uploads\/sites\/2\/2021\/03\/Marcelo-promulga-prolongamento-do-apoio-a-retoma-ate-setembro.jpg","articleSection":["\u00daLTIMAS NOT\u00cdCIAS FINANCEIRAS"],"inLanguage":"pt-PT","potentialAction":[{"@type":"CommentAction","name":"Comment","target":["https:\/\/hotnewsinworld.com\/pt\/marcelo-promulga-prolongamento-do-apoio-a-retoma-ate-setembro\/#respond"]}]},{"@type":"WebPage","@id":"https:\/\/hotnewsinworld.com\/pt\/marcelo-promulga-prolongamento-do-apoio-a-retoma-ate-setembro\/","url":"https:\/\/hotnewsinworld.com\/pt\/marcelo-promulga-prolongamento-do-apoio-a-retoma-ate-setembro\/","name":"Marcelo promulga prolongamento do apoio \u00e0 retoma at\u00e9 setembro - Hot News in World","isPartOf":{"@id":"https:\/\/hotnewsinworld.com\/pt\/#website"},"primaryImageOfPage":{"@id":"https:\/\/hotnewsinworld.com\/pt\/marcelo-promulga-prolongamento-do-apoio-a-retoma-ate-setembro\/#primaryimage"},"image":{"@id":"https:\/\/hotnewsinworld.com\/pt\/marcelo-promulga-prolongamento-do-apoio-a-retoma-ate-setembro\/#primaryimage"},"thumbnailUrl":"https:\/\/hotnewsinworld.com\/pt\/wp-content\/uploads\/sites\/2\/2021\/03\/Marcelo-promulga-prolongamento-do-apoio-a-retoma-ate-setembro.jpg","datePublished":"2021-03-24T03:55:38+00:00","dateModified":"2021-03-24T03:55:40+00:00","author":{"@id":"https:\/\/hotnewsinworld.com\/pt\/#\/schema\/person\/fe61448b21c0d59086e75fcc1f9d8f6b"},"breadcrumb":{"@id":"https:\/\/hotnewsinworld.com\/pt\/marcelo-promulga-prolongamento-do-apoio-a-retoma-ate-setembro\/#breadcrumb"},"inLanguage":"pt-PT","potentialAction":[{"@type":"ReadAction","target":["https:\/\/hotnewsinworld.com\/pt\/marcelo-promulga-prolongamento-do-apoio-a-retoma-ate-setembro\/"]}]},{"@type":"ImageObject","inLanguage":"pt-PT","@id":"https:\/\/hotnewsinworld.com\/pt\/marcelo-promulga-prolongamento-do-apoio-a-retoma-ate-setembro\/#primaryimage","url":"https:\/\/hotnewsinworld.com\/pt\/wp-content\/uploads\/sites\/2\/2021\/03\/Marcelo-promulga-prolongamento-do-apoio-a-retoma-ate-setembro.jpg","contentUrl":"https:\/\/hotnewsinworld.com\/pt\/wp-content\/uploads\/sites\/2\/2021\/03\/Marcelo-promulga-prolongamento-do-apoio-a-retoma-ate-setembro.jpg","width":800,"height":420,"caption":"Marcelo promulga prolongamento do apoio \u00e0 retoma at\u00e9 setembro"},{"@type":"BreadcrumbList","@id":"https:\/\/hotnewsinworld.com\/pt\/marcelo-promulga-prolongamento-do-apoio-a-retoma-ate-setembro\/#breadcrumb","itemListElement":[{"@type":"ListItem","position":1,"name":"\u0413\u043b\u0430\u0432\u043d\u0430\u044f \u0441\u0442\u0440\u0430\u043d\u0438\u0446\u0430","item":"https:\/\/hotnewsinworld.com\/pt\/"},{"@type":"ListItem","position":2,"name":"Marcelo promulga prolongamento do apoio \u00e0 retoma at\u00e9 setembro"}]},{"@type":"WebSite","@id":"https:\/\/hotnewsinworld.com\/pt\/#website","url":"https:\/\/hotnewsinworld.com\/pt\/","name":"Hot News in World","description":"Hot News in World Portugal","potentialAction":[{"@type":"SearchAction","target":{"@type":"EntryPoint","urlTemplate":"https:\/\/hotnewsinworld.com\/pt\/?s={search_term_string}"},"query-input":{"@type":"PropertyValueSpecification","valueRequired":true,"valueName":"search_term_string"}}],"inLanguage":"pt-PT"},{"@type":"Person","@id":"https:\/\/hotnewsinworld.com\/pt\/#\/schema\/person\/fe61448b21c0d59086e75fcc1f9d8f6b","name":"hotnewsinworld","image":{"@type":"ImageObject","inLanguage":"pt-PT","@id":"https:\/\/secure.gravatar.com\/avatar\/8a09ac165600ce2e1c38fe593c63928eb1e6e7ba5c5a907d67787c41b3d00c14?s=96&d=mm&r=g","url":"https:\/\/secure.gravatar.com\/avatar\/8a09ac165600ce2e1c38fe593c63928eb1e6e7ba5c5a907d67787c41b3d00c14?s=96&d=mm&r=g","contentUrl":"https:\/\/secure.gravatar.com\/avatar\/8a09ac165600ce2e1c38fe593c63928eb1e6e7ba5c5a907d67787c41b3d00c14?s=96&d=mm&r=g","caption":"hotnewsinworld"},"url":"https:\/\/hotnewsinworld.com\/pt\/author\/pt\/"}]}},"_links":{"self":[{"href":"https:\/\/hotnewsinworld.com\/pt\/wp-json\/wp\/v2\/posts\/3320","targetHints":{"allow":["GET"]}}],"collection":[{"href":"https:\/\/hotnewsinworld.com\/pt\/wp-json\/wp\/v2\/posts"}],"about":[{"href":"https:\/\/hotnewsinworld.com\/pt\/wp-json\/wp\/v2\/types\/post"}],"author":[{"embeddable":true,"href":"https:\/\/hotnewsinworld.com\/pt\/wp-json\/wp\/v2\/users\/2"}],"replies":[{"embeddable":true,"href":"https:\/\/hotnewsinworld.com\/pt\/wp-json\/wp\/v2\/comments?post=3320"}],"version-history":[{"count":1,"href":"https:\/\/hotnewsinworld.com\/pt\/wp-json\/wp\/v2\/posts\/3320\/revisions"}],"predecessor-version":[{"id":3322,"href":"https:\/\/hotnewsinworld.com\/pt\/wp-json\/wp\/v2\/posts\/3320\/revisions\/3322"}],"wp:featuredmedia":[{"embeddable":true,"href":"https:\/\/hotnewsinworld.com\/pt\/wp-json\/wp\/v2\/media\/3321"}],"wp:attachment":[{"href":"https:\/\/hotnewsinworld.com\/pt\/wp-json\/wp\/v2\/media?parent=3320"}],"wp:term":[{"taxonomy":"category","embeddable":true,"href":"https:\/\/hotnewsinworld.com\/pt\/wp-json\/wp\/v2\/categories?post=3320"},{"taxonomy":"post_tag","embeddable":true,"href":"https:\/\/hotnewsinworld.com\/pt\/wp-json\/wp\/v2\/tags?post=3320"}],"curies":[{"name":"wp","href":"https:\/\/api.w.org\/{rel}","templated":true}]}}