{"id":3329,"date":"2021-03-25T19:31:43","date_gmt":"2021-03-25T16:31:43","guid":{"rendered":"https:\/\/hotnewsinworld.com\/pt\/defice-agrava-se-ate-fevereiro\/"},"modified":"2021-03-25T19:31:46","modified_gmt":"2021-03-25T16:31:46","slug":"defice-agrava-se-ate-fevereiro","status":"publish","type":"post","link":"https:\/\/hotnewsinworld.com\/pt\/defice-agrava-se-ate-fevereiro\/","title":{"rendered":"D\u00e9fice agrava-se at\u00e9 fevereiro"},"content":{"rendered":"<p>JN\/Ag\u00eanciasHoje\u00a0\u00e0s\u00a014:44O d\u00e9fice das administra\u00e7\u00f5es p\u00fablicas em Portugal foi de 1.153 milh\u00f5es de euros at\u00e9 fevereiro, um agravamento de 2.504 milh\u00f5es face ao mesmo per\u00edodo do ano passado.&#8221;A execu\u00e7\u00e3o or\u00e7amental em contabilidade p\u00fablica das Administra\u00e7\u00f5es P\u00fablicas (AP) at\u00e9 fevereiro registou um d\u00e9fice de 1.153 milh\u00f5es de euros, um agravamento hom\u00f3logo de 2.504 milh\u00f5es de euros explicado pelo impacto das medidas de confinamento para travar a propaga\u00e7\u00e3o da pandemia&#8221;, de acordo com um comunicado sobre a execu\u00e7\u00e3o or\u00e7amental hoje divulgado pelo Minist\u00e9rio das Finan\u00e7as.O minist\u00e9rio liderado por Jo\u00e3o Le\u00e3o acrescenta que &#8220;a degrada\u00e7\u00e3o do d\u00e9fice traduz a significativa contra\u00e7\u00e3o da receita (-11,8%) e o forte crescimento da despesa prim\u00e1ria (+6,9%)&#8221;, reflexo dos impactos negativos na economia e das medidas de apoio no \u00e2mbito da pandemia.<br \/>\n<br \/>\n<!--noindex--><br \/>\n<a href=\"http:\/\/feeds.jn.pt\/~r\/JN-ECONOMIA\/~3\/mQl82f_dvt0\/defice-agrava-se-ate-fevereiro-13499260.html\" rel=\"nofollow\">Source link <\/a><br \/>\n<!--\/noindex--><\/p>\n","protected":false},"excerpt":{"rendered":"<p>JN\/Ag\u00eanciasHoje\u00a0\u00e0s\u00a014:44O d\u00e9fice das administra\u00e7\u00f5es p\u00fablicas em Portugal foi de 1.153 milh\u00f5es de euros at\u00e9 fevereiro, um agravamento de 2.504 milh\u00f5es face ao mesmo per\u00edodo do ano passado.&#8221;A execu\u00e7\u00e3o or\u00e7amental em contabilidade p\u00fablica das Administra\u00e7\u00f5es P\u00fablicas (AP) at\u00e9 fevereiro registou um d\u00e9fice de 1.153 milh\u00f5es de euros, um agravamento hom\u00f3logo de 2.504 milh\u00f5es de euros explicado [&hellip;]<\/p>\n","protected":false},"author":2,"featured_media":3330,"comment_status":"open","ping_status":"open","sticky":false,"template":"","format":"standard","meta":{"footnotes":""},"categories":[1],"tags":[],"class_list":["post-3329","post","type-post","status-publish","format-standard","has-post-thumbnail","hentry","category-ultimas-noticias-financeiras"],"yoast_head":"<!-- This site is optimized with the Yoast SEO plugin v27.4 - https:\/\/yoast.com\/product\/yoast-seo-wordpress\/ -->\n<title>D\u00e9fice agrava-se at\u00e9 fevereiro - Hot News in World<\/title>\n<meta name=\"robots\" content=\"index, follow, max-snippet:-1, max-image-preview:large, max-video-preview:-1\" \/>\n<link rel=\"canonical\" href=\"https:\/\/hotnewsinworld.com\/pt\/defice-agrava-se-ate-fevereiro\/\" \/>\n<meta property=\"og:locale\" content=\"pt_PT\" \/>\n<meta property=\"og:type\" content=\"article\" \/>\n<meta property=\"og:title\" content=\"D\u00e9fice agrava-se at\u00e9 fevereiro - Hot News in World\" \/>\n<meta property=\"og:description\" content=\"JN\/Ag\u00eanciasHoje\u00a0\u00e0s\u00a014:44O d\u00e9fice das administra\u00e7\u00f5es p\u00fablicas em Portugal foi de 1.153 milh\u00f5es de euros at\u00e9 fevereiro, um agravamento de 2.504 milh\u00f5es face ao mesmo per\u00edodo do ano passado.&#8221;A execu\u00e7\u00e3o or\u00e7amental em contabilidade p\u00fablica das Administra\u00e7\u00f5es P\u00fablicas (AP) at\u00e9 fevereiro registou um d\u00e9fice de 1.153 milh\u00f5es de euros, um agravamento hom\u00f3logo de 2.504 milh\u00f5es de euros explicado [&hellip;]\" \/>\n<meta property=\"og:url\" content=\"https:\/\/hotnewsinworld.com\/pt\/defice-agrava-se-ate-fevereiro\/\" \/>\n<meta property=\"og:site_name\" content=\"Hot News in World\" \/>\n<meta property=\"article:published_time\" content=\"2021-03-25T16:31:43+00:00\" \/>\n<meta property=\"article:modified_time\" content=\"2021-03-25T16:31:46+00:00\" \/>\n<meta property=\"og:image\" content=\"https:\/\/hotnewsinworld.com\/pt\/wp-content\/uploads\/sites\/2\/2021\/03\/Defice-agrava-se-ate-fevereiro.jpg\" \/>\n\t<meta property=\"og:image:width\" content=\"800\" \/>\n\t<meta property=\"og:image:height\" content=\"420\" \/>\n\t<meta property=\"og:image:type\" content=\"image\/jpeg\" \/>\n<meta name=\"author\" content=\"hotnewsinworld\" \/>\n<meta name=\"twitter:card\" content=\"summary_large_image\" \/>\n<meta name=\"twitter:label1\" content=\"Escrito por\" \/>\n\t<meta name=\"twitter:data1\" content=\"hotnewsinworld\" \/>\n\t<meta name=\"twitter:label2\" content=\"Tempo estimado de leitura\" \/>\n\t<meta name=\"twitter:data2\" content=\"1 minuto\" \/>\n<script type=\"application\/ld+json\" class=\"yoast-schema-graph\">{\"@context\":\"https:\\\/\\\/schema.org\",\"@graph\":[{\"@type\":\"Article\",\"@id\":\"https:\\\/\\\/hotnewsinworld.com\\\/pt\\\/defice-agrava-se-ate-fevereiro\\\/#article\",\"isPartOf\":{\"@id\":\"https:\\\/\\\/hotnewsinworld.com\\\/pt\\\/defice-agrava-se-ate-fevereiro\\\/\"},\"author\":{\"name\":\"hotnewsinworld\",\"@id\":\"https:\\\/\\\/hotnewsinworld.com\\\/pt\\\/#\\\/schema\\\/person\\\/fe61448b21c0d59086e75fcc1f9d8f6b\"},\"headline\":\"D\u00e9fice agrava-se at\u00e9 fevereiro\",\"datePublished\":\"2021-03-25T16:31:43+00:00\",\"dateModified\":\"2021-03-25T16:31:46+00:00\",\"mainEntityOfPage\":{\"@id\":\"https:\\\/\\\/hotnewsinworld.com\\\/pt\\\/defice-agrava-se-ate-fevereiro\\\/\"},\"wordCount\":158,\"commentCount\":0,\"image\":{\"@id\":\"https:\\\/\\\/hotnewsinworld.com\\\/pt\\\/defice-agrava-se-ate-fevereiro\\\/#primaryimage\"},\"thumbnailUrl\":\"https:\\\/\\\/hotnewsinworld.com\\\/pt\\\/wp-content\\\/uploads\\\/sites\\\/2\\\/2021\\\/03\\\/Defice-agrava-se-ate-fevereiro.jpg\",\"articleSection\":[\"\u00daLTIMAS NOT\u00cdCIAS FINANCEIRAS\"],\"inLanguage\":\"pt-PT\",\"potentialAction\":[{\"@type\":\"CommentAction\",\"name\":\"Comment\",\"target\":[\"https:\\\/\\\/hotnewsinworld.com\\\/pt\\\/defice-agrava-se-ate-fevereiro\\\/#respond\"]}]},{\"@type\":\"WebPage\",\"@id\":\"https:\\\/\\\/hotnewsinworld.com\\\/pt\\\/defice-agrava-se-ate-fevereiro\\\/\",\"url\":\"https:\\\/\\\/hotnewsinworld.com\\\/pt\\\/defice-agrava-se-ate-fevereiro\\\/\",\"name\":\"D\u00e9fice agrava-se at\u00e9 fevereiro - Hot News in World\",\"isPartOf\":{\"@id\":\"https:\\\/\\\/hotnewsinworld.com\\\/pt\\\/#website\"},\"primaryImageOfPage\":{\"@id\":\"https:\\\/\\\/hotnewsinworld.com\\\/pt\\\/defice-agrava-se-ate-fevereiro\\\/#primaryimage\"},\"image\":{\"@id\":\"https:\\\/\\\/hotnewsinworld.com\\\/pt\\\/defice-agrava-se-ate-fevereiro\\\/#primaryimage\"},\"thumbnailUrl\":\"https:\\\/\\\/hotnewsinworld.com\\\/pt\\\/wp-content\\\/uploads\\\/sites\\\/2\\\/2021\\\/03\\\/Defice-agrava-se-ate-fevereiro.jpg\",\"datePublished\":\"2021-03-25T16:31:43+00:00\",\"dateModified\":\"2021-03-25T16:31:46+00:00\",\"author\":{\"@id\":\"https:\\\/\\\/hotnewsinworld.com\\\/pt\\\/#\\\/schema\\\/person\\\/fe61448b21c0d59086e75fcc1f9d8f6b\"},\"breadcrumb\":{\"@id\":\"https:\\\/\\\/hotnewsinworld.com\\\/pt\\\/defice-agrava-se-ate-fevereiro\\\/#breadcrumb\"},\"inLanguage\":\"pt-PT\",\"potentialAction\":[{\"@type\":\"ReadAction\",\"target\":[\"https:\\\/\\\/hotnewsinworld.com\\\/pt\\\/defice-agrava-se-ate-fevereiro\\\/\"]}]},{\"@type\":\"ImageObject\",\"inLanguage\":\"pt-PT\",\"@id\":\"https:\\\/\\\/hotnewsinworld.com\\\/pt\\\/defice-agrava-se-ate-fevereiro\\\/#primaryimage\",\"url\":\"https:\\\/\\\/hotnewsinworld.com\\\/pt\\\/wp-content\\\/uploads\\\/sites\\\/2\\\/2021\\\/03\\\/Defice-agrava-se-ate-fevereiro.jpg\",\"contentUrl\":\"https:\\\/\\\/hotnewsinworld.com\\\/pt\\\/wp-content\\\/uploads\\\/sites\\\/2\\\/2021\\\/03\\\/Defice-agrava-se-ate-fevereiro.jpg\",\"width\":800,\"height\":420,\"caption\":\"D\u00e9fice agrava-se at\u00e9 fevereiro\"},{\"@type\":\"BreadcrumbList\",\"@id\":\"https:\\\/\\\/hotnewsinworld.com\\\/pt\\\/defice-agrava-se-ate-fevereiro\\\/#breadcrumb\",\"itemListElement\":[{\"@type\":\"ListItem\",\"position\":1,\"name\":\"\u0413\u043b\u0430\u0432\u043d\u0430\u044f \u0441\u0442\u0440\u0430\u043d\u0438\u0446\u0430\",\"item\":\"https:\\\/\\\/hotnewsinworld.com\\\/pt\\\/\"},{\"@type\":\"ListItem\",\"position\":2,\"name\":\"D\u00e9fice agrava-se at\u00e9 fevereiro\"}]},{\"@type\":\"WebSite\",\"@id\":\"https:\\\/\\\/hotnewsinworld.com\\\/pt\\\/#website\",\"url\":\"https:\\\/\\\/hotnewsinworld.com\\\/pt\\\/\",\"name\":\"Hot News in World\",\"description\":\"Hot News in World Portugal\",\"potentialAction\":[{\"@type\":\"SearchAction\",\"target\":{\"@type\":\"EntryPoint\",\"urlTemplate\":\"https:\\\/\\\/hotnewsinworld.com\\\/pt\\\/?s={search_term_string}\"},\"query-input\":{\"@type\":\"PropertyValueSpecification\",\"valueRequired\":true,\"valueName\":\"search_term_string\"}}],\"inLanguage\":\"pt-PT\"},{\"@type\":\"Person\",\"@id\":\"https:\\\/\\\/hotnewsinworld.com\\\/pt\\\/#\\\/schema\\\/person\\\/fe61448b21c0d59086e75fcc1f9d8f6b\",\"name\":\"hotnewsinworld\",\"image\":{\"@type\":\"ImageObject\",\"inLanguage\":\"pt-PT\",\"@id\":\"https:\\\/\\\/secure.gravatar.com\\\/avatar\\\/8a09ac165600ce2e1c38fe593c63928eb1e6e7ba5c5a907d67787c41b3d00c14?s=96&d=mm&r=g\",\"url\":\"https:\\\/\\\/secure.gravatar.com\\\/avatar\\\/8a09ac165600ce2e1c38fe593c63928eb1e6e7ba5c5a907d67787c41b3d00c14?s=96&d=mm&r=g\",\"contentUrl\":\"https:\\\/\\\/secure.gravatar.com\\\/avatar\\\/8a09ac165600ce2e1c38fe593c63928eb1e6e7ba5c5a907d67787c41b3d00c14?s=96&d=mm&r=g\",\"caption\":\"hotnewsinworld\"},\"url\":\"https:\\\/\\\/hotnewsinworld.com\\\/pt\\\/author\\\/pt\\\/\"}]}<\/script>\n<!-- \/ Yoast SEO plugin. -->","yoast_head_json":{"title":"D\u00e9fice agrava-se at\u00e9 fevereiro - Hot News in World","robots":{"index":"index","follow":"follow","max-snippet":"max-snippet:-1","max-image-preview":"max-image-preview:large","max-video-preview":"max-video-preview:-1"},"canonical":"https:\/\/hotnewsinworld.com\/pt\/defice-agrava-se-ate-fevereiro\/","og_locale":"pt_PT","og_type":"article","og_title":"D\u00e9fice agrava-se at\u00e9 fevereiro - Hot News in World","og_description":"JN\/Ag\u00eanciasHoje\u00a0\u00e0s\u00a014:44O d\u00e9fice das administra\u00e7\u00f5es p\u00fablicas em Portugal foi de 1.153 milh\u00f5es de euros at\u00e9 fevereiro, um agravamento de 2.504 milh\u00f5es face ao mesmo per\u00edodo do ano passado.&#8221;A execu\u00e7\u00e3o or\u00e7amental em contabilidade p\u00fablica das Administra\u00e7\u00f5es P\u00fablicas (AP) at\u00e9 fevereiro registou um d\u00e9fice de 1.153 milh\u00f5es de euros, um agravamento hom\u00f3logo de 2.504 milh\u00f5es de euros explicado [&hellip;]","og_url":"https:\/\/hotnewsinworld.com\/pt\/defice-agrava-se-ate-fevereiro\/","og_site_name":"Hot News in World","article_published_time":"2021-03-25T16:31:43+00:00","article_modified_time":"2021-03-25T16:31:46+00:00","og_image":[{"width":800,"height":420,"url":"https:\/\/hotnewsinworld.com\/pt\/wp-content\/uploads\/sites\/2\/2021\/03\/Defice-agrava-se-ate-fevereiro.jpg","type":"image\/jpeg"}],"author":"hotnewsinworld","twitter_card":"summary_large_image","twitter_misc":{"Escrito por":"hotnewsinworld","Tempo estimado de leitura":"1 minuto"},"schema":{"@context":"https:\/\/schema.org","@graph":[{"@type":"Article","@id":"https:\/\/hotnewsinworld.com\/pt\/defice-agrava-se-ate-fevereiro\/#article","isPartOf":{"@id":"https:\/\/hotnewsinworld.com\/pt\/defice-agrava-se-ate-fevereiro\/"},"author":{"name":"hotnewsinworld","@id":"https:\/\/hotnewsinworld.com\/pt\/#\/schema\/person\/fe61448b21c0d59086e75fcc1f9d8f6b"},"headline":"D\u00e9fice agrava-se at\u00e9 fevereiro","datePublished":"2021-03-25T16:31:43+00:00","dateModified":"2021-03-25T16:31:46+00:00","mainEntityOfPage":{"@id":"https:\/\/hotnewsinworld.com\/pt\/defice-agrava-se-ate-fevereiro\/"},"wordCount":158,"commentCount":0,"image":{"@id":"https:\/\/hotnewsinworld.com\/pt\/defice-agrava-se-ate-fevereiro\/#primaryimage"},"thumbnailUrl":"https:\/\/hotnewsinworld.com\/pt\/wp-content\/uploads\/sites\/2\/2021\/03\/Defice-agrava-se-ate-fevereiro.jpg","articleSection":["\u00daLTIMAS NOT\u00cdCIAS FINANCEIRAS"],"inLanguage":"pt-PT","potentialAction":[{"@type":"CommentAction","name":"Comment","target":["https:\/\/hotnewsinworld.com\/pt\/defice-agrava-se-ate-fevereiro\/#respond"]}]},{"@type":"WebPage","@id":"https:\/\/hotnewsinworld.com\/pt\/defice-agrava-se-ate-fevereiro\/","url":"https:\/\/hotnewsinworld.com\/pt\/defice-agrava-se-ate-fevereiro\/","name":"D\u00e9fice agrava-se at\u00e9 fevereiro - Hot News in World","isPartOf":{"@id":"https:\/\/hotnewsinworld.com\/pt\/#website"},"primaryImageOfPage":{"@id":"https:\/\/hotnewsinworld.com\/pt\/defice-agrava-se-ate-fevereiro\/#primaryimage"},"image":{"@id":"https:\/\/hotnewsinworld.com\/pt\/defice-agrava-se-ate-fevereiro\/#primaryimage"},"thumbnailUrl":"https:\/\/hotnewsinworld.com\/pt\/wp-content\/uploads\/sites\/2\/2021\/03\/Defice-agrava-se-ate-fevereiro.jpg","datePublished":"2021-03-25T16:31:43+00:00","dateModified":"2021-03-25T16:31:46+00:00","author":{"@id":"https:\/\/hotnewsinworld.com\/pt\/#\/schema\/person\/fe61448b21c0d59086e75fcc1f9d8f6b"},"breadcrumb":{"@id":"https:\/\/hotnewsinworld.com\/pt\/defice-agrava-se-ate-fevereiro\/#breadcrumb"},"inLanguage":"pt-PT","potentialAction":[{"@type":"ReadAction","target":["https:\/\/hotnewsinworld.com\/pt\/defice-agrava-se-ate-fevereiro\/"]}]},{"@type":"ImageObject","inLanguage":"pt-PT","@id":"https:\/\/hotnewsinworld.com\/pt\/defice-agrava-se-ate-fevereiro\/#primaryimage","url":"https:\/\/hotnewsinworld.com\/pt\/wp-content\/uploads\/sites\/2\/2021\/03\/Defice-agrava-se-ate-fevereiro.jpg","contentUrl":"https:\/\/hotnewsinworld.com\/pt\/wp-content\/uploads\/sites\/2\/2021\/03\/Defice-agrava-se-ate-fevereiro.jpg","width":800,"height":420,"caption":"D\u00e9fice agrava-se at\u00e9 fevereiro"},{"@type":"BreadcrumbList","@id":"https:\/\/hotnewsinworld.com\/pt\/defice-agrava-se-ate-fevereiro\/#breadcrumb","itemListElement":[{"@type":"ListItem","position":1,"name":"\u0413\u043b\u0430\u0432\u043d\u0430\u044f \u0441\u0442\u0440\u0430\u043d\u0438\u0446\u0430","item":"https:\/\/hotnewsinworld.com\/pt\/"},{"@type":"ListItem","position":2,"name":"D\u00e9fice agrava-se at\u00e9 fevereiro"}]},{"@type":"WebSite","@id":"https:\/\/hotnewsinworld.com\/pt\/#website","url":"https:\/\/hotnewsinworld.com\/pt\/","name":"Hot News in World","description":"Hot News in World Portugal","potentialAction":[{"@type":"SearchAction","target":{"@type":"EntryPoint","urlTemplate":"https:\/\/hotnewsinworld.com\/pt\/?s={search_term_string}"},"query-input":{"@type":"PropertyValueSpecification","valueRequired":true,"valueName":"search_term_string"}}],"inLanguage":"pt-PT"},{"@type":"Person","@id":"https:\/\/hotnewsinworld.com\/pt\/#\/schema\/person\/fe61448b21c0d59086e75fcc1f9d8f6b","name":"hotnewsinworld","image":{"@type":"ImageObject","inLanguage":"pt-PT","@id":"https:\/\/secure.gravatar.com\/avatar\/8a09ac165600ce2e1c38fe593c63928eb1e6e7ba5c5a907d67787c41b3d00c14?s=96&d=mm&r=g","url":"https:\/\/secure.gravatar.com\/avatar\/8a09ac165600ce2e1c38fe593c63928eb1e6e7ba5c5a907d67787c41b3d00c14?s=96&d=mm&r=g","contentUrl":"https:\/\/secure.gravatar.com\/avatar\/8a09ac165600ce2e1c38fe593c63928eb1e6e7ba5c5a907d67787c41b3d00c14?s=96&d=mm&r=g","caption":"hotnewsinworld"},"url":"https:\/\/hotnewsinworld.com\/pt\/author\/pt\/"}]}},"_links":{"self":[{"href":"https:\/\/hotnewsinworld.com\/pt\/wp-json\/wp\/v2\/posts\/3329","targetHints":{"allow":["GET"]}}],"collection":[{"href":"https:\/\/hotnewsinworld.com\/pt\/wp-json\/wp\/v2\/posts"}],"about":[{"href":"https:\/\/hotnewsinworld.com\/pt\/wp-json\/wp\/v2\/types\/post"}],"author":[{"embeddable":true,"href":"https:\/\/hotnewsinworld.com\/pt\/wp-json\/wp\/v2\/users\/2"}],"replies":[{"embeddable":true,"href":"https:\/\/hotnewsinworld.com\/pt\/wp-json\/wp\/v2\/comments?post=3329"}],"version-history":[{"count":1,"href":"https:\/\/hotnewsinworld.com\/pt\/wp-json\/wp\/v2\/posts\/3329\/revisions"}],"predecessor-version":[{"id":3331,"href":"https:\/\/hotnewsinworld.com\/pt\/wp-json\/wp\/v2\/posts\/3329\/revisions\/3331"}],"wp:featuredmedia":[{"embeddable":true,"href":"https:\/\/hotnewsinworld.com\/pt\/wp-json\/wp\/v2\/media\/3330"}],"wp:attachment":[{"href":"https:\/\/hotnewsinworld.com\/pt\/wp-json\/wp\/v2\/media?parent=3329"}],"wp:term":[{"taxonomy":"category","embeddable":true,"href":"https:\/\/hotnewsinworld.com\/pt\/wp-json\/wp\/v2\/categories?post=3329"},{"taxonomy":"post_tag","embeddable":true,"href":"https:\/\/hotnewsinworld.com\/pt\/wp-json\/wp\/v2\/tags?post=3329"}],"curies":[{"name":"wp","href":"https:\/\/api.w.org\/{rel}","templated":true}]}}