{"id":3338,"date":"2021-03-27T07:41:08","date_gmt":"2021-03-27T04:41:08","guid":{"rendered":"https:\/\/hotnewsinworld.com\/pt\/onze-empresas-portuguesas-participam-em-exercicio-com-produtoras-de-vacinas\/"},"modified":"2021-03-27T07:41:14","modified_gmt":"2021-03-27T04:41:14","slug":"onze-empresas-portuguesas-participam-em-exercicio-com-produtoras-de-vacinas","status":"publish","type":"post","link":"https:\/\/hotnewsinworld.com\/pt\/onze-empresas-portuguesas-participam-em-exercicio-com-produtoras-de-vacinas\/","title":{"rendered":"Onze empresas portuguesas participam em exerc\u00edcio com produtoras de vacinas"},"content":{"rendered":"<p>JN\/Ag\u00eanciasOntem\u00a0\u00e0s\u00a020:56O ministro da Economia anunciou esta sexta-feira que onze empresas portuguesas ir\u00e3o participar, em 29 e 30 de mar\u00e7o, num &#8220;exerc\u00edcio de interliga\u00e7\u00e3o&#8221; com empresas produtoras de vacinas que est\u00e3o a necessitar de maior capacidade de produ\u00e7\u00e3o.Pedro Siza Vieira falava \u00e0 imprensa ap\u00f3s uma reuni\u00e3o com o primeiro-ministro, Ant\u00f3nio Costa, e o comiss\u00e1rio europeu do Mercado Interno e l\u00edder do grupo de trabalho da Uni\u00e3o Europeia (UE) para as vacinas, Thierry Breton, na qual abordaram a produ\u00e7\u00e3o de vacinas contra a covid-19.Questionado sobre o papel de Portugal no desenvolvimento de vacinas, o ministro afirmou que foi identificado &#8220;um grupo de onze empresas que vai participar num evento, que decorrer\u00e1 nos dias 29 e 30 deste m\u00eas, que ser\u00e1 precisamente um exerc\u00edcio de interliga\u00e7\u00e3o&#8221; entre empresas da Europa e as produtoras de vacinas que &#8220;t\u00eam necessidade de capacidade de produ\u00e7\u00e3o&#8221;, ou seja, que t\u00eam sofrido atrasos no processo de fabrico de vacinas.Esse exerc\u00edcio decorre da estrat\u00e9gia apresentada pela Comiss\u00e3o Europeia que, &#8220;entre outras coisas, visa aceder \u00e0s capacidades da UE e assegurar que as capacidades existentes nos v\u00e1rios Estados-membros correspondem \u00e0s necessidades de produ\u00e7\u00e3o&#8221;, apontou.Esperando &#8220;que algumas capacidades j\u00e1 existam&#8221;, Siza Vieira acredita que vai ter de ser feito &#8220;algum investimento daqui para a frente&#8221;.O governante referiu-se \u00e0 f\u00e1brica que est\u00e1 a ser constru\u00edda no norte de Portugal, aludindo \u00e0 empresa em constru\u00e7\u00e3o em Paredes de Coura, &#8220;que visa apenas produzir vacinas para doen\u00e7as virais&#8221; e que espera que possa &#8220;participar nesse esfor\u00e7o&#8221;.Ao mesmo tempo, no \u00e2mbito da presid\u00eancia do Conselho da UE, que Portugal assume at\u00e9 junho, o ministro assegurou estar a trabalhar com a Comiss\u00e3o &#8220;em termos de mapeamento de capacidades&#8221; e no apoio aos &#8220;esfor\u00e7os da &#8216;task force'&#8221; europeia para as vacinas, falando com os 27 e &#8220;certificando-se que este processo atua rapidamente&#8221;.Outro t\u00f3pico abordado na reuni\u00e3o foi a prepara\u00e7\u00e3o dos Estados-membros para &#8220;come\u00e7arem exerc\u00edcios de vacina\u00e7\u00e3o em massa no pr\u00f3ximo trimestre&#8221;, disse.Dando o exemplo de Portugal, que est\u00e1 prestes a iniciar um processo de vacina\u00e7\u00e3o em massa com professores e outros funcion\u00e1rios da rede escolar, Siza Vieira assumiu que esse exerc\u00edcio &#8220;vai testar a nossa capacidade para ter a certeza de que somos capazes de implementar isso diariamente, conforme as vacinas que entregamos&#8221;.Nesse sentido, acredita que &#8220;todos os Estados-membros devem come\u00e7ar a fazer esses exerc\u00edcios porque, como agora vemos a habilidade de entregar vacinas rapidamente, tamb\u00e9m devemos ser capazes de ter a log\u00edstica para realmente entregar as vacinas a toda a popula\u00e7\u00e3o&#8221;.Sobre as limita\u00e7\u00f5es na entrega de vacinas, o ministro destacou a capacidade de produ\u00e7\u00e3o e a entrega da produ\u00e7\u00e3o pelos fornecedores como &#8220;os maiores entraves&#8221;.No entanto, o respons\u00e1vel considera que agora h\u00e1 &#8220;mais visibilidade de como ser\u00e1 esse abastecimento no pr\u00f3ximo trimestre, gra\u00e7as ao esfor\u00e7o da &#8216;task force&#8217; [da UE] e ao mapeamento da capacidade produtiva&#8221;.O ministro foi ainda questionado sobre a possibilidade da quebra de patentes das vacinas, mas sublinhou que o problema na vacina\u00e7\u00e3o da UE \u00e9 &#8220;log\u00edstico&#8221; e &#8220;n\u00e3o um problema de patentes&#8221;.<br \/>\n<br \/>\n<!--noindex--><br \/>\n<a href=\"http:\/\/feeds.jn.pt\/~r\/JN-ECONOMIA\/~3\/kQz2BLJew-Y\/onze-empresas-portuguesas-participam-em-exercicio-com-produtoras-de-vacinas-13505750.html\" rel=\"nofollow\">Source link <\/a><br \/>\n<!--\/noindex--><\/p>\n","protected":false},"excerpt":{"rendered":"<p>JN\/Ag\u00eanciasOntem\u00a0\u00e0s\u00a020:56O ministro da Economia anunciou esta sexta-feira que onze empresas portuguesas ir\u00e3o participar, em 29 e 30 de mar\u00e7o, num &#8220;exerc\u00edcio de interliga\u00e7\u00e3o&#8221; com empresas produtoras de vacinas que est\u00e3o a necessitar de maior capacidade de produ\u00e7\u00e3o.Pedro Siza Vieira falava \u00e0 imprensa ap\u00f3s uma reuni\u00e3o com o primeiro-ministro, Ant\u00f3nio Costa, e o comiss\u00e1rio europeu do [&hellip;]<\/p>\n","protected":false},"author":2,"featured_media":3339,"comment_status":"open","ping_status":"open","sticky":false,"template":"","format":"standard","meta":{"footnotes":""},"categories":[1],"tags":[],"class_list":["post-3338","post","type-post","status-publish","format-standard","has-post-thumbnail","hentry","category-ultimas-noticias-financeiras"],"yoast_head":"<!-- This site is optimized with the Yoast SEO plugin v27.4 - https:\/\/yoast.com\/product\/yoast-seo-wordpress\/ -->\n<title>Onze empresas portuguesas participam em exerc\u00edcio com produtoras de vacinas - Hot News in World<\/title>\n<meta name=\"robots\" content=\"index, follow, max-snippet:-1, max-image-preview:large, max-video-preview:-1\" \/>\n<link rel=\"canonical\" href=\"https:\/\/hotnewsinworld.com\/pt\/onze-empresas-portuguesas-participam-em-exercicio-com-produtoras-de-vacinas\/\" \/>\n<meta property=\"og:locale\" content=\"pt_PT\" \/>\n<meta property=\"og:type\" content=\"article\" \/>\n<meta property=\"og:title\" content=\"Onze empresas portuguesas participam em exerc\u00edcio com produtoras de vacinas - Hot News in World\" \/>\n<meta property=\"og:description\" content=\"JN\/Ag\u00eanciasOntem\u00a0\u00e0s\u00a020:56O ministro da Economia anunciou esta sexta-feira que onze empresas portuguesas ir\u00e3o participar, em 29 e 30 de mar\u00e7o, num &#8220;exerc\u00edcio de interliga\u00e7\u00e3o&#8221; com empresas produtoras de vacinas que est\u00e3o a necessitar de maior capacidade de produ\u00e7\u00e3o.Pedro Siza Vieira falava \u00e0 imprensa ap\u00f3s uma reuni\u00e3o com o primeiro-ministro, Ant\u00f3nio Costa, e o comiss\u00e1rio europeu do [&hellip;]\" \/>\n<meta property=\"og:url\" content=\"https:\/\/hotnewsinworld.com\/pt\/onze-empresas-portuguesas-participam-em-exercicio-com-produtoras-de-vacinas\/\" \/>\n<meta property=\"og:site_name\" content=\"Hot News in World\" \/>\n<meta property=\"article:published_time\" content=\"2021-03-27T04:41:08+00:00\" \/>\n<meta property=\"article:modified_time\" content=\"2021-03-27T04:41:14+00:00\" \/>\n<meta property=\"og:image\" content=\"https:\/\/hotnewsinworld.com\/pt\/wp-content\/uploads\/sites\/2\/2021\/03\/Onze-empresas-portuguesas-participam-em-exercicio-com-produtoras-de-vacinas.jpg\" \/>\n\t<meta property=\"og:image:width\" content=\"800\" \/>\n\t<meta property=\"og:image:height\" content=\"420\" \/>\n\t<meta property=\"og:image:type\" content=\"image\/jpeg\" \/>\n<meta name=\"author\" content=\"hotnewsinworld\" \/>\n<meta name=\"twitter:card\" content=\"summary_large_image\" \/>\n<meta name=\"twitter:label1\" content=\"Escrito por\" \/>\n\t<meta name=\"twitter:data1\" content=\"hotnewsinworld\" \/>\n\t<meta name=\"twitter:label2\" content=\"Tempo estimado de leitura\" \/>\n\t<meta name=\"twitter:data2\" content=\"3 minutos\" \/>\n<script type=\"application\/ld+json\" class=\"yoast-schema-graph\">{\"@context\":\"https:\\\/\\\/schema.org\",\"@graph\":[{\"@type\":\"Article\",\"@id\":\"https:\\\/\\\/hotnewsinworld.com\\\/pt\\\/onze-empresas-portuguesas-participam-em-exercicio-com-produtoras-de-vacinas\\\/#article\",\"isPartOf\":{\"@id\":\"https:\\\/\\\/hotnewsinworld.com\\\/pt\\\/onze-empresas-portuguesas-participam-em-exercicio-com-produtoras-de-vacinas\\\/\"},\"author\":{\"name\":\"hotnewsinworld\",\"@id\":\"https:\\\/\\\/hotnewsinworld.com\\\/pt\\\/#\\\/schema\\\/person\\\/fe61448b21c0d59086e75fcc1f9d8f6b\"},\"headline\":\"Onze empresas portuguesas participam em exerc\u00edcio com produtoras de vacinas\",\"datePublished\":\"2021-03-27T04:41:08+00:00\",\"dateModified\":\"2021-03-27T04:41:14+00:00\",\"mainEntityOfPage\":{\"@id\":\"https:\\\/\\\/hotnewsinworld.com\\\/pt\\\/onze-empresas-portuguesas-participam-em-exercicio-com-produtoras-de-vacinas\\\/\"},\"wordCount\":567,\"commentCount\":0,\"image\":{\"@id\":\"https:\\\/\\\/hotnewsinworld.com\\\/pt\\\/onze-empresas-portuguesas-participam-em-exercicio-com-produtoras-de-vacinas\\\/#primaryimage\"},\"thumbnailUrl\":\"https:\\\/\\\/hotnewsinworld.com\\\/pt\\\/wp-content\\\/uploads\\\/sites\\\/2\\\/2021\\\/03\\\/Onze-empresas-portuguesas-participam-em-exercicio-com-produtoras-de-vacinas.jpg\",\"articleSection\":[\"\u00daLTIMAS NOT\u00cdCIAS FINANCEIRAS\"],\"inLanguage\":\"pt-PT\",\"potentialAction\":[{\"@type\":\"CommentAction\",\"name\":\"Comment\",\"target\":[\"https:\\\/\\\/hotnewsinworld.com\\\/pt\\\/onze-empresas-portuguesas-participam-em-exercicio-com-produtoras-de-vacinas\\\/#respond\"]}]},{\"@type\":\"WebPage\",\"@id\":\"https:\\\/\\\/hotnewsinworld.com\\\/pt\\\/onze-empresas-portuguesas-participam-em-exercicio-com-produtoras-de-vacinas\\\/\",\"url\":\"https:\\\/\\\/hotnewsinworld.com\\\/pt\\\/onze-empresas-portuguesas-participam-em-exercicio-com-produtoras-de-vacinas\\\/\",\"name\":\"Onze empresas portuguesas participam em exerc\u00edcio com produtoras de vacinas - Hot News in World\",\"isPartOf\":{\"@id\":\"https:\\\/\\\/hotnewsinworld.com\\\/pt\\\/#website\"},\"primaryImageOfPage\":{\"@id\":\"https:\\\/\\\/hotnewsinworld.com\\\/pt\\\/onze-empresas-portuguesas-participam-em-exercicio-com-produtoras-de-vacinas\\\/#primaryimage\"},\"image\":{\"@id\":\"https:\\\/\\\/hotnewsinworld.com\\\/pt\\\/onze-empresas-portuguesas-participam-em-exercicio-com-produtoras-de-vacinas\\\/#primaryimage\"},\"thumbnailUrl\":\"https:\\\/\\\/hotnewsinworld.com\\\/pt\\\/wp-content\\\/uploads\\\/sites\\\/2\\\/2021\\\/03\\\/Onze-empresas-portuguesas-participam-em-exercicio-com-produtoras-de-vacinas.jpg\",\"datePublished\":\"2021-03-27T04:41:08+00:00\",\"dateModified\":\"2021-03-27T04:41:14+00:00\",\"author\":{\"@id\":\"https:\\\/\\\/hotnewsinworld.com\\\/pt\\\/#\\\/schema\\\/person\\\/fe61448b21c0d59086e75fcc1f9d8f6b\"},\"breadcrumb\":{\"@id\":\"https:\\\/\\\/hotnewsinworld.com\\\/pt\\\/onze-empresas-portuguesas-participam-em-exercicio-com-produtoras-de-vacinas\\\/#breadcrumb\"},\"inLanguage\":\"pt-PT\",\"potentialAction\":[{\"@type\":\"ReadAction\",\"target\":[\"https:\\\/\\\/hotnewsinworld.com\\\/pt\\\/onze-empresas-portuguesas-participam-em-exercicio-com-produtoras-de-vacinas\\\/\"]}]},{\"@type\":\"ImageObject\",\"inLanguage\":\"pt-PT\",\"@id\":\"https:\\\/\\\/hotnewsinworld.com\\\/pt\\\/onze-empresas-portuguesas-participam-em-exercicio-com-produtoras-de-vacinas\\\/#primaryimage\",\"url\":\"https:\\\/\\\/hotnewsinworld.com\\\/pt\\\/wp-content\\\/uploads\\\/sites\\\/2\\\/2021\\\/03\\\/Onze-empresas-portuguesas-participam-em-exercicio-com-produtoras-de-vacinas.jpg\",\"contentUrl\":\"https:\\\/\\\/hotnewsinworld.com\\\/pt\\\/wp-content\\\/uploads\\\/sites\\\/2\\\/2021\\\/03\\\/Onze-empresas-portuguesas-participam-em-exercicio-com-produtoras-de-vacinas.jpg\",\"width\":800,\"height\":420,\"caption\":\"Onze empresas portuguesas participam em exerc\u00edcio com produtoras de vacinas\"},{\"@type\":\"BreadcrumbList\",\"@id\":\"https:\\\/\\\/hotnewsinworld.com\\\/pt\\\/onze-empresas-portuguesas-participam-em-exercicio-com-produtoras-de-vacinas\\\/#breadcrumb\",\"itemListElement\":[{\"@type\":\"ListItem\",\"position\":1,\"name\":\"\u0413\u043b\u0430\u0432\u043d\u0430\u044f \u0441\u0442\u0440\u0430\u043d\u0438\u0446\u0430\",\"item\":\"https:\\\/\\\/hotnewsinworld.com\\\/pt\\\/\"},{\"@type\":\"ListItem\",\"position\":2,\"name\":\"Onze empresas portuguesas participam em exerc\u00edcio com produtoras de vacinas\"}]},{\"@type\":\"WebSite\",\"@id\":\"https:\\\/\\\/hotnewsinworld.com\\\/pt\\\/#website\",\"url\":\"https:\\\/\\\/hotnewsinworld.com\\\/pt\\\/\",\"name\":\"Hot News in World\",\"description\":\"Hot News in World Portugal\",\"potentialAction\":[{\"@type\":\"SearchAction\",\"target\":{\"@type\":\"EntryPoint\",\"urlTemplate\":\"https:\\\/\\\/hotnewsinworld.com\\\/pt\\\/?s={search_term_string}\"},\"query-input\":{\"@type\":\"PropertyValueSpecification\",\"valueRequired\":true,\"valueName\":\"search_term_string\"}}],\"inLanguage\":\"pt-PT\"},{\"@type\":\"Person\",\"@id\":\"https:\\\/\\\/hotnewsinworld.com\\\/pt\\\/#\\\/schema\\\/person\\\/fe61448b21c0d59086e75fcc1f9d8f6b\",\"name\":\"hotnewsinworld\",\"image\":{\"@type\":\"ImageObject\",\"inLanguage\":\"pt-PT\",\"@id\":\"https:\\\/\\\/secure.gravatar.com\\\/avatar\\\/8a09ac165600ce2e1c38fe593c63928eb1e6e7ba5c5a907d67787c41b3d00c14?s=96&d=mm&r=g\",\"url\":\"https:\\\/\\\/secure.gravatar.com\\\/avatar\\\/8a09ac165600ce2e1c38fe593c63928eb1e6e7ba5c5a907d67787c41b3d00c14?s=96&d=mm&r=g\",\"contentUrl\":\"https:\\\/\\\/secure.gravatar.com\\\/avatar\\\/8a09ac165600ce2e1c38fe593c63928eb1e6e7ba5c5a907d67787c41b3d00c14?s=96&d=mm&r=g\",\"caption\":\"hotnewsinworld\"},\"url\":\"https:\\\/\\\/hotnewsinworld.com\\\/pt\\\/author\\\/pt\\\/\"}]}<\/script>\n<!-- \/ Yoast SEO plugin. -->","yoast_head_json":{"title":"Onze empresas portuguesas participam em exerc\u00edcio com produtoras de vacinas - Hot News in World","robots":{"index":"index","follow":"follow","max-snippet":"max-snippet:-1","max-image-preview":"max-image-preview:large","max-video-preview":"max-video-preview:-1"},"canonical":"https:\/\/hotnewsinworld.com\/pt\/onze-empresas-portuguesas-participam-em-exercicio-com-produtoras-de-vacinas\/","og_locale":"pt_PT","og_type":"article","og_title":"Onze empresas portuguesas participam em exerc\u00edcio com produtoras de vacinas - Hot News in World","og_description":"JN\/Ag\u00eanciasOntem\u00a0\u00e0s\u00a020:56O ministro da Economia anunciou esta sexta-feira que onze empresas portuguesas ir\u00e3o participar, em 29 e 30 de mar\u00e7o, num &#8220;exerc\u00edcio de interliga\u00e7\u00e3o&#8221; com empresas produtoras de vacinas que est\u00e3o a necessitar de maior capacidade de produ\u00e7\u00e3o.Pedro Siza Vieira falava \u00e0 imprensa ap\u00f3s uma reuni\u00e3o com o primeiro-ministro, Ant\u00f3nio Costa, e o comiss\u00e1rio europeu do [&hellip;]","og_url":"https:\/\/hotnewsinworld.com\/pt\/onze-empresas-portuguesas-participam-em-exercicio-com-produtoras-de-vacinas\/","og_site_name":"Hot News in World","article_published_time":"2021-03-27T04:41:08+00:00","article_modified_time":"2021-03-27T04:41:14+00:00","og_image":[{"width":800,"height":420,"url":"https:\/\/hotnewsinworld.com\/pt\/wp-content\/uploads\/sites\/2\/2021\/03\/Onze-empresas-portuguesas-participam-em-exercicio-com-produtoras-de-vacinas.jpg","type":"image\/jpeg"}],"author":"hotnewsinworld","twitter_card":"summary_large_image","twitter_misc":{"Escrito por":"hotnewsinworld","Tempo estimado de leitura":"3 minutos"},"schema":{"@context":"https:\/\/schema.org","@graph":[{"@type":"Article","@id":"https:\/\/hotnewsinworld.com\/pt\/onze-empresas-portuguesas-participam-em-exercicio-com-produtoras-de-vacinas\/#article","isPartOf":{"@id":"https:\/\/hotnewsinworld.com\/pt\/onze-empresas-portuguesas-participam-em-exercicio-com-produtoras-de-vacinas\/"},"author":{"name":"hotnewsinworld","@id":"https:\/\/hotnewsinworld.com\/pt\/#\/schema\/person\/fe61448b21c0d59086e75fcc1f9d8f6b"},"headline":"Onze empresas portuguesas participam em exerc\u00edcio com produtoras de vacinas","datePublished":"2021-03-27T04:41:08+00:00","dateModified":"2021-03-27T04:41:14+00:00","mainEntityOfPage":{"@id":"https:\/\/hotnewsinworld.com\/pt\/onze-empresas-portuguesas-participam-em-exercicio-com-produtoras-de-vacinas\/"},"wordCount":567,"commentCount":0,"image":{"@id":"https:\/\/hotnewsinworld.com\/pt\/onze-empresas-portuguesas-participam-em-exercicio-com-produtoras-de-vacinas\/#primaryimage"},"thumbnailUrl":"https:\/\/hotnewsinworld.com\/pt\/wp-content\/uploads\/sites\/2\/2021\/03\/Onze-empresas-portuguesas-participam-em-exercicio-com-produtoras-de-vacinas.jpg","articleSection":["\u00daLTIMAS NOT\u00cdCIAS FINANCEIRAS"],"inLanguage":"pt-PT","potentialAction":[{"@type":"CommentAction","name":"Comment","target":["https:\/\/hotnewsinworld.com\/pt\/onze-empresas-portuguesas-participam-em-exercicio-com-produtoras-de-vacinas\/#respond"]}]},{"@type":"WebPage","@id":"https:\/\/hotnewsinworld.com\/pt\/onze-empresas-portuguesas-participam-em-exercicio-com-produtoras-de-vacinas\/","url":"https:\/\/hotnewsinworld.com\/pt\/onze-empresas-portuguesas-participam-em-exercicio-com-produtoras-de-vacinas\/","name":"Onze empresas portuguesas participam em exerc\u00edcio com produtoras de vacinas - Hot News in World","isPartOf":{"@id":"https:\/\/hotnewsinworld.com\/pt\/#website"},"primaryImageOfPage":{"@id":"https:\/\/hotnewsinworld.com\/pt\/onze-empresas-portuguesas-participam-em-exercicio-com-produtoras-de-vacinas\/#primaryimage"},"image":{"@id":"https:\/\/hotnewsinworld.com\/pt\/onze-empresas-portuguesas-participam-em-exercicio-com-produtoras-de-vacinas\/#primaryimage"},"thumbnailUrl":"https:\/\/hotnewsinworld.com\/pt\/wp-content\/uploads\/sites\/2\/2021\/03\/Onze-empresas-portuguesas-participam-em-exercicio-com-produtoras-de-vacinas.jpg","datePublished":"2021-03-27T04:41:08+00:00","dateModified":"2021-03-27T04:41:14+00:00","author":{"@id":"https:\/\/hotnewsinworld.com\/pt\/#\/schema\/person\/fe61448b21c0d59086e75fcc1f9d8f6b"},"breadcrumb":{"@id":"https:\/\/hotnewsinworld.com\/pt\/onze-empresas-portuguesas-participam-em-exercicio-com-produtoras-de-vacinas\/#breadcrumb"},"inLanguage":"pt-PT","potentialAction":[{"@type":"ReadAction","target":["https:\/\/hotnewsinworld.com\/pt\/onze-empresas-portuguesas-participam-em-exercicio-com-produtoras-de-vacinas\/"]}]},{"@type":"ImageObject","inLanguage":"pt-PT","@id":"https:\/\/hotnewsinworld.com\/pt\/onze-empresas-portuguesas-participam-em-exercicio-com-produtoras-de-vacinas\/#primaryimage","url":"https:\/\/hotnewsinworld.com\/pt\/wp-content\/uploads\/sites\/2\/2021\/03\/Onze-empresas-portuguesas-participam-em-exercicio-com-produtoras-de-vacinas.jpg","contentUrl":"https:\/\/hotnewsinworld.com\/pt\/wp-content\/uploads\/sites\/2\/2021\/03\/Onze-empresas-portuguesas-participam-em-exercicio-com-produtoras-de-vacinas.jpg","width":800,"height":420,"caption":"Onze empresas portuguesas participam em exerc\u00edcio com produtoras de vacinas"},{"@type":"BreadcrumbList","@id":"https:\/\/hotnewsinworld.com\/pt\/onze-empresas-portuguesas-participam-em-exercicio-com-produtoras-de-vacinas\/#breadcrumb","itemListElement":[{"@type":"ListItem","position":1,"name":"\u0413\u043b\u0430\u0432\u043d\u0430\u044f \u0441\u0442\u0440\u0430\u043d\u0438\u0446\u0430","item":"https:\/\/hotnewsinworld.com\/pt\/"},{"@type":"ListItem","position":2,"name":"Onze empresas portuguesas participam em exerc\u00edcio com produtoras de vacinas"}]},{"@type":"WebSite","@id":"https:\/\/hotnewsinworld.com\/pt\/#website","url":"https:\/\/hotnewsinworld.com\/pt\/","name":"Hot News in World","description":"Hot News in World Portugal","potentialAction":[{"@type":"SearchAction","target":{"@type":"EntryPoint","urlTemplate":"https:\/\/hotnewsinworld.com\/pt\/?s={search_term_string}"},"query-input":{"@type":"PropertyValueSpecification","valueRequired":true,"valueName":"search_term_string"}}],"inLanguage":"pt-PT"},{"@type":"Person","@id":"https:\/\/hotnewsinworld.com\/pt\/#\/schema\/person\/fe61448b21c0d59086e75fcc1f9d8f6b","name":"hotnewsinworld","image":{"@type":"ImageObject","inLanguage":"pt-PT","@id":"https:\/\/secure.gravatar.com\/avatar\/8a09ac165600ce2e1c38fe593c63928eb1e6e7ba5c5a907d67787c41b3d00c14?s=96&d=mm&r=g","url":"https:\/\/secure.gravatar.com\/avatar\/8a09ac165600ce2e1c38fe593c63928eb1e6e7ba5c5a907d67787c41b3d00c14?s=96&d=mm&r=g","contentUrl":"https:\/\/secure.gravatar.com\/avatar\/8a09ac165600ce2e1c38fe593c63928eb1e6e7ba5c5a907d67787c41b3d00c14?s=96&d=mm&r=g","caption":"hotnewsinworld"},"url":"https:\/\/hotnewsinworld.com\/pt\/author\/pt\/"}]}},"_links":{"self":[{"href":"https:\/\/hotnewsinworld.com\/pt\/wp-json\/wp\/v2\/posts\/3338","targetHints":{"allow":["GET"]}}],"collection":[{"href":"https:\/\/hotnewsinworld.com\/pt\/wp-json\/wp\/v2\/posts"}],"about":[{"href":"https:\/\/hotnewsinworld.com\/pt\/wp-json\/wp\/v2\/types\/post"}],"author":[{"embeddable":true,"href":"https:\/\/hotnewsinworld.com\/pt\/wp-json\/wp\/v2\/users\/2"}],"replies":[{"embeddable":true,"href":"https:\/\/hotnewsinworld.com\/pt\/wp-json\/wp\/v2\/comments?post=3338"}],"version-history":[{"count":1,"href":"https:\/\/hotnewsinworld.com\/pt\/wp-json\/wp\/v2\/posts\/3338\/revisions"}],"predecessor-version":[{"id":3340,"href":"https:\/\/hotnewsinworld.com\/pt\/wp-json\/wp\/v2\/posts\/3338\/revisions\/3340"}],"wp:featuredmedia":[{"embeddable":true,"href":"https:\/\/hotnewsinworld.com\/pt\/wp-json\/wp\/v2\/media\/3339"}],"wp:attachment":[{"href":"https:\/\/hotnewsinworld.com\/pt\/wp-json\/wp\/v2\/media?parent=3338"}],"wp:term":[{"taxonomy":"category","embeddable":true,"href":"https:\/\/hotnewsinworld.com\/pt\/wp-json\/wp\/v2\/categories?post=3338"},{"taxonomy":"post_tag","embeddable":true,"href":"https:\/\/hotnewsinworld.com\/pt\/wp-json\/wp\/v2\/tags?post=3338"}],"curies":[{"name":"wp","href":"https:\/\/api.w.org\/{rel}","templated":true}]}}