{"id":3341,"date":"2021-03-27T19:44:57","date_gmt":"2021-03-27T16:44:57","guid":{"rendered":"https:\/\/hotnewsinworld.com\/pt\/excelencia-escolar-volta-a-ser-distinguida\/"},"modified":"2021-03-27T19:45:00","modified_gmt":"2021-03-27T16:45:00","slug":"excelencia-escolar-volta-a-ser-distinguida","status":"publish","type":"post","link":"https:\/\/hotnewsinworld.com\/pt\/excelencia-escolar-volta-a-ser-distinguida\/","title":{"rendered":"Excel\u00eancia escolar volta a ser distinguida"},"content":{"rendered":"<p>Produzido por:Produzido por:JN, Staples e Opticalia promovem nona edi\u00e7\u00e3o da iniciativa solid\u00e1ria &#8220;Regresso \u00e0s Aulas&#8221; destinada a 15 alunos com car\u00eancia econ\u00f3mica. Inscri\u00e7\u00f5es terminam a 7 de agosto.A iniciativa &#8220;Regresso \u00e0s Aulas&#8221; j\u00e1 proporcionou a mais de uma centena de crian\u00e7as melhores condi\u00e7\u00f5es para continuarem a ter um excelente desempenho escolar. Em 2021, o Jornal de Not\u00edcias, a Staples e a Opticalia voltam a fazer a diferen\u00e7a ao promoverem a nona edi\u00e7\u00e3o desta a\u00e7\u00e3o, que visa evidenciar e premiar 15 alunos de excel\u00eancia, com idades dos 6 aos 12 anos, que estejam inseridos em fam\u00edlias em situa\u00e7\u00e3o de insufici\u00eancia econ\u00f3mica.O projeto solid\u00e1rio destina-se a alunos que tenham frequentado o 1.\u00ba e 2.\u00ba Ciclos (1.\u00ba ao 6.\u00ba Anos) no ano letivo de 2020\/21, que ir\u00e3o receber um vale de compras de 500 euros da Staples e um vale de consulta e \u00f3culos graduados para o premiado no valor total de 200 euros da Opticalia.Para al\u00e9m da Opticalia proporcionar uma corre\u00e7\u00e3o visual aos estudantes premiados, essencial para poderem desenvolver todas as capacidades educativas sem limita\u00e7\u00f5es, a Staples d\u00e1-lhes a oportunidade de come\u00e7arem o novo ano letivo com todo o material escolar necess\u00e1rio para continuarem a ter uma avalia\u00e7\u00e3o de excel\u00eancia ao longo do percurso acad\u00e9mico. Nas lojas os alunos t\u00eam \u00e0 disposi\u00e7\u00e3o computadores e tablet&#8221;s, que se revelaram t\u00e3o essenciais durante a pandemia, bem como dicion\u00e1rios, cadernos, livros de fichas, l\u00e1pis, canetas, borrachas, estojos e mochilas novas, secret\u00e1rias e cadeiras, entre outros.As candidaturas a esta iniciativa t\u00eam de ser feitas at\u00e9 ao dia 7 de agosto, devendo o processo incluir uma carta a explicar as raz\u00f5es pelas quais o aluno concorre, o atestado de insufici\u00eancia econ\u00f3mica, o comprovativo do rendimento escolar do aluno ou declara\u00e7\u00e3o de IRS, os dados do encarregado de educa\u00e7\u00e3o (nome, idade, morada completa e contacto telef\u00f3nico) e fotoc\u00f3pias dos cart\u00f5es de cidad\u00e3o.A documenta\u00e7\u00e3o completa deve ser enviada para a morada Edif\u00edcio Jornal de Not\u00edcias, Dire\u00e7\u00e3o de Marketing, Rua Gon\u00e7alo Crist\u00f3v\u00e3o, 195, 4049-011 Porto; ou para o endere\u00e7o de e-mail &#8220;marketing@globalmediagroup.pt&#8221;. Os 15 premiados ser\u00e3o divulgados na edi\u00e7\u00e3o do JN de 15 de agosto.Passo a Passo do concursoPr\u00e9mio: O Jornal de Not\u00edcias vai atribuir 15 vales de 500\u20ac oferecidos pela Staples e 15 vales de consulta e \u00f3culos graduados de 200 \u20ac oferecidos pela Opticalia.Destinat\u00e1rios: Todos os encarregados de educa\u00e7\u00e3o de crian\u00e7as dos 6 aos 11 anos, que frequentaram o 1.\u00ba e 2.\u00ba ciclos no ano letivo de 2020\/21, em situa\u00e7\u00e3o de insufici\u00eancia econ\u00f3mica e residentes em Portugal Continental. A participa\u00e7\u00e3o na iniciativa n\u00e3o dispensa a leitura do regulamento em www.jn.pt.Prazo da candidatura: At\u00e9 ao dia 7 de agosto o encarregado de educa\u00e7\u00e3o deve enviar a candidatura para a morada Edif\u00edcio Jornal de Not\u00edcias, Dire\u00e7\u00e3o de Marketing, Rua de Gon\u00e7alo Crist\u00f3v\u00e3o, 195, 4049-011 Porto ou para o email marketing@globalmediagroup.pt. Quaisquer d\u00favidas relativas ao passatempo ou \u00e0s regras podem ser esclarecidas atrav\u00e9s do email marketing@globalmediagroup.pt.Documentos necess\u00e1rios: A candidatura deve ser acompanhada, obrigatoriamente, de uma carta a explicar os motivos pelos quais participa na iniciativa e merece ser premiado; o atestado de insufici\u00eancia econ\u00f3mica emitido pela Junta de Freguesia \u00e0 qual pertence ou declara\u00e7\u00e3o de IRS; comprovativo do rendimento escolar das crian\u00e7as; dados completos do encarregado de educa\u00e7\u00e3o (nome, idade, morada completa e contacto telef\u00f3nico); fotoc\u00f3pias dos cart\u00f5es de cidad\u00e3o do encarregado de educa\u00e7\u00e3o e da crian\u00e7a.Anula\u00e7\u00e3o das candidaturas: Se no processo de inscri\u00e7\u00e3o na nona edi\u00e7\u00e3o da iniciativa &#8220;Regresso \u00e0s Aulas&#8221; faltar qualquer um dos documentos referidos na al\u00ednea anterior, esta ser\u00e1 automaticamente invalidada pelo j\u00fari que proceder\u00e1 \u00e0 avalia\u00e7\u00e3o das candidaturas.Quem escolhe: Um j\u00fari composto por elementos da Staples, Opticalia e Jornal de Not\u00edcias selecionar\u00e1 os 15 alunos vencedores, analisando as candidaturas mediante v\u00e1rios crit\u00e9rios, tais como a avalia\u00e7\u00e3o obtida e o contexto familiar e social em que est\u00e3o inseridos.An\u00fancio dos premiados: A sele\u00e7\u00e3o ser\u00e1 feita a entre os dias 11 e 13 de agosto. Os 15 premiados ser\u00e3o divulgados a 15 de agosto. A entrega dos pr\u00e9mios ser\u00e1 feita a 27 de agosto, no Edif\u00edcio JN, no Porto.Reportagem: A partir de 6 de setembro, o JN publicar\u00e1 reportagens com os premiados.Acompanhamento escolar: Trimestralmente, durante o ano letivo 2021\/22, ser\u00e1 feito o acompanhamento acad\u00e9mico dos 15 vencedores.<br \/>\n<br \/>\n<!--noindex--><br \/>\n<a href=\"http:\/\/feeds.jn.pt\/~r\/JN-ECONOMIA\/~3\/raVMwIbA5TE\/excelencia-escolar-volta-a-ser-distinguida-13501694.html\" rel=\"nofollow\">Source link <\/a><br \/>\n<!--\/noindex--><\/p>\n","protected":false},"excerpt":{"rendered":"<p>Produzido por:Produzido por:JN, Staples e Opticalia promovem nona edi\u00e7\u00e3o da iniciativa solid\u00e1ria &#8220;Regresso \u00e0s Aulas&#8221; destinada a 15 alunos com car\u00eancia econ\u00f3mica. Inscri\u00e7\u00f5es terminam a 7 de agosto.A iniciativa &#8220;Regresso \u00e0s Aulas&#8221; j\u00e1 proporcionou a mais de uma centena de crian\u00e7as melhores condi\u00e7\u00f5es para continuarem a ter um excelente desempenho escolar. Em 2021, o Jornal [&hellip;]<\/p>\n","protected":false},"author":2,"featured_media":3342,"comment_status":"open","ping_status":"open","sticky":false,"template":"","format":"standard","meta":{"footnotes":""},"categories":[1],"tags":[],"class_list":["post-3341","post","type-post","status-publish","format-standard","has-post-thumbnail","hentry","category-ultimas-noticias-financeiras"],"yoast_head":"<!-- This site is optimized with the Yoast SEO plugin v27.4 - https:\/\/yoast.com\/product\/yoast-seo-wordpress\/ -->\n<title>Excel\u00eancia escolar volta a ser distinguida - Hot News in World<\/title>\n<meta name=\"robots\" content=\"index, follow, max-snippet:-1, max-image-preview:large, max-video-preview:-1\" \/>\n<link rel=\"canonical\" href=\"https:\/\/hotnewsinworld.com\/pt\/excelencia-escolar-volta-a-ser-distinguida\/\" \/>\n<meta property=\"og:locale\" content=\"pt_PT\" \/>\n<meta property=\"og:type\" content=\"article\" \/>\n<meta property=\"og:title\" content=\"Excel\u00eancia escolar volta a ser distinguida - Hot News in World\" \/>\n<meta property=\"og:description\" content=\"Produzido por:Produzido por:JN, Staples e Opticalia promovem nona edi\u00e7\u00e3o da iniciativa solid\u00e1ria &#8220;Regresso \u00e0s Aulas&#8221; destinada a 15 alunos com car\u00eancia econ\u00f3mica. Inscri\u00e7\u00f5es terminam a 7 de agosto.A iniciativa &#8220;Regresso \u00e0s Aulas&#8221; j\u00e1 proporcionou a mais de uma centena de crian\u00e7as melhores condi\u00e7\u00f5es para continuarem a ter um excelente desempenho escolar. Em 2021, o Jornal [&hellip;]\" \/>\n<meta property=\"og:url\" content=\"https:\/\/hotnewsinworld.com\/pt\/excelencia-escolar-volta-a-ser-distinguida\/\" \/>\n<meta property=\"og:site_name\" content=\"Hot News in World\" \/>\n<meta property=\"article:published_time\" content=\"2021-03-27T16:44:57+00:00\" \/>\n<meta property=\"article:modified_time\" content=\"2021-03-27T16:45:00+00:00\" \/>\n<meta property=\"og:image\" content=\"https:\/\/hotnewsinworld.com\/pt\/wp-content\/uploads\/sites\/2\/2021\/03\/Excelencia-escolar-volta-a-ser-distinguida.jpg\" \/>\n\t<meta property=\"og:image:width\" content=\"799\" \/>\n\t<meta property=\"og:image:height\" content=\"420\" \/>\n\t<meta property=\"og:image:type\" content=\"image\/jpeg\" \/>\n<meta name=\"author\" content=\"hotnewsinworld\" \/>\n<meta name=\"twitter:card\" content=\"summary_large_image\" \/>\n<meta name=\"twitter:label1\" content=\"Escrito por\" \/>\n\t<meta name=\"twitter:data1\" content=\"hotnewsinworld\" \/>\n\t<meta name=\"twitter:label2\" content=\"Tempo estimado de leitura\" \/>\n\t<meta name=\"twitter:data2\" content=\"4 minutos\" \/>\n<script type=\"application\/ld+json\" class=\"yoast-schema-graph\">{\"@context\":\"https:\\\/\\\/schema.org\",\"@graph\":[{\"@type\":\"Article\",\"@id\":\"https:\\\/\\\/hotnewsinworld.com\\\/pt\\\/excelencia-escolar-volta-a-ser-distinguida\\\/#article\",\"isPartOf\":{\"@id\":\"https:\\\/\\\/hotnewsinworld.com\\\/pt\\\/excelencia-escolar-volta-a-ser-distinguida\\\/\"},\"author\":{\"name\":\"hotnewsinworld\",\"@id\":\"https:\\\/\\\/hotnewsinworld.com\\\/pt\\\/#\\\/schema\\\/person\\\/fe61448b21c0d59086e75fcc1f9d8f6b\"},\"headline\":\"Excel\u00eancia escolar volta a ser distinguida\",\"datePublished\":\"2021-03-27T16:44:57+00:00\",\"dateModified\":\"2021-03-27T16:45:00+00:00\",\"mainEntityOfPage\":{\"@id\":\"https:\\\/\\\/hotnewsinworld.com\\\/pt\\\/excelencia-escolar-volta-a-ser-distinguida\\\/\"},\"wordCount\":783,\"commentCount\":0,\"image\":{\"@id\":\"https:\\\/\\\/hotnewsinworld.com\\\/pt\\\/excelencia-escolar-volta-a-ser-distinguida\\\/#primaryimage\"},\"thumbnailUrl\":\"https:\\\/\\\/hotnewsinworld.com\\\/pt\\\/wp-content\\\/uploads\\\/sites\\\/2\\\/2021\\\/03\\\/Excelencia-escolar-volta-a-ser-distinguida.jpg\",\"articleSection\":[\"\u00daLTIMAS NOT\u00cdCIAS FINANCEIRAS\"],\"inLanguage\":\"pt-PT\",\"potentialAction\":[{\"@type\":\"CommentAction\",\"name\":\"Comment\",\"target\":[\"https:\\\/\\\/hotnewsinworld.com\\\/pt\\\/excelencia-escolar-volta-a-ser-distinguida\\\/#respond\"]}]},{\"@type\":\"WebPage\",\"@id\":\"https:\\\/\\\/hotnewsinworld.com\\\/pt\\\/excelencia-escolar-volta-a-ser-distinguida\\\/\",\"url\":\"https:\\\/\\\/hotnewsinworld.com\\\/pt\\\/excelencia-escolar-volta-a-ser-distinguida\\\/\",\"name\":\"Excel\u00eancia escolar volta a ser distinguida - Hot News in World\",\"isPartOf\":{\"@id\":\"https:\\\/\\\/hotnewsinworld.com\\\/pt\\\/#website\"},\"primaryImageOfPage\":{\"@id\":\"https:\\\/\\\/hotnewsinworld.com\\\/pt\\\/excelencia-escolar-volta-a-ser-distinguida\\\/#primaryimage\"},\"image\":{\"@id\":\"https:\\\/\\\/hotnewsinworld.com\\\/pt\\\/excelencia-escolar-volta-a-ser-distinguida\\\/#primaryimage\"},\"thumbnailUrl\":\"https:\\\/\\\/hotnewsinworld.com\\\/pt\\\/wp-content\\\/uploads\\\/sites\\\/2\\\/2021\\\/03\\\/Excelencia-escolar-volta-a-ser-distinguida.jpg\",\"datePublished\":\"2021-03-27T16:44:57+00:00\",\"dateModified\":\"2021-03-27T16:45:00+00:00\",\"author\":{\"@id\":\"https:\\\/\\\/hotnewsinworld.com\\\/pt\\\/#\\\/schema\\\/person\\\/fe61448b21c0d59086e75fcc1f9d8f6b\"},\"breadcrumb\":{\"@id\":\"https:\\\/\\\/hotnewsinworld.com\\\/pt\\\/excelencia-escolar-volta-a-ser-distinguida\\\/#breadcrumb\"},\"inLanguage\":\"pt-PT\",\"potentialAction\":[{\"@type\":\"ReadAction\",\"target\":[\"https:\\\/\\\/hotnewsinworld.com\\\/pt\\\/excelencia-escolar-volta-a-ser-distinguida\\\/\"]}]},{\"@type\":\"ImageObject\",\"inLanguage\":\"pt-PT\",\"@id\":\"https:\\\/\\\/hotnewsinworld.com\\\/pt\\\/excelencia-escolar-volta-a-ser-distinguida\\\/#primaryimage\",\"url\":\"https:\\\/\\\/hotnewsinworld.com\\\/pt\\\/wp-content\\\/uploads\\\/sites\\\/2\\\/2021\\\/03\\\/Excelencia-escolar-volta-a-ser-distinguida.jpg\",\"contentUrl\":\"https:\\\/\\\/hotnewsinworld.com\\\/pt\\\/wp-content\\\/uploads\\\/sites\\\/2\\\/2021\\\/03\\\/Excelencia-escolar-volta-a-ser-distinguida.jpg\",\"width\":799,\"height\":420,\"caption\":\"Excel\u00eancia escolar volta a ser distinguida\"},{\"@type\":\"BreadcrumbList\",\"@id\":\"https:\\\/\\\/hotnewsinworld.com\\\/pt\\\/excelencia-escolar-volta-a-ser-distinguida\\\/#breadcrumb\",\"itemListElement\":[{\"@type\":\"ListItem\",\"position\":1,\"name\":\"\u0413\u043b\u0430\u0432\u043d\u0430\u044f \u0441\u0442\u0440\u0430\u043d\u0438\u0446\u0430\",\"item\":\"https:\\\/\\\/hotnewsinworld.com\\\/pt\\\/\"},{\"@type\":\"ListItem\",\"position\":2,\"name\":\"Excel\u00eancia escolar volta a ser distinguida\"}]},{\"@type\":\"WebSite\",\"@id\":\"https:\\\/\\\/hotnewsinworld.com\\\/pt\\\/#website\",\"url\":\"https:\\\/\\\/hotnewsinworld.com\\\/pt\\\/\",\"name\":\"Hot News in World\",\"description\":\"Hot News in World Portugal\",\"potentialAction\":[{\"@type\":\"SearchAction\",\"target\":{\"@type\":\"EntryPoint\",\"urlTemplate\":\"https:\\\/\\\/hotnewsinworld.com\\\/pt\\\/?s={search_term_string}\"},\"query-input\":{\"@type\":\"PropertyValueSpecification\",\"valueRequired\":true,\"valueName\":\"search_term_string\"}}],\"inLanguage\":\"pt-PT\"},{\"@type\":\"Person\",\"@id\":\"https:\\\/\\\/hotnewsinworld.com\\\/pt\\\/#\\\/schema\\\/person\\\/fe61448b21c0d59086e75fcc1f9d8f6b\",\"name\":\"hotnewsinworld\",\"image\":{\"@type\":\"ImageObject\",\"inLanguage\":\"pt-PT\",\"@id\":\"https:\\\/\\\/secure.gravatar.com\\\/avatar\\\/8a09ac165600ce2e1c38fe593c63928eb1e6e7ba5c5a907d67787c41b3d00c14?s=96&d=mm&r=g\",\"url\":\"https:\\\/\\\/secure.gravatar.com\\\/avatar\\\/8a09ac165600ce2e1c38fe593c63928eb1e6e7ba5c5a907d67787c41b3d00c14?s=96&d=mm&r=g\",\"contentUrl\":\"https:\\\/\\\/secure.gravatar.com\\\/avatar\\\/8a09ac165600ce2e1c38fe593c63928eb1e6e7ba5c5a907d67787c41b3d00c14?s=96&d=mm&r=g\",\"caption\":\"hotnewsinworld\"},\"url\":\"https:\\\/\\\/hotnewsinworld.com\\\/pt\\\/author\\\/pt\\\/\"}]}<\/script>\n<!-- \/ Yoast SEO plugin. -->","yoast_head_json":{"title":"Excel\u00eancia escolar volta a ser distinguida - Hot News in World","robots":{"index":"index","follow":"follow","max-snippet":"max-snippet:-1","max-image-preview":"max-image-preview:large","max-video-preview":"max-video-preview:-1"},"canonical":"https:\/\/hotnewsinworld.com\/pt\/excelencia-escolar-volta-a-ser-distinguida\/","og_locale":"pt_PT","og_type":"article","og_title":"Excel\u00eancia escolar volta a ser distinguida - Hot News in World","og_description":"Produzido por:Produzido por:JN, Staples e Opticalia promovem nona edi\u00e7\u00e3o da iniciativa solid\u00e1ria &#8220;Regresso \u00e0s Aulas&#8221; destinada a 15 alunos com car\u00eancia econ\u00f3mica. Inscri\u00e7\u00f5es terminam a 7 de agosto.A iniciativa &#8220;Regresso \u00e0s Aulas&#8221; j\u00e1 proporcionou a mais de uma centena de crian\u00e7as melhores condi\u00e7\u00f5es para continuarem a ter um excelente desempenho escolar. Em 2021, o Jornal [&hellip;]","og_url":"https:\/\/hotnewsinworld.com\/pt\/excelencia-escolar-volta-a-ser-distinguida\/","og_site_name":"Hot News in World","article_published_time":"2021-03-27T16:44:57+00:00","article_modified_time":"2021-03-27T16:45:00+00:00","og_image":[{"width":799,"height":420,"url":"https:\/\/hotnewsinworld.com\/pt\/wp-content\/uploads\/sites\/2\/2021\/03\/Excelencia-escolar-volta-a-ser-distinguida.jpg","type":"image\/jpeg"}],"author":"hotnewsinworld","twitter_card":"summary_large_image","twitter_misc":{"Escrito por":"hotnewsinworld","Tempo estimado de leitura":"4 minutos"},"schema":{"@context":"https:\/\/schema.org","@graph":[{"@type":"Article","@id":"https:\/\/hotnewsinworld.com\/pt\/excelencia-escolar-volta-a-ser-distinguida\/#article","isPartOf":{"@id":"https:\/\/hotnewsinworld.com\/pt\/excelencia-escolar-volta-a-ser-distinguida\/"},"author":{"name":"hotnewsinworld","@id":"https:\/\/hotnewsinworld.com\/pt\/#\/schema\/person\/fe61448b21c0d59086e75fcc1f9d8f6b"},"headline":"Excel\u00eancia escolar volta a ser distinguida","datePublished":"2021-03-27T16:44:57+00:00","dateModified":"2021-03-27T16:45:00+00:00","mainEntityOfPage":{"@id":"https:\/\/hotnewsinworld.com\/pt\/excelencia-escolar-volta-a-ser-distinguida\/"},"wordCount":783,"commentCount":0,"image":{"@id":"https:\/\/hotnewsinworld.com\/pt\/excelencia-escolar-volta-a-ser-distinguida\/#primaryimage"},"thumbnailUrl":"https:\/\/hotnewsinworld.com\/pt\/wp-content\/uploads\/sites\/2\/2021\/03\/Excelencia-escolar-volta-a-ser-distinguida.jpg","articleSection":["\u00daLTIMAS NOT\u00cdCIAS FINANCEIRAS"],"inLanguage":"pt-PT","potentialAction":[{"@type":"CommentAction","name":"Comment","target":["https:\/\/hotnewsinworld.com\/pt\/excelencia-escolar-volta-a-ser-distinguida\/#respond"]}]},{"@type":"WebPage","@id":"https:\/\/hotnewsinworld.com\/pt\/excelencia-escolar-volta-a-ser-distinguida\/","url":"https:\/\/hotnewsinworld.com\/pt\/excelencia-escolar-volta-a-ser-distinguida\/","name":"Excel\u00eancia escolar volta a ser distinguida - Hot News in World","isPartOf":{"@id":"https:\/\/hotnewsinworld.com\/pt\/#website"},"primaryImageOfPage":{"@id":"https:\/\/hotnewsinworld.com\/pt\/excelencia-escolar-volta-a-ser-distinguida\/#primaryimage"},"image":{"@id":"https:\/\/hotnewsinworld.com\/pt\/excelencia-escolar-volta-a-ser-distinguida\/#primaryimage"},"thumbnailUrl":"https:\/\/hotnewsinworld.com\/pt\/wp-content\/uploads\/sites\/2\/2021\/03\/Excelencia-escolar-volta-a-ser-distinguida.jpg","datePublished":"2021-03-27T16:44:57+00:00","dateModified":"2021-03-27T16:45:00+00:00","author":{"@id":"https:\/\/hotnewsinworld.com\/pt\/#\/schema\/person\/fe61448b21c0d59086e75fcc1f9d8f6b"},"breadcrumb":{"@id":"https:\/\/hotnewsinworld.com\/pt\/excelencia-escolar-volta-a-ser-distinguida\/#breadcrumb"},"inLanguage":"pt-PT","potentialAction":[{"@type":"ReadAction","target":["https:\/\/hotnewsinworld.com\/pt\/excelencia-escolar-volta-a-ser-distinguida\/"]}]},{"@type":"ImageObject","inLanguage":"pt-PT","@id":"https:\/\/hotnewsinworld.com\/pt\/excelencia-escolar-volta-a-ser-distinguida\/#primaryimage","url":"https:\/\/hotnewsinworld.com\/pt\/wp-content\/uploads\/sites\/2\/2021\/03\/Excelencia-escolar-volta-a-ser-distinguida.jpg","contentUrl":"https:\/\/hotnewsinworld.com\/pt\/wp-content\/uploads\/sites\/2\/2021\/03\/Excelencia-escolar-volta-a-ser-distinguida.jpg","width":799,"height":420,"caption":"Excel\u00eancia escolar volta a ser distinguida"},{"@type":"BreadcrumbList","@id":"https:\/\/hotnewsinworld.com\/pt\/excelencia-escolar-volta-a-ser-distinguida\/#breadcrumb","itemListElement":[{"@type":"ListItem","position":1,"name":"\u0413\u043b\u0430\u0432\u043d\u0430\u044f \u0441\u0442\u0440\u0430\u043d\u0438\u0446\u0430","item":"https:\/\/hotnewsinworld.com\/pt\/"},{"@type":"ListItem","position":2,"name":"Excel\u00eancia escolar volta a ser distinguida"}]},{"@type":"WebSite","@id":"https:\/\/hotnewsinworld.com\/pt\/#website","url":"https:\/\/hotnewsinworld.com\/pt\/","name":"Hot News in World","description":"Hot News in World Portugal","potentialAction":[{"@type":"SearchAction","target":{"@type":"EntryPoint","urlTemplate":"https:\/\/hotnewsinworld.com\/pt\/?s={search_term_string}"},"query-input":{"@type":"PropertyValueSpecification","valueRequired":true,"valueName":"search_term_string"}}],"inLanguage":"pt-PT"},{"@type":"Person","@id":"https:\/\/hotnewsinworld.com\/pt\/#\/schema\/person\/fe61448b21c0d59086e75fcc1f9d8f6b","name":"hotnewsinworld","image":{"@type":"ImageObject","inLanguage":"pt-PT","@id":"https:\/\/secure.gravatar.com\/avatar\/8a09ac165600ce2e1c38fe593c63928eb1e6e7ba5c5a907d67787c41b3d00c14?s=96&d=mm&r=g","url":"https:\/\/secure.gravatar.com\/avatar\/8a09ac165600ce2e1c38fe593c63928eb1e6e7ba5c5a907d67787c41b3d00c14?s=96&d=mm&r=g","contentUrl":"https:\/\/secure.gravatar.com\/avatar\/8a09ac165600ce2e1c38fe593c63928eb1e6e7ba5c5a907d67787c41b3d00c14?s=96&d=mm&r=g","caption":"hotnewsinworld"},"url":"https:\/\/hotnewsinworld.com\/pt\/author\/pt\/"}]}},"_links":{"self":[{"href":"https:\/\/hotnewsinworld.com\/pt\/wp-json\/wp\/v2\/posts\/3341","targetHints":{"allow":["GET"]}}],"collection":[{"href":"https:\/\/hotnewsinworld.com\/pt\/wp-json\/wp\/v2\/posts"}],"about":[{"href":"https:\/\/hotnewsinworld.com\/pt\/wp-json\/wp\/v2\/types\/post"}],"author":[{"embeddable":true,"href":"https:\/\/hotnewsinworld.com\/pt\/wp-json\/wp\/v2\/users\/2"}],"replies":[{"embeddable":true,"href":"https:\/\/hotnewsinworld.com\/pt\/wp-json\/wp\/v2\/comments?post=3341"}],"version-history":[{"count":1,"href":"https:\/\/hotnewsinworld.com\/pt\/wp-json\/wp\/v2\/posts\/3341\/revisions"}],"predecessor-version":[{"id":3343,"href":"https:\/\/hotnewsinworld.com\/pt\/wp-json\/wp\/v2\/posts\/3341\/revisions\/3343"}],"wp:featuredmedia":[{"embeddable":true,"href":"https:\/\/hotnewsinworld.com\/pt\/wp-json\/wp\/v2\/media\/3342"}],"wp:attachment":[{"href":"https:\/\/hotnewsinworld.com\/pt\/wp-json\/wp\/v2\/media?parent=3341"}],"wp:term":[{"taxonomy":"category","embeddable":true,"href":"https:\/\/hotnewsinworld.com\/pt\/wp-json\/wp\/v2\/categories?post=3341"},{"taxonomy":"post_tag","embeddable":true,"href":"https:\/\/hotnewsinworld.com\/pt\/wp-json\/wp\/v2\/tags?post=3341"}],"curies":[{"name":"wp","href":"https:\/\/api.w.org\/{rel}","templated":true}]}}